{"id":63735,"date":"2025-05-16T11:00:10","date_gmt":"2025-05-16T09:00:10","guid":{"rendered":"https:\/\/canfali.com\/benissa-talara-pins-afectats-per-la-plaga-del-tomicus\/"},"modified":"2025-05-22T17:23:16","modified_gmt":"2025-05-22T15:23:16","slug":"benissa-talara-pins-afectats-per-la-plaga-del-tomicus","status":"publish","type":"post","link":"https:\/\/canfali.com\/ca-es\/benissa-talara-pins-afectats-per-la-plaga-del-tomicus\/","title":{"rendered":"Benissa talar\u00e0 pins afectats per la plaga del Tomicus"},"content":{"rendered":"\n<p>El Servei Municipal de Manteniment de Parcs i Jardins de Benissa Impuls ha posat en marxa el Pla Local de Tala i Eliminaci\u00f3 de Necromasa de Pins en zones verdes de titularitat municipal situades en la franja litoral. Aquesta actuaci\u00f3 t\u00e9 com a objectiu controlar la plaga de Tomicus, un insecte forestal que est\u00e0 provocant una elevada mortalitat entre els pins.<\/p>\n\n<p>\tEl pla contempla exclusivament la tala d&#8217;arbres secs o greument afectats situats en terrenys municipals. La intervenci\u00f3, basada en criteris ambientals, respon a la necessitat urgent de frenar la propagaci\u00f3 de la plaga abans del per\u00edode reproductiu estival, reduir el risc d&#8217;incendis forestals i eliminar perills per a la ciutadania derivats de la caiguda d&#8217;arbres morts en zones p\u00fabliques. A m\u00e9s, la biomassa obtinguda ser\u00e0 aprofitada com a combustible per a la piscina climatitzada municipal, promovent aix\u00ed una gesti\u00f3 m\u00e9s sostenible dels recursos naturals.<\/p>\n\n<p>\tEls treballs es duran a terme entre el dilluns 19 de maig i el divendres 4 de juliol, Centrant-se en la franja del passeig litoral compresa entre la cala La Llobella i la cala Advocat. L&#8217;actuaci\u00f3 es realitzar\u00e0 de manera selectiva i respectuosa amb l&#8217;entorn natural, seguint criteris ambientals de conservaci\u00f3 i sostenibilitat. Es preservar\u00e0, en la mesura que sigui possible, el sotabosc mediterrani i les esp\u00e8cies vegetals aut\u00f2ctones d&#8217;alt valor ecol\u00f2gic i paisatg\u00edstic. De la mateixa manera, tamb\u00e9 es realitzar\u00e0 el pertinent seguiment per a controlar la possible proliferaci\u00f3 d&#8217;esp\u00e8cies al\u00b7l\u00f2ctones i invasores.<\/p>\n","protected":false},"excerpt":{"rendered":"El Servici Municipal de Parcs i Jardins de Benissa Impuls va iniciar pla per a *elimiminar *necromasa de pins en zones municipals del litoral i controlar la plaga de Tomicus.","protected":false},"author":5,"featured_media":63733,"comment_status":"closed","ping_status":"closed","sticky":false,"template":"","format":"standard","meta":{"csco_display_header_overlay":false,"csco_singular_sidebar":"","csco_page_header_type":"","csco_page_load_nextpost":"","csco_post_video_location":[],"csco_post_video_location_hash":"","csco_post_video_url":"","csco_post_video_bg_start_time":0,"csco_post_video_bg_end_time":0,"footnotes":""},"categories":[614],"tags":[2170,2172,2171],"class_list":{"0":"post-63735","1":"post","2":"type-post","3":"status-publish","4":"format-standard","5":"has-post-thumbnail","7":"category-municipal-ca-es","8":"tag-pins","9":"tag-plaga-ca-es","10":"tag-tala-ca-es","11":"cs-entry","12":"cs-video-wrap"},"yoast_head":"<!-- This site is optimized with the Yoast SEO Premium plugin v26.6 (Yoast SEO v27.3) - https:\/\/yoast.com\/product\/yoast-seo-premium-wordpress\/ -->\n<title>Benissa talar\u00e0 pins afectats per la plaga del Tomicus - Canfali<\/title>\n<meta name=\"robots\" content=\"index, follow, max-snippet:-1, max-image-preview:large, max-video-preview:-1\" \/>\n<link rel=\"canonical\" href=\"https:\/\/canfali.com\/ca-es\/benissa-talara-pins-afectats-per-la-plaga-del-tomicus\/\" \/>\n<meta property=\"og:locale\" content=\"en_US\" \/>\n<meta property=\"og:type\" content=\"article\" \/>\n<meta property=\"og:title\" content=\"Benissa talar\u00e0 pins afectats per la plaga del Tomicus\" \/>\n<meta property=\"og:description\" content=\"El Servici Municipal de Parcs i Jardins de Benissa Impuls va iniciar pla per a *elimiminar *necromasa de pins en zones municipals del litoral i controlar la plaga de Tomicus.\" \/>\n<meta property=\"og:url\" content=\"https:\/\/canfali.com\/ca-es\/benissa-talara-pins-afectats-per-la-plaga-del-tomicus\/\" \/>\n<meta property=\"og:site_name\" content=\"Canfali\" \/>\n<meta property=\"article:publisher\" content=\"https:\/\/es-es.facebook.com\/CANFALIMarinaAlta\" \/>\n<meta property=\"article:published_time\" content=\"2025-05-16T09:00:10+00:00\" \/>\n<meta property=\"article:modified_time\" content=\"2025-05-22T15:23:16+00:00\" \/>\n<meta property=\"og:image\" content=\"https:\/\/canfali.com\/app\/uploads\/2025\/05\/pins-benissa-e1747927372978.jpg\" \/>\n\t<meta property=\"og:image:width\" content=\"1200\" \/>\n\t<meta property=\"og:image:height\" content=\"900\" \/>\n\t<meta property=\"og:image:type\" content=\"image\/jpeg\" \/>\n<meta name=\"author\" content=\"D\u00eddac\" \/>\n<meta name=\"twitter:card\" content=\"summary_large_image\" \/>\n<meta name=\"twitter:creator\" content=\"@canfalima\" \/>\n<meta name=\"twitter:site\" content=\"@canfalima\" \/>\n<meta name=\"twitter:label1\" content=\"Written by\" \/>\n\t<meta name=\"twitter:data1\" content=\"D\u00eddac\" \/>\n\t<meta name=\"twitter:label2\" content=\"Est. reading time\" \/>\n\t<meta name=\"twitter:data2\" content=\"1 minute\" \/>\n<script type=\"application\/ld+json\" class=\"yoast-schema-graph\">{\"@context\":\"https:\\\/\\\/schema.org\",\"@graph\":[{\"@type\":\"NewsArticle\",\"@id\":\"https:\\\/\\\/canfali.com\\\/ca-es\\\/benissa-talara-pins-afectats-per-la-plaga-del-tomicus\\\/#article\",\"isPartOf\":{\"@id\":\"https:\\\/\\\/canfali.com\\\/ca-es\\\/benissa-talara-pins-afectats-per-la-plaga-del-tomicus\\\/\"},\"author\":{\"name\":\"D\u00eddac\",\"@id\":\"https:\\\/\\\/canfali.com\\\/ca-es\\\/#\\\/schema\\\/person\\\/5211f51be1ed486a218e6a4f53355b6d\"},\"headline\":\"Benissa talar\u00e0 pins afectats per la plaga del Tomicus\",\"datePublished\":\"2025-05-16T09:00:10+00:00\",\"dateModified\":\"2025-05-22T15:23:16+00:00\",\"mainEntityOfPage\":{\"@id\":\"https:\\\/\\\/canfali.com\\\/ca-es\\\/benissa-talara-pins-afectats-per-la-plaga-del-tomicus\\\/\"},\"wordCount\":264,\"publisher\":{\"@id\":\"https:\\\/\\\/canfali.com\\\/ca-es\\\/#organization\"},\"image\":{\"@id\":\"https:\\\/\\\/canfali.com\\\/ca-es\\\/benissa-talara-pins-afectats-per-la-plaga-del-tomicus\\\/#primaryimage\"},\"thumbnailUrl\":\"https:\\\/\\\/canfali.com\\\/app\\\/uploads\\\/2025\\\/05\\\/pins-benissa-e1747927372978.jpg\",\"keywords\":[\"pins\",\"plaga\",\"tala\"],\"articleSection\":[\"Municipal\"],\"inLanguage\":\"va-ES\",\"copyrightYear\":\"2025\",\"copyrightHolder\":{\"@id\":\"https:\\\/\\\/canfali.com\\\/#organization\"}},{\"@type\":\"WebPage\",\"@id\":\"https:\\\/\\\/canfali.com\\\/ca-es\\\/benissa-talara-pins-afectats-per-la-plaga-del-tomicus\\\/\",\"url\":\"https:\\\/\\\/canfali.com\\\/ca-es\\\/benissa-talara-pins-afectats-per-la-plaga-del-tomicus\\\/\",\"name\":\"Benissa talar\u00e0 pins afectats per la plaga del Tomicus - Canfali\",\"isPartOf\":{\"@id\":\"https:\\\/\\\/canfali.com\\\/ca-es\\\/#website\"},\"primaryImageOfPage\":{\"@id\":\"https:\\\/\\\/canfali.com\\\/ca-es\\\/benissa-talara-pins-afectats-per-la-plaga-del-tomicus\\\/#primaryimage\"},\"image\":{\"@id\":\"https:\\\/\\\/canfali.com\\\/ca-es\\\/benissa-talara-pins-afectats-per-la-plaga-del-tomicus\\\/#primaryimage\"},\"thumbnailUrl\":\"https:\\\/\\\/canfali.com\\\/app\\\/uploads\\\/2025\\\/05\\\/pins-benissa-e1747927372978.jpg\",\"datePublished\":\"2025-05-16T09:00:10+00:00\",\"dateModified\":\"2025-05-22T15:23:16+00:00\",\"breadcrumb\":{\"@id\":\"https:\\\/\\\/canfali.com\\\/ca-es\\\/benissa-talara-pins-afectats-per-la-plaga-del-tomicus\\\/#breadcrumb\"},\"inLanguage\":\"va-ES\",\"potentialAction\":[{\"@type\":\"ReadAction\",\"target\":[\"https:\\\/\\\/canfali.com\\\/ca-es\\\/benissa-talara-pins-afectats-per-la-plaga-del-tomicus\\\/\"]}]},{\"@type\":\"ImageObject\",\"inLanguage\":\"va-ES\",\"@id\":\"https:\\\/\\\/canfali.com\\\/ca-es\\\/benissa-talara-pins-afectats-per-la-plaga-del-tomicus\\\/#primaryimage\",\"url\":\"https:\\\/\\\/canfali.com\\\/app\\\/uploads\\\/2025\\\/05\\\/pins-benissa-e1747927372978.jpg\",\"contentUrl\":\"https:\\\/\\\/canfali.com\\\/app\\\/uploads\\\/2025\\\/05\\\/pins-benissa-e1747927372978.jpg\",\"width\":1200,\"height\":900},{\"@type\":\"BreadcrumbList\",\"@id\":\"https:\\\/\\\/canfali.com\\\/ca-es\\\/benissa-talara-pins-afectats-per-la-plaga-del-tomicus\\\/#breadcrumb\",\"itemListElement\":[{\"@type\":\"ListItem\",\"position\":1,\"name\":\"Portada\",\"item\":\"https:\\\/\\\/canfali.com\\\/ca-es\\\/\"},{\"@type\":\"ListItem\",\"position\":2,\"name\":\"Benissa talar\u00e0 pins afectats per la plaga del Tomicus\"}]},{\"@type\":\"WebSite\",\"@id\":\"https:\\\/\\\/canfali.com\\\/ca-es\\\/#website\",\"url\":\"https:\\\/\\\/canfali.com\\\/ca-es\\\/\",\"name\":\"Canfali\",\"description\":\"\",\"publisher\":{\"@id\":\"https:\\\/\\\/canfali.com\\\/ca-es\\\/#organization\"},\"potentialAction\":[{\"@type\":\"SearchAction\",\"target\":{\"@type\":\"EntryPoint\",\"urlTemplate\":\"https:\\\/\\\/canfali.com\\\/ca-es\\\/?s={search_term_string}\"},\"query-input\":{\"@type\":\"PropertyValueSpecification\",\"valueRequired\":true,\"valueName\":\"search_term_string\"}}],\"inLanguage\":\"va-ES\"},{\"@type\":\"Organization\",\"@id\":\"https:\\\/\\\/canfali.com\\\/ca-es\\\/#organization\",\"name\":\"Canfali\",\"url\":\"https:\\\/\\\/canfali.com\\\/ca-es\\\/\",\"logo\":{\"@type\":\"ImageObject\",\"inLanguage\":\"va-ES\",\"@id\":\"https:\\\/\\\/canfali.com\\\/ca-es\\\/#\\\/schema\\\/logo\\\/image\\\/\",\"url\":\"https:\\\/\\\/canfali.com\\\/app\\\/uploads\\\/2025\\\/12\\\/canfali_marina_alta_logo.png\",\"contentUrl\":\"https:\\\/\\\/canfali.com\\\/app\\\/uploads\\\/2025\\\/12\\\/canfali_marina_alta_logo.png\",\"width\":225,\"height\":225,\"caption\":\"Canfali\"},\"image\":{\"@id\":\"https:\\\/\\\/canfali.com\\\/ca-es\\\/#\\\/schema\\\/logo\\\/image\\\/\"},\"sameAs\":[\"https:\\\/\\\/es-es.facebook.com\\\/CANFALIMarinaAlta\",\"https:\\\/\\\/x.com\\\/canfalima\",\"https:\\\/\\\/www.instagram.com\\\/canfalimarinaalta\\\/\"]},{\"@type\":\"Person\",\"@id\":\"https:\\\/\\\/canfali.com\\\/ca-es\\\/#\\\/schema\\\/person\\\/5211f51be1ed486a218e6a4f53355b6d\",\"name\":\"D\u00eddac\",\"image\":{\"@type\":\"ImageObject\",\"inLanguage\":\"va-ES\",\"@id\":\"https:\\\/\\\/secure.gravatar.com\\\/avatar\\\/a68a2078c12da8a6dd6cff4f3f3f69f7eb69a2d31ac1aac4da61c3761e4557f4?s=96&d=mm&r=g\",\"url\":\"https:\\\/\\\/secure.gravatar.com\\\/avatar\\\/a68a2078c12da8a6dd6cff4f3f3f69f7eb69a2d31ac1aac4da61c3761e4557f4?s=96&d=mm&r=g\",\"contentUrl\":\"https:\\\/\\\/secure.gravatar.com\\\/avatar\\\/a68a2078c12da8a6dd6cff4f3f3f69f7eb69a2d31ac1aac4da61c3761e4557f4?s=96&d=mm&r=g\",\"caption\":\"D\u00eddac\"},\"url\":\"https:\\\/\\\/canfali.com\\\/ca-es\\\/author\\\/didac\\\/\"}]}<\/script>\n<!-- \/ Yoast SEO Premium plugin. -->","yoast_head_json":{"title":"Benissa talar\u00e0 pins afectats per la plaga del Tomicus - Canfali","robots":{"index":"index","follow":"follow","max-snippet":"max-snippet:-1","max-image-preview":"max-image-preview:large","max-video-preview":"max-video-preview:-1"},"canonical":"https:\/\/canfali.com\/ca-es\/benissa-talara-pins-afectats-per-la-plaga-del-tomicus\/","og_locale":"en_US","og_type":"article","og_title":"Benissa talar\u00e0 pins afectats per la plaga del Tomicus","og_description":"El Servici Municipal de Parcs i Jardins de Benissa Impuls va iniciar pla per a *elimiminar *necromasa de pins en zones municipals del litoral i controlar la plaga de Tomicus.","og_url":"https:\/\/canfali.com\/ca-es\/benissa-talara-pins-afectats-per-la-plaga-del-tomicus\/","og_site_name":"Canfali","article_publisher":"https:\/\/es-es.facebook.com\/CANFALIMarinaAlta","article_published_time":"2025-05-16T09:00:10+00:00","article_modified_time":"2025-05-22T15:23:16+00:00","og_image":[{"width":1200,"height":900,"url":"https:\/\/canfali.com\/app\/uploads\/2025\/05\/pins-benissa-e1747927372978.jpg","type":"image\/jpeg"}],"author":"D\u00eddac","twitter_card":"summary_large_image","twitter_creator":"@canfalima","twitter_site":"@canfalima","twitter_misc":{"Written by":"D\u00eddac","Est. reading time":"1 minute"},"schema":{"@context":"https:\/\/schema.org","@graph":[{"@type":"NewsArticle","@id":"https:\/\/canfali.com\/ca-es\/benissa-talara-pins-afectats-per-la-plaga-del-tomicus\/#article","isPartOf":{"@id":"https:\/\/canfali.com\/ca-es\/benissa-talara-pins-afectats-per-la-plaga-del-tomicus\/"},"author":{"name":"D\u00eddac","@id":"https:\/\/canfali.com\/ca-es\/#\/schema\/person\/5211f51be1ed486a218e6a4f53355b6d"},"headline":"Benissa talar\u00e0 pins afectats per la plaga del Tomicus","datePublished":"2025-05-16T09:00:10+00:00","dateModified":"2025-05-22T15:23:16+00:00","mainEntityOfPage":{"@id":"https:\/\/canfali.com\/ca-es\/benissa-talara-pins-afectats-per-la-plaga-del-tomicus\/"},"wordCount":264,"publisher":{"@id":"https:\/\/canfali.com\/ca-es\/#organization"},"image":{"@id":"https:\/\/canfali.com\/ca-es\/benissa-talara-pins-afectats-per-la-plaga-del-tomicus\/#primaryimage"},"thumbnailUrl":"https:\/\/canfali.com\/app\/uploads\/2025\/05\/pins-benissa-e1747927372978.jpg","keywords":["pins","plaga","tala"],"articleSection":["Municipal"],"inLanguage":"va-ES","copyrightYear":"2025","copyrightHolder":{"@id":"https:\/\/canfali.com\/#organization"}},{"@type":"WebPage","@id":"https:\/\/canfali.com\/ca-es\/benissa-talara-pins-afectats-per-la-plaga-del-tomicus\/","url":"https:\/\/canfali.com\/ca-es\/benissa-talara-pins-afectats-per-la-plaga-del-tomicus\/","name":"Benissa talar\u00e0 pins afectats per la plaga del Tomicus - Canfali","isPartOf":{"@id":"https:\/\/canfali.com\/ca-es\/#website"},"primaryImageOfPage":{"@id":"https:\/\/canfali.com\/ca-es\/benissa-talara-pins-afectats-per-la-plaga-del-tomicus\/#primaryimage"},"image":{"@id":"https:\/\/canfali.com\/ca-es\/benissa-talara-pins-afectats-per-la-plaga-del-tomicus\/#primaryimage"},"thumbnailUrl":"https:\/\/canfali.com\/app\/uploads\/2025\/05\/pins-benissa-e1747927372978.jpg","datePublished":"2025-05-16T09:00:10+00:00","dateModified":"2025-05-22T15:23:16+00:00","breadcrumb":{"@id":"https:\/\/canfali.com\/ca-es\/benissa-talara-pins-afectats-per-la-plaga-del-tomicus\/#breadcrumb"},"inLanguage":"va-ES","potentialAction":[{"@type":"ReadAction","target":["https:\/\/canfali.com\/ca-es\/benissa-talara-pins-afectats-per-la-plaga-del-tomicus\/"]}]},{"@type":"ImageObject","inLanguage":"va-ES","@id":"https:\/\/canfali.com\/ca-es\/benissa-talara-pins-afectats-per-la-plaga-del-tomicus\/#primaryimage","url":"https:\/\/canfali.com\/app\/uploads\/2025\/05\/pins-benissa-e1747927372978.jpg","contentUrl":"https:\/\/canfali.com\/app\/uploads\/2025\/05\/pins-benissa-e1747927372978.jpg","width":1200,"height":900},{"@type":"BreadcrumbList","@id":"https:\/\/canfali.com\/ca-es\/benissa-talara-pins-afectats-per-la-plaga-del-tomicus\/#breadcrumb","itemListElement":[{"@type":"ListItem","position":1,"name":"Portada","item":"https:\/\/canfali.com\/ca-es\/"},{"@type":"ListItem","position":2,"name":"Benissa talar\u00e0 pins afectats per la plaga del Tomicus"}]},{"@type":"WebSite","@id":"https:\/\/canfali.com\/ca-es\/#website","url":"https:\/\/canfali.com\/ca-es\/","name":"Canfali","description":"","publisher":{"@id":"https:\/\/canfali.com\/ca-es\/#organization"},"potentialAction":[{"@type":"SearchAction","target":{"@type":"EntryPoint","urlTemplate":"https:\/\/canfali.com\/ca-es\/?s={search_term_string}"},"query-input":{"@type":"PropertyValueSpecification","valueRequired":true,"valueName":"search_term_string"}}],"inLanguage":"va-ES"},{"@type":"Organization","@id":"https:\/\/canfali.com\/ca-es\/#organization","name":"Canfali","url":"https:\/\/canfali.com\/ca-es\/","logo":{"@type":"ImageObject","inLanguage":"va-ES","@id":"https:\/\/canfali.com\/ca-es\/#\/schema\/logo\/image\/","url":"https:\/\/canfali.com\/app\/uploads\/2025\/12\/canfali_marina_alta_logo.png","contentUrl":"https:\/\/canfali.com\/app\/uploads\/2025\/12\/canfali_marina_alta_logo.png","width":225,"height":225,"caption":"Canfali"},"image":{"@id":"https:\/\/canfali.com\/ca-es\/#\/schema\/logo\/image\/"},"sameAs":["https:\/\/es-es.facebook.com\/CANFALIMarinaAlta","https:\/\/x.com\/canfalima","https:\/\/www.instagram.com\/canfalimarinaalta\/"]},{"@type":"Person","@id":"https:\/\/canfali.com\/ca-es\/#\/schema\/person\/5211f51be1ed486a218e6a4f53355b6d","name":"D\u00eddac","image":{"@type":"ImageObject","inLanguage":"va-ES","@id":"https:\/\/secure.gravatar.com\/avatar\/a68a2078c12da8a6dd6cff4f3f3f69f7eb69a2d31ac1aac4da61c3761e4557f4?s=96&d=mm&r=g","url":"https:\/\/secure.gravatar.com\/avatar\/a68a2078c12da8a6dd6cff4f3f3f69f7eb69a2d31ac1aac4da61c3761e4557f4?s=96&d=mm&r=g","contentUrl":"https:\/\/secure.gravatar.com\/avatar\/a68a2078c12da8a6dd6cff4f3f3f69f7eb69a2d31ac1aac4da61c3761e4557f4?s=96&d=mm&r=g","caption":"D\u00eddac"},"url":"https:\/\/canfali.com\/ca-es\/author\/didac\/"}]}},"_links":{"self":[{"href":"https:\/\/canfali.com\/ca-es\/wp-json\/wp\/v2\/posts\/63735","targetHints":{"allow":["GET"]}}],"collection":[{"href":"https:\/\/canfali.com\/ca-es\/wp-json\/wp\/v2\/posts"}],"about":[{"href":"https:\/\/canfali.com\/ca-es\/wp-json\/wp\/v2\/types\/post"}],"author":[{"embeddable":true,"href":"https:\/\/canfali.com\/ca-es\/wp-json\/wp\/v2\/users\/5"}],"replies":[{"embeddable":true,"href":"https:\/\/canfali.com\/ca-es\/wp-json\/wp\/v2\/comments?post=63735"}],"version-history":[{"count":4,"href":"https:\/\/canfali.com\/ca-es\/wp-json\/wp\/v2\/posts\/63735\/revisions"}],"predecessor-version":[{"id":64284,"href":"https:\/\/canfali.com\/ca-es\/wp-json\/wp\/v2\/posts\/63735\/revisions\/64284"}],"wp:featuredmedia":[{"embeddable":true,"href":"https:\/\/canfali.com\/ca-es\/wp-json\/wp\/v2\/media\/63733"}],"wp:attachment":[{"href":"https:\/\/canfali.com\/ca-es\/wp-json\/wp\/v2\/media?parent=63735"}],"wp:term":[{"taxonomy":"category","embeddable":true,"href":"https:\/\/canfali.com\/ca-es\/wp-json\/wp\/v2\/categories?post=63735"},{"taxonomy":"post_tag","embeddable":true,"href":"https:\/\/canfali.com\/ca-es\/wp-json\/wp\/v2\/tags?post=63735"}],"curies":[{"name":"wp","href":"https:\/\/api.w.org\/{rel}","templated":true}]}}