{"id":62763,"date":"2025-04-29T12:50:54","date_gmt":"2025-04-29T10:50:54","guid":{"rendered":"https:\/\/canfali.com\/?p=62763"},"modified":"2025-04-29T12:53:33","modified_gmt":"2025-04-29T10:53:33","slug":"lajuntament-dondara-detalla-la-gestio-municipal-de-lapagada-nacional","status":"publish","type":"post","link":"https:\/\/canfali.com\/ca-es\/lajuntament-dondara-detalla-la-gestio-municipal-de-lapagada-nacional\/","title":{"rendered":"Detall de la gesti\u00f3 en Ondara de l\u2019apagada nacional"},"content":{"rendered":"\n<p><strong>Des de l&#8217;Ajuntament i el Centre de Coordinaci\u00f3 Operativa Municipal s\u2019agraeix la calma ciutadana<\/strong><\/p>\n\n\n\n<p>Arran de l&#8217;apagada el\u00e8ctrica patida ahir en tota Espanya, que mant\u00e9 encara el nivell 3 d&#8217;emerg\u00e8ncia nacional en la Comunitat Valenciana, l&#8217;Ajuntament d&#8217;Ondara ha volgut llan\u00e7ar un missatge de tranquil\u00b7litat i reconeixement a la ciutadania pel seu comportament exemplar durant aquesta situaci\u00f3 extraordin\u00e0ria.<\/p>\n\n\n\n<p>L&#8217;alcalde, Jos\u00e9 Ramiro, ha destacat que des del primer moment es van activar tots els recursos municipals per a garantir la cobertura de les necessitats b\u00e0siques de la poblaci\u00f3. En aquest sentit, el Centre de Coordinaci\u00f3 Operativa Municipal (CECOPAL) va estar actiu des del migdia del dilluns, coordinant la resposta local i prioritzant l&#8217;atenci\u00f3 als serveis essencials com la Resid\u00e8ncia, el Centre de Dia, el Centre de Salut i els equips m\u00e8dics que depenen d&#8217;energia el\u00e8ctrica per al seu funcionament.<\/p>\n\n\n\n<p>En esta deriva, un dels reptes m\u00e9s urgents va ser el restabliment del servei d&#8217;aigua potable, interromput en quedar sense subministrament el\u00e8ctric les bombes d&#8217;impulsi\u00f3. Segons es detalla en un comunicat \u201cgr\u00e0cies a les gestions realitzades, el servei va poder reprendre&#8217;s al voltant de les 16:00 hores. A m\u00e9s, es va contactar amb prove\u00efdors de generadors el\u00e8ctrics per a garantir el funcionament dels equips sanitaris imprescindibles\u201d.<\/p>\n\n\n\n<p>A banda, davant la possibilitat que l&#8217;apagada es perllongara fins a quaranta-huit hores, es va habilitar el recinte del Prado amb generadors, preparat per a acollir i donar suport a persones amb respiradors o altres aparells sanitaris. Aix\u00ed mateix, a causa de les defici\u00e8ncies en les comunicacions, es va dotar al personal de la Resid\u00e8ncia i del Centre de Salut amb walkie-talkies de la Policia Local per a mantenir el contacte operatiu.<\/p>\n\n\n\n<p>Segons apunta la nota, l&#8217;\u00fanica incid\u00e8ncia destacable registrada al municipi va ser el rescat d&#8217;una persona atrapada en un ascensor, resolta sense conseq\u00fc\u00e8ncies greus.<\/p>\n\n\n\n<p>D&#8217;altra banda, es va establir una l\u00ednia de coordinaci\u00f3 amb l&#8217;Hospital de D\u00e9nia per a preveure escenaris en cas de prolongaci\u00f3 del tall el\u00e8ctric.<\/p>\n\n\n\n<p>&nbsp;&nbsp;&nbsp;&nbsp;&nbsp;&nbsp; Pel que fa a l\u2019educaci\u00f3, els centres educatius CEIP Sanchis Guarner i IES Xebic d\u2019Ondara han obert hui amb normalitat, encara que sense activitat lectiva, tal com ha recomanat el Centre de Coordinaci\u00f3 d&#8217;Emerg\u00e8ncies (CECOPI). Els serveis de menjador i transport escolar estan assegurats.<\/p>\n\n\n\n<p>\u201cDes de l&#8217;Ajuntament s&#8217;espera que la situaci\u00f3 d&#8217;emerg\u00e8ncia nacional s&#8217;alce al llarg del dia de hui, permetent la tornada a la normalitat completa\u201d.<\/p>\n","protected":false},"excerpt":{"rendered":"Des de l&#8217;Ajuntament i el Centre de Coordinaci\u00f3 Operativa Municipal s\u2019agraeix la calma ciutadana Arran de l&#8217;apagada el\u00e8ctrica&hellip;","protected":false},"author":4,"featured_media":62764,"comment_status":"closed","ping_status":"closed","sticky":false,"template":"","format":"standard","meta":{"csco_display_header_overlay":false,"csco_singular_sidebar":"","csco_page_header_type":"","csco_page_load_nextpost":"","csco_post_video_location":[],"csco_post_video_location_hash":"","csco_post_video_url":"","csco_post_video_bg_start_time":0,"csco_post_video_bg_end_time":0,"footnotes":""},"categories":[615,578],"tags":[1826,1828,661],"class_list":{"0":"post-62763","1":"post","2":"type-post","3":"status-publish","4":"format-standard","5":"has-post-thumbnail","7":"category-successos","8":"category-sucesos-2","9":"tag-apagament","10":"tag-municipal","11":"tag-ondara-2","12":"cs-entry","13":"cs-video-wrap"},"yoast_head":"<!-- This site is optimized with the Yoast SEO Premium plugin v26.6 (Yoast SEO v27.3) - https:\/\/yoast.com\/product\/yoast-seo-premium-wordpress\/ -->\n<title>Detall de la gesti\u00f3 en Ondara de l\u2019apagada nacional - Canfali<\/title>\n<meta name=\"robots\" content=\"index, follow, max-snippet:-1, max-image-preview:large, max-video-preview:-1\" \/>\n<link rel=\"canonical\" href=\"https:\/\/canfali.com\/ca-es\/lajuntament-dondara-detalla-la-gestio-municipal-de-lapagada-nacional\/\" \/>\n<meta property=\"og:locale\" content=\"en_US\" \/>\n<meta property=\"og:type\" content=\"article\" \/>\n<meta property=\"og:title\" content=\"Detall de la gesti\u00f3 en Ondara de l\u2019apagada nacional\" \/>\n<meta property=\"og:description\" content=\"Des de l&#8217;Ajuntament i el Centre de Coordinaci\u00f3 Operativa Municipal s\u2019agraeix la calma ciutadana Arran de l&#8217;apagada el\u00e8ctrica&hellip;\" \/>\n<meta property=\"og:url\" content=\"https:\/\/canfali.com\/ca-es\/lajuntament-dondara-detalla-la-gestio-municipal-de-lapagada-nacional\/\" \/>\n<meta property=\"og:site_name\" content=\"Canfali\" \/>\n<meta property=\"article:publisher\" content=\"https:\/\/es-es.facebook.com\/CANFALIMarinaAlta\" \/>\n<meta property=\"article:published_time\" content=\"2025-04-29T10:50:54+00:00\" \/>\n<meta property=\"article:modified_time\" content=\"2025-04-29T10:53:33+00:00\" \/>\n<meta property=\"og:image\" content=\"https:\/\/canfali.com\/app\/uploads\/2025\/04\/reunio-cecopal.jpeg\" \/>\n\t<meta property=\"og:image:width\" content=\"1600\" \/>\n\t<meta property=\"og:image:height\" content=\"1200\" \/>\n\t<meta property=\"og:image:type\" content=\"image\/jpeg\" \/>\n<meta name=\"author\" content=\"JJ Mas\" \/>\n<meta name=\"twitter:card\" content=\"summary_large_image\" \/>\n<meta name=\"twitter:creator\" content=\"@canfalima\" \/>\n<meta name=\"twitter:site\" content=\"@canfalima\" \/>\n<meta name=\"twitter:label1\" content=\"Written by\" \/>\n\t<meta name=\"twitter:data1\" content=\"JJ Mas\" \/>\n\t<meta name=\"twitter:label2\" content=\"Est. reading time\" \/>\n\t<meta name=\"twitter:data2\" content=\"2 minutes\" \/>\n<script type=\"application\/ld+json\" class=\"yoast-schema-graph\">{\"@context\":\"https:\\\/\\\/schema.org\",\"@graph\":[{\"@type\":\"NewsArticle\",\"@id\":\"https:\\\/\\\/canfali.com\\\/ca-es\\\/lajuntament-dondara-detalla-la-gestio-municipal-de-lapagada-nacional\\\/#article\",\"isPartOf\":{\"@id\":\"https:\\\/\\\/canfali.com\\\/ca-es\\\/lajuntament-dondara-detalla-la-gestio-municipal-de-lapagada-nacional\\\/\"},\"author\":{\"name\":\"JJ Mas\",\"@id\":\"https:\\\/\\\/canfali.com\\\/ca-es\\\/#\\\/schema\\\/person\\\/d834d2d4df17cac754d3c314d4c404ef\"},\"headline\":\"Detall de la gesti\u00f3 en Ondara de l\u2019apagada nacional\",\"datePublished\":\"2025-04-29T10:50:54+00:00\",\"dateModified\":\"2025-04-29T10:53:33+00:00\",\"mainEntityOfPage\":{\"@id\":\"https:\\\/\\\/canfali.com\\\/ca-es\\\/lajuntament-dondara-detalla-la-gestio-municipal-de-lapagada-nacional\\\/\"},\"wordCount\":452,\"publisher\":{\"@id\":\"https:\\\/\\\/canfali.com\\\/ca-es\\\/#organization\"},\"image\":{\"@id\":\"https:\\\/\\\/canfali.com\\\/ca-es\\\/lajuntament-dondara-detalla-la-gestio-municipal-de-lapagada-nacional\\\/#primaryimage\"},\"thumbnailUrl\":\"https:\\\/\\\/canfali.com\\\/app\\\/uploads\\\/2025\\\/04\\\/reunio-cecopal.jpeg\",\"keywords\":[\"apagament\",\"municipal\",\"Ondara\"],\"articleSection\":[\"Successos\",\"Sucesos\"],\"inLanguage\":\"va-ES\",\"copyrightYear\":\"2025\",\"copyrightHolder\":{\"@id\":\"https:\\\/\\\/canfali.com\\\/#organization\"}},{\"@type\":\"WebPage\",\"@id\":\"https:\\\/\\\/canfali.com\\\/ca-es\\\/lajuntament-dondara-detalla-la-gestio-municipal-de-lapagada-nacional\\\/\",\"url\":\"https:\\\/\\\/canfali.com\\\/ca-es\\\/lajuntament-dondara-detalla-la-gestio-municipal-de-lapagada-nacional\\\/\",\"name\":\"Detall de la gesti\u00f3 en Ondara de l\u2019apagada nacional - Canfali\",\"isPartOf\":{\"@id\":\"https:\\\/\\\/canfali.com\\\/ca-es\\\/#website\"},\"primaryImageOfPage\":{\"@id\":\"https:\\\/\\\/canfali.com\\\/ca-es\\\/lajuntament-dondara-detalla-la-gestio-municipal-de-lapagada-nacional\\\/#primaryimage\"},\"image\":{\"@id\":\"https:\\\/\\\/canfali.com\\\/ca-es\\\/lajuntament-dondara-detalla-la-gestio-municipal-de-lapagada-nacional\\\/#primaryimage\"},\"thumbnailUrl\":\"https:\\\/\\\/canfali.com\\\/app\\\/uploads\\\/2025\\\/04\\\/reunio-cecopal.jpeg\",\"datePublished\":\"2025-04-29T10:50:54+00:00\",\"dateModified\":\"2025-04-29T10:53:33+00:00\",\"breadcrumb\":{\"@id\":\"https:\\\/\\\/canfali.com\\\/ca-es\\\/lajuntament-dondara-detalla-la-gestio-municipal-de-lapagada-nacional\\\/#breadcrumb\"},\"inLanguage\":\"va-ES\",\"potentialAction\":[{\"@type\":\"ReadAction\",\"target\":[\"https:\\\/\\\/canfali.com\\\/ca-es\\\/lajuntament-dondara-detalla-la-gestio-municipal-de-lapagada-nacional\\\/\"]}]},{\"@type\":\"ImageObject\",\"inLanguage\":\"va-ES\",\"@id\":\"https:\\\/\\\/canfali.com\\\/ca-es\\\/lajuntament-dondara-detalla-la-gestio-municipal-de-lapagada-nacional\\\/#primaryimage\",\"url\":\"https:\\\/\\\/canfali.com\\\/app\\\/uploads\\\/2025\\\/04\\\/reunio-cecopal.jpeg\",\"contentUrl\":\"https:\\\/\\\/canfali.com\\\/app\\\/uploads\\\/2025\\\/04\\\/reunio-cecopal.jpeg\",\"width\":1600,\"height\":1200},{\"@type\":\"BreadcrumbList\",\"@id\":\"https:\\\/\\\/canfali.com\\\/ca-es\\\/lajuntament-dondara-detalla-la-gestio-municipal-de-lapagada-nacional\\\/#breadcrumb\",\"itemListElement\":[{\"@type\":\"ListItem\",\"position\":1,\"name\":\"Portada\",\"item\":\"https:\\\/\\\/canfali.com\\\/ca-es\\\/\"},{\"@type\":\"ListItem\",\"position\":2,\"name\":\"Detall de la gesti\u00f3 en Ondara de l\u2019apagada nacional\"}]},{\"@type\":\"WebSite\",\"@id\":\"https:\\\/\\\/canfali.com\\\/ca-es\\\/#website\",\"url\":\"https:\\\/\\\/canfali.com\\\/ca-es\\\/\",\"name\":\"Canfali\",\"description\":\"\",\"publisher\":{\"@id\":\"https:\\\/\\\/canfali.com\\\/ca-es\\\/#organization\"},\"potentialAction\":[{\"@type\":\"SearchAction\",\"target\":{\"@type\":\"EntryPoint\",\"urlTemplate\":\"https:\\\/\\\/canfali.com\\\/ca-es\\\/?s={search_term_string}\"},\"query-input\":{\"@type\":\"PropertyValueSpecification\",\"valueRequired\":true,\"valueName\":\"search_term_string\"}}],\"inLanguage\":\"va-ES\"},{\"@type\":\"Organization\",\"@id\":\"https:\\\/\\\/canfali.com\\\/ca-es\\\/#organization\",\"name\":\"Canfali\",\"url\":\"https:\\\/\\\/canfali.com\\\/ca-es\\\/\",\"logo\":{\"@type\":\"ImageObject\",\"inLanguage\":\"va-ES\",\"@id\":\"https:\\\/\\\/canfali.com\\\/ca-es\\\/#\\\/schema\\\/logo\\\/image\\\/\",\"url\":\"https:\\\/\\\/canfali.com\\\/app\\\/uploads\\\/2025\\\/12\\\/canfali_marina_alta_logo.png\",\"contentUrl\":\"https:\\\/\\\/canfali.com\\\/app\\\/uploads\\\/2025\\\/12\\\/canfali_marina_alta_logo.png\",\"width\":225,\"height\":225,\"caption\":\"Canfali\"},\"image\":{\"@id\":\"https:\\\/\\\/canfali.com\\\/ca-es\\\/#\\\/schema\\\/logo\\\/image\\\/\"},\"sameAs\":[\"https:\\\/\\\/es-es.facebook.com\\\/CANFALIMarinaAlta\",\"https:\\\/\\\/x.com\\\/canfalima\",\"https:\\\/\\\/www.instagram.com\\\/canfalimarinaalta\\\/\"]},{\"@type\":\"Person\",\"@id\":\"https:\\\/\\\/canfali.com\\\/ca-es\\\/#\\\/schema\\\/person\\\/d834d2d4df17cac754d3c314d4c404ef\",\"name\":\"JJ Mas\",\"image\":{\"@type\":\"ImageObject\",\"inLanguage\":\"va-ES\",\"@id\":\"https:\\\/\\\/secure.gravatar.com\\\/avatar\\\/65a5191f5438bf88c2394f6d1a625a6ff903c8785268e603c623a83bc15ba1ee?s=96&d=mm&r=g\",\"url\":\"https:\\\/\\\/secure.gravatar.com\\\/avatar\\\/65a5191f5438bf88c2394f6d1a625a6ff903c8785268e603c623a83bc15ba1ee?s=96&d=mm&r=g\",\"contentUrl\":\"https:\\\/\\\/secure.gravatar.com\\\/avatar\\\/65a5191f5438bf88c2394f6d1a625a6ff903c8785268e603c623a83bc15ba1ee?s=96&d=mm&r=g\",\"caption\":\"JJ Mas\"},\"url\":\"https:\\\/\\\/canfali.com\\\/ca-es\\\/author\\\/jj\\\/\"}]}<\/script>\n<!-- \/ Yoast SEO Premium plugin. -->","yoast_head_json":{"title":"Detall de la gesti\u00f3 en Ondara de l\u2019apagada nacional - Canfali","robots":{"index":"index","follow":"follow","max-snippet":"max-snippet:-1","max-image-preview":"max-image-preview:large","max-video-preview":"max-video-preview:-1"},"canonical":"https:\/\/canfali.com\/ca-es\/lajuntament-dondara-detalla-la-gestio-municipal-de-lapagada-nacional\/","og_locale":"en_US","og_type":"article","og_title":"Detall de la gesti\u00f3 en Ondara de l\u2019apagada nacional","og_description":"Des de l&#8217;Ajuntament i el Centre de Coordinaci\u00f3 Operativa Municipal s\u2019agraeix la calma ciutadana Arran de l&#8217;apagada el\u00e8ctrica&hellip;","og_url":"https:\/\/canfali.com\/ca-es\/lajuntament-dondara-detalla-la-gestio-municipal-de-lapagada-nacional\/","og_site_name":"Canfali","article_publisher":"https:\/\/es-es.facebook.com\/CANFALIMarinaAlta","article_published_time":"2025-04-29T10:50:54+00:00","article_modified_time":"2025-04-29T10:53:33+00:00","og_image":[{"width":1600,"height":1200,"url":"https:\/\/canfali.com\/app\/uploads\/2025\/04\/reunio-cecopal.jpeg","type":"image\/jpeg"}],"author":"JJ Mas","twitter_card":"summary_large_image","twitter_creator":"@canfalima","twitter_site":"@canfalima","twitter_misc":{"Written by":"JJ Mas","Est. reading time":"2 minutes"},"schema":{"@context":"https:\/\/schema.org","@graph":[{"@type":"NewsArticle","@id":"https:\/\/canfali.com\/ca-es\/lajuntament-dondara-detalla-la-gestio-municipal-de-lapagada-nacional\/#article","isPartOf":{"@id":"https:\/\/canfali.com\/ca-es\/lajuntament-dondara-detalla-la-gestio-municipal-de-lapagada-nacional\/"},"author":{"name":"JJ Mas","@id":"https:\/\/canfali.com\/ca-es\/#\/schema\/person\/d834d2d4df17cac754d3c314d4c404ef"},"headline":"Detall de la gesti\u00f3 en Ondara de l\u2019apagada nacional","datePublished":"2025-04-29T10:50:54+00:00","dateModified":"2025-04-29T10:53:33+00:00","mainEntityOfPage":{"@id":"https:\/\/canfali.com\/ca-es\/lajuntament-dondara-detalla-la-gestio-municipal-de-lapagada-nacional\/"},"wordCount":452,"publisher":{"@id":"https:\/\/canfali.com\/ca-es\/#organization"},"image":{"@id":"https:\/\/canfali.com\/ca-es\/lajuntament-dondara-detalla-la-gestio-municipal-de-lapagada-nacional\/#primaryimage"},"thumbnailUrl":"https:\/\/canfali.com\/app\/uploads\/2025\/04\/reunio-cecopal.jpeg","keywords":["apagament","municipal","Ondara"],"articleSection":["Successos","Sucesos"],"inLanguage":"va-ES","copyrightYear":"2025","copyrightHolder":{"@id":"https:\/\/canfali.com\/#organization"}},{"@type":"WebPage","@id":"https:\/\/canfali.com\/ca-es\/lajuntament-dondara-detalla-la-gestio-municipal-de-lapagada-nacional\/","url":"https:\/\/canfali.com\/ca-es\/lajuntament-dondara-detalla-la-gestio-municipal-de-lapagada-nacional\/","name":"Detall de la gesti\u00f3 en Ondara de l\u2019apagada nacional - Canfali","isPartOf":{"@id":"https:\/\/canfali.com\/ca-es\/#website"},"primaryImageOfPage":{"@id":"https:\/\/canfali.com\/ca-es\/lajuntament-dondara-detalla-la-gestio-municipal-de-lapagada-nacional\/#primaryimage"},"image":{"@id":"https:\/\/canfali.com\/ca-es\/lajuntament-dondara-detalla-la-gestio-municipal-de-lapagada-nacional\/#primaryimage"},"thumbnailUrl":"https:\/\/canfali.com\/app\/uploads\/2025\/04\/reunio-cecopal.jpeg","datePublished":"2025-04-29T10:50:54+00:00","dateModified":"2025-04-29T10:53:33+00:00","breadcrumb":{"@id":"https:\/\/canfali.com\/ca-es\/lajuntament-dondara-detalla-la-gestio-municipal-de-lapagada-nacional\/#breadcrumb"},"inLanguage":"va-ES","potentialAction":[{"@type":"ReadAction","target":["https:\/\/canfali.com\/ca-es\/lajuntament-dondara-detalla-la-gestio-municipal-de-lapagada-nacional\/"]}]},{"@type":"ImageObject","inLanguage":"va-ES","@id":"https:\/\/canfali.com\/ca-es\/lajuntament-dondara-detalla-la-gestio-municipal-de-lapagada-nacional\/#primaryimage","url":"https:\/\/canfali.com\/app\/uploads\/2025\/04\/reunio-cecopal.jpeg","contentUrl":"https:\/\/canfali.com\/app\/uploads\/2025\/04\/reunio-cecopal.jpeg","width":1600,"height":1200},{"@type":"BreadcrumbList","@id":"https:\/\/canfali.com\/ca-es\/lajuntament-dondara-detalla-la-gestio-municipal-de-lapagada-nacional\/#breadcrumb","itemListElement":[{"@type":"ListItem","position":1,"name":"Portada","item":"https:\/\/canfali.com\/ca-es\/"},{"@type":"ListItem","position":2,"name":"Detall de la gesti\u00f3 en Ondara de l\u2019apagada nacional"}]},{"@type":"WebSite","@id":"https:\/\/canfali.com\/ca-es\/#website","url":"https:\/\/canfali.com\/ca-es\/","name":"Canfali","description":"","publisher":{"@id":"https:\/\/canfali.com\/ca-es\/#organization"},"potentialAction":[{"@type":"SearchAction","target":{"@type":"EntryPoint","urlTemplate":"https:\/\/canfali.com\/ca-es\/?s={search_term_string}"},"query-input":{"@type":"PropertyValueSpecification","valueRequired":true,"valueName":"search_term_string"}}],"inLanguage":"va-ES"},{"@type":"Organization","@id":"https:\/\/canfali.com\/ca-es\/#organization","name":"Canfali","url":"https:\/\/canfali.com\/ca-es\/","logo":{"@type":"ImageObject","inLanguage":"va-ES","@id":"https:\/\/canfali.com\/ca-es\/#\/schema\/logo\/image\/","url":"https:\/\/canfali.com\/app\/uploads\/2025\/12\/canfali_marina_alta_logo.png","contentUrl":"https:\/\/canfali.com\/app\/uploads\/2025\/12\/canfali_marina_alta_logo.png","width":225,"height":225,"caption":"Canfali"},"image":{"@id":"https:\/\/canfali.com\/ca-es\/#\/schema\/logo\/image\/"},"sameAs":["https:\/\/es-es.facebook.com\/CANFALIMarinaAlta","https:\/\/x.com\/canfalima","https:\/\/www.instagram.com\/canfalimarinaalta\/"]},{"@type":"Person","@id":"https:\/\/canfali.com\/ca-es\/#\/schema\/person\/d834d2d4df17cac754d3c314d4c404ef","name":"JJ Mas","image":{"@type":"ImageObject","inLanguage":"va-ES","@id":"https:\/\/secure.gravatar.com\/avatar\/65a5191f5438bf88c2394f6d1a625a6ff903c8785268e603c623a83bc15ba1ee?s=96&d=mm&r=g","url":"https:\/\/secure.gravatar.com\/avatar\/65a5191f5438bf88c2394f6d1a625a6ff903c8785268e603c623a83bc15ba1ee?s=96&d=mm&r=g","contentUrl":"https:\/\/secure.gravatar.com\/avatar\/65a5191f5438bf88c2394f6d1a625a6ff903c8785268e603c623a83bc15ba1ee?s=96&d=mm&r=g","caption":"JJ Mas"},"url":"https:\/\/canfali.com\/ca-es\/author\/jj\/"}]}},"_links":{"self":[{"href":"https:\/\/canfali.com\/ca-es\/wp-json\/wp\/v2\/posts\/62763","targetHints":{"allow":["GET"]}}],"collection":[{"href":"https:\/\/canfali.com\/ca-es\/wp-json\/wp\/v2\/posts"}],"about":[{"href":"https:\/\/canfali.com\/ca-es\/wp-json\/wp\/v2\/types\/post"}],"author":[{"embeddable":true,"href":"https:\/\/canfali.com\/ca-es\/wp-json\/wp\/v2\/users\/4"}],"replies":[{"embeddable":true,"href":"https:\/\/canfali.com\/ca-es\/wp-json\/wp\/v2\/comments?post=62763"}],"version-history":[{"count":2,"href":"https:\/\/canfali.com\/ca-es\/wp-json\/wp\/v2\/posts\/62763\/revisions"}],"predecessor-version":[{"id":62768,"href":"https:\/\/canfali.com\/ca-es\/wp-json\/wp\/v2\/posts\/62763\/revisions\/62768"}],"wp:featuredmedia":[{"embeddable":true,"href":"https:\/\/canfali.com\/ca-es\/wp-json\/wp\/v2\/media\/62764"}],"wp:attachment":[{"href":"https:\/\/canfali.com\/ca-es\/wp-json\/wp\/v2\/media?parent=62763"}],"wp:term":[{"taxonomy":"category","embeddable":true,"href":"https:\/\/canfali.com\/ca-es\/wp-json\/wp\/v2\/categories?post=62763"},{"taxonomy":"post_tag","embeddable":true,"href":"https:\/\/canfali.com\/ca-es\/wp-json\/wp\/v2\/tags?post=62763"}],"curies":[{"name":"wp","href":"https:\/\/api.w.org\/{rel}","templated":true}]}}