{"id":62524,"date":"2025-04-24T12:55:08","date_gmt":"2025-04-24T10:55:08","guid":{"rendered":"https:\/\/canfali.com\/?p=62524"},"modified":"2025-04-25T11:05:42","modified_gmt":"2025-04-25T09:05:42","slug":"mes-de-dos-mil-consultes-del-programa-de-la-setmana-santa-de-pego","status":"publish","type":"post","link":"https:\/\/canfali.com\/ca-es\/mes-de-dos-mil-consultes-del-programa-de-la-setmana-santa-de-pego\/","title":{"rendered":"M\u00e9s de dos mil consultes del programa de la Setmana Santa de Pego"},"content":{"rendered":"\n<p><strong>La Regidoria de Turisme constata que el format online s&#8217;ha convertit en la principal forma de recerca d&#8217;informaci\u00f3 sobre el municipi<\/strong><\/p>\n\n\n\n<p>Qu\u00e8 la Setmana Santa de Pego suscita especial inter\u00e8s entre els visitants de la Marina Alta per aquestes dates era una circumst\u00e0ncia m\u00e9s que previsible, que enguany la Regidoria de Turisme ha constatat amb un estudi de les dades registrades en les consultes en l\u00ednia realitzades pels i les usu\u00e0ries durant els \u00faltims dotze dies.<\/p>\n\n\n\n<figure class=\"wp-block-image size-full\"><img fetchpriority=\"high\" decoding=\"async\" width=\"472\" height=\"708\" src=\"https:\/\/canfali.com\/app\/uploads\/2025\/04\/semsantapego8-1-rotated.jpg\" alt=\"\" class=\"wp-image-62529\" srcset=\"https:\/\/canfali.com\/app\/uploads\/2025\/04\/semsantapego8-1-rotated.jpg 472w, https:\/\/canfali.com\/app\/uploads\/2025\/04\/semsantapego8-1-200x300.jpg 200w\" sizes=\"(max-width: 472px) 100vw, 472px\" \/><\/figure>\n\n\n\n<p>En concret, segons apunta el responsable de l\u2019\u00e0rea, Ricardo Sendra, en una nota dels prop de 3.000 usuaris que han consultat la web d&#8217;informaci\u00f3 tur\u00edstica de Pego i Les Valls, al voltant de dos mil usuaris i usu\u00e0ries han buscat dades sobre la programaci\u00f3 de Setmana Santa, amb prop de 4.500 visites, per davant de la Cova del Rull de Vall d\u2019Ebo amb una mica m\u00e9s de 1.100 usuaris i unes 3.200 consultes.<\/p>\n\n\n\n<p>Per al regidor de Turisme, aquest inter\u00e8s per la Setmana Santa pegolina s&#8217;ha confirmat tamb\u00e9 durant la celebraci\u00f3 dels actes, especialment les processons, en les quals s&#8217;ha pogut notar l&#8217;alta pres\u00e8ncia de visitants, tant d&#8217;aquelles persones amb vincles familiars amb el municipi i que compten amb una segona resid\u00e8ncia en el municipi, aix\u00ed com els visitants estrangers. \u201cCal remarcar que la Setmana Santa de Pego sempre ha atret a molta gent de fora, principalment a la solemnitat i la gran faena que es realitza des de les confraries\u201d, apunta.<\/p>\n\n\n\n<figure class=\"wp-block-image size-large\"><img decoding=\"async\" width=\"1024\" height=\"739\" src=\"https:\/\/canfali.com\/app\/uploads\/2025\/04\/crtisto-visites-1024x739.jpg\" alt=\"\" class=\"wp-image-62533\" srcset=\"https:\/\/canfali.com\/app\/uploads\/2025\/04\/crtisto-visites-1024x739.jpg 1024w, https:\/\/canfali.com\/app\/uploads\/2025\/04\/crtisto-visites-300x216.jpg 300w, https:\/\/canfali.com\/app\/uploads\/2025\/04\/crtisto-visites-768x554.jpg 768w, https:\/\/canfali.com\/app\/uploads\/2025\/04\/crtisto-visites-1536x1108.jpg 1536w, https:\/\/canfali.com\/app\/uploads\/2025\/04\/crtisto-visites.jpg 1679w\" sizes=\"(max-width: 1024px) 100vw, 1024px\" \/><\/figure>\n\n\n\n<p>El comunicat incideix a m\u00e9s en que, a banda del creixent inter\u00e8s per aquesta celebraci\u00f3 religiosa-costumista, les dades registrades durant els \u00faltims 12 dies en la web reflecteixen el canvi que s&#8217;ha experimentat a l&#8217;hora de realitzar les consultes on internet ha despla\u00e7at a altres m\u00e8todes com el presencial o el telef\u00f2nic. En aquesta din\u00e0mica, subratllen que l\u2019smartphone \u00e9s la principal ferramenta a l&#8217;hora de realitzar consultes tal i com es despr\u00e8n de que ja siga per a poder accedir a la web de turisme de Pego i Les Valls -superen el 85% del total en els registres dels \u00faltims 12 dies- o per a contactar amb les t\u00e8cniques de Turisme a trav\u00e9s de missatges de \u2018Whatsapp\u2019. Consultes que, pel que fa a la nacionalitat, la majoria han estat realitzades per estrangers -holandesos, alemanys i francesos, per aquest ordre-, tant per internet com de manera presencial.<\/p>\n\n\n\n<figure class=\"wp-block-image size-full\"><img decoding=\"async\" width=\"791\" height=\"637\" src=\"https:\/\/canfali.com\/app\/uploads\/2025\/04\/semsanta-turist.jpg\" alt=\"\" class=\"wp-image-62535\" srcset=\"https:\/\/canfali.com\/app\/uploads\/2025\/04\/semsanta-turist.jpg 791w, https:\/\/canfali.com\/app\/uploads\/2025\/04\/semsanta-turist-300x242.jpg 300w, https:\/\/canfali.com\/app\/uploads\/2025\/04\/semsanta-turist-768x618.jpg 768w\" sizes=\"(max-width: 791px) 100vw, 791px\" \/><\/figure>\n\n\n\n<p>\u201cDes del consistori intentem treballar per a augmentar el ventall d&#8217;oferta tur\u00edstica per a atraure a un visitant respectu\u00f3s amb l&#8217;entorn natural, la nostra cultura i tradicions; exemples d&#8217;aix\u00f2 s\u00f3n les rutes a peu o amb bicicleta pel nostre territori amb les quals con\u00e8ixer les nostres muntanyes; tamb\u00e9 les rutes pel barri antic del municipi amb les quals poder con\u00e8ixer la nostra hist\u00f2ria\u201d ha reivindicat Sendra qui advoca per no oblidar el gran paratge natural de la Marjal, en el qual es pot descobrir la fauna i flora aut\u00f2ctona, realitzar rutes saludables, i viure en sintonia amb la naturalesa.<\/p>\n\n\n\n<p>Al seu judici \u201ctot aix\u00f2 es veu amanit amb l&#8217;encant dels nostres ve\u00efns i ve\u00efnes, i de la nostra gastronomia que es pot degustar en qualsevol dels locals de restauraci\u00f3, i per el treball de les t\u00e8cniques del departament, a l&#8217;hora de potenciar les qualitats del nostre municipi quan els visitants realitzen les consultes\u201d.<\/p>\n","protected":false},"excerpt":{"rendered":"La Regidoria de Turisme constata que el format online s&#8217;ha convertit en la principal forma de recerca d&#8217;informaci\u00f3&hellip;","protected":false},"author":4,"featured_media":62527,"comment_status":"closed","ping_status":"closed","sticky":false,"template":"","format":"standard","meta":{"csco_display_header_overlay":false,"csco_singular_sidebar":"","csco_page_header_type":"","csco_page_load_nextpost":"","csco_post_video_location":[],"csco_post_video_location_hash":"","csco_post_video_url":"","csco_post_video_bg_start_time":0,"csco_post_video_bg_end_time":0,"footnotes":""},"categories":[597],"tags":[642,1581,1231,1784,1596],"class_list":{"0":"post-62524","1":"post","2":"type-post","3":"status-publish","4":"format-standard","5":"has-post-thumbnail","7":"category-cultura-ca-es","8":"tag-pego-2","9":"tag-semana-santa-2","10":"tag-setmana","11":"tag-turistiques","12":"tag-visites-2","13":"cs-entry","14":"cs-video-wrap"},"yoast_head":"<!-- This site is optimized with the Yoast SEO Premium plugin v26.6 (Yoast SEO v27.3) - https:\/\/yoast.com\/product\/yoast-seo-premium-wordpress\/ -->\n<title>M\u00e9s de dos mil consultes del programa de la Setmana Santa de Pego - Canfali<\/title>\n<meta name=\"robots\" content=\"index, follow, max-snippet:-1, max-image-preview:large, max-video-preview:-1\" \/>\n<link rel=\"canonical\" href=\"https:\/\/canfali.com\/ca-es\/mes-de-dos-mil-consultes-del-programa-de-la-setmana-santa-de-pego\/\" \/>\n<meta property=\"og:locale\" content=\"en_US\" \/>\n<meta property=\"og:type\" content=\"article\" \/>\n<meta property=\"og:title\" content=\"M\u00e9s de dos mil consultes del programa de la Setmana Santa de Pego\" \/>\n<meta property=\"og:description\" content=\"La Regidoria de Turisme constata que el format online s&#8217;ha convertit en la principal forma de recerca d&#8217;informaci\u00f3&hellip;\" \/>\n<meta property=\"og:url\" content=\"https:\/\/canfali.com\/ca-es\/mes-de-dos-mil-consultes-del-programa-de-la-setmana-santa-de-pego\/\" \/>\n<meta property=\"og:site_name\" content=\"Canfali\" \/>\n<meta property=\"article:publisher\" content=\"https:\/\/es-es.facebook.com\/CANFALIMarinaAlta\" \/>\n<meta property=\"article:published_time\" content=\"2025-04-24T10:55:08+00:00\" \/>\n<meta property=\"article:modified_time\" content=\"2025-04-25T09:05:42+00:00\" \/>\n<meta property=\"og:image\" content=\"https:\/\/canfali.com\/app\/uploads\/2025\/04\/semsanta-turist-bo.jpg\" \/>\n\t<meta property=\"og:image:width\" content=\"1108\" \/>\n\t<meta property=\"og:image:height\" content=\"907\" \/>\n\t<meta property=\"og:image:type\" content=\"image\/jpeg\" \/>\n<meta name=\"author\" content=\"JJ Mas\" \/>\n<meta name=\"twitter:card\" content=\"summary_large_image\" \/>\n<meta name=\"twitter:creator\" content=\"@canfalima\" \/>\n<meta name=\"twitter:site\" content=\"@canfalima\" \/>\n<meta name=\"twitter:label1\" content=\"Written by\" \/>\n\t<meta name=\"twitter:data1\" content=\"JJ Mas\" \/>\n\t<meta name=\"twitter:label2\" content=\"Est. reading time\" \/>\n\t<meta name=\"twitter:data2\" content=\"3 minutes\" \/>\n<script type=\"application\/ld+json\" class=\"yoast-schema-graph\">{\"@context\":\"https:\\\/\\\/schema.org\",\"@graph\":[{\"@type\":\"NewsArticle\",\"@id\":\"https:\\\/\\\/canfali.com\\\/ca-es\\\/mes-de-dos-mil-consultes-del-programa-de-la-setmana-santa-de-pego\\\/#article\",\"isPartOf\":{\"@id\":\"https:\\\/\\\/canfali.com\\\/ca-es\\\/mes-de-dos-mil-consultes-del-programa-de-la-setmana-santa-de-pego\\\/\"},\"author\":{\"name\":\"JJ Mas\",\"@id\":\"https:\\\/\\\/canfali.com\\\/ca-es\\\/#\\\/schema\\\/person\\\/d834d2d4df17cac754d3c314d4c404ef\"},\"headline\":\"M\u00e9s de dos mil consultes del programa de la Setmana Santa de Pego\",\"datePublished\":\"2025-04-24T10:55:08+00:00\",\"dateModified\":\"2025-04-25T09:05:42+00:00\",\"mainEntityOfPage\":{\"@id\":\"https:\\\/\\\/canfali.com\\\/ca-es\\\/mes-de-dos-mil-consultes-del-programa-de-la-setmana-santa-de-pego\\\/\"},\"wordCount\":592,\"publisher\":{\"@id\":\"https:\\\/\\\/canfali.com\\\/ca-es\\\/#organization\"},\"image\":{\"@id\":\"https:\\\/\\\/canfali.com\\\/ca-es\\\/mes-de-dos-mil-consultes-del-programa-de-la-setmana-santa-de-pego\\\/#primaryimage\"},\"thumbnailUrl\":\"https:\\\/\\\/canfali.com\\\/app\\\/uploads\\\/2025\\\/04\\\/semsanta-turist-bo.jpg\",\"keywords\":[\"Pego\",\"semana santa\",\"setmana\",\"tur\u00edstiques\",\"visites\"],\"articleSection\":[\"Cultura\"],\"inLanguage\":\"va-ES\",\"copyrightYear\":\"2025\",\"copyrightHolder\":{\"@id\":\"https:\\\/\\\/canfali.com\\\/#organization\"}},{\"@type\":\"WebPage\",\"@id\":\"https:\\\/\\\/canfali.com\\\/ca-es\\\/mes-de-dos-mil-consultes-del-programa-de-la-setmana-santa-de-pego\\\/\",\"url\":\"https:\\\/\\\/canfali.com\\\/ca-es\\\/mes-de-dos-mil-consultes-del-programa-de-la-setmana-santa-de-pego\\\/\",\"name\":\"M\u00e9s de dos mil consultes del programa de la Setmana Santa de Pego - Canfali\",\"isPartOf\":{\"@id\":\"https:\\\/\\\/canfali.com\\\/ca-es\\\/#website\"},\"primaryImageOfPage\":{\"@id\":\"https:\\\/\\\/canfali.com\\\/ca-es\\\/mes-de-dos-mil-consultes-del-programa-de-la-setmana-santa-de-pego\\\/#primaryimage\"},\"image\":{\"@id\":\"https:\\\/\\\/canfali.com\\\/ca-es\\\/mes-de-dos-mil-consultes-del-programa-de-la-setmana-santa-de-pego\\\/#primaryimage\"},\"thumbnailUrl\":\"https:\\\/\\\/canfali.com\\\/app\\\/uploads\\\/2025\\\/04\\\/semsanta-turist-bo.jpg\",\"datePublished\":\"2025-04-24T10:55:08+00:00\",\"dateModified\":\"2025-04-25T09:05:42+00:00\",\"breadcrumb\":{\"@id\":\"https:\\\/\\\/canfali.com\\\/ca-es\\\/mes-de-dos-mil-consultes-del-programa-de-la-setmana-santa-de-pego\\\/#breadcrumb\"},\"inLanguage\":\"va-ES\",\"potentialAction\":[{\"@type\":\"ReadAction\",\"target\":[\"https:\\\/\\\/canfali.com\\\/ca-es\\\/mes-de-dos-mil-consultes-del-programa-de-la-setmana-santa-de-pego\\\/\"]}]},{\"@type\":\"ImageObject\",\"inLanguage\":\"va-ES\",\"@id\":\"https:\\\/\\\/canfali.com\\\/ca-es\\\/mes-de-dos-mil-consultes-del-programa-de-la-setmana-santa-de-pego\\\/#primaryimage\",\"url\":\"https:\\\/\\\/canfali.com\\\/app\\\/uploads\\\/2025\\\/04\\\/semsanta-turist-bo.jpg\",\"contentUrl\":\"https:\\\/\\\/canfali.com\\\/app\\\/uploads\\\/2025\\\/04\\\/semsanta-turist-bo.jpg\",\"width\":1108,\"height\":907},{\"@type\":\"BreadcrumbList\",\"@id\":\"https:\\\/\\\/canfali.com\\\/ca-es\\\/mes-de-dos-mil-consultes-del-programa-de-la-setmana-santa-de-pego\\\/#breadcrumb\",\"itemListElement\":[{\"@type\":\"ListItem\",\"position\":1,\"name\":\"Portada\",\"item\":\"https:\\\/\\\/canfali.com\\\/ca-es\\\/\"},{\"@type\":\"ListItem\",\"position\":2,\"name\":\"M\u00e9s de dos mil consultes del programa de la Setmana Santa de Pego\"}]},{\"@type\":\"WebSite\",\"@id\":\"https:\\\/\\\/canfali.com\\\/ca-es\\\/#website\",\"url\":\"https:\\\/\\\/canfali.com\\\/ca-es\\\/\",\"name\":\"Canfali\",\"description\":\"\",\"publisher\":{\"@id\":\"https:\\\/\\\/canfali.com\\\/ca-es\\\/#organization\"},\"potentialAction\":[{\"@type\":\"SearchAction\",\"target\":{\"@type\":\"EntryPoint\",\"urlTemplate\":\"https:\\\/\\\/canfali.com\\\/ca-es\\\/?s={search_term_string}\"},\"query-input\":{\"@type\":\"PropertyValueSpecification\",\"valueRequired\":true,\"valueName\":\"search_term_string\"}}],\"inLanguage\":\"va-ES\"},{\"@type\":\"Organization\",\"@id\":\"https:\\\/\\\/canfali.com\\\/ca-es\\\/#organization\",\"name\":\"Canfali\",\"url\":\"https:\\\/\\\/canfali.com\\\/ca-es\\\/\",\"logo\":{\"@type\":\"ImageObject\",\"inLanguage\":\"va-ES\",\"@id\":\"https:\\\/\\\/canfali.com\\\/ca-es\\\/#\\\/schema\\\/logo\\\/image\\\/\",\"url\":\"https:\\\/\\\/canfali.com\\\/app\\\/uploads\\\/2025\\\/12\\\/canfali_marina_alta_logo.png\",\"contentUrl\":\"https:\\\/\\\/canfali.com\\\/app\\\/uploads\\\/2025\\\/12\\\/canfali_marina_alta_logo.png\",\"width\":225,\"height\":225,\"caption\":\"Canfali\"},\"image\":{\"@id\":\"https:\\\/\\\/canfali.com\\\/ca-es\\\/#\\\/schema\\\/logo\\\/image\\\/\"},\"sameAs\":[\"https:\\\/\\\/es-es.facebook.com\\\/CANFALIMarinaAlta\",\"https:\\\/\\\/x.com\\\/canfalima\",\"https:\\\/\\\/www.instagram.com\\\/canfalimarinaalta\\\/\"]},{\"@type\":\"Person\",\"@id\":\"https:\\\/\\\/canfali.com\\\/ca-es\\\/#\\\/schema\\\/person\\\/d834d2d4df17cac754d3c314d4c404ef\",\"name\":\"JJ Mas\",\"image\":{\"@type\":\"ImageObject\",\"inLanguage\":\"va-ES\",\"@id\":\"https:\\\/\\\/secure.gravatar.com\\\/avatar\\\/65a5191f5438bf88c2394f6d1a625a6ff903c8785268e603c623a83bc15ba1ee?s=96&d=mm&r=g\",\"url\":\"https:\\\/\\\/secure.gravatar.com\\\/avatar\\\/65a5191f5438bf88c2394f6d1a625a6ff903c8785268e603c623a83bc15ba1ee?s=96&d=mm&r=g\",\"contentUrl\":\"https:\\\/\\\/secure.gravatar.com\\\/avatar\\\/65a5191f5438bf88c2394f6d1a625a6ff903c8785268e603c623a83bc15ba1ee?s=96&d=mm&r=g\",\"caption\":\"JJ Mas\"},\"url\":\"https:\\\/\\\/canfali.com\\\/ca-es\\\/author\\\/jj\\\/\"}]}<\/script>\n<!-- \/ Yoast SEO Premium plugin. -->","yoast_head_json":{"title":"M\u00e9s de dos mil consultes del programa de la Setmana Santa de Pego - Canfali","robots":{"index":"index","follow":"follow","max-snippet":"max-snippet:-1","max-image-preview":"max-image-preview:large","max-video-preview":"max-video-preview:-1"},"canonical":"https:\/\/canfali.com\/ca-es\/mes-de-dos-mil-consultes-del-programa-de-la-setmana-santa-de-pego\/","og_locale":"en_US","og_type":"article","og_title":"M\u00e9s de dos mil consultes del programa de la Setmana Santa de Pego","og_description":"La Regidoria de Turisme constata que el format online s&#8217;ha convertit en la principal forma de recerca d&#8217;informaci\u00f3&hellip;","og_url":"https:\/\/canfali.com\/ca-es\/mes-de-dos-mil-consultes-del-programa-de-la-setmana-santa-de-pego\/","og_site_name":"Canfali","article_publisher":"https:\/\/es-es.facebook.com\/CANFALIMarinaAlta","article_published_time":"2025-04-24T10:55:08+00:00","article_modified_time":"2025-04-25T09:05:42+00:00","og_image":[{"width":1108,"height":907,"url":"https:\/\/canfali.com\/app\/uploads\/2025\/04\/semsanta-turist-bo.jpg","type":"image\/jpeg"}],"author":"JJ Mas","twitter_card":"summary_large_image","twitter_creator":"@canfalima","twitter_site":"@canfalima","twitter_misc":{"Written by":"JJ Mas","Est. reading time":"3 minutes"},"schema":{"@context":"https:\/\/schema.org","@graph":[{"@type":"NewsArticle","@id":"https:\/\/canfali.com\/ca-es\/mes-de-dos-mil-consultes-del-programa-de-la-setmana-santa-de-pego\/#article","isPartOf":{"@id":"https:\/\/canfali.com\/ca-es\/mes-de-dos-mil-consultes-del-programa-de-la-setmana-santa-de-pego\/"},"author":{"name":"JJ Mas","@id":"https:\/\/canfali.com\/ca-es\/#\/schema\/person\/d834d2d4df17cac754d3c314d4c404ef"},"headline":"M\u00e9s de dos mil consultes del programa de la Setmana Santa de Pego","datePublished":"2025-04-24T10:55:08+00:00","dateModified":"2025-04-25T09:05:42+00:00","mainEntityOfPage":{"@id":"https:\/\/canfali.com\/ca-es\/mes-de-dos-mil-consultes-del-programa-de-la-setmana-santa-de-pego\/"},"wordCount":592,"publisher":{"@id":"https:\/\/canfali.com\/ca-es\/#organization"},"image":{"@id":"https:\/\/canfali.com\/ca-es\/mes-de-dos-mil-consultes-del-programa-de-la-setmana-santa-de-pego\/#primaryimage"},"thumbnailUrl":"https:\/\/canfali.com\/app\/uploads\/2025\/04\/semsanta-turist-bo.jpg","keywords":["Pego","semana santa","setmana","tur\u00edstiques","visites"],"articleSection":["Cultura"],"inLanguage":"va-ES","copyrightYear":"2025","copyrightHolder":{"@id":"https:\/\/canfali.com\/#organization"}},{"@type":"WebPage","@id":"https:\/\/canfali.com\/ca-es\/mes-de-dos-mil-consultes-del-programa-de-la-setmana-santa-de-pego\/","url":"https:\/\/canfali.com\/ca-es\/mes-de-dos-mil-consultes-del-programa-de-la-setmana-santa-de-pego\/","name":"M\u00e9s de dos mil consultes del programa de la Setmana Santa de Pego - Canfali","isPartOf":{"@id":"https:\/\/canfali.com\/ca-es\/#website"},"primaryImageOfPage":{"@id":"https:\/\/canfali.com\/ca-es\/mes-de-dos-mil-consultes-del-programa-de-la-setmana-santa-de-pego\/#primaryimage"},"image":{"@id":"https:\/\/canfali.com\/ca-es\/mes-de-dos-mil-consultes-del-programa-de-la-setmana-santa-de-pego\/#primaryimage"},"thumbnailUrl":"https:\/\/canfali.com\/app\/uploads\/2025\/04\/semsanta-turist-bo.jpg","datePublished":"2025-04-24T10:55:08+00:00","dateModified":"2025-04-25T09:05:42+00:00","breadcrumb":{"@id":"https:\/\/canfali.com\/ca-es\/mes-de-dos-mil-consultes-del-programa-de-la-setmana-santa-de-pego\/#breadcrumb"},"inLanguage":"va-ES","potentialAction":[{"@type":"ReadAction","target":["https:\/\/canfali.com\/ca-es\/mes-de-dos-mil-consultes-del-programa-de-la-setmana-santa-de-pego\/"]}]},{"@type":"ImageObject","inLanguage":"va-ES","@id":"https:\/\/canfali.com\/ca-es\/mes-de-dos-mil-consultes-del-programa-de-la-setmana-santa-de-pego\/#primaryimage","url":"https:\/\/canfali.com\/app\/uploads\/2025\/04\/semsanta-turist-bo.jpg","contentUrl":"https:\/\/canfali.com\/app\/uploads\/2025\/04\/semsanta-turist-bo.jpg","width":1108,"height":907},{"@type":"BreadcrumbList","@id":"https:\/\/canfali.com\/ca-es\/mes-de-dos-mil-consultes-del-programa-de-la-setmana-santa-de-pego\/#breadcrumb","itemListElement":[{"@type":"ListItem","position":1,"name":"Portada","item":"https:\/\/canfali.com\/ca-es\/"},{"@type":"ListItem","position":2,"name":"M\u00e9s de dos mil consultes del programa de la Setmana Santa de Pego"}]},{"@type":"WebSite","@id":"https:\/\/canfali.com\/ca-es\/#website","url":"https:\/\/canfali.com\/ca-es\/","name":"Canfali","description":"","publisher":{"@id":"https:\/\/canfali.com\/ca-es\/#organization"},"potentialAction":[{"@type":"SearchAction","target":{"@type":"EntryPoint","urlTemplate":"https:\/\/canfali.com\/ca-es\/?s={search_term_string}"},"query-input":{"@type":"PropertyValueSpecification","valueRequired":true,"valueName":"search_term_string"}}],"inLanguage":"va-ES"},{"@type":"Organization","@id":"https:\/\/canfali.com\/ca-es\/#organization","name":"Canfali","url":"https:\/\/canfali.com\/ca-es\/","logo":{"@type":"ImageObject","inLanguage":"va-ES","@id":"https:\/\/canfali.com\/ca-es\/#\/schema\/logo\/image\/","url":"https:\/\/canfali.com\/app\/uploads\/2025\/12\/canfali_marina_alta_logo.png","contentUrl":"https:\/\/canfali.com\/app\/uploads\/2025\/12\/canfali_marina_alta_logo.png","width":225,"height":225,"caption":"Canfali"},"image":{"@id":"https:\/\/canfali.com\/ca-es\/#\/schema\/logo\/image\/"},"sameAs":["https:\/\/es-es.facebook.com\/CANFALIMarinaAlta","https:\/\/x.com\/canfalima","https:\/\/www.instagram.com\/canfalimarinaalta\/"]},{"@type":"Person","@id":"https:\/\/canfali.com\/ca-es\/#\/schema\/person\/d834d2d4df17cac754d3c314d4c404ef","name":"JJ Mas","image":{"@type":"ImageObject","inLanguage":"va-ES","@id":"https:\/\/secure.gravatar.com\/avatar\/65a5191f5438bf88c2394f6d1a625a6ff903c8785268e603c623a83bc15ba1ee?s=96&d=mm&r=g","url":"https:\/\/secure.gravatar.com\/avatar\/65a5191f5438bf88c2394f6d1a625a6ff903c8785268e603c623a83bc15ba1ee?s=96&d=mm&r=g","contentUrl":"https:\/\/secure.gravatar.com\/avatar\/65a5191f5438bf88c2394f6d1a625a6ff903c8785268e603c623a83bc15ba1ee?s=96&d=mm&r=g","caption":"JJ Mas"},"url":"https:\/\/canfali.com\/ca-es\/author\/jj\/"}]}},"_links":{"self":[{"href":"https:\/\/canfali.com\/ca-es\/wp-json\/wp\/v2\/posts\/62524","targetHints":{"allow":["GET"]}}],"collection":[{"href":"https:\/\/canfali.com\/ca-es\/wp-json\/wp\/v2\/posts"}],"about":[{"href":"https:\/\/canfali.com\/ca-es\/wp-json\/wp\/v2\/types\/post"}],"author":[{"embeddable":true,"href":"https:\/\/canfali.com\/ca-es\/wp-json\/wp\/v2\/users\/4"}],"replies":[{"embeddable":true,"href":"https:\/\/canfali.com\/ca-es\/wp-json\/wp\/v2\/comments?post=62524"}],"version-history":[{"count":1,"href":"https:\/\/canfali.com\/ca-es\/wp-json\/wp\/v2\/posts\/62524\/revisions"}],"predecessor-version":[{"id":62537,"href":"https:\/\/canfali.com\/ca-es\/wp-json\/wp\/v2\/posts\/62524\/revisions\/62537"}],"wp:featuredmedia":[{"embeddable":true,"href":"https:\/\/canfali.com\/ca-es\/wp-json\/wp\/v2\/media\/62527"}],"wp:attachment":[{"href":"https:\/\/canfali.com\/ca-es\/wp-json\/wp\/v2\/media?parent=62524"}],"wp:term":[{"taxonomy":"category","embeddable":true,"href":"https:\/\/canfali.com\/ca-es\/wp-json\/wp\/v2\/categories?post=62524"},{"taxonomy":"post_tag","embeddable":true,"href":"https:\/\/canfali.com\/ca-es\/wp-json\/wp\/v2\/tags?post=62524"}],"curies":[{"name":"wp","href":"https:\/\/api.w.org\/{rel}","templated":true}]}}