{"id":62227,"date":"2025-04-17T19:30:45","date_gmt":"2025-04-17T17:30:45","guid":{"rendered":"https:\/\/canfali.com\/frank-de-vuyst-i-la-banda-de-denia-separen-els-seus-camins\/"},"modified":"2025-04-22T15:15:45","modified_gmt":"2025-04-22T13:15:45","slug":"frank-de-vuyst-i-la-banda-de-denia-separen-els-seus-camins","status":"publish","type":"post","link":"https:\/\/canfali.com\/ca-es\/frank-de-vuyst-i-la-banda-de-denia-separen-els-seus-camins\/","title":{"rendered":"Frank de Vuyst i la Banda de D\u00e9nia separen els seus camins"},"content":{"rendered":"\n<p><\/p>\n\n<blockquote class=\"wp-block-quote is-layout-flow wp-block-quote-is-layout-flow\">\n<p>La Agrupaci\u00f3 Art\u00edstica Musical assegura que, despr\u00e9s de 23 anys, la decisi\u00f3 no ha estat f\u00e0cil i cedeix la direcci\u00f3 temporal a Javier Pinto<\/p>\n<\/blockquote>\n\n<p>\u201cNo ha estat una decisi\u00f3 f\u00e0cil per\u00f2 s\u00ed necess\u00e0ria\u201d, indicava l&#8217;Agrupaci\u00f3 Art\u00edstica Musical el dimecres en les seves xarxes socials despr\u00e9s que transcend\u00eds que la direcci\u00f3 de la Banda ha quedat vacant. Frank de Vuyst va deixar de ser el director a principis de mar\u00e7, un lloc que ha estat assumit de manera temporal per Javier Pinto, m\u00fasic de la casa i persona de confian\u00e7a de la Junta Directiva. Amb la marxa de De Vuyst, es posa fi a una etapa en la qual la formaci\u00f3 musical de major arrelament a la ciutat ha viscut experi\u00e8ncies inoblidables. Han passat gaireb\u00e9 23 anys des d&#8217;aquell mes d&#8217;agost de 2002 en el qual el m\u00fasic belga prenia una batuta que ha fet cr\u00e9ixer musicalment la Banda i la ciutat de D\u00e9nia. Amb ell, totes dues han descobert noves maneres de fer i de viure la m\u00fasica de banda, amb concerts sublims i experi\u00e8ncies que han donat molt a parlar.<\/p>\n\n<p>Amb Frank de Vuyst, l&#8217;Agrupaci\u00f3 Art\u00edstica Musical de D\u00e9nia va tornar a participar, i triomfar (Internacional Vila d\u2019Altea) en cert\u00e0mens de bandes. Junts han gravat dos CD i han ofert concerts memorables, molts d&#8217;ells druant la Festa Major. Com a mostra, l&#8217;\u00faltim que es va celebrar en la Pla\u00e7a del Convent, en 2005, amb dues obres espl\u00e8ndides, Carmina Burana i 1812. En aquest cas va haver-hi acompanyament piromusical.<\/p>\n\n<figure class=\"wp-block-image size-large\"><img fetchpriority=\"high\" decoding=\"async\" width=\"1024\" height=\"683\" src=\"https:\/\/canfali.com\/app\/uploads\/2025\/04\/frank-2-1024x683.jpg\" alt=\"\" class=\"wp-image-62216\" srcset=\"https:\/\/canfali.com\/app\/uploads\/2025\/04\/frank-2-1024x683.jpg 1024w, https:\/\/canfali.com\/app\/uploads\/2025\/04\/frank-2-300x200.jpg 300w, https:\/\/canfali.com\/app\/uploads\/2025\/04\/frank-2-768x512.jpg 768w, https:\/\/canfali.com\/app\/uploads\/2025\/04\/frank-2-1536x1024.jpg 1536w, https:\/\/canfali.com\/app\/uploads\/2025\/04\/frank-2-2048x1365.jpg 2048w, https:\/\/canfali.com\/app\/uploads\/2025\/04\/frank-2-scaled.jpg 2560w\" sizes=\"(max-width: 1024px) 100vw, 1024px\" \/><\/figure>\n\n<p>Moltes coses m\u00e9s s&#8217;han escoltat sota la seva direcci\u00f3, tangos, boleros, a bar\u00edtons i tenors, obres arriscades, estrenes, concerts amb cantautors, com els dos que va oferir amb Llu\u00eds Llach, o amb music\u00f2legs obstinats a recuperar sons i instruments antics, com fa el gallec Abraham Cupeiro. Fora de casa, l&#8217;Agrupaci\u00f3 Art\u00edstica Musical ha donat grans i petits salts pel territori -Aranda de Duero, Reus, el Palau de la M\u00fasica de Val\u00e8ncia, el ADDA d&#8217;Alacant, Portugal, Corea- per a portar la m\u00fasica de banda a tots els racons.<\/p>\n\n<figure class=\"wp-block-image size-large\"><img decoding=\"async\" width=\"1024\" height=\"678\" src=\"https:\/\/canfali.com\/app\/uploads\/2025\/04\/FESTbanda-43-1024x678.jpg\" alt=\"\" class=\"wp-image-62224\" srcset=\"https:\/\/canfali.com\/app\/uploads\/2025\/04\/FESTbanda-43-1024x678.jpg 1024w, https:\/\/canfali.com\/app\/uploads\/2025\/04\/FESTbanda-43-300x199.jpg 300w, https:\/\/canfali.com\/app\/uploads\/2025\/04\/FESTbanda-43-768x509.jpg 768w, https:\/\/canfali.com\/app\/uploads\/2025\/04\/FESTbanda-43-1536x1017.jpg 1536w, https:\/\/canfali.com\/app\/uploads\/2025\/04\/FESTbanda-43-2048x1356.jpg 2048w, https:\/\/canfali.com\/app\/uploads\/2025\/04\/FESTbanda-43-scaled.jpg 2560w\" sizes=\"(max-width: 1024px) 100vw, 1024px\" \/><\/figure>\n\n<p>Sota la seva direcci\u00f3, la Banda de D\u00e9nia va reunir un bon planter d&#8217;antics m\u00fasics per a celebrar el 65 aniversari i va recollir no fa molt, en 2023, el Premi Euterpe a la Participaci\u00f3 de la Federaci\u00f3 de Societats Musicals de la Comunitat Valenciana.<\/p>\n\n<p>En el comunicat que ha fet p\u00fablic, la Agrupaci\u00f3 Art\u00edstica Musical diu haver posat punt final al cam\u00ed compartit amb el seu director despr\u00e9s de \u201c23 anys plens de m\u00fasica, aprenentatges, alegries i moments que guardarem sempre en el record\u201d. Assegura que ha estat \u201cun luxe\u201d haver pogut comptar amb ell i amb el seu treball, \u201ctant per la teva professionalitat com, sobretot, per la teva qualitat humana\u201d. A trav\u00e9s de diverses imatges, recorda alguns dels moments i projectes viscuts i, a m\u00e9s, agraeix a la seva fam\u00edlia la col\u00b7laboraci\u00f3 i les viv\u00e8ncies compartides.<\/p>\n\n<figure class=\"wp-block-image size-large\"><img decoding=\"async\" width=\"1024\" height=\"683\" src=\"https:\/\/canfali.com\/app\/uploads\/2025\/04\/frank-3-1024x683.jpg\" alt=\"\" class=\"wp-image-62218\" srcset=\"https:\/\/canfali.com\/app\/uploads\/2025\/04\/frank-3-1024x683.jpg 1024w, https:\/\/canfali.com\/app\/uploads\/2025\/04\/frank-3-300x200.jpg 300w, https:\/\/canfali.com\/app\/uploads\/2025\/04\/frank-3-768x512.jpg 768w, https:\/\/canfali.com\/app\/uploads\/2025\/04\/frank-3-1536x1024.jpg 1536w, https:\/\/canfali.com\/app\/uploads\/2025\/04\/frank-3-2048x1365.jpg 2048w, https:\/\/canfali.com\/app\/uploads\/2025\/04\/frank-3.jpg 2496w\" sizes=\"(max-width: 1024px) 100vw, 1024px\" \/><\/figure>\n\n<p>Els m\u00fasics desitgen a de Vuyst el millor i li fan saber que \u201csempre tindr\u00e0s un lloc en la Banda de D\u00e9nia\u201d. Despr\u00e9s de la rescissi\u00f3 de la relaci\u00f3 laboral, el president de l&#8217;agrupaci\u00f3, Robert Frau, tamb\u00e9 ha volgut agrair personalment al director el temps compartit.<\/p>\n\n<p>Frank de Vuyst, que va comen\u00e7ar la seva relaci\u00f3 amb la Banda de D\u00e9nia com a m\u00fasic -ell tocava el saxo i la seva dona la trompeta- dirigeix la Uni\u00f3 Musical de Torrent, \u00e9s el director art\u00edstic de la Wind Orchestra Zaragoza i coordina diversos projectes amb bandes de Col\u00f2mbia.<\/p>\n\n<figure class=\"wp-block-image size-large\"><img loading=\"lazy\" decoding=\"async\" width=\"1024\" height=\"678\" src=\"https:\/\/canfali.com\/app\/uploads\/2025\/04\/FESTbanda-3-1024x678.jpg\" alt=\"\" class=\"wp-image-62220\" srcset=\"https:\/\/canfali.com\/app\/uploads\/2025\/04\/FESTbanda-3-1024x678.jpg 1024w, https:\/\/canfali.com\/app\/uploads\/2025\/04\/FESTbanda-3-300x199.jpg 300w, https:\/\/canfali.com\/app\/uploads\/2025\/04\/FESTbanda-3-768x509.jpg 768w, https:\/\/canfali.com\/app\/uploads\/2025\/04\/FESTbanda-3-1536x1017.jpg 1536w, https:\/\/canfali.com\/app\/uploads\/2025\/04\/FESTbanda-3-2048x1356.jpg 2048w, https:\/\/canfali.com\/app\/uploads\/2025\/04\/FESTbanda-3-scaled.jpg 2560w\" sizes=\"(max-width: 1024px) 100vw, 1024px\" \/><\/figure>\n\n<p><strong>MOMENT D&#8217;<em>IMPASSE<\/em><\/strong><\/p>\n\n<p>Durant els pr\u00f2xims mesos, Javier Pinto estar\u00e0 al capdavant de la direcci\u00f3 de la Banda de D\u00e9nia. Director i compositor, tamb\u00e9 dirigeix l&#8217;Escola de M\u00fasica Manuel Lattur i les bandes Juvenil i Infantil. En aquest temps de punt mort, l&#8217;Agrupaci\u00f3 Art\u00edstica Musical decidir\u00e0 quin \u00e9s el procediment a seguir en la selecci\u00f3 i contractaci\u00f3 d&#8217;un nou director.<\/p>\n\n<p><\/p>\n","protected":false},"excerpt":{"rendered":"La Agrupaci\u00f3 Art\u00edstica Musical assegura que, despr\u00e9s de 23 anys, la decisi\u00f3 no ha estat f\u00e0cil i cedeix&hellip;","protected":false},"author":6,"featured_media":62215,"comment_status":"closed","ping_status":"closed","sticky":false,"template":"","format":"standard","meta":{"csco_display_header_overlay":false,"csco_singular_sidebar":"","csco_page_header_type":"","csco_page_load_nextpost":"","csco_post_video_location":[],"csco_post_video_location_hash":"","csco_post_video_url":"","csco_post_video_bg_start_time":0,"csco_post_video_bg_end_time":0,"footnotes":""},"categories":[579],"tags":[1692,979,687,1691],"class_list":{"0":"post-62227","1":"post","2":"type-post","3":"status-publish","4":"format-standard","5":"has-post-thumbnail","7":"category-cultura-2","8":"tag-agrupacio-artistica-musical-ca-es","9":"tag-banda","10":"tag-denia-ca-es","11":"tag-musica-ca-es","12":"cs-entry","13":"cs-video-wrap"},"yoast_head":"<!-- This site is optimized with the Yoast SEO Premium plugin v26.6 (Yoast SEO v27.3) - https:\/\/yoast.com\/product\/yoast-seo-premium-wordpress\/ -->\n<title>Frank de Vuyst i la Banda de D\u00e9nia separen els seus camins - Canfali<\/title>\n<meta name=\"robots\" content=\"index, follow, max-snippet:-1, max-image-preview:large, max-video-preview:-1\" \/>\n<link rel=\"canonical\" href=\"https:\/\/canfali.com\/ca-es\/frank-de-vuyst-i-la-banda-de-denia-separen-els-seus-camins\/\" \/>\n<meta property=\"og:locale\" content=\"en_US\" \/>\n<meta property=\"og:type\" content=\"article\" \/>\n<meta property=\"og:title\" content=\"Frank de Vuyst i la Banda de D\u00e9nia separen els seus camins\" \/>\n<meta property=\"og:description\" content=\"La Agrupaci\u00f3 Art\u00edstica Musical assegura que, despr\u00e9s de 23 anys, la decisi\u00f3 no ha estat f\u00e0cil i cedeix&hellip;\" \/>\n<meta property=\"og:url\" content=\"https:\/\/canfali.com\/ca-es\/frank-de-vuyst-i-la-banda-de-denia-separen-els-seus-camins\/\" \/>\n<meta property=\"og:site_name\" content=\"Canfali\" \/>\n<meta property=\"article:publisher\" content=\"https:\/\/es-es.facebook.com\/CANFALIMarinaAlta\" \/>\n<meta property=\"article:published_time\" content=\"2025-04-17T17:30:45+00:00\" \/>\n<meta property=\"article:modified_time\" content=\"2025-04-22T13:15:45+00:00\" \/>\n<meta property=\"og:image\" content=\"https:\/\/canfali.com\/app\/uploads\/2025\/04\/43599516_1833558556680866_4297566103401398272_n-e1745327738997.jpg\" \/>\n\t<meta property=\"og:image:width\" content=\"1200\" \/>\n\t<meta property=\"og:image:height\" content=\"800\" \/>\n\t<meta property=\"og:image:type\" content=\"image\/jpeg\" \/>\n<meta name=\"author\" content=\"Rosa\" \/>\n<meta name=\"twitter:card\" content=\"summary_large_image\" \/>\n<meta name=\"twitter:creator\" content=\"@canfalima\" \/>\n<meta name=\"twitter:site\" content=\"@canfalima\" \/>\n<meta name=\"twitter:label1\" content=\"Written by\" \/>\n\t<meta name=\"twitter:data1\" content=\"Rosa\" \/>\n\t<meta name=\"twitter:label2\" content=\"Est. reading time\" \/>\n\t<meta name=\"twitter:data2\" content=\"3 minutes\" \/>\n<script type=\"application\/ld+json\" class=\"yoast-schema-graph\">{\"@context\":\"https:\\\/\\\/schema.org\",\"@graph\":[{\"@type\":\"NewsArticle\",\"@id\":\"https:\\\/\\\/canfali.com\\\/ca-es\\\/frank-de-vuyst-i-la-banda-de-denia-separen-els-seus-camins\\\/#article\",\"isPartOf\":{\"@id\":\"https:\\\/\\\/canfali.com\\\/ca-es\\\/frank-de-vuyst-i-la-banda-de-denia-separen-els-seus-camins\\\/\"},\"author\":{\"name\":\"Rosa\",\"@id\":\"https:\\\/\\\/canfali.com\\\/ca-es\\\/#\\\/schema\\\/person\\\/c861a7aa2b2495357b95f35bd5d82f88\"},\"headline\":\"Frank de Vuyst i la Banda de D\u00e9nia separen els seus camins\",\"datePublished\":\"2025-04-17T17:30:45+00:00\",\"dateModified\":\"2025-04-22T13:15:45+00:00\",\"mainEntityOfPage\":{\"@id\":\"https:\\\/\\\/canfali.com\\\/ca-es\\\/frank-de-vuyst-i-la-banda-de-denia-separen-els-seus-camins\\\/\"},\"wordCount\":704,\"publisher\":{\"@id\":\"https:\\\/\\\/canfali.com\\\/ca-es\\\/#organization\"},\"image\":{\"@id\":\"https:\\\/\\\/canfali.com\\\/ca-es\\\/frank-de-vuyst-i-la-banda-de-denia-separen-els-seus-camins\\\/#primaryimage\"},\"thumbnailUrl\":\"https:\\\/\\\/canfali.com\\\/app\\\/uploads\\\/2025\\\/04\\\/43599516_1833558556680866_4297566103401398272_n-e1745327738997.jpg\",\"keywords\":[\"Agrupaci\u00f3 Art\u00edstica Musical\",\"banda\",\"d\u00e9nia\",\"m\u00fasica\"],\"articleSection\":[\"Cultura\"],\"inLanguage\":\"va-ES\",\"copyrightYear\":\"2025\",\"copyrightHolder\":{\"@id\":\"https:\\\/\\\/canfali.com\\\/#organization\"}},{\"@type\":\"WebPage\",\"@id\":\"https:\\\/\\\/canfali.com\\\/ca-es\\\/frank-de-vuyst-i-la-banda-de-denia-separen-els-seus-camins\\\/\",\"url\":\"https:\\\/\\\/canfali.com\\\/ca-es\\\/frank-de-vuyst-i-la-banda-de-denia-separen-els-seus-camins\\\/\",\"name\":\"Frank de Vuyst i la Banda de D\u00e9nia separen els seus camins - Canfali\",\"isPartOf\":{\"@id\":\"https:\\\/\\\/canfali.com\\\/ca-es\\\/#website\"},\"primaryImageOfPage\":{\"@id\":\"https:\\\/\\\/canfali.com\\\/ca-es\\\/frank-de-vuyst-i-la-banda-de-denia-separen-els-seus-camins\\\/#primaryimage\"},\"image\":{\"@id\":\"https:\\\/\\\/canfali.com\\\/ca-es\\\/frank-de-vuyst-i-la-banda-de-denia-separen-els-seus-camins\\\/#primaryimage\"},\"thumbnailUrl\":\"https:\\\/\\\/canfali.com\\\/app\\\/uploads\\\/2025\\\/04\\\/43599516_1833558556680866_4297566103401398272_n-e1745327738997.jpg\",\"datePublished\":\"2025-04-17T17:30:45+00:00\",\"dateModified\":\"2025-04-22T13:15:45+00:00\",\"breadcrumb\":{\"@id\":\"https:\\\/\\\/canfali.com\\\/ca-es\\\/frank-de-vuyst-i-la-banda-de-denia-separen-els-seus-camins\\\/#breadcrumb\"},\"inLanguage\":\"va-ES\",\"potentialAction\":[{\"@type\":\"ReadAction\",\"target\":[\"https:\\\/\\\/canfali.com\\\/ca-es\\\/frank-de-vuyst-i-la-banda-de-denia-separen-els-seus-camins\\\/\"]}]},{\"@type\":\"ImageObject\",\"inLanguage\":\"va-ES\",\"@id\":\"https:\\\/\\\/canfali.com\\\/ca-es\\\/frank-de-vuyst-i-la-banda-de-denia-separen-els-seus-camins\\\/#primaryimage\",\"url\":\"https:\\\/\\\/canfali.com\\\/app\\\/uploads\\\/2025\\\/04\\\/43599516_1833558556680866_4297566103401398272_n-e1745327738997.jpg\",\"contentUrl\":\"https:\\\/\\\/canfali.com\\\/app\\\/uploads\\\/2025\\\/04\\\/43599516_1833558556680866_4297566103401398272_n-e1745327738997.jpg\",\"width\":1200,\"height\":800},{\"@type\":\"BreadcrumbList\",\"@id\":\"https:\\\/\\\/canfali.com\\\/ca-es\\\/frank-de-vuyst-i-la-banda-de-denia-separen-els-seus-camins\\\/#breadcrumb\",\"itemListElement\":[{\"@type\":\"ListItem\",\"position\":1,\"name\":\"Portada\",\"item\":\"https:\\\/\\\/canfali.com\\\/ca-es\\\/\"},{\"@type\":\"ListItem\",\"position\":2,\"name\":\"Frank de Vuyst i la Banda de D\u00e9nia separen els seus camins\"}]},{\"@type\":\"WebSite\",\"@id\":\"https:\\\/\\\/canfali.com\\\/ca-es\\\/#website\",\"url\":\"https:\\\/\\\/canfali.com\\\/ca-es\\\/\",\"name\":\"Canfali\",\"description\":\"\",\"publisher\":{\"@id\":\"https:\\\/\\\/canfali.com\\\/ca-es\\\/#organization\"},\"potentialAction\":[{\"@type\":\"SearchAction\",\"target\":{\"@type\":\"EntryPoint\",\"urlTemplate\":\"https:\\\/\\\/canfali.com\\\/ca-es\\\/?s={search_term_string}\"},\"query-input\":{\"@type\":\"PropertyValueSpecification\",\"valueRequired\":true,\"valueName\":\"search_term_string\"}}],\"inLanguage\":\"va-ES\"},{\"@type\":\"Organization\",\"@id\":\"https:\\\/\\\/canfali.com\\\/ca-es\\\/#organization\",\"name\":\"Canfali\",\"url\":\"https:\\\/\\\/canfali.com\\\/ca-es\\\/\",\"logo\":{\"@type\":\"ImageObject\",\"inLanguage\":\"va-ES\",\"@id\":\"https:\\\/\\\/canfali.com\\\/ca-es\\\/#\\\/schema\\\/logo\\\/image\\\/\",\"url\":\"https:\\\/\\\/canfali.com\\\/app\\\/uploads\\\/2025\\\/12\\\/canfali_marina_alta_logo.png\",\"contentUrl\":\"https:\\\/\\\/canfali.com\\\/app\\\/uploads\\\/2025\\\/12\\\/canfali_marina_alta_logo.png\",\"width\":225,\"height\":225,\"caption\":\"Canfali\"},\"image\":{\"@id\":\"https:\\\/\\\/canfali.com\\\/ca-es\\\/#\\\/schema\\\/logo\\\/image\\\/\"},\"sameAs\":[\"https:\\\/\\\/es-es.facebook.com\\\/CANFALIMarinaAlta\",\"https:\\\/\\\/x.com\\\/canfalima\",\"https:\\\/\\\/www.instagram.com\\\/canfalimarinaalta\\\/\"]},{\"@type\":\"Person\",\"@id\":\"https:\\\/\\\/canfali.com\\\/ca-es\\\/#\\\/schema\\\/person\\\/c861a7aa2b2495357b95f35bd5d82f88\",\"name\":\"Rosa\",\"image\":{\"@type\":\"ImageObject\",\"inLanguage\":\"va-ES\",\"@id\":\"https:\\\/\\\/secure.gravatar.com\\\/avatar\\\/47fb83d99423a6ef1cf9f83f02a5e91366c671dec76c5c24badf1b0494e1d960?s=96&d=mm&r=g\",\"url\":\"https:\\\/\\\/secure.gravatar.com\\\/avatar\\\/47fb83d99423a6ef1cf9f83f02a5e91366c671dec76c5c24badf1b0494e1d960?s=96&d=mm&r=g\",\"contentUrl\":\"https:\\\/\\\/secure.gravatar.com\\\/avatar\\\/47fb83d99423a6ef1cf9f83f02a5e91366c671dec76c5c24badf1b0494e1d960?s=96&d=mm&r=g\",\"caption\":\"Rosa\"},\"url\":\"https:\\\/\\\/canfali.com\\\/ca-es\\\/author\\\/rosa\\\/\"}]}<\/script>\n<!-- \/ Yoast SEO Premium plugin. -->","yoast_head_json":{"title":"Frank de Vuyst i la Banda de D\u00e9nia separen els seus camins - Canfali","robots":{"index":"index","follow":"follow","max-snippet":"max-snippet:-1","max-image-preview":"max-image-preview:large","max-video-preview":"max-video-preview:-1"},"canonical":"https:\/\/canfali.com\/ca-es\/frank-de-vuyst-i-la-banda-de-denia-separen-els-seus-camins\/","og_locale":"en_US","og_type":"article","og_title":"Frank de Vuyst i la Banda de D\u00e9nia separen els seus camins","og_description":"La Agrupaci\u00f3 Art\u00edstica Musical assegura que, despr\u00e9s de 23 anys, la decisi\u00f3 no ha estat f\u00e0cil i cedeix&hellip;","og_url":"https:\/\/canfali.com\/ca-es\/frank-de-vuyst-i-la-banda-de-denia-separen-els-seus-camins\/","og_site_name":"Canfali","article_publisher":"https:\/\/es-es.facebook.com\/CANFALIMarinaAlta","article_published_time":"2025-04-17T17:30:45+00:00","article_modified_time":"2025-04-22T13:15:45+00:00","og_image":[{"width":1200,"height":800,"url":"https:\/\/canfali.com\/app\/uploads\/2025\/04\/43599516_1833558556680866_4297566103401398272_n-e1745327738997.jpg","type":"image\/jpeg"}],"author":"Rosa","twitter_card":"summary_large_image","twitter_creator":"@canfalima","twitter_site":"@canfalima","twitter_misc":{"Written by":"Rosa","Est. reading time":"3 minutes"},"schema":{"@context":"https:\/\/schema.org","@graph":[{"@type":"NewsArticle","@id":"https:\/\/canfali.com\/ca-es\/frank-de-vuyst-i-la-banda-de-denia-separen-els-seus-camins\/#article","isPartOf":{"@id":"https:\/\/canfali.com\/ca-es\/frank-de-vuyst-i-la-banda-de-denia-separen-els-seus-camins\/"},"author":{"name":"Rosa","@id":"https:\/\/canfali.com\/ca-es\/#\/schema\/person\/c861a7aa2b2495357b95f35bd5d82f88"},"headline":"Frank de Vuyst i la Banda de D\u00e9nia separen els seus camins","datePublished":"2025-04-17T17:30:45+00:00","dateModified":"2025-04-22T13:15:45+00:00","mainEntityOfPage":{"@id":"https:\/\/canfali.com\/ca-es\/frank-de-vuyst-i-la-banda-de-denia-separen-els-seus-camins\/"},"wordCount":704,"publisher":{"@id":"https:\/\/canfali.com\/ca-es\/#organization"},"image":{"@id":"https:\/\/canfali.com\/ca-es\/frank-de-vuyst-i-la-banda-de-denia-separen-els-seus-camins\/#primaryimage"},"thumbnailUrl":"https:\/\/canfali.com\/app\/uploads\/2025\/04\/43599516_1833558556680866_4297566103401398272_n-e1745327738997.jpg","keywords":["Agrupaci\u00f3 Art\u00edstica Musical","banda","d\u00e9nia","m\u00fasica"],"articleSection":["Cultura"],"inLanguage":"va-ES","copyrightYear":"2025","copyrightHolder":{"@id":"https:\/\/canfali.com\/#organization"}},{"@type":"WebPage","@id":"https:\/\/canfali.com\/ca-es\/frank-de-vuyst-i-la-banda-de-denia-separen-els-seus-camins\/","url":"https:\/\/canfali.com\/ca-es\/frank-de-vuyst-i-la-banda-de-denia-separen-els-seus-camins\/","name":"Frank de Vuyst i la Banda de D\u00e9nia separen els seus camins - Canfali","isPartOf":{"@id":"https:\/\/canfali.com\/ca-es\/#website"},"primaryImageOfPage":{"@id":"https:\/\/canfali.com\/ca-es\/frank-de-vuyst-i-la-banda-de-denia-separen-els-seus-camins\/#primaryimage"},"image":{"@id":"https:\/\/canfali.com\/ca-es\/frank-de-vuyst-i-la-banda-de-denia-separen-els-seus-camins\/#primaryimage"},"thumbnailUrl":"https:\/\/canfali.com\/app\/uploads\/2025\/04\/43599516_1833558556680866_4297566103401398272_n-e1745327738997.jpg","datePublished":"2025-04-17T17:30:45+00:00","dateModified":"2025-04-22T13:15:45+00:00","breadcrumb":{"@id":"https:\/\/canfali.com\/ca-es\/frank-de-vuyst-i-la-banda-de-denia-separen-els-seus-camins\/#breadcrumb"},"inLanguage":"va-ES","potentialAction":[{"@type":"ReadAction","target":["https:\/\/canfali.com\/ca-es\/frank-de-vuyst-i-la-banda-de-denia-separen-els-seus-camins\/"]}]},{"@type":"ImageObject","inLanguage":"va-ES","@id":"https:\/\/canfali.com\/ca-es\/frank-de-vuyst-i-la-banda-de-denia-separen-els-seus-camins\/#primaryimage","url":"https:\/\/canfali.com\/app\/uploads\/2025\/04\/43599516_1833558556680866_4297566103401398272_n-e1745327738997.jpg","contentUrl":"https:\/\/canfali.com\/app\/uploads\/2025\/04\/43599516_1833558556680866_4297566103401398272_n-e1745327738997.jpg","width":1200,"height":800},{"@type":"BreadcrumbList","@id":"https:\/\/canfali.com\/ca-es\/frank-de-vuyst-i-la-banda-de-denia-separen-els-seus-camins\/#breadcrumb","itemListElement":[{"@type":"ListItem","position":1,"name":"Portada","item":"https:\/\/canfali.com\/ca-es\/"},{"@type":"ListItem","position":2,"name":"Frank de Vuyst i la Banda de D\u00e9nia separen els seus camins"}]},{"@type":"WebSite","@id":"https:\/\/canfali.com\/ca-es\/#website","url":"https:\/\/canfali.com\/ca-es\/","name":"Canfali","description":"","publisher":{"@id":"https:\/\/canfali.com\/ca-es\/#organization"},"potentialAction":[{"@type":"SearchAction","target":{"@type":"EntryPoint","urlTemplate":"https:\/\/canfali.com\/ca-es\/?s={search_term_string}"},"query-input":{"@type":"PropertyValueSpecification","valueRequired":true,"valueName":"search_term_string"}}],"inLanguage":"va-ES"},{"@type":"Organization","@id":"https:\/\/canfali.com\/ca-es\/#organization","name":"Canfali","url":"https:\/\/canfali.com\/ca-es\/","logo":{"@type":"ImageObject","inLanguage":"va-ES","@id":"https:\/\/canfali.com\/ca-es\/#\/schema\/logo\/image\/","url":"https:\/\/canfali.com\/app\/uploads\/2025\/12\/canfali_marina_alta_logo.png","contentUrl":"https:\/\/canfali.com\/app\/uploads\/2025\/12\/canfali_marina_alta_logo.png","width":225,"height":225,"caption":"Canfali"},"image":{"@id":"https:\/\/canfali.com\/ca-es\/#\/schema\/logo\/image\/"},"sameAs":["https:\/\/es-es.facebook.com\/CANFALIMarinaAlta","https:\/\/x.com\/canfalima","https:\/\/www.instagram.com\/canfalimarinaalta\/"]},{"@type":"Person","@id":"https:\/\/canfali.com\/ca-es\/#\/schema\/person\/c861a7aa2b2495357b95f35bd5d82f88","name":"Rosa","image":{"@type":"ImageObject","inLanguage":"va-ES","@id":"https:\/\/secure.gravatar.com\/avatar\/47fb83d99423a6ef1cf9f83f02a5e91366c671dec76c5c24badf1b0494e1d960?s=96&d=mm&r=g","url":"https:\/\/secure.gravatar.com\/avatar\/47fb83d99423a6ef1cf9f83f02a5e91366c671dec76c5c24badf1b0494e1d960?s=96&d=mm&r=g","contentUrl":"https:\/\/secure.gravatar.com\/avatar\/47fb83d99423a6ef1cf9f83f02a5e91366c671dec76c5c24badf1b0494e1d960?s=96&d=mm&r=g","caption":"Rosa"},"url":"https:\/\/canfali.com\/ca-es\/author\/rosa\/"}]}},"_links":{"self":[{"href":"https:\/\/canfali.com\/ca-es\/wp-json\/wp\/v2\/posts\/62227","targetHints":{"allow":["GET"]}}],"collection":[{"href":"https:\/\/canfali.com\/ca-es\/wp-json\/wp\/v2\/posts"}],"about":[{"href":"https:\/\/canfali.com\/ca-es\/wp-json\/wp\/v2\/types\/post"}],"author":[{"embeddable":true,"href":"https:\/\/canfali.com\/ca-es\/wp-json\/wp\/v2\/users\/6"}],"replies":[{"embeddable":true,"href":"https:\/\/canfali.com\/ca-es\/wp-json\/wp\/v2\/comments?post=62227"}],"version-history":[{"count":2,"href":"https:\/\/canfali.com\/ca-es\/wp-json\/wp\/v2\/posts\/62227\/revisions"}],"predecessor-version":[{"id":62231,"href":"https:\/\/canfali.com\/ca-es\/wp-json\/wp\/v2\/posts\/62227\/revisions\/62231"}],"wp:featuredmedia":[{"embeddable":true,"href":"https:\/\/canfali.com\/ca-es\/wp-json\/wp\/v2\/media\/62215"}],"wp:attachment":[{"href":"https:\/\/canfali.com\/ca-es\/wp-json\/wp\/v2\/media?parent=62227"}],"wp:term":[{"taxonomy":"category","embeddable":true,"href":"https:\/\/canfali.com\/ca-es\/wp-json\/wp\/v2\/categories?post=62227"},{"taxonomy":"post_tag","embeddable":true,"href":"https:\/\/canfali.com\/ca-es\/wp-json\/wp\/v2\/tags?post=62227"}],"curies":[{"name":"wp","href":"https:\/\/api.w.org\/{rel}","templated":true}]}}