{"id":62134,"date":"2025-04-16T12:39:36","date_gmt":"2025-04-16T10:39:36","guid":{"rendered":"https:\/\/canfali.com\/una-parella-es-detinguda-a-calp-per-robatori-amb-violencia\/"},"modified":"2025-04-17T12:40:40","modified_gmt":"2025-04-17T10:40:40","slug":"una-parella-es-detinguda-a-calp-per-robatori-amb-violencia","status":"publish","type":"post","link":"https:\/\/canfali.com\/ca-es\/una-parella-es-detinguda-a-calp-per-robatori-amb-violencia\/","title":{"rendered":"Una parella \u00e9s detinguda a Calp per robatori amb viol\u00e8ncia"},"content":{"rendered":"\n<p>La Gu\u00e0rdia Civil ha detingut a una parella, un home i una dona, com a presumptes autors d&#8217;un delicte de robatori amb viol\u00e8ncia i intimidaci\u00f3 com\u00e8s en el nucli urb\u00e0 de Calp. Segons fonts oficials, un jove va ser abordat en un c\u00e8ntric carrer mentre tornava al seu domicili despr\u00e9s de finalitzar la seva jornada laboral. La v\u00edctima va ser seguida durant diversos minuts pels detinguts i, aprofitant l&#8217;escassa aflu\u00e8ncia de persones en la via, ho van assaltar emprant la viol\u00e8ncia i amenaces.<\/p>\n\n<p>Durant el robatori, l&#8217;home va subjectar al jove fortament pel coll, mentre li intimidava amb expressions amena\u00e7adores. Els assaltants es van apoderar d&#8217;un tel\u00e8fon m\u00f2bil i una motxilla amb efectes personals.<\/p>\n\n<p>En la recerca es va reconstruir el recorregut realitzat per la v\u00edctima, es van analitzar les imatges de videovigil\u00e0ncia, gr\u00e0cies a la qual cosa van aconseguir identificar als presumptes autors. Es tractava d&#8217;una parella, un home de 32 anys, de nacionalitat colombiana i ve\u00ed de Torrevella, i una dona de 35 anys, de nacionalitat espanyola i ve\u00efna de Ciempozuelos (Madrid), que es trobaven passant uns dies a Calp.<\/p>\n\n<p>Els detinguts van ser posats a la disposici\u00f3 del Jutjat d&#8217;Instrucci\u00f3 de Gu\u00e0rdia de D\u00e9nia, que va decretar la seva llibertat provisional amb la imposici\u00f3 de mesures cautelars.<\/p>\n","protected":false},"excerpt":{"rendered":"La Gu\u00e0rdia Civil ha detingut a una parella, un home i una dona, com a presumptes autors d&#8217;un&hellip;","protected":false},"author":5,"featured_media":62130,"comment_status":"closed","ping_status":"closed","sticky":false,"template":"","format":"standard","meta":{"csco_display_header_overlay":false,"csco_singular_sidebar":"","csco_page_header_type":"","csco_page_load_nextpost":"","csco_post_video_location":[],"csco_post_video_location_hash":"","csco_post_video_url":"","csco_post_video_bg_start_time":0,"csco_post_video_bg_end_time":0,"footnotes":""},"categories":[615],"tags":[936,933,1633,1631,1632],"class_list":{"0":"post-62134","1":"post","2":"type-post","3":"status-publish","4":"format-standard","5":"has-post-thumbnail","7":"category-successos","8":"tag-detinguts","9":"tag-guardia-civil-ca-es","10":"tag-intimidacio","11":"tag-robatori","12":"tag-violencia-ca-es","13":"cs-entry","14":"cs-video-wrap"},"yoast_head":"<!-- This site is optimized with the Yoast SEO Premium plugin v26.6 (Yoast SEO v27.3) - https:\/\/yoast.com\/product\/yoast-seo-premium-wordpress\/ -->\n<title>Una parella \u00e9s detinguda a Calp per robatori amb viol\u00e8ncia - Canfali<\/title>\n<meta name=\"robots\" content=\"index, follow, max-snippet:-1, max-image-preview:large, max-video-preview:-1\" \/>\n<link rel=\"canonical\" href=\"https:\/\/canfali.com\/ca-es\/una-parella-es-detinguda-a-calp-per-robatori-amb-violencia\/\" \/>\n<meta property=\"og:locale\" content=\"en_US\" \/>\n<meta property=\"og:type\" content=\"article\" \/>\n<meta property=\"og:title\" content=\"Una parella \u00e9s detinguda a Calp per robatori amb viol\u00e8ncia\" \/>\n<meta property=\"og:description\" content=\"La Gu\u00e0rdia Civil ha detingut a una parella, un home i una dona, com a presumptes autors d&#8217;un&hellip;\" \/>\n<meta property=\"og:url\" content=\"https:\/\/canfali.com\/ca-es\/una-parella-es-detinguda-a-calp-per-robatori-amb-violencia\/\" \/>\n<meta property=\"og:site_name\" content=\"Canfali\" \/>\n<meta property=\"article:publisher\" content=\"https:\/\/es-es.facebook.com\/CANFALIMarinaAlta\" \/>\n<meta property=\"article:published_time\" content=\"2025-04-16T10:39:36+00:00\" \/>\n<meta property=\"article:modified_time\" content=\"2025-04-17T10:40:40+00:00\" \/>\n<meta property=\"og:image\" content=\"https:\/\/canfali.com\/app\/uploads\/2025\/04\/pareja-calp.jpg\" \/>\n\t<meta property=\"og:image:width\" content=\"960\" \/>\n\t<meta property=\"og:image:height\" content=\"720\" \/>\n\t<meta property=\"og:image:type\" content=\"image\/jpeg\" \/>\n<meta name=\"author\" content=\"D\u00eddac\" \/>\n<meta name=\"twitter:card\" content=\"summary_large_image\" \/>\n<meta name=\"twitter:creator\" content=\"@canfalima\" \/>\n<meta name=\"twitter:site\" content=\"@canfalima\" \/>\n<meta name=\"twitter:label1\" content=\"Written by\" \/>\n\t<meta name=\"twitter:data1\" content=\"D\u00eddac\" \/>\n\t<meta name=\"twitter:label2\" content=\"Est. reading time\" \/>\n\t<meta name=\"twitter:data2\" content=\"1 minute\" \/>\n<script type=\"application\/ld+json\" class=\"yoast-schema-graph\">{\"@context\":\"https:\\\/\\\/schema.org\",\"@graph\":[{\"@type\":\"NewsArticle\",\"@id\":\"https:\\\/\\\/canfali.com\\\/ca-es\\\/una-parella-es-detinguda-a-calp-per-robatori-amb-violencia\\\/#article\",\"isPartOf\":{\"@id\":\"https:\\\/\\\/canfali.com\\\/ca-es\\\/una-parella-es-detinguda-a-calp-per-robatori-amb-violencia\\\/\"},\"author\":{\"name\":\"D\u00eddac\",\"@id\":\"https:\\\/\\\/canfali.com\\\/ca-es\\\/#\\\/schema\\\/person\\\/5211f51be1ed486a218e6a4f53355b6d\"},\"headline\":\"Una parella \u00e9s detinguda a Calp per robatori amb viol\u00e8ncia\",\"datePublished\":\"2025-04-16T10:39:36+00:00\",\"dateModified\":\"2025-04-17T10:40:40+00:00\",\"mainEntityOfPage\":{\"@id\":\"https:\\\/\\\/canfali.com\\\/ca-es\\\/una-parella-es-detinguda-a-calp-per-robatori-amb-violencia\\\/\"},\"wordCount\":242,\"publisher\":{\"@id\":\"https:\\\/\\\/canfali.com\\\/ca-es\\\/#organization\"},\"image\":{\"@id\":\"https:\\\/\\\/canfali.com\\\/ca-es\\\/una-parella-es-detinguda-a-calp-per-robatori-amb-violencia\\\/#primaryimage\"},\"thumbnailUrl\":\"https:\\\/\\\/canfali.com\\\/app\\\/uploads\\\/2025\\\/04\\\/pareja-calp.jpg\",\"keywords\":[\"detinguts\",\"gu\u00e0rdia civil\",\"intimidaci\u00f3\",\"robatori\",\"viol\u00e8ncia\"],\"articleSection\":[\"Successos\"],\"inLanguage\":\"va-ES\",\"copyrightYear\":\"2025\",\"copyrightHolder\":{\"@id\":\"https:\\\/\\\/canfali.com\\\/#organization\"}},{\"@type\":\"WebPage\",\"@id\":\"https:\\\/\\\/canfali.com\\\/ca-es\\\/una-parella-es-detinguda-a-calp-per-robatori-amb-violencia\\\/\",\"url\":\"https:\\\/\\\/canfali.com\\\/ca-es\\\/una-parella-es-detinguda-a-calp-per-robatori-amb-violencia\\\/\",\"name\":\"Una parella \u00e9s detinguda a Calp per robatori amb viol\u00e8ncia - Canfali\",\"isPartOf\":{\"@id\":\"https:\\\/\\\/canfali.com\\\/ca-es\\\/#website\"},\"primaryImageOfPage\":{\"@id\":\"https:\\\/\\\/canfali.com\\\/ca-es\\\/una-parella-es-detinguda-a-calp-per-robatori-amb-violencia\\\/#primaryimage\"},\"image\":{\"@id\":\"https:\\\/\\\/canfali.com\\\/ca-es\\\/una-parella-es-detinguda-a-calp-per-robatori-amb-violencia\\\/#primaryimage\"},\"thumbnailUrl\":\"https:\\\/\\\/canfali.com\\\/app\\\/uploads\\\/2025\\\/04\\\/pareja-calp.jpg\",\"datePublished\":\"2025-04-16T10:39:36+00:00\",\"dateModified\":\"2025-04-17T10:40:40+00:00\",\"breadcrumb\":{\"@id\":\"https:\\\/\\\/canfali.com\\\/ca-es\\\/una-parella-es-detinguda-a-calp-per-robatori-amb-violencia\\\/#breadcrumb\"},\"inLanguage\":\"va-ES\",\"potentialAction\":[{\"@type\":\"ReadAction\",\"target\":[\"https:\\\/\\\/canfali.com\\\/ca-es\\\/una-parella-es-detinguda-a-calp-per-robatori-amb-violencia\\\/\"]}]},{\"@type\":\"ImageObject\",\"inLanguage\":\"va-ES\",\"@id\":\"https:\\\/\\\/canfali.com\\\/ca-es\\\/una-parella-es-detinguda-a-calp-per-robatori-amb-violencia\\\/#primaryimage\",\"url\":\"https:\\\/\\\/canfali.com\\\/app\\\/uploads\\\/2025\\\/04\\\/pareja-calp.jpg\",\"contentUrl\":\"https:\\\/\\\/canfali.com\\\/app\\\/uploads\\\/2025\\\/04\\\/pareja-calp.jpg\",\"width\":960,\"height\":720},{\"@type\":\"BreadcrumbList\",\"@id\":\"https:\\\/\\\/canfali.com\\\/ca-es\\\/una-parella-es-detinguda-a-calp-per-robatori-amb-violencia\\\/#breadcrumb\",\"itemListElement\":[{\"@type\":\"ListItem\",\"position\":1,\"name\":\"Portada\",\"item\":\"https:\\\/\\\/canfali.com\\\/ca-es\\\/\"},{\"@type\":\"ListItem\",\"position\":2,\"name\":\"Una parella \u00e9s detinguda a Calp per robatori amb viol\u00e8ncia\"}]},{\"@type\":\"WebSite\",\"@id\":\"https:\\\/\\\/canfali.com\\\/ca-es\\\/#website\",\"url\":\"https:\\\/\\\/canfali.com\\\/ca-es\\\/\",\"name\":\"Canfali\",\"description\":\"\",\"publisher\":{\"@id\":\"https:\\\/\\\/canfali.com\\\/ca-es\\\/#organization\"},\"potentialAction\":[{\"@type\":\"SearchAction\",\"target\":{\"@type\":\"EntryPoint\",\"urlTemplate\":\"https:\\\/\\\/canfali.com\\\/ca-es\\\/?s={search_term_string}\"},\"query-input\":{\"@type\":\"PropertyValueSpecification\",\"valueRequired\":true,\"valueName\":\"search_term_string\"}}],\"inLanguage\":\"va-ES\"},{\"@type\":\"Organization\",\"@id\":\"https:\\\/\\\/canfali.com\\\/ca-es\\\/#organization\",\"name\":\"Canfali\",\"url\":\"https:\\\/\\\/canfali.com\\\/ca-es\\\/\",\"logo\":{\"@type\":\"ImageObject\",\"inLanguage\":\"va-ES\",\"@id\":\"https:\\\/\\\/canfali.com\\\/ca-es\\\/#\\\/schema\\\/logo\\\/image\\\/\",\"url\":\"https:\\\/\\\/canfali.com\\\/app\\\/uploads\\\/2025\\\/12\\\/canfali_marina_alta_logo.png\",\"contentUrl\":\"https:\\\/\\\/canfali.com\\\/app\\\/uploads\\\/2025\\\/12\\\/canfali_marina_alta_logo.png\",\"width\":225,\"height\":225,\"caption\":\"Canfali\"},\"image\":{\"@id\":\"https:\\\/\\\/canfali.com\\\/ca-es\\\/#\\\/schema\\\/logo\\\/image\\\/\"},\"sameAs\":[\"https:\\\/\\\/es-es.facebook.com\\\/CANFALIMarinaAlta\",\"https:\\\/\\\/x.com\\\/canfalima\",\"https:\\\/\\\/www.instagram.com\\\/canfalimarinaalta\\\/\"]},{\"@type\":\"Person\",\"@id\":\"https:\\\/\\\/canfali.com\\\/ca-es\\\/#\\\/schema\\\/person\\\/5211f51be1ed486a218e6a4f53355b6d\",\"name\":\"D\u00eddac\",\"image\":{\"@type\":\"ImageObject\",\"inLanguage\":\"va-ES\",\"@id\":\"https:\\\/\\\/secure.gravatar.com\\\/avatar\\\/a68a2078c12da8a6dd6cff4f3f3f69f7eb69a2d31ac1aac4da61c3761e4557f4?s=96&d=mm&r=g\",\"url\":\"https:\\\/\\\/secure.gravatar.com\\\/avatar\\\/a68a2078c12da8a6dd6cff4f3f3f69f7eb69a2d31ac1aac4da61c3761e4557f4?s=96&d=mm&r=g\",\"contentUrl\":\"https:\\\/\\\/secure.gravatar.com\\\/avatar\\\/a68a2078c12da8a6dd6cff4f3f3f69f7eb69a2d31ac1aac4da61c3761e4557f4?s=96&d=mm&r=g\",\"caption\":\"D\u00eddac\"},\"url\":\"https:\\\/\\\/canfali.com\\\/ca-es\\\/author\\\/didac\\\/\"}]}<\/script>\n<!-- \/ Yoast SEO Premium plugin. -->","yoast_head_json":{"title":"Una parella \u00e9s detinguda a Calp per robatori amb viol\u00e8ncia - Canfali","robots":{"index":"index","follow":"follow","max-snippet":"max-snippet:-1","max-image-preview":"max-image-preview:large","max-video-preview":"max-video-preview:-1"},"canonical":"https:\/\/canfali.com\/ca-es\/una-parella-es-detinguda-a-calp-per-robatori-amb-violencia\/","og_locale":"en_US","og_type":"article","og_title":"Una parella \u00e9s detinguda a Calp per robatori amb viol\u00e8ncia","og_description":"La Gu\u00e0rdia Civil ha detingut a una parella, un home i una dona, com a presumptes autors d&#8217;un&hellip;","og_url":"https:\/\/canfali.com\/ca-es\/una-parella-es-detinguda-a-calp-per-robatori-amb-violencia\/","og_site_name":"Canfali","article_publisher":"https:\/\/es-es.facebook.com\/CANFALIMarinaAlta","article_published_time":"2025-04-16T10:39:36+00:00","article_modified_time":"2025-04-17T10:40:40+00:00","og_image":[{"width":960,"height":720,"url":"https:\/\/canfali.com\/app\/uploads\/2025\/04\/pareja-calp.jpg","type":"image\/jpeg"}],"author":"D\u00eddac","twitter_card":"summary_large_image","twitter_creator":"@canfalima","twitter_site":"@canfalima","twitter_misc":{"Written by":"D\u00eddac","Est. reading time":"1 minute"},"schema":{"@context":"https:\/\/schema.org","@graph":[{"@type":"NewsArticle","@id":"https:\/\/canfali.com\/ca-es\/una-parella-es-detinguda-a-calp-per-robatori-amb-violencia\/#article","isPartOf":{"@id":"https:\/\/canfali.com\/ca-es\/una-parella-es-detinguda-a-calp-per-robatori-amb-violencia\/"},"author":{"name":"D\u00eddac","@id":"https:\/\/canfali.com\/ca-es\/#\/schema\/person\/5211f51be1ed486a218e6a4f53355b6d"},"headline":"Una parella \u00e9s detinguda a Calp per robatori amb viol\u00e8ncia","datePublished":"2025-04-16T10:39:36+00:00","dateModified":"2025-04-17T10:40:40+00:00","mainEntityOfPage":{"@id":"https:\/\/canfali.com\/ca-es\/una-parella-es-detinguda-a-calp-per-robatori-amb-violencia\/"},"wordCount":242,"publisher":{"@id":"https:\/\/canfali.com\/ca-es\/#organization"},"image":{"@id":"https:\/\/canfali.com\/ca-es\/una-parella-es-detinguda-a-calp-per-robatori-amb-violencia\/#primaryimage"},"thumbnailUrl":"https:\/\/canfali.com\/app\/uploads\/2025\/04\/pareja-calp.jpg","keywords":["detinguts","gu\u00e0rdia civil","intimidaci\u00f3","robatori","viol\u00e8ncia"],"articleSection":["Successos"],"inLanguage":"va-ES","copyrightYear":"2025","copyrightHolder":{"@id":"https:\/\/canfali.com\/#organization"}},{"@type":"WebPage","@id":"https:\/\/canfali.com\/ca-es\/una-parella-es-detinguda-a-calp-per-robatori-amb-violencia\/","url":"https:\/\/canfali.com\/ca-es\/una-parella-es-detinguda-a-calp-per-robatori-amb-violencia\/","name":"Una parella \u00e9s detinguda a Calp per robatori amb viol\u00e8ncia - Canfali","isPartOf":{"@id":"https:\/\/canfali.com\/ca-es\/#website"},"primaryImageOfPage":{"@id":"https:\/\/canfali.com\/ca-es\/una-parella-es-detinguda-a-calp-per-robatori-amb-violencia\/#primaryimage"},"image":{"@id":"https:\/\/canfali.com\/ca-es\/una-parella-es-detinguda-a-calp-per-robatori-amb-violencia\/#primaryimage"},"thumbnailUrl":"https:\/\/canfali.com\/app\/uploads\/2025\/04\/pareja-calp.jpg","datePublished":"2025-04-16T10:39:36+00:00","dateModified":"2025-04-17T10:40:40+00:00","breadcrumb":{"@id":"https:\/\/canfali.com\/ca-es\/una-parella-es-detinguda-a-calp-per-robatori-amb-violencia\/#breadcrumb"},"inLanguage":"va-ES","potentialAction":[{"@type":"ReadAction","target":["https:\/\/canfali.com\/ca-es\/una-parella-es-detinguda-a-calp-per-robatori-amb-violencia\/"]}]},{"@type":"ImageObject","inLanguage":"va-ES","@id":"https:\/\/canfali.com\/ca-es\/una-parella-es-detinguda-a-calp-per-robatori-amb-violencia\/#primaryimage","url":"https:\/\/canfali.com\/app\/uploads\/2025\/04\/pareja-calp.jpg","contentUrl":"https:\/\/canfali.com\/app\/uploads\/2025\/04\/pareja-calp.jpg","width":960,"height":720},{"@type":"BreadcrumbList","@id":"https:\/\/canfali.com\/ca-es\/una-parella-es-detinguda-a-calp-per-robatori-amb-violencia\/#breadcrumb","itemListElement":[{"@type":"ListItem","position":1,"name":"Portada","item":"https:\/\/canfali.com\/ca-es\/"},{"@type":"ListItem","position":2,"name":"Una parella \u00e9s detinguda a Calp per robatori amb viol\u00e8ncia"}]},{"@type":"WebSite","@id":"https:\/\/canfali.com\/ca-es\/#website","url":"https:\/\/canfali.com\/ca-es\/","name":"Canfali","description":"","publisher":{"@id":"https:\/\/canfali.com\/ca-es\/#organization"},"potentialAction":[{"@type":"SearchAction","target":{"@type":"EntryPoint","urlTemplate":"https:\/\/canfali.com\/ca-es\/?s={search_term_string}"},"query-input":{"@type":"PropertyValueSpecification","valueRequired":true,"valueName":"search_term_string"}}],"inLanguage":"va-ES"},{"@type":"Organization","@id":"https:\/\/canfali.com\/ca-es\/#organization","name":"Canfali","url":"https:\/\/canfali.com\/ca-es\/","logo":{"@type":"ImageObject","inLanguage":"va-ES","@id":"https:\/\/canfali.com\/ca-es\/#\/schema\/logo\/image\/","url":"https:\/\/canfali.com\/app\/uploads\/2025\/12\/canfali_marina_alta_logo.png","contentUrl":"https:\/\/canfali.com\/app\/uploads\/2025\/12\/canfali_marina_alta_logo.png","width":225,"height":225,"caption":"Canfali"},"image":{"@id":"https:\/\/canfali.com\/ca-es\/#\/schema\/logo\/image\/"},"sameAs":["https:\/\/es-es.facebook.com\/CANFALIMarinaAlta","https:\/\/x.com\/canfalima","https:\/\/www.instagram.com\/canfalimarinaalta\/"]},{"@type":"Person","@id":"https:\/\/canfali.com\/ca-es\/#\/schema\/person\/5211f51be1ed486a218e6a4f53355b6d","name":"D\u00eddac","image":{"@type":"ImageObject","inLanguage":"va-ES","@id":"https:\/\/secure.gravatar.com\/avatar\/a68a2078c12da8a6dd6cff4f3f3f69f7eb69a2d31ac1aac4da61c3761e4557f4?s=96&d=mm&r=g","url":"https:\/\/secure.gravatar.com\/avatar\/a68a2078c12da8a6dd6cff4f3f3f69f7eb69a2d31ac1aac4da61c3761e4557f4?s=96&d=mm&r=g","contentUrl":"https:\/\/secure.gravatar.com\/avatar\/a68a2078c12da8a6dd6cff4f3f3f69f7eb69a2d31ac1aac4da61c3761e4557f4?s=96&d=mm&r=g","caption":"D\u00eddac"},"url":"https:\/\/canfali.com\/ca-es\/author\/didac\/"}]}},"_links":{"self":[{"href":"https:\/\/canfali.com\/ca-es\/wp-json\/wp\/v2\/posts\/62134","targetHints":{"allow":["GET"]}}],"collection":[{"href":"https:\/\/canfali.com\/ca-es\/wp-json\/wp\/v2\/posts"}],"about":[{"href":"https:\/\/canfali.com\/ca-es\/wp-json\/wp\/v2\/types\/post"}],"author":[{"embeddable":true,"href":"https:\/\/canfali.com\/ca-es\/wp-json\/wp\/v2\/users\/5"}],"replies":[{"embeddable":true,"href":"https:\/\/canfali.com\/ca-es\/wp-json\/wp\/v2\/comments?post=62134"}],"version-history":[{"count":1,"href":"https:\/\/canfali.com\/ca-es\/wp-json\/wp\/v2\/posts\/62134\/revisions"}],"predecessor-version":[{"id":62135,"href":"https:\/\/canfali.com\/ca-es\/wp-json\/wp\/v2\/posts\/62134\/revisions\/62135"}],"wp:featuredmedia":[{"embeddable":true,"href":"https:\/\/canfali.com\/ca-es\/wp-json\/wp\/v2\/media\/62130"}],"wp:attachment":[{"href":"https:\/\/canfali.com\/ca-es\/wp-json\/wp\/v2\/media?parent=62134"}],"wp:term":[{"taxonomy":"category","embeddable":true,"href":"https:\/\/canfali.com\/ca-es\/wp-json\/wp\/v2\/categories?post=62134"},{"taxonomy":"post_tag","embeddable":true,"href":"https:\/\/canfali.com\/ca-es\/wp-json\/wp\/v2\/tags?post=62134"}],"curies":[{"name":"wp","href":"https:\/\/api.w.org\/{rel}","templated":true}]}}