{"id":61980,"date":"2025-04-14T10:38:03","date_gmt":"2025-04-14T08:38:03","guid":{"rendered":"https:\/\/canfali.com\/els-bombers-protesten-amb-pintades-en-els-vehicles\/"},"modified":"2025-04-14T10:54:29","modified_gmt":"2025-04-14T08:54:29","slug":"els-bombers-protesten-amb-pintades-en-els-vehicles","status":"publish","type":"post","link":"https:\/\/canfali.com\/ca-es\/els-bombers-protesten-amb-pintades-en-els-vehicles\/","title":{"rendered":"Els bombers protesten amb pintades en els veh\u00edcles"},"content":{"rendered":"\n<p><\/p>\n\n<p><\/p>\n\n<p>Els parcs de bombers de D\u00e9nia i Benissa s&#8217;han unit a la protesta que s&#8217;est\u00e0 duent a terme a la prov\u00edncia per a exigir mesures que garantisquen la seguretat d&#8217;este col\u00b7lectiu de professionals i oferisquen un millor servici. Els vehicles oficials s&#8217;han omplit de missatges reivindicatius, com a \u2018Menys caps, m\u00e9s bombers\u2019, \u2018Ros dimissi\u00f3\u2019, \u2018Cotxes oficials, viatges familiars\u2019, \u2018Rivera a la nevera\u2019 o \u2018Per un servici de qualitat\u2019.<\/p>\n\n<figure class=\"wp-block-image size-large\"><img fetchpriority=\"high\" decoding=\"async\" width=\"1024\" height=\"768\" src=\"https:\/\/canfali.com\/app\/uploads\/2025\/04\/234e1f52-a6e8-4e88-8773-ce104c4b45e0-1024x768.jpg\" alt=\"\" class=\"wp-image-61972\" srcset=\"https:\/\/canfali.com\/app\/uploads\/2025\/04\/234e1f52-a6e8-4e88-8773-ce104c4b45e0-1024x768.jpg 1024w, https:\/\/canfali.com\/app\/uploads\/2025\/04\/234e1f52-a6e8-4e88-8773-ce104c4b45e0-300x225.jpg 300w, https:\/\/canfali.com\/app\/uploads\/2025\/04\/234e1f52-a6e8-4e88-8773-ce104c4b45e0-768x576.jpg 768w, https:\/\/canfali.com\/app\/uploads\/2025\/04\/234e1f52-a6e8-4e88-8773-ce104c4b45e0-1536x1152.jpg 1536w, https:\/\/canfali.com\/app\/uploads\/2025\/04\/234e1f52-a6e8-4e88-8773-ce104c4b45e0.jpg 1600w\" sizes=\"(max-width: 1024px) 100vw, 1024px\" \/><\/figure>\n\n<p>Les cr\u00edtiques es dirigixen contra el diputat provincial d&#8217;Emerg\u00e8ncies, Francisco Cano. Segons els bombers, els parcs de D\u00e9nia i Benissa tenien fins ara dotacions de 9 i 5 bombers mentres que este n\u00famero s&#8217;ha rebaixat a 8 i 4 efectius. Els representants sindicals es van reunir recentment amb els seus caps, per\u00f2 no va haver-hi acords. Tal com ha manifestat \u00c1ngel Garc\u00eda, delegat de Personal d&#8217;UGT en el Consorci de Bombers d&#8217;Alacant, la reuni\u00f3 va \u201cser poc constructiva i no es van escoltar les demandes dels treballadors\u201d.<\/p>\n\n<figure class=\"wp-block-image size-large\"><img decoding=\"async\" width=\"1024\" height=\"768\" src=\"https:\/\/canfali.com\/app\/uploads\/2025\/04\/760671bb-85ae-4b62-9cb2-0fec34c56af9-1024x768.jpg\" alt=\"\" class=\"wp-image-61974\" srcset=\"https:\/\/canfali.com\/app\/uploads\/2025\/04\/760671bb-85ae-4b62-9cb2-0fec34c56af9-1024x768.jpg 1024w, https:\/\/canfali.com\/app\/uploads\/2025\/04\/760671bb-85ae-4b62-9cb2-0fec34c56af9-300x225.jpg 300w, https:\/\/canfali.com\/app\/uploads\/2025\/04\/760671bb-85ae-4b62-9cb2-0fec34c56af9-768x576.jpg 768w, https:\/\/canfali.com\/app\/uploads\/2025\/04\/760671bb-85ae-4b62-9cb2-0fec34c56af9-1536x1152.jpg 1536w, https:\/\/canfali.com\/app\/uploads\/2025\/04\/760671bb-85ae-4b62-9cb2-0fec34c56af9.jpg 1600w\" sizes=\"(max-width: 1024px) 100vw, 1024px\" \/><\/figure>\n\n<figure class=\"wp-block-image size-large\"><img decoding=\"async\" width=\"1024\" height=\"768\" src=\"https:\/\/canfali.com\/app\/uploads\/2025\/04\/f36d5a1a-3f0e-433b-84d1-5c922ca1c500-1024x768.jpg\" alt=\"\" class=\"wp-image-61976\" srcset=\"https:\/\/canfali.com\/app\/uploads\/2025\/04\/f36d5a1a-3f0e-433b-84d1-5c922ca1c500-1024x768.jpg 1024w, https:\/\/canfali.com\/app\/uploads\/2025\/04\/f36d5a1a-3f0e-433b-84d1-5c922ca1c500-300x225.jpg 300w, https:\/\/canfali.com\/app\/uploads\/2025\/04\/f36d5a1a-3f0e-433b-84d1-5c922ca1c500-768x576.jpg 768w, https:\/\/canfali.com\/app\/uploads\/2025\/04\/f36d5a1a-3f0e-433b-84d1-5c922ca1c500-1536x1152.jpg 1536w, https:\/\/canfali.com\/app\/uploads\/2025\/04\/f36d5a1a-3f0e-433b-84d1-5c922ca1c500.jpg 1600w\" sizes=\"(max-width: 1024px) 100vw, 1024px\" \/><\/figure>\n\n<p><\/p>\n","protected":false},"excerpt":{"rendered":"Els parcs de bombers de D\u00e9nia i Benissa s&#8217;han unit a la protesta que s&#8217;est\u00e0 duent a terme&hellip;","protected":false},"author":7,"featured_media":61971,"comment_status":"closed","ping_status":"closed","sticky":false,"template":"","format":"standard","meta":{"csco_display_header_overlay":false,"csco_singular_sidebar":"","csco_page_header_type":"","csco_page_load_nextpost":"","csco_post_video_location":[],"csco_post_video_location_hash":"","csco_post_video_url":"","csco_post_video_bg_start_time":0,"csco_post_video_bg_end_time":0,"footnotes":""},"categories":[611],"tags":[1555,1556,687,1559,1557,1558],"class_list":{"0":"post-61980","1":"post","2":"type-post","3":"status-publish","4":"format-standard","5":"has-post-thumbnail","7":"category-politica-ca-es","8":"tag-bombers","9":"tag-conflicte","10":"tag-denia-ca-es","11":"tag-diputacio","12":"tag-laboral-ca-es","13":"tag-pintades","14":"cs-entry","15":"cs-video-wrap"},"yoast_head":"<!-- This site is optimized with the Yoast SEO Premium plugin v26.6 (Yoast SEO v27.3) - https:\/\/yoast.com\/product\/yoast-seo-premium-wordpress\/ -->\n<title>Els bombers protesten amb pintades en els veh\u00edcles - Canfali<\/title>\n<meta name=\"robots\" content=\"index, follow, max-snippet:-1, max-image-preview:large, max-video-preview:-1\" \/>\n<link rel=\"canonical\" href=\"https:\/\/canfali.com\/ca-es\/els-bombers-protesten-amb-pintades-en-els-vehicles\/\" \/>\n<meta property=\"og:locale\" content=\"en_US\" \/>\n<meta property=\"og:type\" content=\"article\" \/>\n<meta property=\"og:title\" content=\"Els bombers protesten amb pintades en els veh\u00edcles\" \/>\n<meta property=\"og:description\" content=\"Els parcs de bombers de D\u00e9nia i Benissa s&#8217;han unit a la protesta que s&#8217;est\u00e0 duent a terme&hellip;\" \/>\n<meta property=\"og:url\" content=\"https:\/\/canfali.com\/ca-es\/els-bombers-protesten-amb-pintades-en-els-vehicles\/\" \/>\n<meta property=\"og:site_name\" content=\"Canfali\" \/>\n<meta property=\"article:publisher\" content=\"https:\/\/es-es.facebook.com\/CANFALIMarinaAlta\" \/>\n<meta property=\"article:published_time\" content=\"2025-04-14T08:38:03+00:00\" \/>\n<meta property=\"article:modified_time\" content=\"2025-04-14T08:54:29+00:00\" \/>\n<meta property=\"og:image\" content=\"https:\/\/canfali.com\/app\/uploads\/2025\/04\/57f9b991-8b9f-46fe-8b9b-1db6decf5064.jpg\" \/>\n\t<meta property=\"og:image:width\" content=\"1200\" \/>\n\t<meta property=\"og:image:height\" content=\"1600\" \/>\n\t<meta property=\"og:image:type\" content=\"image\/jpeg\" \/>\n<meta name=\"author\" content=\"Bolta\" \/>\n<meta name=\"twitter:card\" content=\"summary_large_image\" \/>\n<meta name=\"twitter:creator\" content=\"@canfalima\" \/>\n<meta name=\"twitter:site\" content=\"@canfalima\" \/>\n<meta name=\"twitter:label1\" content=\"Written by\" \/>\n\t<meta name=\"twitter:data1\" content=\"Bolta\" \/>\n\t<meta name=\"twitter:label2\" content=\"Est. reading time\" \/>\n\t<meta name=\"twitter:data2\" content=\"1 minute\" \/>\n<script type=\"application\/ld+json\" class=\"yoast-schema-graph\">{\"@context\":\"https:\\\/\\\/schema.org\",\"@graph\":[{\"@type\":\"NewsArticle\",\"@id\":\"https:\\\/\\\/canfali.com\\\/ca-es\\\/els-bombers-protesten-amb-pintades-en-els-vehicles\\\/#article\",\"isPartOf\":{\"@id\":\"https:\\\/\\\/canfali.com\\\/ca-es\\\/els-bombers-protesten-amb-pintades-en-els-vehicles\\\/\"},\"author\":{\"name\":\"Bolta\",\"@id\":\"https:\\\/\\\/canfali.com\\\/ca-es\\\/#\\\/schema\\\/person\\\/9c651adc904f3c4e0243f54407751557\"},\"headline\":\"Els bombers protesten amb pintades en els veh\u00edcles\",\"datePublished\":\"2025-04-14T08:38:03+00:00\",\"dateModified\":\"2025-04-14T08:54:29+00:00\",\"mainEntityOfPage\":{\"@id\":\"https:\\\/\\\/canfali.com\\\/ca-es\\\/els-bombers-protesten-amb-pintades-en-els-vehicles\\\/\"},\"wordCount\":177,\"publisher\":{\"@id\":\"https:\\\/\\\/canfali.com\\\/ca-es\\\/#organization\"},\"image\":{\"@id\":\"https:\\\/\\\/canfali.com\\\/ca-es\\\/els-bombers-protesten-amb-pintades-en-els-vehicles\\\/#primaryimage\"},\"thumbnailUrl\":\"https:\\\/\\\/canfali.com\\\/app\\\/uploads\\\/2025\\\/04\\\/57f9b991-8b9f-46fe-8b9b-1db6decf5064.jpg\",\"keywords\":[\"bombers\",\"conflicte\",\"d\u00e9nia\",\"Diputaci\u00f3\",\"laboral\",\"pintades\"],\"articleSection\":[\"Pol\u00edtica\"],\"inLanguage\":\"va-ES\",\"copyrightYear\":\"2025\",\"copyrightHolder\":{\"@id\":\"https:\\\/\\\/canfali.com\\\/#organization\"}},{\"@type\":\"WebPage\",\"@id\":\"https:\\\/\\\/canfali.com\\\/ca-es\\\/els-bombers-protesten-amb-pintades-en-els-vehicles\\\/\",\"url\":\"https:\\\/\\\/canfali.com\\\/ca-es\\\/els-bombers-protesten-amb-pintades-en-els-vehicles\\\/\",\"name\":\"Els bombers protesten amb pintades en els veh\u00edcles - Canfali\",\"isPartOf\":{\"@id\":\"https:\\\/\\\/canfali.com\\\/ca-es\\\/#website\"},\"primaryImageOfPage\":{\"@id\":\"https:\\\/\\\/canfali.com\\\/ca-es\\\/els-bombers-protesten-amb-pintades-en-els-vehicles\\\/#primaryimage\"},\"image\":{\"@id\":\"https:\\\/\\\/canfali.com\\\/ca-es\\\/els-bombers-protesten-amb-pintades-en-els-vehicles\\\/#primaryimage\"},\"thumbnailUrl\":\"https:\\\/\\\/canfali.com\\\/app\\\/uploads\\\/2025\\\/04\\\/57f9b991-8b9f-46fe-8b9b-1db6decf5064.jpg\",\"datePublished\":\"2025-04-14T08:38:03+00:00\",\"dateModified\":\"2025-04-14T08:54:29+00:00\",\"breadcrumb\":{\"@id\":\"https:\\\/\\\/canfali.com\\\/ca-es\\\/els-bombers-protesten-amb-pintades-en-els-vehicles\\\/#breadcrumb\"},\"inLanguage\":\"va-ES\",\"potentialAction\":[{\"@type\":\"ReadAction\",\"target\":[\"https:\\\/\\\/canfali.com\\\/ca-es\\\/els-bombers-protesten-amb-pintades-en-els-vehicles\\\/\"]}]},{\"@type\":\"ImageObject\",\"inLanguage\":\"va-ES\",\"@id\":\"https:\\\/\\\/canfali.com\\\/ca-es\\\/els-bombers-protesten-amb-pintades-en-els-vehicles\\\/#primaryimage\",\"url\":\"https:\\\/\\\/canfali.com\\\/app\\\/uploads\\\/2025\\\/04\\\/57f9b991-8b9f-46fe-8b9b-1db6decf5064.jpg\",\"contentUrl\":\"https:\\\/\\\/canfali.com\\\/app\\\/uploads\\\/2025\\\/04\\\/57f9b991-8b9f-46fe-8b9b-1db6decf5064.jpg\",\"width\":1200,\"height\":1600},{\"@type\":\"BreadcrumbList\",\"@id\":\"https:\\\/\\\/canfali.com\\\/ca-es\\\/els-bombers-protesten-amb-pintades-en-els-vehicles\\\/#breadcrumb\",\"itemListElement\":[{\"@type\":\"ListItem\",\"position\":1,\"name\":\"Portada\",\"item\":\"https:\\\/\\\/canfali.com\\\/ca-es\\\/\"},{\"@type\":\"ListItem\",\"position\":2,\"name\":\"Els bombers protesten amb pintades en els veh\u00edcles\"}]},{\"@type\":\"WebSite\",\"@id\":\"https:\\\/\\\/canfali.com\\\/ca-es\\\/#website\",\"url\":\"https:\\\/\\\/canfali.com\\\/ca-es\\\/\",\"name\":\"Canfali\",\"description\":\"\",\"publisher\":{\"@id\":\"https:\\\/\\\/canfali.com\\\/ca-es\\\/#organization\"},\"potentialAction\":[{\"@type\":\"SearchAction\",\"target\":{\"@type\":\"EntryPoint\",\"urlTemplate\":\"https:\\\/\\\/canfali.com\\\/ca-es\\\/?s={search_term_string}\"},\"query-input\":{\"@type\":\"PropertyValueSpecification\",\"valueRequired\":true,\"valueName\":\"search_term_string\"}}],\"inLanguage\":\"va-ES\"},{\"@type\":\"Organization\",\"@id\":\"https:\\\/\\\/canfali.com\\\/ca-es\\\/#organization\",\"name\":\"Canfali\",\"url\":\"https:\\\/\\\/canfali.com\\\/ca-es\\\/\",\"logo\":{\"@type\":\"ImageObject\",\"inLanguage\":\"va-ES\",\"@id\":\"https:\\\/\\\/canfali.com\\\/ca-es\\\/#\\\/schema\\\/logo\\\/image\\\/\",\"url\":\"https:\\\/\\\/canfali.com\\\/app\\\/uploads\\\/2025\\\/12\\\/canfali_marina_alta_logo.png\",\"contentUrl\":\"https:\\\/\\\/canfali.com\\\/app\\\/uploads\\\/2025\\\/12\\\/canfali_marina_alta_logo.png\",\"width\":225,\"height\":225,\"caption\":\"Canfali\"},\"image\":{\"@id\":\"https:\\\/\\\/canfali.com\\\/ca-es\\\/#\\\/schema\\\/logo\\\/image\\\/\"},\"sameAs\":[\"https:\\\/\\\/es-es.facebook.com\\\/CANFALIMarinaAlta\",\"https:\\\/\\\/x.com\\\/canfalima\",\"https:\\\/\\\/www.instagram.com\\\/canfalimarinaalta\\\/\"]},{\"@type\":\"Person\",\"@id\":\"https:\\\/\\\/canfali.com\\\/ca-es\\\/#\\\/schema\\\/person\\\/9c651adc904f3c4e0243f54407751557\",\"name\":\"Bolta\",\"image\":{\"@type\":\"ImageObject\",\"inLanguage\":\"va-ES\",\"@id\":\"https:\\\/\\\/secure.gravatar.com\\\/avatar\\\/550a5d97fe3cfba5caf077b9600e46529e1977e9d14396836e775d6d9d895a81?s=96&d=mm&r=g\",\"url\":\"https:\\\/\\\/secure.gravatar.com\\\/avatar\\\/550a5d97fe3cfba5caf077b9600e46529e1977e9d14396836e775d6d9d895a81?s=96&d=mm&r=g\",\"contentUrl\":\"https:\\\/\\\/secure.gravatar.com\\\/avatar\\\/550a5d97fe3cfba5caf077b9600e46529e1977e9d14396836e775d6d9d895a81?s=96&d=mm&r=g\",\"caption\":\"Bolta\"},\"url\":\"https:\\\/\\\/canfali.com\\\/ca-es\\\/author\\\/bolta\\\/\"}]}<\/script>\n<!-- \/ Yoast SEO Premium plugin. -->","yoast_head_json":{"title":"Els bombers protesten amb pintades en els veh\u00edcles - Canfali","robots":{"index":"index","follow":"follow","max-snippet":"max-snippet:-1","max-image-preview":"max-image-preview:large","max-video-preview":"max-video-preview:-1"},"canonical":"https:\/\/canfali.com\/ca-es\/els-bombers-protesten-amb-pintades-en-els-vehicles\/","og_locale":"en_US","og_type":"article","og_title":"Els bombers protesten amb pintades en els veh\u00edcles","og_description":"Els parcs de bombers de D\u00e9nia i Benissa s&#8217;han unit a la protesta que s&#8217;est\u00e0 duent a terme&hellip;","og_url":"https:\/\/canfali.com\/ca-es\/els-bombers-protesten-amb-pintades-en-els-vehicles\/","og_site_name":"Canfali","article_publisher":"https:\/\/es-es.facebook.com\/CANFALIMarinaAlta","article_published_time":"2025-04-14T08:38:03+00:00","article_modified_time":"2025-04-14T08:54:29+00:00","og_image":[{"width":1200,"height":1600,"url":"https:\/\/canfali.com\/app\/uploads\/2025\/04\/57f9b991-8b9f-46fe-8b9b-1db6decf5064.jpg","type":"image\/jpeg"}],"author":"Bolta","twitter_card":"summary_large_image","twitter_creator":"@canfalima","twitter_site":"@canfalima","twitter_misc":{"Written by":"Bolta","Est. reading time":"1 minute"},"schema":{"@context":"https:\/\/schema.org","@graph":[{"@type":"NewsArticle","@id":"https:\/\/canfali.com\/ca-es\/els-bombers-protesten-amb-pintades-en-els-vehicles\/#article","isPartOf":{"@id":"https:\/\/canfali.com\/ca-es\/els-bombers-protesten-amb-pintades-en-els-vehicles\/"},"author":{"name":"Bolta","@id":"https:\/\/canfali.com\/ca-es\/#\/schema\/person\/9c651adc904f3c4e0243f54407751557"},"headline":"Els bombers protesten amb pintades en els veh\u00edcles","datePublished":"2025-04-14T08:38:03+00:00","dateModified":"2025-04-14T08:54:29+00:00","mainEntityOfPage":{"@id":"https:\/\/canfali.com\/ca-es\/els-bombers-protesten-amb-pintades-en-els-vehicles\/"},"wordCount":177,"publisher":{"@id":"https:\/\/canfali.com\/ca-es\/#organization"},"image":{"@id":"https:\/\/canfali.com\/ca-es\/els-bombers-protesten-amb-pintades-en-els-vehicles\/#primaryimage"},"thumbnailUrl":"https:\/\/canfali.com\/app\/uploads\/2025\/04\/57f9b991-8b9f-46fe-8b9b-1db6decf5064.jpg","keywords":["bombers","conflicte","d\u00e9nia","Diputaci\u00f3","laboral","pintades"],"articleSection":["Pol\u00edtica"],"inLanguage":"va-ES","copyrightYear":"2025","copyrightHolder":{"@id":"https:\/\/canfali.com\/#organization"}},{"@type":"WebPage","@id":"https:\/\/canfali.com\/ca-es\/els-bombers-protesten-amb-pintades-en-els-vehicles\/","url":"https:\/\/canfali.com\/ca-es\/els-bombers-protesten-amb-pintades-en-els-vehicles\/","name":"Els bombers protesten amb pintades en els veh\u00edcles - Canfali","isPartOf":{"@id":"https:\/\/canfali.com\/ca-es\/#website"},"primaryImageOfPage":{"@id":"https:\/\/canfali.com\/ca-es\/els-bombers-protesten-amb-pintades-en-els-vehicles\/#primaryimage"},"image":{"@id":"https:\/\/canfali.com\/ca-es\/els-bombers-protesten-amb-pintades-en-els-vehicles\/#primaryimage"},"thumbnailUrl":"https:\/\/canfali.com\/app\/uploads\/2025\/04\/57f9b991-8b9f-46fe-8b9b-1db6decf5064.jpg","datePublished":"2025-04-14T08:38:03+00:00","dateModified":"2025-04-14T08:54:29+00:00","breadcrumb":{"@id":"https:\/\/canfali.com\/ca-es\/els-bombers-protesten-amb-pintades-en-els-vehicles\/#breadcrumb"},"inLanguage":"va-ES","potentialAction":[{"@type":"ReadAction","target":["https:\/\/canfali.com\/ca-es\/els-bombers-protesten-amb-pintades-en-els-vehicles\/"]}]},{"@type":"ImageObject","inLanguage":"va-ES","@id":"https:\/\/canfali.com\/ca-es\/els-bombers-protesten-amb-pintades-en-els-vehicles\/#primaryimage","url":"https:\/\/canfali.com\/app\/uploads\/2025\/04\/57f9b991-8b9f-46fe-8b9b-1db6decf5064.jpg","contentUrl":"https:\/\/canfali.com\/app\/uploads\/2025\/04\/57f9b991-8b9f-46fe-8b9b-1db6decf5064.jpg","width":1200,"height":1600},{"@type":"BreadcrumbList","@id":"https:\/\/canfali.com\/ca-es\/els-bombers-protesten-amb-pintades-en-els-vehicles\/#breadcrumb","itemListElement":[{"@type":"ListItem","position":1,"name":"Portada","item":"https:\/\/canfali.com\/ca-es\/"},{"@type":"ListItem","position":2,"name":"Els bombers protesten amb pintades en els veh\u00edcles"}]},{"@type":"WebSite","@id":"https:\/\/canfali.com\/ca-es\/#website","url":"https:\/\/canfali.com\/ca-es\/","name":"Canfali","description":"","publisher":{"@id":"https:\/\/canfali.com\/ca-es\/#organization"},"potentialAction":[{"@type":"SearchAction","target":{"@type":"EntryPoint","urlTemplate":"https:\/\/canfali.com\/ca-es\/?s={search_term_string}"},"query-input":{"@type":"PropertyValueSpecification","valueRequired":true,"valueName":"search_term_string"}}],"inLanguage":"va-ES"},{"@type":"Organization","@id":"https:\/\/canfali.com\/ca-es\/#organization","name":"Canfali","url":"https:\/\/canfali.com\/ca-es\/","logo":{"@type":"ImageObject","inLanguage":"va-ES","@id":"https:\/\/canfali.com\/ca-es\/#\/schema\/logo\/image\/","url":"https:\/\/canfali.com\/app\/uploads\/2025\/12\/canfali_marina_alta_logo.png","contentUrl":"https:\/\/canfali.com\/app\/uploads\/2025\/12\/canfali_marina_alta_logo.png","width":225,"height":225,"caption":"Canfali"},"image":{"@id":"https:\/\/canfali.com\/ca-es\/#\/schema\/logo\/image\/"},"sameAs":["https:\/\/es-es.facebook.com\/CANFALIMarinaAlta","https:\/\/x.com\/canfalima","https:\/\/www.instagram.com\/canfalimarinaalta\/"]},{"@type":"Person","@id":"https:\/\/canfali.com\/ca-es\/#\/schema\/person\/9c651adc904f3c4e0243f54407751557","name":"Bolta","image":{"@type":"ImageObject","inLanguage":"va-ES","@id":"https:\/\/secure.gravatar.com\/avatar\/550a5d97fe3cfba5caf077b9600e46529e1977e9d14396836e775d6d9d895a81?s=96&d=mm&r=g","url":"https:\/\/secure.gravatar.com\/avatar\/550a5d97fe3cfba5caf077b9600e46529e1977e9d14396836e775d6d9d895a81?s=96&d=mm&r=g","contentUrl":"https:\/\/secure.gravatar.com\/avatar\/550a5d97fe3cfba5caf077b9600e46529e1977e9d14396836e775d6d9d895a81?s=96&d=mm&r=g","caption":"Bolta"},"url":"https:\/\/canfali.com\/ca-es\/author\/bolta\/"}]}},"_links":{"self":[{"href":"https:\/\/canfali.com\/ca-es\/wp-json\/wp\/v2\/posts\/61980","targetHints":{"allow":["GET"]}}],"collection":[{"href":"https:\/\/canfali.com\/ca-es\/wp-json\/wp\/v2\/posts"}],"about":[{"href":"https:\/\/canfali.com\/ca-es\/wp-json\/wp\/v2\/types\/post"}],"author":[{"embeddable":true,"href":"https:\/\/canfali.com\/ca-es\/wp-json\/wp\/v2\/users\/7"}],"replies":[{"embeddable":true,"href":"https:\/\/canfali.com\/ca-es\/wp-json\/wp\/v2\/comments?post=61980"}],"version-history":[{"count":1,"href":"https:\/\/canfali.com\/ca-es\/wp-json\/wp\/v2\/posts\/61980\/revisions"}],"predecessor-version":[{"id":61981,"href":"https:\/\/canfali.com\/ca-es\/wp-json\/wp\/v2\/posts\/61980\/revisions\/61981"}],"wp:featuredmedia":[{"embeddable":true,"href":"https:\/\/canfali.com\/ca-es\/wp-json\/wp\/v2\/media\/61971"}],"wp:attachment":[{"href":"https:\/\/canfali.com\/ca-es\/wp-json\/wp\/v2\/media?parent=61980"}],"wp:term":[{"taxonomy":"category","embeddable":true,"href":"https:\/\/canfali.com\/ca-es\/wp-json\/wp\/v2\/categories?post=61980"},{"taxonomy":"post_tag","embeddable":true,"href":"https:\/\/canfali.com\/ca-es\/wp-json\/wp\/v2\/tags?post=61980"}],"curies":[{"name":"wp","href":"https:\/\/api.w.org\/{rel}","templated":true}]}}