{"id":61730,"date":"2025-04-13T21:11:34","date_gmt":"2025-04-13T19:11:34","guid":{"rendered":"https:\/\/canfali.com\/?p=61730"},"modified":"2025-04-14T09:25:37","modified_gmt":"2025-04-14T07:25:37","slug":"la-mostra-escenica-dorba-amplia-la-seua-dimensio","status":"publish","type":"post","link":"https:\/\/canfali.com\/ca-es\/la-mostra-escenica-dorba-amplia-la-seua-dimensio\/","title":{"rendered":"La mostra esc\u00e8nica d\u2019Orba amplia la seua dimensi\u00f3"},"content":{"rendered":"\n<p><strong>Fora d\u2019\u00d2rbita revesteix el casc hist\u00f2ric com a principal escenari a l\u2019aire lliure de les arts esc\u00e8niques de la Marina Alta<\/strong><\/p>\n\n\n\n<p>La quarta edici\u00f3 de la mostra \u201cFora d\u2019\u00f2rbita\u201d ha afermat els carrers d\u2019Orba com a principal escenari de les arts esc\u00e8niques a la comarca amb la pres\u00e8ncia de multitud de p\u00fablic al llarg de les dos jornades que ha abastat.<\/p>\n\n\n\n<figure class=\"wp-block-image size-large\"><img fetchpriority=\"high\" decoding=\"async\" width=\"1024\" height=\"679\" src=\"https:\/\/canfali.com\/app\/uploads\/2025\/04\/DSC_0878-1024x679.jpg\" alt=\"\" class=\"wp-image-61733\" srcset=\"https:\/\/canfali.com\/app\/uploads\/2025\/04\/DSC_0878-1024x679.jpg 1024w, https:\/\/canfali.com\/app\/uploads\/2025\/04\/DSC_0878-300x199.jpg 300w, https:\/\/canfali.com\/app\/uploads\/2025\/04\/DSC_0878-768x509.jpg 768w, https:\/\/canfali.com\/app\/uploads\/2025\/04\/DSC_0878-1536x1019.jpg 1536w, https:\/\/canfali.com\/app\/uploads\/2025\/04\/DSC_0878-2048x1358.jpg 2048w, https:\/\/canfali.com\/app\/uploads\/2025\/04\/DSC_0878.jpg 2256w\" sizes=\"(max-width: 1024px) 100vw, 1024px\" \/><figcaption class=\"wp-element-caption\">El teatre itinerant ha recorregut escen\u00e0ris del casc hist\u00f2ric com l&#8217;antiga pla\u00e7a de la Senyoria<\/figcaption><\/figure>\n\n\n\n<p>&nbsp;&nbsp;&nbsp;&nbsp;&nbsp;&nbsp; L\u2019esdeveniment, organitzat des de la Regidoria de Cultura, ha estat vertebrat per diferents representacions de m\u00e0gia per a adults, dansa, circ i teatre, les quals, ambientats per m\u00fasica de diferents estila li han donat una altra dimensi\u00f3 a l\u2019hora de donar un pas endavant per la seua consolidaci\u00f3.&nbsp; &nbsp;<\/p>\n\n\n\n<p>&nbsp;&nbsp;&nbsp;&nbsp;&nbsp;&nbsp; Aquesta qualitat ha estat ressaltada per l\u2019alcalde, Joan Ignasi Cervera, qui com a responsable de l\u2019\u00e0rea de Cultura, incideix en l\u2019augment del nombre de visites cap a un projecte dirigit a fomentar la cultura alternativa de cara a les persones amb inquietuds per les arts esc\u00e8niques.<\/p>\n\n\n\n<figure class=\"wp-block-image size-large\"><img decoding=\"async\" width=\"1024\" height=\"679\" src=\"https:\/\/canfali.com\/app\/uploads\/2025\/04\/DSC_0894-1024x679.jpg\" alt=\"\" class=\"wp-image-61735\" srcset=\"https:\/\/canfali.com\/app\/uploads\/2025\/04\/DSC_0894-1024x679.jpg 1024w, https:\/\/canfali.com\/app\/uploads\/2025\/04\/DSC_0894-300x199.jpg 300w, https:\/\/canfali.com\/app\/uploads\/2025\/04\/DSC_0894-768x509.jpg 768w, https:\/\/canfali.com\/app\/uploads\/2025\/04\/DSC_0894-1536x1019.jpg 1536w, https:\/\/canfali.com\/app\/uploads\/2025\/04\/DSC_0894-2048x1358.jpg 2048w, https:\/\/canfali.com\/app\/uploads\/2025\/04\/DSC_0894.jpg 2256w\" sizes=\"(max-width: 1024px) 100vw, 1024px\" \/><figcaption class=\"wp-element-caption\">La mostra ha interactuat amb el p\u00fablic<\/figcaption><\/figure>\n\n\n\n<p>Per la seua banda els dos responsables del festival, C\u00e9sar Monzon\u00eds i N\u00faria G\u00f3mez han destacat \u201cla varietat de propostes que tenien majorit\u00e0riament un p\u00fablic familiar com a destinatari\u201d. En aquest sentit, el primer ha comparat el programa de Fora d\u2019\u00d2rbita amb \u201cun men\u00fa de degustaci\u00f3 cultural on cada representaci\u00f3 no s\u2019assembla ni a l\u2019anterior ni a la seg\u00fcent, contribuint a enriquir l\u2019experi\u00e8ncia dels assistents a la mostra\u201d.<\/p>\n\n\n\n<figure class=\"wp-block-image size-large\"><img decoding=\"async\" width=\"1024\" height=\"679\" src=\"https:\/\/canfali.com\/app\/uploads\/2025\/04\/DSC_0845-1024x679.jpg\" alt=\"\" class=\"wp-image-61737\" srcset=\"https:\/\/canfali.com\/app\/uploads\/2025\/04\/DSC_0845-1024x679.jpg 1024w, https:\/\/canfali.com\/app\/uploads\/2025\/04\/DSC_0845-300x199.jpg 300w, https:\/\/canfali.com\/app\/uploads\/2025\/04\/DSC_0845-768x509.jpg 768w, https:\/\/canfali.com\/app\/uploads\/2025\/04\/DSC_0845-1536x1019.jpg 1536w, https:\/\/canfali.com\/app\/uploads\/2025\/04\/DSC_0845-2048x1358.jpg 2048w, https:\/\/canfali.com\/app\/uploads\/2025\/04\/DSC_0845.jpg 2256w\" sizes=\"(max-width: 1024px) 100vw, 1024px\" \/><figcaption class=\"wp-element-caption\">Una de les actuacions de la mostra<\/figcaption><\/figure>\n\n\n\n<p>Aquesta consideraci\u00f3 ha estat compartida per G\u00f3mez per a insistir en la import\u00e0ncia que t\u00e9 la cultura ja no sols per alimentar l\u2019\u00e0nima i l\u2019esperit cr\u00edtic sin\u00f3 tamb\u00e9 com a generadora de riquesa al seu voltant. \u201cAgrair l\u2019esfor\u00e7 de totes les parts que fan possible la mostra, ja que Orba \u00e9s un municipi menut que demostra any rere any que la cultura de qualitat tamb\u00e9 es pot fer en altres circuits alternatius\u201d, ha manifestat per a destacar que el fet que un elevat percentatge de les &nbsp;propostes presentades al Fora d\u2019\u00d2rbita en les tres primeres edicions han estat posteriorment contractades per altres municipis. Amb aix\u00f2 ha significat que \u201cmoltes de les companyies valoren positivament el seu pas per la mostra ja que arran de presentar ac\u00ed les seues propostes han pogut tancar altres contractacions\u201d, el que, al seu entendre, col\u00b7loca al festival com aparador de les novetats esc\u00e8niques de cara als programadors culturals professionals.<\/p>\n","protected":false},"excerpt":{"rendered":"La quarta edici\u00f3 de Fora d\u2019\u00d2rbita&#8221; transforma el nucli hist\u00f2ric en l&#8217;escenari principal a l&#8217;aire lliure de les arts esc\u00e8niques de la Marina Alta","protected":false},"author":4,"featured_media":61731,"comment_status":"closed","ping_status":"closed","sticky":false,"template":"","format":"standard","meta":{"csco_display_header_overlay":false,"csco_singular_sidebar":"","csco_page_header_type":"","csco_page_load_nextpost":"","csco_post_video_location":[],"csco_post_video_location_hash":"","csco_post_video_url":"","csco_post_video_bg_start_time":0,"csco_post_video_bg_end_time":0,"footnotes":""},"categories":[597],"tags":[1512,1514,1513,1511],"class_list":{"0":"post-61730","1":"post","2":"type-post","3":"status-publish","4":"format-standard","5":"has-post-thumbnail","7":"category-cultura-ca-es","8":"tag-dorbita","9":"tag-escenic","10":"tag-festival","11":"tag-fora","12":"cs-entry","13":"cs-video-wrap"},"yoast_head":"<!-- This site is optimized with the Yoast SEO Premium plugin v26.6 (Yoast SEO v27.3) - https:\/\/yoast.com\/product\/yoast-seo-premium-wordpress\/ -->\n<title>La mostra esc\u00e8nica d\u2019Orba amplia la seua dimensi\u00f3 - Canfali<\/title>\n<meta name=\"robots\" content=\"index, follow, max-snippet:-1, max-image-preview:large, max-video-preview:-1\" \/>\n<link rel=\"canonical\" href=\"https:\/\/canfali.com\/ca-es\/la-mostra-escenica-dorba-amplia-la-seua-dimensio\/\" \/>\n<meta property=\"og:locale\" content=\"en_US\" \/>\n<meta property=\"og:type\" content=\"article\" \/>\n<meta property=\"og:title\" content=\"La mostra esc\u00e8nica d\u2019Orba amplia la seua dimensi\u00f3\" \/>\n<meta property=\"og:description\" content=\"La quarta edici\u00f3 de Fora d\u2019\u00d2rbita&quot; transforma el nucli hist\u00f2ric en l&#039;escenari principal a l&#039;aire lliure de les arts esc\u00e8niques de la Marina Alta\" \/>\n<meta property=\"og:url\" content=\"https:\/\/canfali.com\/ca-es\/la-mostra-escenica-dorba-amplia-la-seua-dimensio\/\" \/>\n<meta property=\"og:site_name\" content=\"Canfali\" \/>\n<meta property=\"article:publisher\" content=\"https:\/\/es-es.facebook.com\/CANFALIMarinaAlta\" \/>\n<meta property=\"article:published_time\" content=\"2025-04-13T19:11:34+00:00\" \/>\n<meta property=\"article:modified_time\" content=\"2025-04-14T07:25:37+00:00\" \/>\n<meta property=\"og:image\" content=\"https:\/\/canfali.com\/app\/uploads\/2025\/04\/DSC_0849-e1744615528403.jpg\" \/>\n\t<meta property=\"og:image:width\" content=\"1200\" \/>\n\t<meta property=\"og:image:height\" content=\"796\" \/>\n\t<meta property=\"og:image:type\" content=\"image\/jpeg\" \/>\n<meta name=\"author\" content=\"JJ Mas\" \/>\n<meta name=\"twitter:card\" content=\"summary_large_image\" \/>\n<meta name=\"twitter:creator\" content=\"@canfalima\" \/>\n<meta name=\"twitter:site\" content=\"@canfalima\" \/>\n<meta name=\"twitter:label1\" content=\"Written by\" \/>\n\t<meta name=\"twitter:data1\" content=\"JJ Mas\" \/>\n\t<meta name=\"twitter:label2\" content=\"Est. reading time\" \/>\n\t<meta name=\"twitter:data2\" content=\"2 minutes\" \/>\n<script type=\"application\/ld+json\" class=\"yoast-schema-graph\">{\"@context\":\"https:\\\/\\\/schema.org\",\"@graph\":[{\"@type\":\"NewsArticle\",\"@id\":\"https:\\\/\\\/canfali.com\\\/ca-es\\\/la-mostra-escenica-dorba-amplia-la-seua-dimensio\\\/#article\",\"isPartOf\":{\"@id\":\"https:\\\/\\\/canfali.com\\\/ca-es\\\/la-mostra-escenica-dorba-amplia-la-seua-dimensio\\\/\"},\"author\":{\"name\":\"JJ Mas\",\"@id\":\"https:\\\/\\\/canfali.com\\\/ca-es\\\/#\\\/schema\\\/person\\\/d834d2d4df17cac754d3c314d4c404ef\"},\"headline\":\"La mostra esc\u00e8nica d\u2019Orba amplia la seua dimensi\u00f3\",\"datePublished\":\"2025-04-13T19:11:34+00:00\",\"dateModified\":\"2025-04-14T07:25:37+00:00\",\"mainEntityOfPage\":{\"@id\":\"https:\\\/\\\/canfali.com\\\/ca-es\\\/la-mostra-escenica-dorba-amplia-la-seua-dimensio\\\/\"},\"wordCount\":474,\"publisher\":{\"@id\":\"https:\\\/\\\/canfali.com\\\/ca-es\\\/#organization\"},\"image\":{\"@id\":\"https:\\\/\\\/canfali.com\\\/ca-es\\\/la-mostra-escenica-dorba-amplia-la-seua-dimensio\\\/#primaryimage\"},\"thumbnailUrl\":\"https:\\\/\\\/canfali.com\\\/app\\\/uploads\\\/2025\\\/04\\\/DSC_0849-e1744615528403.jpg\",\"keywords\":[\"d'orbita\",\"escenic\",\"festival\",\"fora\"],\"articleSection\":[\"Cultura\"],\"inLanguage\":\"va-ES\",\"copyrightYear\":\"2025\",\"copyrightHolder\":{\"@id\":\"https:\\\/\\\/canfali.com\\\/#organization\"}},{\"@type\":\"WebPage\",\"@id\":\"https:\\\/\\\/canfali.com\\\/ca-es\\\/la-mostra-escenica-dorba-amplia-la-seua-dimensio\\\/\",\"url\":\"https:\\\/\\\/canfali.com\\\/ca-es\\\/la-mostra-escenica-dorba-amplia-la-seua-dimensio\\\/\",\"name\":\"La mostra esc\u00e8nica d\u2019Orba amplia la seua dimensi\u00f3 - Canfali\",\"isPartOf\":{\"@id\":\"https:\\\/\\\/canfali.com\\\/ca-es\\\/#website\"},\"primaryImageOfPage\":{\"@id\":\"https:\\\/\\\/canfali.com\\\/ca-es\\\/la-mostra-escenica-dorba-amplia-la-seua-dimensio\\\/#primaryimage\"},\"image\":{\"@id\":\"https:\\\/\\\/canfali.com\\\/ca-es\\\/la-mostra-escenica-dorba-amplia-la-seua-dimensio\\\/#primaryimage\"},\"thumbnailUrl\":\"https:\\\/\\\/canfali.com\\\/app\\\/uploads\\\/2025\\\/04\\\/DSC_0849-e1744615528403.jpg\",\"datePublished\":\"2025-04-13T19:11:34+00:00\",\"dateModified\":\"2025-04-14T07:25:37+00:00\",\"breadcrumb\":{\"@id\":\"https:\\\/\\\/canfali.com\\\/ca-es\\\/la-mostra-escenica-dorba-amplia-la-seua-dimensio\\\/#breadcrumb\"},\"inLanguage\":\"va-ES\",\"potentialAction\":[{\"@type\":\"ReadAction\",\"target\":[\"https:\\\/\\\/canfali.com\\\/ca-es\\\/la-mostra-escenica-dorba-amplia-la-seua-dimensio\\\/\"]}]},{\"@type\":\"ImageObject\",\"inLanguage\":\"va-ES\",\"@id\":\"https:\\\/\\\/canfali.com\\\/ca-es\\\/la-mostra-escenica-dorba-amplia-la-seua-dimensio\\\/#primaryimage\",\"url\":\"https:\\\/\\\/canfali.com\\\/app\\\/uploads\\\/2025\\\/04\\\/DSC_0849-e1744615528403.jpg\",\"contentUrl\":\"https:\\\/\\\/canfali.com\\\/app\\\/uploads\\\/2025\\\/04\\\/DSC_0849-e1744615528403.jpg\",\"width\":1200,\"height\":796},{\"@type\":\"BreadcrumbList\",\"@id\":\"https:\\\/\\\/canfali.com\\\/ca-es\\\/la-mostra-escenica-dorba-amplia-la-seua-dimensio\\\/#breadcrumb\",\"itemListElement\":[{\"@type\":\"ListItem\",\"position\":1,\"name\":\"Portada\",\"item\":\"https:\\\/\\\/canfali.com\\\/ca-es\\\/\"},{\"@type\":\"ListItem\",\"position\":2,\"name\":\"La mostra esc\u00e8nica d\u2019Orba amplia la seua dimensi\u00f3\"}]},{\"@type\":\"WebSite\",\"@id\":\"https:\\\/\\\/canfali.com\\\/ca-es\\\/#website\",\"url\":\"https:\\\/\\\/canfali.com\\\/ca-es\\\/\",\"name\":\"Canfali\",\"description\":\"\",\"publisher\":{\"@id\":\"https:\\\/\\\/canfali.com\\\/ca-es\\\/#organization\"},\"potentialAction\":[{\"@type\":\"SearchAction\",\"target\":{\"@type\":\"EntryPoint\",\"urlTemplate\":\"https:\\\/\\\/canfali.com\\\/ca-es\\\/?s={search_term_string}\"},\"query-input\":{\"@type\":\"PropertyValueSpecification\",\"valueRequired\":true,\"valueName\":\"search_term_string\"}}],\"inLanguage\":\"va-ES\"},{\"@type\":\"Organization\",\"@id\":\"https:\\\/\\\/canfali.com\\\/ca-es\\\/#organization\",\"name\":\"Canfali\",\"url\":\"https:\\\/\\\/canfali.com\\\/ca-es\\\/\",\"logo\":{\"@type\":\"ImageObject\",\"inLanguage\":\"va-ES\",\"@id\":\"https:\\\/\\\/canfali.com\\\/ca-es\\\/#\\\/schema\\\/logo\\\/image\\\/\",\"url\":\"https:\\\/\\\/canfali.com\\\/app\\\/uploads\\\/2025\\\/12\\\/canfali_marina_alta_logo.png\",\"contentUrl\":\"https:\\\/\\\/canfali.com\\\/app\\\/uploads\\\/2025\\\/12\\\/canfali_marina_alta_logo.png\",\"width\":225,\"height\":225,\"caption\":\"Canfali\"},\"image\":{\"@id\":\"https:\\\/\\\/canfali.com\\\/ca-es\\\/#\\\/schema\\\/logo\\\/image\\\/\"},\"sameAs\":[\"https:\\\/\\\/es-es.facebook.com\\\/CANFALIMarinaAlta\",\"https:\\\/\\\/x.com\\\/canfalima\",\"https:\\\/\\\/www.instagram.com\\\/canfalimarinaalta\\\/\"]},{\"@type\":\"Person\",\"@id\":\"https:\\\/\\\/canfali.com\\\/ca-es\\\/#\\\/schema\\\/person\\\/d834d2d4df17cac754d3c314d4c404ef\",\"name\":\"JJ Mas\",\"image\":{\"@type\":\"ImageObject\",\"inLanguage\":\"va-ES\",\"@id\":\"https:\\\/\\\/secure.gravatar.com\\\/avatar\\\/65a5191f5438bf88c2394f6d1a625a6ff903c8785268e603c623a83bc15ba1ee?s=96&d=mm&r=g\",\"url\":\"https:\\\/\\\/secure.gravatar.com\\\/avatar\\\/65a5191f5438bf88c2394f6d1a625a6ff903c8785268e603c623a83bc15ba1ee?s=96&d=mm&r=g\",\"contentUrl\":\"https:\\\/\\\/secure.gravatar.com\\\/avatar\\\/65a5191f5438bf88c2394f6d1a625a6ff903c8785268e603c623a83bc15ba1ee?s=96&d=mm&r=g\",\"caption\":\"JJ Mas\"},\"url\":\"https:\\\/\\\/canfali.com\\\/ca-es\\\/author\\\/jj\\\/\"}]}<\/script>\n<!-- \/ Yoast SEO Premium plugin. -->","yoast_head_json":{"title":"La mostra esc\u00e8nica d\u2019Orba amplia la seua dimensi\u00f3 - Canfali","robots":{"index":"index","follow":"follow","max-snippet":"max-snippet:-1","max-image-preview":"max-image-preview:large","max-video-preview":"max-video-preview:-1"},"canonical":"https:\/\/canfali.com\/ca-es\/la-mostra-escenica-dorba-amplia-la-seua-dimensio\/","og_locale":"en_US","og_type":"article","og_title":"La mostra esc\u00e8nica d\u2019Orba amplia la seua dimensi\u00f3","og_description":"La quarta edici\u00f3 de Fora d\u2019\u00d2rbita\" transforma el nucli hist\u00f2ric en l'escenari principal a l'aire lliure de les arts esc\u00e8niques de la Marina Alta","og_url":"https:\/\/canfali.com\/ca-es\/la-mostra-escenica-dorba-amplia-la-seua-dimensio\/","og_site_name":"Canfali","article_publisher":"https:\/\/es-es.facebook.com\/CANFALIMarinaAlta","article_published_time":"2025-04-13T19:11:34+00:00","article_modified_time":"2025-04-14T07:25:37+00:00","og_image":[{"width":1200,"height":796,"url":"https:\/\/canfali.com\/app\/uploads\/2025\/04\/DSC_0849-e1744615528403.jpg","type":"image\/jpeg"}],"author":"JJ Mas","twitter_card":"summary_large_image","twitter_creator":"@canfalima","twitter_site":"@canfalima","twitter_misc":{"Written by":"JJ Mas","Est. reading time":"2 minutes"},"schema":{"@context":"https:\/\/schema.org","@graph":[{"@type":"NewsArticle","@id":"https:\/\/canfali.com\/ca-es\/la-mostra-escenica-dorba-amplia-la-seua-dimensio\/#article","isPartOf":{"@id":"https:\/\/canfali.com\/ca-es\/la-mostra-escenica-dorba-amplia-la-seua-dimensio\/"},"author":{"name":"JJ Mas","@id":"https:\/\/canfali.com\/ca-es\/#\/schema\/person\/d834d2d4df17cac754d3c314d4c404ef"},"headline":"La mostra esc\u00e8nica d\u2019Orba amplia la seua dimensi\u00f3","datePublished":"2025-04-13T19:11:34+00:00","dateModified":"2025-04-14T07:25:37+00:00","mainEntityOfPage":{"@id":"https:\/\/canfali.com\/ca-es\/la-mostra-escenica-dorba-amplia-la-seua-dimensio\/"},"wordCount":474,"publisher":{"@id":"https:\/\/canfali.com\/ca-es\/#organization"},"image":{"@id":"https:\/\/canfali.com\/ca-es\/la-mostra-escenica-dorba-amplia-la-seua-dimensio\/#primaryimage"},"thumbnailUrl":"https:\/\/canfali.com\/app\/uploads\/2025\/04\/DSC_0849-e1744615528403.jpg","keywords":["d'orbita","escenic","festival","fora"],"articleSection":["Cultura"],"inLanguage":"va-ES","copyrightYear":"2025","copyrightHolder":{"@id":"https:\/\/canfali.com\/#organization"}},{"@type":"WebPage","@id":"https:\/\/canfali.com\/ca-es\/la-mostra-escenica-dorba-amplia-la-seua-dimensio\/","url":"https:\/\/canfali.com\/ca-es\/la-mostra-escenica-dorba-amplia-la-seua-dimensio\/","name":"La mostra esc\u00e8nica d\u2019Orba amplia la seua dimensi\u00f3 - Canfali","isPartOf":{"@id":"https:\/\/canfali.com\/ca-es\/#website"},"primaryImageOfPage":{"@id":"https:\/\/canfali.com\/ca-es\/la-mostra-escenica-dorba-amplia-la-seua-dimensio\/#primaryimage"},"image":{"@id":"https:\/\/canfali.com\/ca-es\/la-mostra-escenica-dorba-amplia-la-seua-dimensio\/#primaryimage"},"thumbnailUrl":"https:\/\/canfali.com\/app\/uploads\/2025\/04\/DSC_0849-e1744615528403.jpg","datePublished":"2025-04-13T19:11:34+00:00","dateModified":"2025-04-14T07:25:37+00:00","breadcrumb":{"@id":"https:\/\/canfali.com\/ca-es\/la-mostra-escenica-dorba-amplia-la-seua-dimensio\/#breadcrumb"},"inLanguage":"va-ES","potentialAction":[{"@type":"ReadAction","target":["https:\/\/canfali.com\/ca-es\/la-mostra-escenica-dorba-amplia-la-seua-dimensio\/"]}]},{"@type":"ImageObject","inLanguage":"va-ES","@id":"https:\/\/canfali.com\/ca-es\/la-mostra-escenica-dorba-amplia-la-seua-dimensio\/#primaryimage","url":"https:\/\/canfali.com\/app\/uploads\/2025\/04\/DSC_0849-e1744615528403.jpg","contentUrl":"https:\/\/canfali.com\/app\/uploads\/2025\/04\/DSC_0849-e1744615528403.jpg","width":1200,"height":796},{"@type":"BreadcrumbList","@id":"https:\/\/canfali.com\/ca-es\/la-mostra-escenica-dorba-amplia-la-seua-dimensio\/#breadcrumb","itemListElement":[{"@type":"ListItem","position":1,"name":"Portada","item":"https:\/\/canfali.com\/ca-es\/"},{"@type":"ListItem","position":2,"name":"La mostra esc\u00e8nica d\u2019Orba amplia la seua dimensi\u00f3"}]},{"@type":"WebSite","@id":"https:\/\/canfali.com\/ca-es\/#website","url":"https:\/\/canfali.com\/ca-es\/","name":"Canfali","description":"","publisher":{"@id":"https:\/\/canfali.com\/ca-es\/#organization"},"potentialAction":[{"@type":"SearchAction","target":{"@type":"EntryPoint","urlTemplate":"https:\/\/canfali.com\/ca-es\/?s={search_term_string}"},"query-input":{"@type":"PropertyValueSpecification","valueRequired":true,"valueName":"search_term_string"}}],"inLanguage":"va-ES"},{"@type":"Organization","@id":"https:\/\/canfali.com\/ca-es\/#organization","name":"Canfali","url":"https:\/\/canfali.com\/ca-es\/","logo":{"@type":"ImageObject","inLanguage":"va-ES","@id":"https:\/\/canfali.com\/ca-es\/#\/schema\/logo\/image\/","url":"https:\/\/canfali.com\/app\/uploads\/2025\/12\/canfali_marina_alta_logo.png","contentUrl":"https:\/\/canfali.com\/app\/uploads\/2025\/12\/canfali_marina_alta_logo.png","width":225,"height":225,"caption":"Canfali"},"image":{"@id":"https:\/\/canfali.com\/ca-es\/#\/schema\/logo\/image\/"},"sameAs":["https:\/\/es-es.facebook.com\/CANFALIMarinaAlta","https:\/\/x.com\/canfalima","https:\/\/www.instagram.com\/canfalimarinaalta\/"]},{"@type":"Person","@id":"https:\/\/canfali.com\/ca-es\/#\/schema\/person\/d834d2d4df17cac754d3c314d4c404ef","name":"JJ Mas","image":{"@type":"ImageObject","inLanguage":"va-ES","@id":"https:\/\/secure.gravatar.com\/avatar\/65a5191f5438bf88c2394f6d1a625a6ff903c8785268e603c623a83bc15ba1ee?s=96&d=mm&r=g","url":"https:\/\/secure.gravatar.com\/avatar\/65a5191f5438bf88c2394f6d1a625a6ff903c8785268e603c623a83bc15ba1ee?s=96&d=mm&r=g","contentUrl":"https:\/\/secure.gravatar.com\/avatar\/65a5191f5438bf88c2394f6d1a625a6ff903c8785268e603c623a83bc15ba1ee?s=96&d=mm&r=g","caption":"JJ Mas"},"url":"https:\/\/canfali.com\/ca-es\/author\/jj\/"}]}},"_links":{"self":[{"href":"https:\/\/canfali.com\/ca-es\/wp-json\/wp\/v2\/posts\/61730","targetHints":{"allow":["GET"]}}],"collection":[{"href":"https:\/\/canfali.com\/ca-es\/wp-json\/wp\/v2\/posts"}],"about":[{"href":"https:\/\/canfali.com\/ca-es\/wp-json\/wp\/v2\/types\/post"}],"author":[{"embeddable":true,"href":"https:\/\/canfali.com\/ca-es\/wp-json\/wp\/v2\/users\/4"}],"replies":[{"embeddable":true,"href":"https:\/\/canfali.com\/ca-es\/wp-json\/wp\/v2\/comments?post=61730"}],"version-history":[{"count":2,"href":"https:\/\/canfali.com\/ca-es\/wp-json\/wp\/v2\/posts\/61730\/revisions"}],"predecessor-version":[{"id":61931,"href":"https:\/\/canfali.com\/ca-es\/wp-json\/wp\/v2\/posts\/61730\/revisions\/61931"}],"wp:featuredmedia":[{"embeddable":true,"href":"https:\/\/canfali.com\/ca-es\/wp-json\/wp\/v2\/media\/61731"}],"wp:attachment":[{"href":"https:\/\/canfali.com\/ca-es\/wp-json\/wp\/v2\/media?parent=61730"}],"wp:term":[{"taxonomy":"category","embeddable":true,"href":"https:\/\/canfali.com\/ca-es\/wp-json\/wp\/v2\/categories?post=61730"},{"taxonomy":"post_tag","embeddable":true,"href":"https:\/\/canfali.com\/ca-es\/wp-json\/wp\/v2\/tags?post=61730"}],"curies":[{"name":"wp","href":"https:\/\/api.w.org\/{rel}","templated":true}]}}