{"id":61521,"date":"2025-04-08T12:23:42","date_gmt":"2025-04-08T10:23:42","guid":{"rendered":"https:\/\/canfali.com\/jake-abbott-triomfa-en-el-concurso-de-fotografia\/"},"modified":"2025-04-08T12:28:33","modified_gmt":"2025-04-08T10:28:33","slug":"jake-abbott-triomfa-en-el-concurso-de-fotografia","status":"publish","type":"post","link":"https:\/\/canfali.com\/ca-es\/jake-abbott-triomfa-en-el-concurso-de-fotografia\/","title":{"rendered":"Jake Abbott triomfa en el concurso de fotografia"},"content":{"rendered":"\n<p><\/p>\n\n<p><\/p>\n\n<p>Un habitual del concurs de fotos Tema D\u00e9nia ha obtingut este any dos premis. Jake Abbott s&#8217;ha adjudicat la millor fotografia art\u00edstica i el segon en la modalitat tur\u00edstica. En total, rebr\u00e0 900 euros. <\/p>\n\n<figure class=\"wp-block-image size-large\"><img fetchpriority=\"high\" decoding=\"async\" width=\"1024\" height=\"1024\" src=\"https:\/\/canfali.com\/app\/uploads\/2025\/04\/20250408_Gamba-2o-premi-turistica-1024x1024.jpg\" alt=\"\" class=\"wp-image-61508\" srcset=\"https:\/\/canfali.com\/app\/uploads\/2025\/04\/20250408_Gamba-2o-premi-turistica-1024x1024.jpg 1024w, https:\/\/canfali.com\/app\/uploads\/2025\/04\/20250408_Gamba-2o-premi-turistica-300x300.jpg 300w, https:\/\/canfali.com\/app\/uploads\/2025\/04\/20250408_Gamba-2o-premi-turistica-150x150.jpg 150w, https:\/\/canfali.com\/app\/uploads\/2025\/04\/20250408_Gamba-2o-premi-turistica-768x768.jpg 768w, https:\/\/canfali.com\/app\/uploads\/2025\/04\/20250408_Gamba-2o-premi-turistica-1536x1536.jpg 1536w, https:\/\/canfali.com\/app\/uploads\/2025\/04\/20250408_Gamba-2o-premi-turistica-2048x2048.jpg 2048w, https:\/\/canfali.com\/app\/uploads\/2025\/04\/20250408_Gamba-2o-premi-turistica.jpg 2362w\" sizes=\"(max-width: 1024px) 100vw, 1024px\" \/><\/figure>\n\n<p>El jurat ha estat format per Xavier Moll\u00e0 i Revert, fot\u00f2graf; Eva Asperilla Olmo, t\u00e8cnica del Departament de Turisme de D\u00e9nia; Ra\u00fal Garc\u00eda de la Reina, regidor de Cultura; i Mavi Rovira, en qualitat de secret\u00e0ria. Es van presentar 55 foto<\/p>\n\n<figure class=\"wp-block-image size-large\"><img decoding=\"async\" width=\"1024\" height=\"683\" src=\"https:\/\/canfali.com\/app\/uploads\/2025\/04\/20250408_Calmes.-1o-premi-turistica-1024x683.jpg\" alt=\"\" class=\"wp-image-61514\" srcset=\"https:\/\/canfali.com\/app\/uploads\/2025\/04\/20250408_Calmes.-1o-premi-turistica-1024x683.jpg 1024w, https:\/\/canfali.com\/app\/uploads\/2025\/04\/20250408_Calmes.-1o-premi-turistica-300x200.jpg 300w, https:\/\/canfali.com\/app\/uploads\/2025\/04\/20250408_Calmes.-1o-premi-turistica-768x512.jpg 768w, https:\/\/canfali.com\/app\/uploads\/2025\/04\/20250408_Calmes.-1o-premi-turistica-1536x1024.jpg 1536w, https:\/\/canfali.com\/app\/uploads\/2025\/04\/20250408_Calmes.-1o-premi-turistica-2048x1365.jpg 2048w, https:\/\/canfali.com\/app\/uploads\/2025\/04\/20250408_Calmes.-1o-premi-turistica-scaled.jpg 2560w\" sizes=\"(max-width: 1024px) 100vw, 1024px\" \/><\/figure>\n\n<p>El segon premi en fotografia art\u00edstica, dotat amb 300 euros, ha sigut per a Alfredo Sanz Moncho mentres que Paco Costa Cervera ha obtingut el primer en fotografia tur\u00edstica. Les fotos, tant les que han guanyat com les que no, s&#8217;exhibixen a la Casa de Cultura.&#13;\n&#13;\n<\/p>\n\n<figure class=\"wp-block-image size-large\"><img decoding=\"async\" width=\"1024\" height=\"1024\" src=\"https:\/\/canfali.com\/app\/uploads\/2025\/04\/20250408_Boireta.-2o-Premi-artistica-1024x1024.jpg\" alt=\"\" class=\"wp-image-61512\" srcset=\"https:\/\/canfali.com\/app\/uploads\/2025\/04\/20250408_Boireta.-2o-Premi-artistica-1024x1024.jpg 1024w, https:\/\/canfali.com\/app\/uploads\/2025\/04\/20250408_Boireta.-2o-Premi-artistica-300x300.jpg 300w, https:\/\/canfali.com\/app\/uploads\/2025\/04\/20250408_Boireta.-2o-Premi-artistica-150x150.jpg 150w, https:\/\/canfali.com\/app\/uploads\/2025\/04\/20250408_Boireta.-2o-Premi-artistica-768x768.jpg 768w, https:\/\/canfali.com\/app\/uploads\/2025\/04\/20250408_Boireta.-2o-Premi-artistica.jpg 1266w\" sizes=\"(max-width: 1024px) 100vw, 1024px\" \/><\/figure>\n","protected":false},"excerpt":{"rendered":"Un habitual del concurs de fotos Tema D\u00e9nia ha obtingut este any dos premis. Jake Abbott s&#8217;ha adjudicat&hellip;","protected":false},"author":7,"featured_media":61507,"comment_status":"closed","ping_status":"closed","sticky":false,"template":"","format":"standard","meta":{"csco_display_header_overlay":false,"csco_singular_sidebar":"","csco_page_header_type":"","csco_page_load_nextpost":"","csco_post_video_location":[],"csco_post_video_location_hash":"","csco_post_video_url":"","csco_post_video_bg_start_time":0,"csco_post_video_bg_end_time":0,"footnotes":""},"categories":[597],"tags":[],"class_list":{"0":"post-61521","1":"post","2":"type-post","3":"status-publish","4":"format-standard","5":"has-post-thumbnail","7":"category-cultura-ca-es","8":"cs-entry","9":"cs-video-wrap"},"yoast_head":"<!-- This site is optimized with the Yoast SEO Premium plugin v26.6 (Yoast SEO v27.3) - https:\/\/yoast.com\/product\/yoast-seo-premium-wordpress\/ -->\n<title>Jake Abbott triomfa en el concurso de fotografia - Canfali<\/title>\n<meta name=\"robots\" content=\"index, follow, max-snippet:-1, max-image-preview:large, max-video-preview:-1\" \/>\n<link rel=\"canonical\" href=\"https:\/\/canfali.com\/ca-es\/jake-abbott-triomfa-en-el-concurso-de-fotografia\/\" \/>\n<meta property=\"og:locale\" content=\"en_US\" \/>\n<meta property=\"og:type\" content=\"article\" \/>\n<meta property=\"og:title\" content=\"Jake Abbott triomfa en el concurso de fotografia\" \/>\n<meta property=\"og:description\" content=\"Un habitual del concurs de fotos Tema D\u00e9nia ha obtingut este any dos premis. Jake Abbott s&#8217;ha adjudicat&hellip;\" \/>\n<meta property=\"og:url\" content=\"https:\/\/canfali.com\/ca-es\/jake-abbott-triomfa-en-el-concurso-de-fotografia\/\" \/>\n<meta property=\"og:site_name\" content=\"Canfali\" \/>\n<meta property=\"article:publisher\" content=\"https:\/\/es-es.facebook.com\/CANFALIMarinaAlta\" \/>\n<meta property=\"article:published_time\" content=\"2025-04-08T10:23:42+00:00\" \/>\n<meta property=\"article:modified_time\" content=\"2025-04-08T10:28:33+00:00\" \/>\n<meta property=\"og:image\" content=\"https:\/\/canfali.com\/app\/uploads\/2025\/04\/20250408_Cova-talla.-1o-premi-artistica.jpg\" \/>\n\t<meta property=\"og:image:width\" content=\"2362\" \/>\n\t<meta property=\"og:image:height\" content=\"1107\" \/>\n\t<meta property=\"og:image:type\" content=\"image\/jpeg\" \/>\n<meta name=\"author\" content=\"Bolta\" \/>\n<meta name=\"twitter:card\" content=\"summary_large_image\" \/>\n<meta name=\"twitter:creator\" content=\"@canfalima\" \/>\n<meta name=\"twitter:site\" content=\"@canfalima\" \/>\n<meta name=\"twitter:label1\" content=\"Written by\" \/>\n\t<meta name=\"twitter:data1\" content=\"Bolta\" \/>\n\t<meta name=\"twitter:label2\" content=\"Est. reading time\" \/>\n\t<meta name=\"twitter:data2\" content=\"1 minute\" \/>\n<script type=\"application\/ld+json\" class=\"yoast-schema-graph\">{\"@context\":\"https:\\\/\\\/schema.org\",\"@graph\":[{\"@type\":\"NewsArticle\",\"@id\":\"https:\\\/\\\/canfali.com\\\/ca-es\\\/jake-abbott-triomfa-en-el-concurso-de-fotografia\\\/#article\",\"isPartOf\":{\"@id\":\"https:\\\/\\\/canfali.com\\\/ca-es\\\/jake-abbott-triomfa-en-el-concurso-de-fotografia\\\/\"},\"author\":{\"name\":\"Bolta\",\"@id\":\"https:\\\/\\\/canfali.com\\\/ca-es\\\/#\\\/schema\\\/person\\\/9c651adc904f3c4e0243f54407751557\"},\"headline\":\"Jake Abbott triomfa en el concurso de fotografia\",\"datePublished\":\"2025-04-08T10:23:42+00:00\",\"dateModified\":\"2025-04-08T10:28:33+00:00\",\"mainEntityOfPage\":{\"@id\":\"https:\\\/\\\/canfali.com\\\/ca-es\\\/jake-abbott-triomfa-en-el-concurso-de-fotografia\\\/\"},\"wordCount\":139,\"publisher\":{\"@id\":\"https:\\\/\\\/canfali.com\\\/ca-es\\\/#organization\"},\"image\":{\"@id\":\"https:\\\/\\\/canfali.com\\\/ca-es\\\/jake-abbott-triomfa-en-el-concurso-de-fotografia\\\/#primaryimage\"},\"thumbnailUrl\":\"https:\\\/\\\/canfali.com\\\/app\\\/uploads\\\/2025\\\/04\\\/20250408_Cova-talla.-1o-premi-artistica.jpg\",\"articleSection\":[\"Cultura\"],\"inLanguage\":\"va-ES\",\"copyrightYear\":\"2025\",\"copyrightHolder\":{\"@id\":\"https:\\\/\\\/canfali.com\\\/#organization\"}},{\"@type\":\"WebPage\",\"@id\":\"https:\\\/\\\/canfali.com\\\/ca-es\\\/jake-abbott-triomfa-en-el-concurso-de-fotografia\\\/\",\"url\":\"https:\\\/\\\/canfali.com\\\/ca-es\\\/jake-abbott-triomfa-en-el-concurso-de-fotografia\\\/\",\"name\":\"Jake Abbott triomfa en el concurso de fotografia - Canfali\",\"isPartOf\":{\"@id\":\"https:\\\/\\\/canfali.com\\\/ca-es\\\/#website\"},\"primaryImageOfPage\":{\"@id\":\"https:\\\/\\\/canfali.com\\\/ca-es\\\/jake-abbott-triomfa-en-el-concurso-de-fotografia\\\/#primaryimage\"},\"image\":{\"@id\":\"https:\\\/\\\/canfali.com\\\/ca-es\\\/jake-abbott-triomfa-en-el-concurso-de-fotografia\\\/#primaryimage\"},\"thumbnailUrl\":\"https:\\\/\\\/canfali.com\\\/app\\\/uploads\\\/2025\\\/04\\\/20250408_Cova-talla.-1o-premi-artistica.jpg\",\"datePublished\":\"2025-04-08T10:23:42+00:00\",\"dateModified\":\"2025-04-08T10:28:33+00:00\",\"breadcrumb\":{\"@id\":\"https:\\\/\\\/canfali.com\\\/ca-es\\\/jake-abbott-triomfa-en-el-concurso-de-fotografia\\\/#breadcrumb\"},\"inLanguage\":\"va-ES\",\"potentialAction\":[{\"@type\":\"ReadAction\",\"target\":[\"https:\\\/\\\/canfali.com\\\/ca-es\\\/jake-abbott-triomfa-en-el-concurso-de-fotografia\\\/\"]}]},{\"@type\":\"ImageObject\",\"inLanguage\":\"va-ES\",\"@id\":\"https:\\\/\\\/canfali.com\\\/ca-es\\\/jake-abbott-triomfa-en-el-concurso-de-fotografia\\\/#primaryimage\",\"url\":\"https:\\\/\\\/canfali.com\\\/app\\\/uploads\\\/2025\\\/04\\\/20250408_Cova-talla.-1o-premi-artistica.jpg\",\"contentUrl\":\"https:\\\/\\\/canfali.com\\\/app\\\/uploads\\\/2025\\\/04\\\/20250408_Cova-talla.-1o-premi-artistica.jpg\",\"width\":2362,\"height\":1107},{\"@type\":\"BreadcrumbList\",\"@id\":\"https:\\\/\\\/canfali.com\\\/ca-es\\\/jake-abbott-triomfa-en-el-concurso-de-fotografia\\\/#breadcrumb\",\"itemListElement\":[{\"@type\":\"ListItem\",\"position\":1,\"name\":\"Portada\",\"item\":\"https:\\\/\\\/canfali.com\\\/ca-es\\\/\"},{\"@type\":\"ListItem\",\"position\":2,\"name\":\"Jake Abbott triomfa en el concurso de fotografia\"}]},{\"@type\":\"WebSite\",\"@id\":\"https:\\\/\\\/canfali.com\\\/ca-es\\\/#website\",\"url\":\"https:\\\/\\\/canfali.com\\\/ca-es\\\/\",\"name\":\"Canfali\",\"description\":\"\",\"publisher\":{\"@id\":\"https:\\\/\\\/canfali.com\\\/ca-es\\\/#organization\"},\"potentialAction\":[{\"@type\":\"SearchAction\",\"target\":{\"@type\":\"EntryPoint\",\"urlTemplate\":\"https:\\\/\\\/canfali.com\\\/ca-es\\\/?s={search_term_string}\"},\"query-input\":{\"@type\":\"PropertyValueSpecification\",\"valueRequired\":true,\"valueName\":\"search_term_string\"}}],\"inLanguage\":\"va-ES\"},{\"@type\":\"Organization\",\"@id\":\"https:\\\/\\\/canfali.com\\\/ca-es\\\/#organization\",\"name\":\"Canfali\",\"url\":\"https:\\\/\\\/canfali.com\\\/ca-es\\\/\",\"logo\":{\"@type\":\"ImageObject\",\"inLanguage\":\"va-ES\",\"@id\":\"https:\\\/\\\/canfali.com\\\/ca-es\\\/#\\\/schema\\\/logo\\\/image\\\/\",\"url\":\"https:\\\/\\\/canfali.com\\\/app\\\/uploads\\\/2025\\\/12\\\/canfali_marina_alta_logo.png\",\"contentUrl\":\"https:\\\/\\\/canfali.com\\\/app\\\/uploads\\\/2025\\\/12\\\/canfali_marina_alta_logo.png\",\"width\":225,\"height\":225,\"caption\":\"Canfali\"},\"image\":{\"@id\":\"https:\\\/\\\/canfali.com\\\/ca-es\\\/#\\\/schema\\\/logo\\\/image\\\/\"},\"sameAs\":[\"https:\\\/\\\/es-es.facebook.com\\\/CANFALIMarinaAlta\",\"https:\\\/\\\/x.com\\\/canfalima\",\"https:\\\/\\\/www.instagram.com\\\/canfalimarinaalta\\\/\"]},{\"@type\":\"Person\",\"@id\":\"https:\\\/\\\/canfali.com\\\/ca-es\\\/#\\\/schema\\\/person\\\/9c651adc904f3c4e0243f54407751557\",\"name\":\"Bolta\",\"image\":{\"@type\":\"ImageObject\",\"inLanguage\":\"va-ES\",\"@id\":\"https:\\\/\\\/secure.gravatar.com\\\/avatar\\\/550a5d97fe3cfba5caf077b9600e46529e1977e9d14396836e775d6d9d895a81?s=96&d=mm&r=g\",\"url\":\"https:\\\/\\\/secure.gravatar.com\\\/avatar\\\/550a5d97fe3cfba5caf077b9600e46529e1977e9d14396836e775d6d9d895a81?s=96&d=mm&r=g\",\"contentUrl\":\"https:\\\/\\\/secure.gravatar.com\\\/avatar\\\/550a5d97fe3cfba5caf077b9600e46529e1977e9d14396836e775d6d9d895a81?s=96&d=mm&r=g\",\"caption\":\"Bolta\"},\"url\":\"https:\\\/\\\/canfali.com\\\/ca-es\\\/author\\\/bolta\\\/\"}]}<\/script>\n<!-- \/ Yoast SEO Premium plugin. -->","yoast_head_json":{"title":"Jake Abbott triomfa en el concurso de fotografia - Canfali","robots":{"index":"index","follow":"follow","max-snippet":"max-snippet:-1","max-image-preview":"max-image-preview:large","max-video-preview":"max-video-preview:-1"},"canonical":"https:\/\/canfali.com\/ca-es\/jake-abbott-triomfa-en-el-concurso-de-fotografia\/","og_locale":"en_US","og_type":"article","og_title":"Jake Abbott triomfa en el concurso de fotografia","og_description":"Un habitual del concurs de fotos Tema D\u00e9nia ha obtingut este any dos premis. Jake Abbott s&#8217;ha adjudicat&hellip;","og_url":"https:\/\/canfali.com\/ca-es\/jake-abbott-triomfa-en-el-concurso-de-fotografia\/","og_site_name":"Canfali","article_publisher":"https:\/\/es-es.facebook.com\/CANFALIMarinaAlta","article_published_time":"2025-04-08T10:23:42+00:00","article_modified_time":"2025-04-08T10:28:33+00:00","og_image":[{"width":2362,"height":1107,"url":"https:\/\/canfali.com\/app\/uploads\/2025\/04\/20250408_Cova-talla.-1o-premi-artistica.jpg","type":"image\/jpeg"}],"author":"Bolta","twitter_card":"summary_large_image","twitter_creator":"@canfalima","twitter_site":"@canfalima","twitter_misc":{"Written by":"Bolta","Est. reading time":"1 minute"},"schema":{"@context":"https:\/\/schema.org","@graph":[{"@type":"NewsArticle","@id":"https:\/\/canfali.com\/ca-es\/jake-abbott-triomfa-en-el-concurso-de-fotografia\/#article","isPartOf":{"@id":"https:\/\/canfali.com\/ca-es\/jake-abbott-triomfa-en-el-concurso-de-fotografia\/"},"author":{"name":"Bolta","@id":"https:\/\/canfali.com\/ca-es\/#\/schema\/person\/9c651adc904f3c4e0243f54407751557"},"headline":"Jake Abbott triomfa en el concurso de fotografia","datePublished":"2025-04-08T10:23:42+00:00","dateModified":"2025-04-08T10:28:33+00:00","mainEntityOfPage":{"@id":"https:\/\/canfali.com\/ca-es\/jake-abbott-triomfa-en-el-concurso-de-fotografia\/"},"wordCount":139,"publisher":{"@id":"https:\/\/canfali.com\/ca-es\/#organization"},"image":{"@id":"https:\/\/canfali.com\/ca-es\/jake-abbott-triomfa-en-el-concurso-de-fotografia\/#primaryimage"},"thumbnailUrl":"https:\/\/canfali.com\/app\/uploads\/2025\/04\/20250408_Cova-talla.-1o-premi-artistica.jpg","articleSection":["Cultura"],"inLanguage":"va-ES","copyrightYear":"2025","copyrightHolder":{"@id":"https:\/\/canfali.com\/#organization"}},{"@type":"WebPage","@id":"https:\/\/canfali.com\/ca-es\/jake-abbott-triomfa-en-el-concurso-de-fotografia\/","url":"https:\/\/canfali.com\/ca-es\/jake-abbott-triomfa-en-el-concurso-de-fotografia\/","name":"Jake Abbott triomfa en el concurso de fotografia - Canfali","isPartOf":{"@id":"https:\/\/canfali.com\/ca-es\/#website"},"primaryImageOfPage":{"@id":"https:\/\/canfali.com\/ca-es\/jake-abbott-triomfa-en-el-concurso-de-fotografia\/#primaryimage"},"image":{"@id":"https:\/\/canfali.com\/ca-es\/jake-abbott-triomfa-en-el-concurso-de-fotografia\/#primaryimage"},"thumbnailUrl":"https:\/\/canfali.com\/app\/uploads\/2025\/04\/20250408_Cova-talla.-1o-premi-artistica.jpg","datePublished":"2025-04-08T10:23:42+00:00","dateModified":"2025-04-08T10:28:33+00:00","breadcrumb":{"@id":"https:\/\/canfali.com\/ca-es\/jake-abbott-triomfa-en-el-concurso-de-fotografia\/#breadcrumb"},"inLanguage":"va-ES","potentialAction":[{"@type":"ReadAction","target":["https:\/\/canfali.com\/ca-es\/jake-abbott-triomfa-en-el-concurso-de-fotografia\/"]}]},{"@type":"ImageObject","inLanguage":"va-ES","@id":"https:\/\/canfali.com\/ca-es\/jake-abbott-triomfa-en-el-concurso-de-fotografia\/#primaryimage","url":"https:\/\/canfali.com\/app\/uploads\/2025\/04\/20250408_Cova-talla.-1o-premi-artistica.jpg","contentUrl":"https:\/\/canfali.com\/app\/uploads\/2025\/04\/20250408_Cova-talla.-1o-premi-artistica.jpg","width":2362,"height":1107},{"@type":"BreadcrumbList","@id":"https:\/\/canfali.com\/ca-es\/jake-abbott-triomfa-en-el-concurso-de-fotografia\/#breadcrumb","itemListElement":[{"@type":"ListItem","position":1,"name":"Portada","item":"https:\/\/canfali.com\/ca-es\/"},{"@type":"ListItem","position":2,"name":"Jake Abbott triomfa en el concurso de fotografia"}]},{"@type":"WebSite","@id":"https:\/\/canfali.com\/ca-es\/#website","url":"https:\/\/canfali.com\/ca-es\/","name":"Canfali","description":"","publisher":{"@id":"https:\/\/canfali.com\/ca-es\/#organization"},"potentialAction":[{"@type":"SearchAction","target":{"@type":"EntryPoint","urlTemplate":"https:\/\/canfali.com\/ca-es\/?s={search_term_string}"},"query-input":{"@type":"PropertyValueSpecification","valueRequired":true,"valueName":"search_term_string"}}],"inLanguage":"va-ES"},{"@type":"Organization","@id":"https:\/\/canfali.com\/ca-es\/#organization","name":"Canfali","url":"https:\/\/canfali.com\/ca-es\/","logo":{"@type":"ImageObject","inLanguage":"va-ES","@id":"https:\/\/canfali.com\/ca-es\/#\/schema\/logo\/image\/","url":"https:\/\/canfali.com\/app\/uploads\/2025\/12\/canfali_marina_alta_logo.png","contentUrl":"https:\/\/canfali.com\/app\/uploads\/2025\/12\/canfali_marina_alta_logo.png","width":225,"height":225,"caption":"Canfali"},"image":{"@id":"https:\/\/canfali.com\/ca-es\/#\/schema\/logo\/image\/"},"sameAs":["https:\/\/es-es.facebook.com\/CANFALIMarinaAlta","https:\/\/x.com\/canfalima","https:\/\/www.instagram.com\/canfalimarinaalta\/"]},{"@type":"Person","@id":"https:\/\/canfali.com\/ca-es\/#\/schema\/person\/9c651adc904f3c4e0243f54407751557","name":"Bolta","image":{"@type":"ImageObject","inLanguage":"va-ES","@id":"https:\/\/secure.gravatar.com\/avatar\/550a5d97fe3cfba5caf077b9600e46529e1977e9d14396836e775d6d9d895a81?s=96&d=mm&r=g","url":"https:\/\/secure.gravatar.com\/avatar\/550a5d97fe3cfba5caf077b9600e46529e1977e9d14396836e775d6d9d895a81?s=96&d=mm&r=g","contentUrl":"https:\/\/secure.gravatar.com\/avatar\/550a5d97fe3cfba5caf077b9600e46529e1977e9d14396836e775d6d9d895a81?s=96&d=mm&r=g","caption":"Bolta"},"url":"https:\/\/canfali.com\/ca-es\/author\/bolta\/"}]}},"_links":{"self":[{"href":"https:\/\/canfali.com\/ca-es\/wp-json\/wp\/v2\/posts\/61521","targetHints":{"allow":["GET"]}}],"collection":[{"href":"https:\/\/canfali.com\/ca-es\/wp-json\/wp\/v2\/posts"}],"about":[{"href":"https:\/\/canfali.com\/ca-es\/wp-json\/wp\/v2\/types\/post"}],"author":[{"embeddable":true,"href":"https:\/\/canfali.com\/ca-es\/wp-json\/wp\/v2\/users\/7"}],"replies":[{"embeddable":true,"href":"https:\/\/canfali.com\/ca-es\/wp-json\/wp\/v2\/comments?post=61521"}],"version-history":[{"count":1,"href":"https:\/\/canfali.com\/ca-es\/wp-json\/wp\/v2\/posts\/61521\/revisions"}],"predecessor-version":[{"id":61522,"href":"https:\/\/canfali.com\/ca-es\/wp-json\/wp\/v2\/posts\/61521\/revisions\/61522"}],"wp:featuredmedia":[{"embeddable":true,"href":"https:\/\/canfali.com\/ca-es\/wp-json\/wp\/v2\/media\/61507"}],"wp:attachment":[{"href":"https:\/\/canfali.com\/ca-es\/wp-json\/wp\/v2\/media?parent=61521"}],"wp:term":[{"taxonomy":"category","embeddable":true,"href":"https:\/\/canfali.com\/ca-es\/wp-json\/wp\/v2\/categories?post=61521"},{"taxonomy":"post_tag","embeddable":true,"href":"https:\/\/canfali.com\/ca-es\/wp-json\/wp\/v2\/tags?post=61521"}],"curies":[{"name":"wp","href":"https:\/\/api.w.org\/{rel}","templated":true}]}}