{"id":61362,"date":"2025-04-07T11:36:08","date_gmt":"2025-04-07T09:36:08","guid":{"rendered":"https:\/\/canfali.com\/?p=61362"},"modified":"2025-04-08T09:33:55","modified_gmt":"2025-04-08T07:33:55","slug":"encontre-intercomarcal-de-boixets-al-passeig-de-pego","status":"publish","type":"post","link":"https:\/\/canfali.com\/ca-es\/encontre-intercomarcal-de-boixets-al-passeig-de-pego\/","title":{"rendered":"Encontre intercomarcal de boixets al passeig de Pego"},"content":{"rendered":"\n<p><strong>L\u2019encontre de boixeteres congrega a m\u00e9s de dos-centes practicants de l\u2019artesania del fil<\/strong><\/p>\n\n\n\n<p>L\u2019associaci\u00f3 de boixeteres de Pego ha organitzat una trobada en la mat\u00e8ria que ha congregat a m\u00e9s de dos-centes practicants d\u2019aquest tipus d\u2019artesania en el passeig Cervantes. En concret, han fet acte de pres\u00e8ncia boixeteres de proced\u00e8ncia tan diferent com \u00c0vila, Reus, Alacant, Elx, Torrellano, Crevillent, Guardamar del Segura, Gandia , Favara o&nbsp; Daim\u00fas que s\u2019han unit a altres associacions de la Marina Alta com la de Gata, Ondara o Orba.<\/p>\n\n\n\n<figure class=\"wp-block-image size-large\"><img fetchpriority=\"high\" decoding=\"async\" width=\"1024\" height=\"768\" src=\"https:\/\/canfali.com\/app\/uploads\/2025\/04\/boixets-ong-1024x768.jpg\" alt=\"\" class=\"wp-image-61363\" srcset=\"https:\/\/canfali.com\/app\/uploads\/2025\/04\/boixets-ong-1024x768.jpg 1024w, https:\/\/canfali.com\/app\/uploads\/2025\/04\/boixets-ong-300x225.jpg 300w, https:\/\/canfali.com\/app\/uploads\/2025\/04\/boixets-ong-768x576.jpg 768w, https:\/\/canfali.com\/app\/uploads\/2025\/04\/boixets-ong-1536x1152.jpg 1536w, https:\/\/canfali.com\/app\/uploads\/2025\/04\/boixets-ong-2048x1536.jpg 2048w, https:\/\/canfali.com\/app\/uploads\/2025\/04\/boixets-ong-scaled.jpg 2560w\" sizes=\"(max-width: 1024px) 100vw, 1024px\" \/><figcaption class=\"wp-element-caption\">Algunes de les integrants de la ONG que s&#8217;ha presentat en societat<\/figcaption><\/figure>\n\n\n\n<p>&nbsp;&nbsp;&nbsp;&nbsp;&nbsp;&nbsp; La jornada ha aprofitat per a intercanviar experi\u00e8ncies entre les practicants i adquirir material en la dotzena de parades disposades.<\/p>\n\n\n\n<p>&nbsp;&nbsp;&nbsp;&nbsp;&nbsp;&nbsp; A m\u00e9s l\u2019esdeveniment ha comptat amb la novetat de la pres\u00e8ncia de les representants de la nova ONG pegolina que confecciona polpets destinats a les criatures prematures.<\/p>\n","protected":false},"excerpt":{"rendered":"&#8220;L&#8217;associaci\u00f3  boixeteres de Pego ha organitzat una trobada que ha reunit m\u00e9s de dues-centes practicants d&#8217;esta t\u00e8cnica artesanal al passeig Cervantes.","protected":false},"author":4,"featured_media":61361,"comment_status":"closed","ping_status":"closed","sticky":false,"template":"","format":"standard","meta":{"csco_display_header_overlay":false,"csco_singular_sidebar":"","csco_page_header_type":"","csco_page_load_nextpost":"","csco_post_video_location":[],"csco_post_video_location_hash":"","csco_post_video_url":"","csco_post_video_bg_start_time":0,"csco_post_video_bg_end_time":0,"footnotes":""},"categories":[574],"tags":[1310,1313,1312,642],"class_list":{"0":"post-61362","1":"post","2":"type-post","3":"status-publish","4":"format-standard","5":"has-post-thumbnail","7":"category-sociedad-2","8":"tag-artesania","9":"tag-boixets-2","10":"tag-fil","11":"tag-pego-2","12":"cs-entry","13":"cs-video-wrap"},"yoast_head":"<!-- This site is optimized with the Yoast SEO Premium plugin v26.6 (Yoast SEO v27.3) - https:\/\/yoast.com\/product\/yoast-seo-premium-wordpress\/ -->\n<title>Encontre intercomarcal de boixets al passeig de Pego - Canfali<\/title>\n<meta name=\"robots\" content=\"index, follow, max-snippet:-1, max-image-preview:large, max-video-preview:-1\" \/>\n<link rel=\"canonical\" href=\"https:\/\/canfali.com\/ca-es\/encontre-intercomarcal-de-boixets-al-passeig-de-pego\/\" \/>\n<meta property=\"og:locale\" content=\"en_US\" \/>\n<meta property=\"og:type\" content=\"article\" \/>\n<meta property=\"og:title\" content=\"Encontre intercomarcal de boixets al passeig de Pego\" \/>\n<meta property=\"og:description\" content=\"&quot;L&#039;associaci\u00f3 boixeteres de Pego ha organitzat una trobada que ha reunit m\u00e9s de dues-centes practicants d&#039;esta t\u00e8cnica artesanal al passeig Cervantes.\" \/>\n<meta property=\"og:url\" content=\"https:\/\/canfali.com\/ca-es\/encontre-intercomarcal-de-boixets-al-passeig-de-pego\/\" \/>\n<meta property=\"og:site_name\" content=\"Canfali\" \/>\n<meta property=\"article:publisher\" content=\"https:\/\/es-es.facebook.com\/CANFALIMarinaAlta\" \/>\n<meta property=\"article:published_time\" content=\"2025-04-07T09:36:08+00:00\" \/>\n<meta property=\"article:modified_time\" content=\"2025-04-08T07:33:55+00:00\" \/>\n<meta property=\"og:image\" content=\"https:\/\/canfali.com\/app\/uploads\/2025\/04\/boixets-dig2-scaled-e1744097595837.jpg\" \/>\n\t<meta property=\"og:image:width\" content=\"1200\" \/>\n\t<meta property=\"og:image:height\" content=\"900\" \/>\n\t<meta property=\"og:image:type\" content=\"image\/jpeg\" \/>\n<meta name=\"author\" content=\"JJ Mas\" \/>\n<meta name=\"twitter:card\" content=\"summary_large_image\" \/>\n<meta name=\"twitter:creator\" content=\"@canfalima\" \/>\n<meta name=\"twitter:site\" content=\"@canfalima\" \/>\n<meta name=\"twitter:label1\" content=\"Written by\" \/>\n\t<meta name=\"twitter:data1\" content=\"JJ Mas\" \/>\n\t<meta name=\"twitter:label2\" content=\"Est. reading time\" \/>\n\t<meta name=\"twitter:data2\" content=\"1 minute\" \/>\n<script type=\"application\/ld+json\" class=\"yoast-schema-graph\">{\"@context\":\"https:\\\/\\\/schema.org\",\"@graph\":[{\"@type\":\"NewsArticle\",\"@id\":\"https:\\\/\\\/canfali.com\\\/ca-es\\\/encontre-intercomarcal-de-boixets-al-passeig-de-pego\\\/#article\",\"isPartOf\":{\"@id\":\"https:\\\/\\\/canfali.com\\\/ca-es\\\/encontre-intercomarcal-de-boixets-al-passeig-de-pego\\\/\"},\"author\":{\"name\":\"JJ Mas\",\"@id\":\"https:\\\/\\\/canfali.com\\\/ca-es\\\/#\\\/schema\\\/person\\\/d834d2d4df17cac754d3c314d4c404ef\"},\"headline\":\"Encontre intercomarcal de boixets al passeig de Pego\",\"datePublished\":\"2025-04-07T09:36:08+00:00\",\"dateModified\":\"2025-04-08T07:33:55+00:00\",\"mainEntityOfPage\":{\"@id\":\"https:\\\/\\\/canfali.com\\\/ca-es\\\/encontre-intercomarcal-de-boixets-al-passeig-de-pego\\\/\"},\"wordCount\":180,\"publisher\":{\"@id\":\"https:\\\/\\\/canfali.com\\\/ca-es\\\/#organization\"},\"image\":{\"@id\":\"https:\\\/\\\/canfali.com\\\/ca-es\\\/encontre-intercomarcal-de-boixets-al-passeig-de-pego\\\/#primaryimage\"},\"thumbnailUrl\":\"https:\\\/\\\/canfali.com\\\/app\\\/uploads\\\/2025\\\/04\\\/boixets-dig2-scaled-e1744097595837.jpg\",\"keywords\":[\"artesania\",\"boixets\",\"fil\",\"Pego\"],\"articleSection\":[\"Sociedad\"],\"inLanguage\":\"va-ES\",\"copyrightYear\":\"2025\",\"copyrightHolder\":{\"@id\":\"https:\\\/\\\/canfali.com\\\/#organization\"}},{\"@type\":\"WebPage\",\"@id\":\"https:\\\/\\\/canfali.com\\\/ca-es\\\/encontre-intercomarcal-de-boixets-al-passeig-de-pego\\\/\",\"url\":\"https:\\\/\\\/canfali.com\\\/ca-es\\\/encontre-intercomarcal-de-boixets-al-passeig-de-pego\\\/\",\"name\":\"Encontre intercomarcal de boixets al passeig de Pego - Canfali\",\"isPartOf\":{\"@id\":\"https:\\\/\\\/canfali.com\\\/ca-es\\\/#website\"},\"primaryImageOfPage\":{\"@id\":\"https:\\\/\\\/canfali.com\\\/ca-es\\\/encontre-intercomarcal-de-boixets-al-passeig-de-pego\\\/#primaryimage\"},\"image\":{\"@id\":\"https:\\\/\\\/canfali.com\\\/ca-es\\\/encontre-intercomarcal-de-boixets-al-passeig-de-pego\\\/#primaryimage\"},\"thumbnailUrl\":\"https:\\\/\\\/canfali.com\\\/app\\\/uploads\\\/2025\\\/04\\\/boixets-dig2-scaled-e1744097595837.jpg\",\"datePublished\":\"2025-04-07T09:36:08+00:00\",\"dateModified\":\"2025-04-08T07:33:55+00:00\",\"breadcrumb\":{\"@id\":\"https:\\\/\\\/canfali.com\\\/ca-es\\\/encontre-intercomarcal-de-boixets-al-passeig-de-pego\\\/#breadcrumb\"},\"inLanguage\":\"va-ES\",\"potentialAction\":[{\"@type\":\"ReadAction\",\"target\":[\"https:\\\/\\\/canfali.com\\\/ca-es\\\/encontre-intercomarcal-de-boixets-al-passeig-de-pego\\\/\"]}]},{\"@type\":\"ImageObject\",\"inLanguage\":\"va-ES\",\"@id\":\"https:\\\/\\\/canfali.com\\\/ca-es\\\/encontre-intercomarcal-de-boixets-al-passeig-de-pego\\\/#primaryimage\",\"url\":\"https:\\\/\\\/canfali.com\\\/app\\\/uploads\\\/2025\\\/04\\\/boixets-dig2-scaled-e1744097595837.jpg\",\"contentUrl\":\"https:\\\/\\\/canfali.com\\\/app\\\/uploads\\\/2025\\\/04\\\/boixets-dig2-scaled-e1744097595837.jpg\",\"width\":1200,\"height\":900},{\"@type\":\"BreadcrumbList\",\"@id\":\"https:\\\/\\\/canfali.com\\\/ca-es\\\/encontre-intercomarcal-de-boixets-al-passeig-de-pego\\\/#breadcrumb\",\"itemListElement\":[{\"@type\":\"ListItem\",\"position\":1,\"name\":\"Portada\",\"item\":\"https:\\\/\\\/canfali.com\\\/ca-es\\\/\"},{\"@type\":\"ListItem\",\"position\":2,\"name\":\"Encontre intercomarcal de boixets al passeig de Pego\"}]},{\"@type\":\"WebSite\",\"@id\":\"https:\\\/\\\/canfali.com\\\/ca-es\\\/#website\",\"url\":\"https:\\\/\\\/canfali.com\\\/ca-es\\\/\",\"name\":\"Canfali\",\"description\":\"\",\"publisher\":{\"@id\":\"https:\\\/\\\/canfali.com\\\/ca-es\\\/#organization\"},\"potentialAction\":[{\"@type\":\"SearchAction\",\"target\":{\"@type\":\"EntryPoint\",\"urlTemplate\":\"https:\\\/\\\/canfali.com\\\/ca-es\\\/?s={search_term_string}\"},\"query-input\":{\"@type\":\"PropertyValueSpecification\",\"valueRequired\":true,\"valueName\":\"search_term_string\"}}],\"inLanguage\":\"va-ES\"},{\"@type\":\"Organization\",\"@id\":\"https:\\\/\\\/canfali.com\\\/ca-es\\\/#organization\",\"name\":\"Canfali\",\"url\":\"https:\\\/\\\/canfali.com\\\/ca-es\\\/\",\"logo\":{\"@type\":\"ImageObject\",\"inLanguage\":\"va-ES\",\"@id\":\"https:\\\/\\\/canfali.com\\\/ca-es\\\/#\\\/schema\\\/logo\\\/image\\\/\",\"url\":\"https:\\\/\\\/canfali.com\\\/app\\\/uploads\\\/2025\\\/12\\\/canfali_marina_alta_logo.png\",\"contentUrl\":\"https:\\\/\\\/canfali.com\\\/app\\\/uploads\\\/2025\\\/12\\\/canfali_marina_alta_logo.png\",\"width\":225,\"height\":225,\"caption\":\"Canfali\"},\"image\":{\"@id\":\"https:\\\/\\\/canfali.com\\\/ca-es\\\/#\\\/schema\\\/logo\\\/image\\\/\"},\"sameAs\":[\"https:\\\/\\\/es-es.facebook.com\\\/CANFALIMarinaAlta\",\"https:\\\/\\\/x.com\\\/canfalima\",\"https:\\\/\\\/www.instagram.com\\\/canfalimarinaalta\\\/\"]},{\"@type\":\"Person\",\"@id\":\"https:\\\/\\\/canfali.com\\\/ca-es\\\/#\\\/schema\\\/person\\\/d834d2d4df17cac754d3c314d4c404ef\",\"name\":\"JJ Mas\",\"image\":{\"@type\":\"ImageObject\",\"inLanguage\":\"va-ES\",\"@id\":\"https:\\\/\\\/secure.gravatar.com\\\/avatar\\\/65a5191f5438bf88c2394f6d1a625a6ff903c8785268e603c623a83bc15ba1ee?s=96&d=mm&r=g\",\"url\":\"https:\\\/\\\/secure.gravatar.com\\\/avatar\\\/65a5191f5438bf88c2394f6d1a625a6ff903c8785268e603c623a83bc15ba1ee?s=96&d=mm&r=g\",\"contentUrl\":\"https:\\\/\\\/secure.gravatar.com\\\/avatar\\\/65a5191f5438bf88c2394f6d1a625a6ff903c8785268e603c623a83bc15ba1ee?s=96&d=mm&r=g\",\"caption\":\"JJ Mas\"},\"url\":\"https:\\\/\\\/canfali.com\\\/ca-es\\\/author\\\/jj\\\/\"}]}<\/script>\n<!-- \/ Yoast SEO Premium plugin. -->","yoast_head_json":{"title":"Encontre intercomarcal de boixets al passeig de Pego - Canfali","robots":{"index":"index","follow":"follow","max-snippet":"max-snippet:-1","max-image-preview":"max-image-preview:large","max-video-preview":"max-video-preview:-1"},"canonical":"https:\/\/canfali.com\/ca-es\/encontre-intercomarcal-de-boixets-al-passeig-de-pego\/","og_locale":"en_US","og_type":"article","og_title":"Encontre intercomarcal de boixets al passeig de Pego","og_description":"\"L'associaci\u00f3 boixeteres de Pego ha organitzat una trobada que ha reunit m\u00e9s de dues-centes practicants d'esta t\u00e8cnica artesanal al passeig Cervantes.","og_url":"https:\/\/canfali.com\/ca-es\/encontre-intercomarcal-de-boixets-al-passeig-de-pego\/","og_site_name":"Canfali","article_publisher":"https:\/\/es-es.facebook.com\/CANFALIMarinaAlta","article_published_time":"2025-04-07T09:36:08+00:00","article_modified_time":"2025-04-08T07:33:55+00:00","og_image":[{"width":1200,"height":900,"url":"https:\/\/canfali.com\/app\/uploads\/2025\/04\/boixets-dig2-scaled-e1744097595837.jpg","type":"image\/jpeg"}],"author":"JJ Mas","twitter_card":"summary_large_image","twitter_creator":"@canfalima","twitter_site":"@canfalima","twitter_misc":{"Written by":"JJ Mas","Est. reading time":"1 minute"},"schema":{"@context":"https:\/\/schema.org","@graph":[{"@type":"NewsArticle","@id":"https:\/\/canfali.com\/ca-es\/encontre-intercomarcal-de-boixets-al-passeig-de-pego\/#article","isPartOf":{"@id":"https:\/\/canfali.com\/ca-es\/encontre-intercomarcal-de-boixets-al-passeig-de-pego\/"},"author":{"name":"JJ Mas","@id":"https:\/\/canfali.com\/ca-es\/#\/schema\/person\/d834d2d4df17cac754d3c314d4c404ef"},"headline":"Encontre intercomarcal de boixets al passeig de Pego","datePublished":"2025-04-07T09:36:08+00:00","dateModified":"2025-04-08T07:33:55+00:00","mainEntityOfPage":{"@id":"https:\/\/canfali.com\/ca-es\/encontre-intercomarcal-de-boixets-al-passeig-de-pego\/"},"wordCount":180,"publisher":{"@id":"https:\/\/canfali.com\/ca-es\/#organization"},"image":{"@id":"https:\/\/canfali.com\/ca-es\/encontre-intercomarcal-de-boixets-al-passeig-de-pego\/#primaryimage"},"thumbnailUrl":"https:\/\/canfali.com\/app\/uploads\/2025\/04\/boixets-dig2-scaled-e1744097595837.jpg","keywords":["artesania","boixets","fil","Pego"],"articleSection":["Sociedad"],"inLanguage":"va-ES","copyrightYear":"2025","copyrightHolder":{"@id":"https:\/\/canfali.com\/#organization"}},{"@type":"WebPage","@id":"https:\/\/canfali.com\/ca-es\/encontre-intercomarcal-de-boixets-al-passeig-de-pego\/","url":"https:\/\/canfali.com\/ca-es\/encontre-intercomarcal-de-boixets-al-passeig-de-pego\/","name":"Encontre intercomarcal de boixets al passeig de Pego - Canfali","isPartOf":{"@id":"https:\/\/canfali.com\/ca-es\/#website"},"primaryImageOfPage":{"@id":"https:\/\/canfali.com\/ca-es\/encontre-intercomarcal-de-boixets-al-passeig-de-pego\/#primaryimage"},"image":{"@id":"https:\/\/canfali.com\/ca-es\/encontre-intercomarcal-de-boixets-al-passeig-de-pego\/#primaryimage"},"thumbnailUrl":"https:\/\/canfali.com\/app\/uploads\/2025\/04\/boixets-dig2-scaled-e1744097595837.jpg","datePublished":"2025-04-07T09:36:08+00:00","dateModified":"2025-04-08T07:33:55+00:00","breadcrumb":{"@id":"https:\/\/canfali.com\/ca-es\/encontre-intercomarcal-de-boixets-al-passeig-de-pego\/#breadcrumb"},"inLanguage":"va-ES","potentialAction":[{"@type":"ReadAction","target":["https:\/\/canfali.com\/ca-es\/encontre-intercomarcal-de-boixets-al-passeig-de-pego\/"]}]},{"@type":"ImageObject","inLanguage":"va-ES","@id":"https:\/\/canfali.com\/ca-es\/encontre-intercomarcal-de-boixets-al-passeig-de-pego\/#primaryimage","url":"https:\/\/canfali.com\/app\/uploads\/2025\/04\/boixets-dig2-scaled-e1744097595837.jpg","contentUrl":"https:\/\/canfali.com\/app\/uploads\/2025\/04\/boixets-dig2-scaled-e1744097595837.jpg","width":1200,"height":900},{"@type":"BreadcrumbList","@id":"https:\/\/canfali.com\/ca-es\/encontre-intercomarcal-de-boixets-al-passeig-de-pego\/#breadcrumb","itemListElement":[{"@type":"ListItem","position":1,"name":"Portada","item":"https:\/\/canfali.com\/ca-es\/"},{"@type":"ListItem","position":2,"name":"Encontre intercomarcal de boixets al passeig de Pego"}]},{"@type":"WebSite","@id":"https:\/\/canfali.com\/ca-es\/#website","url":"https:\/\/canfali.com\/ca-es\/","name":"Canfali","description":"","publisher":{"@id":"https:\/\/canfali.com\/ca-es\/#organization"},"potentialAction":[{"@type":"SearchAction","target":{"@type":"EntryPoint","urlTemplate":"https:\/\/canfali.com\/ca-es\/?s={search_term_string}"},"query-input":{"@type":"PropertyValueSpecification","valueRequired":true,"valueName":"search_term_string"}}],"inLanguage":"va-ES"},{"@type":"Organization","@id":"https:\/\/canfali.com\/ca-es\/#organization","name":"Canfali","url":"https:\/\/canfali.com\/ca-es\/","logo":{"@type":"ImageObject","inLanguage":"va-ES","@id":"https:\/\/canfali.com\/ca-es\/#\/schema\/logo\/image\/","url":"https:\/\/canfali.com\/app\/uploads\/2025\/12\/canfali_marina_alta_logo.png","contentUrl":"https:\/\/canfali.com\/app\/uploads\/2025\/12\/canfali_marina_alta_logo.png","width":225,"height":225,"caption":"Canfali"},"image":{"@id":"https:\/\/canfali.com\/ca-es\/#\/schema\/logo\/image\/"},"sameAs":["https:\/\/es-es.facebook.com\/CANFALIMarinaAlta","https:\/\/x.com\/canfalima","https:\/\/www.instagram.com\/canfalimarinaalta\/"]},{"@type":"Person","@id":"https:\/\/canfali.com\/ca-es\/#\/schema\/person\/d834d2d4df17cac754d3c314d4c404ef","name":"JJ Mas","image":{"@type":"ImageObject","inLanguage":"va-ES","@id":"https:\/\/secure.gravatar.com\/avatar\/65a5191f5438bf88c2394f6d1a625a6ff903c8785268e603c623a83bc15ba1ee?s=96&d=mm&r=g","url":"https:\/\/secure.gravatar.com\/avatar\/65a5191f5438bf88c2394f6d1a625a6ff903c8785268e603c623a83bc15ba1ee?s=96&d=mm&r=g","contentUrl":"https:\/\/secure.gravatar.com\/avatar\/65a5191f5438bf88c2394f6d1a625a6ff903c8785268e603c623a83bc15ba1ee?s=96&d=mm&r=g","caption":"JJ Mas"},"url":"https:\/\/canfali.com\/ca-es\/author\/jj\/"}]}},"_links":{"self":[{"href":"https:\/\/canfali.com\/ca-es\/wp-json\/wp\/v2\/posts\/61362","targetHints":{"allow":["GET"]}}],"collection":[{"href":"https:\/\/canfali.com\/ca-es\/wp-json\/wp\/v2\/posts"}],"about":[{"href":"https:\/\/canfali.com\/ca-es\/wp-json\/wp\/v2\/types\/post"}],"author":[{"embeddable":true,"href":"https:\/\/canfali.com\/ca-es\/wp-json\/wp\/v2\/users\/4"}],"replies":[{"embeddable":true,"href":"https:\/\/canfali.com\/ca-es\/wp-json\/wp\/v2\/comments?post=61362"}],"version-history":[{"count":2,"href":"https:\/\/canfali.com\/ca-es\/wp-json\/wp\/v2\/posts\/61362\/revisions"}],"predecessor-version":[{"id":61469,"href":"https:\/\/canfali.com\/ca-es\/wp-json\/wp\/v2\/posts\/61362\/revisions\/61469"}],"wp:featuredmedia":[{"embeddable":true,"href":"https:\/\/canfali.com\/ca-es\/wp-json\/wp\/v2\/media\/61361"}],"wp:attachment":[{"href":"https:\/\/canfali.com\/ca-es\/wp-json\/wp\/v2\/media?parent=61362"}],"wp:term":[{"taxonomy":"category","embeddable":true,"href":"https:\/\/canfali.com\/ca-es\/wp-json\/wp\/v2\/categories?post=61362"},{"taxonomy":"post_tag","embeddable":true,"href":"https:\/\/canfali.com\/ca-es\/wp-json\/wp\/v2\/tags?post=61362"}],"curies":[{"name":"wp","href":"https:\/\/api.w.org\/{rel}","templated":true}]}}