{"id":61270,"date":"2025-04-06T11:59:00","date_gmt":"2025-04-06T09:59:00","guid":{"rendered":"https:\/\/canfali.com\/?p=61270"},"modified":"2025-04-05T14:07:23","modified_gmt":"2025-04-05T12:07:23","slug":"trobada-de-lectura-comarcal-a-la-biblioteca-de-pego","status":"publish","type":"post","link":"https:\/\/canfali.com\/ca-es\/trobada-de-lectura-comarcal-a-la-biblioteca-de-pego\/","title":{"rendered":"Trobada de lectura comarcal a la Biblioteca de Pego"},"content":{"rendered":"\n<p>L\u2019obra <em>Qui de casa se\u2019n va<\/em> de Toni Cucarella vertebra el debat com\u00fa entre els set clubs participants<\/p>\n\n\n\n<p>Una huitantena de lectors s\u2019han donat cita a la Trobada de Lectura de la Marina Alta que ha tingut a la Biblioteca Municipal Carmen Alemany Bay de Pego com a escenari en la V edici\u00f3.<\/p>\n\n\n\n<figure class=\"wp-block-image size-large\"><img fetchpriority=\"high\" decoding=\"async\" width=\"1024\" height=\"641\" src=\"https:\/\/canfali.com\/app\/uploads\/2025\/04\/enconttelectura-dig2-1024x641.jpg\" alt=\"\" class=\"wp-image-61273\" srcset=\"https:\/\/canfali.com\/app\/uploads\/2025\/04\/enconttelectura-dig2-1024x641.jpg 1024w, https:\/\/canfali.com\/app\/uploads\/2025\/04\/enconttelectura-dig2-300x188.jpg 300w, https:\/\/canfali.com\/app\/uploads\/2025\/04\/enconttelectura-dig2-768x481.jpg 768w, https:\/\/canfali.com\/app\/uploads\/2025\/04\/enconttelectura-dig2-1536x961.jpg 1536w, https:\/\/canfali.com\/app\/uploads\/2025\/04\/enconttelectura-dig2.jpg 1902w\" sizes=\"(max-width: 1024px) 100vw, 1024px\" \/><figcaption class=\"wp-element-caption\">El blbliotecari de Beniarbeig com a portaveu del club de lectura del municipi<\/figcaption><\/figure>\n\n\n\n<p>&nbsp;&nbsp;&nbsp;&nbsp;&nbsp;&nbsp; Els participants han estat rebuts per regidor de Cultura, Josep Mengual, qui ha posat de manifest la import\u00e0ncia en la cultura del plaer de la lectura compartida. \u201cLa literatura ens obri portes a altres mons, ens permet viure altres vides i, sobretot ens convida a reflexionar, sobre la nostra pr\u00f2pia realitat. I si b\u00e9 llegir es sovint una acte solitari, compartir aquesta experi\u00e8ncia amb altres lectors la transforma en un di\u00e0leg enriquidor i en un vincle que ens uneix com a comunitat\u201d, ha manifestat.<\/p>\n\n\n\n<p>&nbsp;&nbsp;&nbsp;&nbsp;&nbsp;&nbsp; Aix\u00ed mateix, ha incidit en que els clubs de lectura m\u00e9s que espais on es comenten llibres s\u00f3n llocs de trobada on es generen debats, es contrasten punts de vista i es construeixen complicitats al voltant de la passi\u00f3 per les lletres. Aquesta consideraci\u00f3 l\u2019ha portat a congratular-se de que \u201cpoder reunir hui a Pego tants clubs de la nostra comarca \u00e9s una veritable celebraci\u00f3 de la cultura, de la llengua i de la voluntat de cr\u00e9ixer a trav\u00e9s de la paraula escrita\u201d. En eixe sentit, ha agra\u00eft a la Mancomunitat Cultural de la Marina Alta el suport i l\u2019aposta per la cultura compartida, al Club de Lectura de Pego l\u2019esfor\u00e7 i la dedicaci\u00f3 per haver fet possible la trobada, i als participants per donar-li sentit a la mateixa.<\/p>\n\n\n\n<figure class=\"wp-block-image size-large\"><img decoding=\"async\" width=\"1024\" height=\"713\" src=\"https:\/\/canfali.com\/app\/uploads\/2025\/04\/encontrelectura-digi3-1024x713.jpg\" alt=\"\" class=\"wp-image-61275\" srcset=\"https:\/\/canfali.com\/app\/uploads\/2025\/04\/encontrelectura-digi3-1024x713.jpg 1024w, https:\/\/canfali.com\/app\/uploads\/2025\/04\/encontrelectura-digi3-300x209.jpg 300w, https:\/\/canfali.com\/app\/uploads\/2025\/04\/encontrelectura-digi3-768x535.jpg 768w, https:\/\/canfali.com\/app\/uploads\/2025\/04\/encontrelectura-digi3-1536x1070.jpg 1536w, https:\/\/canfali.com\/app\/uploads\/2025\/04\/encontrelectura-digi3.jpg 1808w\" sizes=\"(max-width: 1024px) 100vw, 1024px\" \/><figcaption class=\"wp-element-caption\">El portaveu del Club de Lectura d&#8217;Orba constituit en 2017<\/figcaption><\/figure>\n\n\n\n<p>&nbsp;&nbsp;&nbsp;&nbsp;&nbsp;&nbsp; El parlament ha donat pas a un pre\u00e0mbul on els portaveus dels clubs de lectura de Beniarbeig, Gata, Ondara, Orba, Pedreguer, Teulada-Moraira i Pego han parlat de les respectives traject\u00f2ries i de les activitats que porten a cap tant en el pl\u00e0nol merament lector mitjan\u00e7ant reunions peri\u00f2diques de car\u00e0cter mensual i la pres\u00e8ncia d\u2019autors destacats, com les complement\u00e0ries al mateix en mat\u00e8ria de viatges, projeccions, debats o dinars de germanor.<\/p>\n\n\n\n<figure class=\"wp-block-image size-large\"><img decoding=\"async\" width=\"1024\" height=\"679\" src=\"https:\/\/canfali.com\/app\/uploads\/2025\/04\/encontrelectura-dig4-1024x679.jpg\" alt=\"\" class=\"wp-image-61277\" srcset=\"https:\/\/canfali.com\/app\/uploads\/2025\/04\/encontrelectura-dig4-1024x679.jpg 1024w, https:\/\/canfali.com\/app\/uploads\/2025\/04\/encontrelectura-dig4-300x199.jpg 300w, https:\/\/canfali.com\/app\/uploads\/2025\/04\/encontrelectura-dig4-768x509.jpg 768w, https:\/\/canfali.com\/app\/uploads\/2025\/04\/encontrelectura-dig4-1536x1019.jpg 1536w, https:\/\/canfali.com\/app\/uploads\/2025\/04\/encontrelectura-dig4-2048x1358.jpg 2048w, https:\/\/canfali.com\/app\/uploads\/2025\/04\/encontrelectura-dig4.jpg 2256w\" sizes=\"(max-width: 1024px) 100vw, 1024px\" \/><figcaption class=\"wp-element-caption\">L&#8217;encontre ha estat amenitzat per una par\u00f2dia de la locutora Carolina Ferrer<\/figcaption><\/figure>\n\n\n\n<p>&nbsp;&nbsp;&nbsp;&nbsp;&nbsp;&nbsp; La trobada, introdu\u00efda amb un par\u00f2dia de la figura dels i les <em>influencers<\/em> que s\u2019ha posat d\u2019actualitat en els \u00faltims temps a c\u00e0rrec de Carolina Ferrer,&nbsp; ha tingut com a protagonista a l\u2019escriptor Toni Cucarella com a autor de l\u2019obra <em>Qui de casa se\u2019n va<\/em> que la MACMA ha distribu\u00eft en com\u00fa als diferents clubs per a qu\u00e8 la seua lectura vertebrara el debat d\u2019aquesta cinquena edici\u00f3 de l\u2019encontre literari anual de la comarca.<\/p>\n","protected":false},"excerpt":{"rendered":"L\u2019obra Qui de casa se\u2019n va de Toni Cucarella vertebra el debat com\u00fa entre els set clubs participants&hellip;","protected":false},"author":4,"featured_media":61271,"comment_status":"closed","ping_status":"closed","sticky":false,"template":"","format":"standard","meta":{"csco_display_header_overlay":false,"csco_singular_sidebar":"","csco_page_header_type":"","csco_page_load_nextpost":"","csco_post_video_location":[],"csco_post_video_location_hash":"","csco_post_video_url":"","csco_post_video_bg_start_time":0,"csco_post_video_bg_end_time":0,"footnotes":""},"categories":[597],"tags":[665,1280,1282,642],"class_list":{"0":"post-61270","1":"post","2":"type-post","3":"status-publish","4":"format-standard","5":"has-post-thumbnail","7":"category-cultura-ca-es","8":"tag-biblioteca","9":"tag-clubs","10":"tag-comarca","11":"tag-pego-2","12":"cs-entry","13":"cs-video-wrap"},"yoast_head":"<!-- This site is optimized with the Yoast SEO Premium plugin v26.6 (Yoast SEO v27.3) - https:\/\/yoast.com\/product\/yoast-seo-premium-wordpress\/ -->\n<title>Trobada de lectura comarcal a la Biblioteca de Pego - Canfali<\/title>\n<meta name=\"robots\" content=\"index, follow, max-snippet:-1, max-image-preview:large, max-video-preview:-1\" \/>\n<link rel=\"canonical\" href=\"https:\/\/canfali.com\/ca-es\/trobada-de-lectura-comarcal-a-la-biblioteca-de-pego\/\" \/>\n<meta property=\"og:locale\" content=\"en_US\" \/>\n<meta property=\"og:type\" content=\"article\" \/>\n<meta property=\"og:title\" content=\"Trobada de lectura comarcal a la Biblioteca de Pego\" \/>\n<meta property=\"og:description\" content=\"L\u2019obra Qui de casa se\u2019n va de Toni Cucarella vertebra el debat com\u00fa entre els set clubs participants&hellip;\" \/>\n<meta property=\"og:url\" content=\"https:\/\/canfali.com\/ca-es\/trobada-de-lectura-comarcal-a-la-biblioteca-de-pego\/\" \/>\n<meta property=\"og:site_name\" content=\"Canfali\" \/>\n<meta property=\"article:publisher\" content=\"https:\/\/es-es.facebook.com\/CANFALIMarinaAlta\" \/>\n<meta property=\"article:published_time\" content=\"2025-04-06T09:59:00+00:00\" \/>\n<meta property=\"og:image\" content=\"https:\/\/canfali.com\/app\/uploads\/2025\/04\/encontrelectura-dig1.jpg\" \/>\n\t<meta property=\"og:image:width\" content=\"2256\" \/>\n\t<meta property=\"og:image:height\" content=\"1496\" \/>\n\t<meta property=\"og:image:type\" content=\"image\/jpeg\" \/>\n<meta name=\"author\" content=\"JJ Mas\" \/>\n<meta name=\"twitter:card\" content=\"summary_large_image\" \/>\n<meta name=\"twitter:creator\" content=\"@canfalima\" \/>\n<meta name=\"twitter:site\" content=\"@canfalima\" \/>\n<meta name=\"twitter:label1\" content=\"Written by\" \/>\n\t<meta name=\"twitter:data1\" content=\"JJ Mas\" \/>\n\t<meta name=\"twitter:label2\" content=\"Est. reading time\" \/>\n\t<meta name=\"twitter:data2\" content=\"3 minutes\" \/>\n<script type=\"application\/ld+json\" class=\"yoast-schema-graph\">{\"@context\":\"https:\\\/\\\/schema.org\",\"@graph\":[{\"@type\":\"NewsArticle\",\"@id\":\"https:\\\/\\\/canfali.com\\\/ca-es\\\/trobada-de-lectura-comarcal-a-la-biblioteca-de-pego\\\/#article\",\"isPartOf\":{\"@id\":\"https:\\\/\\\/canfali.com\\\/ca-es\\\/trobada-de-lectura-comarcal-a-la-biblioteca-de-pego\\\/\"},\"author\":{\"name\":\"JJ Mas\",\"@id\":\"https:\\\/\\\/canfali.com\\\/ca-es\\\/#\\\/schema\\\/person\\\/d834d2d4df17cac754d3c314d4c404ef\"},\"headline\":\"Trobada de lectura comarcal a la Biblioteca de Pego\",\"datePublished\":\"2025-04-06T09:59:00+00:00\",\"mainEntityOfPage\":{\"@id\":\"https:\\\/\\\/canfali.com\\\/ca-es\\\/trobada-de-lectura-comarcal-a-la-biblioteca-de-pego\\\/\"},\"wordCount\":517,\"publisher\":{\"@id\":\"https:\\\/\\\/canfali.com\\\/ca-es\\\/#organization\"},\"image\":{\"@id\":\"https:\\\/\\\/canfali.com\\\/ca-es\\\/trobada-de-lectura-comarcal-a-la-biblioteca-de-pego\\\/#primaryimage\"},\"thumbnailUrl\":\"https:\\\/\\\/canfali.com\\\/app\\\/uploads\\\/2025\\\/04\\\/encontrelectura-dig1.jpg\",\"keywords\":[\"biblioteca\",\"clubs\",\"comarca\",\"Pego\"],\"articleSection\":[\"Cultura\"],\"inLanguage\":\"va-ES\",\"copyrightYear\":\"2025\",\"copyrightHolder\":{\"@id\":\"https:\\\/\\\/canfali.com\\\/#organization\"}},{\"@type\":\"WebPage\",\"@id\":\"https:\\\/\\\/canfali.com\\\/ca-es\\\/trobada-de-lectura-comarcal-a-la-biblioteca-de-pego\\\/\",\"url\":\"https:\\\/\\\/canfali.com\\\/ca-es\\\/trobada-de-lectura-comarcal-a-la-biblioteca-de-pego\\\/\",\"name\":\"Trobada de lectura comarcal a la Biblioteca de Pego - Canfali\",\"isPartOf\":{\"@id\":\"https:\\\/\\\/canfali.com\\\/ca-es\\\/#website\"},\"primaryImageOfPage\":{\"@id\":\"https:\\\/\\\/canfali.com\\\/ca-es\\\/trobada-de-lectura-comarcal-a-la-biblioteca-de-pego\\\/#primaryimage\"},\"image\":{\"@id\":\"https:\\\/\\\/canfali.com\\\/ca-es\\\/trobada-de-lectura-comarcal-a-la-biblioteca-de-pego\\\/#primaryimage\"},\"thumbnailUrl\":\"https:\\\/\\\/canfali.com\\\/app\\\/uploads\\\/2025\\\/04\\\/encontrelectura-dig1.jpg\",\"datePublished\":\"2025-04-06T09:59:00+00:00\",\"breadcrumb\":{\"@id\":\"https:\\\/\\\/canfali.com\\\/ca-es\\\/trobada-de-lectura-comarcal-a-la-biblioteca-de-pego\\\/#breadcrumb\"},\"inLanguage\":\"va-ES\",\"potentialAction\":[{\"@type\":\"ReadAction\",\"target\":[\"https:\\\/\\\/canfali.com\\\/ca-es\\\/trobada-de-lectura-comarcal-a-la-biblioteca-de-pego\\\/\"]}]},{\"@type\":\"ImageObject\",\"inLanguage\":\"va-ES\",\"@id\":\"https:\\\/\\\/canfali.com\\\/ca-es\\\/trobada-de-lectura-comarcal-a-la-biblioteca-de-pego\\\/#primaryimage\",\"url\":\"https:\\\/\\\/canfali.com\\\/app\\\/uploads\\\/2025\\\/04\\\/encontrelectura-dig1.jpg\",\"contentUrl\":\"https:\\\/\\\/canfali.com\\\/app\\\/uploads\\\/2025\\\/04\\\/encontrelectura-dig1.jpg\",\"width\":2256,\"height\":1496},{\"@type\":\"BreadcrumbList\",\"@id\":\"https:\\\/\\\/canfali.com\\\/ca-es\\\/trobada-de-lectura-comarcal-a-la-biblioteca-de-pego\\\/#breadcrumb\",\"itemListElement\":[{\"@type\":\"ListItem\",\"position\":1,\"name\":\"Portada\",\"item\":\"https:\\\/\\\/canfali.com\\\/ca-es\\\/\"},{\"@type\":\"ListItem\",\"position\":2,\"name\":\"Trobada de lectura comarcal a la Biblioteca de Pego\"}]},{\"@type\":\"WebSite\",\"@id\":\"https:\\\/\\\/canfali.com\\\/ca-es\\\/#website\",\"url\":\"https:\\\/\\\/canfali.com\\\/ca-es\\\/\",\"name\":\"Canfali\",\"description\":\"\",\"publisher\":{\"@id\":\"https:\\\/\\\/canfali.com\\\/ca-es\\\/#organization\"},\"potentialAction\":[{\"@type\":\"SearchAction\",\"target\":{\"@type\":\"EntryPoint\",\"urlTemplate\":\"https:\\\/\\\/canfali.com\\\/ca-es\\\/?s={search_term_string}\"},\"query-input\":{\"@type\":\"PropertyValueSpecification\",\"valueRequired\":true,\"valueName\":\"search_term_string\"}}],\"inLanguage\":\"va-ES\"},{\"@type\":\"Organization\",\"@id\":\"https:\\\/\\\/canfali.com\\\/ca-es\\\/#organization\",\"name\":\"Canfali\",\"url\":\"https:\\\/\\\/canfali.com\\\/ca-es\\\/\",\"logo\":{\"@type\":\"ImageObject\",\"inLanguage\":\"va-ES\",\"@id\":\"https:\\\/\\\/canfali.com\\\/ca-es\\\/#\\\/schema\\\/logo\\\/image\\\/\",\"url\":\"https:\\\/\\\/canfali.com\\\/app\\\/uploads\\\/2025\\\/12\\\/canfali_marina_alta_logo.png\",\"contentUrl\":\"https:\\\/\\\/canfali.com\\\/app\\\/uploads\\\/2025\\\/12\\\/canfali_marina_alta_logo.png\",\"width\":225,\"height\":225,\"caption\":\"Canfali\"},\"image\":{\"@id\":\"https:\\\/\\\/canfali.com\\\/ca-es\\\/#\\\/schema\\\/logo\\\/image\\\/\"},\"sameAs\":[\"https:\\\/\\\/es-es.facebook.com\\\/CANFALIMarinaAlta\",\"https:\\\/\\\/x.com\\\/canfalima\",\"https:\\\/\\\/www.instagram.com\\\/canfalimarinaalta\\\/\"]},{\"@type\":\"Person\",\"@id\":\"https:\\\/\\\/canfali.com\\\/ca-es\\\/#\\\/schema\\\/person\\\/d834d2d4df17cac754d3c314d4c404ef\",\"name\":\"JJ Mas\",\"image\":{\"@type\":\"ImageObject\",\"inLanguage\":\"va-ES\",\"@id\":\"https:\\\/\\\/secure.gravatar.com\\\/avatar\\\/65a5191f5438bf88c2394f6d1a625a6ff903c8785268e603c623a83bc15ba1ee?s=96&d=mm&r=g\",\"url\":\"https:\\\/\\\/secure.gravatar.com\\\/avatar\\\/65a5191f5438bf88c2394f6d1a625a6ff903c8785268e603c623a83bc15ba1ee?s=96&d=mm&r=g\",\"contentUrl\":\"https:\\\/\\\/secure.gravatar.com\\\/avatar\\\/65a5191f5438bf88c2394f6d1a625a6ff903c8785268e603c623a83bc15ba1ee?s=96&d=mm&r=g\",\"caption\":\"JJ Mas\"},\"url\":\"https:\\\/\\\/canfali.com\\\/ca-es\\\/author\\\/jj\\\/\"}]}<\/script>\n<!-- \/ Yoast SEO Premium plugin. -->","yoast_head_json":{"title":"Trobada de lectura comarcal a la Biblioteca de Pego - Canfali","robots":{"index":"index","follow":"follow","max-snippet":"max-snippet:-1","max-image-preview":"max-image-preview:large","max-video-preview":"max-video-preview:-1"},"canonical":"https:\/\/canfali.com\/ca-es\/trobada-de-lectura-comarcal-a-la-biblioteca-de-pego\/","og_locale":"en_US","og_type":"article","og_title":"Trobada de lectura comarcal a la Biblioteca de Pego","og_description":"L\u2019obra Qui de casa se\u2019n va de Toni Cucarella vertebra el debat com\u00fa entre els set clubs participants&hellip;","og_url":"https:\/\/canfali.com\/ca-es\/trobada-de-lectura-comarcal-a-la-biblioteca-de-pego\/","og_site_name":"Canfali","article_publisher":"https:\/\/es-es.facebook.com\/CANFALIMarinaAlta","article_published_time":"2025-04-06T09:59:00+00:00","og_image":[{"width":2256,"height":1496,"url":"https:\/\/canfali.com\/app\/uploads\/2025\/04\/encontrelectura-dig1.jpg","type":"image\/jpeg"}],"author":"JJ Mas","twitter_card":"summary_large_image","twitter_creator":"@canfalima","twitter_site":"@canfalima","twitter_misc":{"Written by":"JJ Mas","Est. reading time":"3 minutes"},"schema":{"@context":"https:\/\/schema.org","@graph":[{"@type":"NewsArticle","@id":"https:\/\/canfali.com\/ca-es\/trobada-de-lectura-comarcal-a-la-biblioteca-de-pego\/#article","isPartOf":{"@id":"https:\/\/canfali.com\/ca-es\/trobada-de-lectura-comarcal-a-la-biblioteca-de-pego\/"},"author":{"name":"JJ Mas","@id":"https:\/\/canfali.com\/ca-es\/#\/schema\/person\/d834d2d4df17cac754d3c314d4c404ef"},"headline":"Trobada de lectura comarcal a la Biblioteca de Pego","datePublished":"2025-04-06T09:59:00+00:00","mainEntityOfPage":{"@id":"https:\/\/canfali.com\/ca-es\/trobada-de-lectura-comarcal-a-la-biblioteca-de-pego\/"},"wordCount":517,"publisher":{"@id":"https:\/\/canfali.com\/ca-es\/#organization"},"image":{"@id":"https:\/\/canfali.com\/ca-es\/trobada-de-lectura-comarcal-a-la-biblioteca-de-pego\/#primaryimage"},"thumbnailUrl":"https:\/\/canfali.com\/app\/uploads\/2025\/04\/encontrelectura-dig1.jpg","keywords":["biblioteca","clubs","comarca","Pego"],"articleSection":["Cultura"],"inLanguage":"va-ES","copyrightYear":"2025","copyrightHolder":{"@id":"https:\/\/canfali.com\/#organization"}},{"@type":"WebPage","@id":"https:\/\/canfali.com\/ca-es\/trobada-de-lectura-comarcal-a-la-biblioteca-de-pego\/","url":"https:\/\/canfali.com\/ca-es\/trobada-de-lectura-comarcal-a-la-biblioteca-de-pego\/","name":"Trobada de lectura comarcal a la Biblioteca de Pego - Canfali","isPartOf":{"@id":"https:\/\/canfali.com\/ca-es\/#website"},"primaryImageOfPage":{"@id":"https:\/\/canfali.com\/ca-es\/trobada-de-lectura-comarcal-a-la-biblioteca-de-pego\/#primaryimage"},"image":{"@id":"https:\/\/canfali.com\/ca-es\/trobada-de-lectura-comarcal-a-la-biblioteca-de-pego\/#primaryimage"},"thumbnailUrl":"https:\/\/canfali.com\/app\/uploads\/2025\/04\/encontrelectura-dig1.jpg","datePublished":"2025-04-06T09:59:00+00:00","breadcrumb":{"@id":"https:\/\/canfali.com\/ca-es\/trobada-de-lectura-comarcal-a-la-biblioteca-de-pego\/#breadcrumb"},"inLanguage":"va-ES","potentialAction":[{"@type":"ReadAction","target":["https:\/\/canfali.com\/ca-es\/trobada-de-lectura-comarcal-a-la-biblioteca-de-pego\/"]}]},{"@type":"ImageObject","inLanguage":"va-ES","@id":"https:\/\/canfali.com\/ca-es\/trobada-de-lectura-comarcal-a-la-biblioteca-de-pego\/#primaryimage","url":"https:\/\/canfali.com\/app\/uploads\/2025\/04\/encontrelectura-dig1.jpg","contentUrl":"https:\/\/canfali.com\/app\/uploads\/2025\/04\/encontrelectura-dig1.jpg","width":2256,"height":1496},{"@type":"BreadcrumbList","@id":"https:\/\/canfali.com\/ca-es\/trobada-de-lectura-comarcal-a-la-biblioteca-de-pego\/#breadcrumb","itemListElement":[{"@type":"ListItem","position":1,"name":"Portada","item":"https:\/\/canfali.com\/ca-es\/"},{"@type":"ListItem","position":2,"name":"Trobada de lectura comarcal a la Biblioteca de Pego"}]},{"@type":"WebSite","@id":"https:\/\/canfali.com\/ca-es\/#website","url":"https:\/\/canfali.com\/ca-es\/","name":"Canfali","description":"","publisher":{"@id":"https:\/\/canfali.com\/ca-es\/#organization"},"potentialAction":[{"@type":"SearchAction","target":{"@type":"EntryPoint","urlTemplate":"https:\/\/canfali.com\/ca-es\/?s={search_term_string}"},"query-input":{"@type":"PropertyValueSpecification","valueRequired":true,"valueName":"search_term_string"}}],"inLanguage":"va-ES"},{"@type":"Organization","@id":"https:\/\/canfali.com\/ca-es\/#organization","name":"Canfali","url":"https:\/\/canfali.com\/ca-es\/","logo":{"@type":"ImageObject","inLanguage":"va-ES","@id":"https:\/\/canfali.com\/ca-es\/#\/schema\/logo\/image\/","url":"https:\/\/canfali.com\/app\/uploads\/2025\/12\/canfali_marina_alta_logo.png","contentUrl":"https:\/\/canfali.com\/app\/uploads\/2025\/12\/canfali_marina_alta_logo.png","width":225,"height":225,"caption":"Canfali"},"image":{"@id":"https:\/\/canfali.com\/ca-es\/#\/schema\/logo\/image\/"},"sameAs":["https:\/\/es-es.facebook.com\/CANFALIMarinaAlta","https:\/\/x.com\/canfalima","https:\/\/www.instagram.com\/canfalimarinaalta\/"]},{"@type":"Person","@id":"https:\/\/canfali.com\/ca-es\/#\/schema\/person\/d834d2d4df17cac754d3c314d4c404ef","name":"JJ Mas","image":{"@type":"ImageObject","inLanguage":"va-ES","@id":"https:\/\/secure.gravatar.com\/avatar\/65a5191f5438bf88c2394f6d1a625a6ff903c8785268e603c623a83bc15ba1ee?s=96&d=mm&r=g","url":"https:\/\/secure.gravatar.com\/avatar\/65a5191f5438bf88c2394f6d1a625a6ff903c8785268e603c623a83bc15ba1ee?s=96&d=mm&r=g","contentUrl":"https:\/\/secure.gravatar.com\/avatar\/65a5191f5438bf88c2394f6d1a625a6ff903c8785268e603c623a83bc15ba1ee?s=96&d=mm&r=g","caption":"JJ Mas"},"url":"https:\/\/canfali.com\/ca-es\/author\/jj\/"}]}},"_links":{"self":[{"href":"https:\/\/canfali.com\/ca-es\/wp-json\/wp\/v2\/posts\/61270","targetHints":{"allow":["GET"]}}],"collection":[{"href":"https:\/\/canfali.com\/ca-es\/wp-json\/wp\/v2\/posts"}],"about":[{"href":"https:\/\/canfali.com\/ca-es\/wp-json\/wp\/v2\/types\/post"}],"author":[{"embeddable":true,"href":"https:\/\/canfali.com\/ca-es\/wp-json\/wp\/v2\/users\/4"}],"replies":[{"embeddable":true,"href":"https:\/\/canfali.com\/ca-es\/wp-json\/wp\/v2\/comments?post=61270"}],"version-history":[{"count":1,"href":"https:\/\/canfali.com\/ca-es\/wp-json\/wp\/v2\/posts\/61270\/revisions"}],"predecessor-version":[{"id":61279,"href":"https:\/\/canfali.com\/ca-es\/wp-json\/wp\/v2\/posts\/61270\/revisions\/61279"}],"wp:featuredmedia":[{"embeddable":true,"href":"https:\/\/canfali.com\/ca-es\/wp-json\/wp\/v2\/media\/61271"}],"wp:attachment":[{"href":"https:\/\/canfali.com\/ca-es\/wp-json\/wp\/v2\/media?parent=61270"}],"wp:term":[{"taxonomy":"category","embeddable":true,"href":"https:\/\/canfali.com\/ca-es\/wp-json\/wp\/v2\/categories?post=61270"},{"taxonomy":"post_tag","embeddable":true,"href":"https:\/\/canfali.com\/ca-es\/wp-json\/wp\/v2\/tags?post=61270"}],"curies":[{"name":"wp","href":"https:\/\/api.w.org\/{rel}","templated":true}]}}