{"id":61262,"date":"2025-04-05T11:14:33","date_gmt":"2025-04-05T09:14:33","guid":{"rendered":"https:\/\/canfali.com\/?p=61262"},"modified":"2025-04-05T11:14:34","modified_gmt":"2025-04-05T09:14:34","slug":"una-escola-democratica-i-cooperativa","status":"publish","type":"post","link":"https:\/\/canfali.com\/ca-es\/una-escola-democratica-i-cooperativa\/","title":{"rendered":"Una escola democr\u00e0tica i cooperativa"},"content":{"rendered":"\n<p><strong>El mestre Francisco Medina va aplicar el m\u00e8tode Freinet a Benissa l\u2019any 1933<\/strong><\/p>\n\n\n\n<p>A hores d\u2019ara encara es parla de coeducaci\u00f3 en les aules per\u00f2 no \u00e9s un terme nou, ni de bon tros. Durant la II Rep\u00fablica es va aconseguir que xiquetes i xiquets aprengueren els mateixos continguts i en els mateixos espais. Despr\u00e9s, per\u00f2, el franquisme va imposar l\u2019educaci\u00f3 segregada i el curr\u00edculum diferenciat per sexes fins que la Llei General d\u2019Educaci\u00f3 (EGB) va acabar amb esta pr\u00e0ctica en 1970. El per\u00edode que va de 1918 a 1939 fou un temps f\u00e8rtil pel que fa a la renovaci\u00f3 pedag\u00f2gica de l\u2019escola, en paraules d\u2019Alfred Ramos. En l\u2019anomenada Escola Nova, l\u2019alumnat t\u00e9 un paper actiu i el mestre \u00e9s el guia, no l\u2019element principal sin\u00f3 l\u2019acompanyant. Esdev\u00e9 una pedagogia pr\u00e0ctica i experimentadora, evita l\u2019excessiva memoritzaci\u00f3 i s\u2019exerceix una democr\u00e0cia directa per tal de solucionar els conflictes que es generen dins del sistema educatiu. Tres van ser el principals pedagogs: la italiana Maria Montesori, el belga Ovide Decroly i el franc\u00e8s C\u00e9lestin Freinet. Tots tres exerciren un fort impacte en els mestres de la Rep\u00fablica i Freinet, mitjan\u00e7ant la impremta en l\u2019escola, va ser un punt de refer\u00e8ncia en la transformaci\u00f3 i renovaci\u00f3 de l\u2019educaci\u00f3 valenciana en els anys trenta.<\/p>\n\n\n\n<p>&nbsp;&nbsp;&nbsp;&nbsp;&nbsp;&nbsp;&nbsp;&nbsp;&nbsp;&nbsp;&nbsp; El mestre Francisco Medina Segu\u00ed va exercir en l\u2019Escola N\u00famero 3 de Benissa entre 1927 i 1934 i va desenvolupar la pr\u00e0ctica d\u2019algunes t\u00e8cniques Freinet. Entre elles estava l\u2019edici\u00f3 d\u2019una revista que publicava la tasca que feien a classe amb articles i exercicis dels seus alumnes. De la lectura de les seues p\u00e0gines es veu el funcionament d\u2019una classe mod\u00e8lica de tall democr\u00e0tic i cooperatiu que seguia el principis de Freinet. Un exemplar de la revista Educaci\u00f3n de Benissa -l\u2019\u00fanica a la comarca- s\u2019ha conservat perqu\u00e8 un dels alumnes, Juan Ortol\u00e0, la va guardar com un tresor en homenatge a un mestre que el marc\u00e0 de per vida. Ara, eixa revista s\u2019ha editat en format facs\u00edmil gr\u00e0cies a la donaci\u00f3 feta per les filles, Marisa i Concha Ortol\u00e0.<\/p>\n\n\n\n<p>&nbsp;&nbsp;&nbsp;&nbsp;&nbsp;&nbsp;&nbsp;&nbsp;&nbsp;&nbsp;&nbsp; La metodologia educativa, segons s\u2019ha esmentat, s\u2019evidencia en la revista. El mestre tenia organitzada la classe per responsables triats democr\u00e0ticament. Els alumnes confeccionaven el material dels experiments i despr\u00e9s descrivien l\u2019observaci\u00f3. Es feien eixides al medi per tal d\u2019arreplegar plantes i insectes i els treballs manuals ocupaven un temps en el curr\u00edculum. A m\u00e9s, es muntaven exposicions finals de treballs manuals (mapes, aparells de f\u00edsica, teatrets, teles pintades, etc.).<\/p>\n\n\n\n<figure class=\"wp-block-image size-large\"><img fetchpriority=\"high\" decoding=\"async\" width=\"1024\" height=\"682\" src=\"https:\/\/canfali.com\/app\/uploads\/2025\/04\/llibre-contra2-1024x682.jpg\" alt=\"\" class=\"wp-image-61265\" srcset=\"https:\/\/canfali.com\/app\/uploads\/2025\/04\/llibre-contra2-1024x682.jpg 1024w, https:\/\/canfali.com\/app\/uploads\/2025\/04\/llibre-contra2-300x200.jpg 300w, https:\/\/canfali.com\/app\/uploads\/2025\/04\/llibre-contra2-768x512.jpg 768w, https:\/\/canfali.com\/app\/uploads\/2025\/04\/llibre-contra2-1536x1023.jpg 1536w, https:\/\/canfali.com\/app\/uploads\/2025\/04\/llibre-contra2.jpg 1600w\" sizes=\"(max-width: 1024px) 100vw, 1024px\" \/><\/figure>\n\n\n\n<p>&nbsp;&nbsp;&nbsp;&nbsp;&nbsp;&nbsp;&nbsp;&nbsp;&nbsp;&nbsp;&nbsp; La revista va n\u00e0ixer en gener de 1933 i est\u00e0 impresa amb una multicopista. Els articles s\u00f3n variats, des de pensaments republicans i biografies (Mariana Pineda, Rafael de Riego i Blasco Ib\u00e1\u00f1ez) fins a experiments, ci\u00e8ncies naturals, la biblioteca, la cantina, papirofl\u00e8xia, raonaments d\u2019educaci\u00f3 moral i c\u00edvica, etc. Els textos els van escriure els alumnes Juan Ortol\u00e0, Francisco \u00c0vila, Francisco Jord\u00e0, Julio Gil, Jos\u00e9 Pastor, Jaime Colomer, Juan Mart\u00ednez i Jos\u00e9 Santacreu. Un model d\u2019escola activa i cooperativa, d\u2019intensos valors c\u00edvics i democr\u00e0tics impulsada per un mestre Medina \u201ctolerant, innovador, respectu\u00f3s amb els seus alumnes i, a m\u00e9s, foment\u00e0 la seua lliure expressi\u00f3 mitjan\u00e7ant el text lliure i la impremta\u201d, en paraules de Ramos.<\/p>\n\n\n\n<p><strong>La troballa<\/strong><\/p>\n\n\n\n<p>&nbsp;&nbsp;&nbsp;&nbsp;&nbsp;&nbsp;&nbsp;&nbsp;&nbsp;&nbsp;&nbsp; Si el contingut de la revista \u00e9s for\u00e7a interessant, tamb\u00e9 ho \u00e9s com es va fer la troballa. Alfred Ramos va descobrir el seu nom mentre cercava not\u00edcies d\u2019altres publicacions escolars a Altea. Va preguntar als dos centres escolars de Benissa i al cronista de la vila, Joan Josep Cardona, per\u00f2 ning\u00fa sabia res. En un viatge a Sic\u00edlia, Ramos coincideix amb una dona, Rosa Costa, que li va parlar del seu treball de mestra a Benissa. I fou Rosa qui li va donar el nom d\u2019un mestre benisser ja jubilat, Pere Cabrera.<\/p>\n\n\n\n<p>&nbsp;&nbsp;&nbsp;&nbsp;&nbsp;&nbsp;&nbsp;&nbsp;&nbsp;&nbsp;&nbsp; La llumeta es va encendre quan Cabrera va escoltar la paraula Freinet. Segons va contar ell mateix en la presentaci\u00f3 de la revista, li va vindre a la mem\u00f2ria que un antic alumne li va dir all\u00e0 pels anys 70 que s\u2019havia ensenyat durant la Rep\u00fablica amb Freinet. Eixa persona era Juan Ortol\u00e0 i la conversa va tindre lloc quan treballava a una botiga de materials de construcci\u00f3. \u201cVaig anar a comprar uns taulells per a fer obra a casa de ma mare i em va atendre ell\u201d, va dir Cabrera. Tot i que Ortol\u00e0 havia mort fa temps, van contactar amb les filles i tot va vindre de cara. La revista formava part de tots els documents familiars (partides de naixement, llibres de fam\u00edlia, passaports, etc.) i estava guardada amb recel. Va viatjar, fins i tot, al Brasil quan la fam\u00edlia vivia per aquelles terres.<\/p>\n\n\n\n<p>&nbsp;&nbsp;&nbsp;&nbsp;&nbsp;&nbsp;&nbsp;&nbsp;&nbsp;&nbsp;&nbsp; Una de les filles, Concha, diu que \u201cles revistes han sobreviscut 89 anys i ara s\u00f3n un testimoniatge d\u2019una forma d\u2019ensenyar i d\u2019educar\u201d. \u201cAra s\u00e9\u201d, continua, \u201cque per a mon pare van ser un record d\u2019infantesa, la d\u2019un xiquet orfe de pare que va tindre un referent en la figura del seu mestre perqu\u00e8 es va ocupar que obrira els ulls al m\u00f3n, que tinguera fe en si mateix i que podia aconseguir en la vida les metes que es proposara\u201d. Un mestre que li va transmetre els valors de la just\u00edcia, la llibertat, la solidaritat i la toler\u00e0ncia i que Ortol\u00e0, despr\u00e9s, els va fer extensius a les filles.<\/p>\n","protected":false},"excerpt":{"rendered":"El mestre Francisco Medina va aplicar el m\u00e8tode Freinet a Benissa l\u2019any 1933 A hores d\u2019ara encara es&hellip;","protected":false},"author":5,"featured_media":61263,"comment_status":"closed","ping_status":"closed","sticky":false,"template":"","format":"standard","meta":{"csco_display_header_overlay":false,"csco_singular_sidebar":"","csco_page_header_type":"","csco_page_load_nextpost":"","csco_post_video_location":[],"csco_post_video_location_hash":"","csco_post_video_url":"","csco_post_video_bg_start_time":0,"csco_post_video_bg_end_time":0,"footnotes":""},"categories":[616],"tags":[1275,690,1276,722,973],"class_list":{"0":"post-61262","1":"post","2":"type-post","3":"status-publish","4":"format-standard","5":"has-post-thumbnail","7":"category-reportatges","8":"tag-alumnat","9":"tag-ensenyament","10":"tag-metres","11":"tag-republica","12":"tag-revista-2","13":"cs-entry","14":"cs-video-wrap"},"yoast_head":"<!-- This site is optimized with the Yoast SEO Premium plugin v26.6 (Yoast SEO v27.3) - https:\/\/yoast.com\/product\/yoast-seo-premium-wordpress\/ -->\n<title>Una escola democr\u00e0tica i cooperativa - Canfali<\/title>\n<meta name=\"robots\" content=\"index, follow, max-snippet:-1, max-image-preview:large, max-video-preview:-1\" \/>\n<link rel=\"canonical\" href=\"https:\/\/canfali.com\/ca-es\/una-escola-democratica-i-cooperativa\/\" \/>\n<meta property=\"og:locale\" content=\"en_US\" \/>\n<meta property=\"og:type\" content=\"article\" \/>\n<meta property=\"og:title\" content=\"Una escola democr\u00e0tica i cooperativa\" \/>\n<meta property=\"og:description\" content=\"El mestre Francisco Medina va aplicar el m\u00e8tode Freinet a Benissa l\u2019any 1933 A hores d\u2019ara encara es&hellip;\" \/>\n<meta property=\"og:url\" content=\"https:\/\/canfali.com\/ca-es\/una-escola-democratica-i-cooperativa\/\" \/>\n<meta property=\"og:site_name\" content=\"Canfali\" \/>\n<meta property=\"article:publisher\" content=\"https:\/\/es-es.facebook.com\/CANFALIMarinaAlta\" \/>\n<meta property=\"article:published_time\" content=\"2025-04-05T09:14:33+00:00\" \/>\n<meta property=\"article:modified_time\" content=\"2025-04-05T09:14:34+00:00\" \/>\n<meta property=\"og:image\" content=\"https:\/\/canfali.com\/app\/uploads\/2025\/04\/revista-contra.jpg\" \/>\n\t<meta property=\"og:image:width\" content=\"2304\" \/>\n\t<meta property=\"og:image:height\" content=\"1536\" \/>\n\t<meta property=\"og:image:type\" content=\"image\/jpeg\" \/>\n<meta name=\"author\" content=\"D\u00eddac\" \/>\n<meta name=\"twitter:card\" content=\"summary_large_image\" \/>\n<meta name=\"twitter:creator\" content=\"@canfalima\" \/>\n<meta name=\"twitter:site\" content=\"@canfalima\" \/>\n<meta name=\"twitter:label1\" content=\"Written by\" \/>\n\t<meta name=\"twitter:data1\" content=\"D\u00eddac\" \/>\n\t<meta name=\"twitter:label2\" content=\"Est. reading time\" \/>\n\t<meta name=\"twitter:data2\" content=\"5 minutes\" \/>\n<script type=\"application\/ld+json\" class=\"yoast-schema-graph\">{\"@context\":\"https:\\\/\\\/schema.org\",\"@graph\":[{\"@type\":\"NewsArticle\",\"@id\":\"https:\\\/\\\/canfali.com\\\/ca-es\\\/una-escola-democratica-i-cooperativa\\\/#article\",\"isPartOf\":{\"@id\":\"https:\\\/\\\/canfali.com\\\/ca-es\\\/una-escola-democratica-i-cooperativa\\\/\"},\"author\":{\"name\":\"D\u00eddac\",\"@id\":\"https:\\\/\\\/canfali.com\\\/ca-es\\\/#\\\/schema\\\/person\\\/5211f51be1ed486a218e6a4f53355b6d\"},\"headline\":\"Una escola democr\u00e0tica i cooperativa\",\"datePublished\":\"2025-04-05T09:14:33+00:00\",\"dateModified\":\"2025-04-05T09:14:34+00:00\",\"mainEntityOfPage\":{\"@id\":\"https:\\\/\\\/canfali.com\\\/ca-es\\\/una-escola-democratica-i-cooperativa\\\/\"},\"wordCount\":1024,\"publisher\":{\"@id\":\"https:\\\/\\\/canfali.com\\\/ca-es\\\/#organization\"},\"image\":{\"@id\":\"https:\\\/\\\/canfali.com\\\/ca-es\\\/una-escola-democratica-i-cooperativa\\\/#primaryimage\"},\"thumbnailUrl\":\"https:\\\/\\\/canfali.com\\\/app\\\/uploads\\\/2025\\\/04\\\/revista-contra.jpg\",\"keywords\":[\"alumnat\",\"ensenyament\",\"metres\",\"Rep\u00fablica\",\"revista\"],\"articleSection\":[\"Reportatges\"],\"inLanguage\":\"va-ES\",\"copyrightYear\":\"2025\",\"copyrightHolder\":{\"@id\":\"https:\\\/\\\/canfali.com\\\/#organization\"}},{\"@type\":\"WebPage\",\"@id\":\"https:\\\/\\\/canfali.com\\\/ca-es\\\/una-escola-democratica-i-cooperativa\\\/\",\"url\":\"https:\\\/\\\/canfali.com\\\/ca-es\\\/una-escola-democratica-i-cooperativa\\\/\",\"name\":\"Una escola democr\u00e0tica i cooperativa - Canfali\",\"isPartOf\":{\"@id\":\"https:\\\/\\\/canfali.com\\\/ca-es\\\/#website\"},\"primaryImageOfPage\":{\"@id\":\"https:\\\/\\\/canfali.com\\\/ca-es\\\/una-escola-democratica-i-cooperativa\\\/#primaryimage\"},\"image\":{\"@id\":\"https:\\\/\\\/canfali.com\\\/ca-es\\\/una-escola-democratica-i-cooperativa\\\/#primaryimage\"},\"thumbnailUrl\":\"https:\\\/\\\/canfali.com\\\/app\\\/uploads\\\/2025\\\/04\\\/revista-contra.jpg\",\"datePublished\":\"2025-04-05T09:14:33+00:00\",\"dateModified\":\"2025-04-05T09:14:34+00:00\",\"breadcrumb\":{\"@id\":\"https:\\\/\\\/canfali.com\\\/ca-es\\\/una-escola-democratica-i-cooperativa\\\/#breadcrumb\"},\"inLanguage\":\"va-ES\",\"potentialAction\":[{\"@type\":\"ReadAction\",\"target\":[\"https:\\\/\\\/canfali.com\\\/ca-es\\\/una-escola-democratica-i-cooperativa\\\/\"]}]},{\"@type\":\"ImageObject\",\"inLanguage\":\"va-ES\",\"@id\":\"https:\\\/\\\/canfali.com\\\/ca-es\\\/una-escola-democratica-i-cooperativa\\\/#primaryimage\",\"url\":\"https:\\\/\\\/canfali.com\\\/app\\\/uploads\\\/2025\\\/04\\\/revista-contra.jpg\",\"contentUrl\":\"https:\\\/\\\/canfali.com\\\/app\\\/uploads\\\/2025\\\/04\\\/revista-contra.jpg\",\"width\":2304,\"height\":1536},{\"@type\":\"BreadcrumbList\",\"@id\":\"https:\\\/\\\/canfali.com\\\/ca-es\\\/una-escola-democratica-i-cooperativa\\\/#breadcrumb\",\"itemListElement\":[{\"@type\":\"ListItem\",\"position\":1,\"name\":\"Portada\",\"item\":\"https:\\\/\\\/canfali.com\\\/ca-es\\\/\"},{\"@type\":\"ListItem\",\"position\":2,\"name\":\"Una escola democr\u00e0tica i cooperativa\"}]},{\"@type\":\"WebSite\",\"@id\":\"https:\\\/\\\/canfali.com\\\/ca-es\\\/#website\",\"url\":\"https:\\\/\\\/canfali.com\\\/ca-es\\\/\",\"name\":\"Canfali\",\"description\":\"\",\"publisher\":{\"@id\":\"https:\\\/\\\/canfali.com\\\/ca-es\\\/#organization\"},\"potentialAction\":[{\"@type\":\"SearchAction\",\"target\":{\"@type\":\"EntryPoint\",\"urlTemplate\":\"https:\\\/\\\/canfali.com\\\/ca-es\\\/?s={search_term_string}\"},\"query-input\":{\"@type\":\"PropertyValueSpecification\",\"valueRequired\":true,\"valueName\":\"search_term_string\"}}],\"inLanguage\":\"va-ES\"},{\"@type\":\"Organization\",\"@id\":\"https:\\\/\\\/canfali.com\\\/ca-es\\\/#organization\",\"name\":\"Canfali\",\"url\":\"https:\\\/\\\/canfali.com\\\/ca-es\\\/\",\"logo\":{\"@type\":\"ImageObject\",\"inLanguage\":\"va-ES\",\"@id\":\"https:\\\/\\\/canfali.com\\\/ca-es\\\/#\\\/schema\\\/logo\\\/image\\\/\",\"url\":\"https:\\\/\\\/canfali.com\\\/app\\\/uploads\\\/2025\\\/12\\\/canfali_marina_alta_logo.png\",\"contentUrl\":\"https:\\\/\\\/canfali.com\\\/app\\\/uploads\\\/2025\\\/12\\\/canfali_marina_alta_logo.png\",\"width\":225,\"height\":225,\"caption\":\"Canfali\"},\"image\":{\"@id\":\"https:\\\/\\\/canfali.com\\\/ca-es\\\/#\\\/schema\\\/logo\\\/image\\\/\"},\"sameAs\":[\"https:\\\/\\\/es-es.facebook.com\\\/CANFALIMarinaAlta\",\"https:\\\/\\\/x.com\\\/canfalima\",\"https:\\\/\\\/www.instagram.com\\\/canfalimarinaalta\\\/\"]},{\"@type\":\"Person\",\"@id\":\"https:\\\/\\\/canfali.com\\\/ca-es\\\/#\\\/schema\\\/person\\\/5211f51be1ed486a218e6a4f53355b6d\",\"name\":\"D\u00eddac\",\"image\":{\"@type\":\"ImageObject\",\"inLanguage\":\"va-ES\",\"@id\":\"https:\\\/\\\/secure.gravatar.com\\\/avatar\\\/a68a2078c12da8a6dd6cff4f3f3f69f7eb69a2d31ac1aac4da61c3761e4557f4?s=96&d=mm&r=g\",\"url\":\"https:\\\/\\\/secure.gravatar.com\\\/avatar\\\/a68a2078c12da8a6dd6cff4f3f3f69f7eb69a2d31ac1aac4da61c3761e4557f4?s=96&d=mm&r=g\",\"contentUrl\":\"https:\\\/\\\/secure.gravatar.com\\\/avatar\\\/a68a2078c12da8a6dd6cff4f3f3f69f7eb69a2d31ac1aac4da61c3761e4557f4?s=96&d=mm&r=g\",\"caption\":\"D\u00eddac\"},\"url\":\"https:\\\/\\\/canfali.com\\\/ca-es\\\/author\\\/didac\\\/\"}]}<\/script>\n<!-- \/ Yoast SEO Premium plugin. -->","yoast_head_json":{"title":"Una escola democr\u00e0tica i cooperativa - Canfali","robots":{"index":"index","follow":"follow","max-snippet":"max-snippet:-1","max-image-preview":"max-image-preview:large","max-video-preview":"max-video-preview:-1"},"canonical":"https:\/\/canfali.com\/ca-es\/una-escola-democratica-i-cooperativa\/","og_locale":"en_US","og_type":"article","og_title":"Una escola democr\u00e0tica i cooperativa","og_description":"El mestre Francisco Medina va aplicar el m\u00e8tode Freinet a Benissa l\u2019any 1933 A hores d\u2019ara encara es&hellip;","og_url":"https:\/\/canfali.com\/ca-es\/una-escola-democratica-i-cooperativa\/","og_site_name":"Canfali","article_publisher":"https:\/\/es-es.facebook.com\/CANFALIMarinaAlta","article_published_time":"2025-04-05T09:14:33+00:00","article_modified_time":"2025-04-05T09:14:34+00:00","og_image":[{"width":2304,"height":1536,"url":"https:\/\/canfali.com\/app\/uploads\/2025\/04\/revista-contra.jpg","type":"image\/jpeg"}],"author":"D\u00eddac","twitter_card":"summary_large_image","twitter_creator":"@canfalima","twitter_site":"@canfalima","twitter_misc":{"Written by":"D\u00eddac","Est. reading time":"5 minutes"},"schema":{"@context":"https:\/\/schema.org","@graph":[{"@type":"NewsArticle","@id":"https:\/\/canfali.com\/ca-es\/una-escola-democratica-i-cooperativa\/#article","isPartOf":{"@id":"https:\/\/canfali.com\/ca-es\/una-escola-democratica-i-cooperativa\/"},"author":{"name":"D\u00eddac","@id":"https:\/\/canfali.com\/ca-es\/#\/schema\/person\/5211f51be1ed486a218e6a4f53355b6d"},"headline":"Una escola democr\u00e0tica i cooperativa","datePublished":"2025-04-05T09:14:33+00:00","dateModified":"2025-04-05T09:14:34+00:00","mainEntityOfPage":{"@id":"https:\/\/canfali.com\/ca-es\/una-escola-democratica-i-cooperativa\/"},"wordCount":1024,"publisher":{"@id":"https:\/\/canfali.com\/ca-es\/#organization"},"image":{"@id":"https:\/\/canfali.com\/ca-es\/una-escola-democratica-i-cooperativa\/#primaryimage"},"thumbnailUrl":"https:\/\/canfali.com\/app\/uploads\/2025\/04\/revista-contra.jpg","keywords":["alumnat","ensenyament","metres","Rep\u00fablica","revista"],"articleSection":["Reportatges"],"inLanguage":"va-ES","copyrightYear":"2025","copyrightHolder":{"@id":"https:\/\/canfali.com\/#organization"}},{"@type":"WebPage","@id":"https:\/\/canfali.com\/ca-es\/una-escola-democratica-i-cooperativa\/","url":"https:\/\/canfali.com\/ca-es\/una-escola-democratica-i-cooperativa\/","name":"Una escola democr\u00e0tica i cooperativa - Canfali","isPartOf":{"@id":"https:\/\/canfali.com\/ca-es\/#website"},"primaryImageOfPage":{"@id":"https:\/\/canfali.com\/ca-es\/una-escola-democratica-i-cooperativa\/#primaryimage"},"image":{"@id":"https:\/\/canfali.com\/ca-es\/una-escola-democratica-i-cooperativa\/#primaryimage"},"thumbnailUrl":"https:\/\/canfali.com\/app\/uploads\/2025\/04\/revista-contra.jpg","datePublished":"2025-04-05T09:14:33+00:00","dateModified":"2025-04-05T09:14:34+00:00","breadcrumb":{"@id":"https:\/\/canfali.com\/ca-es\/una-escola-democratica-i-cooperativa\/#breadcrumb"},"inLanguage":"va-ES","potentialAction":[{"@type":"ReadAction","target":["https:\/\/canfali.com\/ca-es\/una-escola-democratica-i-cooperativa\/"]}]},{"@type":"ImageObject","inLanguage":"va-ES","@id":"https:\/\/canfali.com\/ca-es\/una-escola-democratica-i-cooperativa\/#primaryimage","url":"https:\/\/canfali.com\/app\/uploads\/2025\/04\/revista-contra.jpg","contentUrl":"https:\/\/canfali.com\/app\/uploads\/2025\/04\/revista-contra.jpg","width":2304,"height":1536},{"@type":"BreadcrumbList","@id":"https:\/\/canfali.com\/ca-es\/una-escola-democratica-i-cooperativa\/#breadcrumb","itemListElement":[{"@type":"ListItem","position":1,"name":"Portada","item":"https:\/\/canfali.com\/ca-es\/"},{"@type":"ListItem","position":2,"name":"Una escola democr\u00e0tica i cooperativa"}]},{"@type":"WebSite","@id":"https:\/\/canfali.com\/ca-es\/#website","url":"https:\/\/canfali.com\/ca-es\/","name":"Canfali","description":"","publisher":{"@id":"https:\/\/canfali.com\/ca-es\/#organization"},"potentialAction":[{"@type":"SearchAction","target":{"@type":"EntryPoint","urlTemplate":"https:\/\/canfali.com\/ca-es\/?s={search_term_string}"},"query-input":{"@type":"PropertyValueSpecification","valueRequired":true,"valueName":"search_term_string"}}],"inLanguage":"va-ES"},{"@type":"Organization","@id":"https:\/\/canfali.com\/ca-es\/#organization","name":"Canfali","url":"https:\/\/canfali.com\/ca-es\/","logo":{"@type":"ImageObject","inLanguage":"va-ES","@id":"https:\/\/canfali.com\/ca-es\/#\/schema\/logo\/image\/","url":"https:\/\/canfali.com\/app\/uploads\/2025\/12\/canfali_marina_alta_logo.png","contentUrl":"https:\/\/canfali.com\/app\/uploads\/2025\/12\/canfali_marina_alta_logo.png","width":225,"height":225,"caption":"Canfali"},"image":{"@id":"https:\/\/canfali.com\/ca-es\/#\/schema\/logo\/image\/"},"sameAs":["https:\/\/es-es.facebook.com\/CANFALIMarinaAlta","https:\/\/x.com\/canfalima","https:\/\/www.instagram.com\/canfalimarinaalta\/"]},{"@type":"Person","@id":"https:\/\/canfali.com\/ca-es\/#\/schema\/person\/5211f51be1ed486a218e6a4f53355b6d","name":"D\u00eddac","image":{"@type":"ImageObject","inLanguage":"va-ES","@id":"https:\/\/secure.gravatar.com\/avatar\/a68a2078c12da8a6dd6cff4f3f3f69f7eb69a2d31ac1aac4da61c3761e4557f4?s=96&d=mm&r=g","url":"https:\/\/secure.gravatar.com\/avatar\/a68a2078c12da8a6dd6cff4f3f3f69f7eb69a2d31ac1aac4da61c3761e4557f4?s=96&d=mm&r=g","contentUrl":"https:\/\/secure.gravatar.com\/avatar\/a68a2078c12da8a6dd6cff4f3f3f69f7eb69a2d31ac1aac4da61c3761e4557f4?s=96&d=mm&r=g","caption":"D\u00eddac"},"url":"https:\/\/canfali.com\/ca-es\/author\/didac\/"}]}},"_links":{"self":[{"href":"https:\/\/canfali.com\/ca-es\/wp-json\/wp\/v2\/posts\/61262","targetHints":{"allow":["GET"]}}],"collection":[{"href":"https:\/\/canfali.com\/ca-es\/wp-json\/wp\/v2\/posts"}],"about":[{"href":"https:\/\/canfali.com\/ca-es\/wp-json\/wp\/v2\/types\/post"}],"author":[{"embeddable":true,"href":"https:\/\/canfali.com\/ca-es\/wp-json\/wp\/v2\/users\/5"}],"replies":[{"embeddable":true,"href":"https:\/\/canfali.com\/ca-es\/wp-json\/wp\/v2\/comments?post=61262"}],"version-history":[{"count":1,"href":"https:\/\/canfali.com\/ca-es\/wp-json\/wp\/v2\/posts\/61262\/revisions"}],"predecessor-version":[{"id":61267,"href":"https:\/\/canfali.com\/ca-es\/wp-json\/wp\/v2\/posts\/61262\/revisions\/61267"}],"wp:featuredmedia":[{"embeddable":true,"href":"https:\/\/canfali.com\/ca-es\/wp-json\/wp\/v2\/media\/61263"}],"wp:attachment":[{"href":"https:\/\/canfali.com\/ca-es\/wp-json\/wp\/v2\/media?parent=61262"}],"wp:term":[{"taxonomy":"category","embeddable":true,"href":"https:\/\/canfali.com\/ca-es\/wp-json\/wp\/v2\/categories?post=61262"},{"taxonomy":"post_tag","embeddable":true,"href":"https:\/\/canfali.com\/ca-es\/wp-json\/wp\/v2\/tags?post=61262"}],"curies":[{"name":"wp","href":"https:\/\/api.w.org\/{rel}","templated":true}]}}