{"id":61245,"date":"2025-04-05T13:36:00","date_gmt":"2025-04-05T11:36:00","guid":{"rendered":"https:\/\/canfali.com\/?p=61245"},"modified":"2025-04-04T18:50:35","modified_gmt":"2025-04-04T16:50:35","slug":"la-linia-carcaixent-denia-en-la-memoria","status":"publish","type":"post","link":"https:\/\/canfali.com\/ca-es\/la-linia-carcaixent-denia-en-la-memoria\/","title":{"rendered":"La l\u00ednia Carcaixent-D\u00e9nia, en la mem\u00f2ria"},"content":{"rendered":"\n<p><\/p>\n\n<blockquote class=\"wp-block-quote is-layout-flow wp-block-quote-is-layout-flow\">\n<p>&#13;\nEl tren no sols va comunicar pobles i persones, tamb\u00e9 va facilitar les relacions econ\u00f2miques i la difusi\u00f3 de la cultura&#13;\n<\/p>\n<\/blockquote>\n\n<blockquote class=\"wp-block-quote is-layout-flow wp-block-quote-is-layout-flow\">\n<p>Els vestigis del patrimoni ferroviari mereixen una protecci\u00f3 que permeta girar la mirada cap als anys 20 i 30<\/p>\n<\/blockquote>\n\n<p>El tren Carcaixent-Gandia-D\u00e9nia, del qual tantes vegades s&#8217;ha parlat i que tant es troba a faltar, va facilitar les relacions entre comarques i la circulaci\u00f3 i l&#8217;acostament als moviments culturals, socials i pol\u00edtics de principis del segle XX. Les vies van comunicar pobles i persones. Per\u00f2 tamb\u00e9 mercaderies, idees i cultura. A les portes de commemorar-se els cent anys de la proclamaci\u00f3 de la II Rep\u00fablica (1931), l&#8217;arque\u00f2leg Josep A. Gisbert fa sentir la seva veu en defensa d&#8217;un patrimoni -les infraestructures i edificis que encara queden d&#8217;aquells anys- que precisa de protecci\u00f3. La seva posada en valor, com a part de les actuacions per a la recuperaci\u00f3 de la mem\u00f2ria hist\u00f2rica, serviria a m\u00e9s per a refor\u00e7ar -i recordar tamb\u00e9- els lla\u00e7os d&#8217;uni\u00f3 de la Marina Alta amb altres comarques. Vincles que avui, en alguns casos, encara perduren.<\/p>\n\n<p>La mem\u00f2ria i la identitat precisen de referents. Perdre&#8217;ls significa la desaparici\u00f3 lenta per\u00f2 segura d&#8217;una hist\u00f2ria, una cultura i un patrimoni. Hi ha per tant que recordar i salvaguardar el que queda encara que, com ocorre en molts casos, siga poc. Les commemoracions de fets hist\u00f2rics s\u00f3n un bon moment per a fer-ho. I la de la II Rep\u00fablica (1931-1939), una oportunitat per a plantejar-s\u2019ho.<\/p>\n\n<p>Dins d&#8217;aquestes actuacions de recuperaci\u00f3 de la mem\u00f2ria democr\u00e0tica podrien incloure&#8217;s les infraestructures i vestigis relacionats amb el tren. Josep A. Gisbert cita el cas dels ponts, dels quals encara queden alguns elements, o les construccions de pedra picada. Queden poques petjades en el territori d&#8217;un ofici, el de pedrapiquer, lligat al naixement de La Xara i al treball artesanal dels seus habitants fins fa unes d\u00e8cades. \u00c9s lamentable que les pedres llaurades de les voreres que dibuixen el centre urb\u00e0 de D\u00e9nia hagen anat desapareixent. Un altre exemple de des\u00eddia en la protecci\u00f3 del patrimoni s\u00f3n els respiradors de la carretera d&#8217;Ondara.<\/p>\n\n<figure class=\"wp-block-image size-full\"><img fetchpriority=\"high\" decoding=\"async\" width=\"1024\" height=\"717\" src=\"https:\/\/canfali.com\/app\/uploads\/2025\/04\/gistren-2.jpg\" alt=\"\" class=\"wp-image-61236\" srcset=\"https:\/\/canfali.com\/app\/uploads\/2025\/04\/gistren-2.jpg 1024w, https:\/\/canfali.com\/app\/uploads\/2025\/04\/gistren-2-300x210.jpg 300w, https:\/\/canfali.com\/app\/uploads\/2025\/04\/gistren-2-768x538.jpg 768w\" sizes=\"(max-width: 1024px) 100vw, 1024px\" \/><\/figure>\n\n<p>Gisbert parla de referents que posen en valor infraestructures, edificis, monuments i coses tan n\u00edmies com les fonts p\u00fabliques, tot all\u00f2 que va n\u00e9ixer o va estar en actiu a final de la dictadura de Primo de Rivera (1923-1930) i durant la II Rep\u00fablica i la Guerra Civil.<\/p>\n\n<p>Posa com a exemple un projecte de mem\u00f2ria democr\u00e0tica que ha desenvolupat entre els anys 2023 i 2024 en el municipi de Palmera. L&#8217;actuaci\u00f3, subvencionada per l&#8217;anterior Conselleria de Cultura, va permetre elaborar quinze fitxes de mem\u00f2ria que donarien com a resultat deu t\u00f2tems o plafons informatius en el tra\u00e7at de l&#8217;antiga via del tren. Els plafons de Racons de la mem\u00f2ria, que \u00e9s com es denomina el projecte, prenen com a refer\u00e8ncia edificis, monuments o llocs i constitueixen una esp\u00e8cie de DNI que permet con\u00e8ixer com era el municipi un segle enrere. Han estat realitzats amb una ajuda de la Diputaci\u00f3 de Val\u00e8ncia per a la senyalitzaci\u00f3 d&#8217;elements que tenen un paper destacat en la mem\u00f2ria democr\u00e0tica.<\/p>\n\n<figure class=\"wp-block-gallery has-nested-images columns-default is-cropped wp-block-gallery-15 is-layout-flex wp-block-gallery-is-layout-flex\">\n<figure class=\"wp-block-image size-large\"><img decoding=\"async\" width=\"1024\" height=\"683\" data-id=\"61238\" src=\"https:\/\/canfali.com\/app\/uploads\/2025\/04\/GISBI6-1024x683.jpg\" alt=\"\" class=\"wp-image-61238\" srcset=\"https:\/\/canfali.com\/app\/uploads\/2025\/04\/GISBI6-1024x683.jpg 1024w, https:\/\/canfali.com\/app\/uploads\/2025\/04\/GISBI6-300x200.jpg 300w, https:\/\/canfali.com\/app\/uploads\/2025\/04\/GISBI6-768x512.jpg 768w, https:\/\/canfali.com\/app\/uploads\/2025\/04\/GISBI6-1536x1024.jpg 1536w, https:\/\/canfali.com\/app\/uploads\/2025\/04\/GISBI6-2048x1365.jpg 2048w, https:\/\/canfali.com\/app\/uploads\/2025\/04\/GISBI6-scaled.jpg 2560w\" sizes=\"(max-width: 1024px) 100vw, 1024px\" \/><\/figure>\n<\/figure>\n\n<p>En 1930, explica l&#8217;autor del projecte, Palmera tenia 446 habitants, unes escoles nacionals, alcalde, jutge i secretari, una gran destil\u00b7leria -Lorente- i diversos magatzems de taronja.<\/p>\n\n<p>Les vies de comunicaci\u00f3, afegeix, van facilitar que Palmera tingu\u00e9s una certa ind\u00fastria. La carretera N332, constru\u00efda a mitjan segle XIX, va servir d&#8217;eix per a la florida a principis del segle XX d&#8217;una s\u00e8rie d&#8217;ind\u00fastries, com el mol\u00ed d&#8217;arr\u00f2s. No tenia no obstant aix\u00f2 estaci\u00f3 ni baixador del tren, que passava pel seu terme. Per a arribar a D\u00e9nia calia despla\u00e7ar-se amb carro o autob\u00fas fins a les properes poblacions de Gandia o Oliva per a agafar-lo.<\/p>\n\n<p>El tram de la via del tren Carcaixent-D\u00e9nia que uneix Oliva amb Gandia \u00e9s avui dia una via ciclotur\u00edstica molt utilitzada, amb molt de tr\u00e0nsit de bicicletes i patins. Els t\u00f2tems que s&#8217;han col\u00b7locat en ella fan refer\u00e8ncia als trams Carcaixent-Gandia i Gandia-D\u00e9nia. Una l\u00ednia que va deixar de funcionar a la fi dels anys 70 del segle passat. Respecte a l&#8217;assumpte del tren, Josep A. Gisbert qualifica de \u201cpat\u00e8tics\u201d els plantejaments que s&#8217;han fet al llarg del temps per a recuperar la l\u00ednia \u201cperqu\u00e8 probablement mai es faran realitat\u201d.<\/p>\n\n<p><strong>Els anys 20 i 30<\/strong><\/p>\n\n<p>Per als pobles de la Marina Alta, la recuperaci\u00f3 econ\u00f2mica en els anys 20 i 30, amb el declivi de la pansa, va ser dif\u00edcil. No obstant aix\u00f2, els \u00faltims anys del segle XIX i els primers del segle XX van ser de prosperitat per a la ind\u00fastria, el comer\u00e7 i el patrimoni, com testifiquen encara algunes cases dels centres urbans, fonts, cementiris i infraestructures importants. Recorda l&#8217;arque\u00f2leg que a Primo de Rivera li devem l&#8217;empedrat de moltes carreteres i que durant la II Rep\u00fablica es van fer una s\u00e8rie d&#8217;actuacions que la legislaci\u00f3 vigent sobre mem\u00f2ria hist\u00f2rica permet posar en valor.<\/p>\n\n<p>Tornant a Palmera, Josep A. Gisbert apunta que, si el municipi de la Safor t\u00e9 deu racons de la mem\u00f2ria, D\u00e9nia podria tenir-ne bastantes m\u00e9s. Apunta que l&#8217;estat del patrimoni de l&#8217;\u00e8poca deixa molt a desitjar, alguna cosa que qualifica de \u201cinfame\u201d. \u201cLa protecci\u00f3 falla\u201d, desapareixen bona part de les fa\u00e7anes, edificis i paisatges d&#8217;aquests temps i nom\u00e9s queden testimoniatges literaris tan bonics com els de Juan Chab\u00e1s, Narciso del Prado o Maria Ibars, \u201cque fa unes excel\u00b7lents descripcions d&#8217;uns Campussos que ara no trobarem\u201d, apunta.<\/p>\n\n<figure class=\"wp-block-image size-large\"><img decoding=\"async\" width=\"1024\" height=\"768\" src=\"https:\/\/canfali.com\/app\/uploads\/2025\/04\/GISBI3-1024x768.jpg\" alt=\"\" class=\"wp-image-61240\" srcset=\"https:\/\/canfali.com\/app\/uploads\/2025\/04\/GISBI3-1024x768.jpg 1024w, https:\/\/canfali.com\/app\/uploads\/2025\/04\/GISBI3-300x225.jpg 300w, https:\/\/canfali.com\/app\/uploads\/2025\/04\/GISBI3-768x576.jpg 768w, https:\/\/canfali.com\/app\/uploads\/2025\/04\/GISBI3-1536x1152.jpg 1536w, https:\/\/canfali.com\/app\/uploads\/2025\/04\/GISBI3.jpg 1600w\" sizes=\"(max-width: 1024px) 100vw, 1024px\" \/><\/figure>\n\n<p>Queda mem\u00f2ria liter\u00e0ria i mem\u00f2ria hist\u00f2rica i, en la seva opini\u00f3, caldria fer un esfor\u00e7 per a posar en valor les d\u00e8cades dels anys 20 i 30. \u201cNo sols cal posar en valor espais p\u00fablics franquistes com La Glorieta del Pa\u00eds Valenci\u00e0\u201d, puntualitza, \u201ctamb\u00e9 cal tirar una mica m\u00e9s cap enrere\u201d per a bussejar entre les arquitectures i l&#8217;urbanisme d&#8217;aquests anys.<\/p>\n\n<p><strong>La taronja<\/strong><\/p>\n\n<p>El tren va ser motor d&#8217;activitats econ\u00f2miques absolutament importants. Es va utilitzar per a transportar les taronges des dels magatzems fins als ports de Gandia i, durant un temps, tamb\u00e9 al de D\u00e9nia. Era l&#8217;\u00e8poca del zenit de la taronja i magatzems de la Ribera i de la Safor, recorda l&#8217;arque\u00f2leg, el van emprar per a comercialitzar els seus productes col\u00b7locant en les etiquetes de taronja el nom de D\u00e9nia.<\/p>\n\n<p>Exemples representatius del patrimoni dels anys 20 i 30 dignes de mantenir en la mem\u00f2ria n&#8217;hi ha. L&#8217;arque\u00f2leg vaticina que com a m\u00ednim 40 arquitectures dignes de ser recordades. Entre elles els edificis del centre hist\u00f2ric, la Casa de Sauquillo que \u00e9s avui biblioteca municipal (per a Josep A. Gisbert, la millor casa de la Rep\u00fablica i que, al seu judici, va ser objecte d&#8217;una \u201cdesafortunada\u201d rehabilitaci\u00f3-, el refugi o t\u00fanel del castell, l&#8217;Hotel Comer\u00e7 -anterior per\u00f2 de gran activitat en aquesta \u00e8poca-, les cases de les grans fam\u00edlies, com els Riera en la Glorieta, \u2018els quatre cantons\u2019 i el Casino El Siglo, els bancs\u2026<\/p>\n\n<p>En l&#8217;\u00e0mbit cultural, cita la import\u00e0ncia que va tenir l&#8217;obra de Roc Chab\u00e1s a principis del segle XX com a eina de difusi\u00f3 cultural. El arabista de Carcaixent Juli\u00e0 Ribera va visitar la casa de l&#8217;historiador denier en el Saladar -avui desapareguda- en diverses ocasions. Tamb\u00e9 els membres de Lo Rat Penat als quals va convidar, que van triar hotels com El Comercio o el Fornos per a allotjar-se, van utilitzar el tren per a arribar a D\u00e9nia. Les fonts escrites documenten que el tren va permetre comunicar la ciutat amb la Renaixen\u00e7a Valenciana fins a 1912, la data de la defunci\u00f3 de Roc Chab\u00e1s. Va morir el canonge \u201ci la cultura va desapar\u00e8ixer a D\u00e9nia\u201d, fegeix Gisbert. Recorda que l&#8217;escriptor Juan Chab\u00e1s va marxar aviat a estudiar a Madrid i que passarien d\u00e8cades fins que hi hagu\u00e9s nous referents culturals a la ciutat.<\/p>\n\n<figure class=\"wp-block-image size-large\"><img loading=\"lazy\" decoding=\"async\" width=\"1024\" height=\"768\" src=\"https:\/\/canfali.com\/app\/uploads\/2025\/04\/GISBI-1024x768.jpg\" alt=\"\" class=\"wp-image-61242\" srcset=\"https:\/\/canfali.com\/app\/uploads\/2025\/04\/GISBI-1024x768.jpg 1024w, https:\/\/canfali.com\/app\/uploads\/2025\/04\/GISBI-300x225.jpg 300w, https:\/\/canfali.com\/app\/uploads\/2025\/04\/GISBI-768x576.jpg 768w, https:\/\/canfali.com\/app\/uploads\/2025\/04\/GISBI-1536x1152.jpg 1536w, https:\/\/canfali.com\/app\/uploads\/2025\/04\/GISBI.jpg 1600w\" sizes=\"(max-width: 1024px) 100vw, 1024px\" \/><\/figure>\n\n<p>El tren va ser una via de difusi\u00f3 i comunicaci\u00f3 econ\u00f2mica i de cultura. Protegir el seu patrimoni \u00e9s tamb\u00e9 una manera d&#8217;estructurar el territori, llan\u00e7ar una mirada m\u00e9s enll\u00e0 d\u2019all\u00f2 local i entendre que les vies del trenet unien comarques, en aquest cas la Ribera, la Safor i la Marina. Nom\u00e9s cal pegar una ullada a algunes de les grans cases de Les Rotes que van ser propietat de fam\u00edlies de la Ribera o al turisme dels anys 20 i 30. \u201cLa Ribera buscava la mar de D\u00e9nia\u201d, comenta Gisbert.<\/p>\n","protected":false},"excerpt":{"rendered":"&#13; El tren no sols va comunicar pobles i persones, tamb\u00e9 va facilitar les relacions econ\u00f2miques i la&hellip;","protected":false},"author":6,"featured_media":61235,"comment_status":"closed","ping_status":"closed","sticky":false,"template":"","format":"standard","meta":{"csco_display_header_overlay":false,"csco_singular_sidebar":"","csco_page_header_type":"","csco_page_load_nextpost":"","csco_post_video_location":[],"csco_post_video_location_hash":"","csco_post_video_url":"","csco_post_video_bg_start_time":0,"csco_post_video_bg_end_time":0,"footnotes":""},"categories":[579],"tags":[1274,892,1270,1273,1021,1272,1271],"class_list":{"0":"post-61245","1":"post","2":"type-post","3":"status-publish","4":"format-standard","5":"has-post-thumbnail","7":"category-cultura-2","8":"tag-josep-a-gisbert-ca-es","9":"tag-memoria-democratica-ca-es","10":"tag-memoria-historica-ca-es","11":"tag-palmera-ca-es","12":"tag-patrimoni","13":"tag-tren-carcaixent-denia-ca-es","14":"tag-tren-gandia-denia-ca-es","15":"cs-entry","16":"cs-video-wrap"},"yoast_head":"<!-- This site is optimized with the Yoast SEO Premium plugin v26.6 (Yoast SEO v27.3) - https:\/\/yoast.com\/product\/yoast-seo-premium-wordpress\/ -->\n<title>La l\u00ednia Carcaixent-D\u00e9nia, en la mem\u00f2ria - Canfali<\/title>\n<meta name=\"robots\" content=\"index, follow, max-snippet:-1, max-image-preview:large, max-video-preview:-1\" \/>\n<link rel=\"canonical\" href=\"https:\/\/canfali.com\/ca-es\/la-linia-carcaixent-denia-en-la-memoria\/\" \/>\n<meta property=\"og:locale\" content=\"en_US\" \/>\n<meta property=\"og:type\" content=\"article\" \/>\n<meta property=\"og:title\" content=\"La l\u00ednia Carcaixent-D\u00e9nia, en la mem\u00f2ria\" \/>\n<meta property=\"og:description\" content=\"&#013; El tren no sols va comunicar pobles i persones, tamb\u00e9 va facilitar les relacions econ\u00f2miques i la&hellip;\" \/>\n<meta property=\"og:url\" content=\"https:\/\/canfali.com\/ca-es\/la-linia-carcaixent-denia-en-la-memoria\/\" \/>\n<meta property=\"og:site_name\" content=\"Canfali\" \/>\n<meta property=\"article:publisher\" content=\"https:\/\/es-es.facebook.com\/CANFALIMarinaAlta\" \/>\n<meta property=\"article:published_time\" content=\"2025-04-05T11:36:00+00:00\" \/>\n<meta property=\"og:image\" content=\"https:\/\/canfali.com\/app\/uploads\/2025\/04\/gistren-1-scaled.jpg\" \/>\n\t<meta property=\"og:image:width\" content=\"2560\" \/>\n\t<meta property=\"og:image:height\" content=\"1650\" \/>\n\t<meta property=\"og:image:type\" content=\"image\/jpeg\" \/>\n<meta name=\"author\" content=\"Rosa\" \/>\n<meta name=\"twitter:card\" content=\"summary_large_image\" \/>\n<meta name=\"twitter:creator\" content=\"@canfalima\" \/>\n<meta name=\"twitter:site\" content=\"@canfalima\" \/>\n<meta name=\"twitter:label1\" content=\"Written by\" \/>\n\t<meta name=\"twitter:data1\" content=\"Rosa\" \/>\n\t<meta name=\"twitter:label2\" content=\"Est. reading time\" \/>\n\t<meta name=\"twitter:data2\" content=\"7 minutes\" \/>\n<script type=\"application\/ld+json\" class=\"yoast-schema-graph\">{\"@context\":\"https:\\\/\\\/schema.org\",\"@graph\":[{\"@type\":\"NewsArticle\",\"@id\":\"https:\\\/\\\/canfali.com\\\/ca-es\\\/la-linia-carcaixent-denia-en-la-memoria\\\/#article\",\"isPartOf\":{\"@id\":\"https:\\\/\\\/canfali.com\\\/ca-es\\\/la-linia-carcaixent-denia-en-la-memoria\\\/\"},\"author\":{\"name\":\"Rosa\",\"@id\":\"https:\\\/\\\/canfali.com\\\/ca-es\\\/#\\\/schema\\\/person\\\/c861a7aa2b2495357b95f35bd5d82f88\"},\"headline\":\"La l\u00ednia Carcaixent-D\u00e9nia, en la mem\u00f2ria\",\"datePublished\":\"2025-04-05T11:36:00+00:00\",\"mainEntityOfPage\":{\"@id\":\"https:\\\/\\\/canfali.com\\\/ca-es\\\/la-linia-carcaixent-denia-en-la-memoria\\\/\"},\"wordCount\":1520,\"publisher\":{\"@id\":\"https:\\\/\\\/canfali.com\\\/ca-es\\\/#organization\"},\"image\":{\"@id\":\"https:\\\/\\\/canfali.com\\\/ca-es\\\/la-linia-carcaixent-denia-en-la-memoria\\\/#primaryimage\"},\"thumbnailUrl\":\"https:\\\/\\\/canfali.com\\\/app\\\/uploads\\\/2025\\\/04\\\/gistren-1-scaled.jpg\",\"keywords\":[\"Josep A. Gisbert\",\"mem\u00f2ria democr\u00e0tica\",\"mem\u00f2ria hist\u00f2rica\",\"Palmera\",\"patrimoni\",\"tren carcaixent-denia\",\"tren gandia-d\u00e9nia\"],\"articleSection\":[\"Cultura\"],\"inLanguage\":\"va-ES\",\"copyrightYear\":\"2025\",\"copyrightHolder\":{\"@id\":\"https:\\\/\\\/canfali.com\\\/#organization\"}},{\"@type\":\"WebPage\",\"@id\":\"https:\\\/\\\/canfali.com\\\/ca-es\\\/la-linia-carcaixent-denia-en-la-memoria\\\/\",\"url\":\"https:\\\/\\\/canfali.com\\\/ca-es\\\/la-linia-carcaixent-denia-en-la-memoria\\\/\",\"name\":\"La l\u00ednia Carcaixent-D\u00e9nia, en la mem\u00f2ria - Canfali\",\"isPartOf\":{\"@id\":\"https:\\\/\\\/canfali.com\\\/ca-es\\\/#website\"},\"primaryImageOfPage\":{\"@id\":\"https:\\\/\\\/canfali.com\\\/ca-es\\\/la-linia-carcaixent-denia-en-la-memoria\\\/#primaryimage\"},\"image\":{\"@id\":\"https:\\\/\\\/canfali.com\\\/ca-es\\\/la-linia-carcaixent-denia-en-la-memoria\\\/#primaryimage\"},\"thumbnailUrl\":\"https:\\\/\\\/canfali.com\\\/app\\\/uploads\\\/2025\\\/04\\\/gistren-1-scaled.jpg\",\"datePublished\":\"2025-04-05T11:36:00+00:00\",\"breadcrumb\":{\"@id\":\"https:\\\/\\\/canfali.com\\\/ca-es\\\/la-linia-carcaixent-denia-en-la-memoria\\\/#breadcrumb\"},\"inLanguage\":\"va-ES\",\"potentialAction\":[{\"@type\":\"ReadAction\",\"target\":[\"https:\\\/\\\/canfali.com\\\/ca-es\\\/la-linia-carcaixent-denia-en-la-memoria\\\/\"]}]},{\"@type\":\"ImageObject\",\"inLanguage\":\"va-ES\",\"@id\":\"https:\\\/\\\/canfali.com\\\/ca-es\\\/la-linia-carcaixent-denia-en-la-memoria\\\/#primaryimage\",\"url\":\"https:\\\/\\\/canfali.com\\\/app\\\/uploads\\\/2025\\\/04\\\/gistren-1-scaled.jpg\",\"contentUrl\":\"https:\\\/\\\/canfali.com\\\/app\\\/uploads\\\/2025\\\/04\\\/gistren-1-scaled.jpg\",\"width\":2560,\"height\":1650},{\"@type\":\"BreadcrumbList\",\"@id\":\"https:\\\/\\\/canfali.com\\\/ca-es\\\/la-linia-carcaixent-denia-en-la-memoria\\\/#breadcrumb\",\"itemListElement\":[{\"@type\":\"ListItem\",\"position\":1,\"name\":\"Portada\",\"item\":\"https:\\\/\\\/canfali.com\\\/ca-es\\\/\"},{\"@type\":\"ListItem\",\"position\":2,\"name\":\"La l\u00ednia Carcaixent-D\u00e9nia, en la mem\u00f2ria\"}]},{\"@type\":\"WebSite\",\"@id\":\"https:\\\/\\\/canfali.com\\\/ca-es\\\/#website\",\"url\":\"https:\\\/\\\/canfali.com\\\/ca-es\\\/\",\"name\":\"Canfali\",\"description\":\"\",\"publisher\":{\"@id\":\"https:\\\/\\\/canfali.com\\\/ca-es\\\/#organization\"},\"potentialAction\":[{\"@type\":\"SearchAction\",\"target\":{\"@type\":\"EntryPoint\",\"urlTemplate\":\"https:\\\/\\\/canfali.com\\\/ca-es\\\/?s={search_term_string}\"},\"query-input\":{\"@type\":\"PropertyValueSpecification\",\"valueRequired\":true,\"valueName\":\"search_term_string\"}}],\"inLanguage\":\"va-ES\"},{\"@type\":\"Organization\",\"@id\":\"https:\\\/\\\/canfali.com\\\/ca-es\\\/#organization\",\"name\":\"Canfali\",\"url\":\"https:\\\/\\\/canfali.com\\\/ca-es\\\/\",\"logo\":{\"@type\":\"ImageObject\",\"inLanguage\":\"va-ES\",\"@id\":\"https:\\\/\\\/canfali.com\\\/ca-es\\\/#\\\/schema\\\/logo\\\/image\\\/\",\"url\":\"https:\\\/\\\/canfali.com\\\/app\\\/uploads\\\/2025\\\/12\\\/canfali_marina_alta_logo.png\",\"contentUrl\":\"https:\\\/\\\/canfali.com\\\/app\\\/uploads\\\/2025\\\/12\\\/canfali_marina_alta_logo.png\",\"width\":225,\"height\":225,\"caption\":\"Canfali\"},\"image\":{\"@id\":\"https:\\\/\\\/canfali.com\\\/ca-es\\\/#\\\/schema\\\/logo\\\/image\\\/\"},\"sameAs\":[\"https:\\\/\\\/es-es.facebook.com\\\/CANFALIMarinaAlta\",\"https:\\\/\\\/x.com\\\/canfalima\",\"https:\\\/\\\/www.instagram.com\\\/canfalimarinaalta\\\/\"]},{\"@type\":\"Person\",\"@id\":\"https:\\\/\\\/canfali.com\\\/ca-es\\\/#\\\/schema\\\/person\\\/c861a7aa2b2495357b95f35bd5d82f88\",\"name\":\"Rosa\",\"image\":{\"@type\":\"ImageObject\",\"inLanguage\":\"va-ES\",\"@id\":\"https:\\\/\\\/secure.gravatar.com\\\/avatar\\\/47fb83d99423a6ef1cf9f83f02a5e91366c671dec76c5c24badf1b0494e1d960?s=96&d=mm&r=g\",\"url\":\"https:\\\/\\\/secure.gravatar.com\\\/avatar\\\/47fb83d99423a6ef1cf9f83f02a5e91366c671dec76c5c24badf1b0494e1d960?s=96&d=mm&r=g\",\"contentUrl\":\"https:\\\/\\\/secure.gravatar.com\\\/avatar\\\/47fb83d99423a6ef1cf9f83f02a5e91366c671dec76c5c24badf1b0494e1d960?s=96&d=mm&r=g\",\"caption\":\"Rosa\"},\"url\":\"https:\\\/\\\/canfali.com\\\/ca-es\\\/author\\\/rosa\\\/\"}]}<\/script>\n<!-- \/ Yoast SEO Premium plugin. -->","yoast_head_json":{"title":"La l\u00ednia Carcaixent-D\u00e9nia, en la mem\u00f2ria - Canfali","robots":{"index":"index","follow":"follow","max-snippet":"max-snippet:-1","max-image-preview":"max-image-preview:large","max-video-preview":"max-video-preview:-1"},"canonical":"https:\/\/canfali.com\/ca-es\/la-linia-carcaixent-denia-en-la-memoria\/","og_locale":"en_US","og_type":"article","og_title":"La l\u00ednia Carcaixent-D\u00e9nia, en la mem\u00f2ria","og_description":"&#13; El tren no sols va comunicar pobles i persones, tamb\u00e9 va facilitar les relacions econ\u00f2miques i la&hellip;","og_url":"https:\/\/canfali.com\/ca-es\/la-linia-carcaixent-denia-en-la-memoria\/","og_site_name":"Canfali","article_publisher":"https:\/\/es-es.facebook.com\/CANFALIMarinaAlta","article_published_time":"2025-04-05T11:36:00+00:00","og_image":[{"width":2560,"height":1650,"url":"https:\/\/canfali.com\/app\/uploads\/2025\/04\/gistren-1-scaled.jpg","type":"image\/jpeg"}],"author":"Rosa","twitter_card":"summary_large_image","twitter_creator":"@canfalima","twitter_site":"@canfalima","twitter_misc":{"Written by":"Rosa","Est. reading time":"7 minutes"},"schema":{"@context":"https:\/\/schema.org","@graph":[{"@type":"NewsArticle","@id":"https:\/\/canfali.com\/ca-es\/la-linia-carcaixent-denia-en-la-memoria\/#article","isPartOf":{"@id":"https:\/\/canfali.com\/ca-es\/la-linia-carcaixent-denia-en-la-memoria\/"},"author":{"name":"Rosa","@id":"https:\/\/canfali.com\/ca-es\/#\/schema\/person\/c861a7aa2b2495357b95f35bd5d82f88"},"headline":"La l\u00ednia Carcaixent-D\u00e9nia, en la mem\u00f2ria","datePublished":"2025-04-05T11:36:00+00:00","mainEntityOfPage":{"@id":"https:\/\/canfali.com\/ca-es\/la-linia-carcaixent-denia-en-la-memoria\/"},"wordCount":1520,"publisher":{"@id":"https:\/\/canfali.com\/ca-es\/#organization"},"image":{"@id":"https:\/\/canfali.com\/ca-es\/la-linia-carcaixent-denia-en-la-memoria\/#primaryimage"},"thumbnailUrl":"https:\/\/canfali.com\/app\/uploads\/2025\/04\/gistren-1-scaled.jpg","keywords":["Josep A. Gisbert","mem\u00f2ria democr\u00e0tica","mem\u00f2ria hist\u00f2rica","Palmera","patrimoni","tren carcaixent-denia","tren gandia-d\u00e9nia"],"articleSection":["Cultura"],"inLanguage":"va-ES","copyrightYear":"2025","copyrightHolder":{"@id":"https:\/\/canfali.com\/#organization"}},{"@type":"WebPage","@id":"https:\/\/canfali.com\/ca-es\/la-linia-carcaixent-denia-en-la-memoria\/","url":"https:\/\/canfali.com\/ca-es\/la-linia-carcaixent-denia-en-la-memoria\/","name":"La l\u00ednia Carcaixent-D\u00e9nia, en la mem\u00f2ria - Canfali","isPartOf":{"@id":"https:\/\/canfali.com\/ca-es\/#website"},"primaryImageOfPage":{"@id":"https:\/\/canfali.com\/ca-es\/la-linia-carcaixent-denia-en-la-memoria\/#primaryimage"},"image":{"@id":"https:\/\/canfali.com\/ca-es\/la-linia-carcaixent-denia-en-la-memoria\/#primaryimage"},"thumbnailUrl":"https:\/\/canfali.com\/app\/uploads\/2025\/04\/gistren-1-scaled.jpg","datePublished":"2025-04-05T11:36:00+00:00","breadcrumb":{"@id":"https:\/\/canfali.com\/ca-es\/la-linia-carcaixent-denia-en-la-memoria\/#breadcrumb"},"inLanguage":"va-ES","potentialAction":[{"@type":"ReadAction","target":["https:\/\/canfali.com\/ca-es\/la-linia-carcaixent-denia-en-la-memoria\/"]}]},{"@type":"ImageObject","inLanguage":"va-ES","@id":"https:\/\/canfali.com\/ca-es\/la-linia-carcaixent-denia-en-la-memoria\/#primaryimage","url":"https:\/\/canfali.com\/app\/uploads\/2025\/04\/gistren-1-scaled.jpg","contentUrl":"https:\/\/canfali.com\/app\/uploads\/2025\/04\/gistren-1-scaled.jpg","width":2560,"height":1650},{"@type":"BreadcrumbList","@id":"https:\/\/canfali.com\/ca-es\/la-linia-carcaixent-denia-en-la-memoria\/#breadcrumb","itemListElement":[{"@type":"ListItem","position":1,"name":"Portada","item":"https:\/\/canfali.com\/ca-es\/"},{"@type":"ListItem","position":2,"name":"La l\u00ednia Carcaixent-D\u00e9nia, en la mem\u00f2ria"}]},{"@type":"WebSite","@id":"https:\/\/canfali.com\/ca-es\/#website","url":"https:\/\/canfali.com\/ca-es\/","name":"Canfali","description":"","publisher":{"@id":"https:\/\/canfali.com\/ca-es\/#organization"},"potentialAction":[{"@type":"SearchAction","target":{"@type":"EntryPoint","urlTemplate":"https:\/\/canfali.com\/ca-es\/?s={search_term_string}"},"query-input":{"@type":"PropertyValueSpecification","valueRequired":true,"valueName":"search_term_string"}}],"inLanguage":"va-ES"},{"@type":"Organization","@id":"https:\/\/canfali.com\/ca-es\/#organization","name":"Canfali","url":"https:\/\/canfali.com\/ca-es\/","logo":{"@type":"ImageObject","inLanguage":"va-ES","@id":"https:\/\/canfali.com\/ca-es\/#\/schema\/logo\/image\/","url":"https:\/\/canfali.com\/app\/uploads\/2025\/12\/canfali_marina_alta_logo.png","contentUrl":"https:\/\/canfali.com\/app\/uploads\/2025\/12\/canfali_marina_alta_logo.png","width":225,"height":225,"caption":"Canfali"},"image":{"@id":"https:\/\/canfali.com\/ca-es\/#\/schema\/logo\/image\/"},"sameAs":["https:\/\/es-es.facebook.com\/CANFALIMarinaAlta","https:\/\/x.com\/canfalima","https:\/\/www.instagram.com\/canfalimarinaalta\/"]},{"@type":"Person","@id":"https:\/\/canfali.com\/ca-es\/#\/schema\/person\/c861a7aa2b2495357b95f35bd5d82f88","name":"Rosa","image":{"@type":"ImageObject","inLanguage":"va-ES","@id":"https:\/\/secure.gravatar.com\/avatar\/47fb83d99423a6ef1cf9f83f02a5e91366c671dec76c5c24badf1b0494e1d960?s=96&d=mm&r=g","url":"https:\/\/secure.gravatar.com\/avatar\/47fb83d99423a6ef1cf9f83f02a5e91366c671dec76c5c24badf1b0494e1d960?s=96&d=mm&r=g","contentUrl":"https:\/\/secure.gravatar.com\/avatar\/47fb83d99423a6ef1cf9f83f02a5e91366c671dec76c5c24badf1b0494e1d960?s=96&d=mm&r=g","caption":"Rosa"},"url":"https:\/\/canfali.com\/ca-es\/author\/rosa\/"}]}},"_links":{"self":[{"href":"https:\/\/canfali.com\/ca-es\/wp-json\/wp\/v2\/posts\/61245","targetHints":{"allow":["GET"]}}],"collection":[{"href":"https:\/\/canfali.com\/ca-es\/wp-json\/wp\/v2\/posts"}],"about":[{"href":"https:\/\/canfali.com\/ca-es\/wp-json\/wp\/v2\/types\/post"}],"author":[{"embeddable":true,"href":"https:\/\/canfali.com\/ca-es\/wp-json\/wp\/v2\/users\/6"}],"replies":[{"embeddable":true,"href":"https:\/\/canfali.com\/ca-es\/wp-json\/wp\/v2\/comments?post=61245"}],"version-history":[{"count":1,"href":"https:\/\/canfali.com\/ca-es\/wp-json\/wp\/v2\/posts\/61245\/revisions"}],"predecessor-version":[{"id":61246,"href":"https:\/\/canfali.com\/ca-es\/wp-json\/wp\/v2\/posts\/61245\/revisions\/61246"}],"wp:featuredmedia":[{"embeddable":true,"href":"https:\/\/canfali.com\/ca-es\/wp-json\/wp\/v2\/media\/61235"}],"wp:attachment":[{"href":"https:\/\/canfali.com\/ca-es\/wp-json\/wp\/v2\/media?parent=61245"}],"wp:term":[{"taxonomy":"category","embeddable":true,"href":"https:\/\/canfali.com\/ca-es\/wp-json\/wp\/v2\/categories?post=61245"},{"taxonomy":"post_tag","embeddable":true,"href":"https:\/\/canfali.com\/ca-es\/wp-json\/wp\/v2\/tags?post=61245"}],"curies":[{"name":"wp","href":"https:\/\/api.w.org\/{rel}","templated":true}]}}