{"id":61221,"date":"2025-04-04T15:23:23","date_gmt":"2025-04-04T13:23:23","guid":{"rendered":"https:\/\/canfali.com\/?p=61221"},"modified":"2025-04-04T15:23:24","modified_gmt":"2025-04-04T13:23:24","slug":"el-parc-per-a-gossos-dondara-instal%c2%b7la-enllumenat","status":"publish","type":"post","link":"https:\/\/canfali.com\/ca-es\/el-parc-per-a-gossos-dondara-instal%c2%b7la-enllumenat\/","title":{"rendered":"El parc per a gossos d\u2019Ondara instal\u00b7la enllumenat"},"content":{"rendered":"\n<p>L\u2019Ajuntament d\u2019Ondara ha decidit millorar el parc per a gossos de la zona de Tossals amb la instal\u00b7laci\u00f3 d\u2019enllumenat per facilitar la seua utilitzaci\u00f3 en qualsevol horari i condici\u00f3 climatol\u00f2gica.<\/p>\n\n\n\n<figure class=\"wp-block-image size-large\"><img fetchpriority=\"high\" decoding=\"async\" width=\"1024\" height=\"751\" src=\"https:\/\/canfali.com\/app\/uploads\/2025\/04\/parcgossos-dedia-1024x751.jpeg\" alt=\"\" class=\"wp-image-61222\" srcset=\"https:\/\/canfali.com\/app\/uploads\/2025\/04\/parcgossos-dedia-1024x751.jpeg 1024w, https:\/\/canfali.com\/app\/uploads\/2025\/04\/parcgossos-dedia-300x220.jpeg 300w, https:\/\/canfali.com\/app\/uploads\/2025\/04\/parcgossos-dedia-768x563.jpeg 768w, https:\/\/canfali.com\/app\/uploads\/2025\/04\/parcgossos-dedia.jpeg 1457w\" sizes=\"(max-width: 1024px) 100vw, 1024px\" \/><figcaption class=\"wp-element-caption\">Les instal\u00b7lacions de Tossals<\/figcaption><\/figure>\n\n\n\n<p>Segons han informat els regidors de Manteniment i Benestar Animal, Miguel Gomis i Jord\u00ed Ruiz, la iniciativa ha estat presa en atenci\u00f3 a les peticions dels propietaris d\u2019aquestes mascotes i ha comportat la instal\u00b7laci\u00f3 d\u2019un fanal i la col\u00b7locaci\u00f3 d\u2019una capa de mescla de pedres, grava i arena per tal d\u2019evitar el fang en episodis de pluja i els puguen continuar gaudint d\u2019aquesta zona d\u2019esbarjo amb independencia de les condicions meteorol\u00f2giques.<\/p>\n\n\n\n<p>Un i altre han recordat que aquesta nova instal\u00b7laci\u00f3 municipal va obrir al desembre de 2024, al costat de les pistes de petanca, com a zona per a que els gossos tinguen una zona tancada de forma perimetral i amb punt d\u2019aigua, bancs a l\u2019ombra i papereres per a que aquests animals pogueren poder c\u00f3rrer, relacionar-se i jugar a l\u2019aire lliure. No obstant aix\u00f2, es va redactar una normativa d\u2019\u00fas on s\u2019especifica que eixe tipus de mascotes poden anar desnugats dins de l\u2019\u00e0rea a excepci\u00f3 dels gossos potencialment perillosos; que els excrements s\u2019han de recollir i dipositar a les papereres habilitades per a no ser objectes d\u2019una infracci\u00f3 que es pot convertir sancionable fins a 200 euros; i recomana que les persones avisen abans d\u2019entrar per evitar incid\u00e8ncies.<\/p>\n","protected":false},"excerpt":{"rendered":"L\u2019Ajuntament d\u2019Ondara ha decidit millorar el parc per a gossos de la zona de Tossals amb la instal\u00b7laci\u00f3&hellip;","protected":false},"author":4,"featured_media":61224,"comment_status":"closed","ping_status":"closed","sticky":false,"template":"","format":"standard","meta":{"csco_display_header_overlay":false,"csco_singular_sidebar":"","csco_page_header_type":"","csco_page_load_nextpost":"","csco_post_video_location":[],"csco_post_video_location_hash":"","csco_post_video_url":"","csco_post_video_bg_start_time":0,"csco_post_video_bg_end_time":0,"footnotes":""},"categories":[574],"tags":[1259,661,1258,1261],"class_list":{"0":"post-61221","1":"post","2":"type-post","3":"status-publish","4":"format-standard","5":"has-post-thumbnail","7":"category-sociedad-2","8":"tag-mascotes","9":"tag-ondara-2","10":"tag-parc","11":"tag-tossals","12":"cs-entry","13":"cs-video-wrap"},"yoast_head":"<!-- This site is optimized with the Yoast SEO Premium plugin v26.6 (Yoast SEO v27.3) - https:\/\/yoast.com\/product\/yoast-seo-premium-wordpress\/ -->\n<title>El parc per a gossos d\u2019Ondara instal\u00b7la enllumenat - Canfali<\/title>\n<meta name=\"robots\" content=\"index, follow, max-snippet:-1, max-image-preview:large, max-video-preview:-1\" \/>\n<link rel=\"canonical\" href=\"https:\/\/canfali.com\/ca-es\/el-parc-per-a-gossos-dondara-instal%c2%b7la-enllumenat\/\" \/>\n<meta property=\"og:locale\" content=\"en_US\" \/>\n<meta property=\"og:type\" content=\"article\" \/>\n<meta property=\"og:title\" content=\"El parc per a gossos d\u2019Ondara instal\u00b7la enllumenat\" \/>\n<meta property=\"og:description\" content=\"L\u2019Ajuntament d\u2019Ondara ha decidit millorar el parc per a gossos de la zona de Tossals amb la instal\u00b7laci\u00f3&hellip;\" \/>\n<meta property=\"og:url\" content=\"https:\/\/canfali.com\/ca-es\/el-parc-per-a-gossos-dondara-instal%c2%b7la-enllumenat\/\" \/>\n<meta property=\"og:site_name\" content=\"Canfali\" \/>\n<meta property=\"article:publisher\" content=\"https:\/\/es-es.facebook.com\/CANFALIMarinaAlta\" \/>\n<meta property=\"article:published_time\" content=\"2025-04-04T13:23:23+00:00\" \/>\n<meta property=\"article:modified_time\" content=\"2025-04-04T13:23:24+00:00\" \/>\n<meta property=\"og:image\" content=\"https:\/\/canfali.com\/app\/uploads\/2025\/04\/parcgossos-denit.jpeg\" \/>\n\t<meta property=\"og:image:width\" content=\"1178\" \/>\n\t<meta property=\"og:image:height\" content=\"881\" \/>\n\t<meta property=\"og:image:type\" content=\"image\/jpeg\" \/>\n<meta name=\"author\" content=\"JJ Mas\" \/>\n<meta name=\"twitter:card\" content=\"summary_large_image\" \/>\n<meta name=\"twitter:creator\" content=\"@canfalima\" \/>\n<meta name=\"twitter:site\" content=\"@canfalima\" \/>\n<meta name=\"twitter:label1\" content=\"Written by\" \/>\n\t<meta name=\"twitter:data1\" content=\"JJ Mas\" \/>\n\t<meta name=\"twitter:label2\" content=\"Est. reading time\" \/>\n\t<meta name=\"twitter:data2\" content=\"1 minute\" \/>\n<script type=\"application\/ld+json\" class=\"yoast-schema-graph\">{\"@context\":\"https:\\\/\\\/schema.org\",\"@graph\":[{\"@type\":\"NewsArticle\",\"@id\":\"https:\\\/\\\/canfali.com\\\/ca-es\\\/el-parc-per-a-gossos-dondara-instal%c2%b7la-enllumenat\\\/#article\",\"isPartOf\":{\"@id\":\"https:\\\/\\\/canfali.com\\\/ca-es\\\/el-parc-per-a-gossos-dondara-instal%c2%b7la-enllumenat\\\/\"},\"author\":{\"name\":\"JJ Mas\",\"@id\":\"https:\\\/\\\/canfali.com\\\/ca-es\\\/#\\\/schema\\\/person\\\/d834d2d4df17cac754d3c314d4c404ef\"},\"headline\":\"El parc per a gossos d\u2019Ondara instal\u00b7la enllumenat\",\"datePublished\":\"2025-04-04T13:23:23+00:00\",\"dateModified\":\"2025-04-04T13:23:24+00:00\",\"mainEntityOfPage\":{\"@id\":\"https:\\\/\\\/canfali.com\\\/ca-es\\\/el-parc-per-a-gossos-dondara-instal%c2%b7la-enllumenat\\\/\"},\"wordCount\":268,\"publisher\":{\"@id\":\"https:\\\/\\\/canfali.com\\\/ca-es\\\/#organization\"},\"image\":{\"@id\":\"https:\\\/\\\/canfali.com\\\/ca-es\\\/el-parc-per-a-gossos-dondara-instal%c2%b7la-enllumenat\\\/#primaryimage\"},\"thumbnailUrl\":\"https:\\\/\\\/canfali.com\\\/app\\\/uploads\\\/2025\\\/04\\\/parcgossos-denit.jpeg\",\"keywords\":[\"mascotes\",\"Ondara\",\"parc\",\"tossals\"],\"articleSection\":[\"Sociedad\"],\"inLanguage\":\"va-ES\",\"copyrightYear\":\"2025\",\"copyrightHolder\":{\"@id\":\"https:\\\/\\\/canfali.com\\\/#organization\"}},{\"@type\":\"WebPage\",\"@id\":\"https:\\\/\\\/canfali.com\\\/ca-es\\\/el-parc-per-a-gossos-dondara-instal%c2%b7la-enllumenat\\\/\",\"url\":\"https:\\\/\\\/canfali.com\\\/ca-es\\\/el-parc-per-a-gossos-dondara-instal%c2%b7la-enllumenat\\\/\",\"name\":\"El parc per a gossos d\u2019Ondara instal\u00b7la enllumenat - Canfali\",\"isPartOf\":{\"@id\":\"https:\\\/\\\/canfali.com\\\/ca-es\\\/#website\"},\"primaryImageOfPage\":{\"@id\":\"https:\\\/\\\/canfali.com\\\/ca-es\\\/el-parc-per-a-gossos-dondara-instal%c2%b7la-enllumenat\\\/#primaryimage\"},\"image\":{\"@id\":\"https:\\\/\\\/canfali.com\\\/ca-es\\\/el-parc-per-a-gossos-dondara-instal%c2%b7la-enllumenat\\\/#primaryimage\"},\"thumbnailUrl\":\"https:\\\/\\\/canfali.com\\\/app\\\/uploads\\\/2025\\\/04\\\/parcgossos-denit.jpeg\",\"datePublished\":\"2025-04-04T13:23:23+00:00\",\"dateModified\":\"2025-04-04T13:23:24+00:00\",\"breadcrumb\":{\"@id\":\"https:\\\/\\\/canfali.com\\\/ca-es\\\/el-parc-per-a-gossos-dondara-instal%c2%b7la-enllumenat\\\/#breadcrumb\"},\"inLanguage\":\"va-ES\",\"potentialAction\":[{\"@type\":\"ReadAction\",\"target\":[\"https:\\\/\\\/canfali.com\\\/ca-es\\\/el-parc-per-a-gossos-dondara-instal%c2%b7la-enllumenat\\\/\"]}]},{\"@type\":\"ImageObject\",\"inLanguage\":\"va-ES\",\"@id\":\"https:\\\/\\\/canfali.com\\\/ca-es\\\/el-parc-per-a-gossos-dondara-instal%c2%b7la-enllumenat\\\/#primaryimage\",\"url\":\"https:\\\/\\\/canfali.com\\\/app\\\/uploads\\\/2025\\\/04\\\/parcgossos-denit.jpeg\",\"contentUrl\":\"https:\\\/\\\/canfali.com\\\/app\\\/uploads\\\/2025\\\/04\\\/parcgossos-denit.jpeg\",\"width\":1178,\"height\":881},{\"@type\":\"BreadcrumbList\",\"@id\":\"https:\\\/\\\/canfali.com\\\/ca-es\\\/el-parc-per-a-gossos-dondara-instal%c2%b7la-enllumenat\\\/#breadcrumb\",\"itemListElement\":[{\"@type\":\"ListItem\",\"position\":1,\"name\":\"Portada\",\"item\":\"https:\\\/\\\/canfali.com\\\/ca-es\\\/\"},{\"@type\":\"ListItem\",\"position\":2,\"name\":\"El parc per a gossos d\u2019Ondara instal\u00b7la enllumenat\"}]},{\"@type\":\"WebSite\",\"@id\":\"https:\\\/\\\/canfali.com\\\/ca-es\\\/#website\",\"url\":\"https:\\\/\\\/canfali.com\\\/ca-es\\\/\",\"name\":\"Canfali\",\"description\":\"\",\"publisher\":{\"@id\":\"https:\\\/\\\/canfali.com\\\/ca-es\\\/#organization\"},\"potentialAction\":[{\"@type\":\"SearchAction\",\"target\":{\"@type\":\"EntryPoint\",\"urlTemplate\":\"https:\\\/\\\/canfali.com\\\/ca-es\\\/?s={search_term_string}\"},\"query-input\":{\"@type\":\"PropertyValueSpecification\",\"valueRequired\":true,\"valueName\":\"search_term_string\"}}],\"inLanguage\":\"va-ES\"},{\"@type\":\"Organization\",\"@id\":\"https:\\\/\\\/canfali.com\\\/ca-es\\\/#organization\",\"name\":\"Canfali\",\"url\":\"https:\\\/\\\/canfali.com\\\/ca-es\\\/\",\"logo\":{\"@type\":\"ImageObject\",\"inLanguage\":\"va-ES\",\"@id\":\"https:\\\/\\\/canfali.com\\\/ca-es\\\/#\\\/schema\\\/logo\\\/image\\\/\",\"url\":\"https:\\\/\\\/canfali.com\\\/app\\\/uploads\\\/2025\\\/12\\\/canfali_marina_alta_logo.png\",\"contentUrl\":\"https:\\\/\\\/canfali.com\\\/app\\\/uploads\\\/2025\\\/12\\\/canfali_marina_alta_logo.png\",\"width\":225,\"height\":225,\"caption\":\"Canfali\"},\"image\":{\"@id\":\"https:\\\/\\\/canfali.com\\\/ca-es\\\/#\\\/schema\\\/logo\\\/image\\\/\"},\"sameAs\":[\"https:\\\/\\\/es-es.facebook.com\\\/CANFALIMarinaAlta\",\"https:\\\/\\\/x.com\\\/canfalima\",\"https:\\\/\\\/www.instagram.com\\\/canfalimarinaalta\\\/\"]},{\"@type\":\"Person\",\"@id\":\"https:\\\/\\\/canfali.com\\\/ca-es\\\/#\\\/schema\\\/person\\\/d834d2d4df17cac754d3c314d4c404ef\",\"name\":\"JJ Mas\",\"image\":{\"@type\":\"ImageObject\",\"inLanguage\":\"va-ES\",\"@id\":\"https:\\\/\\\/secure.gravatar.com\\\/avatar\\\/65a5191f5438bf88c2394f6d1a625a6ff903c8785268e603c623a83bc15ba1ee?s=96&d=mm&r=g\",\"url\":\"https:\\\/\\\/secure.gravatar.com\\\/avatar\\\/65a5191f5438bf88c2394f6d1a625a6ff903c8785268e603c623a83bc15ba1ee?s=96&d=mm&r=g\",\"contentUrl\":\"https:\\\/\\\/secure.gravatar.com\\\/avatar\\\/65a5191f5438bf88c2394f6d1a625a6ff903c8785268e603c623a83bc15ba1ee?s=96&d=mm&r=g\",\"caption\":\"JJ Mas\"},\"url\":\"https:\\\/\\\/canfali.com\\\/ca-es\\\/author\\\/jj\\\/\"}]}<\/script>\n<!-- \/ Yoast SEO Premium plugin. -->","yoast_head_json":{"title":"El parc per a gossos d\u2019Ondara instal\u00b7la enllumenat - Canfali","robots":{"index":"index","follow":"follow","max-snippet":"max-snippet:-1","max-image-preview":"max-image-preview:large","max-video-preview":"max-video-preview:-1"},"canonical":"https:\/\/canfali.com\/ca-es\/el-parc-per-a-gossos-dondara-instal%c2%b7la-enllumenat\/","og_locale":"en_US","og_type":"article","og_title":"El parc per a gossos d\u2019Ondara instal\u00b7la enllumenat","og_description":"L\u2019Ajuntament d\u2019Ondara ha decidit millorar el parc per a gossos de la zona de Tossals amb la instal\u00b7laci\u00f3&hellip;","og_url":"https:\/\/canfali.com\/ca-es\/el-parc-per-a-gossos-dondara-instal%c2%b7la-enllumenat\/","og_site_name":"Canfali","article_publisher":"https:\/\/es-es.facebook.com\/CANFALIMarinaAlta","article_published_time":"2025-04-04T13:23:23+00:00","article_modified_time":"2025-04-04T13:23:24+00:00","og_image":[{"width":1178,"height":881,"url":"https:\/\/canfali.com\/app\/uploads\/2025\/04\/parcgossos-denit.jpeg","type":"image\/jpeg"}],"author":"JJ Mas","twitter_card":"summary_large_image","twitter_creator":"@canfalima","twitter_site":"@canfalima","twitter_misc":{"Written by":"JJ Mas","Est. reading time":"1 minute"},"schema":{"@context":"https:\/\/schema.org","@graph":[{"@type":"NewsArticle","@id":"https:\/\/canfali.com\/ca-es\/el-parc-per-a-gossos-dondara-instal%c2%b7la-enllumenat\/#article","isPartOf":{"@id":"https:\/\/canfali.com\/ca-es\/el-parc-per-a-gossos-dondara-instal%c2%b7la-enllumenat\/"},"author":{"name":"JJ Mas","@id":"https:\/\/canfali.com\/ca-es\/#\/schema\/person\/d834d2d4df17cac754d3c314d4c404ef"},"headline":"El parc per a gossos d\u2019Ondara instal\u00b7la enllumenat","datePublished":"2025-04-04T13:23:23+00:00","dateModified":"2025-04-04T13:23:24+00:00","mainEntityOfPage":{"@id":"https:\/\/canfali.com\/ca-es\/el-parc-per-a-gossos-dondara-instal%c2%b7la-enllumenat\/"},"wordCount":268,"publisher":{"@id":"https:\/\/canfali.com\/ca-es\/#organization"},"image":{"@id":"https:\/\/canfali.com\/ca-es\/el-parc-per-a-gossos-dondara-instal%c2%b7la-enllumenat\/#primaryimage"},"thumbnailUrl":"https:\/\/canfali.com\/app\/uploads\/2025\/04\/parcgossos-denit.jpeg","keywords":["mascotes","Ondara","parc","tossals"],"articleSection":["Sociedad"],"inLanguage":"va-ES","copyrightYear":"2025","copyrightHolder":{"@id":"https:\/\/canfali.com\/#organization"}},{"@type":"WebPage","@id":"https:\/\/canfali.com\/ca-es\/el-parc-per-a-gossos-dondara-instal%c2%b7la-enllumenat\/","url":"https:\/\/canfali.com\/ca-es\/el-parc-per-a-gossos-dondara-instal%c2%b7la-enllumenat\/","name":"El parc per a gossos d\u2019Ondara instal\u00b7la enllumenat - Canfali","isPartOf":{"@id":"https:\/\/canfali.com\/ca-es\/#website"},"primaryImageOfPage":{"@id":"https:\/\/canfali.com\/ca-es\/el-parc-per-a-gossos-dondara-instal%c2%b7la-enllumenat\/#primaryimage"},"image":{"@id":"https:\/\/canfali.com\/ca-es\/el-parc-per-a-gossos-dondara-instal%c2%b7la-enllumenat\/#primaryimage"},"thumbnailUrl":"https:\/\/canfali.com\/app\/uploads\/2025\/04\/parcgossos-denit.jpeg","datePublished":"2025-04-04T13:23:23+00:00","dateModified":"2025-04-04T13:23:24+00:00","breadcrumb":{"@id":"https:\/\/canfali.com\/ca-es\/el-parc-per-a-gossos-dondara-instal%c2%b7la-enllumenat\/#breadcrumb"},"inLanguage":"va-ES","potentialAction":[{"@type":"ReadAction","target":["https:\/\/canfali.com\/ca-es\/el-parc-per-a-gossos-dondara-instal%c2%b7la-enllumenat\/"]}]},{"@type":"ImageObject","inLanguage":"va-ES","@id":"https:\/\/canfali.com\/ca-es\/el-parc-per-a-gossos-dondara-instal%c2%b7la-enllumenat\/#primaryimage","url":"https:\/\/canfali.com\/app\/uploads\/2025\/04\/parcgossos-denit.jpeg","contentUrl":"https:\/\/canfali.com\/app\/uploads\/2025\/04\/parcgossos-denit.jpeg","width":1178,"height":881},{"@type":"BreadcrumbList","@id":"https:\/\/canfali.com\/ca-es\/el-parc-per-a-gossos-dondara-instal%c2%b7la-enllumenat\/#breadcrumb","itemListElement":[{"@type":"ListItem","position":1,"name":"Portada","item":"https:\/\/canfali.com\/ca-es\/"},{"@type":"ListItem","position":2,"name":"El parc per a gossos d\u2019Ondara instal\u00b7la enllumenat"}]},{"@type":"WebSite","@id":"https:\/\/canfali.com\/ca-es\/#website","url":"https:\/\/canfali.com\/ca-es\/","name":"Canfali","description":"","publisher":{"@id":"https:\/\/canfali.com\/ca-es\/#organization"},"potentialAction":[{"@type":"SearchAction","target":{"@type":"EntryPoint","urlTemplate":"https:\/\/canfali.com\/ca-es\/?s={search_term_string}"},"query-input":{"@type":"PropertyValueSpecification","valueRequired":true,"valueName":"search_term_string"}}],"inLanguage":"va-ES"},{"@type":"Organization","@id":"https:\/\/canfali.com\/ca-es\/#organization","name":"Canfali","url":"https:\/\/canfali.com\/ca-es\/","logo":{"@type":"ImageObject","inLanguage":"va-ES","@id":"https:\/\/canfali.com\/ca-es\/#\/schema\/logo\/image\/","url":"https:\/\/canfali.com\/app\/uploads\/2025\/12\/canfali_marina_alta_logo.png","contentUrl":"https:\/\/canfali.com\/app\/uploads\/2025\/12\/canfali_marina_alta_logo.png","width":225,"height":225,"caption":"Canfali"},"image":{"@id":"https:\/\/canfali.com\/ca-es\/#\/schema\/logo\/image\/"},"sameAs":["https:\/\/es-es.facebook.com\/CANFALIMarinaAlta","https:\/\/x.com\/canfalima","https:\/\/www.instagram.com\/canfalimarinaalta\/"]},{"@type":"Person","@id":"https:\/\/canfali.com\/ca-es\/#\/schema\/person\/d834d2d4df17cac754d3c314d4c404ef","name":"JJ Mas","image":{"@type":"ImageObject","inLanguage":"va-ES","@id":"https:\/\/secure.gravatar.com\/avatar\/65a5191f5438bf88c2394f6d1a625a6ff903c8785268e603c623a83bc15ba1ee?s=96&d=mm&r=g","url":"https:\/\/secure.gravatar.com\/avatar\/65a5191f5438bf88c2394f6d1a625a6ff903c8785268e603c623a83bc15ba1ee?s=96&d=mm&r=g","contentUrl":"https:\/\/secure.gravatar.com\/avatar\/65a5191f5438bf88c2394f6d1a625a6ff903c8785268e603c623a83bc15ba1ee?s=96&d=mm&r=g","caption":"JJ Mas"},"url":"https:\/\/canfali.com\/ca-es\/author\/jj\/"}]}},"_links":{"self":[{"href":"https:\/\/canfali.com\/ca-es\/wp-json\/wp\/v2\/posts\/61221","targetHints":{"allow":["GET"]}}],"collection":[{"href":"https:\/\/canfali.com\/ca-es\/wp-json\/wp\/v2\/posts"}],"about":[{"href":"https:\/\/canfali.com\/ca-es\/wp-json\/wp\/v2\/types\/post"}],"author":[{"embeddable":true,"href":"https:\/\/canfali.com\/ca-es\/wp-json\/wp\/v2\/users\/4"}],"replies":[{"embeddable":true,"href":"https:\/\/canfali.com\/ca-es\/wp-json\/wp\/v2\/comments?post=61221"}],"version-history":[{"count":1,"href":"https:\/\/canfali.com\/ca-es\/wp-json\/wp\/v2\/posts\/61221\/revisions"}],"predecessor-version":[{"id":61226,"href":"https:\/\/canfali.com\/ca-es\/wp-json\/wp\/v2\/posts\/61221\/revisions\/61226"}],"wp:featuredmedia":[{"embeddable":true,"href":"https:\/\/canfali.com\/ca-es\/wp-json\/wp\/v2\/media\/61224"}],"wp:attachment":[{"href":"https:\/\/canfali.com\/ca-es\/wp-json\/wp\/v2\/media?parent=61221"}],"wp:term":[{"taxonomy":"category","embeddable":true,"href":"https:\/\/canfali.com\/ca-es\/wp-json\/wp\/v2\/categories?post=61221"},{"taxonomy":"post_tag","embeddable":true,"href":"https:\/\/canfali.com\/ca-es\/wp-json\/wp\/v2\/tags?post=61221"}],"curies":[{"name":"wp","href":"https:\/\/api.w.org\/{rel}","templated":true}]}}