{"id":61192,"date":"2025-04-05T12:05:00","date_gmt":"2025-04-05T10:05:00","guid":{"rendered":"https:\/\/canfali.com\/?p=61192"},"modified":"2025-04-07T09:45:46","modified_gmt":"2025-04-07T07:45:46","slug":"ricardo-sendra-regidor-de-turisme-de-pego-el-nostre-patrimoni-religios-mereix-ser-valorat-i-promocionat","status":"publish","type":"post","link":"https:\/\/canfali.com\/ca-es\/ricardo-sendra-regidor-de-turisme-de-pego-el-nostre-patrimoni-religios-mereix-ser-valorat-i-promocionat\/","title":{"rendered":"Ricardo Sendra, regidor de Turisme de Pego: &#8216;El nostre patrimoni religi\u00f3s mereix ser valorat i promocionat"},"content":{"rendered":"\n<p><strong>La Regidoria de Turisme de Pego ha apostat en els \u00faltims temps per establir una l\u00ednia de treball amb la parr\u00f2quia de l\u2019Assumpci\u00f3 de la Nostra Senyora per tal de promocionar el patrimoni religi\u00f3s del municipi com a actiu de cara als potencials visitants. Despr\u00e9s dels acords puntuals aconseguits de cara a que l\u2019obertura dels edificis de culte permeten incloure\u2019ls en les rutes tur\u00edstiques urbanes configurades des del departament, ara arriba eixa Setmana Santa que forma part de les tradicions m\u00e9s arrelades dels pegolins amb una singularitat que la converteix en reclam del turisme que en aquestes dates ompli la Marina Alta. I amb aix\u00f2 el responsable de l\u2019\u00e0rea, Ricardo Sendra, trasllada al lector de CANFALI MARINA ALTA el recolzament que la Regidoria ha tractat de motivar a l\u2019hora de difondre l\u2019esdeveniment.<\/strong><\/p>\n\n\n\n<p><strong>PREGUNTA:<\/strong> Que pot suposar la Setmana Santa pegolina de cara al turista que arriba aquests dies a la comarca?<\/p>\n\n\n\n<p><strong>RESPOSTA:<\/strong> Ben promocionada i difosa un reclam de primer ordre d\u2019eixe turisme-cultural religi\u00f3s que emergeixen les tradicions dels pobles, i que en el nostre cas compta amb molta riquesa i arrelament. I aix\u00f2, que porta tants anys d\u2019esfor\u00e7 per mantenir-ho.crec que mereix un esfor\u00e7 promocional per a que la nostra Setmana Santa agafe la dimensi\u00f3 que li correspon com a principal referent de la Marina Alta en uns dies on es concentren les visites, perqu\u00e8 aix\u00f2 t\u00e9 el seu efecte retorn en el comer\u00e7 i l\u2019hostaleria local.<\/p>\n\n\n\n<p><strong>R:<\/strong> I que han fet des de la Regidoria per tal de posar-lo en valor?<\/p>\n\n\n\n<p><strong>P:<\/strong> Hem tractat de treballar amb la parr\u00f2quia pet tal de configurar un cat\u00e0leg dels edificis religiosos i que tingu\u00e9rem la possibilitat de que l\u2019esgl\u00e9sia de l\u2019Assumpci\u00f3, la capella barroca de l\u2019Ecce-Homo o ermites com la de Sant Miquel, Sant Josep o Sant Antoni estigueren oberts a les visites a l\u2019hora de configurar unes rutes tur\u00edstiques tant urbanes com per al terme. La veritat \u00e9s que la riquesa del patrimoni religi\u00f3s a Pego b\u00e9 mereix un esfor\u00e7 promocional per a posar-lo en valor.<\/p>\n\n\n\n<p><strong>P: <\/strong>Quan es parla de les tradicions es fa com una cosa tancada, quan enguany la Junta de l\u2019Ecce-Homo ha donat un pas endavant per a la incorporaci\u00f3 de les dones a la mateixa amb l\u2019oport\u00fa canvi d\u2019estatuts.<\/p>\n\n\n\n<p><strong>R:<\/strong> La veritat es que va ser una sorpresa molt grata pel que suposa comprovar que la confraria m\u00e9s important propiciava que d\u2019una vegada per totes pogueren tindre veu i vot en les decisions aquelles que han assumit la part menys visible de l\u2019activitat com era la confecci\u00f3 de vestes o les accions de neteja i decoraci\u00f3. Pense que \u00e9s un reconeixement merescut cap a eixes dones que ens deu satisfer a tots.<\/p>\n\n\n\n<p><strong>P:<\/strong> Cap on deu anar la col\u00b7laboraci\u00f3 entre l\u2019Ajuntament i Junta Central de Setmana Santa de cara al futur?<\/p>\n\n\n\n<p><strong>R: <\/strong>Crec que es deu aprofundir en tractar de crear sin\u00e8rgies mitjan\u00e7ant un di\u00e0leg constant on la junta, a la que hi ha que felicitar enguany que compleix huitanta anys com entitat coordinadora, i la parr\u00f2quia exposen les seues inquietuds de cara a convertir la Setmana Santa el m\u00e9s vistosa possible i des de el consistori tractar de satisfer-les en la mesura de les seues possibilitats com han estat la puntual baixada de la intensitat lum\u00ednica en el trajecte per a donar-li un ambient de major solemnitat. Perqu\u00e8 eixos detalls contribueixen d\u2019alguna forma a revestir d\u2019atractiu un esdeveniment que forma part de la nostra identitat com a poble. Dinamisme que es manifesta en l\u2019expectaci\u00f3 que susciten actes com la pujada al Calvari el mat\u00ed de Divendres Sant amb la simbologia que comporta, que estem aconseguint que tinga una repercussi\u00f3 m\u00e9s enll\u00e0 de les fronteres locals i de la comarca.<\/p>\n","protected":false},"excerpt":{"rendered":"&#8220;La Regidoria de Turisme de Pego ha impulsat la col\u00b7laboraci\u00f3 amb la parr\u00f2quia de l\u2019Assumpci\u00f3 per promocionar el patrimoni religi\u00f3s com a atractiu tur\u00edstic","protected":false},"author":4,"featured_media":61190,"comment_status":"closed","ping_status":"closed","sticky":false,"template":"","format":"standard","meta":{"csco_display_header_overlay":false,"csco_singular_sidebar":"","csco_page_header_type":"","csco_page_load_nextpost":"","csco_post_video_location":[],"csco_post_video_location_hash":"","csco_post_video_url":"","csco_post_video_bg_start_time":0,"csco_post_video_bg_end_time":0,"footnotes":""},"categories":[597],"tags":[1021,642,1143,1237,1238,1226],"class_list":{"0":"post-61192","1":"post","2":"type-post","3":"status-publish","4":"format-standard","5":"has-post-thumbnail","7":"category-cultura-ca-es","8":"tag-patrimoni","9":"tag-pego-2","10":"tag-promocio","11":"tag-regidor","12":"tag-religios","13":"tag-turisme","14":"cs-entry","15":"cs-video-wrap"},"yoast_head":"<!-- This site is optimized with the Yoast SEO Premium plugin v26.6 (Yoast SEO v27.3) - https:\/\/yoast.com\/product\/yoast-seo-premium-wordpress\/ -->\n<title>Ricardo Sendra, regidor de Turisme de Pego: &#039;El nostre patrimoni religi\u00f3s mereix ser valorat i promocionat - Canfali<\/title>\n<meta name=\"robots\" content=\"index, follow, max-snippet:-1, max-image-preview:large, max-video-preview:-1\" \/>\n<link rel=\"canonical\" href=\"https:\/\/canfali.com\/ca-es\/ricardo-sendra-regidor-de-turisme-de-pego-el-nostre-patrimoni-religios-mereix-ser-valorat-i-promocionat\/\" \/>\n<meta property=\"og:locale\" content=\"en_US\" \/>\n<meta property=\"og:type\" content=\"article\" \/>\n<meta property=\"og:title\" content=\"Ricardo Sendra, regidor de Turisme de Pego: &#039;El nostre patrimoni religi\u00f3s mereix ser valorat i promocionat\" \/>\n<meta property=\"og:description\" content=\"&quot;La Regidoria de Turisme de Pego ha impulsat la col\u00b7laboraci\u00f3 amb la parr\u00f2quia de l\u2019Assumpci\u00f3 per promocionar el patrimoni religi\u00f3s com a atractiu tur\u00edstic\" \/>\n<meta property=\"og:url\" content=\"https:\/\/canfali.com\/ca-es\/ricardo-sendra-regidor-de-turisme-de-pego-el-nostre-patrimoni-religios-mereix-ser-valorat-i-promocionat\/\" \/>\n<meta property=\"og:site_name\" content=\"Canfali\" \/>\n<meta property=\"article:publisher\" content=\"https:\/\/es-es.facebook.com\/CANFALIMarinaAlta\" \/>\n<meta property=\"article:published_time\" content=\"2025-04-05T10:05:00+00:00\" \/>\n<meta property=\"article:modified_time\" content=\"2025-04-07T07:45:46+00:00\" \/>\n<meta property=\"og:image\" content=\"https:\/\/canfali.com\/app\/uploads\/2025\/04\/semsanta-regidorturisme-e1744011715571.jpg\" \/>\n\t<meta property=\"og:image:width\" content=\"1200\" \/>\n\t<meta property=\"og:image:height\" content=\"796\" \/>\n\t<meta property=\"og:image:type\" content=\"image\/jpeg\" \/>\n<meta name=\"author\" content=\"JJ Mas\" \/>\n<meta name=\"twitter:card\" content=\"summary_large_image\" \/>\n<meta name=\"twitter:creator\" content=\"@canfalima\" \/>\n<meta name=\"twitter:site\" content=\"@canfalima\" \/>\n<meta name=\"twitter:label1\" content=\"Written by\" \/>\n\t<meta name=\"twitter:data1\" content=\"JJ Mas\" \/>\n\t<meta name=\"twitter:label2\" content=\"Est. reading time\" \/>\n\t<meta name=\"twitter:data2\" content=\"3 minutes\" \/>\n<script type=\"application\/ld+json\" class=\"yoast-schema-graph\">{\"@context\":\"https:\\\/\\\/schema.org\",\"@graph\":[{\"@type\":\"NewsArticle\",\"@id\":\"https:\\\/\\\/canfali.com\\\/ca-es\\\/ricardo-sendra-regidor-de-turisme-de-pego-el-nostre-patrimoni-religios-mereix-ser-valorat-i-promocionat\\\/#article\",\"isPartOf\":{\"@id\":\"https:\\\/\\\/canfali.com\\\/ca-es\\\/ricardo-sendra-regidor-de-turisme-de-pego-el-nostre-patrimoni-religios-mereix-ser-valorat-i-promocionat\\\/\"},\"author\":{\"name\":\"JJ Mas\",\"@id\":\"https:\\\/\\\/canfali.com\\\/ca-es\\\/#\\\/schema\\\/person\\\/d834d2d4df17cac754d3c314d4c404ef\"},\"headline\":\"Ricardo Sendra, regidor de Turisme de Pego: &#8216;El nostre patrimoni religi\u00f3s mereix ser valorat i promocionat\",\"datePublished\":\"2025-04-05T10:05:00+00:00\",\"dateModified\":\"2025-04-07T07:45:46+00:00\",\"mainEntityOfPage\":{\"@id\":\"https:\\\/\\\/canfali.com\\\/ca-es\\\/ricardo-sendra-regidor-de-turisme-de-pego-el-nostre-patrimoni-religios-mereix-ser-valorat-i-promocionat\\\/\"},\"wordCount\":677,\"publisher\":{\"@id\":\"https:\\\/\\\/canfali.com\\\/ca-es\\\/#organization\"},\"image\":{\"@id\":\"https:\\\/\\\/canfali.com\\\/ca-es\\\/ricardo-sendra-regidor-de-turisme-de-pego-el-nostre-patrimoni-religios-mereix-ser-valorat-i-promocionat\\\/#primaryimage\"},\"thumbnailUrl\":\"https:\\\/\\\/canfali.com\\\/app\\\/uploads\\\/2025\\\/04\\\/semsanta-regidorturisme-e1744011715571.jpg\",\"keywords\":[\"patrimoni\",\"Pego\",\"promoci\u00f3\",\"regidor\",\"religios\",\"turisme\"],\"articleSection\":[\"Cultura\"],\"inLanguage\":\"va-ES\",\"copyrightYear\":\"2025\",\"copyrightHolder\":{\"@id\":\"https:\\\/\\\/canfali.com\\\/#organization\"}},{\"@type\":\"WebPage\",\"@id\":\"https:\\\/\\\/canfali.com\\\/ca-es\\\/ricardo-sendra-regidor-de-turisme-de-pego-el-nostre-patrimoni-religios-mereix-ser-valorat-i-promocionat\\\/\",\"url\":\"https:\\\/\\\/canfali.com\\\/ca-es\\\/ricardo-sendra-regidor-de-turisme-de-pego-el-nostre-patrimoni-religios-mereix-ser-valorat-i-promocionat\\\/\",\"name\":\"Ricardo Sendra, regidor de Turisme de Pego: 'El nostre patrimoni religi\u00f3s mereix ser valorat i promocionat - Canfali\",\"isPartOf\":{\"@id\":\"https:\\\/\\\/canfali.com\\\/ca-es\\\/#website\"},\"primaryImageOfPage\":{\"@id\":\"https:\\\/\\\/canfali.com\\\/ca-es\\\/ricardo-sendra-regidor-de-turisme-de-pego-el-nostre-patrimoni-religios-mereix-ser-valorat-i-promocionat\\\/#primaryimage\"},\"image\":{\"@id\":\"https:\\\/\\\/canfali.com\\\/ca-es\\\/ricardo-sendra-regidor-de-turisme-de-pego-el-nostre-patrimoni-religios-mereix-ser-valorat-i-promocionat\\\/#primaryimage\"},\"thumbnailUrl\":\"https:\\\/\\\/canfali.com\\\/app\\\/uploads\\\/2025\\\/04\\\/semsanta-regidorturisme-e1744011715571.jpg\",\"datePublished\":\"2025-04-05T10:05:00+00:00\",\"dateModified\":\"2025-04-07T07:45:46+00:00\",\"breadcrumb\":{\"@id\":\"https:\\\/\\\/canfali.com\\\/ca-es\\\/ricardo-sendra-regidor-de-turisme-de-pego-el-nostre-patrimoni-religios-mereix-ser-valorat-i-promocionat\\\/#breadcrumb\"},\"inLanguage\":\"va-ES\",\"potentialAction\":[{\"@type\":\"ReadAction\",\"target\":[\"https:\\\/\\\/canfali.com\\\/ca-es\\\/ricardo-sendra-regidor-de-turisme-de-pego-el-nostre-patrimoni-religios-mereix-ser-valorat-i-promocionat\\\/\"]}]},{\"@type\":\"ImageObject\",\"inLanguage\":\"va-ES\",\"@id\":\"https:\\\/\\\/canfali.com\\\/ca-es\\\/ricardo-sendra-regidor-de-turisme-de-pego-el-nostre-patrimoni-religios-mereix-ser-valorat-i-promocionat\\\/#primaryimage\",\"url\":\"https:\\\/\\\/canfali.com\\\/app\\\/uploads\\\/2025\\\/04\\\/semsanta-regidorturisme-e1744011715571.jpg\",\"contentUrl\":\"https:\\\/\\\/canfali.com\\\/app\\\/uploads\\\/2025\\\/04\\\/semsanta-regidorturisme-e1744011715571.jpg\",\"width\":1200,\"height\":796},{\"@type\":\"BreadcrumbList\",\"@id\":\"https:\\\/\\\/canfali.com\\\/ca-es\\\/ricardo-sendra-regidor-de-turisme-de-pego-el-nostre-patrimoni-religios-mereix-ser-valorat-i-promocionat\\\/#breadcrumb\",\"itemListElement\":[{\"@type\":\"ListItem\",\"position\":1,\"name\":\"Portada\",\"item\":\"https:\\\/\\\/canfali.com\\\/ca-es\\\/\"},{\"@type\":\"ListItem\",\"position\":2,\"name\":\"Ricardo Sendra, regidor de Turisme de Pego: &#8216;El nostre patrimoni religi\u00f3s mereix ser valorat i promocionat\"}]},{\"@type\":\"WebSite\",\"@id\":\"https:\\\/\\\/canfali.com\\\/ca-es\\\/#website\",\"url\":\"https:\\\/\\\/canfali.com\\\/ca-es\\\/\",\"name\":\"Canfali\",\"description\":\"\",\"publisher\":{\"@id\":\"https:\\\/\\\/canfali.com\\\/ca-es\\\/#organization\"},\"potentialAction\":[{\"@type\":\"SearchAction\",\"target\":{\"@type\":\"EntryPoint\",\"urlTemplate\":\"https:\\\/\\\/canfali.com\\\/ca-es\\\/?s={search_term_string}\"},\"query-input\":{\"@type\":\"PropertyValueSpecification\",\"valueRequired\":true,\"valueName\":\"search_term_string\"}}],\"inLanguage\":\"va-ES\"},{\"@type\":\"Organization\",\"@id\":\"https:\\\/\\\/canfali.com\\\/ca-es\\\/#organization\",\"name\":\"Canfali\",\"url\":\"https:\\\/\\\/canfali.com\\\/ca-es\\\/\",\"logo\":{\"@type\":\"ImageObject\",\"inLanguage\":\"va-ES\",\"@id\":\"https:\\\/\\\/canfali.com\\\/ca-es\\\/#\\\/schema\\\/logo\\\/image\\\/\",\"url\":\"https:\\\/\\\/canfali.com\\\/app\\\/uploads\\\/2025\\\/12\\\/canfali_marina_alta_logo.png\",\"contentUrl\":\"https:\\\/\\\/canfali.com\\\/app\\\/uploads\\\/2025\\\/12\\\/canfali_marina_alta_logo.png\",\"width\":225,\"height\":225,\"caption\":\"Canfali\"},\"image\":{\"@id\":\"https:\\\/\\\/canfali.com\\\/ca-es\\\/#\\\/schema\\\/logo\\\/image\\\/\"},\"sameAs\":[\"https:\\\/\\\/es-es.facebook.com\\\/CANFALIMarinaAlta\",\"https:\\\/\\\/x.com\\\/canfalima\",\"https:\\\/\\\/www.instagram.com\\\/canfalimarinaalta\\\/\"]},{\"@type\":\"Person\",\"@id\":\"https:\\\/\\\/canfali.com\\\/ca-es\\\/#\\\/schema\\\/person\\\/d834d2d4df17cac754d3c314d4c404ef\",\"name\":\"JJ Mas\",\"image\":{\"@type\":\"ImageObject\",\"inLanguage\":\"va-ES\",\"@id\":\"https:\\\/\\\/secure.gravatar.com\\\/avatar\\\/65a5191f5438bf88c2394f6d1a625a6ff903c8785268e603c623a83bc15ba1ee?s=96&d=mm&r=g\",\"url\":\"https:\\\/\\\/secure.gravatar.com\\\/avatar\\\/65a5191f5438bf88c2394f6d1a625a6ff903c8785268e603c623a83bc15ba1ee?s=96&d=mm&r=g\",\"contentUrl\":\"https:\\\/\\\/secure.gravatar.com\\\/avatar\\\/65a5191f5438bf88c2394f6d1a625a6ff903c8785268e603c623a83bc15ba1ee?s=96&d=mm&r=g\",\"caption\":\"JJ Mas\"},\"url\":\"https:\\\/\\\/canfali.com\\\/ca-es\\\/author\\\/jj\\\/\"}]}<\/script>\n<!-- \/ Yoast SEO Premium plugin. -->","yoast_head_json":{"title":"Ricardo Sendra, regidor de Turisme de Pego: 'El nostre patrimoni religi\u00f3s mereix ser valorat i promocionat - Canfali","robots":{"index":"index","follow":"follow","max-snippet":"max-snippet:-1","max-image-preview":"max-image-preview:large","max-video-preview":"max-video-preview:-1"},"canonical":"https:\/\/canfali.com\/ca-es\/ricardo-sendra-regidor-de-turisme-de-pego-el-nostre-patrimoni-religios-mereix-ser-valorat-i-promocionat\/","og_locale":"en_US","og_type":"article","og_title":"Ricardo Sendra, regidor de Turisme de Pego: 'El nostre patrimoni religi\u00f3s mereix ser valorat i promocionat","og_description":"\"La Regidoria de Turisme de Pego ha impulsat la col\u00b7laboraci\u00f3 amb la parr\u00f2quia de l\u2019Assumpci\u00f3 per promocionar el patrimoni religi\u00f3s com a atractiu tur\u00edstic","og_url":"https:\/\/canfali.com\/ca-es\/ricardo-sendra-regidor-de-turisme-de-pego-el-nostre-patrimoni-religios-mereix-ser-valorat-i-promocionat\/","og_site_name":"Canfali","article_publisher":"https:\/\/es-es.facebook.com\/CANFALIMarinaAlta","article_published_time":"2025-04-05T10:05:00+00:00","article_modified_time":"2025-04-07T07:45:46+00:00","og_image":[{"width":1200,"height":796,"url":"https:\/\/canfali.com\/app\/uploads\/2025\/04\/semsanta-regidorturisme-e1744011715571.jpg","type":"image\/jpeg"}],"author":"JJ Mas","twitter_card":"summary_large_image","twitter_creator":"@canfalima","twitter_site":"@canfalima","twitter_misc":{"Written by":"JJ Mas","Est. reading time":"3 minutes"},"schema":{"@context":"https:\/\/schema.org","@graph":[{"@type":"NewsArticle","@id":"https:\/\/canfali.com\/ca-es\/ricardo-sendra-regidor-de-turisme-de-pego-el-nostre-patrimoni-religios-mereix-ser-valorat-i-promocionat\/#article","isPartOf":{"@id":"https:\/\/canfali.com\/ca-es\/ricardo-sendra-regidor-de-turisme-de-pego-el-nostre-patrimoni-religios-mereix-ser-valorat-i-promocionat\/"},"author":{"name":"JJ Mas","@id":"https:\/\/canfali.com\/ca-es\/#\/schema\/person\/d834d2d4df17cac754d3c314d4c404ef"},"headline":"Ricardo Sendra, regidor de Turisme de Pego: &#8216;El nostre patrimoni religi\u00f3s mereix ser valorat i promocionat","datePublished":"2025-04-05T10:05:00+00:00","dateModified":"2025-04-07T07:45:46+00:00","mainEntityOfPage":{"@id":"https:\/\/canfali.com\/ca-es\/ricardo-sendra-regidor-de-turisme-de-pego-el-nostre-patrimoni-religios-mereix-ser-valorat-i-promocionat\/"},"wordCount":677,"publisher":{"@id":"https:\/\/canfali.com\/ca-es\/#organization"},"image":{"@id":"https:\/\/canfali.com\/ca-es\/ricardo-sendra-regidor-de-turisme-de-pego-el-nostre-patrimoni-religios-mereix-ser-valorat-i-promocionat\/#primaryimage"},"thumbnailUrl":"https:\/\/canfali.com\/app\/uploads\/2025\/04\/semsanta-regidorturisme-e1744011715571.jpg","keywords":["patrimoni","Pego","promoci\u00f3","regidor","religios","turisme"],"articleSection":["Cultura"],"inLanguage":"va-ES","copyrightYear":"2025","copyrightHolder":{"@id":"https:\/\/canfali.com\/#organization"}},{"@type":"WebPage","@id":"https:\/\/canfali.com\/ca-es\/ricardo-sendra-regidor-de-turisme-de-pego-el-nostre-patrimoni-religios-mereix-ser-valorat-i-promocionat\/","url":"https:\/\/canfali.com\/ca-es\/ricardo-sendra-regidor-de-turisme-de-pego-el-nostre-patrimoni-religios-mereix-ser-valorat-i-promocionat\/","name":"Ricardo Sendra, regidor de Turisme de Pego: 'El nostre patrimoni religi\u00f3s mereix ser valorat i promocionat - Canfali","isPartOf":{"@id":"https:\/\/canfali.com\/ca-es\/#website"},"primaryImageOfPage":{"@id":"https:\/\/canfali.com\/ca-es\/ricardo-sendra-regidor-de-turisme-de-pego-el-nostre-patrimoni-religios-mereix-ser-valorat-i-promocionat\/#primaryimage"},"image":{"@id":"https:\/\/canfali.com\/ca-es\/ricardo-sendra-regidor-de-turisme-de-pego-el-nostre-patrimoni-religios-mereix-ser-valorat-i-promocionat\/#primaryimage"},"thumbnailUrl":"https:\/\/canfali.com\/app\/uploads\/2025\/04\/semsanta-regidorturisme-e1744011715571.jpg","datePublished":"2025-04-05T10:05:00+00:00","dateModified":"2025-04-07T07:45:46+00:00","breadcrumb":{"@id":"https:\/\/canfali.com\/ca-es\/ricardo-sendra-regidor-de-turisme-de-pego-el-nostre-patrimoni-religios-mereix-ser-valorat-i-promocionat\/#breadcrumb"},"inLanguage":"va-ES","potentialAction":[{"@type":"ReadAction","target":["https:\/\/canfali.com\/ca-es\/ricardo-sendra-regidor-de-turisme-de-pego-el-nostre-patrimoni-religios-mereix-ser-valorat-i-promocionat\/"]}]},{"@type":"ImageObject","inLanguage":"va-ES","@id":"https:\/\/canfali.com\/ca-es\/ricardo-sendra-regidor-de-turisme-de-pego-el-nostre-patrimoni-religios-mereix-ser-valorat-i-promocionat\/#primaryimage","url":"https:\/\/canfali.com\/app\/uploads\/2025\/04\/semsanta-regidorturisme-e1744011715571.jpg","contentUrl":"https:\/\/canfali.com\/app\/uploads\/2025\/04\/semsanta-regidorturisme-e1744011715571.jpg","width":1200,"height":796},{"@type":"BreadcrumbList","@id":"https:\/\/canfali.com\/ca-es\/ricardo-sendra-regidor-de-turisme-de-pego-el-nostre-patrimoni-religios-mereix-ser-valorat-i-promocionat\/#breadcrumb","itemListElement":[{"@type":"ListItem","position":1,"name":"Portada","item":"https:\/\/canfali.com\/ca-es\/"},{"@type":"ListItem","position":2,"name":"Ricardo Sendra, regidor de Turisme de Pego: &#8216;El nostre patrimoni religi\u00f3s mereix ser valorat i promocionat"}]},{"@type":"WebSite","@id":"https:\/\/canfali.com\/ca-es\/#website","url":"https:\/\/canfali.com\/ca-es\/","name":"Canfali","description":"","publisher":{"@id":"https:\/\/canfali.com\/ca-es\/#organization"},"potentialAction":[{"@type":"SearchAction","target":{"@type":"EntryPoint","urlTemplate":"https:\/\/canfali.com\/ca-es\/?s={search_term_string}"},"query-input":{"@type":"PropertyValueSpecification","valueRequired":true,"valueName":"search_term_string"}}],"inLanguage":"va-ES"},{"@type":"Organization","@id":"https:\/\/canfali.com\/ca-es\/#organization","name":"Canfali","url":"https:\/\/canfali.com\/ca-es\/","logo":{"@type":"ImageObject","inLanguage":"va-ES","@id":"https:\/\/canfali.com\/ca-es\/#\/schema\/logo\/image\/","url":"https:\/\/canfali.com\/app\/uploads\/2025\/12\/canfali_marina_alta_logo.png","contentUrl":"https:\/\/canfali.com\/app\/uploads\/2025\/12\/canfali_marina_alta_logo.png","width":225,"height":225,"caption":"Canfali"},"image":{"@id":"https:\/\/canfali.com\/ca-es\/#\/schema\/logo\/image\/"},"sameAs":["https:\/\/es-es.facebook.com\/CANFALIMarinaAlta","https:\/\/x.com\/canfalima","https:\/\/www.instagram.com\/canfalimarinaalta\/"]},{"@type":"Person","@id":"https:\/\/canfali.com\/ca-es\/#\/schema\/person\/d834d2d4df17cac754d3c314d4c404ef","name":"JJ Mas","image":{"@type":"ImageObject","inLanguage":"va-ES","@id":"https:\/\/secure.gravatar.com\/avatar\/65a5191f5438bf88c2394f6d1a625a6ff903c8785268e603c623a83bc15ba1ee?s=96&d=mm&r=g","url":"https:\/\/secure.gravatar.com\/avatar\/65a5191f5438bf88c2394f6d1a625a6ff903c8785268e603c623a83bc15ba1ee?s=96&d=mm&r=g","contentUrl":"https:\/\/secure.gravatar.com\/avatar\/65a5191f5438bf88c2394f6d1a625a6ff903c8785268e603c623a83bc15ba1ee?s=96&d=mm&r=g","caption":"JJ Mas"},"url":"https:\/\/canfali.com\/ca-es\/author\/jj\/"}]}},"_links":{"self":[{"href":"https:\/\/canfali.com\/ca-es\/wp-json\/wp\/v2\/posts\/61192","targetHints":{"allow":["GET"]}}],"collection":[{"href":"https:\/\/canfali.com\/ca-es\/wp-json\/wp\/v2\/posts"}],"about":[{"href":"https:\/\/canfali.com\/ca-es\/wp-json\/wp\/v2\/types\/post"}],"author":[{"embeddable":true,"href":"https:\/\/canfali.com\/ca-es\/wp-json\/wp\/v2\/users\/4"}],"replies":[{"embeddable":true,"href":"https:\/\/canfali.com\/ca-es\/wp-json\/wp\/v2\/comments?post=61192"}],"version-history":[{"count":4,"href":"https:\/\/canfali.com\/ca-es\/wp-json\/wp\/v2\/posts\/61192\/revisions"}],"predecessor-version":[{"id":61329,"href":"https:\/\/canfali.com\/ca-es\/wp-json\/wp\/v2\/posts\/61192\/revisions\/61329"}],"wp:featuredmedia":[{"embeddable":true,"href":"https:\/\/canfali.com\/ca-es\/wp-json\/wp\/v2\/media\/61190"}],"wp:attachment":[{"href":"https:\/\/canfali.com\/ca-es\/wp-json\/wp\/v2\/media?parent=61192"}],"wp:term":[{"taxonomy":"category","embeddable":true,"href":"https:\/\/canfali.com\/ca-es\/wp-json\/wp\/v2\/categories?post=61192"},{"taxonomy":"post_tag","embeddable":true,"href":"https:\/\/canfali.com\/ca-es\/wp-json\/wp\/v2\/tags?post=61192"}],"curies":[{"name":"wp","href":"https:\/\/api.w.org\/{rel}","templated":true}]}}