{"id":60869,"date":"2025-04-01T11:11:39","date_gmt":"2025-04-01T09:11:39","guid":{"rendered":"https:\/\/canfali.com\/oli-doliva-verge-extra-i-de-proximitat\/"},"modified":"2025-04-01T11:23:09","modified_gmt":"2025-04-01T09:23:09","slug":"oli-doliva-verge-extra-i-de-proximitat","status":"publish","type":"post","link":"https:\/\/canfali.com\/ca-es\/oli-doliva-verge-extra-i-de-proximitat\/","title":{"rendered":"Oli d&#8217;oliva: verge extra i de proximitat"},"content":{"rendered":"\n<blockquote class=\"wp-block-quote is-layout-flow wp-block-quote-is-layout-flow\">\n<p>Continua la temporada de fires en Els Magazinos amb Di\u00e0nia Terra d\u2019Oli<\/p>\n<\/blockquote>\n\n<p>La IV Fira Di\u00e0nia Terra d\u00b4Oli se celebrar\u00e0 el dissabte 5 d&#8217;abril en Els Magazinos. El protagonista ser\u00e0 l&#8217;oli d&#8217;oliva verge extra de proximitat i els convidats, vuit alm\u00e0sseres alacantines pertanyents a l&#8217;associaci\u00f3 Olis de Di\u00e0nia, que coordina la fira: Tossut Agroecologia Sostenible, de Pedreguer; Castell de la Costurera, de Balones; Rac\u00f3 de Pay\u00e0, d&#8217;Alcoi, Octobris, de La Canyada; Alfaoliva, d&#8217;Alfafara; Oli de B\u00e8rnia, de Pins, i Masia El Bri, d&#8217;Alcoi, i Grattitude, de Alcudia. <\/p>\n\n<figure class=\"wp-block-image size-large\"><img fetchpriority=\"high\" decoding=\"async\" width=\"1024\" height=\"681\" src=\"https:\/\/canfali.com\/app\/uploads\/2025\/04\/feria-olis-de-Diana-2025_4-1024x681.jpg\" alt=\"\" class=\"wp-image-60864\" srcset=\"https:\/\/canfali.com\/app\/uploads\/2025\/04\/feria-olis-de-Diana-2025_4-1024x681.jpg 1024w, https:\/\/canfali.com\/app\/uploads\/2025\/04\/feria-olis-de-Diana-2025_4-300x200.jpg 300w, https:\/\/canfali.com\/app\/uploads\/2025\/04\/feria-olis-de-Diana-2025_4-768x511.jpg 768w, https:\/\/canfali.com\/app\/uploads\/2025\/04\/feria-olis-de-Diana-2025_4-1536x1022.jpg 1536w, https:\/\/canfali.com\/app\/uploads\/2025\/04\/feria-olis-de-Diana-2025_4-2048x1362.jpg 2048w, https:\/\/canfali.com\/app\/uploads\/2025\/04\/feria-olis-de-Diana-2025_4-scaled.jpg 2560w\" sizes=\"(max-width: 1024px) 100vw, 1024px\" \/><\/figure>\n\n<p>A m\u00e9s del mercat (de 10.30 a 17 h.), de la taula rodona amb els productors (10.30 h.) o del tast divulgatiu dirigit per Francisco Albert (11.30 h.), activitats ja fixes en la programaci\u00f3, tamb\u00e9 es presentar\u00e0 el col\u00b7leccionable sobre la hist\u00f2ria de l&#8217;oli pertanyent a la s\u00e8rie de llibres <em>El Nostre Territori,<\/em> de Javier Calvo. L&#8217;escriptor Just Sell\u00e9s presentar\u00e0 el seu \u00faltim llibre<em> &#8220;Di\u00e0nia. Terra de Castells&#8221;<\/em> (10.30 h.) i l&#8217;artista Ximo Canet oferir\u00e0 el taller <em>Els colors i aromes de L&#8217; Oli mediterrani<\/em> (12.30 h. a 14.30 h.) per a aprendre a pintar en l&#8217;aigua amb olis de Di\u00e0nia acolorits amb esp\u00e8cies naturals mitjan\u00e7ant la t\u00e8cnica ancestral de jaspiat, el Ebr\u00fa, que \u00e9s Patrimoni Cultural Immaterial de la Humanitat per la Unesco. <\/p>\n\n<p>Durant tota la jornada, durant l&#8217;obertura del mercat, l&#8217;escriptor Just Sell\u00e9s atendr\u00e0 els lectors en un estand. A m\u00e9s, els locals de Els Magazinos -amb m\u00e9s de 20 propostes gastron\u00f2miques distintes- oferiran plats elaborats amb Olis de Di\u00e0nia. No cal deixar passar l&#8217;oportunitat de rec\u00f3rrer-los!  <\/p>\n\n<figure class=\"wp-block-image size-large\"><img decoding=\"async\" width=\"1024\" height=\"681\" src=\"https:\/\/canfali.com\/app\/uploads\/2025\/04\/feria-olis-de-Diana-2025_3-1-1024x681.jpg\" alt=\"\" class=\"wp-image-60866\" srcset=\"https:\/\/canfali.com\/app\/uploads\/2025\/04\/feria-olis-de-Diana-2025_3-1-1024x681.jpg 1024w, https:\/\/canfali.com\/app\/uploads\/2025\/04\/feria-olis-de-Diana-2025_3-1-300x200.jpg 300w, https:\/\/canfali.com\/app\/uploads\/2025\/04\/feria-olis-de-Diana-2025_3-1-768x511.jpg 768w, https:\/\/canfali.com\/app\/uploads\/2025\/04\/feria-olis-de-Diana-2025_3-1-1536x1022.jpg 1536w, https:\/\/canfali.com\/app\/uploads\/2025\/04\/feria-olis-de-Diana-2025_3-1-2048x1362.jpg 2048w, https:\/\/canfali.com\/app\/uploads\/2025\/04\/feria-olis-de-Diana-2025_3-1-scaled.jpg 2560w\" sizes=\"(max-width: 1024px) 100vw, 1024px\" \/><\/figure>\n\n<p>La fira Di\u00e0nia Terra d\u2019Oli s&#8217;emmarca dins de la iniciativa <em>Cuina de Territori,<\/em> que compta amb el suport de Cervesa T\u00faria, i pret\u00e9n posar en valor un producte, l&#8217;oli, elaborat amb varietats aut\u00f2ctones en cultiu tradicional.<\/p>\n\n<p>El cartell de la fira l&#8217;ha realitzat una vegada m\u00e9s l&#8217;artista \u00c0frica Pitarch, en una aposta de Els Magazinos per fer costat als artistes mediterranis.<\/p>\n\n<p>Per a participar en el tast \u00e9s necess\u00e0ria la inscripci\u00f3 pr\u00e8via en el web d&#8217;Els Magazinos<\/p>\n","protected":false},"excerpt":{"rendered":"Continua la temporada de fires en Els Magazinos amb Di\u00e0nia Terra d\u2019Oli La IV Fira Di\u00e0nia Terra d\u00b4Oli&hellip;","protected":false},"author":6,"featured_media":60863,"comment_status":"closed","ping_status":"closed","sticky":false,"template":"","format":"standard","meta":{"csco_display_header_overlay":false,"csco_singular_sidebar":"","csco_page_header_type":"","csco_page_load_nextpost":"","csco_post_video_location":[],"csco_post_video_location_hash":"","csco_post_video_url":"","csco_post_video_bg_start_time":0,"csco_post_video_bg_end_time":0,"footnotes":""},"categories":[589],"tags":[1092,1089,1091,903,1090,1088],"class_list":{"0":"post-60869","1":"post","2":"type-post","3":"status-publish","4":"format-standard","5":"has-post-thumbnail","7":"category-gastronomia-ca-es","8":"tag-almassera","9":"tag-avoe-ca-es","10":"tag-diania-ca-es","11":"tag-els-magazinos-ca-es","12":"tag-fires","13":"tag-oli","14":"cs-entry","15":"cs-video-wrap"},"yoast_head":"<!-- This site is optimized with the Yoast SEO Premium plugin v26.6 (Yoast SEO v27.3) - https:\/\/yoast.com\/product\/yoast-seo-premium-wordpress\/ -->\n<title>Oli d&#039;oliva: verge extra i de proximitat - Canfali<\/title>\n<meta name=\"robots\" content=\"index, follow, max-snippet:-1, max-image-preview:large, max-video-preview:-1\" \/>\n<link rel=\"canonical\" href=\"https:\/\/canfali.com\/ca-es\/oli-doliva-verge-extra-i-de-proximitat\/\" \/>\n<meta property=\"og:locale\" content=\"en_US\" \/>\n<meta property=\"og:type\" content=\"article\" \/>\n<meta property=\"og:title\" content=\"Oli d&#039;oliva: verge extra i de proximitat\" \/>\n<meta property=\"og:description\" content=\"Continua la temporada de fires en Els Magazinos amb Di\u00e0nia Terra d\u2019Oli La IV Fira Di\u00e0nia Terra d\u00b4Oli&hellip;\" \/>\n<meta property=\"og:url\" content=\"https:\/\/canfali.com\/ca-es\/oli-doliva-verge-extra-i-de-proximitat\/\" \/>\n<meta property=\"og:site_name\" content=\"Canfali\" \/>\n<meta property=\"article:publisher\" content=\"https:\/\/es-es.facebook.com\/CANFALIMarinaAlta\" \/>\n<meta property=\"article:published_time\" content=\"2025-04-01T09:11:39+00:00\" \/>\n<meta property=\"article:modified_time\" content=\"2025-04-01T09:23:09+00:00\" \/>\n<meta property=\"og:image\" content=\"https:\/\/canfali.com\/app\/uploads\/2025\/04\/olis-scaled.jpg\" \/>\n\t<meta property=\"og:image:width\" content=\"1703\" \/>\n\t<meta property=\"og:image:height\" content=\"2560\" \/>\n\t<meta property=\"og:image:type\" content=\"image\/jpeg\" \/>\n<meta name=\"author\" content=\"Rosa\" \/>\n<meta name=\"twitter:card\" content=\"summary_large_image\" \/>\n<meta name=\"twitter:creator\" content=\"@canfalima\" \/>\n<meta name=\"twitter:site\" content=\"@canfalima\" \/>\n<meta name=\"twitter:label1\" content=\"Written by\" \/>\n\t<meta name=\"twitter:data1\" content=\"Rosa\" \/>\n\t<meta name=\"twitter:label2\" content=\"Est. reading time\" \/>\n\t<meta name=\"twitter:data2\" content=\"2 minutes\" \/>\n<script type=\"application\/ld+json\" class=\"yoast-schema-graph\">{\"@context\":\"https:\\\/\\\/schema.org\",\"@graph\":[{\"@type\":\"NewsArticle\",\"@id\":\"https:\\\/\\\/canfali.com\\\/ca-es\\\/oli-doliva-verge-extra-i-de-proximitat\\\/#article\",\"isPartOf\":{\"@id\":\"https:\\\/\\\/canfali.com\\\/ca-es\\\/oli-doliva-verge-extra-i-de-proximitat\\\/\"},\"author\":{\"name\":\"Rosa\",\"@id\":\"https:\\\/\\\/canfali.com\\\/ca-es\\\/#\\\/schema\\\/person\\\/c861a7aa2b2495357b95f35bd5d82f88\"},\"headline\":\"Oli d&#8217;oliva: verge extra i de proximitat\",\"datePublished\":\"2025-04-01T09:11:39+00:00\",\"dateModified\":\"2025-04-01T09:23:09+00:00\",\"mainEntityOfPage\":{\"@id\":\"https:\\\/\\\/canfali.com\\\/ca-es\\\/oli-doliva-verge-extra-i-de-proximitat\\\/\"},\"wordCount\":382,\"publisher\":{\"@id\":\"https:\\\/\\\/canfali.com\\\/ca-es\\\/#organization\"},\"image\":{\"@id\":\"https:\\\/\\\/canfali.com\\\/ca-es\\\/oli-doliva-verge-extra-i-de-proximitat\\\/#primaryimage\"},\"thumbnailUrl\":\"https:\\\/\\\/canfali.com\\\/app\\\/uploads\\\/2025\\\/04\\\/olis-scaled.jpg\",\"keywords\":[\"alm\u00e0ssera\",\"avoe\",\"Di\u00e0nia\",\"els magazinos\",\"fires\",\"oli\"],\"articleSection\":[\"Gastronomia\"],\"inLanguage\":\"va-ES\",\"copyrightYear\":\"2025\",\"copyrightHolder\":{\"@id\":\"https:\\\/\\\/canfali.com\\\/#organization\"}},{\"@type\":\"WebPage\",\"@id\":\"https:\\\/\\\/canfali.com\\\/ca-es\\\/oli-doliva-verge-extra-i-de-proximitat\\\/\",\"url\":\"https:\\\/\\\/canfali.com\\\/ca-es\\\/oli-doliva-verge-extra-i-de-proximitat\\\/\",\"name\":\"Oli d'oliva: verge extra i de proximitat - Canfali\",\"isPartOf\":{\"@id\":\"https:\\\/\\\/canfali.com\\\/ca-es\\\/#website\"},\"primaryImageOfPage\":{\"@id\":\"https:\\\/\\\/canfali.com\\\/ca-es\\\/oli-doliva-verge-extra-i-de-proximitat\\\/#primaryimage\"},\"image\":{\"@id\":\"https:\\\/\\\/canfali.com\\\/ca-es\\\/oli-doliva-verge-extra-i-de-proximitat\\\/#primaryimage\"},\"thumbnailUrl\":\"https:\\\/\\\/canfali.com\\\/app\\\/uploads\\\/2025\\\/04\\\/olis-scaled.jpg\",\"datePublished\":\"2025-04-01T09:11:39+00:00\",\"dateModified\":\"2025-04-01T09:23:09+00:00\",\"breadcrumb\":{\"@id\":\"https:\\\/\\\/canfali.com\\\/ca-es\\\/oli-doliva-verge-extra-i-de-proximitat\\\/#breadcrumb\"},\"inLanguage\":\"va-ES\",\"potentialAction\":[{\"@type\":\"ReadAction\",\"target\":[\"https:\\\/\\\/canfali.com\\\/ca-es\\\/oli-doliva-verge-extra-i-de-proximitat\\\/\"]}]},{\"@type\":\"ImageObject\",\"inLanguage\":\"va-ES\",\"@id\":\"https:\\\/\\\/canfali.com\\\/ca-es\\\/oli-doliva-verge-extra-i-de-proximitat\\\/#primaryimage\",\"url\":\"https:\\\/\\\/canfali.com\\\/app\\\/uploads\\\/2025\\\/04\\\/olis-scaled.jpg\",\"contentUrl\":\"https:\\\/\\\/canfali.com\\\/app\\\/uploads\\\/2025\\\/04\\\/olis-scaled.jpg\",\"width\":1703,\"height\":2560},{\"@type\":\"BreadcrumbList\",\"@id\":\"https:\\\/\\\/canfali.com\\\/ca-es\\\/oli-doliva-verge-extra-i-de-proximitat\\\/#breadcrumb\",\"itemListElement\":[{\"@type\":\"ListItem\",\"position\":1,\"name\":\"Portada\",\"item\":\"https:\\\/\\\/canfali.com\\\/ca-es\\\/\"},{\"@type\":\"ListItem\",\"position\":2,\"name\":\"Oli d&#8217;oliva: verge extra i de proximitat\"}]},{\"@type\":\"WebSite\",\"@id\":\"https:\\\/\\\/canfali.com\\\/ca-es\\\/#website\",\"url\":\"https:\\\/\\\/canfali.com\\\/ca-es\\\/\",\"name\":\"Canfali\",\"description\":\"\",\"publisher\":{\"@id\":\"https:\\\/\\\/canfali.com\\\/ca-es\\\/#organization\"},\"potentialAction\":[{\"@type\":\"SearchAction\",\"target\":{\"@type\":\"EntryPoint\",\"urlTemplate\":\"https:\\\/\\\/canfali.com\\\/ca-es\\\/?s={search_term_string}\"},\"query-input\":{\"@type\":\"PropertyValueSpecification\",\"valueRequired\":true,\"valueName\":\"search_term_string\"}}],\"inLanguage\":\"va-ES\"},{\"@type\":\"Organization\",\"@id\":\"https:\\\/\\\/canfali.com\\\/ca-es\\\/#organization\",\"name\":\"Canfali\",\"url\":\"https:\\\/\\\/canfali.com\\\/ca-es\\\/\",\"logo\":{\"@type\":\"ImageObject\",\"inLanguage\":\"va-ES\",\"@id\":\"https:\\\/\\\/canfali.com\\\/ca-es\\\/#\\\/schema\\\/logo\\\/image\\\/\",\"url\":\"https:\\\/\\\/canfali.com\\\/app\\\/uploads\\\/2025\\\/12\\\/canfali_marina_alta_logo.png\",\"contentUrl\":\"https:\\\/\\\/canfali.com\\\/app\\\/uploads\\\/2025\\\/12\\\/canfali_marina_alta_logo.png\",\"width\":225,\"height\":225,\"caption\":\"Canfali\"},\"image\":{\"@id\":\"https:\\\/\\\/canfali.com\\\/ca-es\\\/#\\\/schema\\\/logo\\\/image\\\/\"},\"sameAs\":[\"https:\\\/\\\/es-es.facebook.com\\\/CANFALIMarinaAlta\",\"https:\\\/\\\/x.com\\\/canfalima\",\"https:\\\/\\\/www.instagram.com\\\/canfalimarinaalta\\\/\"]},{\"@type\":\"Person\",\"@id\":\"https:\\\/\\\/canfali.com\\\/ca-es\\\/#\\\/schema\\\/person\\\/c861a7aa2b2495357b95f35bd5d82f88\",\"name\":\"Rosa\",\"image\":{\"@type\":\"ImageObject\",\"inLanguage\":\"va-ES\",\"@id\":\"https:\\\/\\\/secure.gravatar.com\\\/avatar\\\/47fb83d99423a6ef1cf9f83f02a5e91366c671dec76c5c24badf1b0494e1d960?s=96&d=mm&r=g\",\"url\":\"https:\\\/\\\/secure.gravatar.com\\\/avatar\\\/47fb83d99423a6ef1cf9f83f02a5e91366c671dec76c5c24badf1b0494e1d960?s=96&d=mm&r=g\",\"contentUrl\":\"https:\\\/\\\/secure.gravatar.com\\\/avatar\\\/47fb83d99423a6ef1cf9f83f02a5e91366c671dec76c5c24badf1b0494e1d960?s=96&d=mm&r=g\",\"caption\":\"Rosa\"},\"url\":\"https:\\\/\\\/canfali.com\\\/ca-es\\\/author\\\/rosa\\\/\"}]}<\/script>\n<!-- \/ Yoast SEO Premium plugin. -->","yoast_head_json":{"title":"Oli d'oliva: verge extra i de proximitat - Canfali","robots":{"index":"index","follow":"follow","max-snippet":"max-snippet:-1","max-image-preview":"max-image-preview:large","max-video-preview":"max-video-preview:-1"},"canonical":"https:\/\/canfali.com\/ca-es\/oli-doliva-verge-extra-i-de-proximitat\/","og_locale":"en_US","og_type":"article","og_title":"Oli d'oliva: verge extra i de proximitat","og_description":"Continua la temporada de fires en Els Magazinos amb Di\u00e0nia Terra d\u2019Oli La IV Fira Di\u00e0nia Terra d\u00b4Oli&hellip;","og_url":"https:\/\/canfali.com\/ca-es\/oli-doliva-verge-extra-i-de-proximitat\/","og_site_name":"Canfali","article_publisher":"https:\/\/es-es.facebook.com\/CANFALIMarinaAlta","article_published_time":"2025-04-01T09:11:39+00:00","article_modified_time":"2025-04-01T09:23:09+00:00","og_image":[{"width":1703,"height":2560,"url":"https:\/\/canfali.com\/app\/uploads\/2025\/04\/olis-scaled.jpg","type":"image\/jpeg"}],"author":"Rosa","twitter_card":"summary_large_image","twitter_creator":"@canfalima","twitter_site":"@canfalima","twitter_misc":{"Written by":"Rosa","Est. reading time":"2 minutes"},"schema":{"@context":"https:\/\/schema.org","@graph":[{"@type":"NewsArticle","@id":"https:\/\/canfali.com\/ca-es\/oli-doliva-verge-extra-i-de-proximitat\/#article","isPartOf":{"@id":"https:\/\/canfali.com\/ca-es\/oli-doliva-verge-extra-i-de-proximitat\/"},"author":{"name":"Rosa","@id":"https:\/\/canfali.com\/ca-es\/#\/schema\/person\/c861a7aa2b2495357b95f35bd5d82f88"},"headline":"Oli d&#8217;oliva: verge extra i de proximitat","datePublished":"2025-04-01T09:11:39+00:00","dateModified":"2025-04-01T09:23:09+00:00","mainEntityOfPage":{"@id":"https:\/\/canfali.com\/ca-es\/oli-doliva-verge-extra-i-de-proximitat\/"},"wordCount":382,"publisher":{"@id":"https:\/\/canfali.com\/ca-es\/#organization"},"image":{"@id":"https:\/\/canfali.com\/ca-es\/oli-doliva-verge-extra-i-de-proximitat\/#primaryimage"},"thumbnailUrl":"https:\/\/canfali.com\/app\/uploads\/2025\/04\/olis-scaled.jpg","keywords":["alm\u00e0ssera","avoe","Di\u00e0nia","els magazinos","fires","oli"],"articleSection":["Gastronomia"],"inLanguage":"va-ES","copyrightYear":"2025","copyrightHolder":{"@id":"https:\/\/canfali.com\/#organization"}},{"@type":"WebPage","@id":"https:\/\/canfali.com\/ca-es\/oli-doliva-verge-extra-i-de-proximitat\/","url":"https:\/\/canfali.com\/ca-es\/oli-doliva-verge-extra-i-de-proximitat\/","name":"Oli d'oliva: verge extra i de proximitat - Canfali","isPartOf":{"@id":"https:\/\/canfali.com\/ca-es\/#website"},"primaryImageOfPage":{"@id":"https:\/\/canfali.com\/ca-es\/oli-doliva-verge-extra-i-de-proximitat\/#primaryimage"},"image":{"@id":"https:\/\/canfali.com\/ca-es\/oli-doliva-verge-extra-i-de-proximitat\/#primaryimage"},"thumbnailUrl":"https:\/\/canfali.com\/app\/uploads\/2025\/04\/olis-scaled.jpg","datePublished":"2025-04-01T09:11:39+00:00","dateModified":"2025-04-01T09:23:09+00:00","breadcrumb":{"@id":"https:\/\/canfali.com\/ca-es\/oli-doliva-verge-extra-i-de-proximitat\/#breadcrumb"},"inLanguage":"va-ES","potentialAction":[{"@type":"ReadAction","target":["https:\/\/canfali.com\/ca-es\/oli-doliva-verge-extra-i-de-proximitat\/"]}]},{"@type":"ImageObject","inLanguage":"va-ES","@id":"https:\/\/canfali.com\/ca-es\/oli-doliva-verge-extra-i-de-proximitat\/#primaryimage","url":"https:\/\/canfali.com\/app\/uploads\/2025\/04\/olis-scaled.jpg","contentUrl":"https:\/\/canfali.com\/app\/uploads\/2025\/04\/olis-scaled.jpg","width":1703,"height":2560},{"@type":"BreadcrumbList","@id":"https:\/\/canfali.com\/ca-es\/oli-doliva-verge-extra-i-de-proximitat\/#breadcrumb","itemListElement":[{"@type":"ListItem","position":1,"name":"Portada","item":"https:\/\/canfali.com\/ca-es\/"},{"@type":"ListItem","position":2,"name":"Oli d&#8217;oliva: verge extra i de proximitat"}]},{"@type":"WebSite","@id":"https:\/\/canfali.com\/ca-es\/#website","url":"https:\/\/canfali.com\/ca-es\/","name":"Canfali","description":"","publisher":{"@id":"https:\/\/canfali.com\/ca-es\/#organization"},"potentialAction":[{"@type":"SearchAction","target":{"@type":"EntryPoint","urlTemplate":"https:\/\/canfali.com\/ca-es\/?s={search_term_string}"},"query-input":{"@type":"PropertyValueSpecification","valueRequired":true,"valueName":"search_term_string"}}],"inLanguage":"va-ES"},{"@type":"Organization","@id":"https:\/\/canfali.com\/ca-es\/#organization","name":"Canfali","url":"https:\/\/canfali.com\/ca-es\/","logo":{"@type":"ImageObject","inLanguage":"va-ES","@id":"https:\/\/canfali.com\/ca-es\/#\/schema\/logo\/image\/","url":"https:\/\/canfali.com\/app\/uploads\/2025\/12\/canfali_marina_alta_logo.png","contentUrl":"https:\/\/canfali.com\/app\/uploads\/2025\/12\/canfali_marina_alta_logo.png","width":225,"height":225,"caption":"Canfali"},"image":{"@id":"https:\/\/canfali.com\/ca-es\/#\/schema\/logo\/image\/"},"sameAs":["https:\/\/es-es.facebook.com\/CANFALIMarinaAlta","https:\/\/x.com\/canfalima","https:\/\/www.instagram.com\/canfalimarinaalta\/"]},{"@type":"Person","@id":"https:\/\/canfali.com\/ca-es\/#\/schema\/person\/c861a7aa2b2495357b95f35bd5d82f88","name":"Rosa","image":{"@type":"ImageObject","inLanguage":"va-ES","@id":"https:\/\/secure.gravatar.com\/avatar\/47fb83d99423a6ef1cf9f83f02a5e91366c671dec76c5c24badf1b0494e1d960?s=96&d=mm&r=g","url":"https:\/\/secure.gravatar.com\/avatar\/47fb83d99423a6ef1cf9f83f02a5e91366c671dec76c5c24badf1b0494e1d960?s=96&d=mm&r=g","contentUrl":"https:\/\/secure.gravatar.com\/avatar\/47fb83d99423a6ef1cf9f83f02a5e91366c671dec76c5c24badf1b0494e1d960?s=96&d=mm&r=g","caption":"Rosa"},"url":"https:\/\/canfali.com\/ca-es\/author\/rosa\/"}]}},"_links":{"self":[{"href":"https:\/\/canfali.com\/ca-es\/wp-json\/wp\/v2\/posts\/60869","targetHints":{"allow":["GET"]}}],"collection":[{"href":"https:\/\/canfali.com\/ca-es\/wp-json\/wp\/v2\/posts"}],"about":[{"href":"https:\/\/canfali.com\/ca-es\/wp-json\/wp\/v2\/types\/post"}],"author":[{"embeddable":true,"href":"https:\/\/canfali.com\/ca-es\/wp-json\/wp\/v2\/users\/6"}],"replies":[{"embeddable":true,"href":"https:\/\/canfali.com\/ca-es\/wp-json\/wp\/v2\/comments?post=60869"}],"version-history":[{"count":1,"href":"https:\/\/canfali.com\/ca-es\/wp-json\/wp\/v2\/posts\/60869\/revisions"}],"predecessor-version":[{"id":60870,"href":"https:\/\/canfali.com\/ca-es\/wp-json\/wp\/v2\/posts\/60869\/revisions\/60870"}],"wp:featuredmedia":[{"embeddable":true,"href":"https:\/\/canfali.com\/ca-es\/wp-json\/wp\/v2\/media\/60863"}],"wp:attachment":[{"href":"https:\/\/canfali.com\/ca-es\/wp-json\/wp\/v2\/media?parent=60869"}],"wp:term":[{"taxonomy":"category","embeddable":true,"href":"https:\/\/canfali.com\/ca-es\/wp-json\/wp\/v2\/categories?post=60869"},{"taxonomy":"post_tag","embeddable":true,"href":"https:\/\/canfali.com\/ca-es\/wp-json\/wp\/v2\/tags?post=60869"}],"curies":[{"name":"wp","href":"https:\/\/api.w.org\/{rel}","templated":true}]}}