{"id":60797,"date":"2025-03-31T16:13:17","date_gmt":"2025-03-31T14:13:17","guid":{"rendered":"https:\/\/canfali.com\/dos-rutes-alternativas-per-a-baixar-a-moraira\/"},"modified":"2025-04-01T08:18:01","modified_gmt":"2025-04-01T06:18:01","slug":"dos-rutes-alternativas-per-a-baixar-a-moraira","status":"publish","type":"post","link":"https:\/\/canfali.com\/ca-es\/dos-rutes-alternativas-per-a-baixar-a-moraira\/","title":{"rendered":"Dos rutes alternativas per a baixar a Moraira"},"content":{"rendered":"\n<p>La carretera que uneix els dos nuclis urbans de Teulada i Moraira roman tallada al tr\u00e0nsit en sentit descendent des de dijous passat a causa d&#8217;obres d&#8217;ampliaci\u00f3. La primera fase dels treballs es desenvolupa des de la glorieta Gabriel Mir\u00f3 fins a passada la corba de la resid\u00e8ncia. Nom\u00e9s hi ha un carril obert, el de sentit ascendent.  <\/p>\n\n<p> Per a baixar fins a Moraira s&#8217;han establert dos desviaments alternatius. Per al tr\u00e0nsit pesat, per la carretera Teulada-Benimarco, la CV-741, fins a l&#8217;encreuament amb la C-745, on cal fer un gir a l&#8217;esquerra direcci\u00f3 Moraira. I per al tr\u00e0nsit lleuger, est\u00e0 habilitada la ruta des del Cam\u00ed Sant Miquel, segueix per la Carretera del Pas amb desviament posterior cap a Cam\u00ed Els Rotgetes i sortida a la n\u00e0utica. Hi ha trams estrets i es recomana circular nom\u00e9s amb turismes.   <\/p>\n","protected":false},"excerpt":{"rendered":"La carretera que uneix Teulada i Moraira roman tallada al tr\u00e0nsit en sentit descendent des de dijous passat a causa d&#8217;obres d&#8217;ampliaci\u00f3.","protected":false},"author":5,"featured_media":60795,"comment_status":"closed","ping_status":"closed","sticky":false,"template":"","format":"standard","meta":{"csco_display_header_overlay":false,"csco_singular_sidebar":"","csco_page_header_type":"","csco_page_load_nextpost":"","csco_post_video_location":[],"csco_post_video_location_hash":"","csco_post_video_url":"","csco_post_video_bg_start_time":0,"csco_post_video_bg_end_time":0,"footnotes":""},"categories":[614],"tags":[1030,1031,1032,831],"class_list":{"0":"post-60797","1":"post","2":"type-post","3":"status-publish","4":"format-standard","5":"has-post-thumbnail","7":"category-municipal-ca-es","8":"tag-carreteres","9":"tag-desviament","10":"tag-moraira-ca-es","11":"tag-obres","12":"cs-entry","13":"cs-video-wrap"},"yoast_head":"<!-- This site is optimized with the Yoast SEO Premium plugin v26.6 (Yoast SEO v27.3) - https:\/\/yoast.com\/product\/yoast-seo-premium-wordpress\/ -->\n<title>Dos rutes alternativas per a baixar a Moraira - Canfali<\/title>\n<meta name=\"robots\" content=\"index, follow, max-snippet:-1, max-image-preview:large, max-video-preview:-1\" \/>\n<link rel=\"canonical\" href=\"https:\/\/canfali.com\/ca-es\/dos-rutes-alternativas-per-a-baixar-a-moraira\/\" \/>\n<meta property=\"og:locale\" content=\"en_US\" \/>\n<meta property=\"og:type\" content=\"article\" \/>\n<meta property=\"og:title\" content=\"Dos rutes alternativas per a baixar a Moraira\" \/>\n<meta property=\"og:description\" content=\"La carretera que uneix Teulada i Moraira roman tallada al tr\u00e0nsit en sentit descendent des de dijous passat a causa d&#039;obres d&#039;ampliaci\u00f3.\" \/>\n<meta property=\"og:url\" content=\"https:\/\/canfali.com\/ca-es\/dos-rutes-alternativas-per-a-baixar-a-moraira\/\" \/>\n<meta property=\"og:site_name\" content=\"Canfali\" \/>\n<meta property=\"article:publisher\" content=\"https:\/\/es-es.facebook.com\/CANFALIMarinaAlta\" \/>\n<meta property=\"article:published_time\" content=\"2025-03-31T14:13:17+00:00\" \/>\n<meta property=\"article:modified_time\" content=\"2025-04-01T06:18:01+00:00\" \/>\n<meta property=\"og:image\" content=\"https:\/\/canfali.com\/app\/uploads\/2025\/03\/desvio-moraira-scaled-e1743488225412.jpg\" \/>\n\t<meta property=\"og:image:width\" content=\"1200\" \/>\n\t<meta property=\"og:image:height\" content=\"900\" \/>\n\t<meta property=\"og:image:type\" content=\"image\/jpeg\" \/>\n<meta name=\"author\" content=\"D\u00eddac\" \/>\n<meta name=\"twitter:card\" content=\"summary_large_image\" \/>\n<meta name=\"twitter:creator\" content=\"@canfalima\" \/>\n<meta name=\"twitter:site\" content=\"@canfalima\" \/>\n<meta name=\"twitter:label1\" content=\"Written by\" \/>\n\t<meta name=\"twitter:data1\" content=\"D\u00eddac\" \/>\n\t<meta name=\"twitter:label2\" content=\"Est. reading time\" \/>\n\t<meta name=\"twitter:data2\" content=\"1 minute\" \/>\n<script type=\"application\/ld+json\" class=\"yoast-schema-graph\">{\"@context\":\"https:\\\/\\\/schema.org\",\"@graph\":[{\"@type\":\"NewsArticle\",\"@id\":\"https:\\\/\\\/canfali.com\\\/ca-es\\\/dos-rutes-alternativas-per-a-baixar-a-moraira\\\/#article\",\"isPartOf\":{\"@id\":\"https:\\\/\\\/canfali.com\\\/ca-es\\\/dos-rutes-alternativas-per-a-baixar-a-moraira\\\/\"},\"author\":{\"name\":\"D\u00eddac\",\"@id\":\"https:\\\/\\\/canfali.com\\\/ca-es\\\/#\\\/schema\\\/person\\\/5211f51be1ed486a218e6a4f53355b6d\"},\"headline\":\"Dos rutes alternativas per a baixar a Moraira\",\"datePublished\":\"2025-03-31T14:13:17+00:00\",\"dateModified\":\"2025-04-01T06:18:01+00:00\",\"mainEntityOfPage\":{\"@id\":\"https:\\\/\\\/canfali.com\\\/ca-es\\\/dos-rutes-alternativas-per-a-baixar-a-moraira\\\/\"},\"wordCount\":158,\"publisher\":{\"@id\":\"https:\\\/\\\/canfali.com\\\/ca-es\\\/#organization\"},\"image\":{\"@id\":\"https:\\\/\\\/canfali.com\\\/ca-es\\\/dos-rutes-alternativas-per-a-baixar-a-moraira\\\/#primaryimage\"},\"thumbnailUrl\":\"https:\\\/\\\/canfali.com\\\/app\\\/uploads\\\/2025\\\/03\\\/desvio-moraira-scaled-e1743488225412.jpg\",\"keywords\":[\"carreteres\",\"Desviament\",\"moraira\",\"obres\"],\"articleSection\":[\"Municipal\"],\"inLanguage\":\"va-ES\",\"copyrightYear\":\"2025\",\"copyrightHolder\":{\"@id\":\"https:\\\/\\\/canfali.com\\\/#organization\"}},{\"@type\":\"WebPage\",\"@id\":\"https:\\\/\\\/canfali.com\\\/ca-es\\\/dos-rutes-alternativas-per-a-baixar-a-moraira\\\/\",\"url\":\"https:\\\/\\\/canfali.com\\\/ca-es\\\/dos-rutes-alternativas-per-a-baixar-a-moraira\\\/\",\"name\":\"Dos rutes alternativas per a baixar a Moraira - Canfali\",\"isPartOf\":{\"@id\":\"https:\\\/\\\/canfali.com\\\/ca-es\\\/#website\"},\"primaryImageOfPage\":{\"@id\":\"https:\\\/\\\/canfali.com\\\/ca-es\\\/dos-rutes-alternativas-per-a-baixar-a-moraira\\\/#primaryimage\"},\"image\":{\"@id\":\"https:\\\/\\\/canfali.com\\\/ca-es\\\/dos-rutes-alternativas-per-a-baixar-a-moraira\\\/#primaryimage\"},\"thumbnailUrl\":\"https:\\\/\\\/canfali.com\\\/app\\\/uploads\\\/2025\\\/03\\\/desvio-moraira-scaled-e1743488225412.jpg\",\"datePublished\":\"2025-03-31T14:13:17+00:00\",\"dateModified\":\"2025-04-01T06:18:01+00:00\",\"breadcrumb\":{\"@id\":\"https:\\\/\\\/canfali.com\\\/ca-es\\\/dos-rutes-alternativas-per-a-baixar-a-moraira\\\/#breadcrumb\"},\"inLanguage\":\"va-ES\",\"potentialAction\":[{\"@type\":\"ReadAction\",\"target\":[\"https:\\\/\\\/canfali.com\\\/ca-es\\\/dos-rutes-alternativas-per-a-baixar-a-moraira\\\/\"]}]},{\"@type\":\"ImageObject\",\"inLanguage\":\"va-ES\",\"@id\":\"https:\\\/\\\/canfali.com\\\/ca-es\\\/dos-rutes-alternativas-per-a-baixar-a-moraira\\\/#primaryimage\",\"url\":\"https:\\\/\\\/canfali.com\\\/app\\\/uploads\\\/2025\\\/03\\\/desvio-moraira-scaled-e1743488225412.jpg\",\"contentUrl\":\"https:\\\/\\\/canfali.com\\\/app\\\/uploads\\\/2025\\\/03\\\/desvio-moraira-scaled-e1743488225412.jpg\",\"width\":1200,\"height\":900},{\"@type\":\"BreadcrumbList\",\"@id\":\"https:\\\/\\\/canfali.com\\\/ca-es\\\/dos-rutes-alternativas-per-a-baixar-a-moraira\\\/#breadcrumb\",\"itemListElement\":[{\"@type\":\"ListItem\",\"position\":1,\"name\":\"Portada\",\"item\":\"https:\\\/\\\/canfali.com\\\/ca-es\\\/\"},{\"@type\":\"ListItem\",\"position\":2,\"name\":\"Dos rutes alternativas per a baixar a Moraira\"}]},{\"@type\":\"WebSite\",\"@id\":\"https:\\\/\\\/canfali.com\\\/ca-es\\\/#website\",\"url\":\"https:\\\/\\\/canfali.com\\\/ca-es\\\/\",\"name\":\"Canfali\",\"description\":\"\",\"publisher\":{\"@id\":\"https:\\\/\\\/canfali.com\\\/ca-es\\\/#organization\"},\"potentialAction\":[{\"@type\":\"SearchAction\",\"target\":{\"@type\":\"EntryPoint\",\"urlTemplate\":\"https:\\\/\\\/canfali.com\\\/ca-es\\\/?s={search_term_string}\"},\"query-input\":{\"@type\":\"PropertyValueSpecification\",\"valueRequired\":true,\"valueName\":\"search_term_string\"}}],\"inLanguage\":\"va-ES\"},{\"@type\":\"Organization\",\"@id\":\"https:\\\/\\\/canfali.com\\\/ca-es\\\/#organization\",\"name\":\"Canfali\",\"url\":\"https:\\\/\\\/canfali.com\\\/ca-es\\\/\",\"logo\":{\"@type\":\"ImageObject\",\"inLanguage\":\"va-ES\",\"@id\":\"https:\\\/\\\/canfali.com\\\/ca-es\\\/#\\\/schema\\\/logo\\\/image\\\/\",\"url\":\"https:\\\/\\\/canfali.com\\\/app\\\/uploads\\\/2025\\\/12\\\/canfali_marina_alta_logo.png\",\"contentUrl\":\"https:\\\/\\\/canfali.com\\\/app\\\/uploads\\\/2025\\\/12\\\/canfali_marina_alta_logo.png\",\"width\":225,\"height\":225,\"caption\":\"Canfali\"},\"image\":{\"@id\":\"https:\\\/\\\/canfali.com\\\/ca-es\\\/#\\\/schema\\\/logo\\\/image\\\/\"},\"sameAs\":[\"https:\\\/\\\/es-es.facebook.com\\\/CANFALIMarinaAlta\",\"https:\\\/\\\/x.com\\\/canfalima\",\"https:\\\/\\\/www.instagram.com\\\/canfalimarinaalta\\\/\"]},{\"@type\":\"Person\",\"@id\":\"https:\\\/\\\/canfali.com\\\/ca-es\\\/#\\\/schema\\\/person\\\/5211f51be1ed486a218e6a4f53355b6d\",\"name\":\"D\u00eddac\",\"image\":{\"@type\":\"ImageObject\",\"inLanguage\":\"va-ES\",\"@id\":\"https:\\\/\\\/secure.gravatar.com\\\/avatar\\\/a68a2078c12da8a6dd6cff4f3f3f69f7eb69a2d31ac1aac4da61c3761e4557f4?s=96&d=mm&r=g\",\"url\":\"https:\\\/\\\/secure.gravatar.com\\\/avatar\\\/a68a2078c12da8a6dd6cff4f3f3f69f7eb69a2d31ac1aac4da61c3761e4557f4?s=96&d=mm&r=g\",\"contentUrl\":\"https:\\\/\\\/secure.gravatar.com\\\/avatar\\\/a68a2078c12da8a6dd6cff4f3f3f69f7eb69a2d31ac1aac4da61c3761e4557f4?s=96&d=mm&r=g\",\"caption\":\"D\u00eddac\"},\"url\":\"https:\\\/\\\/canfali.com\\\/ca-es\\\/author\\\/didac\\\/\"}]}<\/script>\n<!-- \/ Yoast SEO Premium plugin. -->","yoast_head_json":{"title":"Dos rutes alternativas per a baixar a Moraira - Canfali","robots":{"index":"index","follow":"follow","max-snippet":"max-snippet:-1","max-image-preview":"max-image-preview:large","max-video-preview":"max-video-preview:-1"},"canonical":"https:\/\/canfali.com\/ca-es\/dos-rutes-alternativas-per-a-baixar-a-moraira\/","og_locale":"en_US","og_type":"article","og_title":"Dos rutes alternativas per a baixar a Moraira","og_description":"La carretera que uneix Teulada i Moraira roman tallada al tr\u00e0nsit en sentit descendent des de dijous passat a causa d'obres d'ampliaci\u00f3.","og_url":"https:\/\/canfali.com\/ca-es\/dos-rutes-alternativas-per-a-baixar-a-moraira\/","og_site_name":"Canfali","article_publisher":"https:\/\/es-es.facebook.com\/CANFALIMarinaAlta","article_published_time":"2025-03-31T14:13:17+00:00","article_modified_time":"2025-04-01T06:18:01+00:00","og_image":[{"width":1200,"height":900,"url":"https:\/\/canfali.com\/app\/uploads\/2025\/03\/desvio-moraira-scaled-e1743488225412.jpg","type":"image\/jpeg"}],"author":"D\u00eddac","twitter_card":"summary_large_image","twitter_creator":"@canfalima","twitter_site":"@canfalima","twitter_misc":{"Written by":"D\u00eddac","Est. reading time":"1 minute"},"schema":{"@context":"https:\/\/schema.org","@graph":[{"@type":"NewsArticle","@id":"https:\/\/canfali.com\/ca-es\/dos-rutes-alternativas-per-a-baixar-a-moraira\/#article","isPartOf":{"@id":"https:\/\/canfali.com\/ca-es\/dos-rutes-alternativas-per-a-baixar-a-moraira\/"},"author":{"name":"D\u00eddac","@id":"https:\/\/canfali.com\/ca-es\/#\/schema\/person\/5211f51be1ed486a218e6a4f53355b6d"},"headline":"Dos rutes alternativas per a baixar a Moraira","datePublished":"2025-03-31T14:13:17+00:00","dateModified":"2025-04-01T06:18:01+00:00","mainEntityOfPage":{"@id":"https:\/\/canfali.com\/ca-es\/dos-rutes-alternativas-per-a-baixar-a-moraira\/"},"wordCount":158,"publisher":{"@id":"https:\/\/canfali.com\/ca-es\/#organization"},"image":{"@id":"https:\/\/canfali.com\/ca-es\/dos-rutes-alternativas-per-a-baixar-a-moraira\/#primaryimage"},"thumbnailUrl":"https:\/\/canfali.com\/app\/uploads\/2025\/03\/desvio-moraira-scaled-e1743488225412.jpg","keywords":["carreteres","Desviament","moraira","obres"],"articleSection":["Municipal"],"inLanguage":"va-ES","copyrightYear":"2025","copyrightHolder":{"@id":"https:\/\/canfali.com\/#organization"}},{"@type":"WebPage","@id":"https:\/\/canfali.com\/ca-es\/dos-rutes-alternativas-per-a-baixar-a-moraira\/","url":"https:\/\/canfali.com\/ca-es\/dos-rutes-alternativas-per-a-baixar-a-moraira\/","name":"Dos rutes alternativas per a baixar a Moraira - Canfali","isPartOf":{"@id":"https:\/\/canfali.com\/ca-es\/#website"},"primaryImageOfPage":{"@id":"https:\/\/canfali.com\/ca-es\/dos-rutes-alternativas-per-a-baixar-a-moraira\/#primaryimage"},"image":{"@id":"https:\/\/canfali.com\/ca-es\/dos-rutes-alternativas-per-a-baixar-a-moraira\/#primaryimage"},"thumbnailUrl":"https:\/\/canfali.com\/app\/uploads\/2025\/03\/desvio-moraira-scaled-e1743488225412.jpg","datePublished":"2025-03-31T14:13:17+00:00","dateModified":"2025-04-01T06:18:01+00:00","breadcrumb":{"@id":"https:\/\/canfali.com\/ca-es\/dos-rutes-alternativas-per-a-baixar-a-moraira\/#breadcrumb"},"inLanguage":"va-ES","potentialAction":[{"@type":"ReadAction","target":["https:\/\/canfali.com\/ca-es\/dos-rutes-alternativas-per-a-baixar-a-moraira\/"]}]},{"@type":"ImageObject","inLanguage":"va-ES","@id":"https:\/\/canfali.com\/ca-es\/dos-rutes-alternativas-per-a-baixar-a-moraira\/#primaryimage","url":"https:\/\/canfali.com\/app\/uploads\/2025\/03\/desvio-moraira-scaled-e1743488225412.jpg","contentUrl":"https:\/\/canfali.com\/app\/uploads\/2025\/03\/desvio-moraira-scaled-e1743488225412.jpg","width":1200,"height":900},{"@type":"BreadcrumbList","@id":"https:\/\/canfali.com\/ca-es\/dos-rutes-alternativas-per-a-baixar-a-moraira\/#breadcrumb","itemListElement":[{"@type":"ListItem","position":1,"name":"Portada","item":"https:\/\/canfali.com\/ca-es\/"},{"@type":"ListItem","position":2,"name":"Dos rutes alternativas per a baixar a Moraira"}]},{"@type":"WebSite","@id":"https:\/\/canfali.com\/ca-es\/#website","url":"https:\/\/canfali.com\/ca-es\/","name":"Canfali","description":"","publisher":{"@id":"https:\/\/canfali.com\/ca-es\/#organization"},"potentialAction":[{"@type":"SearchAction","target":{"@type":"EntryPoint","urlTemplate":"https:\/\/canfali.com\/ca-es\/?s={search_term_string}"},"query-input":{"@type":"PropertyValueSpecification","valueRequired":true,"valueName":"search_term_string"}}],"inLanguage":"va-ES"},{"@type":"Organization","@id":"https:\/\/canfali.com\/ca-es\/#organization","name":"Canfali","url":"https:\/\/canfali.com\/ca-es\/","logo":{"@type":"ImageObject","inLanguage":"va-ES","@id":"https:\/\/canfali.com\/ca-es\/#\/schema\/logo\/image\/","url":"https:\/\/canfali.com\/app\/uploads\/2025\/12\/canfali_marina_alta_logo.png","contentUrl":"https:\/\/canfali.com\/app\/uploads\/2025\/12\/canfali_marina_alta_logo.png","width":225,"height":225,"caption":"Canfali"},"image":{"@id":"https:\/\/canfali.com\/ca-es\/#\/schema\/logo\/image\/"},"sameAs":["https:\/\/es-es.facebook.com\/CANFALIMarinaAlta","https:\/\/x.com\/canfalima","https:\/\/www.instagram.com\/canfalimarinaalta\/"]},{"@type":"Person","@id":"https:\/\/canfali.com\/ca-es\/#\/schema\/person\/5211f51be1ed486a218e6a4f53355b6d","name":"D\u00eddac","image":{"@type":"ImageObject","inLanguage":"va-ES","@id":"https:\/\/secure.gravatar.com\/avatar\/a68a2078c12da8a6dd6cff4f3f3f69f7eb69a2d31ac1aac4da61c3761e4557f4?s=96&d=mm&r=g","url":"https:\/\/secure.gravatar.com\/avatar\/a68a2078c12da8a6dd6cff4f3f3f69f7eb69a2d31ac1aac4da61c3761e4557f4?s=96&d=mm&r=g","contentUrl":"https:\/\/secure.gravatar.com\/avatar\/a68a2078c12da8a6dd6cff4f3f3f69f7eb69a2d31ac1aac4da61c3761e4557f4?s=96&d=mm&r=g","caption":"D\u00eddac"},"url":"https:\/\/canfali.com\/ca-es\/author\/didac\/"}]}},"_links":{"self":[{"href":"https:\/\/canfali.com\/ca-es\/wp-json\/wp\/v2\/posts\/60797","targetHints":{"allow":["GET"]}}],"collection":[{"href":"https:\/\/canfali.com\/ca-es\/wp-json\/wp\/v2\/posts"}],"about":[{"href":"https:\/\/canfali.com\/ca-es\/wp-json\/wp\/v2\/types\/post"}],"author":[{"embeddable":true,"href":"https:\/\/canfali.com\/ca-es\/wp-json\/wp\/v2\/users\/5"}],"replies":[{"embeddable":true,"href":"https:\/\/canfali.com\/ca-es\/wp-json\/wp\/v2\/comments?post=60797"}],"version-history":[{"count":3,"href":"https:\/\/canfali.com\/ca-es\/wp-json\/wp\/v2\/posts\/60797\/revisions"}],"predecessor-version":[{"id":60857,"href":"https:\/\/canfali.com\/ca-es\/wp-json\/wp\/v2\/posts\/60797\/revisions\/60857"}],"wp:featuredmedia":[{"embeddable":true,"href":"https:\/\/canfali.com\/ca-es\/wp-json\/wp\/v2\/media\/60795"}],"wp:attachment":[{"href":"https:\/\/canfali.com\/ca-es\/wp-json\/wp\/v2\/media?parent=60797"}],"wp:term":[{"taxonomy":"category","embeddable":true,"href":"https:\/\/canfali.com\/ca-es\/wp-json\/wp\/v2\/categories?post=60797"},{"taxonomy":"post_tag","embeddable":true,"href":"https:\/\/canfali.com\/ca-es\/wp-json\/wp\/v2\/tags?post=60797"}],"curies":[{"name":"wp","href":"https:\/\/api.w.org\/{rel}","templated":true}]}}