{"id":60785,"date":"2025-03-31T13:28:14","date_gmt":"2025-03-31T11:28:14","guid":{"rendered":"https:\/\/canfali.com\/?p=60785"},"modified":"2025-03-31T13:28:15","modified_gmt":"2025-03-31T11:28:15","slug":"el-llegat-de-laigua-a-xalo","status":"publish","type":"post","link":"https:\/\/canfali.com\/ca-es\/el-llegat-de-laigua-a-xalo\/","title":{"rendered":"El llegat de l\u2019aigua a Xal\u00f3"},"content":{"rendered":"\n<p>Aq\u00fceductes, fonts, safareigs, molins hidr\u00e0ulics, assuts i preses constitueixen un ric patrimoni i, alhora, s\u00f3n una mostra de l\u2019enginy de l\u2019home per aprofitar i gestionar l\u2019aigua de forma eficient. El dissabte passat, 22 de mar\u00e7, es commemorava el Dia de l\u2019Aigua amb una ruta a Xal\u00f3 guiada pel cronista de la vila, Jaume Noguera, i promoguda per la Plataforma Salvem la Vall. Un recorregut pel poble a fi de con\u00e8ixer de primera m\u00e0 el llegat de l\u2019aigua i com les diferents infraestructures influ\u00efren en el quefer diari de la poblaci\u00f3.<\/p>\n\n\n\n<p>&nbsp;&nbsp;&nbsp;&nbsp;&nbsp;&nbsp;&nbsp;&nbsp;&nbsp;&nbsp;&nbsp; El lloc de trobada va ser l\u2019assut de la Xopada que ja estava operatiu en l\u2019any 1847. L\u2019aigua embassada en aquest assut era portada a trav\u00e9s d\u2019una s\u00e9quia -hui ja desapareguda- fins a la bassa del mol\u00ed del Giner. Aquesta conducci\u00f3 es deia s\u00e9quia mare o major i ha donat nom al pla de la S\u00e9quia. El mol\u00ed porta eixe nom perqu\u00e8 era propietat de Gabriel Giner Montaner, alcalde de Xal\u00f3 a comen\u00e7aments del segle XX. Hi havia tres molins hidr\u00e0ulics m\u00e9s, el de Tarafa, el mol\u00ed Nou i el de Ll\u00edber. Tots quatre aprofitaven les aig\u00fces del riu Xal\u00f3 per a moure les seues moles, ja que la situaci\u00f3 del poble al fons d\u2019una vall encerclada de muntanyes no permet que el vent bufe amb la for\u00e7a requerida per a la instal\u00b7laci\u00f3 de molins e\u00f2lics. El Mol\u00ed de Giner, segons va dir Noguera, va rebre altres denominacions com Mol\u00ed del Lloc i Mol\u00ed del Poble. A hores d\u2019ara, \u00e9s un edifici de propietat municipal que s\u2019ha restaurat com a Casa de Cultura.<\/p>\n\n\n\n<figure class=\"wp-block-image size-large\"><img fetchpriority=\"high\" decoding=\"async\" width=\"1024\" height=\"683\" src=\"https:\/\/canfali.com\/app\/uploads\/2025\/03\/aigua-ruta-2-1024x683.jpg\" alt=\"\" class=\"wp-image-60788\" srcset=\"https:\/\/canfali.com\/app\/uploads\/2025\/03\/aigua-ruta-2-1024x683.jpg 1024w, https:\/\/canfali.com\/app\/uploads\/2025\/03\/aigua-ruta-2-300x200.jpg 300w, https:\/\/canfali.com\/app\/uploads\/2025\/03\/aigua-ruta-2-768x512.jpg 768w, https:\/\/canfali.com\/app\/uploads\/2025\/03\/aigua-ruta-2-1536x1024.jpg 1536w, https:\/\/canfali.com\/app\/uploads\/2025\/03\/aigua-ruta-2-2048x1365.jpg 2048w, https:\/\/canfali.com\/app\/uploads\/2025\/03\/aigua-ruta-2.jpg 2304w\" sizes=\"(max-width: 1024px) 100vw, 1024px\" \/><\/figure>\n\n\n\n<p>&nbsp;&nbsp;&nbsp;&nbsp;&nbsp;&nbsp;&nbsp;&nbsp;&nbsp;&nbsp;&nbsp; La coneguda Bassa dels Arcs -per la seua estructura- en realitat es diu dels Xopena, el malnom de la fam\u00edlia de Francesc Llopis Alvarado. No se sap a ci\u00e8ncia certa si va ser constru\u00efda pel pare o el fill, ja que tots dos eren obrers ben qualificats. El Francesc fill va comen\u00e7ar a obrar amb el seu pare quan encara era un adolescent. Ja d\u2019adult, seria alcalde de Xal\u00f3 durant almenys dos mandats i va ser l\u2019encarregat que s\u2019aplicaren correctament les alineacions dels carrers fixades al pl\u00e0nol de 1847. Era un home ric i, fins i tot va adquirir una finca a Sidi Bel Abb\u00e8s, a Alg\u00e8ria.<\/p>\n\n\n\n<p>&nbsp;&nbsp;&nbsp;&nbsp;&nbsp;&nbsp;&nbsp;&nbsp;&nbsp;&nbsp;&nbsp; Una altra fita important \u00e9s el Pou de les Figueretes, un dels cinc pous de font que prove\u00efa d\u2019aigua als ve\u00efns de Xal\u00f3 abans que l\u2019ajuntament instal\u00b7lara la xarxa d\u2019aigua potable. Els altres pous comunals eren el de l\u2019Assegador, el de la Basseta, el del cam\u00ed de Passula i el del Sequier. Tret d\u2019aquest, que est\u00e0 soterrat, tots els altres pous han estat restaurats. En la documentaci\u00f3 hist\u00f2rica, les refer\u00e8ncies al Pou de les Figueretes s\u00f3n constants perqu\u00e8, de fet, se n\u2019han conservat dels segles XVII, XVIII i XIX. \u201cEn el Llibre dels Jurats de Xal\u00f3, n\u2019hi ha una de ben curiosa\u201d, comenta Noguera. \u201cL\u2019any 1632\u201d, continua, \u201cMart\u00ed Server i Joan-Miquel Serra, dos ve\u00efns de Xal\u00f3, es van encarregar de netejar el pou i, per aquesta faena, els jurats els van pagar la quantitat de quatre diners\u201d. I un altra. El 21 de febrer de 1847, l\u2019Ajuntament de Xal\u00f3 va acordar donar-li m\u00e9s amplitud al Pou de les Figueretes a causa de l\u2019imminent perill en qu\u00e8 estaven les dones quan treien l\u2019aigua\u201d.<\/p>\n\n\n\n<p>&nbsp;&nbsp;&nbsp;&nbsp;&nbsp;&nbsp;&nbsp;&nbsp;&nbsp;&nbsp;&nbsp; Aquest llegat hidr\u00e0ulic demostra com els habitants de la Marina Alta -en aquest cas de Xal\u00f3- han sabut adaptar-se a un medi amb recursos h\u00eddrics limitats. Moltes d\u2019aquestes infraestructures estan en des\u00fas per\u00f2 encara formen part del paisatge i la hist\u00f2ria de la comarca.<\/p>\n","protected":false},"excerpt":{"rendered":"Aq\u00fceductes, fonts, safareigs, molins hidr\u00e0ulics, assuts i preses constitueixen un ric patrimoni i, alhora, s\u00f3n una mostra de&hellip;","protected":false},"author":5,"featured_media":60786,"comment_status":"closed","ping_status":"closed","sticky":false,"template":"","format":"standard","meta":{"csco_display_header_overlay":false,"csco_singular_sidebar":"","csco_page_header_type":"","csco_page_load_nextpost":"","csco_post_video_location":[],"csco_post_video_location_hash":"","csco_post_video_url":"","csco_post_video_bg_start_time":0,"csco_post_video_bg_end_time":0,"footnotes":""},"categories":[597],"tags":[848,1019,1020,1021,1018],"class_list":{"0":"post-60785","1":"post","2":"type-post","3":"status-publish","4":"format-standard","5":"has-post-thumbnail","7":"category-cultura-ca-es","8":"tag-aigua-2","9":"tag-basses","10":"tag-molins-hidraulics","11":"tag-patrimoni","12":"tag-pous","13":"cs-entry","14":"cs-video-wrap"},"yoast_head":"<!-- This site is optimized with the Yoast SEO Premium plugin v26.6 (Yoast SEO v27.3) - https:\/\/yoast.com\/product\/yoast-seo-premium-wordpress\/ -->\n<title>El llegat de l\u2019aigua a Xal\u00f3 - Canfali<\/title>\n<meta name=\"robots\" content=\"index, follow, max-snippet:-1, max-image-preview:large, max-video-preview:-1\" \/>\n<link rel=\"canonical\" href=\"https:\/\/canfali.com\/ca-es\/el-llegat-de-laigua-a-xalo\/\" \/>\n<meta property=\"og:locale\" content=\"en_US\" \/>\n<meta property=\"og:type\" content=\"article\" \/>\n<meta property=\"og:title\" content=\"El llegat de l\u2019aigua a Xal\u00f3\" \/>\n<meta property=\"og:description\" content=\"Aq\u00fceductes, fonts, safareigs, molins hidr\u00e0ulics, assuts i preses constitueixen un ric patrimoni i, alhora, s\u00f3n una mostra de&hellip;\" \/>\n<meta property=\"og:url\" content=\"https:\/\/canfali.com\/ca-es\/el-llegat-de-laigua-a-xalo\/\" \/>\n<meta property=\"og:site_name\" content=\"Canfali\" \/>\n<meta property=\"article:publisher\" content=\"https:\/\/es-es.facebook.com\/CANFALIMarinaAlta\" \/>\n<meta property=\"article:published_time\" content=\"2025-03-31T11:28:14+00:00\" \/>\n<meta property=\"article:modified_time\" content=\"2025-03-31T11:28:15+00:00\" \/>\n<meta property=\"og:image\" content=\"https:\/\/canfali.com\/app\/uploads\/2025\/03\/aigua-ruta-1.jpg\" \/>\n\t<meta property=\"og:image:width\" content=\"2304\" \/>\n\t<meta property=\"og:image:height\" content=\"1536\" \/>\n\t<meta property=\"og:image:type\" content=\"image\/jpeg\" \/>\n<meta name=\"author\" content=\"D\u00eddac\" \/>\n<meta name=\"twitter:card\" content=\"summary_large_image\" \/>\n<meta name=\"twitter:creator\" content=\"@canfalima\" \/>\n<meta name=\"twitter:site\" content=\"@canfalima\" \/>\n<meta name=\"twitter:label1\" content=\"Written by\" \/>\n\t<meta name=\"twitter:data1\" content=\"D\u00eddac\" \/>\n\t<meta name=\"twitter:label2\" content=\"Est. reading time\" \/>\n\t<meta name=\"twitter:data2\" content=\"3 minutes\" \/>\n<script type=\"application\/ld+json\" class=\"yoast-schema-graph\">{\"@context\":\"https:\\\/\\\/schema.org\",\"@graph\":[{\"@type\":\"NewsArticle\",\"@id\":\"https:\\\/\\\/canfali.com\\\/ca-es\\\/el-llegat-de-laigua-a-xalo\\\/#article\",\"isPartOf\":{\"@id\":\"https:\\\/\\\/canfali.com\\\/ca-es\\\/el-llegat-de-laigua-a-xalo\\\/\"},\"author\":{\"name\":\"D\u00eddac\",\"@id\":\"https:\\\/\\\/canfali.com\\\/ca-es\\\/#\\\/schema\\\/person\\\/5211f51be1ed486a218e6a4f53355b6d\"},\"headline\":\"El llegat de l\u2019aigua a Xal\u00f3\",\"datePublished\":\"2025-03-31T11:28:14+00:00\",\"dateModified\":\"2025-03-31T11:28:15+00:00\",\"mainEntityOfPage\":{\"@id\":\"https:\\\/\\\/canfali.com\\\/ca-es\\\/el-llegat-de-laigua-a-xalo\\\/\"},\"wordCount\":695,\"publisher\":{\"@id\":\"https:\\\/\\\/canfali.com\\\/ca-es\\\/#organization\"},\"image\":{\"@id\":\"https:\\\/\\\/canfali.com\\\/ca-es\\\/el-llegat-de-laigua-a-xalo\\\/#primaryimage\"},\"thumbnailUrl\":\"https:\\\/\\\/canfali.com\\\/app\\\/uploads\\\/2025\\\/03\\\/aigua-ruta-1.jpg\",\"keywords\":[\"aigua\",\"basses\",\"molins hidr\u00e0ulics\",\"patrimoni\",\"pous\"],\"articleSection\":[\"Cultura\"],\"inLanguage\":\"va-ES\",\"copyrightYear\":\"2025\",\"copyrightHolder\":{\"@id\":\"https:\\\/\\\/canfali.com\\\/#organization\"}},{\"@type\":\"WebPage\",\"@id\":\"https:\\\/\\\/canfali.com\\\/ca-es\\\/el-llegat-de-laigua-a-xalo\\\/\",\"url\":\"https:\\\/\\\/canfali.com\\\/ca-es\\\/el-llegat-de-laigua-a-xalo\\\/\",\"name\":\"El llegat de l\u2019aigua a Xal\u00f3 - Canfali\",\"isPartOf\":{\"@id\":\"https:\\\/\\\/canfali.com\\\/ca-es\\\/#website\"},\"primaryImageOfPage\":{\"@id\":\"https:\\\/\\\/canfali.com\\\/ca-es\\\/el-llegat-de-laigua-a-xalo\\\/#primaryimage\"},\"image\":{\"@id\":\"https:\\\/\\\/canfali.com\\\/ca-es\\\/el-llegat-de-laigua-a-xalo\\\/#primaryimage\"},\"thumbnailUrl\":\"https:\\\/\\\/canfali.com\\\/app\\\/uploads\\\/2025\\\/03\\\/aigua-ruta-1.jpg\",\"datePublished\":\"2025-03-31T11:28:14+00:00\",\"dateModified\":\"2025-03-31T11:28:15+00:00\",\"breadcrumb\":{\"@id\":\"https:\\\/\\\/canfali.com\\\/ca-es\\\/el-llegat-de-laigua-a-xalo\\\/#breadcrumb\"},\"inLanguage\":\"va-ES\",\"potentialAction\":[{\"@type\":\"ReadAction\",\"target\":[\"https:\\\/\\\/canfali.com\\\/ca-es\\\/el-llegat-de-laigua-a-xalo\\\/\"]}]},{\"@type\":\"ImageObject\",\"inLanguage\":\"va-ES\",\"@id\":\"https:\\\/\\\/canfali.com\\\/ca-es\\\/el-llegat-de-laigua-a-xalo\\\/#primaryimage\",\"url\":\"https:\\\/\\\/canfali.com\\\/app\\\/uploads\\\/2025\\\/03\\\/aigua-ruta-1.jpg\",\"contentUrl\":\"https:\\\/\\\/canfali.com\\\/app\\\/uploads\\\/2025\\\/03\\\/aigua-ruta-1.jpg\",\"width\":2304,\"height\":1536},{\"@type\":\"BreadcrumbList\",\"@id\":\"https:\\\/\\\/canfali.com\\\/ca-es\\\/el-llegat-de-laigua-a-xalo\\\/#breadcrumb\",\"itemListElement\":[{\"@type\":\"ListItem\",\"position\":1,\"name\":\"Portada\",\"item\":\"https:\\\/\\\/canfali.com\\\/ca-es\\\/\"},{\"@type\":\"ListItem\",\"position\":2,\"name\":\"El llegat de l\u2019aigua a Xal\u00f3\"}]},{\"@type\":\"WebSite\",\"@id\":\"https:\\\/\\\/canfali.com\\\/ca-es\\\/#website\",\"url\":\"https:\\\/\\\/canfali.com\\\/ca-es\\\/\",\"name\":\"Canfali\",\"description\":\"\",\"publisher\":{\"@id\":\"https:\\\/\\\/canfali.com\\\/ca-es\\\/#organization\"},\"potentialAction\":[{\"@type\":\"SearchAction\",\"target\":{\"@type\":\"EntryPoint\",\"urlTemplate\":\"https:\\\/\\\/canfali.com\\\/ca-es\\\/?s={search_term_string}\"},\"query-input\":{\"@type\":\"PropertyValueSpecification\",\"valueRequired\":true,\"valueName\":\"search_term_string\"}}],\"inLanguage\":\"va-ES\"},{\"@type\":\"Organization\",\"@id\":\"https:\\\/\\\/canfali.com\\\/ca-es\\\/#organization\",\"name\":\"Canfali\",\"url\":\"https:\\\/\\\/canfali.com\\\/ca-es\\\/\",\"logo\":{\"@type\":\"ImageObject\",\"inLanguage\":\"va-ES\",\"@id\":\"https:\\\/\\\/canfali.com\\\/ca-es\\\/#\\\/schema\\\/logo\\\/image\\\/\",\"url\":\"https:\\\/\\\/canfali.com\\\/app\\\/uploads\\\/2025\\\/12\\\/canfali_marina_alta_logo.png\",\"contentUrl\":\"https:\\\/\\\/canfali.com\\\/app\\\/uploads\\\/2025\\\/12\\\/canfali_marina_alta_logo.png\",\"width\":225,\"height\":225,\"caption\":\"Canfali\"},\"image\":{\"@id\":\"https:\\\/\\\/canfali.com\\\/ca-es\\\/#\\\/schema\\\/logo\\\/image\\\/\"},\"sameAs\":[\"https:\\\/\\\/es-es.facebook.com\\\/CANFALIMarinaAlta\",\"https:\\\/\\\/x.com\\\/canfalima\",\"https:\\\/\\\/www.instagram.com\\\/canfalimarinaalta\\\/\"]},{\"@type\":\"Person\",\"@id\":\"https:\\\/\\\/canfali.com\\\/ca-es\\\/#\\\/schema\\\/person\\\/5211f51be1ed486a218e6a4f53355b6d\",\"name\":\"D\u00eddac\",\"image\":{\"@type\":\"ImageObject\",\"inLanguage\":\"va-ES\",\"@id\":\"https:\\\/\\\/secure.gravatar.com\\\/avatar\\\/a68a2078c12da8a6dd6cff4f3f3f69f7eb69a2d31ac1aac4da61c3761e4557f4?s=96&d=mm&r=g\",\"url\":\"https:\\\/\\\/secure.gravatar.com\\\/avatar\\\/a68a2078c12da8a6dd6cff4f3f3f69f7eb69a2d31ac1aac4da61c3761e4557f4?s=96&d=mm&r=g\",\"contentUrl\":\"https:\\\/\\\/secure.gravatar.com\\\/avatar\\\/a68a2078c12da8a6dd6cff4f3f3f69f7eb69a2d31ac1aac4da61c3761e4557f4?s=96&d=mm&r=g\",\"caption\":\"D\u00eddac\"},\"url\":\"https:\\\/\\\/canfali.com\\\/ca-es\\\/author\\\/didac\\\/\"}]}<\/script>\n<!-- \/ Yoast SEO Premium plugin. -->","yoast_head_json":{"title":"El llegat de l\u2019aigua a Xal\u00f3 - Canfali","robots":{"index":"index","follow":"follow","max-snippet":"max-snippet:-1","max-image-preview":"max-image-preview:large","max-video-preview":"max-video-preview:-1"},"canonical":"https:\/\/canfali.com\/ca-es\/el-llegat-de-laigua-a-xalo\/","og_locale":"en_US","og_type":"article","og_title":"El llegat de l\u2019aigua a Xal\u00f3","og_description":"Aq\u00fceductes, fonts, safareigs, molins hidr\u00e0ulics, assuts i preses constitueixen un ric patrimoni i, alhora, s\u00f3n una mostra de&hellip;","og_url":"https:\/\/canfali.com\/ca-es\/el-llegat-de-laigua-a-xalo\/","og_site_name":"Canfali","article_publisher":"https:\/\/es-es.facebook.com\/CANFALIMarinaAlta","article_published_time":"2025-03-31T11:28:14+00:00","article_modified_time":"2025-03-31T11:28:15+00:00","og_image":[{"width":2304,"height":1536,"url":"https:\/\/canfali.com\/app\/uploads\/2025\/03\/aigua-ruta-1.jpg","type":"image\/jpeg"}],"author":"D\u00eddac","twitter_card":"summary_large_image","twitter_creator":"@canfalima","twitter_site":"@canfalima","twitter_misc":{"Written by":"D\u00eddac","Est. reading time":"3 minutes"},"schema":{"@context":"https:\/\/schema.org","@graph":[{"@type":"NewsArticle","@id":"https:\/\/canfali.com\/ca-es\/el-llegat-de-laigua-a-xalo\/#article","isPartOf":{"@id":"https:\/\/canfali.com\/ca-es\/el-llegat-de-laigua-a-xalo\/"},"author":{"name":"D\u00eddac","@id":"https:\/\/canfali.com\/ca-es\/#\/schema\/person\/5211f51be1ed486a218e6a4f53355b6d"},"headline":"El llegat de l\u2019aigua a Xal\u00f3","datePublished":"2025-03-31T11:28:14+00:00","dateModified":"2025-03-31T11:28:15+00:00","mainEntityOfPage":{"@id":"https:\/\/canfali.com\/ca-es\/el-llegat-de-laigua-a-xalo\/"},"wordCount":695,"publisher":{"@id":"https:\/\/canfali.com\/ca-es\/#organization"},"image":{"@id":"https:\/\/canfali.com\/ca-es\/el-llegat-de-laigua-a-xalo\/#primaryimage"},"thumbnailUrl":"https:\/\/canfali.com\/app\/uploads\/2025\/03\/aigua-ruta-1.jpg","keywords":["aigua","basses","molins hidr\u00e0ulics","patrimoni","pous"],"articleSection":["Cultura"],"inLanguage":"va-ES","copyrightYear":"2025","copyrightHolder":{"@id":"https:\/\/canfali.com\/#organization"}},{"@type":"WebPage","@id":"https:\/\/canfali.com\/ca-es\/el-llegat-de-laigua-a-xalo\/","url":"https:\/\/canfali.com\/ca-es\/el-llegat-de-laigua-a-xalo\/","name":"El llegat de l\u2019aigua a Xal\u00f3 - Canfali","isPartOf":{"@id":"https:\/\/canfali.com\/ca-es\/#website"},"primaryImageOfPage":{"@id":"https:\/\/canfali.com\/ca-es\/el-llegat-de-laigua-a-xalo\/#primaryimage"},"image":{"@id":"https:\/\/canfali.com\/ca-es\/el-llegat-de-laigua-a-xalo\/#primaryimage"},"thumbnailUrl":"https:\/\/canfali.com\/app\/uploads\/2025\/03\/aigua-ruta-1.jpg","datePublished":"2025-03-31T11:28:14+00:00","dateModified":"2025-03-31T11:28:15+00:00","breadcrumb":{"@id":"https:\/\/canfali.com\/ca-es\/el-llegat-de-laigua-a-xalo\/#breadcrumb"},"inLanguage":"va-ES","potentialAction":[{"@type":"ReadAction","target":["https:\/\/canfali.com\/ca-es\/el-llegat-de-laigua-a-xalo\/"]}]},{"@type":"ImageObject","inLanguage":"va-ES","@id":"https:\/\/canfali.com\/ca-es\/el-llegat-de-laigua-a-xalo\/#primaryimage","url":"https:\/\/canfali.com\/app\/uploads\/2025\/03\/aigua-ruta-1.jpg","contentUrl":"https:\/\/canfali.com\/app\/uploads\/2025\/03\/aigua-ruta-1.jpg","width":2304,"height":1536},{"@type":"BreadcrumbList","@id":"https:\/\/canfali.com\/ca-es\/el-llegat-de-laigua-a-xalo\/#breadcrumb","itemListElement":[{"@type":"ListItem","position":1,"name":"Portada","item":"https:\/\/canfali.com\/ca-es\/"},{"@type":"ListItem","position":2,"name":"El llegat de l\u2019aigua a Xal\u00f3"}]},{"@type":"WebSite","@id":"https:\/\/canfali.com\/ca-es\/#website","url":"https:\/\/canfali.com\/ca-es\/","name":"Canfali","description":"","publisher":{"@id":"https:\/\/canfali.com\/ca-es\/#organization"},"potentialAction":[{"@type":"SearchAction","target":{"@type":"EntryPoint","urlTemplate":"https:\/\/canfali.com\/ca-es\/?s={search_term_string}"},"query-input":{"@type":"PropertyValueSpecification","valueRequired":true,"valueName":"search_term_string"}}],"inLanguage":"va-ES"},{"@type":"Organization","@id":"https:\/\/canfali.com\/ca-es\/#organization","name":"Canfali","url":"https:\/\/canfali.com\/ca-es\/","logo":{"@type":"ImageObject","inLanguage":"va-ES","@id":"https:\/\/canfali.com\/ca-es\/#\/schema\/logo\/image\/","url":"https:\/\/canfali.com\/app\/uploads\/2025\/12\/canfali_marina_alta_logo.png","contentUrl":"https:\/\/canfali.com\/app\/uploads\/2025\/12\/canfali_marina_alta_logo.png","width":225,"height":225,"caption":"Canfali"},"image":{"@id":"https:\/\/canfali.com\/ca-es\/#\/schema\/logo\/image\/"},"sameAs":["https:\/\/es-es.facebook.com\/CANFALIMarinaAlta","https:\/\/x.com\/canfalima","https:\/\/www.instagram.com\/canfalimarinaalta\/"]},{"@type":"Person","@id":"https:\/\/canfali.com\/ca-es\/#\/schema\/person\/5211f51be1ed486a218e6a4f53355b6d","name":"D\u00eddac","image":{"@type":"ImageObject","inLanguage":"va-ES","@id":"https:\/\/secure.gravatar.com\/avatar\/a68a2078c12da8a6dd6cff4f3f3f69f7eb69a2d31ac1aac4da61c3761e4557f4?s=96&d=mm&r=g","url":"https:\/\/secure.gravatar.com\/avatar\/a68a2078c12da8a6dd6cff4f3f3f69f7eb69a2d31ac1aac4da61c3761e4557f4?s=96&d=mm&r=g","contentUrl":"https:\/\/secure.gravatar.com\/avatar\/a68a2078c12da8a6dd6cff4f3f3f69f7eb69a2d31ac1aac4da61c3761e4557f4?s=96&d=mm&r=g","caption":"D\u00eddac"},"url":"https:\/\/canfali.com\/ca-es\/author\/didac\/"}]}},"_links":{"self":[{"href":"https:\/\/canfali.com\/ca-es\/wp-json\/wp\/v2\/posts\/60785","targetHints":{"allow":["GET"]}}],"collection":[{"href":"https:\/\/canfali.com\/ca-es\/wp-json\/wp\/v2\/posts"}],"about":[{"href":"https:\/\/canfali.com\/ca-es\/wp-json\/wp\/v2\/types\/post"}],"author":[{"embeddable":true,"href":"https:\/\/canfali.com\/ca-es\/wp-json\/wp\/v2\/users\/5"}],"replies":[{"embeddable":true,"href":"https:\/\/canfali.com\/ca-es\/wp-json\/wp\/v2\/comments?post=60785"}],"version-history":[{"count":1,"href":"https:\/\/canfali.com\/ca-es\/wp-json\/wp\/v2\/posts\/60785\/revisions"}],"predecessor-version":[{"id":60790,"href":"https:\/\/canfali.com\/ca-es\/wp-json\/wp\/v2\/posts\/60785\/revisions\/60790"}],"wp:featuredmedia":[{"embeddable":true,"href":"https:\/\/canfali.com\/ca-es\/wp-json\/wp\/v2\/media\/60786"}],"wp:attachment":[{"href":"https:\/\/canfali.com\/ca-es\/wp-json\/wp\/v2\/media?parent=60785"}],"wp:term":[{"taxonomy":"category","embeddable":true,"href":"https:\/\/canfali.com\/ca-es\/wp-json\/wp\/v2\/categories?post=60785"},{"taxonomy":"post_tag","embeddable":true,"href":"https:\/\/canfali.com\/ca-es\/wp-json\/wp\/v2\/tags?post=60785"}],"curies":[{"name":"wp","href":"https:\/\/api.w.org\/{rel}","templated":true}]}}