{"id":60695,"date":"2025-03-29T22:28:04","date_gmt":"2025-03-29T21:28:04","guid":{"rendered":"https:\/\/canfali.com\/?p=60695"},"modified":"2025-03-29T22:28:04","modified_gmt":"2025-03-29T21:28:04","slug":"un-premi-europeu-cientific-a-la-biblioteca-de-pego","status":"publish","type":"post","link":"https:\/\/canfali.com\/ca-es\/un-premi-europeu-cientific-a-la-biblioteca-de-pego\/","title":{"rendered":"Un premi europeu cient\u00edfic a la Biblioteca de Pego"},"content":{"rendered":"\n<p><strong>El catedr\u00e0tic de Qu\u00edmica Inorg\u00e0nica, Francesc Lloret, apropa els estudis del camp magn\u00e8tic a la perspectiva de la vida quotidiana<\/strong><\/p>\n\n\n\n<p>La ci\u00e8ncia ha recalat a la Biblioteca Municipal \u201cCarmen Alemany Bay\u201d de Pego. I ho ha fet de la m\u00e0 d\u2019un premi europeu de divulgaci\u00f3 com ha estat l\u2019obra \u201cUn mon magn\u00e8tic. L\u2019omnipres\u00e8ncia dels imants\u201d dels prestigi\u00f3s cient\u00edfic pegol\u00ed, Francesc Lloret Pastor, qui ha comparegut per a presentar-la davant dels seus conve\u00efns al sal\u00f3 Estell\u00e9s davant d\u2019una nodrida concurr\u00e8ncia.<\/p>\n\n\n\n<figure class=\"wp-block-image size-large\"><img fetchpriority=\"high\" decoding=\"async\" width=\"1024\" height=\"679\" src=\"https:\/\/canfali.com\/app\/uploads\/2025\/03\/imantsdigi2-bona-1024x679.jpg\" alt=\"\" class=\"wp-image-60673\" srcset=\"https:\/\/canfali.com\/app\/uploads\/2025\/03\/imantsdigi2-bona-1024x679.jpg 1024w, https:\/\/canfali.com\/app\/uploads\/2025\/03\/imantsdigi2-bona-300x199.jpg 300w, https:\/\/canfali.com\/app\/uploads\/2025\/03\/imantsdigi2-bona-768x509.jpg 768w, https:\/\/canfali.com\/app\/uploads\/2025\/03\/imantsdigi2-bona-1536x1019.jpg 1536w, https:\/\/canfali.com\/app\/uploads\/2025\/03\/imantsdigi2-bona-2048x1358.jpg 2048w, https:\/\/canfali.com\/app\/uploads\/2025\/03\/imantsdigi2-bona.jpg 2256w\" sizes=\"(max-width: 1024px) 100vw, 1024px\" \/><figcaption class=\"wp-element-caption\">Imagen del p\u00fablico asistente al acto<\/figcaption><\/figure>\n\n\n\n<p>\u00a0\u00a0\u00a0\u00a0\u00a0\u00a0 L\u2019acte ha estat introdu\u00eft pel regidor de Cultura, Josep Mengual, per a ressenyar l\u2019autoritat que li donava a Lloret la publicaci\u00f3 dels m\u00e9s de set-cents articles en revistes cient\u00edfiques de prestigi, els quals apareixen referenciats en m\u00e9s de 30.000 refer\u00e8ncies bibliogr\u00e0fiques. Mengual ha qualificat al cient\u00edfic com \u201cun pegol\u00ed d\u2019arrels i de cor i un aut\u00e8ntic ambaixador del nostre poble en el mon de la ci\u00e8ncia i la investigaci\u00f3 que ens dona les claus per a entendre millor eixa for\u00e7a invisible per\u00f2 fonamental en la vida quotidiana que \u00e9s el camp magn\u00e8tic\u201d.<br>\u00a0\u00a0\u00a0\u00a0\u00a0\u00a0 Per la seua banda, Lloret <a>ha donat detalls d\u2019un llibre que recull diferents treballs i confer\u00e8ncies en que ha abordat la divulgaci\u00f3 del magnetisme per a un p\u00fablic no familiaritzat en la mat\u00e8ria en els \u00faltims anys de la seua traject\u00f2ria professional. Curr\u00edculum que ha estat reconegut amb guardons com el Catal\u00e1n-Sabatier de 2014 per part de Societat Qu\u00edmica Francesa, el premi a l\u2019excel\u00b7l\u00e8ncia investigadora o el de reconeixement a una carrera distingida de la Real Societat Espanyola de Qu\u00edmica respectivament en 2005 i 2022, amb el doctorat honoris causa per la \u00a0Universitat de Bucarest, i com a membre acad\u00e8mic cient\u00edfica de l\u2019Acad\u00e8mia Europea des de 2014<\/a>.<\/p>\n\n\n\n<p>\u201cSempre resulta molt complicat explicar ci\u00e8ncia i he tingut que pensar molt com fer-ho per tal de no matar d\u2019avorriment a un p\u00fablic no especialitzat i que poguera aprendre alguna cosa\u201d ha advertit l\u2019autor quan se\u2019n ha adonat de que, en una mat\u00e8ria diferent a la liter\u00e0ria, era el primer en recalar en eixa nova infraestructura cultural de la que disposen els pegolins a partir de la remodelaci\u00f3 de l\u2019antic col\u00b7legi Cervantes. En aquest sentit, ha qualificat com un espai fabul\u00f3s per al foment dels distints vessants de la cultura les noves instal\u00b7lacions.<\/p>\n","protected":false},"excerpt":{"rendered":"El catedr\u00e0tic de Qu\u00edmica Inorg\u00e0nica, Francesc Lloret, apropa els estudis del camp magn\u00e8tic a la perspectiva de la&hellip;","protected":false},"author":4,"featured_media":60671,"comment_status":"closed","ping_status":"closed","sticky":false,"template":"","format":"standard","meta":{"csco_display_header_overlay":false,"csco_singular_sidebar":"","csco_page_header_type":"","csco_page_load_nextpost":"","csco_post_video_location":[],"csco_post_video_location_hash":"","csco_post_video_url":"","csco_post_video_bg_start_time":0,"csco_post_video_bg_end_time":0,"footnotes":""},"categories":[597],"tags":[974,967,642],"class_list":{"0":"post-60695","1":"post","2":"type-post","3":"status-publish","4":"format-standard","5":"has-post-thumbnail","7":"category-cultura-ca-es","8":"tag-imanes-2","9":"tag-magnetismo","10":"tag-pego-2","11":"cs-entry","12":"cs-video-wrap"},"yoast_head":"<!-- This site is optimized with the Yoast SEO Premium plugin v26.6 (Yoast SEO v27.3) - https:\/\/yoast.com\/product\/yoast-seo-premium-wordpress\/ -->\n<title>Un premi europeu cient\u00edfic a la Biblioteca de Pego - Canfali<\/title>\n<meta name=\"robots\" content=\"index, follow, max-snippet:-1, max-image-preview:large, max-video-preview:-1\" \/>\n<link rel=\"canonical\" href=\"https:\/\/canfali.com\/ca-es\/un-premi-europeu-cientific-a-la-biblioteca-de-pego\/\" \/>\n<meta property=\"og:locale\" content=\"en_US\" \/>\n<meta property=\"og:type\" content=\"article\" \/>\n<meta property=\"og:title\" content=\"Un premi europeu cient\u00edfic a la Biblioteca de Pego\" \/>\n<meta property=\"og:description\" content=\"El catedr\u00e0tic de Qu\u00edmica Inorg\u00e0nica, Francesc Lloret, apropa els estudis del camp magn\u00e8tic a la perspectiva de la&hellip;\" \/>\n<meta property=\"og:url\" content=\"https:\/\/canfali.com\/ca-es\/un-premi-europeu-cientific-a-la-biblioteca-de-pego\/\" \/>\n<meta property=\"og:site_name\" content=\"Canfali\" \/>\n<meta property=\"article:publisher\" content=\"https:\/\/es-es.facebook.com\/CANFALIMarinaAlta\" \/>\n<meta property=\"article:published_time\" content=\"2025-03-29T21:28:04+00:00\" \/>\n<meta property=\"og:image\" content=\"https:\/\/canfali.com\/app\/uploads\/2025\/03\/imantsdigi1.jpg\" \/>\n\t<meta property=\"og:image:width\" content=\"2256\" \/>\n\t<meta property=\"og:image:height\" content=\"1496\" \/>\n\t<meta property=\"og:image:type\" content=\"image\/jpeg\" \/>\n<meta name=\"author\" content=\"JJ Mas\" \/>\n<meta name=\"twitter:card\" content=\"summary_large_image\" \/>\n<meta name=\"twitter:creator\" content=\"@canfalima\" \/>\n<meta name=\"twitter:site\" content=\"@canfalima\" \/>\n<meta name=\"twitter:label1\" content=\"Written by\" \/>\n\t<meta name=\"twitter:data1\" content=\"JJ Mas\" \/>\n\t<meta name=\"twitter:label2\" content=\"Est. reading time\" \/>\n\t<meta name=\"twitter:data2\" content=\"2 minutes\" \/>\n<script type=\"application\/ld+json\" class=\"yoast-schema-graph\">{\"@context\":\"https:\\\/\\\/schema.org\",\"@graph\":[{\"@type\":\"NewsArticle\",\"@id\":\"https:\\\/\\\/canfali.com\\\/ca-es\\\/un-premi-europeu-cientific-a-la-biblioteca-de-pego\\\/#article\",\"isPartOf\":{\"@id\":\"https:\\\/\\\/canfali.com\\\/ca-es\\\/un-premi-europeu-cientific-a-la-biblioteca-de-pego\\\/\"},\"author\":{\"name\":\"JJ Mas\",\"@id\":\"https:\\\/\\\/canfali.com\\\/ca-es\\\/#\\\/schema\\\/person\\\/d834d2d4df17cac754d3c314d4c404ef\"},\"headline\":\"Un premi europeu cient\u00edfic a la Biblioteca de Pego\",\"datePublished\":\"2025-03-29T21:28:04+00:00\",\"mainEntityOfPage\":{\"@id\":\"https:\\\/\\\/canfali.com\\\/ca-es\\\/un-premi-europeu-cientific-a-la-biblioteca-de-pego\\\/\"},\"wordCount\":440,\"publisher\":{\"@id\":\"https:\\\/\\\/canfali.com\\\/ca-es\\\/#organization\"},\"image\":{\"@id\":\"https:\\\/\\\/canfali.com\\\/ca-es\\\/un-premi-europeu-cientific-a-la-biblioteca-de-pego\\\/#primaryimage\"},\"thumbnailUrl\":\"https:\\\/\\\/canfali.com\\\/app\\\/uploads\\\/2025\\\/03\\\/imantsdigi1.jpg\",\"keywords\":[\"imanes\",\"Magnetismo\",\"Pego\"],\"articleSection\":[\"Cultura\"],\"inLanguage\":\"va-ES\",\"copyrightYear\":\"2025\",\"copyrightHolder\":{\"@id\":\"https:\\\/\\\/canfali.com\\\/#organization\"}},{\"@type\":\"WebPage\",\"@id\":\"https:\\\/\\\/canfali.com\\\/ca-es\\\/un-premi-europeu-cientific-a-la-biblioteca-de-pego\\\/\",\"url\":\"https:\\\/\\\/canfali.com\\\/ca-es\\\/un-premi-europeu-cientific-a-la-biblioteca-de-pego\\\/\",\"name\":\"Un premi europeu cient\u00edfic a la Biblioteca de Pego - Canfali\",\"isPartOf\":{\"@id\":\"https:\\\/\\\/canfali.com\\\/ca-es\\\/#website\"},\"primaryImageOfPage\":{\"@id\":\"https:\\\/\\\/canfali.com\\\/ca-es\\\/un-premi-europeu-cientific-a-la-biblioteca-de-pego\\\/#primaryimage\"},\"image\":{\"@id\":\"https:\\\/\\\/canfali.com\\\/ca-es\\\/un-premi-europeu-cientific-a-la-biblioteca-de-pego\\\/#primaryimage\"},\"thumbnailUrl\":\"https:\\\/\\\/canfali.com\\\/app\\\/uploads\\\/2025\\\/03\\\/imantsdigi1.jpg\",\"datePublished\":\"2025-03-29T21:28:04+00:00\",\"breadcrumb\":{\"@id\":\"https:\\\/\\\/canfali.com\\\/ca-es\\\/un-premi-europeu-cientific-a-la-biblioteca-de-pego\\\/#breadcrumb\"},\"inLanguage\":\"va-ES\",\"potentialAction\":[{\"@type\":\"ReadAction\",\"target\":[\"https:\\\/\\\/canfali.com\\\/ca-es\\\/un-premi-europeu-cientific-a-la-biblioteca-de-pego\\\/\"]}]},{\"@type\":\"ImageObject\",\"inLanguage\":\"va-ES\",\"@id\":\"https:\\\/\\\/canfali.com\\\/ca-es\\\/un-premi-europeu-cientific-a-la-biblioteca-de-pego\\\/#primaryimage\",\"url\":\"https:\\\/\\\/canfali.com\\\/app\\\/uploads\\\/2025\\\/03\\\/imantsdigi1.jpg\",\"contentUrl\":\"https:\\\/\\\/canfali.com\\\/app\\\/uploads\\\/2025\\\/03\\\/imantsdigi1.jpg\",\"width\":2256,\"height\":1496},{\"@type\":\"BreadcrumbList\",\"@id\":\"https:\\\/\\\/canfali.com\\\/ca-es\\\/un-premi-europeu-cientific-a-la-biblioteca-de-pego\\\/#breadcrumb\",\"itemListElement\":[{\"@type\":\"ListItem\",\"position\":1,\"name\":\"Portada\",\"item\":\"https:\\\/\\\/canfali.com\\\/ca-es\\\/\"},{\"@type\":\"ListItem\",\"position\":2,\"name\":\"Un premi europeu cient\u00edfic a la Biblioteca de Pego\"}]},{\"@type\":\"WebSite\",\"@id\":\"https:\\\/\\\/canfali.com\\\/ca-es\\\/#website\",\"url\":\"https:\\\/\\\/canfali.com\\\/ca-es\\\/\",\"name\":\"Canfali\",\"description\":\"\",\"publisher\":{\"@id\":\"https:\\\/\\\/canfali.com\\\/ca-es\\\/#organization\"},\"potentialAction\":[{\"@type\":\"SearchAction\",\"target\":{\"@type\":\"EntryPoint\",\"urlTemplate\":\"https:\\\/\\\/canfali.com\\\/ca-es\\\/?s={search_term_string}\"},\"query-input\":{\"@type\":\"PropertyValueSpecification\",\"valueRequired\":true,\"valueName\":\"search_term_string\"}}],\"inLanguage\":\"va-ES\"},{\"@type\":\"Organization\",\"@id\":\"https:\\\/\\\/canfali.com\\\/ca-es\\\/#organization\",\"name\":\"Canfali\",\"url\":\"https:\\\/\\\/canfali.com\\\/ca-es\\\/\",\"logo\":{\"@type\":\"ImageObject\",\"inLanguage\":\"va-ES\",\"@id\":\"https:\\\/\\\/canfali.com\\\/ca-es\\\/#\\\/schema\\\/logo\\\/image\\\/\",\"url\":\"https:\\\/\\\/canfali.com\\\/app\\\/uploads\\\/2025\\\/12\\\/canfali_marina_alta_logo.png\",\"contentUrl\":\"https:\\\/\\\/canfali.com\\\/app\\\/uploads\\\/2025\\\/12\\\/canfali_marina_alta_logo.png\",\"width\":225,\"height\":225,\"caption\":\"Canfali\"},\"image\":{\"@id\":\"https:\\\/\\\/canfali.com\\\/ca-es\\\/#\\\/schema\\\/logo\\\/image\\\/\"},\"sameAs\":[\"https:\\\/\\\/es-es.facebook.com\\\/CANFALIMarinaAlta\",\"https:\\\/\\\/x.com\\\/canfalima\",\"https:\\\/\\\/www.instagram.com\\\/canfalimarinaalta\\\/\"]},{\"@type\":\"Person\",\"@id\":\"https:\\\/\\\/canfali.com\\\/ca-es\\\/#\\\/schema\\\/person\\\/d834d2d4df17cac754d3c314d4c404ef\",\"name\":\"JJ Mas\",\"image\":{\"@type\":\"ImageObject\",\"inLanguage\":\"va-ES\",\"@id\":\"https:\\\/\\\/secure.gravatar.com\\\/avatar\\\/65a5191f5438bf88c2394f6d1a625a6ff903c8785268e603c623a83bc15ba1ee?s=96&d=mm&r=g\",\"url\":\"https:\\\/\\\/secure.gravatar.com\\\/avatar\\\/65a5191f5438bf88c2394f6d1a625a6ff903c8785268e603c623a83bc15ba1ee?s=96&d=mm&r=g\",\"contentUrl\":\"https:\\\/\\\/secure.gravatar.com\\\/avatar\\\/65a5191f5438bf88c2394f6d1a625a6ff903c8785268e603c623a83bc15ba1ee?s=96&d=mm&r=g\",\"caption\":\"JJ Mas\"},\"url\":\"https:\\\/\\\/canfali.com\\\/ca-es\\\/author\\\/jj\\\/\"}]}<\/script>\n<!-- \/ Yoast SEO Premium plugin. -->","yoast_head_json":{"title":"Un premi europeu cient\u00edfic a la Biblioteca de Pego - Canfali","robots":{"index":"index","follow":"follow","max-snippet":"max-snippet:-1","max-image-preview":"max-image-preview:large","max-video-preview":"max-video-preview:-1"},"canonical":"https:\/\/canfali.com\/ca-es\/un-premi-europeu-cientific-a-la-biblioteca-de-pego\/","og_locale":"en_US","og_type":"article","og_title":"Un premi europeu cient\u00edfic a la Biblioteca de Pego","og_description":"El catedr\u00e0tic de Qu\u00edmica Inorg\u00e0nica, Francesc Lloret, apropa els estudis del camp magn\u00e8tic a la perspectiva de la&hellip;","og_url":"https:\/\/canfali.com\/ca-es\/un-premi-europeu-cientific-a-la-biblioteca-de-pego\/","og_site_name":"Canfali","article_publisher":"https:\/\/es-es.facebook.com\/CANFALIMarinaAlta","article_published_time":"2025-03-29T21:28:04+00:00","og_image":[{"width":2256,"height":1496,"url":"https:\/\/canfali.com\/app\/uploads\/2025\/03\/imantsdigi1.jpg","type":"image\/jpeg"}],"author":"JJ Mas","twitter_card":"summary_large_image","twitter_creator":"@canfalima","twitter_site":"@canfalima","twitter_misc":{"Written by":"JJ Mas","Est. reading time":"2 minutes"},"schema":{"@context":"https:\/\/schema.org","@graph":[{"@type":"NewsArticle","@id":"https:\/\/canfali.com\/ca-es\/un-premi-europeu-cientific-a-la-biblioteca-de-pego\/#article","isPartOf":{"@id":"https:\/\/canfali.com\/ca-es\/un-premi-europeu-cientific-a-la-biblioteca-de-pego\/"},"author":{"name":"JJ Mas","@id":"https:\/\/canfali.com\/ca-es\/#\/schema\/person\/d834d2d4df17cac754d3c314d4c404ef"},"headline":"Un premi europeu cient\u00edfic a la Biblioteca de Pego","datePublished":"2025-03-29T21:28:04+00:00","mainEntityOfPage":{"@id":"https:\/\/canfali.com\/ca-es\/un-premi-europeu-cientific-a-la-biblioteca-de-pego\/"},"wordCount":440,"publisher":{"@id":"https:\/\/canfali.com\/ca-es\/#organization"},"image":{"@id":"https:\/\/canfali.com\/ca-es\/un-premi-europeu-cientific-a-la-biblioteca-de-pego\/#primaryimage"},"thumbnailUrl":"https:\/\/canfali.com\/app\/uploads\/2025\/03\/imantsdigi1.jpg","keywords":["imanes","Magnetismo","Pego"],"articleSection":["Cultura"],"inLanguage":"va-ES","copyrightYear":"2025","copyrightHolder":{"@id":"https:\/\/canfali.com\/#organization"}},{"@type":"WebPage","@id":"https:\/\/canfali.com\/ca-es\/un-premi-europeu-cientific-a-la-biblioteca-de-pego\/","url":"https:\/\/canfali.com\/ca-es\/un-premi-europeu-cientific-a-la-biblioteca-de-pego\/","name":"Un premi europeu cient\u00edfic a la Biblioteca de Pego - Canfali","isPartOf":{"@id":"https:\/\/canfali.com\/ca-es\/#website"},"primaryImageOfPage":{"@id":"https:\/\/canfali.com\/ca-es\/un-premi-europeu-cientific-a-la-biblioteca-de-pego\/#primaryimage"},"image":{"@id":"https:\/\/canfali.com\/ca-es\/un-premi-europeu-cientific-a-la-biblioteca-de-pego\/#primaryimage"},"thumbnailUrl":"https:\/\/canfali.com\/app\/uploads\/2025\/03\/imantsdigi1.jpg","datePublished":"2025-03-29T21:28:04+00:00","breadcrumb":{"@id":"https:\/\/canfali.com\/ca-es\/un-premi-europeu-cientific-a-la-biblioteca-de-pego\/#breadcrumb"},"inLanguage":"va-ES","potentialAction":[{"@type":"ReadAction","target":["https:\/\/canfali.com\/ca-es\/un-premi-europeu-cientific-a-la-biblioteca-de-pego\/"]}]},{"@type":"ImageObject","inLanguage":"va-ES","@id":"https:\/\/canfali.com\/ca-es\/un-premi-europeu-cientific-a-la-biblioteca-de-pego\/#primaryimage","url":"https:\/\/canfali.com\/app\/uploads\/2025\/03\/imantsdigi1.jpg","contentUrl":"https:\/\/canfali.com\/app\/uploads\/2025\/03\/imantsdigi1.jpg","width":2256,"height":1496},{"@type":"BreadcrumbList","@id":"https:\/\/canfali.com\/ca-es\/un-premi-europeu-cientific-a-la-biblioteca-de-pego\/#breadcrumb","itemListElement":[{"@type":"ListItem","position":1,"name":"Portada","item":"https:\/\/canfali.com\/ca-es\/"},{"@type":"ListItem","position":2,"name":"Un premi europeu cient\u00edfic a la Biblioteca de Pego"}]},{"@type":"WebSite","@id":"https:\/\/canfali.com\/ca-es\/#website","url":"https:\/\/canfali.com\/ca-es\/","name":"Canfali","description":"","publisher":{"@id":"https:\/\/canfali.com\/ca-es\/#organization"},"potentialAction":[{"@type":"SearchAction","target":{"@type":"EntryPoint","urlTemplate":"https:\/\/canfali.com\/ca-es\/?s={search_term_string}"},"query-input":{"@type":"PropertyValueSpecification","valueRequired":true,"valueName":"search_term_string"}}],"inLanguage":"va-ES"},{"@type":"Organization","@id":"https:\/\/canfali.com\/ca-es\/#organization","name":"Canfali","url":"https:\/\/canfali.com\/ca-es\/","logo":{"@type":"ImageObject","inLanguage":"va-ES","@id":"https:\/\/canfali.com\/ca-es\/#\/schema\/logo\/image\/","url":"https:\/\/canfali.com\/app\/uploads\/2025\/12\/canfali_marina_alta_logo.png","contentUrl":"https:\/\/canfali.com\/app\/uploads\/2025\/12\/canfali_marina_alta_logo.png","width":225,"height":225,"caption":"Canfali"},"image":{"@id":"https:\/\/canfali.com\/ca-es\/#\/schema\/logo\/image\/"},"sameAs":["https:\/\/es-es.facebook.com\/CANFALIMarinaAlta","https:\/\/x.com\/canfalima","https:\/\/www.instagram.com\/canfalimarinaalta\/"]},{"@type":"Person","@id":"https:\/\/canfali.com\/ca-es\/#\/schema\/person\/d834d2d4df17cac754d3c314d4c404ef","name":"JJ Mas","image":{"@type":"ImageObject","inLanguage":"va-ES","@id":"https:\/\/secure.gravatar.com\/avatar\/65a5191f5438bf88c2394f6d1a625a6ff903c8785268e603c623a83bc15ba1ee?s=96&d=mm&r=g","url":"https:\/\/secure.gravatar.com\/avatar\/65a5191f5438bf88c2394f6d1a625a6ff903c8785268e603c623a83bc15ba1ee?s=96&d=mm&r=g","contentUrl":"https:\/\/secure.gravatar.com\/avatar\/65a5191f5438bf88c2394f6d1a625a6ff903c8785268e603c623a83bc15ba1ee?s=96&d=mm&r=g","caption":"JJ Mas"},"url":"https:\/\/canfali.com\/ca-es\/author\/jj\/"}]}},"_links":{"self":[{"href":"https:\/\/canfali.com\/ca-es\/wp-json\/wp\/v2\/posts\/60695","targetHints":{"allow":["GET"]}}],"collection":[{"href":"https:\/\/canfali.com\/ca-es\/wp-json\/wp\/v2\/posts"}],"about":[{"href":"https:\/\/canfali.com\/ca-es\/wp-json\/wp\/v2\/types\/post"}],"author":[{"embeddable":true,"href":"https:\/\/canfali.com\/ca-es\/wp-json\/wp\/v2\/users\/4"}],"replies":[{"embeddable":true,"href":"https:\/\/canfali.com\/ca-es\/wp-json\/wp\/v2\/comments?post=60695"}],"version-history":[{"count":1,"href":"https:\/\/canfali.com\/ca-es\/wp-json\/wp\/v2\/posts\/60695\/revisions"}],"predecessor-version":[{"id":60696,"href":"https:\/\/canfali.com\/ca-es\/wp-json\/wp\/v2\/posts\/60695\/revisions\/60696"}],"wp:featuredmedia":[{"embeddable":true,"href":"https:\/\/canfali.com\/ca-es\/wp-json\/wp\/v2\/media\/60671"}],"wp:attachment":[{"href":"https:\/\/canfali.com\/ca-es\/wp-json\/wp\/v2\/media?parent=60695"}],"wp:term":[{"taxonomy":"category","embeddable":true,"href":"https:\/\/canfali.com\/ca-es\/wp-json\/wp\/v2\/categories?post=60695"},{"taxonomy":"post_tag","embeddable":true,"href":"https:\/\/canfali.com\/ca-es\/wp-json\/wp\/v2\/tags?post=60695"}],"curies":[{"name":"wp","href":"https:\/\/api.w.org\/{rel}","templated":true}]}}