{"id":60494,"date":"2025-03-29T11:57:00","date_gmt":"2025-03-29T10:57:00","guid":{"rendered":"https:\/\/canfali.com\/?p=60494"},"modified":"2025-03-28T12:22:42","modified_gmt":"2025-03-28T11:22:42","slug":"la-licitacio-del-bar-de-placa-de-bous-dondara-queda-deserta","status":"publish","type":"post","link":"https:\/\/canfali.com\/ca-es\/la-licitacio-del-bar-de-placa-de-bous-dondara-queda-deserta\/","title":{"rendered":"La licitaci\u00f3 del bar de pla\u00e7a de bous d\u2019Ondara queda deserta"},"content":{"rendered":"\n<p>La no concurr\u00e8ncia de cap proposta per a l\u2019explotaci\u00f3 del remodelat bar de la pla\u00e7a de bous en el termini establert ha motivat a la corporaci\u00f3 municipal a declarar deserta la licitaci\u00f3 en el plenari ordinari de mar\u00e7.<\/p>\n\n\n\n<figure class=\"wp-block-image size-large\"><img fetchpriority=\"high\" decoding=\"async\" width=\"1024\" height=\"499\" src=\"https:\/\/canfali.com\/app\/uploads\/2025\/03\/bar-pla-bous-1-1024x499.jpeg\" alt=\"\" class=\"wp-image-60489\" srcset=\"https:\/\/canfali.com\/app\/uploads\/2025\/03\/bar-pla-bous-1-1024x499.jpeg 1024w, https:\/\/canfali.com\/app\/uploads\/2025\/03\/bar-pla-bous-1-300x146.jpeg 300w, https:\/\/canfali.com\/app\/uploads\/2025\/03\/bar-pla-bous-1-768x374.jpeg 768w, https:\/\/canfali.com\/app\/uploads\/2025\/03\/bar-pla-bous-1.jpeg 1296w\" sizes=\"(max-width: 1024px) 100vw, 1024px\" \/><figcaption class=\"wp-element-caption\">Aspecte del remodelat establiment des de dins del recinte<\/figcaption><\/figure>\n\n\n\n<p>&nbsp;&nbsp;&nbsp;&nbsp;&nbsp;&nbsp; La iniciativa ha estat adoptada mitjan\u00e7ant una moci\u00f3 d\u2019urg\u00e8ncia de cara a treballar en un altre proc\u00e9s que analitze els motius per que no s\u2019ha presentat cap interessat, amb l\u2019objectiu de realitzar una nova proposta per aconseguir agilitzar-la, No obstant aix\u00f2, la pr\u00f2xima caldr\u00e0 ser aprovada finalment pel ple en lloc de per la Junta de Govern Local com es proposava en un principi. en acceptar tots els grups l\u2019esmena formulada per el Partit Popular, &nbsp;petici\u00f3 del PP, en eixe sentit. &nbsp;&nbsp;&nbsp;&nbsp;&nbsp;&nbsp; Pel que fa a altres mocions ha destacat tamb\u00e9 la presentada per la nova regidora del grup municipal de Comprom\u00eds, Ver\u00f2nica Crespo, de cara a que es modifique l\u2019horari de les sessions plen\u00e0ries ordin\u00e0ries i que s\u2019avancen una hora de forma que passaran de les 20.30 hores a les 19.30 mantenint el darrer dijous de cada mes com a establert. La mesura va ser aprovada per unanimitat, motiu pel qual, des d\u2019abril, els plens de l\u2019Ajuntament d\u2019Ondara comen\u00e7aran a les 19.30 hores, arran del suport rebut l\u2019argument que invocava la conciliaci\u00f3 familiar i laboral, tant dels membres de la corporaci\u00f3 com de la ciutadania que desitge assistir als plens o visualitzar-<\/p>\n","protected":false},"excerpt":{"rendered":"La no concurr\u00e8ncia de cap proposta per a l\u2019explotaci\u00f3 del remodelat bar de la pla\u00e7a de bous en&hellip;","protected":false},"author":4,"featured_media":60492,"comment_status":"closed","ping_status":"closed","sticky":false,"template":"","format":"standard","meta":{"csco_display_header_overlay":false,"csco_singular_sidebar":"","csco_page_header_type":"","csco_page_load_nextpost":"","csco_post_video_location":[],"csco_post_video_location_hash":"","csco_post_video_url":"","csco_post_video_bg_start_time":0,"csco_post_video_bg_end_time":0,"footnotes":""},"categories":[614],"tags":[661],"class_list":{"0":"post-60494","1":"post","2":"type-post","3":"status-publish","4":"format-standard","5":"has-post-thumbnail","7":"category-municipal-ca-es","8":"tag-ondara-2","9":"cs-entry","10":"cs-video-wrap"},"yoast_head":"<!-- This site is optimized with the Yoast SEO Premium plugin v26.6 (Yoast SEO v27.3) - https:\/\/yoast.com\/product\/yoast-seo-premium-wordpress\/ -->\n<title>La licitaci\u00f3 del bar de pla\u00e7a de bous d\u2019Ondara queda deserta - Canfali<\/title>\n<meta name=\"robots\" content=\"index, follow, max-snippet:-1, max-image-preview:large, max-video-preview:-1\" \/>\n<link rel=\"canonical\" href=\"https:\/\/canfali.com\/ca-es\/la-licitacio-del-bar-de-placa-de-bous-dondara-queda-deserta\/\" \/>\n<meta property=\"og:locale\" content=\"en_US\" \/>\n<meta property=\"og:type\" content=\"article\" \/>\n<meta property=\"og:title\" content=\"La licitaci\u00f3 del bar de pla\u00e7a de bous d\u2019Ondara queda deserta\" \/>\n<meta property=\"og:description\" content=\"La no concurr\u00e8ncia de cap proposta per a l\u2019explotaci\u00f3 del remodelat bar de la pla\u00e7a de bous en&hellip;\" \/>\n<meta property=\"og:url\" content=\"https:\/\/canfali.com\/ca-es\/la-licitacio-del-bar-de-placa-de-bous-dondara-queda-deserta\/\" \/>\n<meta property=\"og:site_name\" content=\"Canfali\" \/>\n<meta property=\"article:publisher\" content=\"https:\/\/es-es.facebook.com\/CANFALIMarinaAlta\" \/>\n<meta property=\"article:published_time\" content=\"2025-03-29T10:57:00+00:00\" \/>\n<meta property=\"og:image\" content=\"https:\/\/canfali.com\/app\/uploads\/2025\/03\/bar-pla-bous-dig.jpeg\" \/>\n\t<meta property=\"og:image:width\" content=\"1296\" \/>\n\t<meta property=\"og:image:height\" content=\"631\" \/>\n\t<meta property=\"og:image:type\" content=\"image\/jpeg\" \/>\n<meta name=\"author\" content=\"JJ Mas\" \/>\n<meta name=\"twitter:card\" content=\"summary_large_image\" \/>\n<meta name=\"twitter:creator\" content=\"@canfalima\" \/>\n<meta name=\"twitter:site\" content=\"@canfalima\" \/>\n<meta name=\"twitter:label1\" content=\"Written by\" \/>\n\t<meta name=\"twitter:data1\" content=\"JJ Mas\" \/>\n\t<meta name=\"twitter:label2\" content=\"Est. reading time\" \/>\n\t<meta name=\"twitter:data2\" content=\"1 minute\" \/>\n<script type=\"application\/ld+json\" class=\"yoast-schema-graph\">{\"@context\":\"https:\\\/\\\/schema.org\",\"@graph\":[{\"@type\":\"NewsArticle\",\"@id\":\"https:\\\/\\\/canfali.com\\\/ca-es\\\/la-licitacio-del-bar-de-placa-de-bous-dondara-queda-deserta\\\/#article\",\"isPartOf\":{\"@id\":\"https:\\\/\\\/canfali.com\\\/ca-es\\\/la-licitacio-del-bar-de-placa-de-bous-dondara-queda-deserta\\\/\"},\"author\":{\"name\":\"JJ Mas\",\"@id\":\"https:\\\/\\\/canfali.com\\\/ca-es\\\/#\\\/schema\\\/person\\\/d834d2d4df17cac754d3c314d4c404ef\"},\"headline\":\"La licitaci\u00f3 del bar de pla\u00e7a de bous d\u2019Ondara queda deserta\",\"datePublished\":\"2025-03-29T10:57:00+00:00\",\"mainEntityOfPage\":{\"@id\":\"https:\\\/\\\/canfali.com\\\/ca-es\\\/la-licitacio-del-bar-de-placa-de-bous-dondara-queda-deserta\\\/\"},\"wordCount\":284,\"publisher\":{\"@id\":\"https:\\\/\\\/canfali.com\\\/ca-es\\\/#organization\"},\"image\":{\"@id\":\"https:\\\/\\\/canfali.com\\\/ca-es\\\/la-licitacio-del-bar-de-placa-de-bous-dondara-queda-deserta\\\/#primaryimage\"},\"thumbnailUrl\":\"https:\\\/\\\/canfali.com\\\/app\\\/uploads\\\/2025\\\/03\\\/bar-pla-bous-dig.jpeg\",\"keywords\":[\"Ondara\"],\"articleSection\":[\"Municipal\"],\"inLanguage\":\"va-ES\",\"copyrightYear\":\"2025\",\"copyrightHolder\":{\"@id\":\"https:\\\/\\\/canfali.com\\\/#organization\"}},{\"@type\":\"WebPage\",\"@id\":\"https:\\\/\\\/canfali.com\\\/ca-es\\\/la-licitacio-del-bar-de-placa-de-bous-dondara-queda-deserta\\\/\",\"url\":\"https:\\\/\\\/canfali.com\\\/ca-es\\\/la-licitacio-del-bar-de-placa-de-bous-dondara-queda-deserta\\\/\",\"name\":\"La licitaci\u00f3 del bar de pla\u00e7a de bous d\u2019Ondara queda deserta - Canfali\",\"isPartOf\":{\"@id\":\"https:\\\/\\\/canfali.com\\\/ca-es\\\/#website\"},\"primaryImageOfPage\":{\"@id\":\"https:\\\/\\\/canfali.com\\\/ca-es\\\/la-licitacio-del-bar-de-placa-de-bous-dondara-queda-deserta\\\/#primaryimage\"},\"image\":{\"@id\":\"https:\\\/\\\/canfali.com\\\/ca-es\\\/la-licitacio-del-bar-de-placa-de-bous-dondara-queda-deserta\\\/#primaryimage\"},\"thumbnailUrl\":\"https:\\\/\\\/canfali.com\\\/app\\\/uploads\\\/2025\\\/03\\\/bar-pla-bous-dig.jpeg\",\"datePublished\":\"2025-03-29T10:57:00+00:00\",\"breadcrumb\":{\"@id\":\"https:\\\/\\\/canfali.com\\\/ca-es\\\/la-licitacio-del-bar-de-placa-de-bous-dondara-queda-deserta\\\/#breadcrumb\"},\"inLanguage\":\"va-ES\",\"potentialAction\":[{\"@type\":\"ReadAction\",\"target\":[\"https:\\\/\\\/canfali.com\\\/ca-es\\\/la-licitacio-del-bar-de-placa-de-bous-dondara-queda-deserta\\\/\"]}]},{\"@type\":\"ImageObject\",\"inLanguage\":\"va-ES\",\"@id\":\"https:\\\/\\\/canfali.com\\\/ca-es\\\/la-licitacio-del-bar-de-placa-de-bous-dondara-queda-deserta\\\/#primaryimage\",\"url\":\"https:\\\/\\\/canfali.com\\\/app\\\/uploads\\\/2025\\\/03\\\/bar-pla-bous-dig.jpeg\",\"contentUrl\":\"https:\\\/\\\/canfali.com\\\/app\\\/uploads\\\/2025\\\/03\\\/bar-pla-bous-dig.jpeg\",\"width\":1296,\"height\":631},{\"@type\":\"BreadcrumbList\",\"@id\":\"https:\\\/\\\/canfali.com\\\/ca-es\\\/la-licitacio-del-bar-de-placa-de-bous-dondara-queda-deserta\\\/#breadcrumb\",\"itemListElement\":[{\"@type\":\"ListItem\",\"position\":1,\"name\":\"Portada\",\"item\":\"https:\\\/\\\/canfali.com\\\/ca-es\\\/\"},{\"@type\":\"ListItem\",\"position\":2,\"name\":\"La licitaci\u00f3 del bar de pla\u00e7a de bous d\u2019Ondara queda deserta\"}]},{\"@type\":\"WebSite\",\"@id\":\"https:\\\/\\\/canfali.com\\\/ca-es\\\/#website\",\"url\":\"https:\\\/\\\/canfali.com\\\/ca-es\\\/\",\"name\":\"Canfali\",\"description\":\"\",\"publisher\":{\"@id\":\"https:\\\/\\\/canfali.com\\\/ca-es\\\/#organization\"},\"potentialAction\":[{\"@type\":\"SearchAction\",\"target\":{\"@type\":\"EntryPoint\",\"urlTemplate\":\"https:\\\/\\\/canfali.com\\\/ca-es\\\/?s={search_term_string}\"},\"query-input\":{\"@type\":\"PropertyValueSpecification\",\"valueRequired\":true,\"valueName\":\"search_term_string\"}}],\"inLanguage\":\"va-ES\"},{\"@type\":\"Organization\",\"@id\":\"https:\\\/\\\/canfali.com\\\/ca-es\\\/#organization\",\"name\":\"Canfali\",\"url\":\"https:\\\/\\\/canfali.com\\\/ca-es\\\/\",\"logo\":{\"@type\":\"ImageObject\",\"inLanguage\":\"va-ES\",\"@id\":\"https:\\\/\\\/canfali.com\\\/ca-es\\\/#\\\/schema\\\/logo\\\/image\\\/\",\"url\":\"https:\\\/\\\/canfali.com\\\/app\\\/uploads\\\/2025\\\/12\\\/canfali_marina_alta_logo.png\",\"contentUrl\":\"https:\\\/\\\/canfali.com\\\/app\\\/uploads\\\/2025\\\/12\\\/canfali_marina_alta_logo.png\",\"width\":225,\"height\":225,\"caption\":\"Canfali\"},\"image\":{\"@id\":\"https:\\\/\\\/canfali.com\\\/ca-es\\\/#\\\/schema\\\/logo\\\/image\\\/\"},\"sameAs\":[\"https:\\\/\\\/es-es.facebook.com\\\/CANFALIMarinaAlta\",\"https:\\\/\\\/x.com\\\/canfalima\",\"https:\\\/\\\/www.instagram.com\\\/canfalimarinaalta\\\/\"]},{\"@type\":\"Person\",\"@id\":\"https:\\\/\\\/canfali.com\\\/ca-es\\\/#\\\/schema\\\/person\\\/d834d2d4df17cac754d3c314d4c404ef\",\"name\":\"JJ Mas\",\"image\":{\"@type\":\"ImageObject\",\"inLanguage\":\"va-ES\",\"@id\":\"https:\\\/\\\/secure.gravatar.com\\\/avatar\\\/65a5191f5438bf88c2394f6d1a625a6ff903c8785268e603c623a83bc15ba1ee?s=96&d=mm&r=g\",\"url\":\"https:\\\/\\\/secure.gravatar.com\\\/avatar\\\/65a5191f5438bf88c2394f6d1a625a6ff903c8785268e603c623a83bc15ba1ee?s=96&d=mm&r=g\",\"contentUrl\":\"https:\\\/\\\/secure.gravatar.com\\\/avatar\\\/65a5191f5438bf88c2394f6d1a625a6ff903c8785268e603c623a83bc15ba1ee?s=96&d=mm&r=g\",\"caption\":\"JJ Mas\"},\"url\":\"https:\\\/\\\/canfali.com\\\/ca-es\\\/author\\\/jj\\\/\"}]}<\/script>\n<!-- \/ Yoast SEO Premium plugin. -->","yoast_head_json":{"title":"La licitaci\u00f3 del bar de pla\u00e7a de bous d\u2019Ondara queda deserta - Canfali","robots":{"index":"index","follow":"follow","max-snippet":"max-snippet:-1","max-image-preview":"max-image-preview:large","max-video-preview":"max-video-preview:-1"},"canonical":"https:\/\/canfali.com\/ca-es\/la-licitacio-del-bar-de-placa-de-bous-dondara-queda-deserta\/","og_locale":"en_US","og_type":"article","og_title":"La licitaci\u00f3 del bar de pla\u00e7a de bous d\u2019Ondara queda deserta","og_description":"La no concurr\u00e8ncia de cap proposta per a l\u2019explotaci\u00f3 del remodelat bar de la pla\u00e7a de bous en&hellip;","og_url":"https:\/\/canfali.com\/ca-es\/la-licitacio-del-bar-de-placa-de-bous-dondara-queda-deserta\/","og_site_name":"Canfali","article_publisher":"https:\/\/es-es.facebook.com\/CANFALIMarinaAlta","article_published_time":"2025-03-29T10:57:00+00:00","og_image":[{"width":1296,"height":631,"url":"https:\/\/canfali.com\/app\/uploads\/2025\/03\/bar-pla-bous-dig.jpeg","type":"image\/jpeg"}],"author":"JJ Mas","twitter_card":"summary_large_image","twitter_creator":"@canfalima","twitter_site":"@canfalima","twitter_misc":{"Written by":"JJ Mas","Est. reading time":"1 minute"},"schema":{"@context":"https:\/\/schema.org","@graph":[{"@type":"NewsArticle","@id":"https:\/\/canfali.com\/ca-es\/la-licitacio-del-bar-de-placa-de-bous-dondara-queda-deserta\/#article","isPartOf":{"@id":"https:\/\/canfali.com\/ca-es\/la-licitacio-del-bar-de-placa-de-bous-dondara-queda-deserta\/"},"author":{"name":"JJ Mas","@id":"https:\/\/canfali.com\/ca-es\/#\/schema\/person\/d834d2d4df17cac754d3c314d4c404ef"},"headline":"La licitaci\u00f3 del bar de pla\u00e7a de bous d\u2019Ondara queda deserta","datePublished":"2025-03-29T10:57:00+00:00","mainEntityOfPage":{"@id":"https:\/\/canfali.com\/ca-es\/la-licitacio-del-bar-de-placa-de-bous-dondara-queda-deserta\/"},"wordCount":284,"publisher":{"@id":"https:\/\/canfali.com\/ca-es\/#organization"},"image":{"@id":"https:\/\/canfali.com\/ca-es\/la-licitacio-del-bar-de-placa-de-bous-dondara-queda-deserta\/#primaryimage"},"thumbnailUrl":"https:\/\/canfali.com\/app\/uploads\/2025\/03\/bar-pla-bous-dig.jpeg","keywords":["Ondara"],"articleSection":["Municipal"],"inLanguage":"va-ES","copyrightYear":"2025","copyrightHolder":{"@id":"https:\/\/canfali.com\/#organization"}},{"@type":"WebPage","@id":"https:\/\/canfali.com\/ca-es\/la-licitacio-del-bar-de-placa-de-bous-dondara-queda-deserta\/","url":"https:\/\/canfali.com\/ca-es\/la-licitacio-del-bar-de-placa-de-bous-dondara-queda-deserta\/","name":"La licitaci\u00f3 del bar de pla\u00e7a de bous d\u2019Ondara queda deserta - Canfali","isPartOf":{"@id":"https:\/\/canfali.com\/ca-es\/#website"},"primaryImageOfPage":{"@id":"https:\/\/canfali.com\/ca-es\/la-licitacio-del-bar-de-placa-de-bous-dondara-queda-deserta\/#primaryimage"},"image":{"@id":"https:\/\/canfali.com\/ca-es\/la-licitacio-del-bar-de-placa-de-bous-dondara-queda-deserta\/#primaryimage"},"thumbnailUrl":"https:\/\/canfali.com\/app\/uploads\/2025\/03\/bar-pla-bous-dig.jpeg","datePublished":"2025-03-29T10:57:00+00:00","breadcrumb":{"@id":"https:\/\/canfali.com\/ca-es\/la-licitacio-del-bar-de-placa-de-bous-dondara-queda-deserta\/#breadcrumb"},"inLanguage":"va-ES","potentialAction":[{"@type":"ReadAction","target":["https:\/\/canfali.com\/ca-es\/la-licitacio-del-bar-de-placa-de-bous-dondara-queda-deserta\/"]}]},{"@type":"ImageObject","inLanguage":"va-ES","@id":"https:\/\/canfali.com\/ca-es\/la-licitacio-del-bar-de-placa-de-bous-dondara-queda-deserta\/#primaryimage","url":"https:\/\/canfali.com\/app\/uploads\/2025\/03\/bar-pla-bous-dig.jpeg","contentUrl":"https:\/\/canfali.com\/app\/uploads\/2025\/03\/bar-pla-bous-dig.jpeg","width":1296,"height":631},{"@type":"BreadcrumbList","@id":"https:\/\/canfali.com\/ca-es\/la-licitacio-del-bar-de-placa-de-bous-dondara-queda-deserta\/#breadcrumb","itemListElement":[{"@type":"ListItem","position":1,"name":"Portada","item":"https:\/\/canfali.com\/ca-es\/"},{"@type":"ListItem","position":2,"name":"La licitaci\u00f3 del bar de pla\u00e7a de bous d\u2019Ondara queda deserta"}]},{"@type":"WebSite","@id":"https:\/\/canfali.com\/ca-es\/#website","url":"https:\/\/canfali.com\/ca-es\/","name":"Canfali","description":"","publisher":{"@id":"https:\/\/canfali.com\/ca-es\/#organization"},"potentialAction":[{"@type":"SearchAction","target":{"@type":"EntryPoint","urlTemplate":"https:\/\/canfali.com\/ca-es\/?s={search_term_string}"},"query-input":{"@type":"PropertyValueSpecification","valueRequired":true,"valueName":"search_term_string"}}],"inLanguage":"va-ES"},{"@type":"Organization","@id":"https:\/\/canfali.com\/ca-es\/#organization","name":"Canfali","url":"https:\/\/canfali.com\/ca-es\/","logo":{"@type":"ImageObject","inLanguage":"va-ES","@id":"https:\/\/canfali.com\/ca-es\/#\/schema\/logo\/image\/","url":"https:\/\/canfali.com\/app\/uploads\/2025\/12\/canfali_marina_alta_logo.png","contentUrl":"https:\/\/canfali.com\/app\/uploads\/2025\/12\/canfali_marina_alta_logo.png","width":225,"height":225,"caption":"Canfali"},"image":{"@id":"https:\/\/canfali.com\/ca-es\/#\/schema\/logo\/image\/"},"sameAs":["https:\/\/es-es.facebook.com\/CANFALIMarinaAlta","https:\/\/x.com\/canfalima","https:\/\/www.instagram.com\/canfalimarinaalta\/"]},{"@type":"Person","@id":"https:\/\/canfali.com\/ca-es\/#\/schema\/person\/d834d2d4df17cac754d3c314d4c404ef","name":"JJ Mas","image":{"@type":"ImageObject","inLanguage":"va-ES","@id":"https:\/\/secure.gravatar.com\/avatar\/65a5191f5438bf88c2394f6d1a625a6ff903c8785268e603c623a83bc15ba1ee?s=96&d=mm&r=g","url":"https:\/\/secure.gravatar.com\/avatar\/65a5191f5438bf88c2394f6d1a625a6ff903c8785268e603c623a83bc15ba1ee?s=96&d=mm&r=g","contentUrl":"https:\/\/secure.gravatar.com\/avatar\/65a5191f5438bf88c2394f6d1a625a6ff903c8785268e603c623a83bc15ba1ee?s=96&d=mm&r=g","caption":"JJ Mas"},"url":"https:\/\/canfali.com\/ca-es\/author\/jj\/"}]}},"_links":{"self":[{"href":"https:\/\/canfali.com\/ca-es\/wp-json\/wp\/v2\/posts\/60494","targetHints":{"allow":["GET"]}}],"collection":[{"href":"https:\/\/canfali.com\/ca-es\/wp-json\/wp\/v2\/posts"}],"about":[{"href":"https:\/\/canfali.com\/ca-es\/wp-json\/wp\/v2\/types\/post"}],"author":[{"embeddable":true,"href":"https:\/\/canfali.com\/ca-es\/wp-json\/wp\/v2\/users\/4"}],"replies":[{"embeddable":true,"href":"https:\/\/canfali.com\/ca-es\/wp-json\/wp\/v2\/comments?post=60494"}],"version-history":[{"count":1,"href":"https:\/\/canfali.com\/ca-es\/wp-json\/wp\/v2\/posts\/60494\/revisions"}],"predecessor-version":[{"id":60495,"href":"https:\/\/canfali.com\/ca-es\/wp-json\/wp\/v2\/posts\/60494\/revisions\/60495"}],"wp:featuredmedia":[{"embeddable":true,"href":"https:\/\/canfali.com\/ca-es\/wp-json\/wp\/v2\/media\/60492"}],"wp:attachment":[{"href":"https:\/\/canfali.com\/ca-es\/wp-json\/wp\/v2\/media?parent=60494"}],"wp:term":[{"taxonomy":"category","embeddable":true,"href":"https:\/\/canfali.com\/ca-es\/wp-json\/wp\/v2\/categories?post=60494"},{"taxonomy":"post_tag","embeddable":true,"href":"https:\/\/canfali.com\/ca-es\/wp-json\/wp\/v2\/tags?post=60494"}],"curies":[{"name":"wp","href":"https:\/\/api.w.org\/{rel}","templated":true}]}}