{"id":60429,"date":"2025-03-28T08:09:10","date_gmt":"2025-03-28T07:09:10","guid":{"rendered":"https:\/\/canfali.com\/calp-cedix-un-solar-per-al-segon-centre-de-salut\/"},"modified":"2025-03-28T08:13:01","modified_gmt":"2025-03-28T07:13:01","slug":"calp-cedix-un-solar-per-al-segon-centre-de-salut","status":"publish","type":"post","link":"https:\/\/canfali.com\/ca-es\/calp-cedix-un-solar-per-al-segon-centre-de-salut\/","title":{"rendered":"Calp cedix un solar per al segon centre de salut"},"content":{"rendered":"\n<p>Una vegada solucionada l&#8217;emerg\u00e8ncia educativa, ara l&#8217;acci\u00f3 del govern se centra en la sanit\u00e0ria. L&#8217;alcaldessa, Ana Sala, i la regidora de Sanitat, Itziar Doval, s&#8217;han reunit amb representants de la Direcci\u00f3 General d&#8217;Atenci\u00f3 Prim\u00e0ria i del Servei d&#8217;Infraestructures Sanit\u00e0ries per a traslladar la necessitat urgent de construir un segon centre de salut a la ciutat del Penyal de Ifach. Una infraestructura compromesa en el contracte de gesti\u00f3 amb Marina Salut l&#8217;any 2008 per\u00f2 que mai va arribar a executar-se.  <\/p>\n\n<p> Per a reprendre aquest tema \u00e9s necessari presentar formalment la cessi\u00f3 del terreny a la Conselleria en el qual s&#8217;habilitaria el nou centre de salut. Un requisit previ per a analitzar l&#8217;adequaci\u00f3 de la parcel\u00b7la abans de la seva acceptaci\u00f3 formal. Es tracta d&#8217;un terreny dotacional de 13.675 metres quadrats situat en la partida Gargasindi, al costat del futur Institut d&#8217;Educaci\u00f3 Secund\u00e0ria Les Salines.  <\/p>\n\n<p> El segon centre de salut permetria alleujar l&#8217;actual saturaci\u00f3 sanit\u00e0ria. El centre actual va ser projectat en 1990 per a 9.000 targetes sanit\u00e0ries i avui dona servei a una poblaci\u00f3 que es multiplica per cinc en temporada alta, aconseguint pics de gaireb\u00e9 125.000 persones. Fonts oficials han assenyalat que des de la Conselleria adverteixen que la inversi\u00f3 del centre calp\u00ed no apareix en el pressupost de la Generalitat de 2025 \u201cper\u00f2 aix\u00f2 no significa que no pugui executar-se\u201d.  <\/p>\n\n<p> Mentre el segon centre de salut no sigui una realitat, la delegaci\u00f3 calpina ha demanat que es reforci l&#8217;atenci\u00f3 sanit\u00e0ria obrint el consultor auxiliar d&#8217;estiu durant tot l&#8217;any. Una sol\u00b7licitud que ser\u00e0 atesa en el cas que hi hagi suficients professionals per a atendre&#8217;l en l&#8217;\u00c0rea Sanit\u00e0ria de D\u00e9nia, zona en la qual no \u00e9s f\u00e0cil cobrir totes les places vacants. <\/p>\n\n<p> Sala apunta que \u201caquest segon centre de salut no \u00e9s un capritx sin\u00f3 una necessitat urgent per a garantir una atenci\u00f3 sanit\u00e0ria digna a residents i visitants\u201d, en paraules de l&#8217;alcaldessa.<\/p>\n","protected":false},"excerpt":{"rendered":"Una vegada solucionada l&#8217;emerg\u00e8ncia educativa, ara l&#8217;acci\u00f3 del govern se centra en la sanit\u00e0ria. L&#8217;alcaldessa, Ana Sala, i&hellip;","protected":false},"author":5,"featured_media":60427,"comment_status":"closed","ping_status":"closed","sticky":false,"template":"","format":"standard","meta":{"csco_display_header_overlay":false,"csco_singular_sidebar":"","csco_page_header_type":"","csco_page_load_nextpost":"","csco_post_video_location":[],"csco_post_video_location_hash":"","csco_post_video_url":"","csco_post_video_bg_start_time":0,"csco_post_video_bg_end_time":0,"footnotes":""},"categories":[614],"tags":[909,911,907,910],"class_list":{"0":"post-60429","1":"post","2":"type-post","3":"status-publish","4":"format-standard","5":"has-post-thumbnail","7":"category-municipal-ca-es","8":"tag-centre-salut","9":"tag-consultori-destiu","10":"tag-emergencia-sanitaria","11":"tag-emergencia-sanitaria-ca-es","12":"cs-entry","13":"cs-video-wrap"},"yoast_head":"<!-- This site is optimized with the Yoast SEO Premium plugin v26.6 (Yoast SEO v27.3) - https:\/\/yoast.com\/product\/yoast-seo-premium-wordpress\/ -->\n<title>Calp cedix un solar per al segon centre de salut - Canfali<\/title>\n<meta name=\"robots\" content=\"index, follow, max-snippet:-1, max-image-preview:large, max-video-preview:-1\" \/>\n<link rel=\"canonical\" href=\"https:\/\/canfali.com\/ca-es\/calp-cedix-un-solar-per-al-segon-centre-de-salut\/\" \/>\n<meta property=\"og:locale\" content=\"en_US\" \/>\n<meta property=\"og:type\" content=\"article\" \/>\n<meta property=\"og:title\" content=\"Calp cedix un solar per al segon centre de salut\" \/>\n<meta property=\"og:description\" content=\"Una vegada solucionada l&#8217;emerg\u00e8ncia educativa, ara l&#8217;acci\u00f3 del govern se centra en la sanit\u00e0ria. L&#8217;alcaldessa, Ana Sala, i&hellip;\" \/>\n<meta property=\"og:url\" content=\"https:\/\/canfali.com\/ca-es\/calp-cedix-un-solar-per-al-segon-centre-de-salut\/\" \/>\n<meta property=\"og:site_name\" content=\"Canfali\" \/>\n<meta property=\"article:publisher\" content=\"https:\/\/es-es.facebook.com\/CANFALIMarinaAlta\" \/>\n<meta property=\"article:published_time\" content=\"2025-03-28T07:09:10+00:00\" \/>\n<meta property=\"article:modified_time\" content=\"2025-03-28T07:13:01+00:00\" \/>\n<meta property=\"og:image\" content=\"https:\/\/canfali.com\/app\/uploads\/2025\/03\/salud-calp-e1743159269837.jpg\" \/>\n\t<meta property=\"og:image:width\" content=\"2048\" \/>\n\t<meta property=\"og:image:height\" content=\"1536\" \/>\n\t<meta property=\"og:image:type\" content=\"image\/jpeg\" \/>\n<meta name=\"author\" content=\"D\u00eddac\" \/>\n<meta name=\"twitter:card\" content=\"summary_large_image\" \/>\n<meta name=\"twitter:creator\" content=\"@canfalima\" \/>\n<meta name=\"twitter:site\" content=\"@canfalima\" \/>\n<meta name=\"twitter:label1\" content=\"Written by\" \/>\n\t<meta name=\"twitter:data1\" content=\"D\u00eddac\" \/>\n\t<meta name=\"twitter:label2\" content=\"Est. reading time\" \/>\n\t<meta name=\"twitter:data2\" content=\"2 minutes\" \/>\n<script type=\"application\/ld+json\" class=\"yoast-schema-graph\">{\"@context\":\"https:\\\/\\\/schema.org\",\"@graph\":[{\"@type\":\"NewsArticle\",\"@id\":\"https:\\\/\\\/canfali.com\\\/ca-es\\\/calp-cedix-un-solar-per-al-segon-centre-de-salut\\\/#article\",\"isPartOf\":{\"@id\":\"https:\\\/\\\/canfali.com\\\/ca-es\\\/calp-cedix-un-solar-per-al-segon-centre-de-salut\\\/\"},\"author\":{\"name\":\"D\u00eddac\",\"@id\":\"https:\\\/\\\/canfali.com\\\/ca-es\\\/#\\\/schema\\\/person\\\/5211f51be1ed486a218e6a4f53355b6d\"},\"headline\":\"Calp cedix un solar per al segon centre de salut\",\"datePublished\":\"2025-03-28T07:09:10+00:00\",\"dateModified\":\"2025-03-28T07:13:01+00:00\",\"mainEntityOfPage\":{\"@id\":\"https:\\\/\\\/canfali.com\\\/ca-es\\\/calp-cedix-un-solar-per-al-segon-centre-de-salut\\\/\"},\"wordCount\":349,\"publisher\":{\"@id\":\"https:\\\/\\\/canfali.com\\\/ca-es\\\/#organization\"},\"image\":{\"@id\":\"https:\\\/\\\/canfali.com\\\/ca-es\\\/calp-cedix-un-solar-per-al-segon-centre-de-salut\\\/#primaryimage\"},\"thumbnailUrl\":\"https:\\\/\\\/canfali.com\\\/app\\\/uploads\\\/2025\\\/03\\\/salud-calp-e1743159269837.jpg\",\"keywords\":[\"centre salut\",\"consultori d'estiu\",\"emergencia sanitaria\",\"emerg\u00e8ncia sanit\u00e0ria\"],\"articleSection\":[\"Municipal\"],\"inLanguage\":\"va-ES\",\"copyrightYear\":\"2025\",\"copyrightHolder\":{\"@id\":\"https:\\\/\\\/canfali.com\\\/#organization\"}},{\"@type\":\"WebPage\",\"@id\":\"https:\\\/\\\/canfali.com\\\/ca-es\\\/calp-cedix-un-solar-per-al-segon-centre-de-salut\\\/\",\"url\":\"https:\\\/\\\/canfali.com\\\/ca-es\\\/calp-cedix-un-solar-per-al-segon-centre-de-salut\\\/\",\"name\":\"Calp cedix un solar per al segon centre de salut - Canfali\",\"isPartOf\":{\"@id\":\"https:\\\/\\\/canfali.com\\\/ca-es\\\/#website\"},\"primaryImageOfPage\":{\"@id\":\"https:\\\/\\\/canfali.com\\\/ca-es\\\/calp-cedix-un-solar-per-al-segon-centre-de-salut\\\/#primaryimage\"},\"image\":{\"@id\":\"https:\\\/\\\/canfali.com\\\/ca-es\\\/calp-cedix-un-solar-per-al-segon-centre-de-salut\\\/#primaryimage\"},\"thumbnailUrl\":\"https:\\\/\\\/canfali.com\\\/app\\\/uploads\\\/2025\\\/03\\\/salud-calp-e1743159269837.jpg\",\"datePublished\":\"2025-03-28T07:09:10+00:00\",\"dateModified\":\"2025-03-28T07:13:01+00:00\",\"breadcrumb\":{\"@id\":\"https:\\\/\\\/canfali.com\\\/ca-es\\\/calp-cedix-un-solar-per-al-segon-centre-de-salut\\\/#breadcrumb\"},\"inLanguage\":\"va-ES\",\"potentialAction\":[{\"@type\":\"ReadAction\",\"target\":[\"https:\\\/\\\/canfali.com\\\/ca-es\\\/calp-cedix-un-solar-per-al-segon-centre-de-salut\\\/\"]}]},{\"@type\":\"ImageObject\",\"inLanguage\":\"va-ES\",\"@id\":\"https:\\\/\\\/canfali.com\\\/ca-es\\\/calp-cedix-un-solar-per-al-segon-centre-de-salut\\\/#primaryimage\",\"url\":\"https:\\\/\\\/canfali.com\\\/app\\\/uploads\\\/2025\\\/03\\\/salud-calp-e1743159269837.jpg\",\"contentUrl\":\"https:\\\/\\\/canfali.com\\\/app\\\/uploads\\\/2025\\\/03\\\/salud-calp-e1743159269837.jpg\",\"width\":2048,\"height\":1536},{\"@type\":\"BreadcrumbList\",\"@id\":\"https:\\\/\\\/canfali.com\\\/ca-es\\\/calp-cedix-un-solar-per-al-segon-centre-de-salut\\\/#breadcrumb\",\"itemListElement\":[{\"@type\":\"ListItem\",\"position\":1,\"name\":\"Portada\",\"item\":\"https:\\\/\\\/canfali.com\\\/ca-es\\\/\"},{\"@type\":\"ListItem\",\"position\":2,\"name\":\"Calp cedix un solar per al segon centre de salut\"}]},{\"@type\":\"WebSite\",\"@id\":\"https:\\\/\\\/canfali.com\\\/ca-es\\\/#website\",\"url\":\"https:\\\/\\\/canfali.com\\\/ca-es\\\/\",\"name\":\"Canfali\",\"description\":\"\",\"publisher\":{\"@id\":\"https:\\\/\\\/canfali.com\\\/ca-es\\\/#organization\"},\"potentialAction\":[{\"@type\":\"SearchAction\",\"target\":{\"@type\":\"EntryPoint\",\"urlTemplate\":\"https:\\\/\\\/canfali.com\\\/ca-es\\\/?s={search_term_string}\"},\"query-input\":{\"@type\":\"PropertyValueSpecification\",\"valueRequired\":true,\"valueName\":\"search_term_string\"}}],\"inLanguage\":\"va-ES\"},{\"@type\":\"Organization\",\"@id\":\"https:\\\/\\\/canfali.com\\\/ca-es\\\/#organization\",\"name\":\"Canfali\",\"url\":\"https:\\\/\\\/canfali.com\\\/ca-es\\\/\",\"logo\":{\"@type\":\"ImageObject\",\"inLanguage\":\"va-ES\",\"@id\":\"https:\\\/\\\/canfali.com\\\/ca-es\\\/#\\\/schema\\\/logo\\\/image\\\/\",\"url\":\"https:\\\/\\\/canfali.com\\\/app\\\/uploads\\\/2025\\\/12\\\/canfali_marina_alta_logo.png\",\"contentUrl\":\"https:\\\/\\\/canfali.com\\\/app\\\/uploads\\\/2025\\\/12\\\/canfali_marina_alta_logo.png\",\"width\":225,\"height\":225,\"caption\":\"Canfali\"},\"image\":{\"@id\":\"https:\\\/\\\/canfali.com\\\/ca-es\\\/#\\\/schema\\\/logo\\\/image\\\/\"},\"sameAs\":[\"https:\\\/\\\/es-es.facebook.com\\\/CANFALIMarinaAlta\",\"https:\\\/\\\/x.com\\\/canfalima\",\"https:\\\/\\\/www.instagram.com\\\/canfalimarinaalta\\\/\"]},{\"@type\":\"Person\",\"@id\":\"https:\\\/\\\/canfali.com\\\/ca-es\\\/#\\\/schema\\\/person\\\/5211f51be1ed486a218e6a4f53355b6d\",\"name\":\"D\u00eddac\",\"image\":{\"@type\":\"ImageObject\",\"inLanguage\":\"va-ES\",\"@id\":\"https:\\\/\\\/secure.gravatar.com\\\/avatar\\\/a68a2078c12da8a6dd6cff4f3f3f69f7eb69a2d31ac1aac4da61c3761e4557f4?s=96&d=mm&r=g\",\"url\":\"https:\\\/\\\/secure.gravatar.com\\\/avatar\\\/a68a2078c12da8a6dd6cff4f3f3f69f7eb69a2d31ac1aac4da61c3761e4557f4?s=96&d=mm&r=g\",\"contentUrl\":\"https:\\\/\\\/secure.gravatar.com\\\/avatar\\\/a68a2078c12da8a6dd6cff4f3f3f69f7eb69a2d31ac1aac4da61c3761e4557f4?s=96&d=mm&r=g\",\"caption\":\"D\u00eddac\"},\"url\":\"https:\\\/\\\/canfali.com\\\/ca-es\\\/author\\\/didac\\\/\"}]}<\/script>\n<!-- \/ Yoast SEO Premium plugin. -->","yoast_head_json":{"title":"Calp cedix un solar per al segon centre de salut - Canfali","robots":{"index":"index","follow":"follow","max-snippet":"max-snippet:-1","max-image-preview":"max-image-preview:large","max-video-preview":"max-video-preview:-1"},"canonical":"https:\/\/canfali.com\/ca-es\/calp-cedix-un-solar-per-al-segon-centre-de-salut\/","og_locale":"en_US","og_type":"article","og_title":"Calp cedix un solar per al segon centre de salut","og_description":"Una vegada solucionada l&#8217;emerg\u00e8ncia educativa, ara l&#8217;acci\u00f3 del govern se centra en la sanit\u00e0ria. L&#8217;alcaldessa, Ana Sala, i&hellip;","og_url":"https:\/\/canfali.com\/ca-es\/calp-cedix-un-solar-per-al-segon-centre-de-salut\/","og_site_name":"Canfali","article_publisher":"https:\/\/es-es.facebook.com\/CANFALIMarinaAlta","article_published_time":"2025-03-28T07:09:10+00:00","article_modified_time":"2025-03-28T07:13:01+00:00","og_image":[{"width":2048,"height":1536,"url":"https:\/\/canfali.com\/app\/uploads\/2025\/03\/salud-calp-e1743159269837.jpg","type":"image\/jpeg"}],"author":"D\u00eddac","twitter_card":"summary_large_image","twitter_creator":"@canfalima","twitter_site":"@canfalima","twitter_misc":{"Written by":"D\u00eddac","Est. reading time":"2 minutes"},"schema":{"@context":"https:\/\/schema.org","@graph":[{"@type":"NewsArticle","@id":"https:\/\/canfali.com\/ca-es\/calp-cedix-un-solar-per-al-segon-centre-de-salut\/#article","isPartOf":{"@id":"https:\/\/canfali.com\/ca-es\/calp-cedix-un-solar-per-al-segon-centre-de-salut\/"},"author":{"name":"D\u00eddac","@id":"https:\/\/canfali.com\/ca-es\/#\/schema\/person\/5211f51be1ed486a218e6a4f53355b6d"},"headline":"Calp cedix un solar per al segon centre de salut","datePublished":"2025-03-28T07:09:10+00:00","dateModified":"2025-03-28T07:13:01+00:00","mainEntityOfPage":{"@id":"https:\/\/canfali.com\/ca-es\/calp-cedix-un-solar-per-al-segon-centre-de-salut\/"},"wordCount":349,"publisher":{"@id":"https:\/\/canfali.com\/ca-es\/#organization"},"image":{"@id":"https:\/\/canfali.com\/ca-es\/calp-cedix-un-solar-per-al-segon-centre-de-salut\/#primaryimage"},"thumbnailUrl":"https:\/\/canfali.com\/app\/uploads\/2025\/03\/salud-calp-e1743159269837.jpg","keywords":["centre salut","consultori d'estiu","emergencia sanitaria","emerg\u00e8ncia sanit\u00e0ria"],"articleSection":["Municipal"],"inLanguage":"va-ES","copyrightYear":"2025","copyrightHolder":{"@id":"https:\/\/canfali.com\/#organization"}},{"@type":"WebPage","@id":"https:\/\/canfali.com\/ca-es\/calp-cedix-un-solar-per-al-segon-centre-de-salut\/","url":"https:\/\/canfali.com\/ca-es\/calp-cedix-un-solar-per-al-segon-centre-de-salut\/","name":"Calp cedix un solar per al segon centre de salut - Canfali","isPartOf":{"@id":"https:\/\/canfali.com\/ca-es\/#website"},"primaryImageOfPage":{"@id":"https:\/\/canfali.com\/ca-es\/calp-cedix-un-solar-per-al-segon-centre-de-salut\/#primaryimage"},"image":{"@id":"https:\/\/canfali.com\/ca-es\/calp-cedix-un-solar-per-al-segon-centre-de-salut\/#primaryimage"},"thumbnailUrl":"https:\/\/canfali.com\/app\/uploads\/2025\/03\/salud-calp-e1743159269837.jpg","datePublished":"2025-03-28T07:09:10+00:00","dateModified":"2025-03-28T07:13:01+00:00","breadcrumb":{"@id":"https:\/\/canfali.com\/ca-es\/calp-cedix-un-solar-per-al-segon-centre-de-salut\/#breadcrumb"},"inLanguage":"va-ES","potentialAction":[{"@type":"ReadAction","target":["https:\/\/canfali.com\/ca-es\/calp-cedix-un-solar-per-al-segon-centre-de-salut\/"]}]},{"@type":"ImageObject","inLanguage":"va-ES","@id":"https:\/\/canfali.com\/ca-es\/calp-cedix-un-solar-per-al-segon-centre-de-salut\/#primaryimage","url":"https:\/\/canfali.com\/app\/uploads\/2025\/03\/salud-calp-e1743159269837.jpg","contentUrl":"https:\/\/canfali.com\/app\/uploads\/2025\/03\/salud-calp-e1743159269837.jpg","width":2048,"height":1536},{"@type":"BreadcrumbList","@id":"https:\/\/canfali.com\/ca-es\/calp-cedix-un-solar-per-al-segon-centre-de-salut\/#breadcrumb","itemListElement":[{"@type":"ListItem","position":1,"name":"Portada","item":"https:\/\/canfali.com\/ca-es\/"},{"@type":"ListItem","position":2,"name":"Calp cedix un solar per al segon centre de salut"}]},{"@type":"WebSite","@id":"https:\/\/canfali.com\/ca-es\/#website","url":"https:\/\/canfali.com\/ca-es\/","name":"Canfali","description":"","publisher":{"@id":"https:\/\/canfali.com\/ca-es\/#organization"},"potentialAction":[{"@type":"SearchAction","target":{"@type":"EntryPoint","urlTemplate":"https:\/\/canfali.com\/ca-es\/?s={search_term_string}"},"query-input":{"@type":"PropertyValueSpecification","valueRequired":true,"valueName":"search_term_string"}}],"inLanguage":"va-ES"},{"@type":"Organization","@id":"https:\/\/canfali.com\/ca-es\/#organization","name":"Canfali","url":"https:\/\/canfali.com\/ca-es\/","logo":{"@type":"ImageObject","inLanguage":"va-ES","@id":"https:\/\/canfali.com\/ca-es\/#\/schema\/logo\/image\/","url":"https:\/\/canfali.com\/app\/uploads\/2025\/12\/canfali_marina_alta_logo.png","contentUrl":"https:\/\/canfali.com\/app\/uploads\/2025\/12\/canfali_marina_alta_logo.png","width":225,"height":225,"caption":"Canfali"},"image":{"@id":"https:\/\/canfali.com\/ca-es\/#\/schema\/logo\/image\/"},"sameAs":["https:\/\/es-es.facebook.com\/CANFALIMarinaAlta","https:\/\/x.com\/canfalima","https:\/\/www.instagram.com\/canfalimarinaalta\/"]},{"@type":"Person","@id":"https:\/\/canfali.com\/ca-es\/#\/schema\/person\/5211f51be1ed486a218e6a4f53355b6d","name":"D\u00eddac","image":{"@type":"ImageObject","inLanguage":"va-ES","@id":"https:\/\/secure.gravatar.com\/avatar\/a68a2078c12da8a6dd6cff4f3f3f69f7eb69a2d31ac1aac4da61c3761e4557f4?s=96&d=mm&r=g","url":"https:\/\/secure.gravatar.com\/avatar\/a68a2078c12da8a6dd6cff4f3f3f69f7eb69a2d31ac1aac4da61c3761e4557f4?s=96&d=mm&r=g","contentUrl":"https:\/\/secure.gravatar.com\/avatar\/a68a2078c12da8a6dd6cff4f3f3f69f7eb69a2d31ac1aac4da61c3761e4557f4?s=96&d=mm&r=g","caption":"D\u00eddac"},"url":"https:\/\/canfali.com\/ca-es\/author\/didac\/"}]}},"_links":{"self":[{"href":"https:\/\/canfali.com\/ca-es\/wp-json\/wp\/v2\/posts\/60429","targetHints":{"allow":["GET"]}}],"collection":[{"href":"https:\/\/canfali.com\/ca-es\/wp-json\/wp\/v2\/posts"}],"about":[{"href":"https:\/\/canfali.com\/ca-es\/wp-json\/wp\/v2\/types\/post"}],"author":[{"embeddable":true,"href":"https:\/\/canfali.com\/ca-es\/wp-json\/wp\/v2\/users\/5"}],"replies":[{"embeddable":true,"href":"https:\/\/canfali.com\/ca-es\/wp-json\/wp\/v2\/comments?post=60429"}],"version-history":[{"count":1,"href":"https:\/\/canfali.com\/ca-es\/wp-json\/wp\/v2\/posts\/60429\/revisions"}],"predecessor-version":[{"id":60430,"href":"https:\/\/canfali.com\/ca-es\/wp-json\/wp\/v2\/posts\/60429\/revisions\/60430"}],"wp:featuredmedia":[{"embeddable":true,"href":"https:\/\/canfali.com\/ca-es\/wp-json\/wp\/v2\/media\/60427"}],"wp:attachment":[{"href":"https:\/\/canfali.com\/ca-es\/wp-json\/wp\/v2\/media?parent=60429"}],"wp:term":[{"taxonomy":"category","embeddable":true,"href":"https:\/\/canfali.com\/ca-es\/wp-json\/wp\/v2\/categories?post=60429"},{"taxonomy":"post_tag","embeddable":true,"href":"https:\/\/canfali.com\/ca-es\/wp-json\/wp\/v2\/tags?post=60429"}],"curies":[{"name":"wp","href":"https:\/\/api.w.org\/{rel}","templated":true}]}}