{"id":60234,"date":"2025-03-26T09:03:24","date_gmt":"2025-03-26T08:03:24","guid":{"rendered":"https:\/\/canfali.com\/talls-en-la-carretera-de-moraira-per-obres\/"},"modified":"2025-03-26T09:17:09","modified_gmt":"2025-03-26T08:17:09","slug":"talls-en-la-carretera-de-moraira-per-obres","status":"publish","type":"post","link":"https:\/\/canfali.com\/ca-es\/talls-en-la-carretera-de-moraira-per-obres\/","title":{"rendered":"Talls de tr\u00e0nsit en la carretera de Moraira por obres"},"content":{"rendered":"\n<p>Les obres d&#8217;ampliaci\u00f3 de la carretera Teulada Moraira (CV743) que s&#8217;iniciaran aquesta setmana comportaran talls de tr\u00e0nsit, concretament des de la glorieta Gabriel Mir\u00f3 fins a passada la corba de la resid\u00e8ncia en sentit descendent. Els treballs tenen una durada de 4 mesos i estar\u00e0 obert el carril de sentit ascendent. Per a garantir la mobilitat, s&#8217;han establert dues rutes alternatives. Una a trav\u00e9s de la carretera que connecta el nucli urb\u00e0 de Teulada amb Benitatxell (CV-740) i l&#8217;altra, per a tr\u00e0nsit lleuger, des del Cam\u00ed Sant Miquel, carretera del Pas &#8211; amb desviament posterior cap a Cam\u00ed Els Rotgetes- i sortida a la n\u00e0utica. Aquest desviament inclou trams estrets i es recomana circular nom\u00e9s amb turismes.    <\/p>\n\n<p> En la primera fase de les obres s&#8217;executaran els murs de c\u00e0rrega del projecte d&#8217;ampliaci\u00f3 de la carretera amb l&#8217;objectiu de facilitar una circulaci\u00f3 m\u00e9s fluida tant per a residents com visitants. El regidor d&#8217;Urbanisme, Tony Reig, assegura estar satisfet de \u201cfer realitat una demanda hist\u00f2rica i necess\u00e0ria per al nostre municipi, contribuint aix\u00ed amb el desenvolupament i la seguretat vi\u00e0ria de Teulada Moraira\u201d. <\/p>\n\n<p> Per part seva, l&#8217;alcalde, Ra\u00fal Llobell, afirma que \u201csom conscients que tota obra, i m\u00e9s en la carretera que uneix els nostres nuclis urbans, causen mol\u00e8sties, per aix\u00f2 demanem disculpes anticipades. No obstant aix\u00f2, \u00e9s una obra necess\u00e0ria que far\u00e0 de Teulada Moraira un millor lloc per a viure i, per tant, per a venir\u201d.<\/p>\n","protected":false},"excerpt":{"rendered":"Les obres d&#8217;ampliaci\u00f3 de la carretera Teulada Moraira (CV743) que s&#8217;iniciaran aquesta setmana comportaran talls de tr\u00e0nsit, concretament&hellip;","protected":false},"author":5,"featured_media":60231,"comment_status":"closed","ping_status":"closed","sticky":false,"template":"","format":"standard","meta":{"csco_display_header_overlay":false,"csco_singular_sidebar":"","csco_page_header_type":"","csco_page_load_nextpost":"","csco_post_video_location":[],"csco_post_video_location_hash":"","csco_post_video_url":"","csco_post_video_bg_start_time":0,"csco_post_video_bg_end_time":0,"footnotes":""},"categories":[614],"tags":[833,832,831],"class_list":{"0":"post-60234","1":"post","2":"type-post","3":"status-publish","4":"format-standard","5":"has-post-thumbnail","7":"category-municipal-ca-es","8":"tag-ampliacio","9":"tag-carretera-ca-es","10":"tag-obres","11":"cs-entry","12":"cs-video-wrap"},"yoast_head":"<!-- This site is optimized with the Yoast SEO Premium plugin v26.6 (Yoast SEO v27.3) - https:\/\/yoast.com\/product\/yoast-seo-premium-wordpress\/ -->\n<title>Talls de tr\u00e0nsit en la carretera de Moraira por obres - Canfali<\/title>\n<meta name=\"robots\" content=\"index, follow, max-snippet:-1, max-image-preview:large, max-video-preview:-1\" \/>\n<link rel=\"canonical\" href=\"https:\/\/canfali.com\/ca-es\/talls-en-la-carretera-de-moraira-per-obres\/\" \/>\n<meta property=\"og:locale\" content=\"en_US\" \/>\n<meta property=\"og:type\" content=\"article\" \/>\n<meta property=\"og:title\" content=\"Talls de tr\u00e0nsit en la carretera de Moraira por obres\" \/>\n<meta property=\"og:description\" content=\"Les obres d&#8217;ampliaci\u00f3 de la carretera Teulada Moraira (CV743) que s&#8217;iniciaran aquesta setmana comportaran talls de tr\u00e0nsit, concretament&hellip;\" \/>\n<meta property=\"og:url\" content=\"https:\/\/canfali.com\/ca-es\/talls-en-la-carretera-de-moraira-per-obres\/\" \/>\n<meta property=\"og:site_name\" content=\"Canfali\" \/>\n<meta property=\"article:publisher\" content=\"https:\/\/es-es.facebook.com\/CANFALIMarinaAlta\" \/>\n<meta property=\"article:published_time\" content=\"2025-03-26T08:03:24+00:00\" \/>\n<meta property=\"article:modified_time\" content=\"2025-03-26T08:17:09+00:00\" \/>\n<meta property=\"og:image\" content=\"https:\/\/canfali.com\/app\/uploads\/2025\/03\/moraira.jpg\" \/>\n\t<meta property=\"og:image:width\" content=\"1080\" \/>\n\t<meta property=\"og:image:height\" content=\"1080\" \/>\n\t<meta property=\"og:image:type\" content=\"image\/jpeg\" \/>\n<meta name=\"author\" content=\"D\u00eddac\" \/>\n<meta name=\"twitter:card\" content=\"summary_large_image\" \/>\n<meta name=\"twitter:creator\" content=\"@canfalima\" \/>\n<meta name=\"twitter:site\" content=\"@canfalima\" \/>\n<meta name=\"twitter:label1\" content=\"Written by\" \/>\n\t<meta name=\"twitter:data1\" content=\"D\u00eddac\" \/>\n\t<meta name=\"twitter:label2\" content=\"Est. reading time\" \/>\n\t<meta name=\"twitter:data2\" content=\"1 minute\" \/>\n<script type=\"application\/ld+json\" class=\"yoast-schema-graph\">{\"@context\":\"https:\\\/\\\/schema.org\",\"@graph\":[{\"@type\":\"NewsArticle\",\"@id\":\"https:\\\/\\\/canfali.com\\\/ca-es\\\/talls-en-la-carretera-de-moraira-per-obres\\\/#article\",\"isPartOf\":{\"@id\":\"https:\\\/\\\/canfali.com\\\/ca-es\\\/talls-en-la-carretera-de-moraira-per-obres\\\/\"},\"author\":{\"name\":\"D\u00eddac\",\"@id\":\"https:\\\/\\\/canfali.com\\\/ca-es\\\/#\\\/schema\\\/person\\\/5211f51be1ed486a218e6a4f53355b6d\"},\"headline\":\"Talls de tr\u00e0nsit en la carretera de Moraira por obres\",\"datePublished\":\"2025-03-26T08:03:24+00:00\",\"dateModified\":\"2025-03-26T08:17:09+00:00\",\"mainEntityOfPage\":{\"@id\":\"https:\\\/\\\/canfali.com\\\/ca-es\\\/talls-en-la-carretera-de-moraira-per-obres\\\/\"},\"wordCount\":270,\"publisher\":{\"@id\":\"https:\\\/\\\/canfali.com\\\/ca-es\\\/#organization\"},\"image\":{\"@id\":\"https:\\\/\\\/canfali.com\\\/ca-es\\\/talls-en-la-carretera-de-moraira-per-obres\\\/#primaryimage\"},\"thumbnailUrl\":\"https:\\\/\\\/canfali.com\\\/app\\\/uploads\\\/2025\\\/03\\\/moraira.jpg\",\"keywords\":[\"ampliaci\u00f3\",\"carretera\",\"obres\"],\"articleSection\":[\"Municipal\"],\"inLanguage\":\"va-ES\",\"copyrightYear\":\"2025\",\"copyrightHolder\":{\"@id\":\"https:\\\/\\\/canfali.com\\\/#organization\"}},{\"@type\":\"WebPage\",\"@id\":\"https:\\\/\\\/canfali.com\\\/ca-es\\\/talls-en-la-carretera-de-moraira-per-obres\\\/\",\"url\":\"https:\\\/\\\/canfali.com\\\/ca-es\\\/talls-en-la-carretera-de-moraira-per-obres\\\/\",\"name\":\"Talls de tr\u00e0nsit en la carretera de Moraira por obres - Canfali\",\"isPartOf\":{\"@id\":\"https:\\\/\\\/canfali.com\\\/ca-es\\\/#website\"},\"primaryImageOfPage\":{\"@id\":\"https:\\\/\\\/canfali.com\\\/ca-es\\\/talls-en-la-carretera-de-moraira-per-obres\\\/#primaryimage\"},\"image\":{\"@id\":\"https:\\\/\\\/canfali.com\\\/ca-es\\\/talls-en-la-carretera-de-moraira-per-obres\\\/#primaryimage\"},\"thumbnailUrl\":\"https:\\\/\\\/canfali.com\\\/app\\\/uploads\\\/2025\\\/03\\\/moraira.jpg\",\"datePublished\":\"2025-03-26T08:03:24+00:00\",\"dateModified\":\"2025-03-26T08:17:09+00:00\",\"breadcrumb\":{\"@id\":\"https:\\\/\\\/canfali.com\\\/ca-es\\\/talls-en-la-carretera-de-moraira-per-obres\\\/#breadcrumb\"},\"inLanguage\":\"va-ES\",\"potentialAction\":[{\"@type\":\"ReadAction\",\"target\":[\"https:\\\/\\\/canfali.com\\\/ca-es\\\/talls-en-la-carretera-de-moraira-per-obres\\\/\"]}]},{\"@type\":\"ImageObject\",\"inLanguage\":\"va-ES\",\"@id\":\"https:\\\/\\\/canfali.com\\\/ca-es\\\/talls-en-la-carretera-de-moraira-per-obres\\\/#primaryimage\",\"url\":\"https:\\\/\\\/canfali.com\\\/app\\\/uploads\\\/2025\\\/03\\\/moraira.jpg\",\"contentUrl\":\"https:\\\/\\\/canfali.com\\\/app\\\/uploads\\\/2025\\\/03\\\/moraira.jpg\",\"width\":1080,\"height\":1080},{\"@type\":\"BreadcrumbList\",\"@id\":\"https:\\\/\\\/canfali.com\\\/ca-es\\\/talls-en-la-carretera-de-moraira-per-obres\\\/#breadcrumb\",\"itemListElement\":[{\"@type\":\"ListItem\",\"position\":1,\"name\":\"Portada\",\"item\":\"https:\\\/\\\/canfali.com\\\/ca-es\\\/\"},{\"@type\":\"ListItem\",\"position\":2,\"name\":\"Talls de tr\u00e0nsit en la carretera de Moraira por obres\"}]},{\"@type\":\"WebSite\",\"@id\":\"https:\\\/\\\/canfali.com\\\/ca-es\\\/#website\",\"url\":\"https:\\\/\\\/canfali.com\\\/ca-es\\\/\",\"name\":\"Canfali\",\"description\":\"\",\"publisher\":{\"@id\":\"https:\\\/\\\/canfali.com\\\/ca-es\\\/#organization\"},\"potentialAction\":[{\"@type\":\"SearchAction\",\"target\":{\"@type\":\"EntryPoint\",\"urlTemplate\":\"https:\\\/\\\/canfali.com\\\/ca-es\\\/?s={search_term_string}\"},\"query-input\":{\"@type\":\"PropertyValueSpecification\",\"valueRequired\":true,\"valueName\":\"search_term_string\"}}],\"inLanguage\":\"va-ES\"},{\"@type\":\"Organization\",\"@id\":\"https:\\\/\\\/canfali.com\\\/ca-es\\\/#organization\",\"name\":\"Canfali\",\"url\":\"https:\\\/\\\/canfali.com\\\/ca-es\\\/\",\"logo\":{\"@type\":\"ImageObject\",\"inLanguage\":\"va-ES\",\"@id\":\"https:\\\/\\\/canfali.com\\\/ca-es\\\/#\\\/schema\\\/logo\\\/image\\\/\",\"url\":\"https:\\\/\\\/canfali.com\\\/app\\\/uploads\\\/2025\\\/12\\\/canfali_marina_alta_logo.png\",\"contentUrl\":\"https:\\\/\\\/canfali.com\\\/app\\\/uploads\\\/2025\\\/12\\\/canfali_marina_alta_logo.png\",\"width\":225,\"height\":225,\"caption\":\"Canfali\"},\"image\":{\"@id\":\"https:\\\/\\\/canfali.com\\\/ca-es\\\/#\\\/schema\\\/logo\\\/image\\\/\"},\"sameAs\":[\"https:\\\/\\\/es-es.facebook.com\\\/CANFALIMarinaAlta\",\"https:\\\/\\\/x.com\\\/canfalima\",\"https:\\\/\\\/www.instagram.com\\\/canfalimarinaalta\\\/\"]},{\"@type\":\"Person\",\"@id\":\"https:\\\/\\\/canfali.com\\\/ca-es\\\/#\\\/schema\\\/person\\\/5211f51be1ed486a218e6a4f53355b6d\",\"name\":\"D\u00eddac\",\"image\":{\"@type\":\"ImageObject\",\"inLanguage\":\"va-ES\",\"@id\":\"https:\\\/\\\/secure.gravatar.com\\\/avatar\\\/a68a2078c12da8a6dd6cff4f3f3f69f7eb69a2d31ac1aac4da61c3761e4557f4?s=96&d=mm&r=g\",\"url\":\"https:\\\/\\\/secure.gravatar.com\\\/avatar\\\/a68a2078c12da8a6dd6cff4f3f3f69f7eb69a2d31ac1aac4da61c3761e4557f4?s=96&d=mm&r=g\",\"contentUrl\":\"https:\\\/\\\/secure.gravatar.com\\\/avatar\\\/a68a2078c12da8a6dd6cff4f3f3f69f7eb69a2d31ac1aac4da61c3761e4557f4?s=96&d=mm&r=g\",\"caption\":\"D\u00eddac\"},\"url\":\"https:\\\/\\\/canfali.com\\\/ca-es\\\/author\\\/didac\\\/\"}]}<\/script>\n<!-- \/ Yoast SEO Premium plugin. -->","yoast_head_json":{"title":"Talls de tr\u00e0nsit en la carretera de Moraira por obres - Canfali","robots":{"index":"index","follow":"follow","max-snippet":"max-snippet:-1","max-image-preview":"max-image-preview:large","max-video-preview":"max-video-preview:-1"},"canonical":"https:\/\/canfali.com\/ca-es\/talls-en-la-carretera-de-moraira-per-obres\/","og_locale":"en_US","og_type":"article","og_title":"Talls de tr\u00e0nsit en la carretera de Moraira por obres","og_description":"Les obres d&#8217;ampliaci\u00f3 de la carretera Teulada Moraira (CV743) que s&#8217;iniciaran aquesta setmana comportaran talls de tr\u00e0nsit, concretament&hellip;","og_url":"https:\/\/canfali.com\/ca-es\/talls-en-la-carretera-de-moraira-per-obres\/","og_site_name":"Canfali","article_publisher":"https:\/\/es-es.facebook.com\/CANFALIMarinaAlta","article_published_time":"2025-03-26T08:03:24+00:00","article_modified_time":"2025-03-26T08:17:09+00:00","og_image":[{"width":1080,"height":1080,"url":"https:\/\/canfali.com\/app\/uploads\/2025\/03\/moraira.jpg","type":"image\/jpeg"}],"author":"D\u00eddac","twitter_card":"summary_large_image","twitter_creator":"@canfalima","twitter_site":"@canfalima","twitter_misc":{"Written by":"D\u00eddac","Est. reading time":"1 minute"},"schema":{"@context":"https:\/\/schema.org","@graph":[{"@type":"NewsArticle","@id":"https:\/\/canfali.com\/ca-es\/talls-en-la-carretera-de-moraira-per-obres\/#article","isPartOf":{"@id":"https:\/\/canfali.com\/ca-es\/talls-en-la-carretera-de-moraira-per-obres\/"},"author":{"name":"D\u00eddac","@id":"https:\/\/canfali.com\/ca-es\/#\/schema\/person\/5211f51be1ed486a218e6a4f53355b6d"},"headline":"Talls de tr\u00e0nsit en la carretera de Moraira por obres","datePublished":"2025-03-26T08:03:24+00:00","dateModified":"2025-03-26T08:17:09+00:00","mainEntityOfPage":{"@id":"https:\/\/canfali.com\/ca-es\/talls-en-la-carretera-de-moraira-per-obres\/"},"wordCount":270,"publisher":{"@id":"https:\/\/canfali.com\/ca-es\/#organization"},"image":{"@id":"https:\/\/canfali.com\/ca-es\/talls-en-la-carretera-de-moraira-per-obres\/#primaryimage"},"thumbnailUrl":"https:\/\/canfali.com\/app\/uploads\/2025\/03\/moraira.jpg","keywords":["ampliaci\u00f3","carretera","obres"],"articleSection":["Municipal"],"inLanguage":"va-ES","copyrightYear":"2025","copyrightHolder":{"@id":"https:\/\/canfali.com\/#organization"}},{"@type":"WebPage","@id":"https:\/\/canfali.com\/ca-es\/talls-en-la-carretera-de-moraira-per-obres\/","url":"https:\/\/canfali.com\/ca-es\/talls-en-la-carretera-de-moraira-per-obres\/","name":"Talls de tr\u00e0nsit en la carretera de Moraira por obres - Canfali","isPartOf":{"@id":"https:\/\/canfali.com\/ca-es\/#website"},"primaryImageOfPage":{"@id":"https:\/\/canfali.com\/ca-es\/talls-en-la-carretera-de-moraira-per-obres\/#primaryimage"},"image":{"@id":"https:\/\/canfali.com\/ca-es\/talls-en-la-carretera-de-moraira-per-obres\/#primaryimage"},"thumbnailUrl":"https:\/\/canfali.com\/app\/uploads\/2025\/03\/moraira.jpg","datePublished":"2025-03-26T08:03:24+00:00","dateModified":"2025-03-26T08:17:09+00:00","breadcrumb":{"@id":"https:\/\/canfali.com\/ca-es\/talls-en-la-carretera-de-moraira-per-obres\/#breadcrumb"},"inLanguage":"va-ES","potentialAction":[{"@type":"ReadAction","target":["https:\/\/canfali.com\/ca-es\/talls-en-la-carretera-de-moraira-per-obres\/"]}]},{"@type":"ImageObject","inLanguage":"va-ES","@id":"https:\/\/canfali.com\/ca-es\/talls-en-la-carretera-de-moraira-per-obres\/#primaryimage","url":"https:\/\/canfali.com\/app\/uploads\/2025\/03\/moraira.jpg","contentUrl":"https:\/\/canfali.com\/app\/uploads\/2025\/03\/moraira.jpg","width":1080,"height":1080},{"@type":"BreadcrumbList","@id":"https:\/\/canfali.com\/ca-es\/talls-en-la-carretera-de-moraira-per-obres\/#breadcrumb","itemListElement":[{"@type":"ListItem","position":1,"name":"Portada","item":"https:\/\/canfali.com\/ca-es\/"},{"@type":"ListItem","position":2,"name":"Talls de tr\u00e0nsit en la carretera de Moraira por obres"}]},{"@type":"WebSite","@id":"https:\/\/canfali.com\/ca-es\/#website","url":"https:\/\/canfali.com\/ca-es\/","name":"Canfali","description":"","publisher":{"@id":"https:\/\/canfali.com\/ca-es\/#organization"},"potentialAction":[{"@type":"SearchAction","target":{"@type":"EntryPoint","urlTemplate":"https:\/\/canfali.com\/ca-es\/?s={search_term_string}"},"query-input":{"@type":"PropertyValueSpecification","valueRequired":true,"valueName":"search_term_string"}}],"inLanguage":"va-ES"},{"@type":"Organization","@id":"https:\/\/canfali.com\/ca-es\/#organization","name":"Canfali","url":"https:\/\/canfali.com\/ca-es\/","logo":{"@type":"ImageObject","inLanguage":"va-ES","@id":"https:\/\/canfali.com\/ca-es\/#\/schema\/logo\/image\/","url":"https:\/\/canfali.com\/app\/uploads\/2025\/12\/canfali_marina_alta_logo.png","contentUrl":"https:\/\/canfali.com\/app\/uploads\/2025\/12\/canfali_marina_alta_logo.png","width":225,"height":225,"caption":"Canfali"},"image":{"@id":"https:\/\/canfali.com\/ca-es\/#\/schema\/logo\/image\/"},"sameAs":["https:\/\/es-es.facebook.com\/CANFALIMarinaAlta","https:\/\/x.com\/canfalima","https:\/\/www.instagram.com\/canfalimarinaalta\/"]},{"@type":"Person","@id":"https:\/\/canfali.com\/ca-es\/#\/schema\/person\/5211f51be1ed486a218e6a4f53355b6d","name":"D\u00eddac","image":{"@type":"ImageObject","inLanguage":"va-ES","@id":"https:\/\/secure.gravatar.com\/avatar\/a68a2078c12da8a6dd6cff4f3f3f69f7eb69a2d31ac1aac4da61c3761e4557f4?s=96&d=mm&r=g","url":"https:\/\/secure.gravatar.com\/avatar\/a68a2078c12da8a6dd6cff4f3f3f69f7eb69a2d31ac1aac4da61c3761e4557f4?s=96&d=mm&r=g","contentUrl":"https:\/\/secure.gravatar.com\/avatar\/a68a2078c12da8a6dd6cff4f3f3f69f7eb69a2d31ac1aac4da61c3761e4557f4?s=96&d=mm&r=g","caption":"D\u00eddac"},"url":"https:\/\/canfali.com\/ca-es\/author\/didac\/"}]}},"_links":{"self":[{"href":"https:\/\/canfali.com\/ca-es\/wp-json\/wp\/v2\/posts\/60234","targetHints":{"allow":["GET"]}}],"collection":[{"href":"https:\/\/canfali.com\/ca-es\/wp-json\/wp\/v2\/posts"}],"about":[{"href":"https:\/\/canfali.com\/ca-es\/wp-json\/wp\/v2\/types\/post"}],"author":[{"embeddable":true,"href":"https:\/\/canfali.com\/ca-es\/wp-json\/wp\/v2\/users\/5"}],"replies":[{"embeddable":true,"href":"https:\/\/canfali.com\/ca-es\/wp-json\/wp\/v2\/comments?post=60234"}],"version-history":[{"count":2,"href":"https:\/\/canfali.com\/ca-es\/wp-json\/wp\/v2\/posts\/60234\/revisions"}],"predecessor-version":[{"id":60237,"href":"https:\/\/canfali.com\/ca-es\/wp-json\/wp\/v2\/posts\/60234\/revisions\/60237"}],"wp:featuredmedia":[{"embeddable":true,"href":"https:\/\/canfali.com\/ca-es\/wp-json\/wp\/v2\/media\/60231"}],"wp:attachment":[{"href":"https:\/\/canfali.com\/ca-es\/wp-json\/wp\/v2\/media?parent=60234"}],"wp:term":[{"taxonomy":"category","embeddable":true,"href":"https:\/\/canfali.com\/ca-es\/wp-json\/wp\/v2\/categories?post=60234"},{"taxonomy":"post_tag","embeddable":true,"href":"https:\/\/canfali.com\/ca-es\/wp-json\/wp\/v2\/tags?post=60234"}],"curies":[{"name":"wp","href":"https:\/\/api.w.org\/{rel}","templated":true}]}}