{"id":60216,"date":"2025-03-26T08:37:05","date_gmt":"2025-03-26T07:37:05","guid":{"rendered":"https:\/\/canfali.com\/?p=60216"},"modified":"2025-03-26T08:37:06","modified_gmt":"2025-03-26T07:37:06","slug":"jordi-de-manuel-tanca-els-encontres-a-beniarbeig","status":"publish","type":"post","link":"https:\/\/canfali.com\/ca-es\/jordi-de-manuel-tanca-els-encontres-a-beniarbeig\/","title":{"rendered":"Jordi de Manuel tanca els Encontres a Beniarbeig"},"content":{"rendered":"\n<p><\/p>\n\n\n\n<p>L\u2019escriptor i professor barcelon\u00ed Jordi de Manuel posar\u00e0 punt final als Encontres a Beniarbeig el dijous 27 de mar\u00e7. Aquesta edici\u00f3 del cicle ha estat dedicada a la ci\u00e8ncia i la literatura. Amb la confer\u00e8ncia titulada <em>&#8220;Quina ci\u00e8ncia trobem a la literatura?&#8221;<\/em>, De Manuel oferir\u00e0 una visi\u00f3 global de la pres\u00e8ncia de la ci\u00e8ncia en la literatura, tot citant exemples d\u2019obres representatives de la <em>ficci\u00f3 amb ci\u00e8ncia<\/em>, la <em>ci\u00e8ncia-ficci\u00f3<\/em> i la <em>ci\u00e8ncia-en-ficci\u00f3<\/em>. A m\u00e9s, es debatran els grans reptes literaris que el segle XXI planteja en relaci\u00f3 amb la ci\u00e8ncia i la societat.<\/p>\n\n\n\n<p>Jordi de Manuel (Barcelona, 1962) \u00e9s doctor en ci\u00e8ncies biol\u00f2giques, professor i escriptor. La seva obra liter\u00e0ria hibrida el g\u00e8nere negre i la ci\u00e8ncia-ficci\u00f3, i compta amb una vintena de novel\u00b7les i prop d\u2019un centenar de relats per a p\u00fablic adult, infantil i juvenil. Ha estat reconegut amb diversos premis literaris, entre els quals destaquen el Premi Pin i Soler de la Ciutat de Tarragona, el Premi Pere Calders, el Premi Manuel de Pedrolo i, en tres ocasions, el Premi Ictineu a la millor obra de ci\u00e8ncia-ficci\u00f3 i fantasia. \u00c9s tamb\u00e9 l\u2019autor de la saga de novel\u00b7les protagonitzades per l\u2019inspector Marc Sergiot.<\/p>\n","protected":false},"excerpt":{"rendered":"L\u2019escriptor i professor barcelon\u00ed Jordi de Manuel posar\u00e0 punt final als Encontres a Beniarbeig el dijous 27 de&hellip;","protected":false},"author":8,"featured_media":60217,"comment_status":"closed","ping_status":"closed","sticky":false,"template":"","format":"standard","meta":{"csco_display_header_overlay":false,"csco_singular_sidebar":"","csco_page_header_type":"","csco_page_load_nextpost":"","csco_post_video_location":[],"csco_post_video_location_hash":"","csco_post_video_url":"","csco_post_video_bg_start_time":0,"csco_post_video_bg_end_time":0,"footnotes":""},"categories":[579,597],"tags":[],"class_list":{"0":"post-60216","1":"post","2":"type-post","3":"status-publish","4":"format-standard","5":"has-post-thumbnail","7":"category-cultura-2","8":"category-cultura-ca-es","9":"cs-entry","10":"cs-video-wrap"},"yoast_head":"<!-- This site is optimized with the Yoast SEO Premium plugin v26.6 (Yoast SEO v27.3) - https:\/\/yoast.com\/product\/yoast-seo-premium-wordpress\/ -->\n<title>Jordi de Manuel tanca els Encontres a Beniarbeig - Canfali<\/title>\n<meta name=\"robots\" content=\"index, follow, max-snippet:-1, max-image-preview:large, max-video-preview:-1\" \/>\n<link rel=\"canonical\" href=\"https:\/\/canfali.com\/ca-es\/jordi-de-manuel-tanca-els-encontres-a-beniarbeig\/\" \/>\n<meta property=\"og:locale\" content=\"en_US\" \/>\n<meta property=\"og:type\" content=\"article\" \/>\n<meta property=\"og:title\" content=\"Jordi de Manuel tanca els Encontres a Beniarbeig\" \/>\n<meta property=\"og:description\" content=\"L\u2019escriptor i professor barcelon\u00ed Jordi de Manuel posar\u00e0 punt final als Encontres a Beniarbeig el dijous 27 de&hellip;\" \/>\n<meta property=\"og:url\" content=\"https:\/\/canfali.com\/ca-es\/jordi-de-manuel-tanca-els-encontres-a-beniarbeig\/\" \/>\n<meta property=\"og:site_name\" content=\"Canfali\" \/>\n<meta property=\"article:publisher\" content=\"https:\/\/es-es.facebook.com\/CANFALIMarinaAlta\" \/>\n<meta property=\"article:published_time\" content=\"2025-03-26T07:37:05+00:00\" \/>\n<meta property=\"article:modified_time\" content=\"2025-03-26T07:37:06+00:00\" \/>\n<meta property=\"og:image\" content=\"https:\/\/canfali.com\/app\/uploads\/2025\/03\/8encontres-scaled.jpg\" \/>\n\t<meta property=\"og:image:width\" content=\"2560\" \/>\n\t<meta property=\"og:image:height\" content=\"2127\" \/>\n\t<meta property=\"og:image:type\" content=\"image\/jpeg\" \/>\n<meta name=\"author\" content=\"Lluis\" \/>\n<meta name=\"twitter:card\" content=\"summary_large_image\" \/>\n<meta name=\"twitter:creator\" content=\"@canfalima\" \/>\n<meta name=\"twitter:site\" content=\"@canfalima\" \/>\n<meta name=\"twitter:label1\" content=\"Written by\" \/>\n\t<meta name=\"twitter:data1\" content=\"Lluis\" \/>\n\t<meta name=\"twitter:label2\" content=\"Est. reading time\" \/>\n\t<meta name=\"twitter:data2\" content=\"1 minute\" \/>\n<script type=\"application\/ld+json\" class=\"yoast-schema-graph\">{\"@context\":\"https:\\\/\\\/schema.org\",\"@graph\":[{\"@type\":\"NewsArticle\",\"@id\":\"https:\\\/\\\/canfali.com\\\/ca-es\\\/jordi-de-manuel-tanca-els-encontres-a-beniarbeig\\\/#article\",\"isPartOf\":{\"@id\":\"https:\\\/\\\/canfali.com\\\/ca-es\\\/jordi-de-manuel-tanca-els-encontres-a-beniarbeig\\\/\"},\"author\":{\"name\":\"Lluis\",\"@id\":\"https:\\\/\\\/canfali.com\\\/ca-es\\\/#\\\/schema\\\/person\\\/f540a86fb33e10daaae53c59ceaa1194\"},\"headline\":\"Jordi de Manuel tanca els Encontres a Beniarbeig\",\"datePublished\":\"2025-03-26T07:37:05+00:00\",\"dateModified\":\"2025-03-26T07:37:06+00:00\",\"mainEntityOfPage\":{\"@id\":\"https:\\\/\\\/canfali.com\\\/ca-es\\\/jordi-de-manuel-tanca-els-encontres-a-beniarbeig\\\/\"},\"wordCount\":225,\"publisher\":{\"@id\":\"https:\\\/\\\/canfali.com\\\/ca-es\\\/#organization\"},\"image\":{\"@id\":\"https:\\\/\\\/canfali.com\\\/ca-es\\\/jordi-de-manuel-tanca-els-encontres-a-beniarbeig\\\/#primaryimage\"},\"thumbnailUrl\":\"https:\\\/\\\/canfali.com\\\/app\\\/uploads\\\/2025\\\/03\\\/8encontres-scaled.jpg\",\"articleSection\":[\"Cultura\",\"Cultura\"],\"inLanguage\":\"va-ES\",\"copyrightYear\":\"2025\",\"copyrightHolder\":{\"@id\":\"https:\\\/\\\/canfali.com\\\/#organization\"}},{\"@type\":\"WebPage\",\"@id\":\"https:\\\/\\\/canfali.com\\\/ca-es\\\/jordi-de-manuel-tanca-els-encontres-a-beniarbeig\\\/\",\"url\":\"https:\\\/\\\/canfali.com\\\/ca-es\\\/jordi-de-manuel-tanca-els-encontres-a-beniarbeig\\\/\",\"name\":\"Jordi de Manuel tanca els Encontres a Beniarbeig - Canfali\",\"isPartOf\":{\"@id\":\"https:\\\/\\\/canfali.com\\\/ca-es\\\/#website\"},\"primaryImageOfPage\":{\"@id\":\"https:\\\/\\\/canfali.com\\\/ca-es\\\/jordi-de-manuel-tanca-els-encontres-a-beniarbeig\\\/#primaryimage\"},\"image\":{\"@id\":\"https:\\\/\\\/canfali.com\\\/ca-es\\\/jordi-de-manuel-tanca-els-encontres-a-beniarbeig\\\/#primaryimage\"},\"thumbnailUrl\":\"https:\\\/\\\/canfali.com\\\/app\\\/uploads\\\/2025\\\/03\\\/8encontres-scaled.jpg\",\"datePublished\":\"2025-03-26T07:37:05+00:00\",\"dateModified\":\"2025-03-26T07:37:06+00:00\",\"breadcrumb\":{\"@id\":\"https:\\\/\\\/canfali.com\\\/ca-es\\\/jordi-de-manuel-tanca-els-encontres-a-beniarbeig\\\/#breadcrumb\"},\"inLanguage\":\"va-ES\",\"potentialAction\":[{\"@type\":\"ReadAction\",\"target\":[\"https:\\\/\\\/canfali.com\\\/ca-es\\\/jordi-de-manuel-tanca-els-encontres-a-beniarbeig\\\/\"]}]},{\"@type\":\"ImageObject\",\"inLanguage\":\"va-ES\",\"@id\":\"https:\\\/\\\/canfali.com\\\/ca-es\\\/jordi-de-manuel-tanca-els-encontres-a-beniarbeig\\\/#primaryimage\",\"url\":\"https:\\\/\\\/canfali.com\\\/app\\\/uploads\\\/2025\\\/03\\\/8encontres-scaled.jpg\",\"contentUrl\":\"https:\\\/\\\/canfali.com\\\/app\\\/uploads\\\/2025\\\/03\\\/8encontres-scaled.jpg\",\"width\":2560,\"height\":2127},{\"@type\":\"BreadcrumbList\",\"@id\":\"https:\\\/\\\/canfali.com\\\/ca-es\\\/jordi-de-manuel-tanca-els-encontres-a-beniarbeig\\\/#breadcrumb\",\"itemListElement\":[{\"@type\":\"ListItem\",\"position\":1,\"name\":\"Portada\",\"item\":\"https:\\\/\\\/canfali.com\\\/ca-es\\\/\"},{\"@type\":\"ListItem\",\"position\":2,\"name\":\"Jordi de Manuel tanca els Encontres a Beniarbeig\"}]},{\"@type\":\"WebSite\",\"@id\":\"https:\\\/\\\/canfali.com\\\/ca-es\\\/#website\",\"url\":\"https:\\\/\\\/canfali.com\\\/ca-es\\\/\",\"name\":\"Canfali\",\"description\":\"\",\"publisher\":{\"@id\":\"https:\\\/\\\/canfali.com\\\/ca-es\\\/#organization\"},\"potentialAction\":[{\"@type\":\"SearchAction\",\"target\":{\"@type\":\"EntryPoint\",\"urlTemplate\":\"https:\\\/\\\/canfali.com\\\/ca-es\\\/?s={search_term_string}\"},\"query-input\":{\"@type\":\"PropertyValueSpecification\",\"valueRequired\":true,\"valueName\":\"search_term_string\"}}],\"inLanguage\":\"va-ES\"},{\"@type\":\"Organization\",\"@id\":\"https:\\\/\\\/canfali.com\\\/ca-es\\\/#organization\",\"name\":\"Canfali\",\"url\":\"https:\\\/\\\/canfali.com\\\/ca-es\\\/\",\"logo\":{\"@type\":\"ImageObject\",\"inLanguage\":\"va-ES\",\"@id\":\"https:\\\/\\\/canfali.com\\\/ca-es\\\/#\\\/schema\\\/logo\\\/image\\\/\",\"url\":\"https:\\\/\\\/canfali.com\\\/app\\\/uploads\\\/2025\\\/12\\\/canfali_marina_alta_logo.png\",\"contentUrl\":\"https:\\\/\\\/canfali.com\\\/app\\\/uploads\\\/2025\\\/12\\\/canfali_marina_alta_logo.png\",\"width\":225,\"height\":225,\"caption\":\"Canfali\"},\"image\":{\"@id\":\"https:\\\/\\\/canfali.com\\\/ca-es\\\/#\\\/schema\\\/logo\\\/image\\\/\"},\"sameAs\":[\"https:\\\/\\\/es-es.facebook.com\\\/CANFALIMarinaAlta\",\"https:\\\/\\\/x.com\\\/canfalima\",\"https:\\\/\\\/www.instagram.com\\\/canfalimarinaalta\\\/\"]},{\"@type\":\"Person\",\"@id\":\"https:\\\/\\\/canfali.com\\\/ca-es\\\/#\\\/schema\\\/person\\\/f540a86fb33e10daaae53c59ceaa1194\",\"name\":\"Lluis\",\"image\":{\"@type\":\"ImageObject\",\"inLanguage\":\"va-ES\",\"@id\":\"https:\\\/\\\/secure.gravatar.com\\\/avatar\\\/a21ec8835290e4e02ed0886b8cb327d807d0eb6ec8ccf25d4c2a0a415f506c0d?s=96&d=mm&r=g\",\"url\":\"https:\\\/\\\/secure.gravatar.com\\\/avatar\\\/a21ec8835290e4e02ed0886b8cb327d807d0eb6ec8ccf25d4c2a0a415f506c0d?s=96&d=mm&r=g\",\"contentUrl\":\"https:\\\/\\\/secure.gravatar.com\\\/avatar\\\/a21ec8835290e4e02ed0886b8cb327d807d0eb6ec8ccf25d4c2a0a415f506c0d?s=96&d=mm&r=g\",\"caption\":\"Lluis\"},\"url\":\"https:\\\/\\\/canfali.com\\\/ca-es\\\/author\\\/lluis\\\/\"}]}<\/script>\n<!-- \/ Yoast SEO Premium plugin. -->","yoast_head_json":{"title":"Jordi de Manuel tanca els Encontres a Beniarbeig - Canfali","robots":{"index":"index","follow":"follow","max-snippet":"max-snippet:-1","max-image-preview":"max-image-preview:large","max-video-preview":"max-video-preview:-1"},"canonical":"https:\/\/canfali.com\/ca-es\/jordi-de-manuel-tanca-els-encontres-a-beniarbeig\/","og_locale":"en_US","og_type":"article","og_title":"Jordi de Manuel tanca els Encontres a Beniarbeig","og_description":"L\u2019escriptor i professor barcelon\u00ed Jordi de Manuel posar\u00e0 punt final als Encontres a Beniarbeig el dijous 27 de&hellip;","og_url":"https:\/\/canfali.com\/ca-es\/jordi-de-manuel-tanca-els-encontres-a-beniarbeig\/","og_site_name":"Canfali","article_publisher":"https:\/\/es-es.facebook.com\/CANFALIMarinaAlta","article_published_time":"2025-03-26T07:37:05+00:00","article_modified_time":"2025-03-26T07:37:06+00:00","og_image":[{"width":2560,"height":2127,"url":"https:\/\/canfali.com\/app\/uploads\/2025\/03\/8encontres-scaled.jpg","type":"image\/jpeg"}],"author":"Lluis","twitter_card":"summary_large_image","twitter_creator":"@canfalima","twitter_site":"@canfalima","twitter_misc":{"Written by":"Lluis","Est. reading time":"1 minute"},"schema":{"@context":"https:\/\/schema.org","@graph":[{"@type":"NewsArticle","@id":"https:\/\/canfali.com\/ca-es\/jordi-de-manuel-tanca-els-encontres-a-beniarbeig\/#article","isPartOf":{"@id":"https:\/\/canfali.com\/ca-es\/jordi-de-manuel-tanca-els-encontres-a-beniarbeig\/"},"author":{"name":"Lluis","@id":"https:\/\/canfali.com\/ca-es\/#\/schema\/person\/f540a86fb33e10daaae53c59ceaa1194"},"headline":"Jordi de Manuel tanca els Encontres a Beniarbeig","datePublished":"2025-03-26T07:37:05+00:00","dateModified":"2025-03-26T07:37:06+00:00","mainEntityOfPage":{"@id":"https:\/\/canfali.com\/ca-es\/jordi-de-manuel-tanca-els-encontres-a-beniarbeig\/"},"wordCount":225,"publisher":{"@id":"https:\/\/canfali.com\/ca-es\/#organization"},"image":{"@id":"https:\/\/canfali.com\/ca-es\/jordi-de-manuel-tanca-els-encontres-a-beniarbeig\/#primaryimage"},"thumbnailUrl":"https:\/\/canfali.com\/app\/uploads\/2025\/03\/8encontres-scaled.jpg","articleSection":["Cultura","Cultura"],"inLanguage":"va-ES","copyrightYear":"2025","copyrightHolder":{"@id":"https:\/\/canfali.com\/#organization"}},{"@type":"WebPage","@id":"https:\/\/canfali.com\/ca-es\/jordi-de-manuel-tanca-els-encontres-a-beniarbeig\/","url":"https:\/\/canfali.com\/ca-es\/jordi-de-manuel-tanca-els-encontres-a-beniarbeig\/","name":"Jordi de Manuel tanca els Encontres a Beniarbeig - Canfali","isPartOf":{"@id":"https:\/\/canfali.com\/ca-es\/#website"},"primaryImageOfPage":{"@id":"https:\/\/canfali.com\/ca-es\/jordi-de-manuel-tanca-els-encontres-a-beniarbeig\/#primaryimage"},"image":{"@id":"https:\/\/canfali.com\/ca-es\/jordi-de-manuel-tanca-els-encontres-a-beniarbeig\/#primaryimage"},"thumbnailUrl":"https:\/\/canfali.com\/app\/uploads\/2025\/03\/8encontres-scaled.jpg","datePublished":"2025-03-26T07:37:05+00:00","dateModified":"2025-03-26T07:37:06+00:00","breadcrumb":{"@id":"https:\/\/canfali.com\/ca-es\/jordi-de-manuel-tanca-els-encontres-a-beniarbeig\/#breadcrumb"},"inLanguage":"va-ES","potentialAction":[{"@type":"ReadAction","target":["https:\/\/canfali.com\/ca-es\/jordi-de-manuel-tanca-els-encontres-a-beniarbeig\/"]}]},{"@type":"ImageObject","inLanguage":"va-ES","@id":"https:\/\/canfali.com\/ca-es\/jordi-de-manuel-tanca-els-encontres-a-beniarbeig\/#primaryimage","url":"https:\/\/canfali.com\/app\/uploads\/2025\/03\/8encontres-scaled.jpg","contentUrl":"https:\/\/canfali.com\/app\/uploads\/2025\/03\/8encontres-scaled.jpg","width":2560,"height":2127},{"@type":"BreadcrumbList","@id":"https:\/\/canfali.com\/ca-es\/jordi-de-manuel-tanca-els-encontres-a-beniarbeig\/#breadcrumb","itemListElement":[{"@type":"ListItem","position":1,"name":"Portada","item":"https:\/\/canfali.com\/ca-es\/"},{"@type":"ListItem","position":2,"name":"Jordi de Manuel tanca els Encontres a Beniarbeig"}]},{"@type":"WebSite","@id":"https:\/\/canfali.com\/ca-es\/#website","url":"https:\/\/canfali.com\/ca-es\/","name":"Canfali","description":"","publisher":{"@id":"https:\/\/canfali.com\/ca-es\/#organization"},"potentialAction":[{"@type":"SearchAction","target":{"@type":"EntryPoint","urlTemplate":"https:\/\/canfali.com\/ca-es\/?s={search_term_string}"},"query-input":{"@type":"PropertyValueSpecification","valueRequired":true,"valueName":"search_term_string"}}],"inLanguage":"va-ES"},{"@type":"Organization","@id":"https:\/\/canfali.com\/ca-es\/#organization","name":"Canfali","url":"https:\/\/canfali.com\/ca-es\/","logo":{"@type":"ImageObject","inLanguage":"va-ES","@id":"https:\/\/canfali.com\/ca-es\/#\/schema\/logo\/image\/","url":"https:\/\/canfali.com\/app\/uploads\/2025\/12\/canfali_marina_alta_logo.png","contentUrl":"https:\/\/canfali.com\/app\/uploads\/2025\/12\/canfali_marina_alta_logo.png","width":225,"height":225,"caption":"Canfali"},"image":{"@id":"https:\/\/canfali.com\/ca-es\/#\/schema\/logo\/image\/"},"sameAs":["https:\/\/es-es.facebook.com\/CANFALIMarinaAlta","https:\/\/x.com\/canfalima","https:\/\/www.instagram.com\/canfalimarinaalta\/"]},{"@type":"Person","@id":"https:\/\/canfali.com\/ca-es\/#\/schema\/person\/f540a86fb33e10daaae53c59ceaa1194","name":"Lluis","image":{"@type":"ImageObject","inLanguage":"va-ES","@id":"https:\/\/secure.gravatar.com\/avatar\/a21ec8835290e4e02ed0886b8cb327d807d0eb6ec8ccf25d4c2a0a415f506c0d?s=96&d=mm&r=g","url":"https:\/\/secure.gravatar.com\/avatar\/a21ec8835290e4e02ed0886b8cb327d807d0eb6ec8ccf25d4c2a0a415f506c0d?s=96&d=mm&r=g","contentUrl":"https:\/\/secure.gravatar.com\/avatar\/a21ec8835290e4e02ed0886b8cb327d807d0eb6ec8ccf25d4c2a0a415f506c0d?s=96&d=mm&r=g","caption":"Lluis"},"url":"https:\/\/canfali.com\/ca-es\/author\/lluis\/"}]}},"_links":{"self":[{"href":"https:\/\/canfali.com\/ca-es\/wp-json\/wp\/v2\/posts\/60216","targetHints":{"allow":["GET"]}}],"collection":[{"href":"https:\/\/canfali.com\/ca-es\/wp-json\/wp\/v2\/posts"}],"about":[{"href":"https:\/\/canfali.com\/ca-es\/wp-json\/wp\/v2\/types\/post"}],"author":[{"embeddable":true,"href":"https:\/\/canfali.com\/ca-es\/wp-json\/wp\/v2\/users\/8"}],"replies":[{"embeddable":true,"href":"https:\/\/canfali.com\/ca-es\/wp-json\/wp\/v2\/comments?post=60216"}],"version-history":[{"count":1,"href":"https:\/\/canfali.com\/ca-es\/wp-json\/wp\/v2\/posts\/60216\/revisions"}],"predecessor-version":[{"id":60220,"href":"https:\/\/canfali.com\/ca-es\/wp-json\/wp\/v2\/posts\/60216\/revisions\/60220"}],"wp:featuredmedia":[{"embeddable":true,"href":"https:\/\/canfali.com\/ca-es\/wp-json\/wp\/v2\/media\/60217"}],"wp:attachment":[{"href":"https:\/\/canfali.com\/ca-es\/wp-json\/wp\/v2\/media?parent=60216"}],"wp:term":[{"taxonomy":"category","embeddable":true,"href":"https:\/\/canfali.com\/ca-es\/wp-json\/wp\/v2\/categories?post=60216"},{"taxonomy":"post_tag","embeddable":true,"href":"https:\/\/canfali.com\/ca-es\/wp-json\/wp\/v2\/tags?post=60216"}],"curies":[{"name":"wp","href":"https:\/\/api.w.org\/{rel}","templated":true}]}}