{"id":60011,"date":"2025-03-24T08:48:17","date_gmt":"2025-03-24T07:48:17","guid":{"rendered":"https:\/\/canfali.com\/tercera-ffcv-benitatxell-i-el-verger-amplien-lavantatge\/"},"modified":"2025-03-24T12:35:50","modified_gmt":"2025-03-24T11:35:50","slug":"tercera-ffcv-benitatxell-i-el-verger-amplien-lavantatge","status":"publish","type":"post","link":"https:\/\/canfali.com\/ca-es\/tercera-ffcv-benitatxell-i-el-verger-amplien-lavantatge\/","title":{"rendered":"Tercera FFCV: Benitatxell i El Verger amplien l\u2019avantatge"},"content":{"rendered":"\n<p>La jornada 21 en el Grup XII de la Tercera FFCV ha sigut, com estava previst, de tr\u00e0mit per als dos m\u00e0xims favorits, el Benitatxell (l\u00edder amb 55 punts) i El Verger (46), que van resoldre els seus compromisos sense massa dificultats. El Benitatxell va v\u00e9ncer al camp del Beniarbeig per 0-2, mentre que El Verger va fer el mateix amb id\u00e8ntic resultat al camp del cuer, l\u2019Iraklis B. A m\u00e9s, tots dos equips es van vore beneficiats per l\u2019empat a dos entre el Pedreguer i el Campello B, que comparteixen la quarta pla\u00e7a amb el Calp B, tots amb 40 punts. <\/p>\n\n<p>El l\u00edder va deixar l\u2019encontre pr\u00e0cticament sentenciat en la primera meitat amb gols de Pablo i Rub\u00e9n abans de la mitja hora, en un partit sense massa hist\u00f2ria. Per la seua banda, El Verger va assegurar la vict\u00f2ria amb dos gols del pitxitxi del grup, David Molines. <\/p>\n\n<p>A Pedreguer, el conjunt local va comen\u00e7ar perdent 0-2 en els primers quinze minuts, encara que va aconseguir retallar dist\u00e0ncies amb un gol d\u2019\u00c0lex Mart\u00ednez abans del descans. En la segona meitat, Abel va posar l\u2019empat definitiu. <\/p>\n\n<p>El Benissa B va protagonitzar la sorpresa de la jornada en v\u00e9ncer 1-2 al camp del Calp B. Els gols van arribar en la segona part: el Benissa es va avan\u00e7ar amb un gol en pr\u00f2pia porteria, Fernando va igualar el marcador i, ja amb el temps complit, Andrei va anotar l\u20191-2 definitiu.<\/p>\n\n<p>Pel dem\u00e9s, el Teulada B va caure a Finestrat per 6-2 i l\u2019Orba B va patir una dura derrota al camp del Mutxamel B per 10-2. El Pego B va donar la campanada en imposar-se a Callosa per 0-2, amb gols de Dani i Facu.Por lo dem\u00e1s, el Teulada B cay\u00f3 en Finestrat por 6-2 y el Orba B sufri\u00f3 una dura derrota en casa del Mutxamel B por 10-2. El Pego B dio la campanada al imponerse en Callosa por 0-2, con goles de Dani y Facu. <\/p>\n","protected":false},"excerpt":{"rendered":"La jornada 21 en el Grup XII de la Tercera FFCV ha sigut, com estava previst, de tr\u00e0mit&hellip;","protected":false},"author":8,"featured_media":60009,"comment_status":"closed","ping_status":"closed","sticky":false,"template":"","format":"standard","meta":{"csco_display_header_overlay":false,"csco_singular_sidebar":"","csco_page_header_type":"","csco_page_load_nextpost":"","csco_post_video_location":[],"csco_post_video_location_hash":"","csco_post_video_url":"","csco_post_video_bg_start_time":0,"csco_post_video_bg_end_time":0,"footnotes":""},"categories":[1],"tags":[],"class_list":{"0":"post-60011","1":"post","2":"type-post","3":"status-publish","4":"format-standard","5":"has-post-thumbnail","7":"category-sin-categorizar","8":"cs-entry","9":"cs-video-wrap"},"yoast_head":"<!-- This site is optimized with the Yoast SEO Premium plugin v26.6 (Yoast SEO v27.3) - https:\/\/yoast.com\/product\/yoast-seo-premium-wordpress\/ -->\n<title>Tercera FFCV: Benitatxell i El Verger amplien l\u2019avantatge - Canfali<\/title>\n<meta name=\"robots\" content=\"index, follow, max-snippet:-1, max-image-preview:large, max-video-preview:-1\" \/>\n<link rel=\"canonical\" href=\"https:\/\/canfali.com\/ca-es\/tercera-ffcv-benitatxell-i-el-verger-amplien-lavantatge\/\" \/>\n<meta property=\"og:locale\" content=\"en_US\" \/>\n<meta property=\"og:type\" content=\"article\" \/>\n<meta property=\"og:title\" content=\"Tercera FFCV: Benitatxell i El Verger amplien l\u2019avantatge\" \/>\n<meta property=\"og:description\" content=\"La jornada 21 en el Grup XII de la Tercera FFCV ha sigut, com estava previst, de tr\u00e0mit&hellip;\" \/>\n<meta property=\"og:url\" content=\"https:\/\/canfali.com\/ca-es\/tercera-ffcv-benitatxell-i-el-verger-amplien-lavantatge\/\" \/>\n<meta property=\"og:site_name\" content=\"Canfali\" \/>\n<meta property=\"article:publisher\" content=\"https:\/\/es-es.facebook.com\/CANFALIMarinaAlta\" \/>\n<meta property=\"article:published_time\" content=\"2025-03-24T07:48:17+00:00\" \/>\n<meta property=\"article:modified_time\" content=\"2025-03-24T11:35:50+00:00\" \/>\n<meta property=\"og:image\" content=\"https:\/\/canfali.com\/app\/uploads\/2025\/03\/el-verger-scaled-e1742816140572.jpg\" \/>\n\t<meta property=\"og:image:width\" content=\"1200\" \/>\n\t<meta property=\"og:image:height\" content=\"768\" \/>\n\t<meta property=\"og:image:type\" content=\"image\/jpeg\" \/>\n<meta name=\"author\" content=\"Lluis\" \/>\n<meta name=\"twitter:card\" content=\"summary_large_image\" \/>\n<meta name=\"twitter:creator\" content=\"@canfalima\" \/>\n<meta name=\"twitter:site\" content=\"@canfalima\" \/>\n<meta name=\"twitter:label1\" content=\"Written by\" \/>\n\t<meta name=\"twitter:data1\" content=\"Lluis\" \/>\n\t<meta name=\"twitter:label2\" content=\"Est. reading time\" \/>\n\t<meta name=\"twitter:data2\" content=\"2 minutes\" \/>\n<script type=\"application\/ld+json\" class=\"yoast-schema-graph\">{\"@context\":\"https:\\\/\\\/schema.org\",\"@graph\":[{\"@type\":\"NewsArticle\",\"@id\":\"https:\\\/\\\/canfali.com\\\/ca-es\\\/tercera-ffcv-benitatxell-i-el-verger-amplien-lavantatge\\\/#article\",\"isPartOf\":{\"@id\":\"https:\\\/\\\/canfali.com\\\/ca-es\\\/tercera-ffcv-benitatxell-i-el-verger-amplien-lavantatge\\\/\"},\"author\":{\"name\":\"Lluis\",\"@id\":\"https:\\\/\\\/canfali.com\\\/ca-es\\\/#\\\/schema\\\/person\\\/f540a86fb33e10daaae53c59ceaa1194\"},\"headline\":\"Tercera FFCV: Benitatxell i El Verger amplien l\u2019avantatge\",\"datePublished\":\"2025-03-24T07:48:17+00:00\",\"dateModified\":\"2025-03-24T11:35:50+00:00\",\"mainEntityOfPage\":{\"@id\":\"https:\\\/\\\/canfali.com\\\/ca-es\\\/tercera-ffcv-benitatxell-i-el-verger-amplien-lavantatge\\\/\"},\"wordCount\":360,\"publisher\":{\"@id\":\"https:\\\/\\\/canfali.com\\\/ca-es\\\/#organization\"},\"image\":{\"@id\":\"https:\\\/\\\/canfali.com\\\/ca-es\\\/tercera-ffcv-benitatxell-i-el-verger-amplien-lavantatge\\\/#primaryimage\"},\"thumbnailUrl\":\"https:\\\/\\\/canfali.com\\\/app\\\/uploads\\\/2025\\\/03\\\/el-verger-scaled-e1742816140572.jpg\",\"articleSection\":[\"Sin categorizar\"],\"inLanguage\":\"va-ES\",\"copyrightYear\":\"2025\",\"copyrightHolder\":{\"@id\":\"https:\\\/\\\/canfali.com\\\/#organization\"}},{\"@type\":\"WebPage\",\"@id\":\"https:\\\/\\\/canfali.com\\\/ca-es\\\/tercera-ffcv-benitatxell-i-el-verger-amplien-lavantatge\\\/\",\"url\":\"https:\\\/\\\/canfali.com\\\/ca-es\\\/tercera-ffcv-benitatxell-i-el-verger-amplien-lavantatge\\\/\",\"name\":\"Tercera FFCV: Benitatxell i El Verger amplien l\u2019avantatge - Canfali\",\"isPartOf\":{\"@id\":\"https:\\\/\\\/canfali.com\\\/ca-es\\\/#website\"},\"primaryImageOfPage\":{\"@id\":\"https:\\\/\\\/canfali.com\\\/ca-es\\\/tercera-ffcv-benitatxell-i-el-verger-amplien-lavantatge\\\/#primaryimage\"},\"image\":{\"@id\":\"https:\\\/\\\/canfali.com\\\/ca-es\\\/tercera-ffcv-benitatxell-i-el-verger-amplien-lavantatge\\\/#primaryimage\"},\"thumbnailUrl\":\"https:\\\/\\\/canfali.com\\\/app\\\/uploads\\\/2025\\\/03\\\/el-verger-scaled-e1742816140572.jpg\",\"datePublished\":\"2025-03-24T07:48:17+00:00\",\"dateModified\":\"2025-03-24T11:35:50+00:00\",\"breadcrumb\":{\"@id\":\"https:\\\/\\\/canfali.com\\\/ca-es\\\/tercera-ffcv-benitatxell-i-el-verger-amplien-lavantatge\\\/#breadcrumb\"},\"inLanguage\":\"va-ES\",\"potentialAction\":[{\"@type\":\"ReadAction\",\"target\":[\"https:\\\/\\\/canfali.com\\\/ca-es\\\/tercera-ffcv-benitatxell-i-el-verger-amplien-lavantatge\\\/\"]}]},{\"@type\":\"ImageObject\",\"inLanguage\":\"va-ES\",\"@id\":\"https:\\\/\\\/canfali.com\\\/ca-es\\\/tercera-ffcv-benitatxell-i-el-verger-amplien-lavantatge\\\/#primaryimage\",\"url\":\"https:\\\/\\\/canfali.com\\\/app\\\/uploads\\\/2025\\\/03\\\/el-verger-scaled-e1742816140572.jpg\",\"contentUrl\":\"https:\\\/\\\/canfali.com\\\/app\\\/uploads\\\/2025\\\/03\\\/el-verger-scaled-e1742816140572.jpg\",\"width\":1200,\"height\":768},{\"@type\":\"BreadcrumbList\",\"@id\":\"https:\\\/\\\/canfali.com\\\/ca-es\\\/tercera-ffcv-benitatxell-i-el-verger-amplien-lavantatge\\\/#breadcrumb\",\"itemListElement\":[{\"@type\":\"ListItem\",\"position\":1,\"name\":\"Portada\",\"item\":\"https:\\\/\\\/canfali.com\\\/ca-es\\\/\"},{\"@type\":\"ListItem\",\"position\":2,\"name\":\"Tercera FFCV: Benitatxell i El Verger amplien l\u2019avantatge\"}]},{\"@type\":\"WebSite\",\"@id\":\"https:\\\/\\\/canfali.com\\\/ca-es\\\/#website\",\"url\":\"https:\\\/\\\/canfali.com\\\/ca-es\\\/\",\"name\":\"Canfali\",\"description\":\"\",\"publisher\":{\"@id\":\"https:\\\/\\\/canfali.com\\\/ca-es\\\/#organization\"},\"potentialAction\":[{\"@type\":\"SearchAction\",\"target\":{\"@type\":\"EntryPoint\",\"urlTemplate\":\"https:\\\/\\\/canfali.com\\\/ca-es\\\/?s={search_term_string}\"},\"query-input\":{\"@type\":\"PropertyValueSpecification\",\"valueRequired\":true,\"valueName\":\"search_term_string\"}}],\"inLanguage\":\"va-ES\"},{\"@type\":\"Organization\",\"@id\":\"https:\\\/\\\/canfali.com\\\/ca-es\\\/#organization\",\"name\":\"Canfali\",\"url\":\"https:\\\/\\\/canfali.com\\\/ca-es\\\/\",\"logo\":{\"@type\":\"ImageObject\",\"inLanguage\":\"va-ES\",\"@id\":\"https:\\\/\\\/canfali.com\\\/ca-es\\\/#\\\/schema\\\/logo\\\/image\\\/\",\"url\":\"https:\\\/\\\/canfali.com\\\/app\\\/uploads\\\/2025\\\/12\\\/canfali_marina_alta_logo.png\",\"contentUrl\":\"https:\\\/\\\/canfali.com\\\/app\\\/uploads\\\/2025\\\/12\\\/canfali_marina_alta_logo.png\",\"width\":225,\"height\":225,\"caption\":\"Canfali\"},\"image\":{\"@id\":\"https:\\\/\\\/canfali.com\\\/ca-es\\\/#\\\/schema\\\/logo\\\/image\\\/\"},\"sameAs\":[\"https:\\\/\\\/es-es.facebook.com\\\/CANFALIMarinaAlta\",\"https:\\\/\\\/x.com\\\/canfalima\",\"https:\\\/\\\/www.instagram.com\\\/canfalimarinaalta\\\/\"]},{\"@type\":\"Person\",\"@id\":\"https:\\\/\\\/canfali.com\\\/ca-es\\\/#\\\/schema\\\/person\\\/f540a86fb33e10daaae53c59ceaa1194\",\"name\":\"Lluis\",\"image\":{\"@type\":\"ImageObject\",\"inLanguage\":\"va-ES\",\"@id\":\"https:\\\/\\\/secure.gravatar.com\\\/avatar\\\/a21ec8835290e4e02ed0886b8cb327d807d0eb6ec8ccf25d4c2a0a415f506c0d?s=96&d=mm&r=g\",\"url\":\"https:\\\/\\\/secure.gravatar.com\\\/avatar\\\/a21ec8835290e4e02ed0886b8cb327d807d0eb6ec8ccf25d4c2a0a415f506c0d?s=96&d=mm&r=g\",\"contentUrl\":\"https:\\\/\\\/secure.gravatar.com\\\/avatar\\\/a21ec8835290e4e02ed0886b8cb327d807d0eb6ec8ccf25d4c2a0a415f506c0d?s=96&d=mm&r=g\",\"caption\":\"Lluis\"},\"url\":\"https:\\\/\\\/canfali.com\\\/ca-es\\\/author\\\/lluis\\\/\"}]}<\/script>\n<!-- \/ Yoast SEO Premium plugin. -->","yoast_head_json":{"title":"Tercera FFCV: Benitatxell i El Verger amplien l\u2019avantatge - Canfali","robots":{"index":"index","follow":"follow","max-snippet":"max-snippet:-1","max-image-preview":"max-image-preview:large","max-video-preview":"max-video-preview:-1"},"canonical":"https:\/\/canfali.com\/ca-es\/tercera-ffcv-benitatxell-i-el-verger-amplien-lavantatge\/","og_locale":"en_US","og_type":"article","og_title":"Tercera FFCV: Benitatxell i El Verger amplien l\u2019avantatge","og_description":"La jornada 21 en el Grup XII de la Tercera FFCV ha sigut, com estava previst, de tr\u00e0mit&hellip;","og_url":"https:\/\/canfali.com\/ca-es\/tercera-ffcv-benitatxell-i-el-verger-amplien-lavantatge\/","og_site_name":"Canfali","article_publisher":"https:\/\/es-es.facebook.com\/CANFALIMarinaAlta","article_published_time":"2025-03-24T07:48:17+00:00","article_modified_time":"2025-03-24T11:35:50+00:00","og_image":[{"width":1200,"height":768,"url":"https:\/\/canfali.com\/app\/uploads\/2025\/03\/el-verger-scaled-e1742816140572.jpg","type":"image\/jpeg"}],"author":"Lluis","twitter_card":"summary_large_image","twitter_creator":"@canfalima","twitter_site":"@canfalima","twitter_misc":{"Written by":"Lluis","Est. reading time":"2 minutes"},"schema":{"@context":"https:\/\/schema.org","@graph":[{"@type":"NewsArticle","@id":"https:\/\/canfali.com\/ca-es\/tercera-ffcv-benitatxell-i-el-verger-amplien-lavantatge\/#article","isPartOf":{"@id":"https:\/\/canfali.com\/ca-es\/tercera-ffcv-benitatxell-i-el-verger-amplien-lavantatge\/"},"author":{"name":"Lluis","@id":"https:\/\/canfali.com\/ca-es\/#\/schema\/person\/f540a86fb33e10daaae53c59ceaa1194"},"headline":"Tercera FFCV: Benitatxell i El Verger amplien l\u2019avantatge","datePublished":"2025-03-24T07:48:17+00:00","dateModified":"2025-03-24T11:35:50+00:00","mainEntityOfPage":{"@id":"https:\/\/canfali.com\/ca-es\/tercera-ffcv-benitatxell-i-el-verger-amplien-lavantatge\/"},"wordCount":360,"publisher":{"@id":"https:\/\/canfali.com\/ca-es\/#organization"},"image":{"@id":"https:\/\/canfali.com\/ca-es\/tercera-ffcv-benitatxell-i-el-verger-amplien-lavantatge\/#primaryimage"},"thumbnailUrl":"https:\/\/canfali.com\/app\/uploads\/2025\/03\/el-verger-scaled-e1742816140572.jpg","articleSection":["Sin categorizar"],"inLanguage":"va-ES","copyrightYear":"2025","copyrightHolder":{"@id":"https:\/\/canfali.com\/#organization"}},{"@type":"WebPage","@id":"https:\/\/canfali.com\/ca-es\/tercera-ffcv-benitatxell-i-el-verger-amplien-lavantatge\/","url":"https:\/\/canfali.com\/ca-es\/tercera-ffcv-benitatxell-i-el-verger-amplien-lavantatge\/","name":"Tercera FFCV: Benitatxell i El Verger amplien l\u2019avantatge - Canfali","isPartOf":{"@id":"https:\/\/canfali.com\/ca-es\/#website"},"primaryImageOfPage":{"@id":"https:\/\/canfali.com\/ca-es\/tercera-ffcv-benitatxell-i-el-verger-amplien-lavantatge\/#primaryimage"},"image":{"@id":"https:\/\/canfali.com\/ca-es\/tercera-ffcv-benitatxell-i-el-verger-amplien-lavantatge\/#primaryimage"},"thumbnailUrl":"https:\/\/canfali.com\/app\/uploads\/2025\/03\/el-verger-scaled-e1742816140572.jpg","datePublished":"2025-03-24T07:48:17+00:00","dateModified":"2025-03-24T11:35:50+00:00","breadcrumb":{"@id":"https:\/\/canfali.com\/ca-es\/tercera-ffcv-benitatxell-i-el-verger-amplien-lavantatge\/#breadcrumb"},"inLanguage":"va-ES","potentialAction":[{"@type":"ReadAction","target":["https:\/\/canfali.com\/ca-es\/tercera-ffcv-benitatxell-i-el-verger-amplien-lavantatge\/"]}]},{"@type":"ImageObject","inLanguage":"va-ES","@id":"https:\/\/canfali.com\/ca-es\/tercera-ffcv-benitatxell-i-el-verger-amplien-lavantatge\/#primaryimage","url":"https:\/\/canfali.com\/app\/uploads\/2025\/03\/el-verger-scaled-e1742816140572.jpg","contentUrl":"https:\/\/canfali.com\/app\/uploads\/2025\/03\/el-verger-scaled-e1742816140572.jpg","width":1200,"height":768},{"@type":"BreadcrumbList","@id":"https:\/\/canfali.com\/ca-es\/tercera-ffcv-benitatxell-i-el-verger-amplien-lavantatge\/#breadcrumb","itemListElement":[{"@type":"ListItem","position":1,"name":"Portada","item":"https:\/\/canfali.com\/ca-es\/"},{"@type":"ListItem","position":2,"name":"Tercera FFCV: Benitatxell i El Verger amplien l\u2019avantatge"}]},{"@type":"WebSite","@id":"https:\/\/canfali.com\/ca-es\/#website","url":"https:\/\/canfali.com\/ca-es\/","name":"Canfali","description":"","publisher":{"@id":"https:\/\/canfali.com\/ca-es\/#organization"},"potentialAction":[{"@type":"SearchAction","target":{"@type":"EntryPoint","urlTemplate":"https:\/\/canfali.com\/ca-es\/?s={search_term_string}"},"query-input":{"@type":"PropertyValueSpecification","valueRequired":true,"valueName":"search_term_string"}}],"inLanguage":"va-ES"},{"@type":"Organization","@id":"https:\/\/canfali.com\/ca-es\/#organization","name":"Canfali","url":"https:\/\/canfali.com\/ca-es\/","logo":{"@type":"ImageObject","inLanguage":"va-ES","@id":"https:\/\/canfali.com\/ca-es\/#\/schema\/logo\/image\/","url":"https:\/\/canfali.com\/app\/uploads\/2025\/12\/canfali_marina_alta_logo.png","contentUrl":"https:\/\/canfali.com\/app\/uploads\/2025\/12\/canfali_marina_alta_logo.png","width":225,"height":225,"caption":"Canfali"},"image":{"@id":"https:\/\/canfali.com\/ca-es\/#\/schema\/logo\/image\/"},"sameAs":["https:\/\/es-es.facebook.com\/CANFALIMarinaAlta","https:\/\/x.com\/canfalima","https:\/\/www.instagram.com\/canfalimarinaalta\/"]},{"@type":"Person","@id":"https:\/\/canfali.com\/ca-es\/#\/schema\/person\/f540a86fb33e10daaae53c59ceaa1194","name":"Lluis","image":{"@type":"ImageObject","inLanguage":"va-ES","@id":"https:\/\/secure.gravatar.com\/avatar\/a21ec8835290e4e02ed0886b8cb327d807d0eb6ec8ccf25d4c2a0a415f506c0d?s=96&d=mm&r=g","url":"https:\/\/secure.gravatar.com\/avatar\/a21ec8835290e4e02ed0886b8cb327d807d0eb6ec8ccf25d4c2a0a415f506c0d?s=96&d=mm&r=g","contentUrl":"https:\/\/secure.gravatar.com\/avatar\/a21ec8835290e4e02ed0886b8cb327d807d0eb6ec8ccf25d4c2a0a415f506c0d?s=96&d=mm&r=g","caption":"Lluis"},"url":"https:\/\/canfali.com\/ca-es\/author\/lluis\/"}]}},"_links":{"self":[{"href":"https:\/\/canfali.com\/ca-es\/wp-json\/wp\/v2\/posts\/60011","targetHints":{"allow":["GET"]}}],"collection":[{"href":"https:\/\/canfali.com\/ca-es\/wp-json\/wp\/v2\/posts"}],"about":[{"href":"https:\/\/canfali.com\/ca-es\/wp-json\/wp\/v2\/types\/post"}],"author":[{"embeddable":true,"href":"https:\/\/canfali.com\/ca-es\/wp-json\/wp\/v2\/users\/8"}],"replies":[{"embeddable":true,"href":"https:\/\/canfali.com\/ca-es\/wp-json\/wp\/v2\/comments?post=60011"}],"version-history":[{"count":1,"href":"https:\/\/canfali.com\/ca-es\/wp-json\/wp\/v2\/posts\/60011\/revisions"}],"predecessor-version":[{"id":60012,"href":"https:\/\/canfali.com\/ca-es\/wp-json\/wp\/v2\/posts\/60011\/revisions\/60012"}],"wp:featuredmedia":[{"embeddable":true,"href":"https:\/\/canfali.com\/ca-es\/wp-json\/wp\/v2\/media\/60009"}],"wp:attachment":[{"href":"https:\/\/canfali.com\/ca-es\/wp-json\/wp\/v2\/media?parent=60011"}],"wp:term":[{"taxonomy":"category","embeddable":true,"href":"https:\/\/canfali.com\/ca-es\/wp-json\/wp\/v2\/categories?post=60011"},{"taxonomy":"post_tag","embeddable":true,"href":"https:\/\/canfali.com\/ca-es\/wp-json\/wp\/v2\/tags?post=60011"}],"curies":[{"name":"wp","href":"https:\/\/api.w.org\/{rel}","templated":true}]}}