{"id":59987,"date":"2025-03-23T21:19:29","date_gmt":"2025-03-23T20:19:29","guid":{"rendered":"https:\/\/canfali.com\/lliga-comunitat-jornada-negra-per-a-calp-i-denia\/"},"modified":"2025-03-24T12:36:35","modified_gmt":"2025-03-24T11:36:35","slug":"lliga-comunitat-jornada-negra-per-a-calp-i-denia","status":"publish","type":"post","link":"https:\/\/canfali.com\/ca-es\/lliga-comunitat-jornada-negra-per-a-calp-i-denia\/","title":{"rendered":"Lliga Comunitat: Jornada negra per a Calp i D\u00e9nia"},"content":{"rendered":"\n<p>Els equips de la Marina Alta en el Grup Sud de la Lliga Comunitat van tancar la vint-i-quatrena jornada amb dues derrotes doloroses. El D\u00e9nia no va poder davant un Thader que va dominar l\u2019encontre (0-2), mentre que el Calp va caure quasi al final del seu duel a Tavernes (1-0) amb un desafortunat gol en pr\u00f2pia porteria. <\/p>\n\n<p>El D\u00e9nia es va trobar amb un partit costa amunt despr\u00e9s del 0-1 encaixat en la primera meitat. En la segona part va intentar reaccionar t\u00edmidament, per\u00f2 l\u2019expulsi\u00f3 de Willy en el minut 69, despr\u00e9s de cometre una falta sobre un atacant que encarava porteria, va deixar l\u2019equip en inferioritat num\u00e8rica. Per a colmo, en la mateixa jugada va arribar el 0-2 despr\u00e9s del llan\u00e7ament de la falta, deixant el partit pr\u00e0cticament sentenciat. A m\u00e9s, el D\u00e9nia va patir la mala not\u00edcia de la lesi\u00f3 de Marc Miralles quasi al final de l\u2019encontre, fet que va obligar l\u2019equip a jugar amb nou en els \u00faltims minuts.   <\/p>\n\n<p>Per la seua banda, el Calp va fer un bon treball a casa del Tavernes, per\u00f2 una desafortunada acci\u00f3 en el minut 86 va permetre que el conjunt local s\u2019avan\u00e7ara amb un gol en pr\u00f2pia porteria de Chaca. Sense quasi temps per a reaccionar, l\u2019equip calp\u00ed es va quedar sense opcions d\u2019evitar la derrota. <\/p>\n","protected":false},"excerpt":{"rendered":"Els equips de la Marina Alta en el Grup Sud de la Lliga Comunitat van tancar la vint-i-quatrena jornada amb dues derrotes doloroses.","protected":false},"author":8,"featured_media":59985,"comment_status":"closed","ping_status":"closed","sticky":false,"template":"","format":"standard","meta":{"csco_display_header_overlay":false,"csco_singular_sidebar":"","csco_page_header_type":"","csco_page_load_nextpost":"","csco_post_video_location":[],"csco_post_video_location_hash":"","csco_post_video_url":"","csco_post_video_bg_start_time":0,"csco_post_video_bg_end_time":0,"footnotes":""},"categories":[1],"tags":[],"class_list":{"0":"post-59987","1":"post","2":"type-post","3":"status-publish","4":"format-standard","5":"has-post-thumbnail","7":"category-sin-categorizar","8":"cs-entry","9":"cs-video-wrap"},"yoast_head":"<!-- This site is optimized with the Yoast SEO Premium plugin v26.6 (Yoast SEO v27.3) - https:\/\/yoast.com\/product\/yoast-seo-premium-wordpress\/ -->\n<title>Lliga Comunitat: Jornada negra per a Calp i D\u00e9nia - Canfali<\/title>\n<meta name=\"robots\" content=\"index, follow, max-snippet:-1, max-image-preview:large, max-video-preview:-1\" \/>\n<link rel=\"canonical\" href=\"https:\/\/canfali.com\/ca-es\/lliga-comunitat-jornada-negra-per-a-calp-i-denia\/\" \/>\n<meta property=\"og:locale\" content=\"en_US\" \/>\n<meta property=\"og:type\" content=\"article\" \/>\n<meta property=\"og:title\" content=\"Lliga Comunitat: Jornada negra per a Calp i D\u00e9nia\" \/>\n<meta property=\"og:description\" content=\"Els equips de la Marina Alta en el Grup Sud de la Lliga Comunitat van tancar la vint-i-quatrena jornada amb dues derrotes doloroses.\" \/>\n<meta property=\"og:url\" content=\"https:\/\/canfali.com\/ca-es\/lliga-comunitat-jornada-negra-per-a-calp-i-denia\/\" \/>\n<meta property=\"og:site_name\" content=\"Canfali\" \/>\n<meta property=\"article:publisher\" content=\"https:\/\/es-es.facebook.com\/CANFALIMarinaAlta\" \/>\n<meta property=\"article:published_time\" content=\"2025-03-23T20:19:29+00:00\" \/>\n<meta property=\"article:modified_time\" content=\"2025-03-24T11:36:35+00:00\" \/>\n<meta property=\"og:image\" content=\"https:\/\/canfali.com\/app\/uploads\/2025\/03\/5Q0A5641-scaled.jpg\" \/>\n\t<meta property=\"og:image:width\" content=\"2560\" \/>\n\t<meta property=\"og:image:height\" content=\"1784\" \/>\n\t<meta property=\"og:image:type\" content=\"image\/jpeg\" \/>\n<meta name=\"author\" content=\"Lluis\" \/>\n<meta name=\"twitter:card\" content=\"summary_large_image\" \/>\n<meta name=\"twitter:creator\" content=\"@canfalima\" \/>\n<meta name=\"twitter:site\" content=\"@canfalima\" \/>\n<meta name=\"twitter:label1\" content=\"Written by\" \/>\n\t<meta name=\"twitter:data1\" content=\"Lluis\" \/>\n\t<meta name=\"twitter:label2\" content=\"Est. reading time\" \/>\n\t<meta name=\"twitter:data2\" content=\"1 minute\" \/>\n<script type=\"application\/ld+json\" class=\"yoast-schema-graph\">{\"@context\":\"https:\\\/\\\/schema.org\",\"@graph\":[{\"@type\":\"NewsArticle\",\"@id\":\"https:\\\/\\\/canfali.com\\\/ca-es\\\/lliga-comunitat-jornada-negra-per-a-calp-i-denia\\\/#article\",\"isPartOf\":{\"@id\":\"https:\\\/\\\/canfali.com\\\/ca-es\\\/lliga-comunitat-jornada-negra-per-a-calp-i-denia\\\/\"},\"author\":{\"name\":\"Lluis\",\"@id\":\"https:\\\/\\\/canfali.com\\\/ca-es\\\/#\\\/schema\\\/person\\\/f540a86fb33e10daaae53c59ceaa1194\"},\"headline\":\"Lliga Comunitat: Jornada negra per a Calp i D\u00e9nia\",\"datePublished\":\"2025-03-23T20:19:29+00:00\",\"dateModified\":\"2025-03-24T11:36:35+00:00\",\"mainEntityOfPage\":{\"@id\":\"https:\\\/\\\/canfali.com\\\/ca-es\\\/lliga-comunitat-jornada-negra-per-a-calp-i-denia\\\/\"},\"wordCount\":249,\"publisher\":{\"@id\":\"https:\\\/\\\/canfali.com\\\/ca-es\\\/#organization\"},\"image\":{\"@id\":\"https:\\\/\\\/canfali.com\\\/ca-es\\\/lliga-comunitat-jornada-negra-per-a-calp-i-denia\\\/#primaryimage\"},\"thumbnailUrl\":\"https:\\\/\\\/canfali.com\\\/app\\\/uploads\\\/2025\\\/03\\\/5Q0A5641-scaled.jpg\",\"articleSection\":[\"Sin categorizar\"],\"inLanguage\":\"va-ES\",\"copyrightYear\":\"2025\",\"copyrightHolder\":{\"@id\":\"https:\\\/\\\/canfali.com\\\/#organization\"}},{\"@type\":\"WebPage\",\"@id\":\"https:\\\/\\\/canfali.com\\\/ca-es\\\/lliga-comunitat-jornada-negra-per-a-calp-i-denia\\\/\",\"url\":\"https:\\\/\\\/canfali.com\\\/ca-es\\\/lliga-comunitat-jornada-negra-per-a-calp-i-denia\\\/\",\"name\":\"Lliga Comunitat: Jornada negra per a Calp i D\u00e9nia - Canfali\",\"isPartOf\":{\"@id\":\"https:\\\/\\\/canfali.com\\\/ca-es\\\/#website\"},\"primaryImageOfPage\":{\"@id\":\"https:\\\/\\\/canfali.com\\\/ca-es\\\/lliga-comunitat-jornada-negra-per-a-calp-i-denia\\\/#primaryimage\"},\"image\":{\"@id\":\"https:\\\/\\\/canfali.com\\\/ca-es\\\/lliga-comunitat-jornada-negra-per-a-calp-i-denia\\\/#primaryimage\"},\"thumbnailUrl\":\"https:\\\/\\\/canfali.com\\\/app\\\/uploads\\\/2025\\\/03\\\/5Q0A5641-scaled.jpg\",\"datePublished\":\"2025-03-23T20:19:29+00:00\",\"dateModified\":\"2025-03-24T11:36:35+00:00\",\"breadcrumb\":{\"@id\":\"https:\\\/\\\/canfali.com\\\/ca-es\\\/lliga-comunitat-jornada-negra-per-a-calp-i-denia\\\/#breadcrumb\"},\"inLanguage\":\"va-ES\",\"potentialAction\":[{\"@type\":\"ReadAction\",\"target\":[\"https:\\\/\\\/canfali.com\\\/ca-es\\\/lliga-comunitat-jornada-negra-per-a-calp-i-denia\\\/\"]}]},{\"@type\":\"ImageObject\",\"inLanguage\":\"va-ES\",\"@id\":\"https:\\\/\\\/canfali.com\\\/ca-es\\\/lliga-comunitat-jornada-negra-per-a-calp-i-denia\\\/#primaryimage\",\"url\":\"https:\\\/\\\/canfali.com\\\/app\\\/uploads\\\/2025\\\/03\\\/5Q0A5641-scaled.jpg\",\"contentUrl\":\"https:\\\/\\\/canfali.com\\\/app\\\/uploads\\\/2025\\\/03\\\/5Q0A5641-scaled.jpg\",\"width\":2560,\"height\":1784},{\"@type\":\"BreadcrumbList\",\"@id\":\"https:\\\/\\\/canfali.com\\\/ca-es\\\/lliga-comunitat-jornada-negra-per-a-calp-i-denia\\\/#breadcrumb\",\"itemListElement\":[{\"@type\":\"ListItem\",\"position\":1,\"name\":\"Portada\",\"item\":\"https:\\\/\\\/canfali.com\\\/ca-es\\\/\"},{\"@type\":\"ListItem\",\"position\":2,\"name\":\"Lliga Comunitat: Jornada negra per a Calp i D\u00e9nia\"}]},{\"@type\":\"WebSite\",\"@id\":\"https:\\\/\\\/canfali.com\\\/ca-es\\\/#website\",\"url\":\"https:\\\/\\\/canfali.com\\\/ca-es\\\/\",\"name\":\"Canfali\",\"description\":\"\",\"publisher\":{\"@id\":\"https:\\\/\\\/canfali.com\\\/ca-es\\\/#organization\"},\"potentialAction\":[{\"@type\":\"SearchAction\",\"target\":{\"@type\":\"EntryPoint\",\"urlTemplate\":\"https:\\\/\\\/canfali.com\\\/ca-es\\\/?s={search_term_string}\"},\"query-input\":{\"@type\":\"PropertyValueSpecification\",\"valueRequired\":true,\"valueName\":\"search_term_string\"}}],\"inLanguage\":\"va-ES\"},{\"@type\":\"Organization\",\"@id\":\"https:\\\/\\\/canfali.com\\\/ca-es\\\/#organization\",\"name\":\"Canfali\",\"url\":\"https:\\\/\\\/canfali.com\\\/ca-es\\\/\",\"logo\":{\"@type\":\"ImageObject\",\"inLanguage\":\"va-ES\",\"@id\":\"https:\\\/\\\/canfali.com\\\/ca-es\\\/#\\\/schema\\\/logo\\\/image\\\/\",\"url\":\"https:\\\/\\\/canfali.com\\\/app\\\/uploads\\\/2025\\\/12\\\/canfali_marina_alta_logo.png\",\"contentUrl\":\"https:\\\/\\\/canfali.com\\\/app\\\/uploads\\\/2025\\\/12\\\/canfali_marina_alta_logo.png\",\"width\":225,\"height\":225,\"caption\":\"Canfali\"},\"image\":{\"@id\":\"https:\\\/\\\/canfali.com\\\/ca-es\\\/#\\\/schema\\\/logo\\\/image\\\/\"},\"sameAs\":[\"https:\\\/\\\/es-es.facebook.com\\\/CANFALIMarinaAlta\",\"https:\\\/\\\/x.com\\\/canfalima\",\"https:\\\/\\\/www.instagram.com\\\/canfalimarinaalta\\\/\"]},{\"@type\":\"Person\",\"@id\":\"https:\\\/\\\/canfali.com\\\/ca-es\\\/#\\\/schema\\\/person\\\/f540a86fb33e10daaae53c59ceaa1194\",\"name\":\"Lluis\",\"image\":{\"@type\":\"ImageObject\",\"inLanguage\":\"va-ES\",\"@id\":\"https:\\\/\\\/secure.gravatar.com\\\/avatar\\\/a21ec8835290e4e02ed0886b8cb327d807d0eb6ec8ccf25d4c2a0a415f506c0d?s=96&d=mm&r=g\",\"url\":\"https:\\\/\\\/secure.gravatar.com\\\/avatar\\\/a21ec8835290e4e02ed0886b8cb327d807d0eb6ec8ccf25d4c2a0a415f506c0d?s=96&d=mm&r=g\",\"contentUrl\":\"https:\\\/\\\/secure.gravatar.com\\\/avatar\\\/a21ec8835290e4e02ed0886b8cb327d807d0eb6ec8ccf25d4c2a0a415f506c0d?s=96&d=mm&r=g\",\"caption\":\"Lluis\"},\"url\":\"https:\\\/\\\/canfali.com\\\/ca-es\\\/author\\\/lluis\\\/\"}]}<\/script>\n<!-- \/ Yoast SEO Premium plugin. -->","yoast_head_json":{"title":"Lliga Comunitat: Jornada negra per a Calp i D\u00e9nia - Canfali","robots":{"index":"index","follow":"follow","max-snippet":"max-snippet:-1","max-image-preview":"max-image-preview:large","max-video-preview":"max-video-preview:-1"},"canonical":"https:\/\/canfali.com\/ca-es\/lliga-comunitat-jornada-negra-per-a-calp-i-denia\/","og_locale":"en_US","og_type":"article","og_title":"Lliga Comunitat: Jornada negra per a Calp i D\u00e9nia","og_description":"Els equips de la Marina Alta en el Grup Sud de la Lliga Comunitat van tancar la vint-i-quatrena jornada amb dues derrotes doloroses.","og_url":"https:\/\/canfali.com\/ca-es\/lliga-comunitat-jornada-negra-per-a-calp-i-denia\/","og_site_name":"Canfali","article_publisher":"https:\/\/es-es.facebook.com\/CANFALIMarinaAlta","article_published_time":"2025-03-23T20:19:29+00:00","article_modified_time":"2025-03-24T11:36:35+00:00","og_image":[{"width":2560,"height":1784,"url":"https:\/\/canfali.com\/app\/uploads\/2025\/03\/5Q0A5641-scaled.jpg","type":"image\/jpeg"}],"author":"Lluis","twitter_card":"summary_large_image","twitter_creator":"@canfalima","twitter_site":"@canfalima","twitter_misc":{"Written by":"Lluis","Est. reading time":"1 minute"},"schema":{"@context":"https:\/\/schema.org","@graph":[{"@type":"NewsArticle","@id":"https:\/\/canfali.com\/ca-es\/lliga-comunitat-jornada-negra-per-a-calp-i-denia\/#article","isPartOf":{"@id":"https:\/\/canfali.com\/ca-es\/lliga-comunitat-jornada-negra-per-a-calp-i-denia\/"},"author":{"name":"Lluis","@id":"https:\/\/canfali.com\/ca-es\/#\/schema\/person\/f540a86fb33e10daaae53c59ceaa1194"},"headline":"Lliga Comunitat: Jornada negra per a Calp i D\u00e9nia","datePublished":"2025-03-23T20:19:29+00:00","dateModified":"2025-03-24T11:36:35+00:00","mainEntityOfPage":{"@id":"https:\/\/canfali.com\/ca-es\/lliga-comunitat-jornada-negra-per-a-calp-i-denia\/"},"wordCount":249,"publisher":{"@id":"https:\/\/canfali.com\/ca-es\/#organization"},"image":{"@id":"https:\/\/canfali.com\/ca-es\/lliga-comunitat-jornada-negra-per-a-calp-i-denia\/#primaryimage"},"thumbnailUrl":"https:\/\/canfali.com\/app\/uploads\/2025\/03\/5Q0A5641-scaled.jpg","articleSection":["Sin categorizar"],"inLanguage":"va-ES","copyrightYear":"2025","copyrightHolder":{"@id":"https:\/\/canfali.com\/#organization"}},{"@type":"WebPage","@id":"https:\/\/canfali.com\/ca-es\/lliga-comunitat-jornada-negra-per-a-calp-i-denia\/","url":"https:\/\/canfali.com\/ca-es\/lliga-comunitat-jornada-negra-per-a-calp-i-denia\/","name":"Lliga Comunitat: Jornada negra per a Calp i D\u00e9nia - Canfali","isPartOf":{"@id":"https:\/\/canfali.com\/ca-es\/#website"},"primaryImageOfPage":{"@id":"https:\/\/canfali.com\/ca-es\/lliga-comunitat-jornada-negra-per-a-calp-i-denia\/#primaryimage"},"image":{"@id":"https:\/\/canfali.com\/ca-es\/lliga-comunitat-jornada-negra-per-a-calp-i-denia\/#primaryimage"},"thumbnailUrl":"https:\/\/canfali.com\/app\/uploads\/2025\/03\/5Q0A5641-scaled.jpg","datePublished":"2025-03-23T20:19:29+00:00","dateModified":"2025-03-24T11:36:35+00:00","breadcrumb":{"@id":"https:\/\/canfali.com\/ca-es\/lliga-comunitat-jornada-negra-per-a-calp-i-denia\/#breadcrumb"},"inLanguage":"va-ES","potentialAction":[{"@type":"ReadAction","target":["https:\/\/canfali.com\/ca-es\/lliga-comunitat-jornada-negra-per-a-calp-i-denia\/"]}]},{"@type":"ImageObject","inLanguage":"va-ES","@id":"https:\/\/canfali.com\/ca-es\/lliga-comunitat-jornada-negra-per-a-calp-i-denia\/#primaryimage","url":"https:\/\/canfali.com\/app\/uploads\/2025\/03\/5Q0A5641-scaled.jpg","contentUrl":"https:\/\/canfali.com\/app\/uploads\/2025\/03\/5Q0A5641-scaled.jpg","width":2560,"height":1784},{"@type":"BreadcrumbList","@id":"https:\/\/canfali.com\/ca-es\/lliga-comunitat-jornada-negra-per-a-calp-i-denia\/#breadcrumb","itemListElement":[{"@type":"ListItem","position":1,"name":"Portada","item":"https:\/\/canfali.com\/ca-es\/"},{"@type":"ListItem","position":2,"name":"Lliga Comunitat: Jornada negra per a Calp i D\u00e9nia"}]},{"@type":"WebSite","@id":"https:\/\/canfali.com\/ca-es\/#website","url":"https:\/\/canfali.com\/ca-es\/","name":"Canfali","description":"","publisher":{"@id":"https:\/\/canfali.com\/ca-es\/#organization"},"potentialAction":[{"@type":"SearchAction","target":{"@type":"EntryPoint","urlTemplate":"https:\/\/canfali.com\/ca-es\/?s={search_term_string}"},"query-input":{"@type":"PropertyValueSpecification","valueRequired":true,"valueName":"search_term_string"}}],"inLanguage":"va-ES"},{"@type":"Organization","@id":"https:\/\/canfali.com\/ca-es\/#organization","name":"Canfali","url":"https:\/\/canfali.com\/ca-es\/","logo":{"@type":"ImageObject","inLanguage":"va-ES","@id":"https:\/\/canfali.com\/ca-es\/#\/schema\/logo\/image\/","url":"https:\/\/canfali.com\/app\/uploads\/2025\/12\/canfali_marina_alta_logo.png","contentUrl":"https:\/\/canfali.com\/app\/uploads\/2025\/12\/canfali_marina_alta_logo.png","width":225,"height":225,"caption":"Canfali"},"image":{"@id":"https:\/\/canfali.com\/ca-es\/#\/schema\/logo\/image\/"},"sameAs":["https:\/\/es-es.facebook.com\/CANFALIMarinaAlta","https:\/\/x.com\/canfalima","https:\/\/www.instagram.com\/canfalimarinaalta\/"]},{"@type":"Person","@id":"https:\/\/canfali.com\/ca-es\/#\/schema\/person\/f540a86fb33e10daaae53c59ceaa1194","name":"Lluis","image":{"@type":"ImageObject","inLanguage":"va-ES","@id":"https:\/\/secure.gravatar.com\/avatar\/a21ec8835290e4e02ed0886b8cb327d807d0eb6ec8ccf25d4c2a0a415f506c0d?s=96&d=mm&r=g","url":"https:\/\/secure.gravatar.com\/avatar\/a21ec8835290e4e02ed0886b8cb327d807d0eb6ec8ccf25d4c2a0a415f506c0d?s=96&d=mm&r=g","contentUrl":"https:\/\/secure.gravatar.com\/avatar\/a21ec8835290e4e02ed0886b8cb327d807d0eb6ec8ccf25d4c2a0a415f506c0d?s=96&d=mm&r=g","caption":"Lluis"},"url":"https:\/\/canfali.com\/ca-es\/author\/lluis\/"}]}},"_links":{"self":[{"href":"https:\/\/canfali.com\/ca-es\/wp-json\/wp\/v2\/posts\/59987","targetHints":{"allow":["GET"]}}],"collection":[{"href":"https:\/\/canfali.com\/ca-es\/wp-json\/wp\/v2\/posts"}],"about":[{"href":"https:\/\/canfali.com\/ca-es\/wp-json\/wp\/v2\/types\/post"}],"author":[{"embeddable":true,"href":"https:\/\/canfali.com\/ca-es\/wp-json\/wp\/v2\/users\/8"}],"replies":[{"embeddable":true,"href":"https:\/\/canfali.com\/ca-es\/wp-json\/wp\/v2\/comments?post=59987"}],"version-history":[{"count":2,"href":"https:\/\/canfali.com\/ca-es\/wp-json\/wp\/v2\/posts\/59987\/revisions"}],"predecessor-version":[{"id":60046,"href":"https:\/\/canfali.com\/ca-es\/wp-json\/wp\/v2\/posts\/59987\/revisions\/60046"}],"wp:featuredmedia":[{"embeddable":true,"href":"https:\/\/canfali.com\/ca-es\/wp-json\/wp\/v2\/media\/59985"}],"wp:attachment":[{"href":"https:\/\/canfali.com\/ca-es\/wp-json\/wp\/v2\/media?parent=59987"}],"wp:term":[{"taxonomy":"category","embeddable":true,"href":"https:\/\/canfali.com\/ca-es\/wp-json\/wp\/v2\/categories?post=59987"},{"taxonomy":"post_tag","embeddable":true,"href":"https:\/\/canfali.com\/ca-es\/wp-json\/wp\/v2\/tags?post=59987"}],"curies":[{"name":"wp","href":"https:\/\/api.w.org\/{rel}","templated":true}]}}