{"id":59869,"date":"2025-03-21T08:48:46","date_gmt":"2025-03-21T07:48:46","guid":{"rendered":"https:\/\/canfali.com\/?p=59869"},"modified":"2025-03-24T12:33:54","modified_gmt":"2025-03-24T11:33:54","slug":"el-mitjafava-fest-protagonitza-la-programacio-de-benitatxell","status":"publish","type":"post","link":"https:\/\/canfali.com\/ca-es\/el-mitjafava-fest-protagonitza-la-programacio-de-benitatxell\/","title":{"rendered":"El Mitjafava Fest protagonitza la programaci\u00f3 de Benitatxell"},"content":{"rendered":"\n<p><strong>Inclou mostres de cuina, tast de vins i una visita al camp de cultura de la fava \u00a0<\/strong><\/p>\n\n\n\n<p>El Mitjafava Fest torna un any m\u00e9s a ser l&#8217;acte central del calendari festiu d&#8217;abril al Poble Nou de Benitatxell. De l&#8217;1 al 6, la fava poblera ser\u00e0 la m\u00e0xima protagonista amb una programaci\u00f3 que girar\u00e0 entorn a este producte estrela.<\/p>\n\n\n\n<p>&nbsp;&nbsp;&nbsp;&nbsp;&nbsp;&nbsp;&nbsp;&nbsp;&nbsp;&nbsp;&nbsp; La setmana arrancar\u00e0 amb les Jornades Gastron\u00f2miques de la Fava, previstes de l&#8217;1 al 5 d&#8217;abril. Cada dia de la setmana, un restaurant del poble oferir\u00e0 un suculent plat d&#8217;arr\u00f2s amb fava per dinar. El dijous 3, la Biblioteca acollir\u00e0, a les 19 h, una degustaci\u00f3 de vins amb els seus maridatges a c\u00e0rrec del sommelier Pablo Catal\u00e0,<\/p>\n\n\n\n<p>Els plats forts vindran el cap de setmana, amb una gran festa de la gastronomia i la m\u00fasica. El divendres 4, a partir de les 20 h, hi haur\u00e0 una mostra de cuina a c\u00e0rrec de dos xefs de renom: Ferdinando Bernardi i Ausi\u00e0s Signes. L&#8217;acte estar\u00e0 presentat per Marina Vega, periodista i comunicadora gastron\u00f2mica. En ell, els cuiners elaboraran una tapa amb fava poblera. Despr\u00e9s s&#8217;oferir\u00e0 un vi d&#8217;honor i tapes amb l&#8217;acompanyament musical de la pianista Estela Malonda.<\/p>\n\n\n\n<p>&nbsp;&nbsp;&nbsp;&nbsp;&nbsp;&nbsp;&nbsp;&nbsp;&nbsp;&nbsp;&nbsp; El dissabte 5 hi haur\u00e0 m\u00fasica, tapes i molt m\u00e9s. Durant tot el dia, d&#8217;11 a 14 h i de 16 a 22h, s&#8217;instal\u00b7lar\u00e0 un mercat artesanal i d&#8217;atraccions infantils a la pla\u00e7a de les Pesqueres. &nbsp;Al mat\u00ed, l&#8217;associaci\u00f3 d&#8217;agricultors BioMoscatell presenta una novetat, la visita al camp experimental de cultiu de la fava poblera, un projecte de formaci\u00f3 te\u00f2rica i pr\u00e0ctica per a recuperar esta lleguminosa tan arrelada en la localitat. A trav\u00e9s d&#8217;este projecte, els participants estan aprenent t\u00e8cniques essencials, des de la preparaci\u00f3 del s\u00f2l fins a la seua collita, fomentant aix\u00ed un model de producci\u00f3 sostenible. Aix\u00ed, la visita al bancal de faves ser\u00e0 a les 11 hores, mentre que la segona activitat, &#8216;Moscatell amb els 5 sentits&#8217;, la ruta per les vinyes amb degustaci\u00f3 dels seus productes, ser\u00e0 a les 12,30h. I a la pla\u00e7a de les Pesqueres, a les 12 hores, actuar\u00e0 el Grup de Danses Morro Falqu\u00ed i la Colla Llebetj\u00e0.<\/p>\n\n\n\n<p>&nbsp;&nbsp;&nbsp;&nbsp;&nbsp;&nbsp;&nbsp;&nbsp;&nbsp;&nbsp;&nbsp; A la vesprada torna el Tardet pobler, amb m\u00fasica i tapes a la pla\u00e7a de les Pesqueres. A partir de les 17h hi haur\u00e0 servei de ludoteca amb activitats i tallers infantils diversos. La jornada inclou una vesprada nit amb m\u00fasica per a tots els p\u00fablics, amb els concerts de Sandra Monfort (19,40h), Soulomonics (21,5h), La Xe-ranga (22,30h), Primavera Valenciana (23,30h) i el tancament amb DJ Trapella (1h).<\/p>\n\n\n\n<p>&nbsp;&nbsp;&nbsp;&nbsp;&nbsp;&nbsp;&nbsp;&nbsp;&nbsp;&nbsp;&nbsp; El diumenge 6 d&#8217;abril, el Mitjafava Fest s&#8217;acomiadar\u00e0 amb el Festival Tapifava, en el qual bars i restaurants del poble oferiran diverses elaboracions culin\u00e0ries amb fava a preus populars. A les 12,30h actuar\u00e0 el duo Oxigen, i per a rematar, a les 13,30h es far\u00e0 lliurament dels premis als guanyadors del concurs de vins, de la fava m\u00e9s llarga i de la de m\u00e9s gallons.<\/p>\n","protected":false},"excerpt":{"rendered":"El Mitjafava Fest torna un any m\u00e9s a ser l&#8217;acte central del calendari festiu d&#8217;abril al Poble Nou de Benitatxell","protected":false},"author":5,"featured_media":59870,"comment_status":"closed","ping_status":"closed","sticky":false,"template":"","format":"standard","meta":{"csco_display_header_overlay":false,"csco_singular_sidebar":"","csco_page_header_type":"","csco_page_load_nextpost":"","csco_post_video_location":[],"csco_post_video_location_hash":"","csco_post_video_url":"","csco_post_video_bg_start_time":0,"csco_post_video_bg_end_time":0,"footnotes":""},"categories":[594],"tags":[],"class_list":{"0":"post-59869","1":"post","2":"type-post","3":"status-publish","4":"format-standard","5":"has-post-thumbnail","7":"category-societat","8":"cs-entry","9":"cs-video-wrap"},"yoast_head":"<!-- This site is optimized with the Yoast SEO Premium plugin v26.6 (Yoast SEO v27.3) - https:\/\/yoast.com\/product\/yoast-seo-premium-wordpress\/ -->\n<title>El Mitjafava Fest protagonitza la programaci\u00f3 de Benitatxell - Canfali<\/title>\n<meta name=\"robots\" content=\"index, follow, max-snippet:-1, max-image-preview:large, max-video-preview:-1\" \/>\n<link rel=\"canonical\" href=\"https:\/\/canfali.com\/ca-es\/el-mitjafava-fest-protagonitza-la-programacio-de-benitatxell\/\" \/>\n<meta property=\"og:locale\" content=\"en_US\" \/>\n<meta property=\"og:type\" content=\"article\" \/>\n<meta property=\"og:title\" content=\"El Mitjafava Fest protagonitza la programaci\u00f3 de Benitatxell\" \/>\n<meta property=\"og:description\" content=\"El Mitjafava Fest torna un any m\u00e9s a ser l&#039;acte central del calendari festiu d&#039;abril al Poble Nou de Benitatxell\" \/>\n<meta property=\"og:url\" content=\"https:\/\/canfali.com\/ca-es\/el-mitjafava-fest-protagonitza-la-programacio-de-benitatxell\/\" \/>\n<meta property=\"og:site_name\" content=\"Canfali\" \/>\n<meta property=\"article:publisher\" content=\"https:\/\/es-es.facebook.com\/CANFALIMarinaAlta\" \/>\n<meta property=\"article:published_time\" content=\"2025-03-21T07:48:46+00:00\" \/>\n<meta property=\"article:modified_time\" content=\"2025-03-24T11:33:54+00:00\" \/>\n<meta property=\"og:image\" content=\"https:\/\/canfali.com\/app\/uploads\/2025\/03\/mitjafava-scaled-e1742816001648.jpg\" \/>\n\t<meta property=\"og:image:width\" content=\"1200\" \/>\n\t<meta property=\"og:image:height\" content=\"800\" \/>\n\t<meta property=\"og:image:type\" content=\"image\/jpeg\" \/>\n<meta name=\"author\" content=\"D\u00eddac\" \/>\n<meta name=\"twitter:card\" content=\"summary_large_image\" \/>\n<meta name=\"twitter:creator\" content=\"@canfalima\" \/>\n<meta name=\"twitter:site\" content=\"@canfalima\" \/>\n<meta name=\"twitter:label1\" content=\"Written by\" \/>\n\t<meta name=\"twitter:data1\" content=\"D\u00eddac\" \/>\n\t<meta name=\"twitter:label2\" content=\"Est. reading time\" \/>\n\t<meta name=\"twitter:data2\" content=\"3 minutes\" \/>\n<script type=\"application\/ld+json\" class=\"yoast-schema-graph\">{\"@context\":\"https:\\\/\\\/schema.org\",\"@graph\":[{\"@type\":\"NewsArticle\",\"@id\":\"https:\\\/\\\/canfali.com\\\/ca-es\\\/el-mitjafava-fest-protagonitza-la-programacio-de-benitatxell\\\/#article\",\"isPartOf\":{\"@id\":\"https:\\\/\\\/canfali.com\\\/ca-es\\\/el-mitjafava-fest-protagonitza-la-programacio-de-benitatxell\\\/\"},\"author\":{\"name\":\"D\u00eddac\",\"@id\":\"https:\\\/\\\/canfali.com\\\/ca-es\\\/#\\\/schema\\\/person\\\/5211f51be1ed486a218e6a4f53355b6d\"},\"headline\":\"El Mitjafava Fest protagonitza la programaci\u00f3 de Benitatxell\",\"datePublished\":\"2025-03-21T07:48:46+00:00\",\"dateModified\":\"2025-03-24T11:33:54+00:00\",\"mainEntityOfPage\":{\"@id\":\"https:\\\/\\\/canfali.com\\\/ca-es\\\/el-mitjafava-fest-protagonitza-la-programacio-de-benitatxell\\\/\"},\"wordCount\":569,\"publisher\":{\"@id\":\"https:\\\/\\\/canfali.com\\\/ca-es\\\/#organization\"},\"image\":{\"@id\":\"https:\\\/\\\/canfali.com\\\/ca-es\\\/el-mitjafava-fest-protagonitza-la-programacio-de-benitatxell\\\/#primaryimage\"},\"thumbnailUrl\":\"https:\\\/\\\/canfali.com\\\/app\\\/uploads\\\/2025\\\/03\\\/mitjafava-scaled-e1742816001648.jpg\",\"articleSection\":[\"Societat\"],\"inLanguage\":\"va-ES\",\"copyrightYear\":\"2025\",\"copyrightHolder\":{\"@id\":\"https:\\\/\\\/canfali.com\\\/#organization\"}},{\"@type\":\"WebPage\",\"@id\":\"https:\\\/\\\/canfali.com\\\/ca-es\\\/el-mitjafava-fest-protagonitza-la-programacio-de-benitatxell\\\/\",\"url\":\"https:\\\/\\\/canfali.com\\\/ca-es\\\/el-mitjafava-fest-protagonitza-la-programacio-de-benitatxell\\\/\",\"name\":\"El Mitjafava Fest protagonitza la programaci\u00f3 de Benitatxell - Canfali\",\"isPartOf\":{\"@id\":\"https:\\\/\\\/canfali.com\\\/ca-es\\\/#website\"},\"primaryImageOfPage\":{\"@id\":\"https:\\\/\\\/canfali.com\\\/ca-es\\\/el-mitjafava-fest-protagonitza-la-programacio-de-benitatxell\\\/#primaryimage\"},\"image\":{\"@id\":\"https:\\\/\\\/canfali.com\\\/ca-es\\\/el-mitjafava-fest-protagonitza-la-programacio-de-benitatxell\\\/#primaryimage\"},\"thumbnailUrl\":\"https:\\\/\\\/canfali.com\\\/app\\\/uploads\\\/2025\\\/03\\\/mitjafava-scaled-e1742816001648.jpg\",\"datePublished\":\"2025-03-21T07:48:46+00:00\",\"dateModified\":\"2025-03-24T11:33:54+00:00\",\"breadcrumb\":{\"@id\":\"https:\\\/\\\/canfali.com\\\/ca-es\\\/el-mitjafava-fest-protagonitza-la-programacio-de-benitatxell\\\/#breadcrumb\"},\"inLanguage\":\"va-ES\",\"potentialAction\":[{\"@type\":\"ReadAction\",\"target\":[\"https:\\\/\\\/canfali.com\\\/ca-es\\\/el-mitjafava-fest-protagonitza-la-programacio-de-benitatxell\\\/\"]}]},{\"@type\":\"ImageObject\",\"inLanguage\":\"va-ES\",\"@id\":\"https:\\\/\\\/canfali.com\\\/ca-es\\\/el-mitjafava-fest-protagonitza-la-programacio-de-benitatxell\\\/#primaryimage\",\"url\":\"https:\\\/\\\/canfali.com\\\/app\\\/uploads\\\/2025\\\/03\\\/mitjafava-scaled-e1742816001648.jpg\",\"contentUrl\":\"https:\\\/\\\/canfali.com\\\/app\\\/uploads\\\/2025\\\/03\\\/mitjafava-scaled-e1742816001648.jpg\",\"width\":1200,\"height\":800},{\"@type\":\"BreadcrumbList\",\"@id\":\"https:\\\/\\\/canfali.com\\\/ca-es\\\/el-mitjafava-fest-protagonitza-la-programacio-de-benitatxell\\\/#breadcrumb\",\"itemListElement\":[{\"@type\":\"ListItem\",\"position\":1,\"name\":\"Portada\",\"item\":\"https:\\\/\\\/canfali.com\\\/ca-es\\\/\"},{\"@type\":\"ListItem\",\"position\":2,\"name\":\"El Mitjafava Fest protagonitza la programaci\u00f3 de Benitatxell\"}]},{\"@type\":\"WebSite\",\"@id\":\"https:\\\/\\\/canfali.com\\\/ca-es\\\/#website\",\"url\":\"https:\\\/\\\/canfali.com\\\/ca-es\\\/\",\"name\":\"Canfali\",\"description\":\"\",\"publisher\":{\"@id\":\"https:\\\/\\\/canfali.com\\\/ca-es\\\/#organization\"},\"potentialAction\":[{\"@type\":\"SearchAction\",\"target\":{\"@type\":\"EntryPoint\",\"urlTemplate\":\"https:\\\/\\\/canfali.com\\\/ca-es\\\/?s={search_term_string}\"},\"query-input\":{\"@type\":\"PropertyValueSpecification\",\"valueRequired\":true,\"valueName\":\"search_term_string\"}}],\"inLanguage\":\"va-ES\"},{\"@type\":\"Organization\",\"@id\":\"https:\\\/\\\/canfali.com\\\/ca-es\\\/#organization\",\"name\":\"Canfali\",\"url\":\"https:\\\/\\\/canfali.com\\\/ca-es\\\/\",\"logo\":{\"@type\":\"ImageObject\",\"inLanguage\":\"va-ES\",\"@id\":\"https:\\\/\\\/canfali.com\\\/ca-es\\\/#\\\/schema\\\/logo\\\/image\\\/\",\"url\":\"https:\\\/\\\/canfali.com\\\/app\\\/uploads\\\/2025\\\/12\\\/canfali_marina_alta_logo.png\",\"contentUrl\":\"https:\\\/\\\/canfali.com\\\/app\\\/uploads\\\/2025\\\/12\\\/canfali_marina_alta_logo.png\",\"width\":225,\"height\":225,\"caption\":\"Canfali\"},\"image\":{\"@id\":\"https:\\\/\\\/canfali.com\\\/ca-es\\\/#\\\/schema\\\/logo\\\/image\\\/\"},\"sameAs\":[\"https:\\\/\\\/es-es.facebook.com\\\/CANFALIMarinaAlta\",\"https:\\\/\\\/x.com\\\/canfalima\",\"https:\\\/\\\/www.instagram.com\\\/canfalimarinaalta\\\/\"]},{\"@type\":\"Person\",\"@id\":\"https:\\\/\\\/canfali.com\\\/ca-es\\\/#\\\/schema\\\/person\\\/5211f51be1ed486a218e6a4f53355b6d\",\"name\":\"D\u00eddac\",\"image\":{\"@type\":\"ImageObject\",\"inLanguage\":\"va-ES\",\"@id\":\"https:\\\/\\\/secure.gravatar.com\\\/avatar\\\/a68a2078c12da8a6dd6cff4f3f3f69f7eb69a2d31ac1aac4da61c3761e4557f4?s=96&d=mm&r=g\",\"url\":\"https:\\\/\\\/secure.gravatar.com\\\/avatar\\\/a68a2078c12da8a6dd6cff4f3f3f69f7eb69a2d31ac1aac4da61c3761e4557f4?s=96&d=mm&r=g\",\"contentUrl\":\"https:\\\/\\\/secure.gravatar.com\\\/avatar\\\/a68a2078c12da8a6dd6cff4f3f3f69f7eb69a2d31ac1aac4da61c3761e4557f4?s=96&d=mm&r=g\",\"caption\":\"D\u00eddac\"},\"url\":\"https:\\\/\\\/canfali.com\\\/ca-es\\\/author\\\/didac\\\/\"}]}<\/script>\n<!-- \/ Yoast SEO Premium plugin. -->","yoast_head_json":{"title":"El Mitjafava Fest protagonitza la programaci\u00f3 de Benitatxell - Canfali","robots":{"index":"index","follow":"follow","max-snippet":"max-snippet:-1","max-image-preview":"max-image-preview:large","max-video-preview":"max-video-preview:-1"},"canonical":"https:\/\/canfali.com\/ca-es\/el-mitjafava-fest-protagonitza-la-programacio-de-benitatxell\/","og_locale":"en_US","og_type":"article","og_title":"El Mitjafava Fest protagonitza la programaci\u00f3 de Benitatxell","og_description":"El Mitjafava Fest torna un any m\u00e9s a ser l'acte central del calendari festiu d'abril al Poble Nou de Benitatxell","og_url":"https:\/\/canfali.com\/ca-es\/el-mitjafava-fest-protagonitza-la-programacio-de-benitatxell\/","og_site_name":"Canfali","article_publisher":"https:\/\/es-es.facebook.com\/CANFALIMarinaAlta","article_published_time":"2025-03-21T07:48:46+00:00","article_modified_time":"2025-03-24T11:33:54+00:00","og_image":[{"width":1200,"height":800,"url":"https:\/\/canfali.com\/app\/uploads\/2025\/03\/mitjafava-scaled-e1742816001648.jpg","type":"image\/jpeg"}],"author":"D\u00eddac","twitter_card":"summary_large_image","twitter_creator":"@canfalima","twitter_site":"@canfalima","twitter_misc":{"Written by":"D\u00eddac","Est. reading time":"3 minutes"},"schema":{"@context":"https:\/\/schema.org","@graph":[{"@type":"NewsArticle","@id":"https:\/\/canfali.com\/ca-es\/el-mitjafava-fest-protagonitza-la-programacio-de-benitatxell\/#article","isPartOf":{"@id":"https:\/\/canfali.com\/ca-es\/el-mitjafava-fest-protagonitza-la-programacio-de-benitatxell\/"},"author":{"name":"D\u00eddac","@id":"https:\/\/canfali.com\/ca-es\/#\/schema\/person\/5211f51be1ed486a218e6a4f53355b6d"},"headline":"El Mitjafava Fest protagonitza la programaci\u00f3 de Benitatxell","datePublished":"2025-03-21T07:48:46+00:00","dateModified":"2025-03-24T11:33:54+00:00","mainEntityOfPage":{"@id":"https:\/\/canfali.com\/ca-es\/el-mitjafava-fest-protagonitza-la-programacio-de-benitatxell\/"},"wordCount":569,"publisher":{"@id":"https:\/\/canfali.com\/ca-es\/#organization"},"image":{"@id":"https:\/\/canfali.com\/ca-es\/el-mitjafava-fest-protagonitza-la-programacio-de-benitatxell\/#primaryimage"},"thumbnailUrl":"https:\/\/canfali.com\/app\/uploads\/2025\/03\/mitjafava-scaled-e1742816001648.jpg","articleSection":["Societat"],"inLanguage":"va-ES","copyrightYear":"2025","copyrightHolder":{"@id":"https:\/\/canfali.com\/#organization"}},{"@type":"WebPage","@id":"https:\/\/canfali.com\/ca-es\/el-mitjafava-fest-protagonitza-la-programacio-de-benitatxell\/","url":"https:\/\/canfali.com\/ca-es\/el-mitjafava-fest-protagonitza-la-programacio-de-benitatxell\/","name":"El Mitjafava Fest protagonitza la programaci\u00f3 de Benitatxell - Canfali","isPartOf":{"@id":"https:\/\/canfali.com\/ca-es\/#website"},"primaryImageOfPage":{"@id":"https:\/\/canfali.com\/ca-es\/el-mitjafava-fest-protagonitza-la-programacio-de-benitatxell\/#primaryimage"},"image":{"@id":"https:\/\/canfali.com\/ca-es\/el-mitjafava-fest-protagonitza-la-programacio-de-benitatxell\/#primaryimage"},"thumbnailUrl":"https:\/\/canfali.com\/app\/uploads\/2025\/03\/mitjafava-scaled-e1742816001648.jpg","datePublished":"2025-03-21T07:48:46+00:00","dateModified":"2025-03-24T11:33:54+00:00","breadcrumb":{"@id":"https:\/\/canfali.com\/ca-es\/el-mitjafava-fest-protagonitza-la-programacio-de-benitatxell\/#breadcrumb"},"inLanguage":"va-ES","potentialAction":[{"@type":"ReadAction","target":["https:\/\/canfali.com\/ca-es\/el-mitjafava-fest-protagonitza-la-programacio-de-benitatxell\/"]}]},{"@type":"ImageObject","inLanguage":"va-ES","@id":"https:\/\/canfali.com\/ca-es\/el-mitjafava-fest-protagonitza-la-programacio-de-benitatxell\/#primaryimage","url":"https:\/\/canfali.com\/app\/uploads\/2025\/03\/mitjafava-scaled-e1742816001648.jpg","contentUrl":"https:\/\/canfali.com\/app\/uploads\/2025\/03\/mitjafava-scaled-e1742816001648.jpg","width":1200,"height":800},{"@type":"BreadcrumbList","@id":"https:\/\/canfali.com\/ca-es\/el-mitjafava-fest-protagonitza-la-programacio-de-benitatxell\/#breadcrumb","itemListElement":[{"@type":"ListItem","position":1,"name":"Portada","item":"https:\/\/canfali.com\/ca-es\/"},{"@type":"ListItem","position":2,"name":"El Mitjafava Fest protagonitza la programaci\u00f3 de Benitatxell"}]},{"@type":"WebSite","@id":"https:\/\/canfali.com\/ca-es\/#website","url":"https:\/\/canfali.com\/ca-es\/","name":"Canfali","description":"","publisher":{"@id":"https:\/\/canfali.com\/ca-es\/#organization"},"potentialAction":[{"@type":"SearchAction","target":{"@type":"EntryPoint","urlTemplate":"https:\/\/canfali.com\/ca-es\/?s={search_term_string}"},"query-input":{"@type":"PropertyValueSpecification","valueRequired":true,"valueName":"search_term_string"}}],"inLanguage":"va-ES"},{"@type":"Organization","@id":"https:\/\/canfali.com\/ca-es\/#organization","name":"Canfali","url":"https:\/\/canfali.com\/ca-es\/","logo":{"@type":"ImageObject","inLanguage":"va-ES","@id":"https:\/\/canfali.com\/ca-es\/#\/schema\/logo\/image\/","url":"https:\/\/canfali.com\/app\/uploads\/2025\/12\/canfali_marina_alta_logo.png","contentUrl":"https:\/\/canfali.com\/app\/uploads\/2025\/12\/canfali_marina_alta_logo.png","width":225,"height":225,"caption":"Canfali"},"image":{"@id":"https:\/\/canfali.com\/ca-es\/#\/schema\/logo\/image\/"},"sameAs":["https:\/\/es-es.facebook.com\/CANFALIMarinaAlta","https:\/\/x.com\/canfalima","https:\/\/www.instagram.com\/canfalimarinaalta\/"]},{"@type":"Person","@id":"https:\/\/canfali.com\/ca-es\/#\/schema\/person\/5211f51be1ed486a218e6a4f53355b6d","name":"D\u00eddac","image":{"@type":"ImageObject","inLanguage":"va-ES","@id":"https:\/\/secure.gravatar.com\/avatar\/a68a2078c12da8a6dd6cff4f3f3f69f7eb69a2d31ac1aac4da61c3761e4557f4?s=96&d=mm&r=g","url":"https:\/\/secure.gravatar.com\/avatar\/a68a2078c12da8a6dd6cff4f3f3f69f7eb69a2d31ac1aac4da61c3761e4557f4?s=96&d=mm&r=g","contentUrl":"https:\/\/secure.gravatar.com\/avatar\/a68a2078c12da8a6dd6cff4f3f3f69f7eb69a2d31ac1aac4da61c3761e4557f4?s=96&d=mm&r=g","caption":"D\u00eddac"},"url":"https:\/\/canfali.com\/ca-es\/author\/didac\/"}]}},"_links":{"self":[{"href":"https:\/\/canfali.com\/ca-es\/wp-json\/wp\/v2\/posts\/59869","targetHints":{"allow":["GET"]}}],"collection":[{"href":"https:\/\/canfali.com\/ca-es\/wp-json\/wp\/v2\/posts"}],"about":[{"href":"https:\/\/canfali.com\/ca-es\/wp-json\/wp\/v2\/types\/post"}],"author":[{"embeddable":true,"href":"https:\/\/canfali.com\/ca-es\/wp-json\/wp\/v2\/users\/5"}],"replies":[{"embeddable":true,"href":"https:\/\/canfali.com\/ca-es\/wp-json\/wp\/v2\/comments?post=59869"}],"version-history":[{"count":2,"href":"https:\/\/canfali.com\/ca-es\/wp-json\/wp\/v2\/posts\/59869\/revisions"}],"predecessor-version":[{"id":60044,"href":"https:\/\/canfali.com\/ca-es\/wp-json\/wp\/v2\/posts\/59869\/revisions\/60044"}],"wp:featuredmedia":[{"embeddable":true,"href":"https:\/\/canfali.com\/ca-es\/wp-json\/wp\/v2\/media\/59870"}],"wp:attachment":[{"href":"https:\/\/canfali.com\/ca-es\/wp-json\/wp\/v2\/media?parent=59869"}],"wp:term":[{"taxonomy":"category","embeddable":true,"href":"https:\/\/canfali.com\/ca-es\/wp-json\/wp\/v2\/categories?post=59869"},{"taxonomy":"post_tag","embeddable":true,"href":"https:\/\/canfali.com\/ca-es\/wp-json\/wp\/v2\/tags?post=59869"}],"curies":[{"name":"wp","href":"https:\/\/api.w.org\/{rel}","templated":true}]}}