{"id":59829,"date":"2025-03-20T14:46:27","date_gmt":"2025-03-20T13:46:27","guid":{"rendered":"https:\/\/canfali.com\/?p=59829"},"modified":"2025-03-21T09:18:00","modified_gmt":"2025-03-21T08:18:00","slug":"lescola-municipal-de-pilota-dondara-subcampiona-autonomica-infantil-de-galotxa","status":"publish","type":"post","link":"https:\/\/canfali.com\/ca-es\/lescola-municipal-de-pilota-dondara-subcampiona-autonomica-infantil-de-galotxa\/","title":{"rendered":"Ondara subcampiona auton\u00f2mica infantil de galotxa"},"content":{"rendered":"\n<p>L\u2019equip infantil de l\u2019Escola Municipal de Pilota s\u2019ha proclamat subcampi\u00f3 auton\u00f2mic de la modalitat de \u201cgalotxa\u201d en els 43 Jocs Esportius de la Comunitat Valenciana, que han tingut al carrer de Montserrat (Val\u00e8ncia) com escenari.<\/p>\n\n\n\n<figure class=\"wp-block-image size-large\"><img fetchpriority=\"high\" decoding=\"async\" width=\"1024\" height=\"683\" src=\"https:\/\/canfali.com\/app\/uploads\/2025\/03\/galotxa2-1024x683.jpg\" alt=\"\" class=\"wp-image-59832\" srcset=\"https:\/\/canfali.com\/app\/uploads\/2025\/03\/galotxa2-1024x683.jpg 1024w, https:\/\/canfali.com\/app\/uploads\/2025\/03\/galotxa2-300x200.jpg 300w, https:\/\/canfali.com\/app\/uploads\/2025\/03\/galotxa2-768x512.jpg 768w, https:\/\/canfali.com\/app\/uploads\/2025\/03\/galotxa2-1536x1024.jpg 1536w, https:\/\/canfali.com\/app\/uploads\/2025\/03\/galotxa2.jpg 2048w\" sizes=\"(max-width: 1024px) 100vw, 1024px\" \/><figcaption class=\"wp-element-caption\">Quadre d&#8217;honor del campionat auton\u00f2mic d&#8217;aquesta modalitat tecnica<\/figcaption><\/figure>\n\n\n\n<p>Els ondarencs \u00c1ngel Sendra, Josep Font, Unai Forqu\u00e9s i D\u00eddac Chesa, que accedien a la fase definitiva de l\u2019auton\u00f2mic com a campions del provincial d\u2019Alacant, es van imposar en la semifinal a Marquesat A per a obtenir el passaport a la final davant Onda, encara que en aquesta no van poder seguir la ratxa de vict\u00f2ries i van caure per un marcador ajustad\u00edssim.\u00a0 Els integrants de l\u2019equip infantil, els seus entrenadors, Ra\u00fcl Blasco i Marc Terrades, i el coordinador, Juanma Garrido, han rebut l\u2019enhorabona del regidor d\u2019Esports, Jordi Ruiz, qui en nom de l\u2019Ajuntament ha posat a disposici\u00f3 de jugadors, familiars i aficionats autob\u00fas pel despla\u00e7ament fins a la seu de les finals d\u2019aquesta modalitat tan t\u00e8cnica.<\/p>\n","protected":false},"excerpt":{"rendered":"L\u2019equip infantil de l\u2019Escola Municipal de Pilota s\u2019ha proclamat subcampi\u00f3 auton\u00f2mic en la modalitat \u201cgalotxa\u201d en els 43 Jocs Esportius  la Comunitat Valenciana","protected":false},"author":4,"featured_media":59830,"comment_status":"closed","ping_status":"closed","sticky":false,"template":"","format":"standard","meta":{"csco_display_header_overlay":false,"csco_singular_sidebar":"","csco_page_header_type":"","csco_page_load_nextpost":"","csco_post_video_location":[],"csco_post_video_location_hash":"","csco_post_video_url":"","csco_post_video_bg_start_time":0,"csco_post_video_bg_end_time":0,"footnotes":""},"categories":[598,604],"tags":[662,661,663],"class_list":{"0":"post-59829","1":"post","2":"type-post","3":"status-publish","4":"format-standard","5":"has-post-thumbnail","7":"category-esports","8":"category-mes-esports","9":"tag-escola","10":"tag-ondara-2","11":"tag-pilota","12":"cs-entry","13":"cs-video-wrap"},"yoast_head":"<!-- This site is optimized with the Yoast SEO Premium plugin v26.6 (Yoast SEO v27.3) - https:\/\/yoast.com\/product\/yoast-seo-premium-wordpress\/ -->\n<title>Ondara subcampiona auton\u00f2mica infantil de galotxa - Canfali<\/title>\n<meta name=\"robots\" content=\"index, follow, max-snippet:-1, max-image-preview:large, max-video-preview:-1\" \/>\n<link rel=\"canonical\" href=\"https:\/\/canfali.com\/ca-es\/lescola-municipal-de-pilota-dondara-subcampiona-autonomica-infantil-de-galotxa\/\" \/>\n<meta property=\"og:locale\" content=\"en_US\" \/>\n<meta property=\"og:type\" content=\"article\" \/>\n<meta property=\"og:title\" content=\"Ondara subcampiona auton\u00f2mica infantil de galotxa\" \/>\n<meta property=\"og:description\" content=\"L\u2019equip infantil de l\u2019Escola Municipal de Pilota s\u2019ha proclamat subcampi\u00f3 auton\u00f2mic en la modalitat \u201cgalotxa\u201d en els 43 Jocs Esportius la Comunitat Valenciana\" \/>\n<meta property=\"og:url\" content=\"https:\/\/canfali.com\/ca-es\/lescola-municipal-de-pilota-dondara-subcampiona-autonomica-infantil-de-galotxa\/\" \/>\n<meta property=\"og:site_name\" content=\"Canfali\" \/>\n<meta property=\"article:publisher\" content=\"https:\/\/es-es.facebook.com\/CANFALIMarinaAlta\" \/>\n<meta property=\"article:published_time\" content=\"2025-03-20T13:46:27+00:00\" \/>\n<meta property=\"article:modified_time\" content=\"2025-03-21T08:18:00+00:00\" \/>\n<meta property=\"og:image\" content=\"https:\/\/canfali.com\/app\/uploads\/2025\/03\/galotxa-dig1-e1742545003351.jpg\" \/>\n\t<meta property=\"og:image:width\" content=\"1200\" \/>\n\t<meta property=\"og:image:height\" content=\"800\" \/>\n\t<meta property=\"og:image:type\" content=\"image\/jpeg\" \/>\n<meta name=\"author\" content=\"JJ Mas\" \/>\n<meta name=\"twitter:card\" content=\"summary_large_image\" \/>\n<meta name=\"twitter:creator\" content=\"@canfalima\" \/>\n<meta name=\"twitter:site\" content=\"@canfalima\" \/>\n<meta name=\"twitter:label1\" content=\"Written by\" \/>\n\t<meta name=\"twitter:data1\" content=\"JJ Mas\" \/>\n\t<meta name=\"twitter:label2\" content=\"Est. reading time\" \/>\n\t<meta name=\"twitter:data2\" content=\"1 minute\" \/>\n<script type=\"application\/ld+json\" class=\"yoast-schema-graph\">{\"@context\":\"https:\\\/\\\/schema.org\",\"@graph\":[{\"@type\":\"NewsArticle\",\"@id\":\"https:\\\/\\\/canfali.com\\\/ca-es\\\/lescola-municipal-de-pilota-dondara-subcampiona-autonomica-infantil-de-galotxa\\\/#article\",\"isPartOf\":{\"@id\":\"https:\\\/\\\/canfali.com\\\/ca-es\\\/lescola-municipal-de-pilota-dondara-subcampiona-autonomica-infantil-de-galotxa\\\/\"},\"author\":{\"name\":\"JJ Mas\",\"@id\":\"https:\\\/\\\/canfali.com\\\/ca-es\\\/#\\\/schema\\\/person\\\/d834d2d4df17cac754d3c314d4c404ef\"},\"headline\":\"Ondara subcampiona auton\u00f2mica infantil de galotxa\",\"datePublished\":\"2025-03-20T13:46:27+00:00\",\"dateModified\":\"2025-03-21T08:18:00+00:00\",\"mainEntityOfPage\":{\"@id\":\"https:\\\/\\\/canfali.com\\\/ca-es\\\/lescola-municipal-de-pilota-dondara-subcampiona-autonomica-infantil-de-galotxa\\\/\"},\"wordCount\":190,\"publisher\":{\"@id\":\"https:\\\/\\\/canfali.com\\\/ca-es\\\/#organization\"},\"image\":{\"@id\":\"https:\\\/\\\/canfali.com\\\/ca-es\\\/lescola-municipal-de-pilota-dondara-subcampiona-autonomica-infantil-de-galotxa\\\/#primaryimage\"},\"thumbnailUrl\":\"https:\\\/\\\/canfali.com\\\/app\\\/uploads\\\/2025\\\/03\\\/galotxa-dig1-e1742545003351.jpg\",\"keywords\":[\"escola\",\"Ondara\",\"pilota\"],\"articleSection\":[\"Esports\",\"M\u00e9s esports\"],\"inLanguage\":\"va-ES\",\"copyrightYear\":\"2025\",\"copyrightHolder\":{\"@id\":\"https:\\\/\\\/canfali.com\\\/#organization\"}},{\"@type\":\"WebPage\",\"@id\":\"https:\\\/\\\/canfali.com\\\/ca-es\\\/lescola-municipal-de-pilota-dondara-subcampiona-autonomica-infantil-de-galotxa\\\/\",\"url\":\"https:\\\/\\\/canfali.com\\\/ca-es\\\/lescola-municipal-de-pilota-dondara-subcampiona-autonomica-infantil-de-galotxa\\\/\",\"name\":\"Ondara subcampiona auton\u00f2mica infantil de galotxa - Canfali\",\"isPartOf\":{\"@id\":\"https:\\\/\\\/canfali.com\\\/ca-es\\\/#website\"},\"primaryImageOfPage\":{\"@id\":\"https:\\\/\\\/canfali.com\\\/ca-es\\\/lescola-municipal-de-pilota-dondara-subcampiona-autonomica-infantil-de-galotxa\\\/#primaryimage\"},\"image\":{\"@id\":\"https:\\\/\\\/canfali.com\\\/ca-es\\\/lescola-municipal-de-pilota-dondara-subcampiona-autonomica-infantil-de-galotxa\\\/#primaryimage\"},\"thumbnailUrl\":\"https:\\\/\\\/canfali.com\\\/app\\\/uploads\\\/2025\\\/03\\\/galotxa-dig1-e1742545003351.jpg\",\"datePublished\":\"2025-03-20T13:46:27+00:00\",\"dateModified\":\"2025-03-21T08:18:00+00:00\",\"breadcrumb\":{\"@id\":\"https:\\\/\\\/canfali.com\\\/ca-es\\\/lescola-municipal-de-pilota-dondara-subcampiona-autonomica-infantil-de-galotxa\\\/#breadcrumb\"},\"inLanguage\":\"va-ES\",\"potentialAction\":[{\"@type\":\"ReadAction\",\"target\":[\"https:\\\/\\\/canfali.com\\\/ca-es\\\/lescola-municipal-de-pilota-dondara-subcampiona-autonomica-infantil-de-galotxa\\\/\"]}]},{\"@type\":\"ImageObject\",\"inLanguage\":\"va-ES\",\"@id\":\"https:\\\/\\\/canfali.com\\\/ca-es\\\/lescola-municipal-de-pilota-dondara-subcampiona-autonomica-infantil-de-galotxa\\\/#primaryimage\",\"url\":\"https:\\\/\\\/canfali.com\\\/app\\\/uploads\\\/2025\\\/03\\\/galotxa-dig1-e1742545003351.jpg\",\"contentUrl\":\"https:\\\/\\\/canfali.com\\\/app\\\/uploads\\\/2025\\\/03\\\/galotxa-dig1-e1742545003351.jpg\",\"width\":1200,\"height\":800},{\"@type\":\"BreadcrumbList\",\"@id\":\"https:\\\/\\\/canfali.com\\\/ca-es\\\/lescola-municipal-de-pilota-dondara-subcampiona-autonomica-infantil-de-galotxa\\\/#breadcrumb\",\"itemListElement\":[{\"@type\":\"ListItem\",\"position\":1,\"name\":\"Portada\",\"item\":\"https:\\\/\\\/canfali.com\\\/ca-es\\\/\"},{\"@type\":\"ListItem\",\"position\":2,\"name\":\"Ondara subcampiona auton\u00f2mica infantil de galotxa\"}]},{\"@type\":\"WebSite\",\"@id\":\"https:\\\/\\\/canfali.com\\\/ca-es\\\/#website\",\"url\":\"https:\\\/\\\/canfali.com\\\/ca-es\\\/\",\"name\":\"Canfali\",\"description\":\"\",\"publisher\":{\"@id\":\"https:\\\/\\\/canfali.com\\\/ca-es\\\/#organization\"},\"potentialAction\":[{\"@type\":\"SearchAction\",\"target\":{\"@type\":\"EntryPoint\",\"urlTemplate\":\"https:\\\/\\\/canfali.com\\\/ca-es\\\/?s={search_term_string}\"},\"query-input\":{\"@type\":\"PropertyValueSpecification\",\"valueRequired\":true,\"valueName\":\"search_term_string\"}}],\"inLanguage\":\"va-ES\"},{\"@type\":\"Organization\",\"@id\":\"https:\\\/\\\/canfali.com\\\/ca-es\\\/#organization\",\"name\":\"Canfali\",\"url\":\"https:\\\/\\\/canfali.com\\\/ca-es\\\/\",\"logo\":{\"@type\":\"ImageObject\",\"inLanguage\":\"va-ES\",\"@id\":\"https:\\\/\\\/canfali.com\\\/ca-es\\\/#\\\/schema\\\/logo\\\/image\\\/\",\"url\":\"https:\\\/\\\/canfali.com\\\/app\\\/uploads\\\/2025\\\/12\\\/canfali_marina_alta_logo.png\",\"contentUrl\":\"https:\\\/\\\/canfali.com\\\/app\\\/uploads\\\/2025\\\/12\\\/canfali_marina_alta_logo.png\",\"width\":225,\"height\":225,\"caption\":\"Canfali\"},\"image\":{\"@id\":\"https:\\\/\\\/canfali.com\\\/ca-es\\\/#\\\/schema\\\/logo\\\/image\\\/\"},\"sameAs\":[\"https:\\\/\\\/es-es.facebook.com\\\/CANFALIMarinaAlta\",\"https:\\\/\\\/x.com\\\/canfalima\",\"https:\\\/\\\/www.instagram.com\\\/canfalimarinaalta\\\/\"]},{\"@type\":\"Person\",\"@id\":\"https:\\\/\\\/canfali.com\\\/ca-es\\\/#\\\/schema\\\/person\\\/d834d2d4df17cac754d3c314d4c404ef\",\"name\":\"JJ Mas\",\"image\":{\"@type\":\"ImageObject\",\"inLanguage\":\"va-ES\",\"@id\":\"https:\\\/\\\/secure.gravatar.com\\\/avatar\\\/65a5191f5438bf88c2394f6d1a625a6ff903c8785268e603c623a83bc15ba1ee?s=96&d=mm&r=g\",\"url\":\"https:\\\/\\\/secure.gravatar.com\\\/avatar\\\/65a5191f5438bf88c2394f6d1a625a6ff903c8785268e603c623a83bc15ba1ee?s=96&d=mm&r=g\",\"contentUrl\":\"https:\\\/\\\/secure.gravatar.com\\\/avatar\\\/65a5191f5438bf88c2394f6d1a625a6ff903c8785268e603c623a83bc15ba1ee?s=96&d=mm&r=g\",\"caption\":\"JJ Mas\"},\"url\":\"https:\\\/\\\/canfali.com\\\/ca-es\\\/author\\\/jj\\\/\"}]}<\/script>\n<!-- \/ Yoast SEO Premium plugin. -->","yoast_head_json":{"title":"Ondara subcampiona auton\u00f2mica infantil de galotxa - Canfali","robots":{"index":"index","follow":"follow","max-snippet":"max-snippet:-1","max-image-preview":"max-image-preview:large","max-video-preview":"max-video-preview:-1"},"canonical":"https:\/\/canfali.com\/ca-es\/lescola-municipal-de-pilota-dondara-subcampiona-autonomica-infantil-de-galotxa\/","og_locale":"en_US","og_type":"article","og_title":"Ondara subcampiona auton\u00f2mica infantil de galotxa","og_description":"L\u2019equip infantil de l\u2019Escola Municipal de Pilota s\u2019ha proclamat subcampi\u00f3 auton\u00f2mic en la modalitat \u201cgalotxa\u201d en els 43 Jocs Esportius la Comunitat Valenciana","og_url":"https:\/\/canfali.com\/ca-es\/lescola-municipal-de-pilota-dondara-subcampiona-autonomica-infantil-de-galotxa\/","og_site_name":"Canfali","article_publisher":"https:\/\/es-es.facebook.com\/CANFALIMarinaAlta","article_published_time":"2025-03-20T13:46:27+00:00","article_modified_time":"2025-03-21T08:18:00+00:00","og_image":[{"width":1200,"height":800,"url":"https:\/\/canfali.com\/app\/uploads\/2025\/03\/galotxa-dig1-e1742545003351.jpg","type":"image\/jpeg"}],"author":"JJ Mas","twitter_card":"summary_large_image","twitter_creator":"@canfalima","twitter_site":"@canfalima","twitter_misc":{"Written by":"JJ Mas","Est. reading time":"1 minute"},"schema":{"@context":"https:\/\/schema.org","@graph":[{"@type":"NewsArticle","@id":"https:\/\/canfali.com\/ca-es\/lescola-municipal-de-pilota-dondara-subcampiona-autonomica-infantil-de-galotxa\/#article","isPartOf":{"@id":"https:\/\/canfali.com\/ca-es\/lescola-municipal-de-pilota-dondara-subcampiona-autonomica-infantil-de-galotxa\/"},"author":{"name":"JJ Mas","@id":"https:\/\/canfali.com\/ca-es\/#\/schema\/person\/d834d2d4df17cac754d3c314d4c404ef"},"headline":"Ondara subcampiona auton\u00f2mica infantil de galotxa","datePublished":"2025-03-20T13:46:27+00:00","dateModified":"2025-03-21T08:18:00+00:00","mainEntityOfPage":{"@id":"https:\/\/canfali.com\/ca-es\/lescola-municipal-de-pilota-dondara-subcampiona-autonomica-infantil-de-galotxa\/"},"wordCount":190,"publisher":{"@id":"https:\/\/canfali.com\/ca-es\/#organization"},"image":{"@id":"https:\/\/canfali.com\/ca-es\/lescola-municipal-de-pilota-dondara-subcampiona-autonomica-infantil-de-galotxa\/#primaryimage"},"thumbnailUrl":"https:\/\/canfali.com\/app\/uploads\/2025\/03\/galotxa-dig1-e1742545003351.jpg","keywords":["escola","Ondara","pilota"],"articleSection":["Esports","M\u00e9s esports"],"inLanguage":"va-ES","copyrightYear":"2025","copyrightHolder":{"@id":"https:\/\/canfali.com\/#organization"}},{"@type":"WebPage","@id":"https:\/\/canfali.com\/ca-es\/lescola-municipal-de-pilota-dondara-subcampiona-autonomica-infantil-de-galotxa\/","url":"https:\/\/canfali.com\/ca-es\/lescola-municipal-de-pilota-dondara-subcampiona-autonomica-infantil-de-galotxa\/","name":"Ondara subcampiona auton\u00f2mica infantil de galotxa - Canfali","isPartOf":{"@id":"https:\/\/canfali.com\/ca-es\/#website"},"primaryImageOfPage":{"@id":"https:\/\/canfali.com\/ca-es\/lescola-municipal-de-pilota-dondara-subcampiona-autonomica-infantil-de-galotxa\/#primaryimage"},"image":{"@id":"https:\/\/canfali.com\/ca-es\/lescola-municipal-de-pilota-dondara-subcampiona-autonomica-infantil-de-galotxa\/#primaryimage"},"thumbnailUrl":"https:\/\/canfali.com\/app\/uploads\/2025\/03\/galotxa-dig1-e1742545003351.jpg","datePublished":"2025-03-20T13:46:27+00:00","dateModified":"2025-03-21T08:18:00+00:00","breadcrumb":{"@id":"https:\/\/canfali.com\/ca-es\/lescola-municipal-de-pilota-dondara-subcampiona-autonomica-infantil-de-galotxa\/#breadcrumb"},"inLanguage":"va-ES","potentialAction":[{"@type":"ReadAction","target":["https:\/\/canfali.com\/ca-es\/lescola-municipal-de-pilota-dondara-subcampiona-autonomica-infantil-de-galotxa\/"]}]},{"@type":"ImageObject","inLanguage":"va-ES","@id":"https:\/\/canfali.com\/ca-es\/lescola-municipal-de-pilota-dondara-subcampiona-autonomica-infantil-de-galotxa\/#primaryimage","url":"https:\/\/canfali.com\/app\/uploads\/2025\/03\/galotxa-dig1-e1742545003351.jpg","contentUrl":"https:\/\/canfali.com\/app\/uploads\/2025\/03\/galotxa-dig1-e1742545003351.jpg","width":1200,"height":800},{"@type":"BreadcrumbList","@id":"https:\/\/canfali.com\/ca-es\/lescola-municipal-de-pilota-dondara-subcampiona-autonomica-infantil-de-galotxa\/#breadcrumb","itemListElement":[{"@type":"ListItem","position":1,"name":"Portada","item":"https:\/\/canfali.com\/ca-es\/"},{"@type":"ListItem","position":2,"name":"Ondara subcampiona auton\u00f2mica infantil de galotxa"}]},{"@type":"WebSite","@id":"https:\/\/canfali.com\/ca-es\/#website","url":"https:\/\/canfali.com\/ca-es\/","name":"Canfali","description":"","publisher":{"@id":"https:\/\/canfali.com\/ca-es\/#organization"},"potentialAction":[{"@type":"SearchAction","target":{"@type":"EntryPoint","urlTemplate":"https:\/\/canfali.com\/ca-es\/?s={search_term_string}"},"query-input":{"@type":"PropertyValueSpecification","valueRequired":true,"valueName":"search_term_string"}}],"inLanguage":"va-ES"},{"@type":"Organization","@id":"https:\/\/canfali.com\/ca-es\/#organization","name":"Canfali","url":"https:\/\/canfali.com\/ca-es\/","logo":{"@type":"ImageObject","inLanguage":"va-ES","@id":"https:\/\/canfali.com\/ca-es\/#\/schema\/logo\/image\/","url":"https:\/\/canfali.com\/app\/uploads\/2025\/12\/canfali_marina_alta_logo.png","contentUrl":"https:\/\/canfali.com\/app\/uploads\/2025\/12\/canfali_marina_alta_logo.png","width":225,"height":225,"caption":"Canfali"},"image":{"@id":"https:\/\/canfali.com\/ca-es\/#\/schema\/logo\/image\/"},"sameAs":["https:\/\/es-es.facebook.com\/CANFALIMarinaAlta","https:\/\/x.com\/canfalima","https:\/\/www.instagram.com\/canfalimarinaalta\/"]},{"@type":"Person","@id":"https:\/\/canfali.com\/ca-es\/#\/schema\/person\/d834d2d4df17cac754d3c314d4c404ef","name":"JJ Mas","image":{"@type":"ImageObject","inLanguage":"va-ES","@id":"https:\/\/secure.gravatar.com\/avatar\/65a5191f5438bf88c2394f6d1a625a6ff903c8785268e603c623a83bc15ba1ee?s=96&d=mm&r=g","url":"https:\/\/secure.gravatar.com\/avatar\/65a5191f5438bf88c2394f6d1a625a6ff903c8785268e603c623a83bc15ba1ee?s=96&d=mm&r=g","contentUrl":"https:\/\/secure.gravatar.com\/avatar\/65a5191f5438bf88c2394f6d1a625a6ff903c8785268e603c623a83bc15ba1ee?s=96&d=mm&r=g","caption":"JJ Mas"},"url":"https:\/\/canfali.com\/ca-es\/author\/jj\/"}]}},"_links":{"self":[{"href":"https:\/\/canfali.com\/ca-es\/wp-json\/wp\/v2\/posts\/59829","targetHints":{"allow":["GET"]}}],"collection":[{"href":"https:\/\/canfali.com\/ca-es\/wp-json\/wp\/v2\/posts"}],"about":[{"href":"https:\/\/canfali.com\/ca-es\/wp-json\/wp\/v2\/types\/post"}],"author":[{"embeddable":true,"href":"https:\/\/canfali.com\/ca-es\/wp-json\/wp\/v2\/users\/4"}],"replies":[{"embeddable":true,"href":"https:\/\/canfali.com\/ca-es\/wp-json\/wp\/v2\/comments?post=59829"}],"version-history":[{"count":3,"href":"https:\/\/canfali.com\/ca-es\/wp-json\/wp\/v2\/posts\/59829\/revisions"}],"predecessor-version":[{"id":59877,"href":"https:\/\/canfali.com\/ca-es\/wp-json\/wp\/v2\/posts\/59829\/revisions\/59877"}],"wp:featuredmedia":[{"embeddable":true,"href":"https:\/\/canfali.com\/ca-es\/wp-json\/wp\/v2\/media\/59830"}],"wp:attachment":[{"href":"https:\/\/canfali.com\/ca-es\/wp-json\/wp\/v2\/media?parent=59829"}],"wp:term":[{"taxonomy":"category","embeddable":true,"href":"https:\/\/canfali.com\/ca-es\/wp-json\/wp\/v2\/categories?post=59829"},{"taxonomy":"post_tag","embeddable":true,"href":"https:\/\/canfali.com\/ca-es\/wp-json\/wp\/v2\/tags?post=59829"}],"curies":[{"name":"wp","href":"https:\/\/api.w.org\/{rel}","templated":true}]}}