{"id":59746,"date":"2025-03-20T12:05:41","date_gmt":"2025-03-20T11:05:41","guid":{"rendered":"https:\/\/canfali.com\/?p=59746"},"modified":"2025-03-20T12:34:15","modified_gmt":"2025-03-20T11:34:15","slug":"el-pspv-alerta-de-la-retallada-dels-serveis-minims-de-bombers","status":"publish","type":"post","link":"https:\/\/canfali.com\/ca-es\/el-pspv-alerta-de-la-retallada-dels-serveis-minims-de-bombers\/","title":{"rendered":"El PSPV alerta de la retallada dels serveis m\u00ednims de bombers"},"content":{"rendered":"\n<p><strong>A D\u00e9nia s\u2019ha passat de 9 a 8 bombers i a Benissa, de 5 a <\/strong>4<\/p>\n\n\n\n<p>Els representants sindicals de CGT i UGT del Consorci de Bombers en la Marina Alta han informat que s\u2019ha redu\u00eft el personal m\u00ednim diari tant al Parc Provincial de D\u00e9nia com en l\u2019auxiliar de Benissa. Una situaci\u00f3 que s\u2019ha fet palesa des de febrer. En els darrers anys, s\u2019ha comptat amb 9 efectius a D\u00e9nia i 5 a Benissa, a fi de garantir una primera resposta adequada a les emerg\u00e8ncies ordin\u00e0ries, a m\u00e9s d\u2019ampliar en vehicles d\u2019eixida sense comprometre la seguretat dels bombers que atenen incid\u00e8ncies en emerg\u00e8ncies extraordin\u00e0ries o simult\u00e0nies. A hores d\u2019ara, la reducci\u00f3 ha consistit de 9 a 8 bombers al parc de D\u00e9nia i de 5 a 4, i incl\u00fas 3, a Benissa.<\/p>\n\n\n\n<p>&nbsp;&nbsp;&nbsp;&nbsp;&nbsp;&nbsp;&nbsp;&nbsp;&nbsp;&nbsp;&nbsp; L\u2019executiva comarcal del PSPV critica esta reducci\u00f3 dels serveis m\u00ednims. El secretari general, Jos\u00e9 Ramiro, assegura que \u201c\u00e9s lamentable que el Consorci de Bombers, \u00f2rgan presidit per la Diputaci\u00f3 d\u2019Alacant, retalle recursos en les dotacions m\u00ednimes que puguen garantir una resposta adequada a les emerg\u00e8ncies de la nostra comarca, tot sabent els riscos tan elevats d\u2019incendis que sofrim a partir de la primavera fins a la tardor, a m\u00e9s de continuar atenent totes les altres emerg\u00e8ncies que es donen\u201d.<\/p>\n\n\n\n<p>&nbsp;&nbsp;&nbsp;&nbsp;&nbsp;&nbsp;&nbsp;&nbsp;&nbsp;&nbsp;&nbsp; Per la seua banda, el diputat Ismael Vidal creu que \u201cno \u00e9s justificable el retall en recursos personals i econ\u00f2mics en serveis d\u2019emerg\u00e8ncies que presta el Consorci en cap \u00e0rea operativa\u201d. \u201cDes del grup socialista de la Diputaci\u00f3\u201d, continua, \u201cexigirem el restabliment de la dotaci\u00f3 que s\u2019ha retallat en la Marina Alta i demanarem l\u2019increment de recursos en totes aquelles \u00e0rees que facen falta\u201d.<\/p>\n\n\n\n<p>&nbsp;&nbsp;&nbsp;&nbsp;&nbsp;&nbsp;&nbsp;&nbsp;&nbsp;&nbsp;&nbsp; Ramiro ha avan\u00e7at que, en cas que el Consorci no torne als nivells de dotaci\u00f3 que hi havia, els socialistes impulsaran una moci\u00f3 per a presentar en tots els municipis de la comarca i en la Diputaci\u00f3 per tal de manifestar, alt i clar, que en els serveis en emerg\u00e8ncia es reforcen, no es retallen. \u201cEls municipis de la Marina Alta no podem permetre cap retall en el servei de prevenci\u00f3, extinci\u00f3 d\u2019incendis i salvament que presta el Consorci Provincial de Bombers d\u2019Alacant, i aix\u00ed ho manifestaran institucionalment si cal\u201d, en paraules de Ramiro.<\/p>\n\n\n\n<p>&nbsp;&nbsp;&nbsp;&nbsp;&nbsp;&nbsp;&nbsp;&nbsp;&nbsp;&nbsp;&nbsp; A m\u00e9s, des de grup socialista de la Diputaci\u00f3, \u201cdemanarem explicacions respecte al retall de personal i exigiren la correcci\u00f3 d\u2019esta desfeta. No s&#8217;ent\u00e9n que en lloc d&#8217;augmentar els recursos humans dels serveis d\u2019emerg\u00e8ncies, es dediquen a retallar personal\u201d, afegeix Vidal. \u201cNo sabem\u201d, conclou, \u201csi esta decisi\u00f3 respon a la paralitzaci\u00f3 que pateix la Diputaci\u00f3 d\u2019Alacant i que econ\u00f2micament no poden fer front a tots els compromisos que tenen. Seria m\u00e9s important que, si han de retallar, ho facen d\u2019all\u00f2 que no siga prioritari, mai en emerg\u00e8ncies.\u201d<\/p>\n","protected":false},"excerpt":{"rendered":"Els representants sindicals del Consorci  Bombers en la Marina Alta han informat que s\u2019ha redu\u00eft el personal m\u00ednim diari tant al Parc Provincial D\u00e9nia com en l\u2019auxiliar  Benissa","protected":false},"author":5,"featured_media":59753,"comment_status":"closed","ping_status":"closed","sticky":false,"template":"","format":"standard","meta":{"csco_display_header_overlay":false,"csco_singular_sidebar":"","csco_page_header_type":"","csco_page_load_nextpost":"","csco_post_video_location":[],"csco_post_video_location_hash":"","csco_post_video_url":"","csco_post_video_bg_start_time":0,"csco_post_video_bg_end_time":0,"footnotes":""},"categories":[575],"tags":[],"class_list":{"0":"post-59746","1":"post","2":"type-post","3":"status-publish","4":"format-standard","5":"has-post-thumbnail","7":"category-politica-2","8":"cs-entry","9":"cs-video-wrap"},"yoast_head":"<!-- This site is optimized with the Yoast SEO Premium plugin v26.6 (Yoast SEO v27.3) - https:\/\/yoast.com\/product\/yoast-seo-premium-wordpress\/ -->\n<title>El PSPV alerta de la retallada dels serveis m\u00ednims de bombers - Canfali<\/title>\n<meta name=\"robots\" content=\"index, follow, max-snippet:-1, max-image-preview:large, max-video-preview:-1\" \/>\n<link rel=\"canonical\" href=\"https:\/\/canfali.com\/ca-es\/el-pspv-alerta-de-la-retallada-dels-serveis-minims-de-bombers\/\" \/>\n<meta property=\"og:locale\" content=\"en_US\" \/>\n<meta property=\"og:type\" content=\"article\" \/>\n<meta property=\"og:title\" content=\"El PSPV alerta de la retallada dels serveis m\u00ednims de bombers\" \/>\n<meta property=\"og:description\" content=\"Els representants sindicals del Consorci Bombers en la Marina Alta han informat que s\u2019ha redu\u00eft el personal m\u00ednim diari tant al Parc Provincial D\u00e9nia com en l\u2019auxiliar Benissa\" \/>\n<meta property=\"og:url\" content=\"https:\/\/canfali.com\/ca-es\/el-pspv-alerta-de-la-retallada-dels-serveis-minims-de-bombers\/\" \/>\n<meta property=\"og:site_name\" content=\"Canfali\" \/>\n<meta property=\"article:publisher\" content=\"https:\/\/es-es.facebook.com\/CANFALIMarinaAlta\" \/>\n<meta property=\"article:published_time\" content=\"2025-03-20T11:05:41+00:00\" \/>\n<meta property=\"article:modified_time\" content=\"2025-03-20T11:34:15+00:00\" \/>\n<meta property=\"og:image\" content=\"https:\/\/canfali.com\/app\/uploads\/2025\/03\/bomberos-scaled.jpg\" \/>\n\t<meta property=\"og:image:width\" content=\"2560\" \/>\n\t<meta property=\"og:image:height\" content=\"1920\" \/>\n\t<meta property=\"og:image:type\" content=\"image\/jpeg\" \/>\n<meta name=\"author\" content=\"D\u00eddac\" \/>\n<meta name=\"twitter:card\" content=\"summary_large_image\" \/>\n<meta name=\"twitter:creator\" content=\"@canfalima\" \/>\n<meta name=\"twitter:site\" content=\"@canfalima\" \/>\n<meta name=\"twitter:label1\" content=\"Written by\" \/>\n\t<meta name=\"twitter:data1\" content=\"D\u00eddac\" \/>\n\t<meta name=\"twitter:label2\" content=\"Est. reading time\" \/>\n\t<meta name=\"twitter:data2\" content=\"3 minutes\" \/>\n<script type=\"application\/ld+json\" class=\"yoast-schema-graph\">{\"@context\":\"https:\\\/\\\/schema.org\",\"@graph\":[{\"@type\":\"NewsArticle\",\"@id\":\"https:\\\/\\\/canfali.com\\\/ca-es\\\/el-pspv-alerta-de-la-retallada-dels-serveis-minims-de-bombers\\\/#article\",\"isPartOf\":{\"@id\":\"https:\\\/\\\/canfali.com\\\/ca-es\\\/el-pspv-alerta-de-la-retallada-dels-serveis-minims-de-bombers\\\/\"},\"author\":{\"name\":\"D\u00eddac\",\"@id\":\"https:\\\/\\\/canfali.com\\\/ca-es\\\/#\\\/schema\\\/person\\\/5211f51be1ed486a218e6a4f53355b6d\"},\"headline\":\"El PSPV alerta de la retallada dels serveis m\u00ednims de bombers\",\"datePublished\":\"2025-03-20T11:05:41+00:00\",\"dateModified\":\"2025-03-20T11:34:15+00:00\",\"mainEntityOfPage\":{\"@id\":\"https:\\\/\\\/canfali.com\\\/ca-es\\\/el-pspv-alerta-de-la-retallada-dels-serveis-minims-de-bombers\\\/\"},\"wordCount\":553,\"publisher\":{\"@id\":\"https:\\\/\\\/canfali.com\\\/ca-es\\\/#organization\"},\"image\":{\"@id\":\"https:\\\/\\\/canfali.com\\\/ca-es\\\/el-pspv-alerta-de-la-retallada-dels-serveis-minims-de-bombers\\\/#primaryimage\"},\"thumbnailUrl\":\"https:\\\/\\\/canfali.com\\\/app\\\/uploads\\\/2025\\\/03\\\/bomberos-scaled.jpg\",\"articleSection\":[\"Pol\u00edtica\"],\"inLanguage\":\"va-ES\",\"copyrightYear\":\"2025\",\"copyrightHolder\":{\"@id\":\"https:\\\/\\\/canfali.com\\\/#organization\"}},{\"@type\":\"WebPage\",\"@id\":\"https:\\\/\\\/canfali.com\\\/ca-es\\\/el-pspv-alerta-de-la-retallada-dels-serveis-minims-de-bombers\\\/\",\"url\":\"https:\\\/\\\/canfali.com\\\/ca-es\\\/el-pspv-alerta-de-la-retallada-dels-serveis-minims-de-bombers\\\/\",\"name\":\"El PSPV alerta de la retallada dels serveis m\u00ednims de bombers - Canfali\",\"isPartOf\":{\"@id\":\"https:\\\/\\\/canfali.com\\\/ca-es\\\/#website\"},\"primaryImageOfPage\":{\"@id\":\"https:\\\/\\\/canfali.com\\\/ca-es\\\/el-pspv-alerta-de-la-retallada-dels-serveis-minims-de-bombers\\\/#primaryimage\"},\"image\":{\"@id\":\"https:\\\/\\\/canfali.com\\\/ca-es\\\/el-pspv-alerta-de-la-retallada-dels-serveis-minims-de-bombers\\\/#primaryimage\"},\"thumbnailUrl\":\"https:\\\/\\\/canfali.com\\\/app\\\/uploads\\\/2025\\\/03\\\/bomberos-scaled.jpg\",\"datePublished\":\"2025-03-20T11:05:41+00:00\",\"dateModified\":\"2025-03-20T11:34:15+00:00\",\"breadcrumb\":{\"@id\":\"https:\\\/\\\/canfali.com\\\/ca-es\\\/el-pspv-alerta-de-la-retallada-dels-serveis-minims-de-bombers\\\/#breadcrumb\"},\"inLanguage\":\"va-ES\",\"potentialAction\":[{\"@type\":\"ReadAction\",\"target\":[\"https:\\\/\\\/canfali.com\\\/ca-es\\\/el-pspv-alerta-de-la-retallada-dels-serveis-minims-de-bombers\\\/\"]}]},{\"@type\":\"ImageObject\",\"inLanguage\":\"va-ES\",\"@id\":\"https:\\\/\\\/canfali.com\\\/ca-es\\\/el-pspv-alerta-de-la-retallada-dels-serveis-minims-de-bombers\\\/#primaryimage\",\"url\":\"https:\\\/\\\/canfali.com\\\/app\\\/uploads\\\/2025\\\/03\\\/bomberos-scaled.jpg\",\"contentUrl\":\"https:\\\/\\\/canfali.com\\\/app\\\/uploads\\\/2025\\\/03\\\/bomberos-scaled.jpg\",\"width\":2560,\"height\":1920},{\"@type\":\"BreadcrumbList\",\"@id\":\"https:\\\/\\\/canfali.com\\\/ca-es\\\/el-pspv-alerta-de-la-retallada-dels-serveis-minims-de-bombers\\\/#breadcrumb\",\"itemListElement\":[{\"@type\":\"ListItem\",\"position\":1,\"name\":\"Portada\",\"item\":\"https:\\\/\\\/canfali.com\\\/ca-es\\\/\"},{\"@type\":\"ListItem\",\"position\":2,\"name\":\"El PSPV alerta de la retallada dels serveis m\u00ednims de bombers\"}]},{\"@type\":\"WebSite\",\"@id\":\"https:\\\/\\\/canfali.com\\\/ca-es\\\/#website\",\"url\":\"https:\\\/\\\/canfali.com\\\/ca-es\\\/\",\"name\":\"Canfali\",\"description\":\"\",\"publisher\":{\"@id\":\"https:\\\/\\\/canfali.com\\\/ca-es\\\/#organization\"},\"potentialAction\":[{\"@type\":\"SearchAction\",\"target\":{\"@type\":\"EntryPoint\",\"urlTemplate\":\"https:\\\/\\\/canfali.com\\\/ca-es\\\/?s={search_term_string}\"},\"query-input\":{\"@type\":\"PropertyValueSpecification\",\"valueRequired\":true,\"valueName\":\"search_term_string\"}}],\"inLanguage\":\"va-ES\"},{\"@type\":\"Organization\",\"@id\":\"https:\\\/\\\/canfali.com\\\/ca-es\\\/#organization\",\"name\":\"Canfali\",\"url\":\"https:\\\/\\\/canfali.com\\\/ca-es\\\/\",\"logo\":{\"@type\":\"ImageObject\",\"inLanguage\":\"va-ES\",\"@id\":\"https:\\\/\\\/canfali.com\\\/ca-es\\\/#\\\/schema\\\/logo\\\/image\\\/\",\"url\":\"https:\\\/\\\/canfali.com\\\/app\\\/uploads\\\/2025\\\/12\\\/canfali_marina_alta_logo.png\",\"contentUrl\":\"https:\\\/\\\/canfali.com\\\/app\\\/uploads\\\/2025\\\/12\\\/canfali_marina_alta_logo.png\",\"width\":225,\"height\":225,\"caption\":\"Canfali\"},\"image\":{\"@id\":\"https:\\\/\\\/canfali.com\\\/ca-es\\\/#\\\/schema\\\/logo\\\/image\\\/\"},\"sameAs\":[\"https:\\\/\\\/es-es.facebook.com\\\/CANFALIMarinaAlta\",\"https:\\\/\\\/x.com\\\/canfalima\",\"https:\\\/\\\/www.instagram.com\\\/canfalimarinaalta\\\/\"]},{\"@type\":\"Person\",\"@id\":\"https:\\\/\\\/canfali.com\\\/ca-es\\\/#\\\/schema\\\/person\\\/5211f51be1ed486a218e6a4f53355b6d\",\"name\":\"D\u00eddac\",\"image\":{\"@type\":\"ImageObject\",\"inLanguage\":\"va-ES\",\"@id\":\"https:\\\/\\\/secure.gravatar.com\\\/avatar\\\/a68a2078c12da8a6dd6cff4f3f3f69f7eb69a2d31ac1aac4da61c3761e4557f4?s=96&d=mm&r=g\",\"url\":\"https:\\\/\\\/secure.gravatar.com\\\/avatar\\\/a68a2078c12da8a6dd6cff4f3f3f69f7eb69a2d31ac1aac4da61c3761e4557f4?s=96&d=mm&r=g\",\"contentUrl\":\"https:\\\/\\\/secure.gravatar.com\\\/avatar\\\/a68a2078c12da8a6dd6cff4f3f3f69f7eb69a2d31ac1aac4da61c3761e4557f4?s=96&d=mm&r=g\",\"caption\":\"D\u00eddac\"},\"url\":\"https:\\\/\\\/canfali.com\\\/ca-es\\\/author\\\/didac\\\/\"}]}<\/script>\n<!-- \/ Yoast SEO Premium plugin. -->","yoast_head_json":{"title":"El PSPV alerta de la retallada dels serveis m\u00ednims de bombers - Canfali","robots":{"index":"index","follow":"follow","max-snippet":"max-snippet:-1","max-image-preview":"max-image-preview:large","max-video-preview":"max-video-preview:-1"},"canonical":"https:\/\/canfali.com\/ca-es\/el-pspv-alerta-de-la-retallada-dels-serveis-minims-de-bombers\/","og_locale":"en_US","og_type":"article","og_title":"El PSPV alerta de la retallada dels serveis m\u00ednims de bombers","og_description":"Els representants sindicals del Consorci Bombers en la Marina Alta han informat que s\u2019ha redu\u00eft el personal m\u00ednim diari tant al Parc Provincial D\u00e9nia com en l\u2019auxiliar Benissa","og_url":"https:\/\/canfali.com\/ca-es\/el-pspv-alerta-de-la-retallada-dels-serveis-minims-de-bombers\/","og_site_name":"Canfali","article_publisher":"https:\/\/es-es.facebook.com\/CANFALIMarinaAlta","article_published_time":"2025-03-20T11:05:41+00:00","article_modified_time":"2025-03-20T11:34:15+00:00","og_image":[{"width":2560,"height":1920,"url":"https:\/\/canfali.com\/app\/uploads\/2025\/03\/bomberos-scaled.jpg","type":"image\/jpeg"}],"author":"D\u00eddac","twitter_card":"summary_large_image","twitter_creator":"@canfalima","twitter_site":"@canfalima","twitter_misc":{"Written by":"D\u00eddac","Est. reading time":"3 minutes"},"schema":{"@context":"https:\/\/schema.org","@graph":[{"@type":"NewsArticle","@id":"https:\/\/canfali.com\/ca-es\/el-pspv-alerta-de-la-retallada-dels-serveis-minims-de-bombers\/#article","isPartOf":{"@id":"https:\/\/canfali.com\/ca-es\/el-pspv-alerta-de-la-retallada-dels-serveis-minims-de-bombers\/"},"author":{"name":"D\u00eddac","@id":"https:\/\/canfali.com\/ca-es\/#\/schema\/person\/5211f51be1ed486a218e6a4f53355b6d"},"headline":"El PSPV alerta de la retallada dels serveis m\u00ednims de bombers","datePublished":"2025-03-20T11:05:41+00:00","dateModified":"2025-03-20T11:34:15+00:00","mainEntityOfPage":{"@id":"https:\/\/canfali.com\/ca-es\/el-pspv-alerta-de-la-retallada-dels-serveis-minims-de-bombers\/"},"wordCount":553,"publisher":{"@id":"https:\/\/canfali.com\/ca-es\/#organization"},"image":{"@id":"https:\/\/canfali.com\/ca-es\/el-pspv-alerta-de-la-retallada-dels-serveis-minims-de-bombers\/#primaryimage"},"thumbnailUrl":"https:\/\/canfali.com\/app\/uploads\/2025\/03\/bomberos-scaled.jpg","articleSection":["Pol\u00edtica"],"inLanguage":"va-ES","copyrightYear":"2025","copyrightHolder":{"@id":"https:\/\/canfali.com\/#organization"}},{"@type":"WebPage","@id":"https:\/\/canfali.com\/ca-es\/el-pspv-alerta-de-la-retallada-dels-serveis-minims-de-bombers\/","url":"https:\/\/canfali.com\/ca-es\/el-pspv-alerta-de-la-retallada-dels-serveis-minims-de-bombers\/","name":"El PSPV alerta de la retallada dels serveis m\u00ednims de bombers - Canfali","isPartOf":{"@id":"https:\/\/canfali.com\/ca-es\/#website"},"primaryImageOfPage":{"@id":"https:\/\/canfali.com\/ca-es\/el-pspv-alerta-de-la-retallada-dels-serveis-minims-de-bombers\/#primaryimage"},"image":{"@id":"https:\/\/canfali.com\/ca-es\/el-pspv-alerta-de-la-retallada-dels-serveis-minims-de-bombers\/#primaryimage"},"thumbnailUrl":"https:\/\/canfali.com\/app\/uploads\/2025\/03\/bomberos-scaled.jpg","datePublished":"2025-03-20T11:05:41+00:00","dateModified":"2025-03-20T11:34:15+00:00","breadcrumb":{"@id":"https:\/\/canfali.com\/ca-es\/el-pspv-alerta-de-la-retallada-dels-serveis-minims-de-bombers\/#breadcrumb"},"inLanguage":"va-ES","potentialAction":[{"@type":"ReadAction","target":["https:\/\/canfali.com\/ca-es\/el-pspv-alerta-de-la-retallada-dels-serveis-minims-de-bombers\/"]}]},{"@type":"ImageObject","inLanguage":"va-ES","@id":"https:\/\/canfali.com\/ca-es\/el-pspv-alerta-de-la-retallada-dels-serveis-minims-de-bombers\/#primaryimage","url":"https:\/\/canfali.com\/app\/uploads\/2025\/03\/bomberos-scaled.jpg","contentUrl":"https:\/\/canfali.com\/app\/uploads\/2025\/03\/bomberos-scaled.jpg","width":2560,"height":1920},{"@type":"BreadcrumbList","@id":"https:\/\/canfali.com\/ca-es\/el-pspv-alerta-de-la-retallada-dels-serveis-minims-de-bombers\/#breadcrumb","itemListElement":[{"@type":"ListItem","position":1,"name":"Portada","item":"https:\/\/canfali.com\/ca-es\/"},{"@type":"ListItem","position":2,"name":"El PSPV alerta de la retallada dels serveis m\u00ednims de bombers"}]},{"@type":"WebSite","@id":"https:\/\/canfali.com\/ca-es\/#website","url":"https:\/\/canfali.com\/ca-es\/","name":"Canfali","description":"","publisher":{"@id":"https:\/\/canfali.com\/ca-es\/#organization"},"potentialAction":[{"@type":"SearchAction","target":{"@type":"EntryPoint","urlTemplate":"https:\/\/canfali.com\/ca-es\/?s={search_term_string}"},"query-input":{"@type":"PropertyValueSpecification","valueRequired":true,"valueName":"search_term_string"}}],"inLanguage":"va-ES"},{"@type":"Organization","@id":"https:\/\/canfali.com\/ca-es\/#organization","name":"Canfali","url":"https:\/\/canfali.com\/ca-es\/","logo":{"@type":"ImageObject","inLanguage":"va-ES","@id":"https:\/\/canfali.com\/ca-es\/#\/schema\/logo\/image\/","url":"https:\/\/canfali.com\/app\/uploads\/2025\/12\/canfali_marina_alta_logo.png","contentUrl":"https:\/\/canfali.com\/app\/uploads\/2025\/12\/canfali_marina_alta_logo.png","width":225,"height":225,"caption":"Canfali"},"image":{"@id":"https:\/\/canfali.com\/ca-es\/#\/schema\/logo\/image\/"},"sameAs":["https:\/\/es-es.facebook.com\/CANFALIMarinaAlta","https:\/\/x.com\/canfalima","https:\/\/www.instagram.com\/canfalimarinaalta\/"]},{"@type":"Person","@id":"https:\/\/canfali.com\/ca-es\/#\/schema\/person\/5211f51be1ed486a218e6a4f53355b6d","name":"D\u00eddac","image":{"@type":"ImageObject","inLanguage":"va-ES","@id":"https:\/\/secure.gravatar.com\/avatar\/a68a2078c12da8a6dd6cff4f3f3f69f7eb69a2d31ac1aac4da61c3761e4557f4?s=96&d=mm&r=g","url":"https:\/\/secure.gravatar.com\/avatar\/a68a2078c12da8a6dd6cff4f3f3f69f7eb69a2d31ac1aac4da61c3761e4557f4?s=96&d=mm&r=g","contentUrl":"https:\/\/secure.gravatar.com\/avatar\/a68a2078c12da8a6dd6cff4f3f3f69f7eb69a2d31ac1aac4da61c3761e4557f4?s=96&d=mm&r=g","caption":"D\u00eddac"},"url":"https:\/\/canfali.com\/ca-es\/author\/didac\/"}]}},"_links":{"self":[{"href":"https:\/\/canfali.com\/ca-es\/wp-json\/wp\/v2\/posts\/59746","targetHints":{"allow":["GET"]}}],"collection":[{"href":"https:\/\/canfali.com\/ca-es\/wp-json\/wp\/v2\/posts"}],"about":[{"href":"https:\/\/canfali.com\/ca-es\/wp-json\/wp\/v2\/types\/post"}],"author":[{"embeddable":true,"href":"https:\/\/canfali.com\/ca-es\/wp-json\/wp\/v2\/users\/5"}],"replies":[{"embeddable":true,"href":"https:\/\/canfali.com\/ca-es\/wp-json\/wp\/v2\/comments?post=59746"}],"version-history":[{"count":2,"href":"https:\/\/canfali.com\/ca-es\/wp-json\/wp\/v2\/posts\/59746\/revisions"}],"predecessor-version":[{"id":59824,"href":"https:\/\/canfali.com\/ca-es\/wp-json\/wp\/v2\/posts\/59746\/revisions\/59824"}],"wp:featuredmedia":[{"embeddable":true,"href":"https:\/\/canfali.com\/ca-es\/wp-json\/wp\/v2\/media\/59753"}],"wp:attachment":[{"href":"https:\/\/canfali.com\/ca-es\/wp-json\/wp\/v2\/media?parent=59746"}],"wp:term":[{"taxonomy":"category","embeddable":true,"href":"https:\/\/canfali.com\/ca-es\/wp-json\/wp\/v2\/categories?post=59746"},{"taxonomy":"post_tag","embeddable":true,"href":"https:\/\/canfali.com\/ca-es\/wp-json\/wp\/v2\/tags?post=59746"}],"curies":[{"name":"wp","href":"https:\/\/api.w.org\/{rel}","templated":true}]}}