{"id":59712,"date":"2025-03-19T10:41:34","date_gmt":"2025-03-19T09:41:34","guid":{"rendered":"https:\/\/canfali.com\/una-llegenda-del-valencia-cf-visita-pedreguer-2\/"},"modified":"2025-03-20T08:37:23","modified_gmt":"2025-03-20T07:37:23","slug":"una-llegenda-del-valencia-cf-visita-pedreguer-2","status":"publish","type":"post","link":"https:\/\/canfali.com\/ca-es\/una-llegenda-del-valencia-cf-visita-pedreguer-2\/","title":{"rendered":"Una llegenda del Valencia CF visita Pedreguer"},"content":{"rendered":"\n<p>La Penya Valencianista de Pedreguer Jos\u00e9 Luis Gay\u00e0 ha organitzat per a aquest divendres, 21 de mar\u00e7, una trobada amb la llegenda del Valencia CF Fernando G\u00f3mez, qui va ser capit\u00e0 del primer equip de Mestalla. El m\u00edtic centrecampista, el jugador que m\u00e9s minuts ha vestit la samarreta del conjunt x\u00e9 \u2014amb 552 partits disputats entre les d\u00e8cades dels huitanta i noranta\u2014, aprofitar\u00e0 la cita amb els socis i simpatitzants valencianistes per a presentar el seu llibre biogr\u00e0fic titulat La Zona del 10, un treball produ\u00eft per Santy Raga i escrit per Jes\u00fas Manzano. <\/p>\n\n<p>El llibre fa un rep\u00e0s de la seua traject\u00f2ria com a futbolista en una primera part i de l\u2019enrevessat cam\u00ed que ha recorregut despr\u00e9s de penjar les botes en la segona meitat. La trobada tindr\u00e0 lloc aquest divendres a la seu de la penya a les 20.00 hores. <\/p>\n","protected":false},"excerpt":{"rendered":"La Penya Valencianista de Pedreguer Jos\u00e9 Luis Gay\u00e0 ha organitzat per a aquest divendres, 21 de mar\u00e7, una&hellip;","protected":false},"author":8,"featured_media":59666,"comment_status":"closed","ping_status":"closed","sticky":false,"template":"","format":"standard","meta":{"csco_display_header_overlay":false,"csco_singular_sidebar":"","csco_page_header_type":"","csco_page_load_nextpost":"","csco_post_video_location":[],"csco_post_video_location_hash":"","csco_post_video_url":"","csco_post_video_bg_start_time":0,"csco_post_video_bg_end_time":0,"footnotes":""},"categories":[598],"tags":[],"class_list":{"0":"post-59712","1":"post","2":"type-post","3":"status-publish","4":"format-standard","5":"has-post-thumbnail","7":"category-esports","8":"cs-entry","9":"cs-video-wrap"},"yoast_head":"<!-- This site is optimized with the Yoast SEO Premium plugin v26.6 (Yoast SEO v27.3) - https:\/\/yoast.com\/product\/yoast-seo-premium-wordpress\/ -->\n<title>Una llegenda del Valencia CF visita Pedreguer - Canfali<\/title>\n<meta name=\"robots\" content=\"index, follow, max-snippet:-1, max-image-preview:large, max-video-preview:-1\" \/>\n<link rel=\"canonical\" href=\"https:\/\/canfali.com\/ca-es\/una-llegenda-del-valencia-cf-visita-pedreguer-2\/\" \/>\n<meta property=\"og:locale\" content=\"en_US\" \/>\n<meta property=\"og:type\" content=\"article\" \/>\n<meta property=\"og:title\" content=\"Una llegenda del Valencia CF visita Pedreguer\" \/>\n<meta property=\"og:description\" content=\"La Penya Valencianista de Pedreguer Jos\u00e9 Luis Gay\u00e0 ha organitzat per a aquest divendres, 21 de mar\u00e7, una&hellip;\" \/>\n<meta property=\"og:url\" content=\"https:\/\/canfali.com\/ca-es\/una-llegenda-del-valencia-cf-visita-pedreguer-2\/\" \/>\n<meta property=\"og:site_name\" content=\"Canfali\" \/>\n<meta property=\"article:publisher\" content=\"https:\/\/es-es.facebook.com\/CANFALIMarinaAlta\" \/>\n<meta property=\"article:published_time\" content=\"2025-03-19T09:41:34+00:00\" \/>\n<meta property=\"article:modified_time\" content=\"2025-03-20T07:37:23+00:00\" \/>\n<meta property=\"og:image\" content=\"https:\/\/canfali.com\/app\/uploads\/2025\/03\/fernando.jpg\" \/>\n\t<meta property=\"og:image:width\" content=\"1920\" \/>\n\t<meta property=\"og:image:height\" content=\"1080\" \/>\n\t<meta property=\"og:image:type\" content=\"image\/jpeg\" \/>\n<meta name=\"author\" content=\"Lluis\" \/>\n<meta name=\"twitter:card\" content=\"summary_large_image\" \/>\n<meta name=\"twitter:creator\" content=\"@canfalima\" \/>\n<meta name=\"twitter:site\" content=\"@canfalima\" \/>\n<meta name=\"twitter:label1\" content=\"Written by\" \/>\n\t<meta name=\"twitter:data1\" content=\"Lluis\" \/>\n\t<meta name=\"twitter:label2\" content=\"Est. reading time\" \/>\n\t<meta name=\"twitter:data2\" content=\"1 minute\" \/>\n<script type=\"application\/ld+json\" class=\"yoast-schema-graph\">{\"@context\":\"https:\\\/\\\/schema.org\",\"@graph\":[{\"@type\":\"NewsArticle\",\"@id\":\"https:\\\/\\\/canfali.com\\\/ca-es\\\/una-llegenda-del-valencia-cf-visita-pedreguer-2\\\/#article\",\"isPartOf\":{\"@id\":\"https:\\\/\\\/canfali.com\\\/ca-es\\\/una-llegenda-del-valencia-cf-visita-pedreguer-2\\\/\"},\"author\":{\"name\":\"Lluis\",\"@id\":\"https:\\\/\\\/canfali.com\\\/ca-es\\\/#\\\/schema\\\/person\\\/f540a86fb33e10daaae53c59ceaa1194\"},\"headline\":\"Una llegenda del Valencia CF visita Pedreguer\",\"datePublished\":\"2025-03-19T09:41:34+00:00\",\"dateModified\":\"2025-03-20T07:37:23+00:00\",\"mainEntityOfPage\":{\"@id\":\"https:\\\/\\\/canfali.com\\\/ca-es\\\/una-llegenda-del-valencia-cf-visita-pedreguer-2\\\/\"},\"wordCount\":156,\"publisher\":{\"@id\":\"https:\\\/\\\/canfali.com\\\/ca-es\\\/#organization\"},\"image\":{\"@id\":\"https:\\\/\\\/canfali.com\\\/ca-es\\\/una-llegenda-del-valencia-cf-visita-pedreguer-2\\\/#primaryimage\"},\"thumbnailUrl\":\"https:\\\/\\\/canfali.com\\\/app\\\/uploads\\\/2025\\\/03\\\/fernando.jpg\",\"articleSection\":[\"Esports\"],\"inLanguage\":\"va-ES\",\"copyrightYear\":\"2025\",\"copyrightHolder\":{\"@id\":\"https:\\\/\\\/canfali.com\\\/#organization\"}},{\"@type\":\"WebPage\",\"@id\":\"https:\\\/\\\/canfali.com\\\/ca-es\\\/una-llegenda-del-valencia-cf-visita-pedreguer-2\\\/\",\"url\":\"https:\\\/\\\/canfali.com\\\/ca-es\\\/una-llegenda-del-valencia-cf-visita-pedreguer-2\\\/\",\"name\":\"Una llegenda del Valencia CF visita Pedreguer - Canfali\",\"isPartOf\":{\"@id\":\"https:\\\/\\\/canfali.com\\\/ca-es\\\/#website\"},\"primaryImageOfPage\":{\"@id\":\"https:\\\/\\\/canfali.com\\\/ca-es\\\/una-llegenda-del-valencia-cf-visita-pedreguer-2\\\/#primaryimage\"},\"image\":{\"@id\":\"https:\\\/\\\/canfali.com\\\/ca-es\\\/una-llegenda-del-valencia-cf-visita-pedreguer-2\\\/#primaryimage\"},\"thumbnailUrl\":\"https:\\\/\\\/canfali.com\\\/app\\\/uploads\\\/2025\\\/03\\\/fernando.jpg\",\"datePublished\":\"2025-03-19T09:41:34+00:00\",\"dateModified\":\"2025-03-20T07:37:23+00:00\",\"breadcrumb\":{\"@id\":\"https:\\\/\\\/canfali.com\\\/ca-es\\\/una-llegenda-del-valencia-cf-visita-pedreguer-2\\\/#breadcrumb\"},\"inLanguage\":\"va-ES\",\"potentialAction\":[{\"@type\":\"ReadAction\",\"target\":[\"https:\\\/\\\/canfali.com\\\/ca-es\\\/una-llegenda-del-valencia-cf-visita-pedreguer-2\\\/\"]}]},{\"@type\":\"ImageObject\",\"inLanguage\":\"va-ES\",\"@id\":\"https:\\\/\\\/canfali.com\\\/ca-es\\\/una-llegenda-del-valencia-cf-visita-pedreguer-2\\\/#primaryimage\",\"url\":\"https:\\\/\\\/canfali.com\\\/app\\\/uploads\\\/2025\\\/03\\\/fernando.jpg\",\"contentUrl\":\"https:\\\/\\\/canfali.com\\\/app\\\/uploads\\\/2025\\\/03\\\/fernando.jpg\",\"width\":1920,\"height\":1080},{\"@type\":\"BreadcrumbList\",\"@id\":\"https:\\\/\\\/canfali.com\\\/ca-es\\\/una-llegenda-del-valencia-cf-visita-pedreguer-2\\\/#breadcrumb\",\"itemListElement\":[{\"@type\":\"ListItem\",\"position\":1,\"name\":\"Portada\",\"item\":\"https:\\\/\\\/canfali.com\\\/ca-es\\\/\"},{\"@type\":\"ListItem\",\"position\":2,\"name\":\"Una llegenda del Valencia CF visita Pedreguer\"}]},{\"@type\":\"WebSite\",\"@id\":\"https:\\\/\\\/canfali.com\\\/ca-es\\\/#website\",\"url\":\"https:\\\/\\\/canfali.com\\\/ca-es\\\/\",\"name\":\"Canfali\",\"description\":\"\",\"publisher\":{\"@id\":\"https:\\\/\\\/canfali.com\\\/ca-es\\\/#organization\"},\"potentialAction\":[{\"@type\":\"SearchAction\",\"target\":{\"@type\":\"EntryPoint\",\"urlTemplate\":\"https:\\\/\\\/canfali.com\\\/ca-es\\\/?s={search_term_string}\"},\"query-input\":{\"@type\":\"PropertyValueSpecification\",\"valueRequired\":true,\"valueName\":\"search_term_string\"}}],\"inLanguage\":\"va-ES\"},{\"@type\":\"Organization\",\"@id\":\"https:\\\/\\\/canfali.com\\\/ca-es\\\/#organization\",\"name\":\"Canfali\",\"url\":\"https:\\\/\\\/canfali.com\\\/ca-es\\\/\",\"logo\":{\"@type\":\"ImageObject\",\"inLanguage\":\"va-ES\",\"@id\":\"https:\\\/\\\/canfali.com\\\/ca-es\\\/#\\\/schema\\\/logo\\\/image\\\/\",\"url\":\"https:\\\/\\\/canfali.com\\\/app\\\/uploads\\\/2025\\\/12\\\/canfali_marina_alta_logo.png\",\"contentUrl\":\"https:\\\/\\\/canfali.com\\\/app\\\/uploads\\\/2025\\\/12\\\/canfali_marina_alta_logo.png\",\"width\":225,\"height\":225,\"caption\":\"Canfali\"},\"image\":{\"@id\":\"https:\\\/\\\/canfali.com\\\/ca-es\\\/#\\\/schema\\\/logo\\\/image\\\/\"},\"sameAs\":[\"https:\\\/\\\/es-es.facebook.com\\\/CANFALIMarinaAlta\",\"https:\\\/\\\/x.com\\\/canfalima\",\"https:\\\/\\\/www.instagram.com\\\/canfalimarinaalta\\\/\"]},{\"@type\":\"Person\",\"@id\":\"https:\\\/\\\/canfali.com\\\/ca-es\\\/#\\\/schema\\\/person\\\/f540a86fb33e10daaae53c59ceaa1194\",\"name\":\"Lluis\",\"image\":{\"@type\":\"ImageObject\",\"inLanguage\":\"va-ES\",\"@id\":\"https:\\\/\\\/secure.gravatar.com\\\/avatar\\\/a21ec8835290e4e02ed0886b8cb327d807d0eb6ec8ccf25d4c2a0a415f506c0d?s=96&d=mm&r=g\",\"url\":\"https:\\\/\\\/secure.gravatar.com\\\/avatar\\\/a21ec8835290e4e02ed0886b8cb327d807d0eb6ec8ccf25d4c2a0a415f506c0d?s=96&d=mm&r=g\",\"contentUrl\":\"https:\\\/\\\/secure.gravatar.com\\\/avatar\\\/a21ec8835290e4e02ed0886b8cb327d807d0eb6ec8ccf25d4c2a0a415f506c0d?s=96&d=mm&r=g\",\"caption\":\"Lluis\"},\"url\":\"https:\\\/\\\/canfali.com\\\/ca-es\\\/author\\\/lluis\\\/\"}]}<\/script>\n<!-- \/ Yoast SEO Premium plugin. -->","yoast_head_json":{"title":"Una llegenda del Valencia CF visita Pedreguer - Canfali","robots":{"index":"index","follow":"follow","max-snippet":"max-snippet:-1","max-image-preview":"max-image-preview:large","max-video-preview":"max-video-preview:-1"},"canonical":"https:\/\/canfali.com\/ca-es\/una-llegenda-del-valencia-cf-visita-pedreguer-2\/","og_locale":"en_US","og_type":"article","og_title":"Una llegenda del Valencia CF visita Pedreguer","og_description":"La Penya Valencianista de Pedreguer Jos\u00e9 Luis Gay\u00e0 ha organitzat per a aquest divendres, 21 de mar\u00e7, una&hellip;","og_url":"https:\/\/canfali.com\/ca-es\/una-llegenda-del-valencia-cf-visita-pedreguer-2\/","og_site_name":"Canfali","article_publisher":"https:\/\/es-es.facebook.com\/CANFALIMarinaAlta","article_published_time":"2025-03-19T09:41:34+00:00","article_modified_time":"2025-03-20T07:37:23+00:00","og_image":[{"width":1920,"height":1080,"url":"https:\/\/canfali.com\/app\/uploads\/2025\/03\/fernando.jpg","type":"image\/jpeg"}],"author":"Lluis","twitter_card":"summary_large_image","twitter_creator":"@canfalima","twitter_site":"@canfalima","twitter_misc":{"Written by":"Lluis","Est. reading time":"1 minute"},"schema":{"@context":"https:\/\/schema.org","@graph":[{"@type":"NewsArticle","@id":"https:\/\/canfali.com\/ca-es\/una-llegenda-del-valencia-cf-visita-pedreguer-2\/#article","isPartOf":{"@id":"https:\/\/canfali.com\/ca-es\/una-llegenda-del-valencia-cf-visita-pedreguer-2\/"},"author":{"name":"Lluis","@id":"https:\/\/canfali.com\/ca-es\/#\/schema\/person\/f540a86fb33e10daaae53c59ceaa1194"},"headline":"Una llegenda del Valencia CF visita Pedreguer","datePublished":"2025-03-19T09:41:34+00:00","dateModified":"2025-03-20T07:37:23+00:00","mainEntityOfPage":{"@id":"https:\/\/canfali.com\/ca-es\/una-llegenda-del-valencia-cf-visita-pedreguer-2\/"},"wordCount":156,"publisher":{"@id":"https:\/\/canfali.com\/ca-es\/#organization"},"image":{"@id":"https:\/\/canfali.com\/ca-es\/una-llegenda-del-valencia-cf-visita-pedreguer-2\/#primaryimage"},"thumbnailUrl":"https:\/\/canfali.com\/app\/uploads\/2025\/03\/fernando.jpg","articleSection":["Esports"],"inLanguage":"va-ES","copyrightYear":"2025","copyrightHolder":{"@id":"https:\/\/canfali.com\/#organization"}},{"@type":"WebPage","@id":"https:\/\/canfali.com\/ca-es\/una-llegenda-del-valencia-cf-visita-pedreguer-2\/","url":"https:\/\/canfali.com\/ca-es\/una-llegenda-del-valencia-cf-visita-pedreguer-2\/","name":"Una llegenda del Valencia CF visita Pedreguer - Canfali","isPartOf":{"@id":"https:\/\/canfali.com\/ca-es\/#website"},"primaryImageOfPage":{"@id":"https:\/\/canfali.com\/ca-es\/una-llegenda-del-valencia-cf-visita-pedreguer-2\/#primaryimage"},"image":{"@id":"https:\/\/canfali.com\/ca-es\/una-llegenda-del-valencia-cf-visita-pedreguer-2\/#primaryimage"},"thumbnailUrl":"https:\/\/canfali.com\/app\/uploads\/2025\/03\/fernando.jpg","datePublished":"2025-03-19T09:41:34+00:00","dateModified":"2025-03-20T07:37:23+00:00","breadcrumb":{"@id":"https:\/\/canfali.com\/ca-es\/una-llegenda-del-valencia-cf-visita-pedreguer-2\/#breadcrumb"},"inLanguage":"va-ES","potentialAction":[{"@type":"ReadAction","target":["https:\/\/canfali.com\/ca-es\/una-llegenda-del-valencia-cf-visita-pedreguer-2\/"]}]},{"@type":"ImageObject","inLanguage":"va-ES","@id":"https:\/\/canfali.com\/ca-es\/una-llegenda-del-valencia-cf-visita-pedreguer-2\/#primaryimage","url":"https:\/\/canfali.com\/app\/uploads\/2025\/03\/fernando.jpg","contentUrl":"https:\/\/canfali.com\/app\/uploads\/2025\/03\/fernando.jpg","width":1920,"height":1080},{"@type":"BreadcrumbList","@id":"https:\/\/canfali.com\/ca-es\/una-llegenda-del-valencia-cf-visita-pedreguer-2\/#breadcrumb","itemListElement":[{"@type":"ListItem","position":1,"name":"Portada","item":"https:\/\/canfali.com\/ca-es\/"},{"@type":"ListItem","position":2,"name":"Una llegenda del Valencia CF visita Pedreguer"}]},{"@type":"WebSite","@id":"https:\/\/canfali.com\/ca-es\/#website","url":"https:\/\/canfali.com\/ca-es\/","name":"Canfali","description":"","publisher":{"@id":"https:\/\/canfali.com\/ca-es\/#organization"},"potentialAction":[{"@type":"SearchAction","target":{"@type":"EntryPoint","urlTemplate":"https:\/\/canfali.com\/ca-es\/?s={search_term_string}"},"query-input":{"@type":"PropertyValueSpecification","valueRequired":true,"valueName":"search_term_string"}}],"inLanguage":"va-ES"},{"@type":"Organization","@id":"https:\/\/canfali.com\/ca-es\/#organization","name":"Canfali","url":"https:\/\/canfali.com\/ca-es\/","logo":{"@type":"ImageObject","inLanguage":"va-ES","@id":"https:\/\/canfali.com\/ca-es\/#\/schema\/logo\/image\/","url":"https:\/\/canfali.com\/app\/uploads\/2025\/12\/canfali_marina_alta_logo.png","contentUrl":"https:\/\/canfali.com\/app\/uploads\/2025\/12\/canfali_marina_alta_logo.png","width":225,"height":225,"caption":"Canfali"},"image":{"@id":"https:\/\/canfali.com\/ca-es\/#\/schema\/logo\/image\/"},"sameAs":["https:\/\/es-es.facebook.com\/CANFALIMarinaAlta","https:\/\/x.com\/canfalima","https:\/\/www.instagram.com\/canfalimarinaalta\/"]},{"@type":"Person","@id":"https:\/\/canfali.com\/ca-es\/#\/schema\/person\/f540a86fb33e10daaae53c59ceaa1194","name":"Lluis","image":{"@type":"ImageObject","inLanguage":"va-ES","@id":"https:\/\/secure.gravatar.com\/avatar\/a21ec8835290e4e02ed0886b8cb327d807d0eb6ec8ccf25d4c2a0a415f506c0d?s=96&d=mm&r=g","url":"https:\/\/secure.gravatar.com\/avatar\/a21ec8835290e4e02ed0886b8cb327d807d0eb6ec8ccf25d4c2a0a415f506c0d?s=96&d=mm&r=g","contentUrl":"https:\/\/secure.gravatar.com\/avatar\/a21ec8835290e4e02ed0886b8cb327d807d0eb6ec8ccf25d4c2a0a415f506c0d?s=96&d=mm&r=g","caption":"Lluis"},"url":"https:\/\/canfali.com\/ca-es\/author\/lluis\/"}]}},"_links":{"self":[{"href":"https:\/\/canfali.com\/ca-es\/wp-json\/wp\/v2\/posts\/59712","targetHints":{"allow":["GET"]}}],"collection":[{"href":"https:\/\/canfali.com\/ca-es\/wp-json\/wp\/v2\/posts"}],"about":[{"href":"https:\/\/canfali.com\/ca-es\/wp-json\/wp\/v2\/types\/post"}],"author":[{"embeddable":true,"href":"https:\/\/canfali.com\/ca-es\/wp-json\/wp\/v2\/users\/8"}],"replies":[{"embeddable":true,"href":"https:\/\/canfali.com\/ca-es\/wp-json\/wp\/v2\/comments?post=59712"}],"version-history":[{"count":1,"href":"https:\/\/canfali.com\/ca-es\/wp-json\/wp\/v2\/posts\/59712\/revisions"}],"predecessor-version":[{"id":59713,"href":"https:\/\/canfali.com\/ca-es\/wp-json\/wp\/v2\/posts\/59712\/revisions\/59713"}],"wp:featuredmedia":[{"embeddable":true,"href":"https:\/\/canfali.com\/ca-es\/wp-json\/wp\/v2\/media\/59666"}],"wp:attachment":[{"href":"https:\/\/canfali.com\/ca-es\/wp-json\/wp\/v2\/media?parent=59712"}],"wp:term":[{"taxonomy":"category","embeddable":true,"href":"https:\/\/canfali.com\/ca-es\/wp-json\/wp\/v2\/categories?post=59712"},{"taxonomy":"post_tag","embeddable":true,"href":"https:\/\/canfali.com\/ca-es\/wp-json\/wp\/v2\/tags?post=59712"}],"curies":[{"name":"wp","href":"https:\/\/api.w.org\/{rel}","templated":true}]}}