{"id":59594,"date":"2025-03-18T13:10:39","date_gmt":"2025-03-18T12:10:39","guid":{"rendered":"https:\/\/canfali.com\/?p=59594"},"modified":"2025-03-18T13:12:38","modified_gmt":"2025-03-18T12:12:38","slug":"diana-guanya-el-premi-de-la-critica-local-per-tercer-any-consecutiu","status":"publish","type":"post","link":"https:\/\/canfali.com\/ca-es\/diana-guanya-el-premi-de-la-critica-local-per-tercer-any-consecutiu\/","title":{"rendered":"Diana, tres anys amb el premi de la Cr\u00edtica Local"},"content":{"rendered":"\n<p>Les falles de D\u00e9nia continuen apostant per la cr\u00edtica local en els seus monuments. Moltes la fan servir en pr\u00e0cticament totes les escenes, abordant temes tan diferents com les lluites entre govern i oposici\u00f3 dins la corporaci\u00f3 municipal, el preu dels lloguers i la proliferaci\u00f3 dels habitatges tur\u00edstics o l\u2019anunciada construcci\u00f3 d\u2019una dessaladora. Recurrent \u00e9s per\u00f2 la cr\u00edtica a la pla\u00e7a de Maria Herv\u00e1s, qualificada de \u201cdesastre\u201d i anomenada \u201cbosc de la ferralla\u201d, \u201cmonument a la ferradura\u201d i, fins i tot, \u201cFerralla Park\u201d. Per tercer any consecutiu, el jurat de Canfali Marina Alta ha atorgat el premi a la millor cr\u00edtica local a la falla Diana, valorant la cr\u00edtica fresca i la rima aconseguida dels seus versos.<\/p>\n\n\n\n<p>Les obres, la falta d\u2019aparcament, la segona resid\u00e8ncia,\u00a0 els radars per al control de la velocitat, la nul\u00b7la comunicaci\u00f3 entre Ports de la Generalitat i l\u2019Ajuntament de D\u00e9nia, la pujada de la taxa del fem, les deixalles que els ve\u00efns acumulen al costat dels contenidors i als carrers o el funcionament del servei de neteja han sigut objecte de cr\u00edtica en la falla Diana.<\/p>\n\n\n\n<figure class=\"wp-block-image size-large\"><img fetchpriority=\"high\" decoding=\"async\" width=\"771\" height=\"1024\" src=\"https:\/\/canfali.com\/app\/uploads\/2025\/03\/critiques-32-771x1024.jpg\" alt=\"\" class=\"wp-image-59596\" srcset=\"https:\/\/canfali.com\/app\/uploads\/2025\/03\/critiques-32-771x1024.jpg 771w, https:\/\/canfali.com\/app\/uploads\/2025\/03\/critiques-32-226x300.jpg 226w, https:\/\/canfali.com\/app\/uploads\/2025\/03\/critiques-32-768x1020.jpg 768w, https:\/\/canfali.com\/app\/uploads\/2025\/03\/critiques-32-1157x1536.jpg 1157w, https:\/\/canfali.com\/app\/uploads\/2025\/03\/critiques-32-1542x2048.jpg 1542w, https:\/\/canfali.com\/app\/uploads\/2025\/03\/critiques-32-scaled.jpg 1928w\" sizes=\"(max-width: 771px) 100vw, 771px\" \/><figcaption class=\"wp-element-caption\">hdr<\/figcaption><\/figure>\n\n\n\n<p>Les baralles i lluites de poder en l\u2019\u00e0mbit municipal s\u2019han escenificat amb un ring. Un&nbsp; cartell anunciava l\u2019enfrontament del p\u00fagil Rafa Carri\u00f3 (Comprom\u00eds) en \u201cel combat de sa vida al front de l\u2019alcaldia\u201d amb F\u00e8lix Redondo (Vox), que era presentat amb el lema \u201ctodo por la patria per\u00f2 sin el pueblo\u201d. S\u2019anunciava aix\u00ed mateix \u201cl\u2019aparici\u00f3 estel\u00b7lar de l\u2019emmascarat de Gent de D\u00e9nia\u201d.<\/p>\n\n\n\n<figure class=\"wp-block-image size-large\"><img decoding=\"async\" width=\"771\" height=\"1024\" src=\"https:\/\/canfali.com\/app\/uploads\/2025\/03\/critiques-28-771x1024.jpg\" alt=\"\" class=\"wp-image-59598\" srcset=\"https:\/\/canfali.com\/app\/uploads\/2025\/03\/critiques-28-771x1024.jpg 771w, https:\/\/canfali.com\/app\/uploads\/2025\/03\/critiques-28-226x300.jpg 226w, https:\/\/canfali.com\/app\/uploads\/2025\/03\/critiques-28-768x1020.jpg 768w, https:\/\/canfali.com\/app\/uploads\/2025\/03\/critiques-28-1157x1536.jpg 1157w, https:\/\/canfali.com\/app\/uploads\/2025\/03\/critiques-28-1542x2048.jpg 1542w, https:\/\/canfali.com\/app\/uploads\/2025\/03\/critiques-28-scaled.jpg 1928w\" sizes=\"(max-width: 771px) 100vw, 771px\" \/><figcaption class=\"wp-element-caption\">hdr<\/figcaption><\/figure>\n\n\n\n<p>En l\u2019escena de la boxa es feia al\u00b7lusi\u00f3 a la crispaci\u00f3 entre l\u2019alcalde, Vicent Grimalt (PSOE), i la portaveu del PP, Pepa Font, unes males relacions que acaben \u201ca la vida dels ciutadans colpejant\u201d. \u201cGrimalt pega fort: \u2018progr\u00e9s i cultura\u2019. Font replica: \u2018dedicat a governar\u2019. Entre arrapades, nyesples i tortura, ignoren els problemes a solucionar\u201d, afegia un altre cartell.<\/p>\n\n\n\n<figure class=\"wp-block-image size-large\"><img decoding=\"async\" width=\"1024\" height=\"771\" src=\"https:\/\/canfali.com\/app\/uploads\/2025\/03\/critiques-37-1024x771.jpg\" alt=\"\" class=\"wp-image-59600\" srcset=\"https:\/\/canfali.com\/app\/uploads\/2025\/03\/critiques-37-1024x771.jpg 1024w, https:\/\/canfali.com\/app\/uploads\/2025\/03\/critiques-37-300x226.jpg 300w, https:\/\/canfali.com\/app\/uploads\/2025\/03\/critiques-37-768x578.jpg 768w, https:\/\/canfali.com\/app\/uploads\/2025\/03\/critiques-37-1536x1157.jpg 1536w, https:\/\/canfali.com\/app\/uploads\/2025\/03\/critiques-37-2048x1542.jpg 2048w, https:\/\/canfali.com\/app\/uploads\/2025\/03\/critiques-37-scaled.jpg 2560w\" sizes=\"(max-width: 1024px) 100vw, 1024px\" \/><figcaption class=\"wp-element-caption\">hdsr<\/figcaption><\/figure>\n\n\n\n<p>Els fallers del Diana han reivindicat un espai fester en condicions i un teatre i han criticat la reducci\u00f3 d\u2019espectacles de bous al carrer i de la contractaci\u00f3 d\u2019orquestres en el programa de la Festa Major. Es feia menci\u00f3 en els seg\u00fcents versos: \u201cEls sous baixets, els preus per l\u2019aire. Comprar casa? Somni impensable. Sense estalvis ni llei ni regulaci\u00f3, la joventut deniera far\u00e0 la migraci\u00f3\u201d \/ \u201cA D\u00e9nia els lloguers s\u00f3n fantasia amb preus que s\u00f3n de bogeria. Vols un pis? \u00c0nim! Tin valentia i paga com si fores la burgesia\u201d.<\/p>\n\n\n\n<figure class=\"wp-block-image size-large\"><img loading=\"lazy\" decoding=\"async\" width=\"1024\" height=\"771\" src=\"https:\/\/canfali.com\/app\/uploads\/2025\/03\/critiques-34-1024x771.jpg\" alt=\"\" class=\"wp-image-59602\" srcset=\"https:\/\/canfali.com\/app\/uploads\/2025\/03\/critiques-34-1024x771.jpg 1024w, https:\/\/canfali.com\/app\/uploads\/2025\/03\/critiques-34-300x226.jpg 300w, https:\/\/canfali.com\/app\/uploads\/2025\/03\/critiques-34-768x578.jpg 768w, https:\/\/canfali.com\/app\/uploads\/2025\/03\/critiques-34-1536x1157.jpg 1536w, https:\/\/canfali.com\/app\/uploads\/2025\/03\/critiques-34-2048x1542.jpg 2048w, https:\/\/canfali.com\/app\/uploads\/2025\/03\/critiques-34-scaled.jpg 2560w\" sizes=\"(max-width: 1024px) 100vw, 1024px\" \/><\/figure>\n\n\n\n<p><strong>La Glorieta i el transport urb\u00e0<\/strong><\/p>\n\n\n\n<figure class=\"wp-block-image size-large\"><img loading=\"lazy\" decoding=\"async\" width=\"771\" height=\"1024\" src=\"https:\/\/canfali.com\/app\/uploads\/2025\/03\/critiques-26-771x1024.jpg\" alt=\"\" class=\"wp-image-59606\" srcset=\"https:\/\/canfali.com\/app\/uploads\/2025\/03\/critiques-26-771x1024.jpg 771w, https:\/\/canfali.com\/app\/uploads\/2025\/03\/critiques-26-226x300.jpg 226w, https:\/\/canfali.com\/app\/uploads\/2025\/03\/critiques-26-768x1020.jpg 768w, https:\/\/canfali.com\/app\/uploads\/2025\/03\/critiques-26-1157x1536.jpg 1157w, https:\/\/canfali.com\/app\/uploads\/2025\/03\/critiques-26-1542x2048.jpg 1542w, https:\/\/canfali.com\/app\/uploads\/2025\/03\/critiques-26-scaled.jpg 1928w\" sizes=\"(max-width: 771px) 100vw, 771px\" \/><figcaption class=\"wp-element-caption\">hdsr<\/figcaption><\/figure>\n\n\n\n<p>Les falles de D\u00e9nia han tirat d\u2019imaginaci\u00f3 i ironia per tractar tamb\u00e9 altres temes, com el somni de Pepa Font per arribar a l\u2019alcaldia, els problemes de transport urb\u00e0 i de comunicacions a nivell comarcal, les obres de la Glorieta del Pa\u00eds Valenci\u00e0 o les decisions de la Junta Local Fallera i la gesti\u00f3 del seu president. Algunes falles, como Port Rotes i Baix la Mar, han fet pal\u00e9s el seu comprom\u00eds amb la llengua i la defensa del valenci\u00e0. Darrere del Castell criticava la construcci\u00f3 d\u2019hotels a vora mar i aplaudia que prompte siga realitat el nou col\u00b7legio Raquel Pay\u00e0; Les Roques mostrava la seua preocupaci\u00f3 per la posid\u00f2nia i les actuacions del regidor de Festes; l\u2019Oeste recordava la promesa incomplida de la ITV; Centro criticava l\u2019afany recaptador de l\u2019ajuntament i Saladar, l\u2019explotaci\u00f3 a que es veuen sotmesos els treballadors del sector de l\u2019hosteleria.\u00a0<\/p>\n\n\n\n<figure class=\"wp-block-image size-large\"><img loading=\"lazy\" decoding=\"async\" width=\"771\" height=\"1024\" src=\"https:\/\/canfali.com\/app\/uploads\/2025\/03\/critiques-6-771x1024.jpg\" alt=\"\" class=\"wp-image-59604\" srcset=\"https:\/\/canfali.com\/app\/uploads\/2025\/03\/critiques-6-771x1024.jpg 771w, https:\/\/canfali.com\/app\/uploads\/2025\/03\/critiques-6-226x300.jpg 226w, https:\/\/canfali.com\/app\/uploads\/2025\/03\/critiques-6-768x1020.jpg 768w, https:\/\/canfali.com\/app\/uploads\/2025\/03\/critiques-6-1157x1536.jpg 1157w, https:\/\/canfali.com\/app\/uploads\/2025\/03\/critiques-6-1542x2048.jpg 1542w, https:\/\/canfali.com\/app\/uploads\/2025\/03\/critiques-6-scaled.jpg 1928w\" sizes=\"(max-width: 771px) 100vw, 771px\" \/><\/figure>\n\n\n\n<p>L\u2019Oeste recollia a m\u00e9s una vella reivindicaci\u00f3, la de recon\u00e8ixer la figura del metge Torrent: \u201csi conselleria no vol honrar a este gran denier almenys posem-li el seu nom a un carrer. Trobem que el molt il\u00b7lustre hauria de ser m\u00e9s valent i recordar com cal al metge Paco Torrent\u201d. I dos falles, Oeste i Les Roques, utilitzaven la cap\u00e7alera de Canfali Marina Alta per a ironitzar sobre temes locals.<\/p>\n\n\n\n<figure class=\"wp-block-image size-large\"><img loading=\"lazy\" decoding=\"async\" width=\"1024\" height=\"771\" src=\"https:\/\/canfali.com\/app\/uploads\/2025\/03\/critiques-22-1024x771.jpg\" alt=\"\" class=\"wp-image-59608\" srcset=\"https:\/\/canfali.com\/app\/uploads\/2025\/03\/critiques-22-1024x771.jpg 1024w, https:\/\/canfali.com\/app\/uploads\/2025\/03\/critiques-22-300x226.jpg 300w, https:\/\/canfali.com\/app\/uploads\/2025\/03\/critiques-22-768x578.jpg 768w, https:\/\/canfali.com\/app\/uploads\/2025\/03\/critiques-22-1536x1157.jpg 1536w, https:\/\/canfali.com\/app\/uploads\/2025\/03\/critiques-22-2048x1542.jpg 2048w, https:\/\/canfali.com\/app\/uploads\/2025\/03\/critiques-22-scaled.jpg 2560w\" sizes=\"(max-width: 1024px) 100vw, 1024px\" \/><figcaption class=\"wp-element-caption\">hdsr<\/figcaption><\/figure>\n\n\n\n<p>S\u00f3n nom\u00e9s algunes mostres del que han volgut transmetre, criticar i reivindicar, amb m\u00e9s o menys encert, les comissions falleres, a les quals Canfali i els components del jurat agraeixen el seu esfor\u00e7 per mantenir viva la cr\u00edtica local en les falles de D\u00e9nia.<\/p>\n\n\n\n<figure class=\"wp-block-image size-large\"><img loading=\"lazy\" decoding=\"async\" width=\"1024\" height=\"771\" src=\"https:\/\/canfali.com\/app\/uploads\/2025\/03\/critiques-8-1024x771.jpg\" alt=\"\" class=\"wp-image-59610\" srcset=\"https:\/\/canfali.com\/app\/uploads\/2025\/03\/critiques-8-1024x771.jpg 1024w, https:\/\/canfali.com\/app\/uploads\/2025\/03\/critiques-8-300x226.jpg 300w, https:\/\/canfali.com\/app\/uploads\/2025\/03\/critiques-8-768x578.jpg 768w, https:\/\/canfali.com\/app\/uploads\/2025\/03\/critiques-8-1536x1157.jpg 1536w, https:\/\/canfali.com\/app\/uploads\/2025\/03\/critiques-8-2048x1542.jpg 2048w, https:\/\/canfali.com\/app\/uploads\/2025\/03\/critiques-8-scaled.jpg 2560w\" sizes=\"(max-width: 1024px) 100vw, 1024px\" \/><\/figure>\n\n\n\n<p><strong>Un mat\u00ed intens<\/strong><\/p>\n\n\n\n<figure class=\"wp-block-image size-large\"><img loading=\"lazy\" decoding=\"async\" width=\"1024\" height=\"771\" src=\"https:\/\/canfali.com\/app\/uploads\/2025\/03\/criticarecorregut-3-1024x771.jpg\" alt=\"\" class=\"wp-image-59612\" srcset=\"https:\/\/canfali.com\/app\/uploads\/2025\/03\/criticarecorregut-3-1024x771.jpg 1024w, https:\/\/canfali.com\/app\/uploads\/2025\/03\/criticarecorregut-3-300x226.jpg 300w, https:\/\/canfali.com\/app\/uploads\/2025\/03\/criticarecorregut-3-768x578.jpg 768w, https:\/\/canfali.com\/app\/uploads\/2025\/03\/criticarecorregut-3-1536x1157.jpg 1536w, https:\/\/canfali.com\/app\/uploads\/2025\/03\/criticarecorregut-3-2048x1542.jpg 2048w, https:\/\/canfali.com\/app\/uploads\/2025\/03\/criticarecorregut-3-scaled.jpg 2560w\" sizes=\"(max-width: 1024px) 100vw, 1024px\" \/><figcaption class=\"wp-element-caption\">hdr<\/figcaption><\/figure>\n\n\n\n<p>La visita del jurat es feia dilluns a primera hora del mat\u00ed. El recorregut es va fer a peu tot i la pluja, que no va parar de caure, amb major o menor intensitat, durant tot el trajecte. A l\u2019Hotel Costa Blanca se servia un esmorzar per recuperar forces abans de donar pas a les deliberacions. Arribava tamb\u00e9 el moment de presentar i donar la benvinguda a les noves incorporacions al jurat, que enguany han estat Amparo Mata, Lorena Romans, Luz Mar\u00eda Mart\u00edn i Carlos Cuenca.<\/p>\n\n\n\n<figure class=\"wp-block-image size-large\"><img loading=\"lazy\" decoding=\"async\" width=\"1024\" height=\"678\" src=\"https:\/\/canfali.com\/app\/uploads\/2025\/03\/criticacostablanca-11-1024x678.jpg\" alt=\"\" class=\"wp-image-59614\" srcset=\"https:\/\/canfali.com\/app\/uploads\/2025\/03\/criticacostablanca-11-1024x678.jpg 1024w, https:\/\/canfali.com\/app\/uploads\/2025\/03\/criticacostablanca-11-300x199.jpg 300w, https:\/\/canfali.com\/app\/uploads\/2025\/03\/criticacostablanca-11-768x509.jpg 768w, https:\/\/canfali.com\/app\/uploads\/2025\/03\/criticacostablanca-11-1536x1017.jpg 1536w, https:\/\/canfali.com\/app\/uploads\/2025\/03\/criticacostablanca-11-2048x1356.jpg 2048w, https:\/\/canfali.com\/app\/uploads\/2025\/03\/criticacostablanca-11-scaled.jpg 2560w\" sizes=\"(max-width: 1024px) 100vw, 1024px\" \/><\/figure>\n\n\n\n<p>En un acte condu\u00eft per Jos\u00e9 Rafael P\u00e9rez, el nostre director, Jos\u00e9 Vicente Bolta, va agrair la implicaci\u00f3 de totes les persones que formen part del jurat, aix\u00ed com les atencions de l\u2019equip de MR Hotels. Va aprofitar tamb\u00e9 l\u2019ocasi\u00f3 per anunciar que l\u2019any que ve se celebra el 40 aniversari del jurat de la cr\u00edtica local Luis Francisco Carri\u00f3 i tamb\u00e9 els 50 anys de Canfali Marina Alta.<\/p>\n\n\n\n<figure class=\"wp-block-image size-large\"><img loading=\"lazy\" decoding=\"async\" width=\"1024\" height=\"678\" src=\"https:\/\/canfali.com\/app\/uploads\/2025\/03\/criticacostablanca-4-1024x678.jpg\" alt=\"\" class=\"wp-image-59616\" srcset=\"https:\/\/canfali.com\/app\/uploads\/2025\/03\/criticacostablanca-4-1024x678.jpg 1024w, https:\/\/canfali.com\/app\/uploads\/2025\/03\/criticacostablanca-4-300x199.jpg 300w, https:\/\/canfali.com\/app\/uploads\/2025\/03\/criticacostablanca-4-768x509.jpg 768w, https:\/\/canfali.com\/app\/uploads\/2025\/03\/criticacostablanca-4-1536x1017.jpg 1536w, https:\/\/canfali.com\/app\/uploads\/2025\/03\/criticacostablanca-4-2048x1356.jpg 2048w, https:\/\/canfali.com\/app\/uploads\/2025\/03\/criticacostablanca-4-scaled.jpg 2560w\" sizes=\"(max-width: 1024px) 100vw, 1024px\" \/><\/figure>\n\n\n\n<p>Durant la deliberaci\u00f3, els membres del jurat van lamentar que, tot i el gran treball que fan les comissions, en general es dediquen m\u00e9s esfor\u00e7os a omplir de cr\u00edtiques la falla que a treballar-les de manera que el missatge que es vol transmetre arribe de forma clara al lector. Es van tirar en falta tamb\u00e9 la ironia fina, cr\u00edtiques que desperten un somriure i queden en la mem\u00f2ria. Aix\u00ed mateix, es va lamentar l\u2019\u00fas de vegades abusiu de fotografies per refor\u00e7ar la cr\u00edtica i tamb\u00e9 la p\u00e8rdua de la rima en molts dels textos.<\/p>\n\n\n\n<figure class=\"wp-block-image size-large\"><img loading=\"lazy\" decoding=\"async\" width=\"1024\" height=\"678\" src=\"https:\/\/canfali.com\/app\/uploads\/2025\/03\/criticacostablanca-7-1024x678.jpg\" alt=\"\" class=\"wp-image-59619\" srcset=\"https:\/\/canfali.com\/app\/uploads\/2025\/03\/criticacostablanca-7-1024x678.jpg 1024w, https:\/\/canfali.com\/app\/uploads\/2025\/03\/criticacostablanca-7-300x199.jpg 300w, https:\/\/canfali.com\/app\/uploads\/2025\/03\/criticacostablanca-7-768x509.jpg 768w, https:\/\/canfali.com\/app\/uploads\/2025\/03\/criticacostablanca-7-1536x1017.jpg 1536w, https:\/\/canfali.com\/app\/uploads\/2025\/03\/criticacostablanca-7-2048x1356.jpg 2048w, https:\/\/canfali.com\/app\/uploads\/2025\/03\/criticacostablanca-7-scaled.jpg 2560w\" sizes=\"(max-width: 1024px) 100vw, 1024px\" \/><\/figure>\n\n\n\n<p>El jurat encoratja el m\u00f3n faller a mantenir viva la seua mirada cr\u00edtica i a no perdre el gust per tractar temes locals i d\u2019actualitat, relacionats o que vagen m\u00e9s enll\u00e0 de la pol\u00edtica municipal.<\/p>\n","protected":false},"excerpt":{"rendered":"Les falles de D\u00e9nia continuen apostant per la cr\u00edtica local en els seus monuments. Moltes la fan servir&hellip;","protected":false},"author":6,"featured_media":59623,"comment_status":"closed","ping_status":"closed","sticky":false,"template":"","format":"standard","meta":{"csco_display_header_overlay":false,"csco_singular_sidebar":"","csco_page_header_type":"","csco_page_load_nextpost":"","csco_post_video_location":[],"csco_post_video_location_hash":"","csco_post_video_url":"","csco_post_video_bg_start_time":0,"csco_post_video_bg_end_time":0,"footnotes":""},"categories":[587],"tags":[],"class_list":{"0":"post-59594","1":"post","2":"type-post","3":"status-publish","4":"format-standard","5":"has-post-thumbnail","7":"category-festes","8":"cs-entry","9":"cs-video-wrap"},"yoast_head":"<!-- This site is optimized with the Yoast SEO Premium plugin v26.6 (Yoast SEO v27.3) - https:\/\/yoast.com\/product\/yoast-seo-premium-wordpress\/ -->\n<title>Diana, tres anys amb el premi de la Cr\u00edtica Local - Canfali<\/title>\n<meta name=\"robots\" content=\"index, follow, max-snippet:-1, max-image-preview:large, max-video-preview:-1\" \/>\n<link rel=\"canonical\" href=\"https:\/\/canfali.com\/ca-es\/diana-guanya-el-premi-de-la-critica-local-per-tercer-any-consecutiu\/\" \/>\n<meta property=\"og:locale\" content=\"en_US\" \/>\n<meta property=\"og:type\" content=\"article\" \/>\n<meta property=\"og:title\" content=\"Diana, tres anys amb el premi de la Cr\u00edtica Local\" \/>\n<meta property=\"og:description\" content=\"Les falles de D\u00e9nia continuen apostant per la cr\u00edtica local en els seus monuments. Moltes la fan servir&hellip;\" \/>\n<meta property=\"og:url\" content=\"https:\/\/canfali.com\/ca-es\/diana-guanya-el-premi-de-la-critica-local-per-tercer-any-consecutiu\/\" \/>\n<meta property=\"og:site_name\" content=\"Canfali\" \/>\n<meta property=\"article:publisher\" content=\"https:\/\/es-es.facebook.com\/CANFALIMarinaAlta\" \/>\n<meta property=\"article:published_time\" content=\"2025-03-18T12:10:39+00:00\" \/>\n<meta property=\"article:modified_time\" content=\"2025-03-18T12:12:38+00:00\" \/>\n<meta property=\"og:image\" content=\"https:\/\/canfali.com\/app\/uploads\/2025\/03\/premi-canfali.jpg\" \/>\n\t<meta property=\"og:image:width\" content=\"1600\" \/>\n\t<meta property=\"og:image:height\" content=\"1066\" \/>\n\t<meta property=\"og:image:type\" content=\"image\/jpeg\" \/>\n<meta name=\"author\" content=\"Rosa\" \/>\n<meta name=\"twitter:card\" content=\"summary_large_image\" \/>\n<meta name=\"twitter:creator\" content=\"@canfalima\" \/>\n<meta name=\"twitter:site\" content=\"@canfalima\" \/>\n<meta name=\"twitter:label1\" content=\"Written by\" \/>\n\t<meta name=\"twitter:data1\" content=\"Rosa\" \/>\n\t<meta name=\"twitter:label2\" content=\"Est. reading time\" \/>\n\t<meta name=\"twitter:data2\" content=\"5 minutes\" \/>\n<script type=\"application\/ld+json\" class=\"yoast-schema-graph\">{\"@context\":\"https:\\\/\\\/schema.org\",\"@graph\":[{\"@type\":\"NewsArticle\",\"@id\":\"https:\\\/\\\/canfali.com\\\/ca-es\\\/diana-guanya-el-premi-de-la-critica-local-per-tercer-any-consecutiu\\\/#article\",\"isPartOf\":{\"@id\":\"https:\\\/\\\/canfali.com\\\/ca-es\\\/diana-guanya-el-premi-de-la-critica-local-per-tercer-any-consecutiu\\\/\"},\"author\":{\"name\":\"Rosa\",\"@id\":\"https:\\\/\\\/canfali.com\\\/ca-es\\\/#\\\/schema\\\/person\\\/c861a7aa2b2495357b95f35bd5d82f88\"},\"headline\":\"Diana, tres anys amb el premi de la Cr\u00edtica Local\",\"datePublished\":\"2025-03-18T12:10:39+00:00\",\"dateModified\":\"2025-03-18T12:12:38+00:00\",\"mainEntityOfPage\":{\"@id\":\"https:\\\/\\\/canfali.com\\\/ca-es\\\/diana-guanya-el-premi-de-la-critica-local-per-tercer-any-consecutiu\\\/\"},\"wordCount\":1050,\"publisher\":{\"@id\":\"https:\\\/\\\/canfali.com\\\/ca-es\\\/#organization\"},\"image\":{\"@id\":\"https:\\\/\\\/canfali.com\\\/ca-es\\\/diana-guanya-el-premi-de-la-critica-local-per-tercer-any-consecutiu\\\/#primaryimage\"},\"thumbnailUrl\":\"https:\\\/\\\/canfali.com\\\/app\\\/uploads\\\/2025\\\/03\\\/premi-canfali.jpg\",\"articleSection\":[\"Festes\"],\"inLanguage\":\"va-ES\",\"copyrightYear\":\"2025\",\"copyrightHolder\":{\"@id\":\"https:\\\/\\\/canfali.com\\\/#organization\"}},{\"@type\":\"WebPage\",\"@id\":\"https:\\\/\\\/canfali.com\\\/ca-es\\\/diana-guanya-el-premi-de-la-critica-local-per-tercer-any-consecutiu\\\/\",\"url\":\"https:\\\/\\\/canfali.com\\\/ca-es\\\/diana-guanya-el-premi-de-la-critica-local-per-tercer-any-consecutiu\\\/\",\"name\":\"Diana, tres anys amb el premi de la Cr\u00edtica Local - Canfali\",\"isPartOf\":{\"@id\":\"https:\\\/\\\/canfali.com\\\/ca-es\\\/#website\"},\"primaryImageOfPage\":{\"@id\":\"https:\\\/\\\/canfali.com\\\/ca-es\\\/diana-guanya-el-premi-de-la-critica-local-per-tercer-any-consecutiu\\\/#primaryimage\"},\"image\":{\"@id\":\"https:\\\/\\\/canfali.com\\\/ca-es\\\/diana-guanya-el-premi-de-la-critica-local-per-tercer-any-consecutiu\\\/#primaryimage\"},\"thumbnailUrl\":\"https:\\\/\\\/canfali.com\\\/app\\\/uploads\\\/2025\\\/03\\\/premi-canfali.jpg\",\"datePublished\":\"2025-03-18T12:10:39+00:00\",\"dateModified\":\"2025-03-18T12:12:38+00:00\",\"breadcrumb\":{\"@id\":\"https:\\\/\\\/canfali.com\\\/ca-es\\\/diana-guanya-el-premi-de-la-critica-local-per-tercer-any-consecutiu\\\/#breadcrumb\"},\"inLanguage\":\"va-ES\",\"potentialAction\":[{\"@type\":\"ReadAction\",\"target\":[\"https:\\\/\\\/canfali.com\\\/ca-es\\\/diana-guanya-el-premi-de-la-critica-local-per-tercer-any-consecutiu\\\/\"]}]},{\"@type\":\"ImageObject\",\"inLanguage\":\"va-ES\",\"@id\":\"https:\\\/\\\/canfali.com\\\/ca-es\\\/diana-guanya-el-premi-de-la-critica-local-per-tercer-any-consecutiu\\\/#primaryimage\",\"url\":\"https:\\\/\\\/canfali.com\\\/app\\\/uploads\\\/2025\\\/03\\\/premi-canfali.jpg\",\"contentUrl\":\"https:\\\/\\\/canfali.com\\\/app\\\/uploads\\\/2025\\\/03\\\/premi-canfali.jpg\",\"width\":1600,\"height\":1066},{\"@type\":\"BreadcrumbList\",\"@id\":\"https:\\\/\\\/canfali.com\\\/ca-es\\\/diana-guanya-el-premi-de-la-critica-local-per-tercer-any-consecutiu\\\/#breadcrumb\",\"itemListElement\":[{\"@type\":\"ListItem\",\"position\":1,\"name\":\"Portada\",\"item\":\"https:\\\/\\\/canfali.com\\\/ca-es\\\/\"},{\"@type\":\"ListItem\",\"position\":2,\"name\":\"Diana, tres anys amb el premi de la Cr\u00edtica Local\"}]},{\"@type\":\"WebSite\",\"@id\":\"https:\\\/\\\/canfali.com\\\/ca-es\\\/#website\",\"url\":\"https:\\\/\\\/canfali.com\\\/ca-es\\\/\",\"name\":\"Canfali\",\"description\":\"\",\"publisher\":{\"@id\":\"https:\\\/\\\/canfali.com\\\/ca-es\\\/#organization\"},\"potentialAction\":[{\"@type\":\"SearchAction\",\"target\":{\"@type\":\"EntryPoint\",\"urlTemplate\":\"https:\\\/\\\/canfali.com\\\/ca-es\\\/?s={search_term_string}\"},\"query-input\":{\"@type\":\"PropertyValueSpecification\",\"valueRequired\":true,\"valueName\":\"search_term_string\"}}],\"inLanguage\":\"va-ES\"},{\"@type\":\"Organization\",\"@id\":\"https:\\\/\\\/canfali.com\\\/ca-es\\\/#organization\",\"name\":\"Canfali\",\"url\":\"https:\\\/\\\/canfali.com\\\/ca-es\\\/\",\"logo\":{\"@type\":\"ImageObject\",\"inLanguage\":\"va-ES\",\"@id\":\"https:\\\/\\\/canfali.com\\\/ca-es\\\/#\\\/schema\\\/logo\\\/image\\\/\",\"url\":\"https:\\\/\\\/canfali.com\\\/app\\\/uploads\\\/2025\\\/12\\\/canfali_marina_alta_logo.png\",\"contentUrl\":\"https:\\\/\\\/canfali.com\\\/app\\\/uploads\\\/2025\\\/12\\\/canfali_marina_alta_logo.png\",\"width\":225,\"height\":225,\"caption\":\"Canfali\"},\"image\":{\"@id\":\"https:\\\/\\\/canfali.com\\\/ca-es\\\/#\\\/schema\\\/logo\\\/image\\\/\"},\"sameAs\":[\"https:\\\/\\\/es-es.facebook.com\\\/CANFALIMarinaAlta\",\"https:\\\/\\\/x.com\\\/canfalima\",\"https:\\\/\\\/www.instagram.com\\\/canfalimarinaalta\\\/\"]},{\"@type\":\"Person\",\"@id\":\"https:\\\/\\\/canfali.com\\\/ca-es\\\/#\\\/schema\\\/person\\\/c861a7aa2b2495357b95f35bd5d82f88\",\"name\":\"Rosa\",\"image\":{\"@type\":\"ImageObject\",\"inLanguage\":\"va-ES\",\"@id\":\"https:\\\/\\\/secure.gravatar.com\\\/avatar\\\/47fb83d99423a6ef1cf9f83f02a5e91366c671dec76c5c24badf1b0494e1d960?s=96&d=mm&r=g\",\"url\":\"https:\\\/\\\/secure.gravatar.com\\\/avatar\\\/47fb83d99423a6ef1cf9f83f02a5e91366c671dec76c5c24badf1b0494e1d960?s=96&d=mm&r=g\",\"contentUrl\":\"https:\\\/\\\/secure.gravatar.com\\\/avatar\\\/47fb83d99423a6ef1cf9f83f02a5e91366c671dec76c5c24badf1b0494e1d960?s=96&d=mm&r=g\",\"caption\":\"Rosa\"},\"url\":\"https:\\\/\\\/canfali.com\\\/ca-es\\\/author\\\/rosa\\\/\"}]}<\/script>\n<!-- \/ Yoast SEO Premium plugin. -->","yoast_head_json":{"title":"Diana, tres anys amb el premi de la Cr\u00edtica Local - Canfali","robots":{"index":"index","follow":"follow","max-snippet":"max-snippet:-1","max-image-preview":"max-image-preview:large","max-video-preview":"max-video-preview:-1"},"canonical":"https:\/\/canfali.com\/ca-es\/diana-guanya-el-premi-de-la-critica-local-per-tercer-any-consecutiu\/","og_locale":"en_US","og_type":"article","og_title":"Diana, tres anys amb el premi de la Cr\u00edtica Local","og_description":"Les falles de D\u00e9nia continuen apostant per la cr\u00edtica local en els seus monuments. Moltes la fan servir&hellip;","og_url":"https:\/\/canfali.com\/ca-es\/diana-guanya-el-premi-de-la-critica-local-per-tercer-any-consecutiu\/","og_site_name":"Canfali","article_publisher":"https:\/\/es-es.facebook.com\/CANFALIMarinaAlta","article_published_time":"2025-03-18T12:10:39+00:00","article_modified_time":"2025-03-18T12:12:38+00:00","og_image":[{"width":1600,"height":1066,"url":"https:\/\/canfali.com\/app\/uploads\/2025\/03\/premi-canfali.jpg","type":"image\/jpeg"}],"author":"Rosa","twitter_card":"summary_large_image","twitter_creator":"@canfalima","twitter_site":"@canfalima","twitter_misc":{"Written by":"Rosa","Est. reading time":"5 minutes"},"schema":{"@context":"https:\/\/schema.org","@graph":[{"@type":"NewsArticle","@id":"https:\/\/canfali.com\/ca-es\/diana-guanya-el-premi-de-la-critica-local-per-tercer-any-consecutiu\/#article","isPartOf":{"@id":"https:\/\/canfali.com\/ca-es\/diana-guanya-el-premi-de-la-critica-local-per-tercer-any-consecutiu\/"},"author":{"name":"Rosa","@id":"https:\/\/canfali.com\/ca-es\/#\/schema\/person\/c861a7aa2b2495357b95f35bd5d82f88"},"headline":"Diana, tres anys amb el premi de la Cr\u00edtica Local","datePublished":"2025-03-18T12:10:39+00:00","dateModified":"2025-03-18T12:12:38+00:00","mainEntityOfPage":{"@id":"https:\/\/canfali.com\/ca-es\/diana-guanya-el-premi-de-la-critica-local-per-tercer-any-consecutiu\/"},"wordCount":1050,"publisher":{"@id":"https:\/\/canfali.com\/ca-es\/#organization"},"image":{"@id":"https:\/\/canfali.com\/ca-es\/diana-guanya-el-premi-de-la-critica-local-per-tercer-any-consecutiu\/#primaryimage"},"thumbnailUrl":"https:\/\/canfali.com\/app\/uploads\/2025\/03\/premi-canfali.jpg","articleSection":["Festes"],"inLanguage":"va-ES","copyrightYear":"2025","copyrightHolder":{"@id":"https:\/\/canfali.com\/#organization"}},{"@type":"WebPage","@id":"https:\/\/canfali.com\/ca-es\/diana-guanya-el-premi-de-la-critica-local-per-tercer-any-consecutiu\/","url":"https:\/\/canfali.com\/ca-es\/diana-guanya-el-premi-de-la-critica-local-per-tercer-any-consecutiu\/","name":"Diana, tres anys amb el premi de la Cr\u00edtica Local - Canfali","isPartOf":{"@id":"https:\/\/canfali.com\/ca-es\/#website"},"primaryImageOfPage":{"@id":"https:\/\/canfali.com\/ca-es\/diana-guanya-el-premi-de-la-critica-local-per-tercer-any-consecutiu\/#primaryimage"},"image":{"@id":"https:\/\/canfali.com\/ca-es\/diana-guanya-el-premi-de-la-critica-local-per-tercer-any-consecutiu\/#primaryimage"},"thumbnailUrl":"https:\/\/canfali.com\/app\/uploads\/2025\/03\/premi-canfali.jpg","datePublished":"2025-03-18T12:10:39+00:00","dateModified":"2025-03-18T12:12:38+00:00","breadcrumb":{"@id":"https:\/\/canfali.com\/ca-es\/diana-guanya-el-premi-de-la-critica-local-per-tercer-any-consecutiu\/#breadcrumb"},"inLanguage":"va-ES","potentialAction":[{"@type":"ReadAction","target":["https:\/\/canfali.com\/ca-es\/diana-guanya-el-premi-de-la-critica-local-per-tercer-any-consecutiu\/"]}]},{"@type":"ImageObject","inLanguage":"va-ES","@id":"https:\/\/canfali.com\/ca-es\/diana-guanya-el-premi-de-la-critica-local-per-tercer-any-consecutiu\/#primaryimage","url":"https:\/\/canfali.com\/app\/uploads\/2025\/03\/premi-canfali.jpg","contentUrl":"https:\/\/canfali.com\/app\/uploads\/2025\/03\/premi-canfali.jpg","width":1600,"height":1066},{"@type":"BreadcrumbList","@id":"https:\/\/canfali.com\/ca-es\/diana-guanya-el-premi-de-la-critica-local-per-tercer-any-consecutiu\/#breadcrumb","itemListElement":[{"@type":"ListItem","position":1,"name":"Portada","item":"https:\/\/canfali.com\/ca-es\/"},{"@type":"ListItem","position":2,"name":"Diana, tres anys amb el premi de la Cr\u00edtica Local"}]},{"@type":"WebSite","@id":"https:\/\/canfali.com\/ca-es\/#website","url":"https:\/\/canfali.com\/ca-es\/","name":"Canfali","description":"","publisher":{"@id":"https:\/\/canfali.com\/ca-es\/#organization"},"potentialAction":[{"@type":"SearchAction","target":{"@type":"EntryPoint","urlTemplate":"https:\/\/canfali.com\/ca-es\/?s={search_term_string}"},"query-input":{"@type":"PropertyValueSpecification","valueRequired":true,"valueName":"search_term_string"}}],"inLanguage":"va-ES"},{"@type":"Organization","@id":"https:\/\/canfali.com\/ca-es\/#organization","name":"Canfali","url":"https:\/\/canfali.com\/ca-es\/","logo":{"@type":"ImageObject","inLanguage":"va-ES","@id":"https:\/\/canfali.com\/ca-es\/#\/schema\/logo\/image\/","url":"https:\/\/canfali.com\/app\/uploads\/2025\/12\/canfali_marina_alta_logo.png","contentUrl":"https:\/\/canfali.com\/app\/uploads\/2025\/12\/canfali_marina_alta_logo.png","width":225,"height":225,"caption":"Canfali"},"image":{"@id":"https:\/\/canfali.com\/ca-es\/#\/schema\/logo\/image\/"},"sameAs":["https:\/\/es-es.facebook.com\/CANFALIMarinaAlta","https:\/\/x.com\/canfalima","https:\/\/www.instagram.com\/canfalimarinaalta\/"]},{"@type":"Person","@id":"https:\/\/canfali.com\/ca-es\/#\/schema\/person\/c861a7aa2b2495357b95f35bd5d82f88","name":"Rosa","image":{"@type":"ImageObject","inLanguage":"va-ES","@id":"https:\/\/secure.gravatar.com\/avatar\/47fb83d99423a6ef1cf9f83f02a5e91366c671dec76c5c24badf1b0494e1d960?s=96&d=mm&r=g","url":"https:\/\/secure.gravatar.com\/avatar\/47fb83d99423a6ef1cf9f83f02a5e91366c671dec76c5c24badf1b0494e1d960?s=96&d=mm&r=g","contentUrl":"https:\/\/secure.gravatar.com\/avatar\/47fb83d99423a6ef1cf9f83f02a5e91366c671dec76c5c24badf1b0494e1d960?s=96&d=mm&r=g","caption":"Rosa"},"url":"https:\/\/canfali.com\/ca-es\/author\/rosa\/"}]}},"_links":{"self":[{"href":"https:\/\/canfali.com\/ca-es\/wp-json\/wp\/v2\/posts\/59594","targetHints":{"allow":["GET"]}}],"collection":[{"href":"https:\/\/canfali.com\/ca-es\/wp-json\/wp\/v2\/posts"}],"about":[{"href":"https:\/\/canfali.com\/ca-es\/wp-json\/wp\/v2\/types\/post"}],"author":[{"embeddable":true,"href":"https:\/\/canfali.com\/ca-es\/wp-json\/wp\/v2\/users\/6"}],"replies":[{"embeddable":true,"href":"https:\/\/canfali.com\/ca-es\/wp-json\/wp\/v2\/comments?post=59594"}],"version-history":[{"count":3,"href":"https:\/\/canfali.com\/ca-es\/wp-json\/wp\/v2\/posts\/59594\/revisions"}],"predecessor-version":[{"id":59628,"href":"https:\/\/canfali.com\/ca-es\/wp-json\/wp\/v2\/posts\/59594\/revisions\/59628"}],"wp:featuredmedia":[{"embeddable":true,"href":"https:\/\/canfali.com\/ca-es\/wp-json\/wp\/v2\/media\/59623"}],"wp:attachment":[{"href":"https:\/\/canfali.com\/ca-es\/wp-json\/wp\/v2\/media?parent=59594"}],"wp:term":[{"taxonomy":"category","embeddable":true,"href":"https:\/\/canfali.com\/ca-es\/wp-json\/wp\/v2\/categories?post=59594"},{"taxonomy":"post_tag","embeddable":true,"href":"https:\/\/canfali.com\/ca-es\/wp-json\/wp\/v2\/tags?post=59594"}],"curies":[{"name":"wp","href":"https:\/\/api.w.org\/{rel}","templated":true}]}}