{"id":59319,"date":"2025-03-15T03:36:00","date_gmt":"2025-03-15T02:36:00","guid":{"rendered":"https:\/\/canfali.com\/laudiencia-jutjara-dilluns-dos-homes-per-agressio-sexual\/"},"modified":"2025-03-18T11:30:34","modified_gmt":"2025-03-18T10:30:34","slug":"laudiencia-jutjara-dilluns-dos-homes-per-agressio-sexual","status":"publish","type":"post","link":"https:\/\/canfali.com\/ca-es\/laudiencia-jutjara-dilluns-dos-homes-per-agressio-sexual\/","title":{"rendered":"Judici aquest dilluns a l&#8217;Audi\u00e8ncia per agressi\u00f3 sexual"},"content":{"rendered":"\n<p><\/p>\n\n<p>El judici contra un home acusat de for\u00e7ar dues vegades una dona que va con\u00e8ixer en una discoteca de D\u00e9nia s&#8217;iniciar\u00e0 dilluns que ve a l&#8217;Audi\u00e8ncia Provincial d&#8217;Alacant. La Fiscalia demana 17 anys de pres\u00f3 per a ell per dos delictes d&#8217;agressi\u00f3 sexual comesos la nit del 2 de setembre del 2022 al lavabo de la discoteca i, posteriorment, en un aparcament subterrani. <\/p>\n\n<p>El processat i la v\u00edctima es van con\u00e8ixer en una discoteca de D\u00e9nia, on van entaular conversa i van prendre begudes alcoh\u00f2liques junts. En un moment de la nit, l&#8217;home va proposar a la dona que l&#8217;acompany\u00e9s al bany per consumir coca\u00efna. La v\u00edctima, que es trobava en un estat d&#8217;atordiment i de consci\u00e8ncia nul\u00b7la de la realitat a conseq\u00fc\u00e8ncia de la ingesta d&#8217;alcohol, va accedir.  <\/p>\n\n<p>La Fiscalia mant\u00e9 que, una vegada al lavabo, el processat va aprofitar la situaci\u00f3 en qu\u00e8 es trobava la dona per mantenir relacions sexuals amb ella, malgrat que aquesta li va demanar expressament que par\u00e9s. A continuaci\u00f3, l&#8217;encausat va tornar amb els amics i va deixar la v\u00edctima sola a la discoteca. Poc despr\u00e9s, va proposar a la dona acompanyar-la a casa. El Ministeri Fiscal sost\u00e9 que, durant el trajecte, la va agafar del bra\u00e7 i la va portar a batzegades fins a un aparcament subterrani on la va tornar a sotmetre sexualment amb gran viol\u00e8ncia. La dona va patir lesions de les quals va tardar 15 dies a curar i va necessitar tractament psicol\u00f2gic.    <\/p>\n\n<p><strong>Colpejar i violar<\/strong><\/p>\n\n<p>Dilluns mateix, l&#8217;Audi\u00e8ncia Provincial d&#8217;Alacant jutjar\u00e0 un altre home acusat de colpejar i violar una dona, amb qui mantenia relacions sexuals espor\u00e0diques, despr\u00e9s que aquesta li manifest\u00e9s que no volia seguir amb elles. Processat i v\u00edctima es van con\u00e8ixer a l&#8217;estiu del 2020 i mantenien trobades de forma espor\u00e0dica fins a la nit del 13 de novembre del 2021, quan la dona li va comunicar que ja no volia continuar amb aquestes relacions. El Ministeri Fiscal mant\u00e9 que aquella nit, l&#8217;encausat va acompanyar la v\u00edctima al seu domicili de vacances, a X\u00e0bia, va entrar a la casa malgrat la negativa de la v\u00edctima i la va for\u00e7ar sexualment, a m\u00e9s de colpejar-la a la cara i a l&#8217;est\u00f3mac.  <\/p>\n\n<p>La Fiscalia demana onze anys de pres\u00f3 per un delicte de maltractaments i un altre d&#8217;agressi\u00f3 sexual.<\/p>\n","protected":false},"excerpt":{"rendered":"El judici contra un home acusat de for\u00e7ar dues vegades una dona que va con\u00e8ixer en una discoteca&hellip;","protected":false},"author":6,"featured_media":57966,"comment_status":"closed","ping_status":"closed","sticky":false,"template":"","format":"standard","meta":{"csco_display_header_overlay":false,"csco_singular_sidebar":"","csco_page_header_type":"","csco_page_load_nextpost":"","csco_post_video_location":[],"csco_post_video_location_hash":"","csco_post_video_url":"","csco_post_video_bg_start_time":0,"csco_post_video_bg_end_time":0,"footnotes":""},"categories":[615],"tags":[],"class_list":{"0":"post-59319","1":"post","2":"type-post","3":"status-publish","4":"format-standard","5":"has-post-thumbnail","7":"category-successos","8":"cs-entry","9":"cs-video-wrap"},"yoast_head":"<!-- This site is optimized with the Yoast SEO Premium plugin v26.6 (Yoast SEO v27.3) - https:\/\/yoast.com\/product\/yoast-seo-premium-wordpress\/ -->\n<title>Judici aquest dilluns a l&#039;Audi\u00e8ncia per agressi\u00f3 sexual - Canfali<\/title>\n<meta name=\"robots\" content=\"index, follow, max-snippet:-1, max-image-preview:large, max-video-preview:-1\" \/>\n<link rel=\"canonical\" href=\"https:\/\/canfali.com\/ca-es\/laudiencia-jutjara-dilluns-dos-homes-per-agressio-sexual\/\" \/>\n<meta property=\"og:locale\" content=\"en_US\" \/>\n<meta property=\"og:type\" content=\"article\" \/>\n<meta property=\"og:title\" content=\"Judici aquest dilluns a l&#039;Audi\u00e8ncia per agressi\u00f3 sexual\" \/>\n<meta property=\"og:description\" content=\"El judici contra un home acusat de for\u00e7ar dues vegades una dona que va con\u00e8ixer en una discoteca&hellip;\" \/>\n<meta property=\"og:url\" content=\"https:\/\/canfali.com\/ca-es\/laudiencia-jutjara-dilluns-dos-homes-per-agressio-sexual\/\" \/>\n<meta property=\"og:site_name\" content=\"Canfali\" \/>\n<meta property=\"article:publisher\" content=\"https:\/\/es-es.facebook.com\/CANFALIMarinaAlta\" \/>\n<meta property=\"article:published_time\" content=\"2025-03-15T02:36:00+00:00\" \/>\n<meta property=\"article:modified_time\" content=\"2025-03-18T10:30:34+00:00\" \/>\n<meta property=\"og:image\" content=\"https:\/\/canfali.com\/app\/uploads\/2025\/03\/46310b5f8f12b308e02bad9ebbb6e5e8.jpg\" \/>\n\t<meta property=\"og:image:width\" content=\"529\" \/>\n\t<meta property=\"og:image:height\" content=\"371\" \/>\n\t<meta property=\"og:image:type\" content=\"image\/jpeg\" \/>\n<meta name=\"author\" content=\"Rosa\" \/>\n<meta name=\"twitter:card\" content=\"summary_large_image\" \/>\n<meta name=\"twitter:creator\" content=\"@canfalima\" \/>\n<meta name=\"twitter:site\" content=\"@canfalima\" \/>\n<meta name=\"twitter:label1\" content=\"Written by\" \/>\n\t<meta name=\"twitter:data1\" content=\"Rosa\" \/>\n\t<meta name=\"twitter:label2\" content=\"Est. reading time\" \/>\n\t<meta name=\"twitter:data2\" content=\"2 minutes\" \/>\n<script type=\"application\/ld+json\" class=\"yoast-schema-graph\">{\"@context\":\"https:\\\/\\\/schema.org\",\"@graph\":[{\"@type\":\"NewsArticle\",\"@id\":\"https:\\\/\\\/canfali.com\\\/ca-es\\\/laudiencia-jutjara-dilluns-dos-homes-per-agressio-sexual\\\/#article\",\"isPartOf\":{\"@id\":\"https:\\\/\\\/canfali.com\\\/ca-es\\\/laudiencia-jutjara-dilluns-dos-homes-per-agressio-sexual\\\/\"},\"author\":{\"name\":\"Rosa\",\"@id\":\"https:\\\/\\\/canfali.com\\\/ca-es\\\/#\\\/schema\\\/person\\\/c861a7aa2b2495357b95f35bd5d82f88\"},\"headline\":\"Judici aquest dilluns a l&#8217;Audi\u00e8ncia per agressi\u00f3 sexual\",\"datePublished\":\"2025-03-15T02:36:00+00:00\",\"dateModified\":\"2025-03-18T10:30:34+00:00\",\"mainEntityOfPage\":{\"@id\":\"https:\\\/\\\/canfali.com\\\/ca-es\\\/laudiencia-jutjara-dilluns-dos-homes-per-agressio-sexual\\\/\"},\"wordCount\":432,\"publisher\":{\"@id\":\"https:\\\/\\\/canfali.com\\\/ca-es\\\/#organization\"},\"image\":{\"@id\":\"https:\\\/\\\/canfali.com\\\/ca-es\\\/laudiencia-jutjara-dilluns-dos-homes-per-agressio-sexual\\\/#primaryimage\"},\"thumbnailUrl\":\"https:\\\/\\\/canfali.com\\\/app\\\/uploads\\\/2025\\\/03\\\/46310b5f8f12b308e02bad9ebbb6e5e8.jpg\",\"articleSection\":[\"Successos\"],\"inLanguage\":\"va-ES\",\"copyrightYear\":\"2025\",\"copyrightHolder\":{\"@id\":\"https:\\\/\\\/canfali.com\\\/#organization\"}},{\"@type\":\"WebPage\",\"@id\":\"https:\\\/\\\/canfali.com\\\/ca-es\\\/laudiencia-jutjara-dilluns-dos-homes-per-agressio-sexual\\\/\",\"url\":\"https:\\\/\\\/canfali.com\\\/ca-es\\\/laudiencia-jutjara-dilluns-dos-homes-per-agressio-sexual\\\/\",\"name\":\"Judici aquest dilluns a l'Audi\u00e8ncia per agressi\u00f3 sexual - Canfali\",\"isPartOf\":{\"@id\":\"https:\\\/\\\/canfali.com\\\/ca-es\\\/#website\"},\"primaryImageOfPage\":{\"@id\":\"https:\\\/\\\/canfali.com\\\/ca-es\\\/laudiencia-jutjara-dilluns-dos-homes-per-agressio-sexual\\\/#primaryimage\"},\"image\":{\"@id\":\"https:\\\/\\\/canfali.com\\\/ca-es\\\/laudiencia-jutjara-dilluns-dos-homes-per-agressio-sexual\\\/#primaryimage\"},\"thumbnailUrl\":\"https:\\\/\\\/canfali.com\\\/app\\\/uploads\\\/2025\\\/03\\\/46310b5f8f12b308e02bad9ebbb6e5e8.jpg\",\"datePublished\":\"2025-03-15T02:36:00+00:00\",\"dateModified\":\"2025-03-18T10:30:34+00:00\",\"breadcrumb\":{\"@id\":\"https:\\\/\\\/canfali.com\\\/ca-es\\\/laudiencia-jutjara-dilluns-dos-homes-per-agressio-sexual\\\/#breadcrumb\"},\"inLanguage\":\"va-ES\",\"potentialAction\":[{\"@type\":\"ReadAction\",\"target\":[\"https:\\\/\\\/canfali.com\\\/ca-es\\\/laudiencia-jutjara-dilluns-dos-homes-per-agressio-sexual\\\/\"]}]},{\"@type\":\"ImageObject\",\"inLanguage\":\"va-ES\",\"@id\":\"https:\\\/\\\/canfali.com\\\/ca-es\\\/laudiencia-jutjara-dilluns-dos-homes-per-agressio-sexual\\\/#primaryimage\",\"url\":\"https:\\\/\\\/canfali.com\\\/app\\\/uploads\\\/2025\\\/03\\\/46310b5f8f12b308e02bad9ebbb6e5e8.jpg\",\"contentUrl\":\"https:\\\/\\\/canfali.com\\\/app\\\/uploads\\\/2025\\\/03\\\/46310b5f8f12b308e02bad9ebbb6e5e8.jpg\",\"width\":529,\"height\":371},{\"@type\":\"BreadcrumbList\",\"@id\":\"https:\\\/\\\/canfali.com\\\/ca-es\\\/laudiencia-jutjara-dilluns-dos-homes-per-agressio-sexual\\\/#breadcrumb\",\"itemListElement\":[{\"@type\":\"ListItem\",\"position\":1,\"name\":\"Portada\",\"item\":\"https:\\\/\\\/canfali.com\\\/ca-es\\\/\"},{\"@type\":\"ListItem\",\"position\":2,\"name\":\"Judici aquest dilluns a l&#8217;Audi\u00e8ncia per agressi\u00f3 sexual\"}]},{\"@type\":\"WebSite\",\"@id\":\"https:\\\/\\\/canfali.com\\\/ca-es\\\/#website\",\"url\":\"https:\\\/\\\/canfali.com\\\/ca-es\\\/\",\"name\":\"Canfali\",\"description\":\"\",\"publisher\":{\"@id\":\"https:\\\/\\\/canfali.com\\\/ca-es\\\/#organization\"},\"potentialAction\":[{\"@type\":\"SearchAction\",\"target\":{\"@type\":\"EntryPoint\",\"urlTemplate\":\"https:\\\/\\\/canfali.com\\\/ca-es\\\/?s={search_term_string}\"},\"query-input\":{\"@type\":\"PropertyValueSpecification\",\"valueRequired\":true,\"valueName\":\"search_term_string\"}}],\"inLanguage\":\"va-ES\"},{\"@type\":\"Organization\",\"@id\":\"https:\\\/\\\/canfali.com\\\/ca-es\\\/#organization\",\"name\":\"Canfali\",\"url\":\"https:\\\/\\\/canfali.com\\\/ca-es\\\/\",\"logo\":{\"@type\":\"ImageObject\",\"inLanguage\":\"va-ES\",\"@id\":\"https:\\\/\\\/canfali.com\\\/ca-es\\\/#\\\/schema\\\/logo\\\/image\\\/\",\"url\":\"https:\\\/\\\/canfali.com\\\/app\\\/uploads\\\/2025\\\/12\\\/canfali_marina_alta_logo.png\",\"contentUrl\":\"https:\\\/\\\/canfali.com\\\/app\\\/uploads\\\/2025\\\/12\\\/canfali_marina_alta_logo.png\",\"width\":225,\"height\":225,\"caption\":\"Canfali\"},\"image\":{\"@id\":\"https:\\\/\\\/canfali.com\\\/ca-es\\\/#\\\/schema\\\/logo\\\/image\\\/\"},\"sameAs\":[\"https:\\\/\\\/es-es.facebook.com\\\/CANFALIMarinaAlta\",\"https:\\\/\\\/x.com\\\/canfalima\",\"https:\\\/\\\/www.instagram.com\\\/canfalimarinaalta\\\/\"]},{\"@type\":\"Person\",\"@id\":\"https:\\\/\\\/canfali.com\\\/ca-es\\\/#\\\/schema\\\/person\\\/c861a7aa2b2495357b95f35bd5d82f88\",\"name\":\"Rosa\",\"image\":{\"@type\":\"ImageObject\",\"inLanguage\":\"va-ES\",\"@id\":\"https:\\\/\\\/secure.gravatar.com\\\/avatar\\\/47fb83d99423a6ef1cf9f83f02a5e91366c671dec76c5c24badf1b0494e1d960?s=96&d=mm&r=g\",\"url\":\"https:\\\/\\\/secure.gravatar.com\\\/avatar\\\/47fb83d99423a6ef1cf9f83f02a5e91366c671dec76c5c24badf1b0494e1d960?s=96&d=mm&r=g\",\"contentUrl\":\"https:\\\/\\\/secure.gravatar.com\\\/avatar\\\/47fb83d99423a6ef1cf9f83f02a5e91366c671dec76c5c24badf1b0494e1d960?s=96&d=mm&r=g\",\"caption\":\"Rosa\"},\"url\":\"https:\\\/\\\/canfali.com\\\/ca-es\\\/author\\\/rosa\\\/\"}]}<\/script>\n<!-- \/ Yoast SEO Premium plugin. -->","yoast_head_json":{"title":"Judici aquest dilluns a l'Audi\u00e8ncia per agressi\u00f3 sexual - Canfali","robots":{"index":"index","follow":"follow","max-snippet":"max-snippet:-1","max-image-preview":"max-image-preview:large","max-video-preview":"max-video-preview:-1"},"canonical":"https:\/\/canfali.com\/ca-es\/laudiencia-jutjara-dilluns-dos-homes-per-agressio-sexual\/","og_locale":"en_US","og_type":"article","og_title":"Judici aquest dilluns a l'Audi\u00e8ncia per agressi\u00f3 sexual","og_description":"El judici contra un home acusat de for\u00e7ar dues vegades una dona que va con\u00e8ixer en una discoteca&hellip;","og_url":"https:\/\/canfali.com\/ca-es\/laudiencia-jutjara-dilluns-dos-homes-per-agressio-sexual\/","og_site_name":"Canfali","article_publisher":"https:\/\/es-es.facebook.com\/CANFALIMarinaAlta","article_published_time":"2025-03-15T02:36:00+00:00","article_modified_time":"2025-03-18T10:30:34+00:00","og_image":[{"width":529,"height":371,"url":"https:\/\/canfali.com\/app\/uploads\/2025\/03\/46310b5f8f12b308e02bad9ebbb6e5e8.jpg","type":"image\/jpeg"}],"author":"Rosa","twitter_card":"summary_large_image","twitter_creator":"@canfalima","twitter_site":"@canfalima","twitter_misc":{"Written by":"Rosa","Est. reading time":"2 minutes"},"schema":{"@context":"https:\/\/schema.org","@graph":[{"@type":"NewsArticle","@id":"https:\/\/canfali.com\/ca-es\/laudiencia-jutjara-dilluns-dos-homes-per-agressio-sexual\/#article","isPartOf":{"@id":"https:\/\/canfali.com\/ca-es\/laudiencia-jutjara-dilluns-dos-homes-per-agressio-sexual\/"},"author":{"name":"Rosa","@id":"https:\/\/canfali.com\/ca-es\/#\/schema\/person\/c861a7aa2b2495357b95f35bd5d82f88"},"headline":"Judici aquest dilluns a l&#8217;Audi\u00e8ncia per agressi\u00f3 sexual","datePublished":"2025-03-15T02:36:00+00:00","dateModified":"2025-03-18T10:30:34+00:00","mainEntityOfPage":{"@id":"https:\/\/canfali.com\/ca-es\/laudiencia-jutjara-dilluns-dos-homes-per-agressio-sexual\/"},"wordCount":432,"publisher":{"@id":"https:\/\/canfali.com\/ca-es\/#organization"},"image":{"@id":"https:\/\/canfali.com\/ca-es\/laudiencia-jutjara-dilluns-dos-homes-per-agressio-sexual\/#primaryimage"},"thumbnailUrl":"https:\/\/canfali.com\/app\/uploads\/2025\/03\/46310b5f8f12b308e02bad9ebbb6e5e8.jpg","articleSection":["Successos"],"inLanguage":"va-ES","copyrightYear":"2025","copyrightHolder":{"@id":"https:\/\/canfali.com\/#organization"}},{"@type":"WebPage","@id":"https:\/\/canfali.com\/ca-es\/laudiencia-jutjara-dilluns-dos-homes-per-agressio-sexual\/","url":"https:\/\/canfali.com\/ca-es\/laudiencia-jutjara-dilluns-dos-homes-per-agressio-sexual\/","name":"Judici aquest dilluns a l'Audi\u00e8ncia per agressi\u00f3 sexual - Canfali","isPartOf":{"@id":"https:\/\/canfali.com\/ca-es\/#website"},"primaryImageOfPage":{"@id":"https:\/\/canfali.com\/ca-es\/laudiencia-jutjara-dilluns-dos-homes-per-agressio-sexual\/#primaryimage"},"image":{"@id":"https:\/\/canfali.com\/ca-es\/laudiencia-jutjara-dilluns-dos-homes-per-agressio-sexual\/#primaryimage"},"thumbnailUrl":"https:\/\/canfali.com\/app\/uploads\/2025\/03\/46310b5f8f12b308e02bad9ebbb6e5e8.jpg","datePublished":"2025-03-15T02:36:00+00:00","dateModified":"2025-03-18T10:30:34+00:00","breadcrumb":{"@id":"https:\/\/canfali.com\/ca-es\/laudiencia-jutjara-dilluns-dos-homes-per-agressio-sexual\/#breadcrumb"},"inLanguage":"va-ES","potentialAction":[{"@type":"ReadAction","target":["https:\/\/canfali.com\/ca-es\/laudiencia-jutjara-dilluns-dos-homes-per-agressio-sexual\/"]}]},{"@type":"ImageObject","inLanguage":"va-ES","@id":"https:\/\/canfali.com\/ca-es\/laudiencia-jutjara-dilluns-dos-homes-per-agressio-sexual\/#primaryimage","url":"https:\/\/canfali.com\/app\/uploads\/2025\/03\/46310b5f8f12b308e02bad9ebbb6e5e8.jpg","contentUrl":"https:\/\/canfali.com\/app\/uploads\/2025\/03\/46310b5f8f12b308e02bad9ebbb6e5e8.jpg","width":529,"height":371},{"@type":"BreadcrumbList","@id":"https:\/\/canfali.com\/ca-es\/laudiencia-jutjara-dilluns-dos-homes-per-agressio-sexual\/#breadcrumb","itemListElement":[{"@type":"ListItem","position":1,"name":"Portada","item":"https:\/\/canfali.com\/ca-es\/"},{"@type":"ListItem","position":2,"name":"Judici aquest dilluns a l&#8217;Audi\u00e8ncia per agressi\u00f3 sexual"}]},{"@type":"WebSite","@id":"https:\/\/canfali.com\/ca-es\/#website","url":"https:\/\/canfali.com\/ca-es\/","name":"Canfali","description":"","publisher":{"@id":"https:\/\/canfali.com\/ca-es\/#organization"},"potentialAction":[{"@type":"SearchAction","target":{"@type":"EntryPoint","urlTemplate":"https:\/\/canfali.com\/ca-es\/?s={search_term_string}"},"query-input":{"@type":"PropertyValueSpecification","valueRequired":true,"valueName":"search_term_string"}}],"inLanguage":"va-ES"},{"@type":"Organization","@id":"https:\/\/canfali.com\/ca-es\/#organization","name":"Canfali","url":"https:\/\/canfali.com\/ca-es\/","logo":{"@type":"ImageObject","inLanguage":"va-ES","@id":"https:\/\/canfali.com\/ca-es\/#\/schema\/logo\/image\/","url":"https:\/\/canfali.com\/app\/uploads\/2025\/12\/canfali_marina_alta_logo.png","contentUrl":"https:\/\/canfali.com\/app\/uploads\/2025\/12\/canfali_marina_alta_logo.png","width":225,"height":225,"caption":"Canfali"},"image":{"@id":"https:\/\/canfali.com\/ca-es\/#\/schema\/logo\/image\/"},"sameAs":["https:\/\/es-es.facebook.com\/CANFALIMarinaAlta","https:\/\/x.com\/canfalima","https:\/\/www.instagram.com\/canfalimarinaalta\/"]},{"@type":"Person","@id":"https:\/\/canfali.com\/ca-es\/#\/schema\/person\/c861a7aa2b2495357b95f35bd5d82f88","name":"Rosa","image":{"@type":"ImageObject","inLanguage":"va-ES","@id":"https:\/\/secure.gravatar.com\/avatar\/47fb83d99423a6ef1cf9f83f02a5e91366c671dec76c5c24badf1b0494e1d960?s=96&d=mm&r=g","url":"https:\/\/secure.gravatar.com\/avatar\/47fb83d99423a6ef1cf9f83f02a5e91366c671dec76c5c24badf1b0494e1d960?s=96&d=mm&r=g","contentUrl":"https:\/\/secure.gravatar.com\/avatar\/47fb83d99423a6ef1cf9f83f02a5e91366c671dec76c5c24badf1b0494e1d960?s=96&d=mm&r=g","caption":"Rosa"},"url":"https:\/\/canfali.com\/ca-es\/author\/rosa\/"}]}},"_links":{"self":[{"href":"https:\/\/canfali.com\/ca-es\/wp-json\/wp\/v2\/posts\/59319","targetHints":{"allow":["GET"]}}],"collection":[{"href":"https:\/\/canfali.com\/ca-es\/wp-json\/wp\/v2\/posts"}],"about":[{"href":"https:\/\/canfali.com\/ca-es\/wp-json\/wp\/v2\/types\/post"}],"author":[{"embeddable":true,"href":"https:\/\/canfali.com\/ca-es\/wp-json\/wp\/v2\/users\/6"}],"replies":[{"embeddable":true,"href":"https:\/\/canfali.com\/ca-es\/wp-json\/wp\/v2\/comments?post=59319"}],"version-history":[{"count":2,"href":"https:\/\/canfali.com\/ca-es\/wp-json\/wp\/v2\/posts\/59319\/revisions"}],"predecessor-version":[{"id":59577,"href":"https:\/\/canfali.com\/ca-es\/wp-json\/wp\/v2\/posts\/59319\/revisions\/59577"}],"wp:featuredmedia":[{"embeddable":true,"href":"https:\/\/canfali.com\/ca-es\/wp-json\/wp\/v2\/media\/57966"}],"wp:attachment":[{"href":"https:\/\/canfali.com\/ca-es\/wp-json\/wp\/v2\/media?parent=59319"}],"wp:term":[{"taxonomy":"category","embeddable":true,"href":"https:\/\/canfali.com\/ca-es\/wp-json\/wp\/v2\/categories?post=59319"},{"taxonomy":"post_tag","embeddable":true,"href":"https:\/\/canfali.com\/ca-es\/wp-json\/wp\/v2\/tags?post=59319"}],"curies":[{"name":"wp","href":"https:\/\/api.w.org\/{rel}","templated":true}]}}