{"id":59281,"date":"2025-03-14T11:26:12","date_gmt":"2025-03-14T10:26:12","guid":{"rendered":"https:\/\/canfali.com\/el-jurat-tria-els-vuit-finalistes-del-xiii-concurs-de-la-gamba-roja-de-denia\/"},"modified":"2025-03-18T09:45:59","modified_gmt":"2025-03-18T08:45:59","slug":"el-jurat-tria-els-vuit-finalistes-del-xiii-concurs-de-la-gamba-roja-de-denia","status":"publish","type":"post","link":"https:\/\/canfali.com\/ca-es\/el-jurat-tria-els-vuit-finalistes-del-xiii-concurs-de-la-gamba-roja-de-denia\/","title":{"rendered":"Elegits els finalistes del Concurs de la Gamba Roja de D\u00e9nia"},"content":{"rendered":"\n<p><strong>Cap restaurant de la comarca participa aquest any al certamen<\/strong><\/p>\n\n<p>La gamba roja ja t\u00e9 qui la cuine. El jurat ha elegit les vuit propostes finalistes que optaran el dimarts 25 de mar\u00e7 al guard\u00f3 del XIII Concurs Internacional de Cuina Creativa de la Gamba Roja de D\u00e9nia. El Mercat Municipal acollir\u00e0 la fase final d&#8217;aquest desafiament que posa a prova la destresa dels xefs seleccionats per dotar l&#8217;excel\u00b7l\u00e8ncia de la gamba roja d&#8217;un acompanyament que elevi les qualitats en una recepta original. Els participants cuinaran en directe les seves propostes per ser avaluades pel jurat que determinar\u00e0 el plat guanyador del 2025.   <\/p>\n\n<p> Els vuit finalistes s\u00f3n: Daniel Delgado, del restaurant Cobo Estratos (Burgos); Carlos Hern\u00e1ndez, del restaurant ABaC (Barcelona); Koichi Kuwabara, del restaurant Scapar (Barcelona); Ana L\u00e1zaro, del restaurant Barro (\u00c0vila); Jos\u00e9 Carlos L\u00f3pez, d&#8217;Origen Restaurant (Puigcerd\u00e0, Girona); Ariel Mungu\u00eda, del restaurant Canfranc Express (Osca); Juanfran P\u00e9rez, del restaurant Espacio Montoro (Alacant); i Edgar Rodr\u00edguez, del restaurant Aromata (Palma). El concurs ha rebut prop de cinquanta receptes de xefs i cuiners de diferents punts del territori espanyol i It\u00e0lia. <\/p>\n\n<p> Els vuit finalistes podran comptar amb una persona ajudant i hauran d&#8217;acudir amb els seus ingredients, tret de la gamba vermella de D\u00e9nia, que ser\u00e0 aportada per l&#8217;organitzaci\u00f3 per cortesia de la Confraria de Pescadors de D\u00e9nia. Per cuinar disposareu d&#8217;una taula i un foc d&#8217;inducci\u00f3 per donar vida a la creaci\u00f3 culin\u00e0ria. <\/p>\n\n<p>UN JURAT A L&#8217;AL\u00c7ADA<\/p>\n\n<p> El certamen comptar\u00e0 amb experts culinaris, xefs i reconeguts cr\u00edtics gastron\u00f2mics de gran experi\u00e8ncia. El jurat estar\u00e0 compost per: Julia P\u00e9rez, periodista gastron\u00f2mica i presidenta del jurat; Carolina \u00c1lvarez, cap de cuina de Quique Dacosta Restaurant; Jos\u00e9 Carlos Capel, cr\u00edtic gastron\u00f2mic; \u00cdgor Cubillo, periodista gastron\u00f2mic; Susi D\u00edaz, xef del restaurant La Finca; V\u00edctor Mart\u00edn, xef del restaurant Trigo; Aaron Ortiz, xef del restaurant Kabo; Bruno Oteiza, xef de Gatxupa Restaurant &amp; Bar i Bruno Oteiza Restaurant; Bego\u00f1a Rodrigo, xef del restaurant La Salita; i Yves Silvain, influencer gastron\u00f2mic. <\/p>\n\n<p> Per a la valoraci\u00f3 del plat es tindr\u00e0 en compte la presentaci\u00f3, el gust i la import\u00e0ncia de la gamba roja de D\u00e9nia en la seva elaboraci\u00f3. Tamb\u00e9 ser\u00e0 fonamental la puntualitat a l&#8217;hora de presentar els plats. Utilitzar ingredients no comestibles ser\u00e0 motiu de penalitzaci\u00f3. El jurat proclamar\u00e0 els guanyadors del primer, segon i tercer premi que seran guardonats amb 2.500, 1.500 i 1.000 euros, respectivament, aix\u00ed com una escultura commemorativa de l&#8217;artista Toni Mar\u00ed.   <\/p>\n\n<p> La XIII edici\u00f3 del Concurs Internacional de Cuina Creativa de la Gamba Roja de D\u00e9nia est\u00e0 organitzat per l&#8217;Associaci\u00f3 d\u00b4Empresaris d\u00b4Hostaleria i Turisme de la Marina Alta (AEHTMA), en col\u00b7laboraci\u00f3 amb l&#8217;Ajuntament de D\u00e9nia.<\/p>\n","protected":false},"excerpt":{"rendered":"El jurat ha elegit les vuit propostes finalistes que optaran el dimarts 25 de mar\u00e7 al guard\u00f3 del XIII Concurs Internacional de Cuina Creativa de la Gamba Roja de D\u00e9nia","protected":false},"author":5,"featured_media":59226,"comment_status":"closed","ping_status":"closed","sticky":false,"template":"","format":"standard","meta":{"csco_display_header_overlay":false,"csco_singular_sidebar":"","csco_page_header_type":"","csco_page_load_nextpost":"","csco_post_video_location":[],"csco_post_video_location_hash":"","csco_post_video_url":"","csco_post_video_bg_start_time":0,"csco_post_video_bg_end_time":0,"footnotes":""},"categories":[589],"tags":[],"class_list":{"0":"post-59281","1":"post","2":"type-post","3":"status-publish","4":"format-standard","5":"has-post-thumbnail","7":"category-gastronomia-ca-es","8":"cs-entry","9":"cs-video-wrap"},"yoast_head":"<!-- This site is optimized with the Yoast SEO Premium plugin v26.6 (Yoast SEO v27.3) - https:\/\/yoast.com\/product\/yoast-seo-premium-wordpress\/ -->\n<title>Elegits els finalistes del Concurs de la Gamba Roja de D\u00e9nia - Canfali<\/title>\n<meta name=\"robots\" content=\"index, follow, max-snippet:-1, max-image-preview:large, max-video-preview:-1\" \/>\n<link rel=\"canonical\" href=\"https:\/\/canfali.com\/ca-es\/el-jurat-tria-els-vuit-finalistes-del-xiii-concurs-de-la-gamba-roja-de-denia\/\" \/>\n<meta property=\"og:locale\" content=\"en_US\" \/>\n<meta property=\"og:type\" content=\"article\" \/>\n<meta property=\"og:title\" content=\"Elegits els finalistes del Concurs de la Gamba Roja de D\u00e9nia\" \/>\n<meta property=\"og:description\" content=\"El jurat ha elegit les vuit propostes finalistes que optaran el dimarts 25 de mar\u00e7 al guard\u00f3 del XIII Concurs Internacional de Cuina Creativa de la Gamba Roja de D\u00e9nia\" \/>\n<meta property=\"og:url\" content=\"https:\/\/canfali.com\/ca-es\/el-jurat-tria-els-vuit-finalistes-del-xiii-concurs-de-la-gamba-roja-de-denia\/\" \/>\n<meta property=\"og:site_name\" content=\"Canfali\" \/>\n<meta property=\"article:publisher\" content=\"https:\/\/es-es.facebook.com\/CANFALIMarinaAlta\" \/>\n<meta property=\"article:published_time\" content=\"2025-03-14T10:26:12+00:00\" \/>\n<meta property=\"article:modified_time\" content=\"2025-03-18T08:45:59+00:00\" \/>\n<meta property=\"og:image\" content=\"https:\/\/canfali.com\/app\/uploads\/2025\/03\/m219-e1742209908359.webp\" \/>\n\t<meta property=\"og:image:width\" content=\"1824\" \/>\n\t<meta property=\"og:image:height\" content=\"1216\" \/>\n\t<meta property=\"og:image:type\" content=\"image\/webp\" \/>\n<meta name=\"author\" content=\"D\u00eddac\" \/>\n<meta name=\"twitter:card\" content=\"summary_large_image\" \/>\n<meta name=\"twitter:creator\" content=\"@canfalima\" \/>\n<meta name=\"twitter:site\" content=\"@canfalima\" \/>\n<meta name=\"twitter:label1\" content=\"Written by\" \/>\n\t<meta name=\"twitter:data1\" content=\"D\u00eddac\" \/>\n\t<meta name=\"twitter:label2\" content=\"Est. reading time\" \/>\n\t<meta name=\"twitter:data2\" content=\"2 minutes\" \/>\n<script type=\"application\/ld+json\" class=\"yoast-schema-graph\">{\"@context\":\"https:\\\/\\\/schema.org\",\"@graph\":[{\"@type\":\"NewsArticle\",\"@id\":\"https:\\\/\\\/canfali.com\\\/ca-es\\\/el-jurat-tria-els-vuit-finalistes-del-xiii-concurs-de-la-gamba-roja-de-denia\\\/#article\",\"isPartOf\":{\"@id\":\"https:\\\/\\\/canfali.com\\\/ca-es\\\/el-jurat-tria-els-vuit-finalistes-del-xiii-concurs-de-la-gamba-roja-de-denia\\\/\"},\"author\":{\"name\":\"D\u00eddac\",\"@id\":\"https:\\\/\\\/canfali.com\\\/ca-es\\\/#\\\/schema\\\/person\\\/5211f51be1ed486a218e6a4f53355b6d\"},\"headline\":\"Elegits els finalistes del Concurs de la Gamba Roja de D\u00e9nia\",\"datePublished\":\"2025-03-14T10:26:12+00:00\",\"dateModified\":\"2025-03-18T08:45:59+00:00\",\"mainEntityOfPage\":{\"@id\":\"https:\\\/\\\/canfali.com\\\/ca-es\\\/el-jurat-tria-els-vuit-finalistes-del-xiii-concurs-de-la-gamba-roja-de-denia\\\/\"},\"wordCount\":490,\"publisher\":{\"@id\":\"https:\\\/\\\/canfali.com\\\/ca-es\\\/#organization\"},\"image\":{\"@id\":\"https:\\\/\\\/canfali.com\\\/ca-es\\\/el-jurat-tria-els-vuit-finalistes-del-xiii-concurs-de-la-gamba-roja-de-denia\\\/#primaryimage\"},\"thumbnailUrl\":\"https:\\\/\\\/canfali.com\\\/app\\\/uploads\\\/2025\\\/03\\\/m219-e1742209908359.webp\",\"articleSection\":[\"Gastronomia\"],\"inLanguage\":\"va-ES\",\"copyrightYear\":\"2025\",\"copyrightHolder\":{\"@id\":\"https:\\\/\\\/canfali.com\\\/#organization\"}},{\"@type\":\"WebPage\",\"@id\":\"https:\\\/\\\/canfali.com\\\/ca-es\\\/el-jurat-tria-els-vuit-finalistes-del-xiii-concurs-de-la-gamba-roja-de-denia\\\/\",\"url\":\"https:\\\/\\\/canfali.com\\\/ca-es\\\/el-jurat-tria-els-vuit-finalistes-del-xiii-concurs-de-la-gamba-roja-de-denia\\\/\",\"name\":\"Elegits els finalistes del Concurs de la Gamba Roja de D\u00e9nia - Canfali\",\"isPartOf\":{\"@id\":\"https:\\\/\\\/canfali.com\\\/ca-es\\\/#website\"},\"primaryImageOfPage\":{\"@id\":\"https:\\\/\\\/canfali.com\\\/ca-es\\\/el-jurat-tria-els-vuit-finalistes-del-xiii-concurs-de-la-gamba-roja-de-denia\\\/#primaryimage\"},\"image\":{\"@id\":\"https:\\\/\\\/canfali.com\\\/ca-es\\\/el-jurat-tria-els-vuit-finalistes-del-xiii-concurs-de-la-gamba-roja-de-denia\\\/#primaryimage\"},\"thumbnailUrl\":\"https:\\\/\\\/canfali.com\\\/app\\\/uploads\\\/2025\\\/03\\\/m219-e1742209908359.webp\",\"datePublished\":\"2025-03-14T10:26:12+00:00\",\"dateModified\":\"2025-03-18T08:45:59+00:00\",\"breadcrumb\":{\"@id\":\"https:\\\/\\\/canfali.com\\\/ca-es\\\/el-jurat-tria-els-vuit-finalistes-del-xiii-concurs-de-la-gamba-roja-de-denia\\\/#breadcrumb\"},\"inLanguage\":\"va-ES\",\"potentialAction\":[{\"@type\":\"ReadAction\",\"target\":[\"https:\\\/\\\/canfali.com\\\/ca-es\\\/el-jurat-tria-els-vuit-finalistes-del-xiii-concurs-de-la-gamba-roja-de-denia\\\/\"]}]},{\"@type\":\"ImageObject\",\"inLanguage\":\"va-ES\",\"@id\":\"https:\\\/\\\/canfali.com\\\/ca-es\\\/el-jurat-tria-els-vuit-finalistes-del-xiii-concurs-de-la-gamba-roja-de-denia\\\/#primaryimage\",\"url\":\"https:\\\/\\\/canfali.com\\\/app\\\/uploads\\\/2025\\\/03\\\/m219-e1742209908359.webp\",\"contentUrl\":\"https:\\\/\\\/canfali.com\\\/app\\\/uploads\\\/2025\\\/03\\\/m219-e1742209908359.webp\",\"width\":1824,\"height\":1216},{\"@type\":\"BreadcrumbList\",\"@id\":\"https:\\\/\\\/canfali.com\\\/ca-es\\\/el-jurat-tria-els-vuit-finalistes-del-xiii-concurs-de-la-gamba-roja-de-denia\\\/#breadcrumb\",\"itemListElement\":[{\"@type\":\"ListItem\",\"position\":1,\"name\":\"Portada\",\"item\":\"https:\\\/\\\/canfali.com\\\/ca-es\\\/\"},{\"@type\":\"ListItem\",\"position\":2,\"name\":\"Elegits els finalistes del Concurs de la Gamba Roja de D\u00e9nia\"}]},{\"@type\":\"WebSite\",\"@id\":\"https:\\\/\\\/canfali.com\\\/ca-es\\\/#website\",\"url\":\"https:\\\/\\\/canfali.com\\\/ca-es\\\/\",\"name\":\"Canfali\",\"description\":\"\",\"publisher\":{\"@id\":\"https:\\\/\\\/canfali.com\\\/ca-es\\\/#organization\"},\"potentialAction\":[{\"@type\":\"SearchAction\",\"target\":{\"@type\":\"EntryPoint\",\"urlTemplate\":\"https:\\\/\\\/canfali.com\\\/ca-es\\\/?s={search_term_string}\"},\"query-input\":{\"@type\":\"PropertyValueSpecification\",\"valueRequired\":true,\"valueName\":\"search_term_string\"}}],\"inLanguage\":\"va-ES\"},{\"@type\":\"Organization\",\"@id\":\"https:\\\/\\\/canfali.com\\\/ca-es\\\/#organization\",\"name\":\"Canfali\",\"url\":\"https:\\\/\\\/canfali.com\\\/ca-es\\\/\",\"logo\":{\"@type\":\"ImageObject\",\"inLanguage\":\"va-ES\",\"@id\":\"https:\\\/\\\/canfali.com\\\/ca-es\\\/#\\\/schema\\\/logo\\\/image\\\/\",\"url\":\"https:\\\/\\\/canfali.com\\\/app\\\/uploads\\\/2025\\\/12\\\/canfali_marina_alta_logo.png\",\"contentUrl\":\"https:\\\/\\\/canfali.com\\\/app\\\/uploads\\\/2025\\\/12\\\/canfali_marina_alta_logo.png\",\"width\":225,\"height\":225,\"caption\":\"Canfali\"},\"image\":{\"@id\":\"https:\\\/\\\/canfali.com\\\/ca-es\\\/#\\\/schema\\\/logo\\\/image\\\/\"},\"sameAs\":[\"https:\\\/\\\/es-es.facebook.com\\\/CANFALIMarinaAlta\",\"https:\\\/\\\/x.com\\\/canfalima\",\"https:\\\/\\\/www.instagram.com\\\/canfalimarinaalta\\\/\"]},{\"@type\":\"Person\",\"@id\":\"https:\\\/\\\/canfali.com\\\/ca-es\\\/#\\\/schema\\\/person\\\/5211f51be1ed486a218e6a4f53355b6d\",\"name\":\"D\u00eddac\",\"image\":{\"@type\":\"ImageObject\",\"inLanguage\":\"va-ES\",\"@id\":\"https:\\\/\\\/secure.gravatar.com\\\/avatar\\\/a68a2078c12da8a6dd6cff4f3f3f69f7eb69a2d31ac1aac4da61c3761e4557f4?s=96&d=mm&r=g\",\"url\":\"https:\\\/\\\/secure.gravatar.com\\\/avatar\\\/a68a2078c12da8a6dd6cff4f3f3f69f7eb69a2d31ac1aac4da61c3761e4557f4?s=96&d=mm&r=g\",\"contentUrl\":\"https:\\\/\\\/secure.gravatar.com\\\/avatar\\\/a68a2078c12da8a6dd6cff4f3f3f69f7eb69a2d31ac1aac4da61c3761e4557f4?s=96&d=mm&r=g\",\"caption\":\"D\u00eddac\"},\"url\":\"https:\\\/\\\/canfali.com\\\/ca-es\\\/author\\\/didac\\\/\"}]}<\/script>\n<!-- \/ Yoast SEO Premium plugin. -->","yoast_head_json":{"title":"Elegits els finalistes del Concurs de la Gamba Roja de D\u00e9nia - Canfali","robots":{"index":"index","follow":"follow","max-snippet":"max-snippet:-1","max-image-preview":"max-image-preview:large","max-video-preview":"max-video-preview:-1"},"canonical":"https:\/\/canfali.com\/ca-es\/el-jurat-tria-els-vuit-finalistes-del-xiii-concurs-de-la-gamba-roja-de-denia\/","og_locale":"en_US","og_type":"article","og_title":"Elegits els finalistes del Concurs de la Gamba Roja de D\u00e9nia","og_description":"El jurat ha elegit les vuit propostes finalistes que optaran el dimarts 25 de mar\u00e7 al guard\u00f3 del XIII Concurs Internacional de Cuina Creativa de la Gamba Roja de D\u00e9nia","og_url":"https:\/\/canfali.com\/ca-es\/el-jurat-tria-els-vuit-finalistes-del-xiii-concurs-de-la-gamba-roja-de-denia\/","og_site_name":"Canfali","article_publisher":"https:\/\/es-es.facebook.com\/CANFALIMarinaAlta","article_published_time":"2025-03-14T10:26:12+00:00","article_modified_time":"2025-03-18T08:45:59+00:00","og_image":[{"width":1824,"height":1216,"url":"https:\/\/canfali.com\/app\/uploads\/2025\/03\/m219-e1742209908359.webp","type":"image\/webp"}],"author":"D\u00eddac","twitter_card":"summary_large_image","twitter_creator":"@canfalima","twitter_site":"@canfalima","twitter_misc":{"Written by":"D\u00eddac","Est. reading time":"2 minutes"},"schema":{"@context":"https:\/\/schema.org","@graph":[{"@type":"NewsArticle","@id":"https:\/\/canfali.com\/ca-es\/el-jurat-tria-els-vuit-finalistes-del-xiii-concurs-de-la-gamba-roja-de-denia\/#article","isPartOf":{"@id":"https:\/\/canfali.com\/ca-es\/el-jurat-tria-els-vuit-finalistes-del-xiii-concurs-de-la-gamba-roja-de-denia\/"},"author":{"name":"D\u00eddac","@id":"https:\/\/canfali.com\/ca-es\/#\/schema\/person\/5211f51be1ed486a218e6a4f53355b6d"},"headline":"Elegits els finalistes del Concurs de la Gamba Roja de D\u00e9nia","datePublished":"2025-03-14T10:26:12+00:00","dateModified":"2025-03-18T08:45:59+00:00","mainEntityOfPage":{"@id":"https:\/\/canfali.com\/ca-es\/el-jurat-tria-els-vuit-finalistes-del-xiii-concurs-de-la-gamba-roja-de-denia\/"},"wordCount":490,"publisher":{"@id":"https:\/\/canfali.com\/ca-es\/#organization"},"image":{"@id":"https:\/\/canfali.com\/ca-es\/el-jurat-tria-els-vuit-finalistes-del-xiii-concurs-de-la-gamba-roja-de-denia\/#primaryimage"},"thumbnailUrl":"https:\/\/canfali.com\/app\/uploads\/2025\/03\/m219-e1742209908359.webp","articleSection":["Gastronomia"],"inLanguage":"va-ES","copyrightYear":"2025","copyrightHolder":{"@id":"https:\/\/canfali.com\/#organization"}},{"@type":"WebPage","@id":"https:\/\/canfali.com\/ca-es\/el-jurat-tria-els-vuit-finalistes-del-xiii-concurs-de-la-gamba-roja-de-denia\/","url":"https:\/\/canfali.com\/ca-es\/el-jurat-tria-els-vuit-finalistes-del-xiii-concurs-de-la-gamba-roja-de-denia\/","name":"Elegits els finalistes del Concurs de la Gamba Roja de D\u00e9nia - Canfali","isPartOf":{"@id":"https:\/\/canfali.com\/ca-es\/#website"},"primaryImageOfPage":{"@id":"https:\/\/canfali.com\/ca-es\/el-jurat-tria-els-vuit-finalistes-del-xiii-concurs-de-la-gamba-roja-de-denia\/#primaryimage"},"image":{"@id":"https:\/\/canfali.com\/ca-es\/el-jurat-tria-els-vuit-finalistes-del-xiii-concurs-de-la-gamba-roja-de-denia\/#primaryimage"},"thumbnailUrl":"https:\/\/canfali.com\/app\/uploads\/2025\/03\/m219-e1742209908359.webp","datePublished":"2025-03-14T10:26:12+00:00","dateModified":"2025-03-18T08:45:59+00:00","breadcrumb":{"@id":"https:\/\/canfali.com\/ca-es\/el-jurat-tria-els-vuit-finalistes-del-xiii-concurs-de-la-gamba-roja-de-denia\/#breadcrumb"},"inLanguage":"va-ES","potentialAction":[{"@type":"ReadAction","target":["https:\/\/canfali.com\/ca-es\/el-jurat-tria-els-vuit-finalistes-del-xiii-concurs-de-la-gamba-roja-de-denia\/"]}]},{"@type":"ImageObject","inLanguage":"va-ES","@id":"https:\/\/canfali.com\/ca-es\/el-jurat-tria-els-vuit-finalistes-del-xiii-concurs-de-la-gamba-roja-de-denia\/#primaryimage","url":"https:\/\/canfali.com\/app\/uploads\/2025\/03\/m219-e1742209908359.webp","contentUrl":"https:\/\/canfali.com\/app\/uploads\/2025\/03\/m219-e1742209908359.webp","width":1824,"height":1216},{"@type":"BreadcrumbList","@id":"https:\/\/canfali.com\/ca-es\/el-jurat-tria-els-vuit-finalistes-del-xiii-concurs-de-la-gamba-roja-de-denia\/#breadcrumb","itemListElement":[{"@type":"ListItem","position":1,"name":"Portada","item":"https:\/\/canfali.com\/ca-es\/"},{"@type":"ListItem","position":2,"name":"Elegits els finalistes del Concurs de la Gamba Roja de D\u00e9nia"}]},{"@type":"WebSite","@id":"https:\/\/canfali.com\/ca-es\/#website","url":"https:\/\/canfali.com\/ca-es\/","name":"Canfali","description":"","publisher":{"@id":"https:\/\/canfali.com\/ca-es\/#organization"},"potentialAction":[{"@type":"SearchAction","target":{"@type":"EntryPoint","urlTemplate":"https:\/\/canfali.com\/ca-es\/?s={search_term_string}"},"query-input":{"@type":"PropertyValueSpecification","valueRequired":true,"valueName":"search_term_string"}}],"inLanguage":"va-ES"},{"@type":"Organization","@id":"https:\/\/canfali.com\/ca-es\/#organization","name":"Canfali","url":"https:\/\/canfali.com\/ca-es\/","logo":{"@type":"ImageObject","inLanguage":"va-ES","@id":"https:\/\/canfali.com\/ca-es\/#\/schema\/logo\/image\/","url":"https:\/\/canfali.com\/app\/uploads\/2025\/12\/canfali_marina_alta_logo.png","contentUrl":"https:\/\/canfali.com\/app\/uploads\/2025\/12\/canfali_marina_alta_logo.png","width":225,"height":225,"caption":"Canfali"},"image":{"@id":"https:\/\/canfali.com\/ca-es\/#\/schema\/logo\/image\/"},"sameAs":["https:\/\/es-es.facebook.com\/CANFALIMarinaAlta","https:\/\/x.com\/canfalima","https:\/\/www.instagram.com\/canfalimarinaalta\/"]},{"@type":"Person","@id":"https:\/\/canfali.com\/ca-es\/#\/schema\/person\/5211f51be1ed486a218e6a4f53355b6d","name":"D\u00eddac","image":{"@type":"ImageObject","inLanguage":"va-ES","@id":"https:\/\/secure.gravatar.com\/avatar\/a68a2078c12da8a6dd6cff4f3f3f69f7eb69a2d31ac1aac4da61c3761e4557f4?s=96&d=mm&r=g","url":"https:\/\/secure.gravatar.com\/avatar\/a68a2078c12da8a6dd6cff4f3f3f69f7eb69a2d31ac1aac4da61c3761e4557f4?s=96&d=mm&r=g","contentUrl":"https:\/\/secure.gravatar.com\/avatar\/a68a2078c12da8a6dd6cff4f3f3f69f7eb69a2d31ac1aac4da61c3761e4557f4?s=96&d=mm&r=g","caption":"D\u00eddac"},"url":"https:\/\/canfali.com\/ca-es\/author\/didac\/"}]}},"_links":{"self":[{"href":"https:\/\/canfali.com\/ca-es\/wp-json\/wp\/v2\/posts\/59281","targetHints":{"allow":["GET"]}}],"collection":[{"href":"https:\/\/canfali.com\/ca-es\/wp-json\/wp\/v2\/posts"}],"about":[{"href":"https:\/\/canfali.com\/ca-es\/wp-json\/wp\/v2\/types\/post"}],"author":[{"embeddable":true,"href":"https:\/\/canfali.com\/ca-es\/wp-json\/wp\/v2\/users\/5"}],"replies":[{"embeddable":true,"href":"https:\/\/canfali.com\/ca-es\/wp-json\/wp\/v2\/comments?post=59281"}],"version-history":[{"count":5,"href":"https:\/\/canfali.com\/ca-es\/wp-json\/wp\/v2\/posts\/59281\/revisions"}],"predecessor-version":[{"id":59476,"href":"https:\/\/canfali.com\/ca-es\/wp-json\/wp\/v2\/posts\/59281\/revisions\/59476"}],"wp:featuredmedia":[{"embeddable":true,"href":"https:\/\/canfali.com\/ca-es\/wp-json\/wp\/v2\/media\/59226"}],"wp:attachment":[{"href":"https:\/\/canfali.com\/ca-es\/wp-json\/wp\/v2\/media?parent=59281"}],"wp:term":[{"taxonomy":"category","embeddable":true,"href":"https:\/\/canfali.com\/ca-es\/wp-json\/wp\/v2\/categories?post=59281"},{"taxonomy":"post_tag","embeddable":true,"href":"https:\/\/canfali.com\/ca-es\/wp-json\/wp\/v2\/tags?post=59281"}],"curies":[{"name":"wp","href":"https:\/\/api.w.org\/{rel}","templated":true}]}}