{"id":58955,"date":"2025-03-10T13:09:39","date_gmt":"2025-03-10T12:09:39","guid":{"rendered":"https:\/\/canfali.com\/el-departamento-de-salud-de-dnia-los-auntamientos-de-la-marina-alta-colaboran-en-la-promocin-de-la-salud-comunitaria\/"},"modified":"2025-03-18T10:10:19","modified_gmt":"2025-03-18T09:10:19","slug":"el-departamento-de-salud-de-dnia-los-auntamientos-de-la-marina-alta-colaboran-en-la-promocin-de-la-salud-comunitaria","status":"publish","type":"post","link":"https:\/\/canfali.com\/ca-es\/el-departamento-de-salud-de-dnia-los-auntamientos-de-la-marina-alta-colaboran-en-la-promocin-de-la-salud-comunitaria\/","title":{"rendered":"La Marina Alta unida per a impulsar la salut comunit\u00e0ria"},"content":{"rendered":"<p>El Departament de Salut de D\u00e9nia ha establit una col\u00b7laboraci\u00f3 activa amb els ajuntaments de la comarca de la Marina Alta per a desenrotllar una s\u00e8rie de tallers i programes destinats a la promoci\u00f3 de la salut entre la poblaci\u00f3 local.<\/p>\n<p>Estes iniciatives busquen millorar la qualitat de vida dels ve\u00efns, a trav\u00e9s de diverses accions que van des del suport a cuidadors fins a la promoci\u00f3 de l&#8217;activitat f\u00edsica i la prevenci\u00f3 d&#8217;h\u00e0bits nocius. Amb l&#8217;objectiu d&#8217;oferir formaci\u00f3 i ferramentes a les persones que es dediquen a cura d&#8217;uns altres, s&#8217;han implementat els tallers denominats\u00a0 &#8220;Cuidem i ens Cuidem&#8221;, que s&#8217;estan duent a terme en les 11 zones b\u00e0siques de salut de la Marina Alta.<\/p>\n<p>&#8220;En moviment&#8221; \u00e9s un altre dels programes que s&#8217;estan desenrotllant en els municipis de Benissa, Calp, D\u00e9nia, El Verger, Gata de Gorgos, Ondara, Orba, Pego, Pedreguer, Teulada, i X\u00e0bia. Es tracta de sessions d&#8217;entrenament funcional, ball i xarrades sobre nutrici\u00f3, totes elles dissenyades per a millorar la capacitat f\u00edsica, la flexibilitat, la coordinaci\u00f3 i promoci\u00f3 d&#8217;h\u00e0bits saludables entre la poblaci\u00f3. En la mateixa l\u00ednia, a D\u00e9nia i Calp, ha sorgit &#8220;Camina&#8221;, que consistix a organitzar caminades a l&#8217;aire lliure, guiades per t\u00e8cnics i professionals de la salud.<\/p>\n<p>El Departament de Salut de D\u00e9nia ha implementat tamb\u00e9 programes de deshabituaci\u00f3 tab\u00e0quica en els municipis de X\u00e0bia, Gata de Gorgos, El Verger , Els Poblets i Ondara. S\u00f3n iniciatives de conscienciaci\u00f3 sobre els perills per a la salut del tabaquisme, alhora que oferixen suport i doten de recursos a les persones que desitgen deixar de fumar.<\/p>\n<p>En l&#8217;\u00e0mbit de l&#8217;educaci\u00f3 prim\u00e0ria, en els centres escolars d&#8217;Ondara, D\u00c9nia, El Verger, Calp, Benissa, Gata de Gorgos, Pedreguer i X\u00e0bia els professionals sanitaris estan ensenyant als xicotets els cinc passos de la rentada de mans per a previndre la transmissi\u00f3 de malalties.<\/p>\n<p>El Departament de Salut de D\u00e9nia reafirma aix\u00ed el seu comprom\u00eds amb la promoci\u00f3 de la salut a la comarca de la Marina Alta, a trav\u00e9s d&#8217;estes col\u00b7laboracions amb els ajuntaments. L&#8217;objectiu \u00e9s implementar programes i tallers que responguen a les necessitats espec\u00edfiques de la poblaci\u00f3, per a fomentar el benestar i la prevenci\u00f3. La participaci\u00f3 activa de la comunitat i el suport institucional s\u00f3n pilars fonamentals per a l&#8217;\u00e8xit d&#8217;estes iniciatives.<\/p>\n<p><strong>El Centre de Salut de Benissa en el programa CIRCE Joint Action<\/strong><\/p>\n<p>Cal recordar que la Conselleria de Sanitat, a trav\u00e9s de la Fundaci\u00f3 per al Foment de la Investigaci\u00f3 Sanit\u00e0ria i Biom\u00e8dica de la Comunitat Valenciana (Fisabio) i la Direcci\u00f3 General de Salut P\u00fablica, ha posat en marxa la transferencia del model de Centres de Promoci\u00f3 de la Salut \u2013desenrotllat per l&#8217;Institut Nacional de Salut P\u00fablica d&#8217;Eslov\u00e8nia (NIJZ)\u2013 a nou centres de salut pilot de la Comunitat Valenciana, entre ells el de Benissa.<\/p>\n<p>CIRCE Joint Action pertany a un particular grup de projectes europeus, les Accions Conjuntes (&#8216;Joint Action&#8217; en angl\u00e9s), que perseguixen transferir i aplicar el coneixement generat per la investigaci\u00f3 sanit\u00e0ria. L&#8217;objectiu \u00e9s abordar reptes comuns als Estats membre mitjan\u00e7ant l&#8217;harmonitzaci\u00f3 d&#8217;estrat\u00e8gies, l&#8217;intercanvi de bones pr\u00e0ctiques i el refor\u00e7 de capacitats. Les accions estan cofinan\u00e7ades per la Uni\u00f3 Europea amb una aportaci\u00f3 per part de les entitats receptores, en este cas Fisabio.<\/p>\n","protected":false},"excerpt":{"rendered":"El Departament  Salut  D\u00e9nia ha establit una col\u00b7laboraci\u00f3 activa amb els ajuntaments la comarca de la Marina Alta per a desenrotllar una s\u00e8rie tallers i programes destinats a la promoci\u00f3  la salut entre la poblaci\u00f3 local.","protected":false},"author":1,"featured_media":58400,"comment_status":"closed","ping_status":"closed","sticky":false,"template":"","format":"standard","meta":{"csco_display_header_overlay":false,"csco_singular_sidebar":"","csco_page_header_type":"","csco_page_load_nextpost":"","csco_post_video_location":[],"csco_post_video_location_hash":"","csco_post_video_url":"","csco_post_video_bg_start_time":0,"csco_post_video_bg_end_time":0,"footnotes":""},"categories":[576,612],"tags":[],"class_list":{"0":"post-58955","1":"post","2":"type-post","3":"status-publish","4":"format-standard","5":"has-post-thumbnail","7":"category-salud-2","8":"category-salut","9":"cs-entry","10":"cs-video-wrap"},"yoast_head":"<!-- This site is optimized with the Yoast SEO Premium plugin v26.6 (Yoast SEO v27.3) - https:\/\/yoast.com\/product\/yoast-seo-premium-wordpress\/ -->\n<title>La Marina Alta unida per a impulsar la salut comunit\u00e0ria - Canfali<\/title>\n<meta name=\"robots\" content=\"index, follow, max-snippet:-1, max-image-preview:large, max-video-preview:-1\" \/>\n<link rel=\"canonical\" href=\"https:\/\/canfali.com\/ca-es\/el-departamento-de-salud-de-dnia-los-auntamientos-de-la-marina-alta-colaboran-en-la-promocin-de-la-salud-comunitaria\/\" \/>\n<meta property=\"og:locale\" content=\"en_US\" \/>\n<meta property=\"og:type\" content=\"article\" \/>\n<meta property=\"og:title\" content=\"La Marina Alta unida per a impulsar la salut comunit\u00e0ria\" \/>\n<meta property=\"og:description\" content=\"El Departament Salut D\u00e9nia ha establit una col\u00b7laboraci\u00f3 activa amb els ajuntaments la comarca de la Marina Alta per a desenrotllar una s\u00e8rie tallers i programes destinats a la promoci\u00f3 la salut entre la poblaci\u00f3 local.\" \/>\n<meta property=\"og:url\" content=\"https:\/\/canfali.com\/ca-es\/el-departamento-de-salud-de-dnia-los-auntamientos-de-la-marina-alta-colaboran-en-la-promocin-de-la-salud-comunitaria\/\" \/>\n<meta property=\"og:site_name\" content=\"Canfali\" \/>\n<meta property=\"article:publisher\" content=\"https:\/\/es-es.facebook.com\/CANFALIMarinaAlta\" \/>\n<meta property=\"article:published_time\" content=\"2025-03-10T12:09:39+00:00\" \/>\n<meta property=\"article:modified_time\" content=\"2025-03-18T09:10:19+00:00\" \/>\n<meta property=\"og:image\" content=\"https:\/\/canfali.com\/app\/uploads\/2025\/03\/5c03953494fa512da020378a7f3bf592-e1742211022725.jpg\" \/>\n\t<meta property=\"og:image:width\" content=\"1200\" \/>\n\t<meta property=\"og:image:height\" content=\"1140\" \/>\n\t<meta property=\"og:image:type\" content=\"image\/jpeg\" \/>\n<meta name=\"author\" content=\"Edgar\" \/>\n<meta name=\"twitter:card\" content=\"summary_large_image\" \/>\n<meta name=\"twitter:creator\" content=\"@canfalima\" \/>\n<meta name=\"twitter:site\" content=\"@canfalima\" \/>\n<meta name=\"twitter:label1\" content=\"Written by\" \/>\n\t<meta name=\"twitter:data1\" content=\"Edgar\" \/>\n\t<meta name=\"twitter:label2\" content=\"Est. reading time\" \/>\n\t<meta name=\"twitter:data2\" content=\"3 minutes\" \/>\n<script type=\"application\/ld+json\" class=\"yoast-schema-graph\">{\"@context\":\"https:\\\/\\\/schema.org\",\"@graph\":[{\"@type\":\"NewsArticle\",\"@id\":\"https:\\\/\\\/canfali.com\\\/ca-es\\\/el-departamento-de-salud-de-dnia-los-auntamientos-de-la-marina-alta-colaboran-en-la-promocin-de-la-salud-comunitaria\\\/#article\",\"isPartOf\":{\"@id\":\"https:\\\/\\\/canfali.com\\\/ca-es\\\/el-departamento-de-salud-de-dnia-los-auntamientos-de-la-marina-alta-colaboran-en-la-promocin-de-la-salud-comunitaria\\\/\"},\"author\":{\"name\":\"Edgar\",\"@id\":\"https:\\\/\\\/canfali.com\\\/ca-es\\\/#\\\/schema\\\/person\\\/955fa5617fb28de35095b5e47404b855\"},\"headline\":\"La Marina Alta unida per a impulsar la salut comunit\u00e0ria\",\"datePublished\":\"2025-03-10T12:09:39+00:00\",\"dateModified\":\"2025-03-18T09:10:19+00:00\",\"mainEntityOfPage\":{\"@id\":\"https:\\\/\\\/canfali.com\\\/ca-es\\\/el-departamento-de-salud-de-dnia-los-auntamientos-de-la-marina-alta-colaboran-en-la-promocin-de-la-salud-comunitaria\\\/\"},\"wordCount\":603,\"publisher\":{\"@id\":\"https:\\\/\\\/canfali.com\\\/ca-es\\\/#organization\"},\"image\":{\"@id\":\"https:\\\/\\\/canfali.com\\\/ca-es\\\/el-departamento-de-salud-de-dnia-los-auntamientos-de-la-marina-alta-colaboran-en-la-promocin-de-la-salud-comunitaria\\\/#primaryimage\"},\"thumbnailUrl\":\"https:\\\/\\\/canfali.com\\\/app\\\/uploads\\\/2025\\\/03\\\/5c03953494fa512da020378a7f3bf592-e1742211022725.jpg\",\"articleSection\":[\"Salud\",\"Salut\"],\"inLanguage\":\"va-ES\",\"copyrightYear\":\"2025\",\"copyrightHolder\":{\"@id\":\"https:\\\/\\\/canfali.com\\\/#organization\"}},{\"@type\":\"WebPage\",\"@id\":\"https:\\\/\\\/canfali.com\\\/ca-es\\\/el-departamento-de-salud-de-dnia-los-auntamientos-de-la-marina-alta-colaboran-en-la-promocin-de-la-salud-comunitaria\\\/\",\"url\":\"https:\\\/\\\/canfali.com\\\/ca-es\\\/el-departamento-de-salud-de-dnia-los-auntamientos-de-la-marina-alta-colaboran-en-la-promocin-de-la-salud-comunitaria\\\/\",\"name\":\"La Marina Alta unida per a impulsar la salut comunit\u00e0ria - Canfali\",\"isPartOf\":{\"@id\":\"https:\\\/\\\/canfali.com\\\/ca-es\\\/#website\"},\"primaryImageOfPage\":{\"@id\":\"https:\\\/\\\/canfali.com\\\/ca-es\\\/el-departamento-de-salud-de-dnia-los-auntamientos-de-la-marina-alta-colaboran-en-la-promocin-de-la-salud-comunitaria\\\/#primaryimage\"},\"image\":{\"@id\":\"https:\\\/\\\/canfali.com\\\/ca-es\\\/el-departamento-de-salud-de-dnia-los-auntamientos-de-la-marina-alta-colaboran-en-la-promocin-de-la-salud-comunitaria\\\/#primaryimage\"},\"thumbnailUrl\":\"https:\\\/\\\/canfali.com\\\/app\\\/uploads\\\/2025\\\/03\\\/5c03953494fa512da020378a7f3bf592-e1742211022725.jpg\",\"datePublished\":\"2025-03-10T12:09:39+00:00\",\"dateModified\":\"2025-03-18T09:10:19+00:00\",\"breadcrumb\":{\"@id\":\"https:\\\/\\\/canfali.com\\\/ca-es\\\/el-departamento-de-salud-de-dnia-los-auntamientos-de-la-marina-alta-colaboran-en-la-promocin-de-la-salud-comunitaria\\\/#breadcrumb\"},\"inLanguage\":\"va-ES\",\"potentialAction\":[{\"@type\":\"ReadAction\",\"target\":[\"https:\\\/\\\/canfali.com\\\/ca-es\\\/el-departamento-de-salud-de-dnia-los-auntamientos-de-la-marina-alta-colaboran-en-la-promocin-de-la-salud-comunitaria\\\/\"]}]},{\"@type\":\"ImageObject\",\"inLanguage\":\"va-ES\",\"@id\":\"https:\\\/\\\/canfali.com\\\/ca-es\\\/el-departamento-de-salud-de-dnia-los-auntamientos-de-la-marina-alta-colaboran-en-la-promocin-de-la-salud-comunitaria\\\/#primaryimage\",\"url\":\"https:\\\/\\\/canfali.com\\\/app\\\/uploads\\\/2025\\\/03\\\/5c03953494fa512da020378a7f3bf592-e1742211022725.jpg\",\"contentUrl\":\"https:\\\/\\\/canfali.com\\\/app\\\/uploads\\\/2025\\\/03\\\/5c03953494fa512da020378a7f3bf592-e1742211022725.jpg\",\"width\":1200,\"height\":1140},{\"@type\":\"BreadcrumbList\",\"@id\":\"https:\\\/\\\/canfali.com\\\/ca-es\\\/el-departamento-de-salud-de-dnia-los-auntamientos-de-la-marina-alta-colaboran-en-la-promocin-de-la-salud-comunitaria\\\/#breadcrumb\",\"itemListElement\":[{\"@type\":\"ListItem\",\"position\":1,\"name\":\"Portada\",\"item\":\"https:\\\/\\\/canfali.com\\\/ca-es\\\/\"},{\"@type\":\"ListItem\",\"position\":2,\"name\":\"La Marina Alta unida per a impulsar la salut comunit\u00e0ria\"}]},{\"@type\":\"WebSite\",\"@id\":\"https:\\\/\\\/canfali.com\\\/ca-es\\\/#website\",\"url\":\"https:\\\/\\\/canfali.com\\\/ca-es\\\/\",\"name\":\"Canfali\",\"description\":\"\",\"publisher\":{\"@id\":\"https:\\\/\\\/canfali.com\\\/ca-es\\\/#organization\"},\"potentialAction\":[{\"@type\":\"SearchAction\",\"target\":{\"@type\":\"EntryPoint\",\"urlTemplate\":\"https:\\\/\\\/canfali.com\\\/ca-es\\\/?s={search_term_string}\"},\"query-input\":{\"@type\":\"PropertyValueSpecification\",\"valueRequired\":true,\"valueName\":\"search_term_string\"}}],\"inLanguage\":\"va-ES\"},{\"@type\":\"Organization\",\"@id\":\"https:\\\/\\\/canfali.com\\\/ca-es\\\/#organization\",\"name\":\"Canfali\",\"url\":\"https:\\\/\\\/canfali.com\\\/ca-es\\\/\",\"logo\":{\"@type\":\"ImageObject\",\"inLanguage\":\"va-ES\",\"@id\":\"https:\\\/\\\/canfali.com\\\/ca-es\\\/#\\\/schema\\\/logo\\\/image\\\/\",\"url\":\"https:\\\/\\\/canfali.com\\\/app\\\/uploads\\\/2025\\\/12\\\/canfali_marina_alta_logo.png\",\"contentUrl\":\"https:\\\/\\\/canfali.com\\\/app\\\/uploads\\\/2025\\\/12\\\/canfali_marina_alta_logo.png\",\"width\":225,\"height\":225,\"caption\":\"Canfali\"},\"image\":{\"@id\":\"https:\\\/\\\/canfali.com\\\/ca-es\\\/#\\\/schema\\\/logo\\\/image\\\/\"},\"sameAs\":[\"https:\\\/\\\/es-es.facebook.com\\\/CANFALIMarinaAlta\",\"https:\\\/\\\/x.com\\\/canfalima\",\"https:\\\/\\\/www.instagram.com\\\/canfalimarinaalta\\\/\"]},{\"@type\":\"Person\",\"@id\":\"https:\\\/\\\/canfali.com\\\/ca-es\\\/#\\\/schema\\\/person\\\/955fa5617fb28de35095b5e47404b855\",\"name\":\"Edgar\",\"image\":{\"@type\":\"ImageObject\",\"inLanguage\":\"va-ES\",\"@id\":\"https:\\\/\\\/secure.gravatar.com\\\/avatar\\\/a9a97f9a8f651d8aa7e6d6d747cb9f720932b015c89f10a38398b14c9ae9b392?s=96&d=mm&r=g\",\"url\":\"https:\\\/\\\/secure.gravatar.com\\\/avatar\\\/a9a97f9a8f651d8aa7e6d6d747cb9f720932b015c89f10a38398b14c9ae9b392?s=96&d=mm&r=g\",\"contentUrl\":\"https:\\\/\\\/secure.gravatar.com\\\/avatar\\\/a9a97f9a8f651d8aa7e6d6d747cb9f720932b015c89f10a38398b14c9ae9b392?s=96&d=mm&r=g\",\"caption\":\"Edgar\"},\"sameAs\":[\"https:\\\/\\\/canfali.com\\\/wp\"],\"url\":\"https:\\\/\\\/canfali.com\\\/ca-es\\\/author\\\/edgar\\\/\"}]}<\/script>\n<!-- \/ Yoast SEO Premium plugin. -->","yoast_head_json":{"title":"La Marina Alta unida per a impulsar la salut comunit\u00e0ria - Canfali","robots":{"index":"index","follow":"follow","max-snippet":"max-snippet:-1","max-image-preview":"max-image-preview:large","max-video-preview":"max-video-preview:-1"},"canonical":"https:\/\/canfali.com\/ca-es\/el-departamento-de-salud-de-dnia-los-auntamientos-de-la-marina-alta-colaboran-en-la-promocin-de-la-salud-comunitaria\/","og_locale":"en_US","og_type":"article","og_title":"La Marina Alta unida per a impulsar la salut comunit\u00e0ria","og_description":"El Departament Salut D\u00e9nia ha establit una col\u00b7laboraci\u00f3 activa amb els ajuntaments la comarca de la Marina Alta per a desenrotllar una s\u00e8rie tallers i programes destinats a la promoci\u00f3 la salut entre la poblaci\u00f3 local.","og_url":"https:\/\/canfali.com\/ca-es\/el-departamento-de-salud-de-dnia-los-auntamientos-de-la-marina-alta-colaboran-en-la-promocin-de-la-salud-comunitaria\/","og_site_name":"Canfali","article_publisher":"https:\/\/es-es.facebook.com\/CANFALIMarinaAlta","article_published_time":"2025-03-10T12:09:39+00:00","article_modified_time":"2025-03-18T09:10:19+00:00","og_image":[{"width":1200,"height":1140,"url":"https:\/\/canfali.com\/app\/uploads\/2025\/03\/5c03953494fa512da020378a7f3bf592-e1742211022725.jpg","type":"image\/jpeg"}],"author":"Edgar","twitter_card":"summary_large_image","twitter_creator":"@canfalima","twitter_site":"@canfalima","twitter_misc":{"Written by":"Edgar","Est. reading time":"3 minutes"},"schema":{"@context":"https:\/\/schema.org","@graph":[{"@type":"NewsArticle","@id":"https:\/\/canfali.com\/ca-es\/el-departamento-de-salud-de-dnia-los-auntamientos-de-la-marina-alta-colaboran-en-la-promocin-de-la-salud-comunitaria\/#article","isPartOf":{"@id":"https:\/\/canfali.com\/ca-es\/el-departamento-de-salud-de-dnia-los-auntamientos-de-la-marina-alta-colaboran-en-la-promocin-de-la-salud-comunitaria\/"},"author":{"name":"Edgar","@id":"https:\/\/canfali.com\/ca-es\/#\/schema\/person\/955fa5617fb28de35095b5e47404b855"},"headline":"La Marina Alta unida per a impulsar la salut comunit\u00e0ria","datePublished":"2025-03-10T12:09:39+00:00","dateModified":"2025-03-18T09:10:19+00:00","mainEntityOfPage":{"@id":"https:\/\/canfali.com\/ca-es\/el-departamento-de-salud-de-dnia-los-auntamientos-de-la-marina-alta-colaboran-en-la-promocin-de-la-salud-comunitaria\/"},"wordCount":603,"publisher":{"@id":"https:\/\/canfali.com\/ca-es\/#organization"},"image":{"@id":"https:\/\/canfali.com\/ca-es\/el-departamento-de-salud-de-dnia-los-auntamientos-de-la-marina-alta-colaboran-en-la-promocin-de-la-salud-comunitaria\/#primaryimage"},"thumbnailUrl":"https:\/\/canfali.com\/app\/uploads\/2025\/03\/5c03953494fa512da020378a7f3bf592-e1742211022725.jpg","articleSection":["Salud","Salut"],"inLanguage":"va-ES","copyrightYear":"2025","copyrightHolder":{"@id":"https:\/\/canfali.com\/#organization"}},{"@type":"WebPage","@id":"https:\/\/canfali.com\/ca-es\/el-departamento-de-salud-de-dnia-los-auntamientos-de-la-marina-alta-colaboran-en-la-promocin-de-la-salud-comunitaria\/","url":"https:\/\/canfali.com\/ca-es\/el-departamento-de-salud-de-dnia-los-auntamientos-de-la-marina-alta-colaboran-en-la-promocin-de-la-salud-comunitaria\/","name":"La Marina Alta unida per a impulsar la salut comunit\u00e0ria - Canfali","isPartOf":{"@id":"https:\/\/canfali.com\/ca-es\/#website"},"primaryImageOfPage":{"@id":"https:\/\/canfali.com\/ca-es\/el-departamento-de-salud-de-dnia-los-auntamientos-de-la-marina-alta-colaboran-en-la-promocin-de-la-salud-comunitaria\/#primaryimage"},"image":{"@id":"https:\/\/canfali.com\/ca-es\/el-departamento-de-salud-de-dnia-los-auntamientos-de-la-marina-alta-colaboran-en-la-promocin-de-la-salud-comunitaria\/#primaryimage"},"thumbnailUrl":"https:\/\/canfali.com\/app\/uploads\/2025\/03\/5c03953494fa512da020378a7f3bf592-e1742211022725.jpg","datePublished":"2025-03-10T12:09:39+00:00","dateModified":"2025-03-18T09:10:19+00:00","breadcrumb":{"@id":"https:\/\/canfali.com\/ca-es\/el-departamento-de-salud-de-dnia-los-auntamientos-de-la-marina-alta-colaboran-en-la-promocin-de-la-salud-comunitaria\/#breadcrumb"},"inLanguage":"va-ES","potentialAction":[{"@type":"ReadAction","target":["https:\/\/canfali.com\/ca-es\/el-departamento-de-salud-de-dnia-los-auntamientos-de-la-marina-alta-colaboran-en-la-promocin-de-la-salud-comunitaria\/"]}]},{"@type":"ImageObject","inLanguage":"va-ES","@id":"https:\/\/canfali.com\/ca-es\/el-departamento-de-salud-de-dnia-los-auntamientos-de-la-marina-alta-colaboran-en-la-promocin-de-la-salud-comunitaria\/#primaryimage","url":"https:\/\/canfali.com\/app\/uploads\/2025\/03\/5c03953494fa512da020378a7f3bf592-e1742211022725.jpg","contentUrl":"https:\/\/canfali.com\/app\/uploads\/2025\/03\/5c03953494fa512da020378a7f3bf592-e1742211022725.jpg","width":1200,"height":1140},{"@type":"BreadcrumbList","@id":"https:\/\/canfali.com\/ca-es\/el-departamento-de-salud-de-dnia-los-auntamientos-de-la-marina-alta-colaboran-en-la-promocin-de-la-salud-comunitaria\/#breadcrumb","itemListElement":[{"@type":"ListItem","position":1,"name":"Portada","item":"https:\/\/canfali.com\/ca-es\/"},{"@type":"ListItem","position":2,"name":"La Marina Alta unida per a impulsar la salut comunit\u00e0ria"}]},{"@type":"WebSite","@id":"https:\/\/canfali.com\/ca-es\/#website","url":"https:\/\/canfali.com\/ca-es\/","name":"Canfali","description":"","publisher":{"@id":"https:\/\/canfali.com\/ca-es\/#organization"},"potentialAction":[{"@type":"SearchAction","target":{"@type":"EntryPoint","urlTemplate":"https:\/\/canfali.com\/ca-es\/?s={search_term_string}"},"query-input":{"@type":"PropertyValueSpecification","valueRequired":true,"valueName":"search_term_string"}}],"inLanguage":"va-ES"},{"@type":"Organization","@id":"https:\/\/canfali.com\/ca-es\/#organization","name":"Canfali","url":"https:\/\/canfali.com\/ca-es\/","logo":{"@type":"ImageObject","inLanguage":"va-ES","@id":"https:\/\/canfali.com\/ca-es\/#\/schema\/logo\/image\/","url":"https:\/\/canfali.com\/app\/uploads\/2025\/12\/canfali_marina_alta_logo.png","contentUrl":"https:\/\/canfali.com\/app\/uploads\/2025\/12\/canfali_marina_alta_logo.png","width":225,"height":225,"caption":"Canfali"},"image":{"@id":"https:\/\/canfali.com\/ca-es\/#\/schema\/logo\/image\/"},"sameAs":["https:\/\/es-es.facebook.com\/CANFALIMarinaAlta","https:\/\/x.com\/canfalima","https:\/\/www.instagram.com\/canfalimarinaalta\/"]},{"@type":"Person","@id":"https:\/\/canfali.com\/ca-es\/#\/schema\/person\/955fa5617fb28de35095b5e47404b855","name":"Edgar","image":{"@type":"ImageObject","inLanguage":"va-ES","@id":"https:\/\/secure.gravatar.com\/avatar\/a9a97f9a8f651d8aa7e6d6d747cb9f720932b015c89f10a38398b14c9ae9b392?s=96&d=mm&r=g","url":"https:\/\/secure.gravatar.com\/avatar\/a9a97f9a8f651d8aa7e6d6d747cb9f720932b015c89f10a38398b14c9ae9b392?s=96&d=mm&r=g","contentUrl":"https:\/\/secure.gravatar.com\/avatar\/a9a97f9a8f651d8aa7e6d6d747cb9f720932b015c89f10a38398b14c9ae9b392?s=96&d=mm&r=g","caption":"Edgar"},"sameAs":["https:\/\/canfali.com\/wp"],"url":"https:\/\/canfali.com\/ca-es\/author\/edgar\/"}]}},"_links":{"self":[{"href":"https:\/\/canfali.com\/ca-es\/wp-json\/wp\/v2\/posts\/58955","targetHints":{"allow":["GET"]}}],"collection":[{"href":"https:\/\/canfali.com\/ca-es\/wp-json\/wp\/v2\/posts"}],"about":[{"href":"https:\/\/canfali.com\/ca-es\/wp-json\/wp\/v2\/types\/post"}],"author":[{"embeddable":true,"href":"https:\/\/canfali.com\/ca-es\/wp-json\/wp\/v2\/users\/1"}],"replies":[{"embeddable":true,"href":"https:\/\/canfali.com\/ca-es\/wp-json\/wp\/v2\/comments?post=58955"}],"version-history":[{"count":3,"href":"https:\/\/canfali.com\/ca-es\/wp-json\/wp\/v2\/posts\/58955\/revisions"}],"predecessor-version":[{"id":59526,"href":"https:\/\/canfali.com\/ca-es\/wp-json\/wp\/v2\/posts\/58955\/revisions\/59526"}],"wp:featuredmedia":[{"embeddable":true,"href":"https:\/\/canfali.com\/ca-es\/wp-json\/wp\/v2\/media\/58400"}],"wp:attachment":[{"href":"https:\/\/canfali.com\/ca-es\/wp-json\/wp\/v2\/media?parent=58955"}],"wp:term":[{"taxonomy":"category","embeddable":true,"href":"https:\/\/canfali.com\/ca-es\/wp-json\/wp\/v2\/categories?post=58955"},{"taxonomy":"post_tag","embeddable":true,"href":"https:\/\/canfali.com\/ca-es\/wp-json\/wp\/v2\/tags?post=58955"}],"curies":[{"name":"wp","href":"https:\/\/api.w.org\/{rel}","templated":true}]}}