{"id":58739,"date":"2025-02-05T19:07:52","date_gmt":"2025-02-05T18:07:52","guid":{"rendered":"https:\/\/canfali.com\/la-consellera-ruth-merino-anuncia-la-renovacin-del-centro-de-extensin-de-tdt-en-teulada\/"},"modified":"2025-02-05T19:07:52","modified_gmt":"2025-02-05T18:07:52","slug":"la-consellera-ruth-merino-anuncia-la-renovacin-del-centro-de-extensin-de-tdt-en-teulada","status":"publish","type":"post","link":"https:\/\/canfali.com\/ca-es\/la-consellera-ruth-merino-anuncia-la-renovacin-del-centro-de-extensin-de-tdt-en-teulada\/","title":{"rendered":"La consellera Ruth Merino anuncia la renovaci\u00f3 del centre d&#8217;extensi\u00f3 de TDT a Teulada"},"content":{"rendered":"<p>La consellera d&#39;Hisenda i Economia, Ruth Merino, ha visitat Teulada Moraira per a anunciar la renovaci&oacute; tecnol&ograve;gica dels centres d&#39;extensi&oacute; de Televisi&oacute; Digital Terrestre (TDT). Un projecte que, segons apunten fonts oficials, millorar&agrave; la qualitat de recepci&oacute; del senyal i ampliar&agrave; l&#39;oferta de canals per a 210.000 habitants en 170 municipis de la Comunitat Valenciana.<\/p>\n<p>&nbsp;&nbsp;&nbsp;&nbsp;&nbsp;&nbsp;&nbsp;&nbsp;&nbsp;&nbsp;&nbsp; Merino ha estat acompanyada per l&#39;alcalde, Ra&uacute;l Llobell, i pel director gerent de ISTEC, Juan Alegre. Aquest projecte t&eacute; un pressupost de 8 milions d&#39;euros i servir&agrave; per a &ldquo;garantir l&#39;acc&eacute;s a una televisi&oacute; de qualitat en tot el territori. Aix&iacute;, doncs, la renovaci&oacute; del centre d&#39;extensi&oacute; de TDT permetr&agrave; als ve&iuml;ns gaudir d&#39;un senyal de televisi&oacute; m&eacute;s estable&rdquo;, en paraules de Merino.<\/p>\n<p>&nbsp;&nbsp;&nbsp;&nbsp;&nbsp;&nbsp;&nbsp;&nbsp;&nbsp;&nbsp;&nbsp; L&#39;alcalde, per part seva, ha agra&iuml;t a la Generalitat i a la consellera l&#39;aposta per millorar els serveis de telecomunicaci&oacute; ja que &ldquo;tota iniciativa que supose una millora en els serveis per als nostres ciutadans &eacute;s una aposta segura&rdquo;. &ldquo;La renovaci&oacute; de la xarxa de TDT&rdquo;, cont&iacute;nua, &ldquo;&eacute;s un avan&ccedil; significatiu que permetr&agrave; als nostres ve&iuml;ns gaudir d&#39;una major qualitat en la recepci&oacute; del senyal i accedir a m&eacute;s canals de televisi&oacute;<\/p>\n","protected":false},"excerpt":{"rendered":"Permetr\u00e0 una millor recepci\u00f3 i accedir a m\u00e9s canals de televisi\u00f3","protected":false},"author":1,"featured_media":57718,"comment_status":"closed","ping_status":"closed","sticky":false,"template":"","format":"standard","meta":{"csco_display_header_overlay":false,"csco_singular_sidebar":"","csco_page_header_type":"","csco_page_load_nextpost":"","csco_post_video_location":[],"csco_post_video_location_hash":"","csco_post_video_url":"","csco_post_video_bg_start_time":0,"csco_post_video_bg_end_time":0,"footnotes":""},"categories":[575],"tags":[],"class_list":{"0":"post-58739","1":"post","2":"type-post","3":"status-publish","4":"format-standard","5":"has-post-thumbnail","7":"category-politica-2","8":"cs-entry","9":"cs-video-wrap"},"yoast_head":"<!-- This site is optimized with the Yoast SEO Premium plugin v26.6 (Yoast SEO v27.3) - https:\/\/yoast.com\/product\/yoast-seo-premium-wordpress\/ -->\n<title>La consellera Ruth Merino anuncia la renovaci\u00f3 del centre d&#039;extensi\u00f3 de TDT a Teulada - Canfali<\/title>\n<meta name=\"robots\" content=\"index, follow, max-snippet:-1, max-image-preview:large, max-video-preview:-1\" \/>\n<link rel=\"canonical\" href=\"https:\/\/canfali.com\/ca-es\/la-consellera-ruth-merino-anuncia-la-renovacin-del-centro-de-extensin-de-tdt-en-teulada\/\" \/>\n<meta property=\"og:locale\" content=\"en_US\" \/>\n<meta property=\"og:type\" content=\"article\" \/>\n<meta property=\"og:title\" content=\"La consellera Ruth Merino anuncia la renovaci\u00f3 del centre d&#039;extensi\u00f3 de TDT a Teulada\" \/>\n<meta property=\"og:description\" content=\"Permetr\u00e0 una millor recepci\u00f3 i accedir a m\u00e9s canals de televisi\u00f3\" \/>\n<meta property=\"og:url\" content=\"https:\/\/canfali.com\/ca-es\/la-consellera-ruth-merino-anuncia-la-renovacin-del-centro-de-extensin-de-tdt-en-teulada\/\" \/>\n<meta property=\"og:site_name\" content=\"Canfali\" \/>\n<meta property=\"article:publisher\" content=\"https:\/\/es-es.facebook.com\/CANFALIMarinaAlta\" \/>\n<meta property=\"article:published_time\" content=\"2025-02-05T18:07:52+00:00\" \/>\n<meta property=\"og:image\" content=\"https:\/\/canfali.com\/app\/uploads\/2025\/03\/81f4d488dfc36f79a9fd7d3349308ada-scaled.jpg\" \/>\n\t<meta property=\"og:image:width\" content=\"2560\" \/>\n\t<meta property=\"og:image:height\" content=\"1719\" \/>\n\t<meta property=\"og:image:type\" content=\"image\/jpeg\" \/>\n<meta name=\"author\" content=\"Edgar\" \/>\n<meta name=\"twitter:card\" content=\"summary_large_image\" \/>\n<meta name=\"twitter:creator\" content=\"@canfalima\" \/>\n<meta name=\"twitter:site\" content=\"@canfalima\" \/>\n<meta name=\"twitter:label1\" content=\"Written by\" \/>\n\t<meta name=\"twitter:data1\" content=\"Edgar\" \/>\n\t<meta name=\"twitter:label2\" content=\"Est. reading time\" \/>\n\t<meta name=\"twitter:data2\" content=\"1 minute\" \/>\n<script type=\"application\/ld+json\" class=\"yoast-schema-graph\">{\"@context\":\"https:\\\/\\\/schema.org\",\"@graph\":[{\"@type\":\"NewsArticle\",\"@id\":\"https:\\\/\\\/canfali.com\\\/ca-es\\\/la-consellera-ruth-merino-anuncia-la-renovacin-del-centro-de-extensin-de-tdt-en-teulada\\\/#article\",\"isPartOf\":{\"@id\":\"https:\\\/\\\/canfali.com\\\/ca-es\\\/la-consellera-ruth-merino-anuncia-la-renovacin-del-centro-de-extensin-de-tdt-en-teulada\\\/\"},\"author\":{\"name\":\"Edgar\",\"@id\":\"https:\\\/\\\/canfali.com\\\/ca-es\\\/#\\\/schema\\\/person\\\/955fa5617fb28de35095b5e47404b855\"},\"headline\":\"La consellera Ruth Merino anuncia la renovaci\u00f3 del centre d&#8217;extensi\u00f3 de TDT a Teulada\",\"datePublished\":\"2025-02-05T18:07:52+00:00\",\"mainEntityOfPage\":{\"@id\":\"https:\\\/\\\/canfali.com\\\/ca-es\\\/la-consellera-ruth-merino-anuncia-la-renovacin-del-centro-de-extensin-de-tdt-en-teulada\\\/\"},\"wordCount\":282,\"publisher\":{\"@id\":\"https:\\\/\\\/canfali.com\\\/ca-es\\\/#organization\"},\"image\":{\"@id\":\"https:\\\/\\\/canfali.com\\\/ca-es\\\/la-consellera-ruth-merino-anuncia-la-renovacin-del-centro-de-extensin-de-tdt-en-teulada\\\/#primaryimage\"},\"thumbnailUrl\":\"https:\\\/\\\/canfali.com\\\/app\\\/uploads\\\/2025\\\/03\\\/81f4d488dfc36f79a9fd7d3349308ada-scaled.jpg\",\"articleSection\":[\"Pol\u00edtica\"],\"inLanguage\":\"va-ES\",\"copyrightYear\":\"2025\",\"copyrightHolder\":{\"@id\":\"https:\\\/\\\/canfali.com\\\/#organization\"}},{\"@type\":\"WebPage\",\"@id\":\"https:\\\/\\\/canfali.com\\\/ca-es\\\/la-consellera-ruth-merino-anuncia-la-renovacin-del-centro-de-extensin-de-tdt-en-teulada\\\/\",\"url\":\"https:\\\/\\\/canfali.com\\\/ca-es\\\/la-consellera-ruth-merino-anuncia-la-renovacin-del-centro-de-extensin-de-tdt-en-teulada\\\/\",\"name\":\"La consellera Ruth Merino anuncia la renovaci\u00f3 del centre d'extensi\u00f3 de TDT a Teulada - Canfali\",\"isPartOf\":{\"@id\":\"https:\\\/\\\/canfali.com\\\/ca-es\\\/#website\"},\"primaryImageOfPage\":{\"@id\":\"https:\\\/\\\/canfali.com\\\/ca-es\\\/la-consellera-ruth-merino-anuncia-la-renovacin-del-centro-de-extensin-de-tdt-en-teulada\\\/#primaryimage\"},\"image\":{\"@id\":\"https:\\\/\\\/canfali.com\\\/ca-es\\\/la-consellera-ruth-merino-anuncia-la-renovacin-del-centro-de-extensin-de-tdt-en-teulada\\\/#primaryimage\"},\"thumbnailUrl\":\"https:\\\/\\\/canfali.com\\\/app\\\/uploads\\\/2025\\\/03\\\/81f4d488dfc36f79a9fd7d3349308ada-scaled.jpg\",\"datePublished\":\"2025-02-05T18:07:52+00:00\",\"breadcrumb\":{\"@id\":\"https:\\\/\\\/canfali.com\\\/ca-es\\\/la-consellera-ruth-merino-anuncia-la-renovacin-del-centro-de-extensin-de-tdt-en-teulada\\\/#breadcrumb\"},\"inLanguage\":\"va-ES\",\"potentialAction\":[{\"@type\":\"ReadAction\",\"target\":[\"https:\\\/\\\/canfali.com\\\/ca-es\\\/la-consellera-ruth-merino-anuncia-la-renovacin-del-centro-de-extensin-de-tdt-en-teulada\\\/\"]}]},{\"@type\":\"ImageObject\",\"inLanguage\":\"va-ES\",\"@id\":\"https:\\\/\\\/canfali.com\\\/ca-es\\\/la-consellera-ruth-merino-anuncia-la-renovacin-del-centro-de-extensin-de-tdt-en-teulada\\\/#primaryimage\",\"url\":\"https:\\\/\\\/canfali.com\\\/app\\\/uploads\\\/2025\\\/03\\\/81f4d488dfc36f79a9fd7d3349308ada-scaled.jpg\",\"contentUrl\":\"https:\\\/\\\/canfali.com\\\/app\\\/uploads\\\/2025\\\/03\\\/81f4d488dfc36f79a9fd7d3349308ada-scaled.jpg\",\"width\":2560,\"height\":1719},{\"@type\":\"BreadcrumbList\",\"@id\":\"https:\\\/\\\/canfali.com\\\/ca-es\\\/la-consellera-ruth-merino-anuncia-la-renovacin-del-centro-de-extensin-de-tdt-en-teulada\\\/#breadcrumb\",\"itemListElement\":[{\"@type\":\"ListItem\",\"position\":1,\"name\":\"Portada\",\"item\":\"https:\\\/\\\/canfali.com\\\/ca-es\\\/\"},{\"@type\":\"ListItem\",\"position\":2,\"name\":\"La consellera Ruth Merino anuncia la renovaci\u00f3 del centre d&#8217;extensi\u00f3 de TDT a Teulada\"}]},{\"@type\":\"WebSite\",\"@id\":\"https:\\\/\\\/canfali.com\\\/ca-es\\\/#website\",\"url\":\"https:\\\/\\\/canfali.com\\\/ca-es\\\/\",\"name\":\"Canfali\",\"description\":\"\",\"publisher\":{\"@id\":\"https:\\\/\\\/canfali.com\\\/ca-es\\\/#organization\"},\"potentialAction\":[{\"@type\":\"SearchAction\",\"target\":{\"@type\":\"EntryPoint\",\"urlTemplate\":\"https:\\\/\\\/canfali.com\\\/ca-es\\\/?s={search_term_string}\"},\"query-input\":{\"@type\":\"PropertyValueSpecification\",\"valueRequired\":true,\"valueName\":\"search_term_string\"}}],\"inLanguage\":\"va-ES\"},{\"@type\":\"Organization\",\"@id\":\"https:\\\/\\\/canfali.com\\\/ca-es\\\/#organization\",\"name\":\"Canfali\",\"url\":\"https:\\\/\\\/canfali.com\\\/ca-es\\\/\",\"logo\":{\"@type\":\"ImageObject\",\"inLanguage\":\"va-ES\",\"@id\":\"https:\\\/\\\/canfali.com\\\/ca-es\\\/#\\\/schema\\\/logo\\\/image\\\/\",\"url\":\"https:\\\/\\\/canfali.com\\\/app\\\/uploads\\\/2025\\\/12\\\/canfali_marina_alta_logo.png\",\"contentUrl\":\"https:\\\/\\\/canfali.com\\\/app\\\/uploads\\\/2025\\\/12\\\/canfali_marina_alta_logo.png\",\"width\":225,\"height\":225,\"caption\":\"Canfali\"},\"image\":{\"@id\":\"https:\\\/\\\/canfali.com\\\/ca-es\\\/#\\\/schema\\\/logo\\\/image\\\/\"},\"sameAs\":[\"https:\\\/\\\/es-es.facebook.com\\\/CANFALIMarinaAlta\",\"https:\\\/\\\/x.com\\\/canfalima\",\"https:\\\/\\\/www.instagram.com\\\/canfalimarinaalta\\\/\"]},{\"@type\":\"Person\",\"@id\":\"https:\\\/\\\/canfali.com\\\/ca-es\\\/#\\\/schema\\\/person\\\/955fa5617fb28de35095b5e47404b855\",\"name\":\"Edgar\",\"image\":{\"@type\":\"ImageObject\",\"inLanguage\":\"va-ES\",\"@id\":\"https:\\\/\\\/secure.gravatar.com\\\/avatar\\\/a9a97f9a8f651d8aa7e6d6d747cb9f720932b015c89f10a38398b14c9ae9b392?s=96&d=mm&r=g\",\"url\":\"https:\\\/\\\/secure.gravatar.com\\\/avatar\\\/a9a97f9a8f651d8aa7e6d6d747cb9f720932b015c89f10a38398b14c9ae9b392?s=96&d=mm&r=g\",\"contentUrl\":\"https:\\\/\\\/secure.gravatar.com\\\/avatar\\\/a9a97f9a8f651d8aa7e6d6d747cb9f720932b015c89f10a38398b14c9ae9b392?s=96&d=mm&r=g\",\"caption\":\"Edgar\"},\"sameAs\":[\"https:\\\/\\\/canfali.com\\\/wp\"],\"url\":\"https:\\\/\\\/canfali.com\\\/ca-es\\\/author\\\/edgar\\\/\"}]}<\/script>\n<!-- \/ Yoast SEO Premium plugin. -->","yoast_head_json":{"title":"La consellera Ruth Merino anuncia la renovaci\u00f3 del centre d'extensi\u00f3 de TDT a Teulada - Canfali","robots":{"index":"index","follow":"follow","max-snippet":"max-snippet:-1","max-image-preview":"max-image-preview:large","max-video-preview":"max-video-preview:-1"},"canonical":"https:\/\/canfali.com\/ca-es\/la-consellera-ruth-merino-anuncia-la-renovacin-del-centro-de-extensin-de-tdt-en-teulada\/","og_locale":"en_US","og_type":"article","og_title":"La consellera Ruth Merino anuncia la renovaci\u00f3 del centre d'extensi\u00f3 de TDT a Teulada","og_description":"Permetr\u00e0 una millor recepci\u00f3 i accedir a m\u00e9s canals de televisi\u00f3","og_url":"https:\/\/canfali.com\/ca-es\/la-consellera-ruth-merino-anuncia-la-renovacin-del-centro-de-extensin-de-tdt-en-teulada\/","og_site_name":"Canfali","article_publisher":"https:\/\/es-es.facebook.com\/CANFALIMarinaAlta","article_published_time":"2025-02-05T18:07:52+00:00","og_image":[{"width":2560,"height":1719,"url":"https:\/\/canfali.com\/app\/uploads\/2025\/03\/81f4d488dfc36f79a9fd7d3349308ada-scaled.jpg","type":"image\/jpeg"}],"author":"Edgar","twitter_card":"summary_large_image","twitter_creator":"@canfalima","twitter_site":"@canfalima","twitter_misc":{"Written by":"Edgar","Est. reading time":"1 minute"},"schema":{"@context":"https:\/\/schema.org","@graph":[{"@type":"NewsArticle","@id":"https:\/\/canfali.com\/ca-es\/la-consellera-ruth-merino-anuncia-la-renovacin-del-centro-de-extensin-de-tdt-en-teulada\/#article","isPartOf":{"@id":"https:\/\/canfali.com\/ca-es\/la-consellera-ruth-merino-anuncia-la-renovacin-del-centro-de-extensin-de-tdt-en-teulada\/"},"author":{"name":"Edgar","@id":"https:\/\/canfali.com\/ca-es\/#\/schema\/person\/955fa5617fb28de35095b5e47404b855"},"headline":"La consellera Ruth Merino anuncia la renovaci\u00f3 del centre d&#8217;extensi\u00f3 de TDT a Teulada","datePublished":"2025-02-05T18:07:52+00:00","mainEntityOfPage":{"@id":"https:\/\/canfali.com\/ca-es\/la-consellera-ruth-merino-anuncia-la-renovacin-del-centro-de-extensin-de-tdt-en-teulada\/"},"wordCount":282,"publisher":{"@id":"https:\/\/canfali.com\/ca-es\/#organization"},"image":{"@id":"https:\/\/canfali.com\/ca-es\/la-consellera-ruth-merino-anuncia-la-renovacin-del-centro-de-extensin-de-tdt-en-teulada\/#primaryimage"},"thumbnailUrl":"https:\/\/canfali.com\/app\/uploads\/2025\/03\/81f4d488dfc36f79a9fd7d3349308ada-scaled.jpg","articleSection":["Pol\u00edtica"],"inLanguage":"va-ES","copyrightYear":"2025","copyrightHolder":{"@id":"https:\/\/canfali.com\/#organization"}},{"@type":"WebPage","@id":"https:\/\/canfali.com\/ca-es\/la-consellera-ruth-merino-anuncia-la-renovacin-del-centro-de-extensin-de-tdt-en-teulada\/","url":"https:\/\/canfali.com\/ca-es\/la-consellera-ruth-merino-anuncia-la-renovacin-del-centro-de-extensin-de-tdt-en-teulada\/","name":"La consellera Ruth Merino anuncia la renovaci\u00f3 del centre d'extensi\u00f3 de TDT a Teulada - Canfali","isPartOf":{"@id":"https:\/\/canfali.com\/ca-es\/#website"},"primaryImageOfPage":{"@id":"https:\/\/canfali.com\/ca-es\/la-consellera-ruth-merino-anuncia-la-renovacin-del-centro-de-extensin-de-tdt-en-teulada\/#primaryimage"},"image":{"@id":"https:\/\/canfali.com\/ca-es\/la-consellera-ruth-merino-anuncia-la-renovacin-del-centro-de-extensin-de-tdt-en-teulada\/#primaryimage"},"thumbnailUrl":"https:\/\/canfali.com\/app\/uploads\/2025\/03\/81f4d488dfc36f79a9fd7d3349308ada-scaled.jpg","datePublished":"2025-02-05T18:07:52+00:00","breadcrumb":{"@id":"https:\/\/canfali.com\/ca-es\/la-consellera-ruth-merino-anuncia-la-renovacin-del-centro-de-extensin-de-tdt-en-teulada\/#breadcrumb"},"inLanguage":"va-ES","potentialAction":[{"@type":"ReadAction","target":["https:\/\/canfali.com\/ca-es\/la-consellera-ruth-merino-anuncia-la-renovacin-del-centro-de-extensin-de-tdt-en-teulada\/"]}]},{"@type":"ImageObject","inLanguage":"va-ES","@id":"https:\/\/canfali.com\/ca-es\/la-consellera-ruth-merino-anuncia-la-renovacin-del-centro-de-extensin-de-tdt-en-teulada\/#primaryimage","url":"https:\/\/canfali.com\/app\/uploads\/2025\/03\/81f4d488dfc36f79a9fd7d3349308ada-scaled.jpg","contentUrl":"https:\/\/canfali.com\/app\/uploads\/2025\/03\/81f4d488dfc36f79a9fd7d3349308ada-scaled.jpg","width":2560,"height":1719},{"@type":"BreadcrumbList","@id":"https:\/\/canfali.com\/ca-es\/la-consellera-ruth-merino-anuncia-la-renovacin-del-centro-de-extensin-de-tdt-en-teulada\/#breadcrumb","itemListElement":[{"@type":"ListItem","position":1,"name":"Portada","item":"https:\/\/canfali.com\/ca-es\/"},{"@type":"ListItem","position":2,"name":"La consellera Ruth Merino anuncia la renovaci\u00f3 del centre d&#8217;extensi\u00f3 de TDT a Teulada"}]},{"@type":"WebSite","@id":"https:\/\/canfali.com\/ca-es\/#website","url":"https:\/\/canfali.com\/ca-es\/","name":"Canfali","description":"","publisher":{"@id":"https:\/\/canfali.com\/ca-es\/#organization"},"potentialAction":[{"@type":"SearchAction","target":{"@type":"EntryPoint","urlTemplate":"https:\/\/canfali.com\/ca-es\/?s={search_term_string}"},"query-input":{"@type":"PropertyValueSpecification","valueRequired":true,"valueName":"search_term_string"}}],"inLanguage":"va-ES"},{"@type":"Organization","@id":"https:\/\/canfali.com\/ca-es\/#organization","name":"Canfali","url":"https:\/\/canfali.com\/ca-es\/","logo":{"@type":"ImageObject","inLanguage":"va-ES","@id":"https:\/\/canfali.com\/ca-es\/#\/schema\/logo\/image\/","url":"https:\/\/canfali.com\/app\/uploads\/2025\/12\/canfali_marina_alta_logo.png","contentUrl":"https:\/\/canfali.com\/app\/uploads\/2025\/12\/canfali_marina_alta_logo.png","width":225,"height":225,"caption":"Canfali"},"image":{"@id":"https:\/\/canfali.com\/ca-es\/#\/schema\/logo\/image\/"},"sameAs":["https:\/\/es-es.facebook.com\/CANFALIMarinaAlta","https:\/\/x.com\/canfalima","https:\/\/www.instagram.com\/canfalimarinaalta\/"]},{"@type":"Person","@id":"https:\/\/canfali.com\/ca-es\/#\/schema\/person\/955fa5617fb28de35095b5e47404b855","name":"Edgar","image":{"@type":"ImageObject","inLanguage":"va-ES","@id":"https:\/\/secure.gravatar.com\/avatar\/a9a97f9a8f651d8aa7e6d6d747cb9f720932b015c89f10a38398b14c9ae9b392?s=96&d=mm&r=g","url":"https:\/\/secure.gravatar.com\/avatar\/a9a97f9a8f651d8aa7e6d6d747cb9f720932b015c89f10a38398b14c9ae9b392?s=96&d=mm&r=g","contentUrl":"https:\/\/secure.gravatar.com\/avatar\/a9a97f9a8f651d8aa7e6d6d747cb9f720932b015c89f10a38398b14c9ae9b392?s=96&d=mm&r=g","caption":"Edgar"},"sameAs":["https:\/\/canfali.com\/wp"],"url":"https:\/\/canfali.com\/ca-es\/author\/edgar\/"}]}},"_links":{"self":[{"href":"https:\/\/canfali.com\/ca-es\/wp-json\/wp\/v2\/posts\/58739","targetHints":{"allow":["GET"]}}],"collection":[{"href":"https:\/\/canfali.com\/ca-es\/wp-json\/wp\/v2\/posts"}],"about":[{"href":"https:\/\/canfali.com\/ca-es\/wp-json\/wp\/v2\/types\/post"}],"author":[{"embeddable":true,"href":"https:\/\/canfali.com\/ca-es\/wp-json\/wp\/v2\/users\/1"}],"replies":[{"embeddable":true,"href":"https:\/\/canfali.com\/ca-es\/wp-json\/wp\/v2\/comments?post=58739"}],"version-history":[{"count":0,"href":"https:\/\/canfali.com\/ca-es\/wp-json\/wp\/v2\/posts\/58739\/revisions"}],"wp:featuredmedia":[{"embeddable":true,"href":"https:\/\/canfali.com\/ca-es\/wp-json\/wp\/v2\/media\/57718"}],"wp:attachment":[{"href":"https:\/\/canfali.com\/ca-es\/wp-json\/wp\/v2\/media?parent=58739"}],"wp:term":[{"taxonomy":"category","embeddable":true,"href":"https:\/\/canfali.com\/ca-es\/wp-json\/wp\/v2\/categories?post=58739"},{"taxonomy":"post_tag","embeddable":true,"href":"https:\/\/canfali.com\/ca-es\/wp-json\/wp\/v2\/tags?post=58739"}],"curies":[{"name":"wp","href":"https:\/\/api.w.org\/{rel}","templated":true}]}}