{"id":44737,"date":"2021-04-15T13:24:01","date_gmt":"2021-04-15T11:24:01","guid":{"rendered":"https:\/\/canfali.com\/el-equipo-de-gobierno-de-ondara-ultima-la-gran-zona-escolar-unificada-junto-al-sanchis-guarner\/"},"modified":"2025-02-21T12:24:23","modified_gmt":"2025-02-21T11:24:23","slug":"el-equipo-de-gobierno-de-ondara-ultima-la-gran-zona-escolar-unificada-junto-al-sanchis-guarner","status":"publish","type":"post","link":"https:\/\/canfali.com\/ca-es\/el-equipo-de-gobierno-de-ondara-ultima-la-gran-zona-escolar-unificada-junto-al-sanchis-guarner\/","title":{"rendered":"L\u2019equip de govern d\u2019Ondara ultima la gran zona escolar unificada al costat del Sanchis Guarner"},"content":{"rendered":"<p>La Junta de Govern Local de l&#39;Ajuntament d&#39;Ondara ha aprovat la contractaci&oacute; dels serveis t&egrave;cnics professionals per a comen&ccedil;ar la fase d&#39;inici de la modificaci&oacute; puntual del Pla General(per a la unificaci&oacute; dels centres escolars i el document inicial estrat&egrave;gic, per a la sol&middot;licitud de l&#39;Avaluaci&oacute; Ambiental Estrat&egrave;gica simplificada.<\/p>\n<p>El contracte, ha estat adjudicat a l&#39;empresa Forqu&eacute;s i Associats, S.L.U. per un import de 6.987,75 euros per a portar a cap el treball administratiu previ per a unificar els centres d&#39;educaci&oacute; infantil i prim&agrave;ria en una gran zona escolar.<\/p>\n<p>Segons han desvelat l&rsquo;alcalde Jos&eacute; Ramiro, i els regidors d&rsquo;Educaci&oacute; i Urbanisme, Mar Chesa i Francesc Giner, la intenci&oacute; &eacute;s obtenir en un futur els terrenys annexos al col&middot;legi de prim&agrave;ria, amb l&#39;objectiu final de construir all&iacute; el col&middot;legi d&#39;infantil, i tindre aix&iacute; escoleta, infantil i prim&agrave;ria en una mateixa gran &agrave;rea escolar.<\/p>\n<p>En eixa din&agrave;mica han incidit en que aquest projecte suposa un dels m&eacute;s ambiciosos plantejat per l&rsquo;equip de govern PSPV-Comprom&iacute;s per a l&#39;actual legislatura per tal de procedir&nbsp; la concentraci&oacute; de les dotacions escolars municipals -infantil i prim&agrave;ria- en una mateixa zona, de manera que s&#39;acabe amb l&#39;actual dispersi&oacute; que crea problemes de mobilitat, seguretat vi&agrave;ria i coordinaci&oacute; a les fam&iacute;lies amb xiquets i xiquetes en edat escolar.<\/p>\n<p>Amb aix&ograve;, consideren que la zona adequada per a concentrar aquestes dotacions &eacute;s la zona d&#39;Alfatares, on ja es troben l&#39;escoleta d&#39;infantil i l&#39;edifici del CEIP Sanchis Guarner, junt al que la unificaci&oacute; de l&rsquo;actual edifici de Marjals evitaria que continue la divisi&oacute; com fins ara.<\/p>\n<p>Eixe objectiu, segons remarquen, els ha motivat a tramitar la modificaci&oacute; puntual del Pla General de Ordenaci&oacute; Urban&iacute;stica de 1989 que resulta preceptiva per a fer viable aquesta concentraci&oacute; de s&ograve;l dotacional amb finalitat docent o educativa.<\/p>\n","protected":false},"excerpt":{"rendered":"Adjudica el contracte per a la redacci\u00f3 dels documents per a l\u2019Avaluaci\u00f3 Ambiental Estrat\u00e8gica que possibilita eixa actuaci\u00f3 urban\u00edstica","protected":false},"author":2,"featured_media":17088,"comment_status":"open","ping_status":"open","sticky":false,"template":"","format":"standard","meta":{"csco_display_header_overlay":false,"csco_singular_sidebar":"","csco_page_header_type":"","csco_page_load_nextpost":"","csco_post_video_location":[],"csco_post_video_location_hash":"","csco_post_video_url":"","csco_post_video_bg_start_time":0,"csco_post_video_bg_end_time":0,"footnotes":""},"categories":[37],"tags":[],"class_list":{"0":"post-44737","1":"post","2":"type-post","3":"status-publish","4":"format-standard","5":"has-post-thumbnail","7":"category-politica","8":"cs-entry","9":"cs-video-wrap"},"yoast_head":"<!-- This site is optimized with the Yoast SEO Premium plugin v26.6 (Yoast SEO v27.3) - https:\/\/yoast.com\/product\/yoast-seo-premium-wordpress\/ -->\n<title>L\u2019equip de govern d\u2019Ondara ultima la gran zona escolar unificada al costat del Sanchis Guarner - Canfali<\/title>\n<meta name=\"robots\" content=\"index, follow, max-snippet:-1, max-image-preview:large, max-video-preview:-1\" \/>\n<link rel=\"canonical\" href=\"https:\/\/canfali.com\/ca-es\/el-equipo-de-gobierno-de-ondara-ultima-la-gran-zona-escolar-unificada-junto-al-sanchis-guarner\/\" \/>\n<meta property=\"og:locale\" content=\"en_US\" \/>\n<meta property=\"og:type\" content=\"article\" \/>\n<meta property=\"og:title\" content=\"L\u2019equip de govern d\u2019Ondara ultima la gran zona escolar unificada al costat del Sanchis Guarner\" \/>\n<meta property=\"og:description\" content=\"Adjudica el contracte per a la redacci\u00f3 dels documents per a l\u2019Avaluaci\u00f3 Ambiental Estrat\u00e8gica que possibilita eixa actuaci\u00f3 urban\u00edstica\" \/>\n<meta property=\"og:url\" content=\"https:\/\/canfali.com\/ca-es\/el-equipo-de-gobierno-de-ondara-ultima-la-gran-zona-escolar-unificada-junto-al-sanchis-guarner\/\" \/>\n<meta property=\"og:site_name\" content=\"Canfali\" \/>\n<meta property=\"article:publisher\" content=\"https:\/\/es-es.facebook.com\/CANFALIMarinaAlta\" \/>\n<meta property=\"article:published_time\" content=\"2021-04-15T11:24:01+00:00\" \/>\n<meta property=\"article:modified_time\" content=\"2025-02-21T11:24:23+00:00\" \/>\n<meta property=\"og:image\" content=\"https:\/\/canfali.com\/app\/uploads\/2025\/02\/ed931bf3ea71d5add458492ddd114365.jpg\" \/>\n\t<meta property=\"og:image:width\" content=\"1200\" \/>\n\t<meta property=\"og:image:height\" content=\"801\" \/>\n\t<meta property=\"og:image:type\" content=\"image\/jpeg\" \/>\n<meta name=\"author\" content=\"Alex\" \/>\n<meta name=\"twitter:card\" content=\"summary_large_image\" \/>\n<meta name=\"twitter:creator\" content=\"@canfalima\" \/>\n<meta name=\"twitter:site\" content=\"@canfalima\" \/>\n<meta name=\"twitter:label1\" content=\"Written by\" \/>\n\t<meta name=\"twitter:data1\" content=\"Alex\" \/>\n\t<meta name=\"twitter:label2\" content=\"Est. reading time\" \/>\n\t<meta name=\"twitter:data2\" content=\"2 minutes\" \/>\n<script type=\"application\/ld+json\" class=\"yoast-schema-graph\">{\"@context\":\"https:\\\/\\\/schema.org\",\"@graph\":[{\"@type\":\"NewsArticle\",\"@id\":\"https:\\\/\\\/canfali.com\\\/ca-es\\\/el-equipo-de-gobierno-de-ondara-ultima-la-gran-zona-escolar-unificada-junto-al-sanchis-guarner\\\/#article\",\"isPartOf\":{\"@id\":\"https:\\\/\\\/canfali.com\\\/ca-es\\\/el-equipo-de-gobierno-de-ondara-ultima-la-gran-zona-escolar-unificada-junto-al-sanchis-guarner\\\/\"},\"author\":{\"name\":\"Alex\",\"@id\":\"https:\\\/\\\/canfali.com\\\/ca-es\\\/#\\\/schema\\\/person\\\/25dd7e79206e119c02d489a3b67ca83d\"},\"headline\":\"L\u2019equip de govern d\u2019Ondara ultima la gran zona escolar unificada al costat del Sanchis Guarner\",\"datePublished\":\"2021-04-15T11:24:01+00:00\",\"dateModified\":\"2025-02-21T11:24:23+00:00\",\"mainEntityOfPage\":{\"@id\":\"https:\\\/\\\/canfali.com\\\/ca-es\\\/el-equipo-de-gobierno-de-ondara-ultima-la-gran-zona-escolar-unificada-junto-al-sanchis-guarner\\\/\"},\"wordCount\":395,\"commentCount\":0,\"publisher\":{\"@id\":\"https:\\\/\\\/canfali.com\\\/ca-es\\\/#organization\"},\"image\":{\"@id\":\"https:\\\/\\\/canfali.com\\\/ca-es\\\/el-equipo-de-gobierno-de-ondara-ultima-la-gran-zona-escolar-unificada-junto-al-sanchis-guarner\\\/#primaryimage\"},\"thumbnailUrl\":\"https:\\\/\\\/canfali.com\\\/app\\\/uploads\\\/2025\\\/02\\\/ed931bf3ea71d5add458492ddd114365.jpg\",\"articleSection\":[\"Pol\u00edtica\"],\"inLanguage\":\"va-ES\",\"potentialAction\":[{\"@type\":\"CommentAction\",\"name\":\"Comment\",\"target\":[\"https:\\\/\\\/canfali.com\\\/ca-es\\\/el-equipo-de-gobierno-de-ondara-ultima-la-gran-zona-escolar-unificada-junto-al-sanchis-guarner\\\/#respond\"]}],\"copyrightYear\":\"2021\",\"copyrightHolder\":{\"@id\":\"https:\\\/\\\/canfali.com\\\/#organization\"}},{\"@type\":\"WebPage\",\"@id\":\"https:\\\/\\\/canfali.com\\\/ca-es\\\/el-equipo-de-gobierno-de-ondara-ultima-la-gran-zona-escolar-unificada-junto-al-sanchis-guarner\\\/\",\"url\":\"https:\\\/\\\/canfali.com\\\/ca-es\\\/el-equipo-de-gobierno-de-ondara-ultima-la-gran-zona-escolar-unificada-junto-al-sanchis-guarner\\\/\",\"name\":\"L\u2019equip de govern d\u2019Ondara ultima la gran zona escolar unificada al costat del Sanchis Guarner - Canfali\",\"isPartOf\":{\"@id\":\"https:\\\/\\\/canfali.com\\\/ca-es\\\/#website\"},\"primaryImageOfPage\":{\"@id\":\"https:\\\/\\\/canfali.com\\\/ca-es\\\/el-equipo-de-gobierno-de-ondara-ultima-la-gran-zona-escolar-unificada-junto-al-sanchis-guarner\\\/#primaryimage\"},\"image\":{\"@id\":\"https:\\\/\\\/canfali.com\\\/ca-es\\\/el-equipo-de-gobierno-de-ondara-ultima-la-gran-zona-escolar-unificada-junto-al-sanchis-guarner\\\/#primaryimage\"},\"thumbnailUrl\":\"https:\\\/\\\/canfali.com\\\/app\\\/uploads\\\/2025\\\/02\\\/ed931bf3ea71d5add458492ddd114365.jpg\",\"datePublished\":\"2021-04-15T11:24:01+00:00\",\"dateModified\":\"2025-02-21T11:24:23+00:00\",\"breadcrumb\":{\"@id\":\"https:\\\/\\\/canfali.com\\\/ca-es\\\/el-equipo-de-gobierno-de-ondara-ultima-la-gran-zona-escolar-unificada-junto-al-sanchis-guarner\\\/#breadcrumb\"},\"inLanguage\":\"va-ES\",\"potentialAction\":[{\"@type\":\"ReadAction\",\"target\":[\"https:\\\/\\\/canfali.com\\\/ca-es\\\/el-equipo-de-gobierno-de-ondara-ultima-la-gran-zona-escolar-unificada-junto-al-sanchis-guarner\\\/\"]}]},{\"@type\":\"ImageObject\",\"inLanguage\":\"va-ES\",\"@id\":\"https:\\\/\\\/canfali.com\\\/ca-es\\\/el-equipo-de-gobierno-de-ondara-ultima-la-gran-zona-escolar-unificada-junto-al-sanchis-guarner\\\/#primaryimage\",\"url\":\"https:\\\/\\\/canfali.com\\\/app\\\/uploads\\\/2025\\\/02\\\/ed931bf3ea71d5add458492ddd114365.jpg\",\"contentUrl\":\"https:\\\/\\\/canfali.com\\\/app\\\/uploads\\\/2025\\\/02\\\/ed931bf3ea71d5add458492ddd114365.jpg\",\"width\":1200,\"height\":801},{\"@type\":\"BreadcrumbList\",\"@id\":\"https:\\\/\\\/canfali.com\\\/ca-es\\\/el-equipo-de-gobierno-de-ondara-ultima-la-gran-zona-escolar-unificada-junto-al-sanchis-guarner\\\/#breadcrumb\",\"itemListElement\":[{\"@type\":\"ListItem\",\"position\":1,\"name\":\"Portada\",\"item\":\"https:\\\/\\\/canfali.com\\\/ca-es\\\/\"},{\"@type\":\"ListItem\",\"position\":2,\"name\":\"L\u2019equip de govern d\u2019Ondara ultima la gran zona escolar unificada al costat del Sanchis Guarner\"}]},{\"@type\":\"WebSite\",\"@id\":\"https:\\\/\\\/canfali.com\\\/ca-es\\\/#website\",\"url\":\"https:\\\/\\\/canfali.com\\\/ca-es\\\/\",\"name\":\"Canfali\",\"description\":\"\",\"publisher\":{\"@id\":\"https:\\\/\\\/canfali.com\\\/ca-es\\\/#organization\"},\"potentialAction\":[{\"@type\":\"SearchAction\",\"target\":{\"@type\":\"EntryPoint\",\"urlTemplate\":\"https:\\\/\\\/canfali.com\\\/ca-es\\\/?s={search_term_string}\"},\"query-input\":{\"@type\":\"PropertyValueSpecification\",\"valueRequired\":true,\"valueName\":\"search_term_string\"}}],\"inLanguage\":\"va-ES\"},{\"@type\":\"Organization\",\"@id\":\"https:\\\/\\\/canfali.com\\\/ca-es\\\/#organization\",\"name\":\"Canfali\",\"url\":\"https:\\\/\\\/canfali.com\\\/ca-es\\\/\",\"logo\":{\"@type\":\"ImageObject\",\"inLanguage\":\"va-ES\",\"@id\":\"https:\\\/\\\/canfali.com\\\/ca-es\\\/#\\\/schema\\\/logo\\\/image\\\/\",\"url\":\"https:\\\/\\\/canfali.com\\\/app\\\/uploads\\\/2025\\\/12\\\/canfali_marina_alta_logo.png\",\"contentUrl\":\"https:\\\/\\\/canfali.com\\\/app\\\/uploads\\\/2025\\\/12\\\/canfali_marina_alta_logo.png\",\"width\":225,\"height\":225,\"caption\":\"Canfali\"},\"image\":{\"@id\":\"https:\\\/\\\/canfali.com\\\/ca-es\\\/#\\\/schema\\\/logo\\\/image\\\/\"},\"sameAs\":[\"https:\\\/\\\/es-es.facebook.com\\\/CANFALIMarinaAlta\",\"https:\\\/\\\/x.com\\\/canfalima\",\"https:\\\/\\\/www.instagram.com\\\/canfalimarinaalta\\\/\"]},{\"@type\":\"Person\",\"@id\":\"https:\\\/\\\/canfali.com\\\/ca-es\\\/#\\\/schema\\\/person\\\/25dd7e79206e119c02d489a3b67ca83d\",\"name\":\"Alex\",\"image\":{\"@type\":\"ImageObject\",\"inLanguage\":\"va-ES\",\"@id\":\"https:\\\/\\\/secure.gravatar.com\\\/avatar\\\/98bd9e8345af882c94b4d49db053494ffab4b0a9ca408823ad3dbaf04d352f02?s=96&d=mm&r=g\",\"url\":\"https:\\\/\\\/secure.gravatar.com\\\/avatar\\\/98bd9e8345af882c94b4d49db053494ffab4b0a9ca408823ad3dbaf04d352f02?s=96&d=mm&r=g\",\"contentUrl\":\"https:\\\/\\\/secure.gravatar.com\\\/avatar\\\/98bd9e8345af882c94b4d49db053494ffab4b0a9ca408823ad3dbaf04d352f02?s=96&d=mm&r=g\",\"caption\":\"Alex\"},\"url\":\"https:\\\/\\\/canfali.com\\\/ca-es\\\/author\\\/alex\\\/\"}]}<\/script>\n<!-- \/ Yoast SEO Premium plugin. -->","yoast_head_json":{"title":"L\u2019equip de govern d\u2019Ondara ultima la gran zona escolar unificada al costat del Sanchis Guarner - Canfali","robots":{"index":"index","follow":"follow","max-snippet":"max-snippet:-1","max-image-preview":"max-image-preview:large","max-video-preview":"max-video-preview:-1"},"canonical":"https:\/\/canfali.com\/ca-es\/el-equipo-de-gobierno-de-ondara-ultima-la-gran-zona-escolar-unificada-junto-al-sanchis-guarner\/","og_locale":"en_US","og_type":"article","og_title":"L\u2019equip de govern d\u2019Ondara ultima la gran zona escolar unificada al costat del Sanchis Guarner","og_description":"Adjudica el contracte per a la redacci\u00f3 dels documents per a l\u2019Avaluaci\u00f3 Ambiental Estrat\u00e8gica que possibilita eixa actuaci\u00f3 urban\u00edstica","og_url":"https:\/\/canfali.com\/ca-es\/el-equipo-de-gobierno-de-ondara-ultima-la-gran-zona-escolar-unificada-junto-al-sanchis-guarner\/","og_site_name":"Canfali","article_publisher":"https:\/\/es-es.facebook.com\/CANFALIMarinaAlta","article_published_time":"2021-04-15T11:24:01+00:00","article_modified_time":"2025-02-21T11:24:23+00:00","og_image":[{"width":1200,"height":801,"url":"https:\/\/canfali.com\/app\/uploads\/2025\/02\/ed931bf3ea71d5add458492ddd114365.jpg","type":"image\/jpeg"}],"author":"Alex","twitter_card":"summary_large_image","twitter_creator":"@canfalima","twitter_site":"@canfalima","twitter_misc":{"Written by":"Alex","Est. reading time":"2 minutes"},"schema":{"@context":"https:\/\/schema.org","@graph":[{"@type":"NewsArticle","@id":"https:\/\/canfali.com\/ca-es\/el-equipo-de-gobierno-de-ondara-ultima-la-gran-zona-escolar-unificada-junto-al-sanchis-guarner\/#article","isPartOf":{"@id":"https:\/\/canfali.com\/ca-es\/el-equipo-de-gobierno-de-ondara-ultima-la-gran-zona-escolar-unificada-junto-al-sanchis-guarner\/"},"author":{"name":"Alex","@id":"https:\/\/canfali.com\/ca-es\/#\/schema\/person\/25dd7e79206e119c02d489a3b67ca83d"},"headline":"L\u2019equip de govern d\u2019Ondara ultima la gran zona escolar unificada al costat del Sanchis Guarner","datePublished":"2021-04-15T11:24:01+00:00","dateModified":"2025-02-21T11:24:23+00:00","mainEntityOfPage":{"@id":"https:\/\/canfali.com\/ca-es\/el-equipo-de-gobierno-de-ondara-ultima-la-gran-zona-escolar-unificada-junto-al-sanchis-guarner\/"},"wordCount":395,"commentCount":0,"publisher":{"@id":"https:\/\/canfali.com\/ca-es\/#organization"},"image":{"@id":"https:\/\/canfali.com\/ca-es\/el-equipo-de-gobierno-de-ondara-ultima-la-gran-zona-escolar-unificada-junto-al-sanchis-guarner\/#primaryimage"},"thumbnailUrl":"https:\/\/canfali.com\/app\/uploads\/2025\/02\/ed931bf3ea71d5add458492ddd114365.jpg","articleSection":["Pol\u00edtica"],"inLanguage":"va-ES","potentialAction":[{"@type":"CommentAction","name":"Comment","target":["https:\/\/canfali.com\/ca-es\/el-equipo-de-gobierno-de-ondara-ultima-la-gran-zona-escolar-unificada-junto-al-sanchis-guarner\/#respond"]}],"copyrightYear":"2021","copyrightHolder":{"@id":"https:\/\/canfali.com\/#organization"}},{"@type":"WebPage","@id":"https:\/\/canfali.com\/ca-es\/el-equipo-de-gobierno-de-ondara-ultima-la-gran-zona-escolar-unificada-junto-al-sanchis-guarner\/","url":"https:\/\/canfali.com\/ca-es\/el-equipo-de-gobierno-de-ondara-ultima-la-gran-zona-escolar-unificada-junto-al-sanchis-guarner\/","name":"L\u2019equip de govern d\u2019Ondara ultima la gran zona escolar unificada al costat del Sanchis Guarner - Canfali","isPartOf":{"@id":"https:\/\/canfali.com\/ca-es\/#website"},"primaryImageOfPage":{"@id":"https:\/\/canfali.com\/ca-es\/el-equipo-de-gobierno-de-ondara-ultima-la-gran-zona-escolar-unificada-junto-al-sanchis-guarner\/#primaryimage"},"image":{"@id":"https:\/\/canfali.com\/ca-es\/el-equipo-de-gobierno-de-ondara-ultima-la-gran-zona-escolar-unificada-junto-al-sanchis-guarner\/#primaryimage"},"thumbnailUrl":"https:\/\/canfali.com\/app\/uploads\/2025\/02\/ed931bf3ea71d5add458492ddd114365.jpg","datePublished":"2021-04-15T11:24:01+00:00","dateModified":"2025-02-21T11:24:23+00:00","breadcrumb":{"@id":"https:\/\/canfali.com\/ca-es\/el-equipo-de-gobierno-de-ondara-ultima-la-gran-zona-escolar-unificada-junto-al-sanchis-guarner\/#breadcrumb"},"inLanguage":"va-ES","potentialAction":[{"@type":"ReadAction","target":["https:\/\/canfali.com\/ca-es\/el-equipo-de-gobierno-de-ondara-ultima-la-gran-zona-escolar-unificada-junto-al-sanchis-guarner\/"]}]},{"@type":"ImageObject","inLanguage":"va-ES","@id":"https:\/\/canfali.com\/ca-es\/el-equipo-de-gobierno-de-ondara-ultima-la-gran-zona-escolar-unificada-junto-al-sanchis-guarner\/#primaryimage","url":"https:\/\/canfali.com\/app\/uploads\/2025\/02\/ed931bf3ea71d5add458492ddd114365.jpg","contentUrl":"https:\/\/canfali.com\/app\/uploads\/2025\/02\/ed931bf3ea71d5add458492ddd114365.jpg","width":1200,"height":801},{"@type":"BreadcrumbList","@id":"https:\/\/canfali.com\/ca-es\/el-equipo-de-gobierno-de-ondara-ultima-la-gran-zona-escolar-unificada-junto-al-sanchis-guarner\/#breadcrumb","itemListElement":[{"@type":"ListItem","position":1,"name":"Portada","item":"https:\/\/canfali.com\/ca-es\/"},{"@type":"ListItem","position":2,"name":"L\u2019equip de govern d\u2019Ondara ultima la gran zona escolar unificada al costat del Sanchis Guarner"}]},{"@type":"WebSite","@id":"https:\/\/canfali.com\/ca-es\/#website","url":"https:\/\/canfali.com\/ca-es\/","name":"Canfali","description":"","publisher":{"@id":"https:\/\/canfali.com\/ca-es\/#organization"},"potentialAction":[{"@type":"SearchAction","target":{"@type":"EntryPoint","urlTemplate":"https:\/\/canfali.com\/ca-es\/?s={search_term_string}"},"query-input":{"@type":"PropertyValueSpecification","valueRequired":true,"valueName":"search_term_string"}}],"inLanguage":"va-ES"},{"@type":"Organization","@id":"https:\/\/canfali.com\/ca-es\/#organization","name":"Canfali","url":"https:\/\/canfali.com\/ca-es\/","logo":{"@type":"ImageObject","inLanguage":"va-ES","@id":"https:\/\/canfali.com\/ca-es\/#\/schema\/logo\/image\/","url":"https:\/\/canfali.com\/app\/uploads\/2025\/12\/canfali_marina_alta_logo.png","contentUrl":"https:\/\/canfali.com\/app\/uploads\/2025\/12\/canfali_marina_alta_logo.png","width":225,"height":225,"caption":"Canfali"},"image":{"@id":"https:\/\/canfali.com\/ca-es\/#\/schema\/logo\/image\/"},"sameAs":["https:\/\/es-es.facebook.com\/CANFALIMarinaAlta","https:\/\/x.com\/canfalima","https:\/\/www.instagram.com\/canfalimarinaalta\/"]},{"@type":"Person","@id":"https:\/\/canfali.com\/ca-es\/#\/schema\/person\/25dd7e79206e119c02d489a3b67ca83d","name":"Alex","image":{"@type":"ImageObject","inLanguage":"va-ES","@id":"https:\/\/secure.gravatar.com\/avatar\/98bd9e8345af882c94b4d49db053494ffab4b0a9ca408823ad3dbaf04d352f02?s=96&d=mm&r=g","url":"https:\/\/secure.gravatar.com\/avatar\/98bd9e8345af882c94b4d49db053494ffab4b0a9ca408823ad3dbaf04d352f02?s=96&d=mm&r=g","contentUrl":"https:\/\/secure.gravatar.com\/avatar\/98bd9e8345af882c94b4d49db053494ffab4b0a9ca408823ad3dbaf04d352f02?s=96&d=mm&r=g","caption":"Alex"},"url":"https:\/\/canfali.com\/ca-es\/author\/alex\/"}]}},"_links":{"self":[{"href":"https:\/\/canfali.com\/ca-es\/wp-json\/wp\/v2\/posts\/44737","targetHints":{"allow":["GET"]}}],"collection":[{"href":"https:\/\/canfali.com\/ca-es\/wp-json\/wp\/v2\/posts"}],"about":[{"href":"https:\/\/canfali.com\/ca-es\/wp-json\/wp\/v2\/types\/post"}],"author":[{"embeddable":true,"href":"https:\/\/canfali.com\/ca-es\/wp-json\/wp\/v2\/users\/2"}],"replies":[{"embeddable":true,"href":"https:\/\/canfali.com\/ca-es\/wp-json\/wp\/v2\/comments?post=44737"}],"version-history":[{"count":0,"href":"https:\/\/canfali.com\/ca-es\/wp-json\/wp\/v2\/posts\/44737\/revisions"}],"wp:featuredmedia":[{"embeddable":true,"href":"https:\/\/canfali.com\/ca-es\/wp-json\/wp\/v2\/media\/17088"}],"wp:attachment":[{"href":"https:\/\/canfali.com\/ca-es\/wp-json\/wp\/v2\/media?parent=44737"}],"wp:term":[{"taxonomy":"category","embeddable":true,"href":"https:\/\/canfali.com\/ca-es\/wp-json\/wp\/v2\/categories?post=44737"},{"taxonomy":"post_tag","embeddable":true,"href":"https:\/\/canfali.com\/ca-es\/wp-json\/wp\/v2\/tags?post=44737"}],"curies":[{"name":"wp","href":"https:\/\/api.w.org\/{rel}","templated":true}]}}