{"id":44734,"date":"2021-04-14T12:11:59","date_gmt":"2021-04-14T10:11:59","guid":{"rendered":"https:\/\/canfali.com\/el-equipo-de-gobierno-acusa-al-sep-de-crear-alarma-social-por-sus-denuncias-sobre-las-cmaras-de-videovigilancia-en-la-residencia\/"},"modified":"2025-02-21T12:24:18","modified_gmt":"2025-02-21T11:24:18","slug":"el-equipo-de-gobierno-acusa-al-sep-de-crear-alarma-social-por-sus-denuncias-sobre-las-cmaras-de-videovigilancia-en-la-residencia","status":"publish","type":"post","link":"https:\/\/canfali.com\/ca-es\/el-equipo-de-gobierno-acusa-al-sep-de-crear-alarma-social-por-sus-denuncias-sobre-las-cmaras-de-videovigilancia-en-la-residencia\/","title":{"rendered":"L&#8217;equip de govern acusa el SEP de crear alarma social per les seues den\u00fancies sobre les c\u00e0meres de videovigil\u00e0ncia en la resid\u00e8ncia\u00a0"},"content":{"rendered":"<p>&nbsp;<\/p>\n<p><strong>Assegura que cap envair&agrave; espais privats i que es retiraran les antigues&nbsp;<\/strong><\/p>\n<p>&nbsp;<\/p>\n<p>Les c&agrave;meres de vigil&agrave;ncia instal&middot;lades en la resid&egrave;ncia d&#39;ancians Saint Lucia serviran &uacute;nicament per a controlar les zones comunes i de pas, i per tant no envairan la intimitat dels usuaris. Ho ha assegurat l&#39;equip de govern de D&eacute;nia per a desmentir les acusacions llan&ccedil;ades des del sindicat SET. A m&eacute;s, aclareix que les cambres permeten un gir de 360 graus i que les que estan enfront dels lavabos no apunten a l&#39;interior dels banys sin&oacute; al corredor i a la porta d&#39;acc&eacute;s.<\/p>\n<p>El govern municipal ha lamentat profundament el comunicat em&eacute;s pel SEP sobre les c&agrave;meres de seguretat que s&#39;han col&middot;locat en l&#39;edifici de la resid&egrave;ncia. Explica que l&#39;objectiu &eacute;s vetlar per &ldquo;la integritat f&iacute;sica dels residents i garantir una r&agrave;pida actuaci&oacute; en cas, per exemple, de caigudes o episodis de desorientaci&oacute;&rdquo;. Segons l&#39;equip de govern, &ldquo;una vegada m&eacute;s es recorre a una instal&middot;laci&oacute; municipal especialment sensible, la resid&egrave;ncia, per a crear pol&egrave;mica i alarma social, amb finalitats m&eacute;s pol&iacute;tiques que pr&agrave;ctiques o laborals; recorrent a m&eacute;s al recurs q&uuml;estionable de despertar l&#39;alarma entre les fam&iacute;lies dels residents&rdquo;.<\/p>\n<p>A m&eacute;s, sost&eacute; que el comunicat del SEP cont&eacute; falsedats, que es podrien haver contrastat a trav&eacute;s de la direcci&oacute; del centre o de la regidoria abans de llan&ccedil;ar-se a la premsa.&nbsp;<\/p>\n<p>Els aclariments de l&#39;equip de govern s&oacute;n les seg&uuml;ents:&nbsp;<\/p>\n<p>Els t&egrave;cnics de l&#39;empresa instal&middot;ladora de les cambres van entrar en la resid&egrave;ncia, seguint les pautes del Pla de Conting&egrave;ncia aprovat per la Direcci&oacute; General del Major de la Conselleria. Per tant, diu el govern municipal, &ldquo;no s&#39;ha incomplit cap protocol ni lloc en perill la integritat d&#39;usuaris ni treballadors&rdquo;.<\/p>\n<p>A m&eacute;s, en contra del que va difondre el sindicat, aquest sistema de videovigil&agrave;ncia no se suma a l&#39;anterior, que fa temps que no est&agrave; operatiu. Les cambres antigues s&#39;han mantingut per a servir de refer&egrave;ncia d&#39;ubicaci&oacute; per a les noves, que ocuparan la mateixa posici&oacute;. Les que no serveixen es desinstal&middot;laran. Per tant, no hi ha duplicitat en el servei. A conseq&uuml;&egrave;ncia dels anterior, la resid&egrave;ncia no tindr&agrave; mig centenar de cambres sin&oacute; 22, que s&oacute;n &ldquo;les justificades per l&#39;estudi de necessitats, tenint en compte que es tracta d&#39;una instal&middot;laci&oacute; de tres plantes, un centre de dia, m&eacute;s els jardins exteriors&rdquo;, tal com ha subratllat l&#39;equip de govern.&nbsp;<\/p>\n<p>En altres espais municipals tamb&eacute; es col&middot;locaran c&agrave;meres de videovigil&agrave;ncia.&nbsp;<\/p>\n<p>D&#39;altra banda, els socialistes remarquen que &eacute;s rotundament fals que la direcci&oacute; del centre tinga acc&eacute;s al registre de les cambres des de casa i a qualsevol hora. Segons la llei, es tracta de &ldquo;un recurs laboral i de seguretat i protecci&oacute; controlat per personal autoritzat i amb estricte compliment de la protecci&oacute; de dades i el dret a la intimitat&rdquo;.<\/p>\n<p>A m&eacute;s, des del govern municipal s&#39;aposta per noves inversions en el centre i es recorda que l&#39;any passat, i malgrat la pand&egrave;mia, es van fer diverses actuacions com el canvi de finestres, adquisici&oacute; de nou material per a la cuina i bugaderia. Actualment, segons les mateixes fonts, est&agrave; en marxa el canvi de portes en la primera planta i la caldera. I en breu estaran els resultats tant de l&#39;auditoria de gesti&oacute; i com l&#39;estudi de necessitats d&#39;inversions futures en el centre, tal com es va comprometre l&#39;equip de govern amb el comit&eacute; de vaga del col&middot;lectiu d&#39;infermeria.&nbsp;<\/p>\n<p>Per&ograve;, segons l&#39;equip de govern, les inversions s&oacute;n independents del servei de videovigil&agrave;ncia adjudicat, que &eacute;s un contracte integral per a totes les depend&egrave;ncies municipals assumit a c&agrave;rrec del pressupost de la Regidoria de Seguretat Ciutadana. Afig que &ldquo;les obres de millora, manteniment i adaptaci&oacute; en Santa Ll&uacute;cia s&oacute;n cont&iacute;nues&rdquo;.<\/p>\n<p>L&#39;equip de govern reprova les manifestacions del sindicat SEP-CV &ldquo;per la seua escassa rigorositat, per la nul&middot;la voluntat de contrastar la informaci&oacute; amb la direcci&oacute; del centre o amb el mateix govern, i per la clara intencionalitat de provocar, una vegada m&eacute;s, una alarma injustificada, aprofitant a m&eacute;s un moment, l&#39;actual, especialment sensible pels mesos durs de pand&egrave;mia que hem passat i en els quals, precisament, el funcionament de la resid&egrave;ncia ha sigut exemplar gr&agrave;cies a l&#39;esfor&ccedil; del personal i els usuaris&rdquo;.<\/p>\n","protected":false},"excerpt":{"rendered":"&nbsp; Assegura que cap envair&agrave; espais privats i que es retiraran les antigues&nbsp; &nbsp; Les c&agrave;meres de vigil&agrave;ncia&hellip;","protected":false},"author":2,"featured_media":17079,"comment_status":"open","ping_status":"open","sticky":false,"template":"","format":"standard","meta":{"csco_display_header_overlay":false,"csco_singular_sidebar":"","csco_page_header_type":"","csco_page_load_nextpost":"","csco_post_video_location":[],"csco_post_video_location_hash":"","csco_post_video_url":"","csco_post_video_bg_start_time":0,"csco_post_video_bg_end_time":0,"footnotes":""},"categories":[37],"tags":[],"class_list":{"0":"post-44734","1":"post","2":"type-post","3":"status-publish","4":"format-standard","5":"has-post-thumbnail","7":"category-politica","8":"cs-entry","9":"cs-video-wrap"},"yoast_head":"<!-- This site is optimized with the Yoast SEO Premium plugin v26.6 (Yoast SEO v27.3) - https:\/\/yoast.com\/product\/yoast-seo-premium-wordpress\/ -->\n<title>L&#039;equip de govern acusa el SEP de crear alarma social per les seues den\u00fancies sobre les c\u00e0meres de videovigil\u00e0ncia en la resid\u00e8ncia\u00a0 - Canfali<\/title>\n<meta name=\"robots\" content=\"index, follow, max-snippet:-1, max-image-preview:large, max-video-preview:-1\" \/>\n<link rel=\"canonical\" href=\"https:\/\/canfali.com\/ca-es\/el-equipo-de-gobierno-acusa-al-sep-de-crear-alarma-social-por-sus-denuncias-sobre-las-cmaras-de-videovigilancia-en-la-residencia\/\" \/>\n<meta property=\"og:locale\" content=\"en_US\" \/>\n<meta property=\"og:type\" content=\"article\" \/>\n<meta property=\"og:title\" content=\"L&#039;equip de govern acusa el SEP de crear alarma social per les seues den\u00fancies sobre les c\u00e0meres de videovigil\u00e0ncia en la resid\u00e8ncia\u00a0\" \/>\n<meta property=\"og:description\" content=\"&nbsp; Assegura que cap envair&agrave; espais privats i que es retiraran les antigues&nbsp; &nbsp; Les c&agrave;meres de vigil&agrave;ncia&hellip;\" \/>\n<meta property=\"og:url\" content=\"https:\/\/canfali.com\/ca-es\/el-equipo-de-gobierno-acusa-al-sep-de-crear-alarma-social-por-sus-denuncias-sobre-las-cmaras-de-videovigilancia-en-la-residencia\/\" \/>\n<meta property=\"og:site_name\" content=\"Canfali\" \/>\n<meta property=\"article:publisher\" content=\"https:\/\/es-es.facebook.com\/CANFALIMarinaAlta\" \/>\n<meta property=\"article:published_time\" content=\"2021-04-14T10:11:59+00:00\" \/>\n<meta property=\"article:modified_time\" content=\"2025-02-21T11:24:18+00:00\" \/>\n<meta property=\"og:image\" content=\"https:\/\/canfali.com\/app\/uploads\/2025\/02\/b1cb14154b71f4f21ea90fe44658066d-scaled.jpg\" \/>\n\t<meta property=\"og:image:width\" content=\"1915\" \/>\n\t<meta property=\"og:image:height\" content=\"2560\" \/>\n\t<meta property=\"og:image:type\" content=\"image\/jpeg\" \/>\n<meta name=\"author\" content=\"Alex\" \/>\n<meta name=\"twitter:card\" content=\"summary_large_image\" \/>\n<meta name=\"twitter:creator\" content=\"@canfalima\" \/>\n<meta name=\"twitter:site\" content=\"@canfalima\" \/>\n<meta name=\"twitter:label1\" content=\"Written by\" \/>\n\t<meta name=\"twitter:data1\" content=\"Alex\" \/>\n\t<meta name=\"twitter:label2\" content=\"Est. reading time\" \/>\n\t<meta name=\"twitter:data2\" content=\"5 minutes\" \/>\n<script type=\"application\/ld+json\" class=\"yoast-schema-graph\">{\"@context\":\"https:\\\/\\\/schema.org\",\"@graph\":[{\"@type\":\"NewsArticle\",\"@id\":\"https:\\\/\\\/canfali.com\\\/ca-es\\\/el-equipo-de-gobierno-acusa-al-sep-de-crear-alarma-social-por-sus-denuncias-sobre-las-cmaras-de-videovigilancia-en-la-residencia\\\/#article\",\"isPartOf\":{\"@id\":\"https:\\\/\\\/canfali.com\\\/ca-es\\\/el-equipo-de-gobierno-acusa-al-sep-de-crear-alarma-social-por-sus-denuncias-sobre-las-cmaras-de-videovigilancia-en-la-residencia\\\/\"},\"author\":{\"name\":\"Alex\",\"@id\":\"https:\\\/\\\/canfali.com\\\/ca-es\\\/#\\\/schema\\\/person\\\/25dd7e79206e119c02d489a3b67ca83d\"},\"headline\":\"L&#8217;equip de govern acusa el SEP de crear alarma social per les seues den\u00fancies sobre les c\u00e0meres de videovigil\u00e0ncia en la resid\u00e8ncia\u00a0\",\"datePublished\":\"2021-04-14T10:11:59+00:00\",\"dateModified\":\"2025-02-21T11:24:18+00:00\",\"mainEntityOfPage\":{\"@id\":\"https:\\\/\\\/canfali.com\\\/ca-es\\\/el-equipo-de-gobierno-acusa-al-sep-de-crear-alarma-social-por-sus-denuncias-sobre-las-cmaras-de-videovigilancia-en-la-residencia\\\/\"},\"wordCount\":928,\"commentCount\":0,\"publisher\":{\"@id\":\"https:\\\/\\\/canfali.com\\\/ca-es\\\/#organization\"},\"image\":{\"@id\":\"https:\\\/\\\/canfali.com\\\/ca-es\\\/el-equipo-de-gobierno-acusa-al-sep-de-crear-alarma-social-por-sus-denuncias-sobre-las-cmaras-de-videovigilancia-en-la-residencia\\\/#primaryimage\"},\"thumbnailUrl\":\"https:\\\/\\\/canfali.com\\\/app\\\/uploads\\\/2025\\\/02\\\/b1cb14154b71f4f21ea90fe44658066d-scaled.jpg\",\"articleSection\":[\"Pol\u00edtica\"],\"inLanguage\":\"va-ES\",\"potentialAction\":[{\"@type\":\"CommentAction\",\"name\":\"Comment\",\"target\":[\"https:\\\/\\\/canfali.com\\\/ca-es\\\/el-equipo-de-gobierno-acusa-al-sep-de-crear-alarma-social-por-sus-denuncias-sobre-las-cmaras-de-videovigilancia-en-la-residencia\\\/#respond\"]}],\"copyrightYear\":\"2021\",\"copyrightHolder\":{\"@id\":\"https:\\\/\\\/canfali.com\\\/#organization\"}},{\"@type\":\"WebPage\",\"@id\":\"https:\\\/\\\/canfali.com\\\/ca-es\\\/el-equipo-de-gobierno-acusa-al-sep-de-crear-alarma-social-por-sus-denuncias-sobre-las-cmaras-de-videovigilancia-en-la-residencia\\\/\",\"url\":\"https:\\\/\\\/canfali.com\\\/ca-es\\\/el-equipo-de-gobierno-acusa-al-sep-de-crear-alarma-social-por-sus-denuncias-sobre-las-cmaras-de-videovigilancia-en-la-residencia\\\/\",\"name\":\"L'equip de govern acusa el SEP de crear alarma social per les seues den\u00fancies sobre les c\u00e0meres de videovigil\u00e0ncia en la resid\u00e8ncia\u00a0 - Canfali\",\"isPartOf\":{\"@id\":\"https:\\\/\\\/canfali.com\\\/ca-es\\\/#website\"},\"primaryImageOfPage\":{\"@id\":\"https:\\\/\\\/canfali.com\\\/ca-es\\\/el-equipo-de-gobierno-acusa-al-sep-de-crear-alarma-social-por-sus-denuncias-sobre-las-cmaras-de-videovigilancia-en-la-residencia\\\/#primaryimage\"},\"image\":{\"@id\":\"https:\\\/\\\/canfali.com\\\/ca-es\\\/el-equipo-de-gobierno-acusa-al-sep-de-crear-alarma-social-por-sus-denuncias-sobre-las-cmaras-de-videovigilancia-en-la-residencia\\\/#primaryimage\"},\"thumbnailUrl\":\"https:\\\/\\\/canfali.com\\\/app\\\/uploads\\\/2025\\\/02\\\/b1cb14154b71f4f21ea90fe44658066d-scaled.jpg\",\"datePublished\":\"2021-04-14T10:11:59+00:00\",\"dateModified\":\"2025-02-21T11:24:18+00:00\",\"breadcrumb\":{\"@id\":\"https:\\\/\\\/canfali.com\\\/ca-es\\\/el-equipo-de-gobierno-acusa-al-sep-de-crear-alarma-social-por-sus-denuncias-sobre-las-cmaras-de-videovigilancia-en-la-residencia\\\/#breadcrumb\"},\"inLanguage\":\"va-ES\",\"potentialAction\":[{\"@type\":\"ReadAction\",\"target\":[\"https:\\\/\\\/canfali.com\\\/ca-es\\\/el-equipo-de-gobierno-acusa-al-sep-de-crear-alarma-social-por-sus-denuncias-sobre-las-cmaras-de-videovigilancia-en-la-residencia\\\/\"]}]},{\"@type\":\"ImageObject\",\"inLanguage\":\"va-ES\",\"@id\":\"https:\\\/\\\/canfali.com\\\/ca-es\\\/el-equipo-de-gobierno-acusa-al-sep-de-crear-alarma-social-por-sus-denuncias-sobre-las-cmaras-de-videovigilancia-en-la-residencia\\\/#primaryimage\",\"url\":\"https:\\\/\\\/canfali.com\\\/app\\\/uploads\\\/2025\\\/02\\\/b1cb14154b71f4f21ea90fe44658066d-scaled.jpg\",\"contentUrl\":\"https:\\\/\\\/canfali.com\\\/app\\\/uploads\\\/2025\\\/02\\\/b1cb14154b71f4f21ea90fe44658066d-scaled.jpg\",\"width\":1915,\"height\":2560},{\"@type\":\"BreadcrumbList\",\"@id\":\"https:\\\/\\\/canfali.com\\\/ca-es\\\/el-equipo-de-gobierno-acusa-al-sep-de-crear-alarma-social-por-sus-denuncias-sobre-las-cmaras-de-videovigilancia-en-la-residencia\\\/#breadcrumb\",\"itemListElement\":[{\"@type\":\"ListItem\",\"position\":1,\"name\":\"Portada\",\"item\":\"https:\\\/\\\/canfali.com\\\/ca-es\\\/\"},{\"@type\":\"ListItem\",\"position\":2,\"name\":\"L&#8217;equip de govern acusa el SEP de crear alarma social per les seues den\u00fancies sobre les c\u00e0meres de videovigil\u00e0ncia en la resid\u00e8ncia\u00a0\"}]},{\"@type\":\"WebSite\",\"@id\":\"https:\\\/\\\/canfali.com\\\/ca-es\\\/#website\",\"url\":\"https:\\\/\\\/canfali.com\\\/ca-es\\\/\",\"name\":\"Canfali\",\"description\":\"\",\"publisher\":{\"@id\":\"https:\\\/\\\/canfali.com\\\/ca-es\\\/#organization\"},\"potentialAction\":[{\"@type\":\"SearchAction\",\"target\":{\"@type\":\"EntryPoint\",\"urlTemplate\":\"https:\\\/\\\/canfali.com\\\/ca-es\\\/?s={search_term_string}\"},\"query-input\":{\"@type\":\"PropertyValueSpecification\",\"valueRequired\":true,\"valueName\":\"search_term_string\"}}],\"inLanguage\":\"va-ES\"},{\"@type\":\"Organization\",\"@id\":\"https:\\\/\\\/canfali.com\\\/ca-es\\\/#organization\",\"name\":\"Canfali\",\"url\":\"https:\\\/\\\/canfali.com\\\/ca-es\\\/\",\"logo\":{\"@type\":\"ImageObject\",\"inLanguage\":\"va-ES\",\"@id\":\"https:\\\/\\\/canfali.com\\\/ca-es\\\/#\\\/schema\\\/logo\\\/image\\\/\",\"url\":\"https:\\\/\\\/canfali.com\\\/app\\\/uploads\\\/2025\\\/12\\\/canfali_marina_alta_logo.png\",\"contentUrl\":\"https:\\\/\\\/canfali.com\\\/app\\\/uploads\\\/2025\\\/12\\\/canfali_marina_alta_logo.png\",\"width\":225,\"height\":225,\"caption\":\"Canfali\"},\"image\":{\"@id\":\"https:\\\/\\\/canfali.com\\\/ca-es\\\/#\\\/schema\\\/logo\\\/image\\\/\"},\"sameAs\":[\"https:\\\/\\\/es-es.facebook.com\\\/CANFALIMarinaAlta\",\"https:\\\/\\\/x.com\\\/canfalima\",\"https:\\\/\\\/www.instagram.com\\\/canfalimarinaalta\\\/\"]},{\"@type\":\"Person\",\"@id\":\"https:\\\/\\\/canfali.com\\\/ca-es\\\/#\\\/schema\\\/person\\\/25dd7e79206e119c02d489a3b67ca83d\",\"name\":\"Alex\",\"image\":{\"@type\":\"ImageObject\",\"inLanguage\":\"va-ES\",\"@id\":\"https:\\\/\\\/secure.gravatar.com\\\/avatar\\\/98bd9e8345af882c94b4d49db053494ffab4b0a9ca408823ad3dbaf04d352f02?s=96&d=mm&r=g\",\"url\":\"https:\\\/\\\/secure.gravatar.com\\\/avatar\\\/98bd9e8345af882c94b4d49db053494ffab4b0a9ca408823ad3dbaf04d352f02?s=96&d=mm&r=g\",\"contentUrl\":\"https:\\\/\\\/secure.gravatar.com\\\/avatar\\\/98bd9e8345af882c94b4d49db053494ffab4b0a9ca408823ad3dbaf04d352f02?s=96&d=mm&r=g\",\"caption\":\"Alex\"},\"url\":\"https:\\\/\\\/canfali.com\\\/ca-es\\\/author\\\/alex\\\/\"}]}<\/script>\n<!-- \/ Yoast SEO Premium plugin. -->","yoast_head_json":{"title":"L'equip de govern acusa el SEP de crear alarma social per les seues den\u00fancies sobre les c\u00e0meres de videovigil\u00e0ncia en la resid\u00e8ncia\u00a0 - Canfali","robots":{"index":"index","follow":"follow","max-snippet":"max-snippet:-1","max-image-preview":"max-image-preview:large","max-video-preview":"max-video-preview:-1"},"canonical":"https:\/\/canfali.com\/ca-es\/el-equipo-de-gobierno-acusa-al-sep-de-crear-alarma-social-por-sus-denuncias-sobre-las-cmaras-de-videovigilancia-en-la-residencia\/","og_locale":"en_US","og_type":"article","og_title":"L'equip de govern acusa el SEP de crear alarma social per les seues den\u00fancies sobre les c\u00e0meres de videovigil\u00e0ncia en la resid\u00e8ncia\u00a0","og_description":"&nbsp; Assegura que cap envair&agrave; espais privats i que es retiraran les antigues&nbsp; &nbsp; Les c&agrave;meres de vigil&agrave;ncia&hellip;","og_url":"https:\/\/canfali.com\/ca-es\/el-equipo-de-gobierno-acusa-al-sep-de-crear-alarma-social-por-sus-denuncias-sobre-las-cmaras-de-videovigilancia-en-la-residencia\/","og_site_name":"Canfali","article_publisher":"https:\/\/es-es.facebook.com\/CANFALIMarinaAlta","article_published_time":"2021-04-14T10:11:59+00:00","article_modified_time":"2025-02-21T11:24:18+00:00","og_image":[{"width":1915,"height":2560,"url":"https:\/\/canfali.com\/app\/uploads\/2025\/02\/b1cb14154b71f4f21ea90fe44658066d-scaled.jpg","type":"image\/jpeg"}],"author":"Alex","twitter_card":"summary_large_image","twitter_creator":"@canfalima","twitter_site":"@canfalima","twitter_misc":{"Written by":"Alex","Est. reading time":"5 minutes"},"schema":{"@context":"https:\/\/schema.org","@graph":[{"@type":"NewsArticle","@id":"https:\/\/canfali.com\/ca-es\/el-equipo-de-gobierno-acusa-al-sep-de-crear-alarma-social-por-sus-denuncias-sobre-las-cmaras-de-videovigilancia-en-la-residencia\/#article","isPartOf":{"@id":"https:\/\/canfali.com\/ca-es\/el-equipo-de-gobierno-acusa-al-sep-de-crear-alarma-social-por-sus-denuncias-sobre-las-cmaras-de-videovigilancia-en-la-residencia\/"},"author":{"name":"Alex","@id":"https:\/\/canfali.com\/ca-es\/#\/schema\/person\/25dd7e79206e119c02d489a3b67ca83d"},"headline":"L&#8217;equip de govern acusa el SEP de crear alarma social per les seues den\u00fancies sobre les c\u00e0meres de videovigil\u00e0ncia en la resid\u00e8ncia\u00a0","datePublished":"2021-04-14T10:11:59+00:00","dateModified":"2025-02-21T11:24:18+00:00","mainEntityOfPage":{"@id":"https:\/\/canfali.com\/ca-es\/el-equipo-de-gobierno-acusa-al-sep-de-crear-alarma-social-por-sus-denuncias-sobre-las-cmaras-de-videovigilancia-en-la-residencia\/"},"wordCount":928,"commentCount":0,"publisher":{"@id":"https:\/\/canfali.com\/ca-es\/#organization"},"image":{"@id":"https:\/\/canfali.com\/ca-es\/el-equipo-de-gobierno-acusa-al-sep-de-crear-alarma-social-por-sus-denuncias-sobre-las-cmaras-de-videovigilancia-en-la-residencia\/#primaryimage"},"thumbnailUrl":"https:\/\/canfali.com\/app\/uploads\/2025\/02\/b1cb14154b71f4f21ea90fe44658066d-scaled.jpg","articleSection":["Pol\u00edtica"],"inLanguage":"va-ES","potentialAction":[{"@type":"CommentAction","name":"Comment","target":["https:\/\/canfali.com\/ca-es\/el-equipo-de-gobierno-acusa-al-sep-de-crear-alarma-social-por-sus-denuncias-sobre-las-cmaras-de-videovigilancia-en-la-residencia\/#respond"]}],"copyrightYear":"2021","copyrightHolder":{"@id":"https:\/\/canfali.com\/#organization"}},{"@type":"WebPage","@id":"https:\/\/canfali.com\/ca-es\/el-equipo-de-gobierno-acusa-al-sep-de-crear-alarma-social-por-sus-denuncias-sobre-las-cmaras-de-videovigilancia-en-la-residencia\/","url":"https:\/\/canfali.com\/ca-es\/el-equipo-de-gobierno-acusa-al-sep-de-crear-alarma-social-por-sus-denuncias-sobre-las-cmaras-de-videovigilancia-en-la-residencia\/","name":"L'equip de govern acusa el SEP de crear alarma social per les seues den\u00fancies sobre les c\u00e0meres de videovigil\u00e0ncia en la resid\u00e8ncia\u00a0 - Canfali","isPartOf":{"@id":"https:\/\/canfali.com\/ca-es\/#website"},"primaryImageOfPage":{"@id":"https:\/\/canfali.com\/ca-es\/el-equipo-de-gobierno-acusa-al-sep-de-crear-alarma-social-por-sus-denuncias-sobre-las-cmaras-de-videovigilancia-en-la-residencia\/#primaryimage"},"image":{"@id":"https:\/\/canfali.com\/ca-es\/el-equipo-de-gobierno-acusa-al-sep-de-crear-alarma-social-por-sus-denuncias-sobre-las-cmaras-de-videovigilancia-en-la-residencia\/#primaryimage"},"thumbnailUrl":"https:\/\/canfali.com\/app\/uploads\/2025\/02\/b1cb14154b71f4f21ea90fe44658066d-scaled.jpg","datePublished":"2021-04-14T10:11:59+00:00","dateModified":"2025-02-21T11:24:18+00:00","breadcrumb":{"@id":"https:\/\/canfali.com\/ca-es\/el-equipo-de-gobierno-acusa-al-sep-de-crear-alarma-social-por-sus-denuncias-sobre-las-cmaras-de-videovigilancia-en-la-residencia\/#breadcrumb"},"inLanguage":"va-ES","potentialAction":[{"@type":"ReadAction","target":["https:\/\/canfali.com\/ca-es\/el-equipo-de-gobierno-acusa-al-sep-de-crear-alarma-social-por-sus-denuncias-sobre-las-cmaras-de-videovigilancia-en-la-residencia\/"]}]},{"@type":"ImageObject","inLanguage":"va-ES","@id":"https:\/\/canfali.com\/ca-es\/el-equipo-de-gobierno-acusa-al-sep-de-crear-alarma-social-por-sus-denuncias-sobre-las-cmaras-de-videovigilancia-en-la-residencia\/#primaryimage","url":"https:\/\/canfali.com\/app\/uploads\/2025\/02\/b1cb14154b71f4f21ea90fe44658066d-scaled.jpg","contentUrl":"https:\/\/canfali.com\/app\/uploads\/2025\/02\/b1cb14154b71f4f21ea90fe44658066d-scaled.jpg","width":1915,"height":2560},{"@type":"BreadcrumbList","@id":"https:\/\/canfali.com\/ca-es\/el-equipo-de-gobierno-acusa-al-sep-de-crear-alarma-social-por-sus-denuncias-sobre-las-cmaras-de-videovigilancia-en-la-residencia\/#breadcrumb","itemListElement":[{"@type":"ListItem","position":1,"name":"Portada","item":"https:\/\/canfali.com\/ca-es\/"},{"@type":"ListItem","position":2,"name":"L&#8217;equip de govern acusa el SEP de crear alarma social per les seues den\u00fancies sobre les c\u00e0meres de videovigil\u00e0ncia en la resid\u00e8ncia\u00a0"}]},{"@type":"WebSite","@id":"https:\/\/canfali.com\/ca-es\/#website","url":"https:\/\/canfali.com\/ca-es\/","name":"Canfali","description":"","publisher":{"@id":"https:\/\/canfali.com\/ca-es\/#organization"},"potentialAction":[{"@type":"SearchAction","target":{"@type":"EntryPoint","urlTemplate":"https:\/\/canfali.com\/ca-es\/?s={search_term_string}"},"query-input":{"@type":"PropertyValueSpecification","valueRequired":true,"valueName":"search_term_string"}}],"inLanguage":"va-ES"},{"@type":"Organization","@id":"https:\/\/canfali.com\/ca-es\/#organization","name":"Canfali","url":"https:\/\/canfali.com\/ca-es\/","logo":{"@type":"ImageObject","inLanguage":"va-ES","@id":"https:\/\/canfali.com\/ca-es\/#\/schema\/logo\/image\/","url":"https:\/\/canfali.com\/app\/uploads\/2025\/12\/canfali_marina_alta_logo.png","contentUrl":"https:\/\/canfali.com\/app\/uploads\/2025\/12\/canfali_marina_alta_logo.png","width":225,"height":225,"caption":"Canfali"},"image":{"@id":"https:\/\/canfali.com\/ca-es\/#\/schema\/logo\/image\/"},"sameAs":["https:\/\/es-es.facebook.com\/CANFALIMarinaAlta","https:\/\/x.com\/canfalima","https:\/\/www.instagram.com\/canfalimarinaalta\/"]},{"@type":"Person","@id":"https:\/\/canfali.com\/ca-es\/#\/schema\/person\/25dd7e79206e119c02d489a3b67ca83d","name":"Alex","image":{"@type":"ImageObject","inLanguage":"va-ES","@id":"https:\/\/secure.gravatar.com\/avatar\/98bd9e8345af882c94b4d49db053494ffab4b0a9ca408823ad3dbaf04d352f02?s=96&d=mm&r=g","url":"https:\/\/secure.gravatar.com\/avatar\/98bd9e8345af882c94b4d49db053494ffab4b0a9ca408823ad3dbaf04d352f02?s=96&d=mm&r=g","contentUrl":"https:\/\/secure.gravatar.com\/avatar\/98bd9e8345af882c94b4d49db053494ffab4b0a9ca408823ad3dbaf04d352f02?s=96&d=mm&r=g","caption":"Alex"},"url":"https:\/\/canfali.com\/ca-es\/author\/alex\/"}]}},"_links":{"self":[{"href":"https:\/\/canfali.com\/ca-es\/wp-json\/wp\/v2\/posts\/44734","targetHints":{"allow":["GET"]}}],"collection":[{"href":"https:\/\/canfali.com\/ca-es\/wp-json\/wp\/v2\/posts"}],"about":[{"href":"https:\/\/canfali.com\/ca-es\/wp-json\/wp\/v2\/types\/post"}],"author":[{"embeddable":true,"href":"https:\/\/canfali.com\/ca-es\/wp-json\/wp\/v2\/users\/2"}],"replies":[{"embeddable":true,"href":"https:\/\/canfali.com\/ca-es\/wp-json\/wp\/v2\/comments?post=44734"}],"version-history":[{"count":0,"href":"https:\/\/canfali.com\/ca-es\/wp-json\/wp\/v2\/posts\/44734\/revisions"}],"wp:featuredmedia":[{"embeddable":true,"href":"https:\/\/canfali.com\/ca-es\/wp-json\/wp\/v2\/media\/17079"}],"wp:attachment":[{"href":"https:\/\/canfali.com\/ca-es\/wp-json\/wp\/v2\/media?parent=44734"}],"wp:term":[{"taxonomy":"category","embeddable":true,"href":"https:\/\/canfali.com\/ca-es\/wp-json\/wp\/v2\/categories?post=44734"},{"taxonomy":"post_tag","embeddable":true,"href":"https:\/\/canfali.com\/ca-es\/wp-json\/wp\/v2\/tags?post=44734"}],"curies":[{"name":"wp","href":"https:\/\/api.w.org\/{rel}","templated":true}]}}