{"id":44731,"date":"2021-04-13T17:33:28","date_gmt":"2021-04-13T15:33:28","guid":{"rendered":"https:\/\/canfali.com\/calp-gastar-casi-45-millones-de-euros-en-el-servicio-de-recogida-de-basura-en-los-prximos-nueve-aos\/"},"modified":"2025-02-21T12:24:09","modified_gmt":"2025-02-21T11:24:09","slug":"calp-gastar-casi-45-millones-de-euros-en-el-servicio-de-recogida-de-basura-en-los-prximos-nueve-aos","status":"publish","type":"post","link":"https:\/\/canfali.com\/ca-es\/calp-gastar-casi-45-millones-de-euros-en-el-servicio-de-recogida-de-basura-en-los-prximos-nueve-aos\/","title":{"rendered":"Calp gastar\u00e0 quasi 45 milions d&#8217;euros en el servei de recollida de fem en els pr\u00f2xims nou anys"},"content":{"rendered":"<p>&nbsp;<\/p>\n<p>El nou plec del servei de recollida i transport de residus s&ograve;lids urbans i de neteja vi&agrave;ria ha sigut aprovat pel ple amb els vots exclusius de l&#39;equip de govern, format per PP i C&rsquo;s. Per a recollir el fem se signar&agrave; un contracte de 44.811.285 euros per als pr&ograve;xims nou anys. Un acord que ha comptat amb el vot en contra de tots els grups de l&#39;oposici&oacute;, que s&oacute;n partidaris de la gesti&oacute; directa &ndash;com en les localitats ve&iuml;nes de Benissa i Teulada Moraira-o de mancomunar aquest servei.<\/p>\n<p>&nbsp;&nbsp;&nbsp;&nbsp;&nbsp;&nbsp;&nbsp;&nbsp;&nbsp;&nbsp;&nbsp; El portaveu de Ciutadans i regidor de Territori i Medi Ambient, Juan Manuel del Pi, ha mostrat la seua sorpresa per la desconfian&ccedil;a de l&#39;oposici&oacute; cap al plec, va negar que el departament de Medi Ambient haguera desat&eacute;s la licitaci&oacute; i va qualificar d&#39;inviable fer una planta de transfer&egrave;ncies a Calp. L&#39;alcaldessa, Ana Sala, diu que &ldquo;amb aquest contracte vol&iacute;em que Calp f&oacute;ra el municipi m&eacute;s net d&#39;Espanya, si no pot ser-ho almenys intentar acostar-nos a aquesta premissa&rdquo;. Entre les novetats del nou servei destaca la substituci&oacute; dels contenidors i la recollida i el tractament de la poda per al seu reciclatge. &ldquo;El plec &eacute;s modern i aposta per la sostenibilitat&rdquo;, assenyala Sala.<\/p>\n","protected":false},"excerpt":{"rendered":"L&#8217;oposici\u00f3 vota en contra perqu\u00e8 \u00e9s partid\u00e0ria de la municipalitzaci\u00f3","protected":false},"author":2,"featured_media":17070,"comment_status":"closed","ping_status":"closed","sticky":false,"template":"","format":"standard","meta":{"csco_display_header_overlay":false,"csco_singular_sidebar":"","csco_page_header_type":"","csco_page_load_nextpost":"","csco_post_video_location":[],"csco_post_video_location_hash":"","csco_post_video_url":"","csco_post_video_bg_start_time":0,"csco_post_video_bg_end_time":0,"footnotes":""},"categories":[37],"tags":[],"class_list":{"0":"post-44731","1":"post","2":"type-post","3":"status-publish","4":"format-standard","5":"has-post-thumbnail","7":"category-politica","8":"cs-entry","9":"cs-video-wrap"},"yoast_head":"<!-- This site is optimized with the Yoast SEO Premium plugin v26.6 (Yoast SEO v27.3) - https:\/\/yoast.com\/product\/yoast-seo-premium-wordpress\/ -->\n<title>Calp gastar\u00e0 quasi 45 milions d&#039;euros en el servei de recollida de fem en els pr\u00f2xims nou anys - Canfali<\/title>\n<meta name=\"robots\" content=\"index, follow, max-snippet:-1, max-image-preview:large, max-video-preview:-1\" \/>\n<link rel=\"canonical\" href=\"https:\/\/canfali.com\/ca-es\/calp-gastar-casi-45-millones-de-euros-en-el-servicio-de-recogida-de-basura-en-los-prximos-nueve-aos\/\" \/>\n<meta property=\"og:locale\" content=\"en_US\" \/>\n<meta property=\"og:type\" content=\"article\" \/>\n<meta property=\"og:title\" content=\"Calp gastar\u00e0 quasi 45 milions d&#039;euros en el servei de recollida de fem en els pr\u00f2xims nou anys\" \/>\n<meta property=\"og:description\" content=\"L&#039;oposici\u00f3 vota en contra perqu\u00e8 \u00e9s partid\u00e0ria de la municipalitzaci\u00f3\" \/>\n<meta property=\"og:url\" content=\"https:\/\/canfali.com\/ca-es\/calp-gastar-casi-45-millones-de-euros-en-el-servicio-de-recogida-de-basura-en-los-prximos-nueve-aos\/\" \/>\n<meta property=\"og:site_name\" content=\"Canfali\" \/>\n<meta property=\"article:publisher\" content=\"https:\/\/es-es.facebook.com\/CANFALIMarinaAlta\" \/>\n<meta property=\"article:published_time\" content=\"2021-04-13T15:33:28+00:00\" \/>\n<meta property=\"article:modified_time\" content=\"2025-02-21T11:24:09+00:00\" \/>\n<meta property=\"og:image\" content=\"https:\/\/canfali.com\/app\/uploads\/2025\/02\/9081f062b8576c3201204043374da63b.jpg\" \/>\n\t<meta property=\"og:image:width\" content=\"880\" \/>\n\t<meta property=\"og:image:height\" content=\"495\" \/>\n\t<meta property=\"og:image:type\" content=\"image\/jpeg\" \/>\n<meta name=\"author\" content=\"Alex\" \/>\n<meta name=\"twitter:card\" content=\"summary_large_image\" \/>\n<meta name=\"twitter:creator\" content=\"@canfalima\" \/>\n<meta name=\"twitter:site\" content=\"@canfalima\" \/>\n<meta name=\"twitter:label1\" content=\"Written by\" \/>\n\t<meta name=\"twitter:data1\" content=\"Alex\" \/>\n\t<meta name=\"twitter:label2\" content=\"Est. reading time\" \/>\n\t<meta name=\"twitter:data2\" content=\"1 minute\" \/>\n<script type=\"application\/ld+json\" class=\"yoast-schema-graph\">{\"@context\":\"https:\\\/\\\/schema.org\",\"@graph\":[{\"@type\":\"NewsArticle\",\"@id\":\"https:\\\/\\\/canfali.com\\\/ca-es\\\/calp-gastar-casi-45-millones-de-euros-en-el-servicio-de-recogida-de-basura-en-los-prximos-nueve-aos\\\/#article\",\"isPartOf\":{\"@id\":\"https:\\\/\\\/canfali.com\\\/ca-es\\\/calp-gastar-casi-45-millones-de-euros-en-el-servicio-de-recogida-de-basura-en-los-prximos-nueve-aos\\\/\"},\"author\":{\"name\":\"Alex\",\"@id\":\"https:\\\/\\\/canfali.com\\\/ca-es\\\/#\\\/schema\\\/person\\\/25dd7e79206e119c02d489a3b67ca83d\"},\"headline\":\"Calp gastar\u00e0 quasi 45 milions d&#8217;euros en el servei de recollida de fem en els pr\u00f2xims nou anys\",\"datePublished\":\"2021-04-13T15:33:28+00:00\",\"dateModified\":\"2025-02-21T11:24:09+00:00\",\"mainEntityOfPage\":{\"@id\":\"https:\\\/\\\/canfali.com\\\/ca-es\\\/calp-gastar-casi-45-millones-de-euros-en-el-servicio-de-recogida-de-basura-en-los-prximos-nueve-aos\\\/\"},\"wordCount\":274,\"publisher\":{\"@id\":\"https:\\\/\\\/canfali.com\\\/ca-es\\\/#organization\"},\"image\":{\"@id\":\"https:\\\/\\\/canfali.com\\\/ca-es\\\/calp-gastar-casi-45-millones-de-euros-en-el-servicio-de-recogida-de-basura-en-los-prximos-nueve-aos\\\/#primaryimage\"},\"thumbnailUrl\":\"https:\\\/\\\/canfali.com\\\/app\\\/uploads\\\/2025\\\/02\\\/9081f062b8576c3201204043374da63b.jpg\",\"articleSection\":[\"Pol\u00edtica\"],\"inLanguage\":\"va-ES\",\"copyrightYear\":\"2021\",\"copyrightHolder\":{\"@id\":\"https:\\\/\\\/canfali.com\\\/#organization\"}},{\"@type\":\"WebPage\",\"@id\":\"https:\\\/\\\/canfali.com\\\/ca-es\\\/calp-gastar-casi-45-millones-de-euros-en-el-servicio-de-recogida-de-basura-en-los-prximos-nueve-aos\\\/\",\"url\":\"https:\\\/\\\/canfali.com\\\/ca-es\\\/calp-gastar-casi-45-millones-de-euros-en-el-servicio-de-recogida-de-basura-en-los-prximos-nueve-aos\\\/\",\"name\":\"Calp gastar\u00e0 quasi 45 milions d'euros en el servei de recollida de fem en els pr\u00f2xims nou anys - Canfali\",\"isPartOf\":{\"@id\":\"https:\\\/\\\/canfali.com\\\/ca-es\\\/#website\"},\"primaryImageOfPage\":{\"@id\":\"https:\\\/\\\/canfali.com\\\/ca-es\\\/calp-gastar-casi-45-millones-de-euros-en-el-servicio-de-recogida-de-basura-en-los-prximos-nueve-aos\\\/#primaryimage\"},\"image\":{\"@id\":\"https:\\\/\\\/canfali.com\\\/ca-es\\\/calp-gastar-casi-45-millones-de-euros-en-el-servicio-de-recogida-de-basura-en-los-prximos-nueve-aos\\\/#primaryimage\"},\"thumbnailUrl\":\"https:\\\/\\\/canfali.com\\\/app\\\/uploads\\\/2025\\\/02\\\/9081f062b8576c3201204043374da63b.jpg\",\"datePublished\":\"2021-04-13T15:33:28+00:00\",\"dateModified\":\"2025-02-21T11:24:09+00:00\",\"breadcrumb\":{\"@id\":\"https:\\\/\\\/canfali.com\\\/ca-es\\\/calp-gastar-casi-45-millones-de-euros-en-el-servicio-de-recogida-de-basura-en-los-prximos-nueve-aos\\\/#breadcrumb\"},\"inLanguage\":\"va-ES\",\"potentialAction\":[{\"@type\":\"ReadAction\",\"target\":[\"https:\\\/\\\/canfali.com\\\/ca-es\\\/calp-gastar-casi-45-millones-de-euros-en-el-servicio-de-recogida-de-basura-en-los-prximos-nueve-aos\\\/\"]}]},{\"@type\":\"ImageObject\",\"inLanguage\":\"va-ES\",\"@id\":\"https:\\\/\\\/canfali.com\\\/ca-es\\\/calp-gastar-casi-45-millones-de-euros-en-el-servicio-de-recogida-de-basura-en-los-prximos-nueve-aos\\\/#primaryimage\",\"url\":\"https:\\\/\\\/canfali.com\\\/app\\\/uploads\\\/2025\\\/02\\\/9081f062b8576c3201204043374da63b.jpg\",\"contentUrl\":\"https:\\\/\\\/canfali.com\\\/app\\\/uploads\\\/2025\\\/02\\\/9081f062b8576c3201204043374da63b.jpg\",\"width\":880,\"height\":495},{\"@type\":\"BreadcrumbList\",\"@id\":\"https:\\\/\\\/canfali.com\\\/ca-es\\\/calp-gastar-casi-45-millones-de-euros-en-el-servicio-de-recogida-de-basura-en-los-prximos-nueve-aos\\\/#breadcrumb\",\"itemListElement\":[{\"@type\":\"ListItem\",\"position\":1,\"name\":\"Portada\",\"item\":\"https:\\\/\\\/canfali.com\\\/ca-es\\\/\"},{\"@type\":\"ListItem\",\"position\":2,\"name\":\"Calp gastar\u00e0 quasi 45 milions d&#8217;euros en el servei de recollida de fem en els pr\u00f2xims nou anys\"}]},{\"@type\":\"WebSite\",\"@id\":\"https:\\\/\\\/canfali.com\\\/ca-es\\\/#website\",\"url\":\"https:\\\/\\\/canfali.com\\\/ca-es\\\/\",\"name\":\"Canfali\",\"description\":\"\",\"publisher\":{\"@id\":\"https:\\\/\\\/canfali.com\\\/ca-es\\\/#organization\"},\"potentialAction\":[{\"@type\":\"SearchAction\",\"target\":{\"@type\":\"EntryPoint\",\"urlTemplate\":\"https:\\\/\\\/canfali.com\\\/ca-es\\\/?s={search_term_string}\"},\"query-input\":{\"@type\":\"PropertyValueSpecification\",\"valueRequired\":true,\"valueName\":\"search_term_string\"}}],\"inLanguage\":\"va-ES\"},{\"@type\":\"Organization\",\"@id\":\"https:\\\/\\\/canfali.com\\\/ca-es\\\/#organization\",\"name\":\"Canfali\",\"url\":\"https:\\\/\\\/canfali.com\\\/ca-es\\\/\",\"logo\":{\"@type\":\"ImageObject\",\"inLanguage\":\"va-ES\",\"@id\":\"https:\\\/\\\/canfali.com\\\/ca-es\\\/#\\\/schema\\\/logo\\\/image\\\/\",\"url\":\"https:\\\/\\\/canfali.com\\\/app\\\/uploads\\\/2025\\\/12\\\/canfali_marina_alta_logo.png\",\"contentUrl\":\"https:\\\/\\\/canfali.com\\\/app\\\/uploads\\\/2025\\\/12\\\/canfali_marina_alta_logo.png\",\"width\":225,\"height\":225,\"caption\":\"Canfali\"},\"image\":{\"@id\":\"https:\\\/\\\/canfali.com\\\/ca-es\\\/#\\\/schema\\\/logo\\\/image\\\/\"},\"sameAs\":[\"https:\\\/\\\/es-es.facebook.com\\\/CANFALIMarinaAlta\",\"https:\\\/\\\/x.com\\\/canfalima\",\"https:\\\/\\\/www.instagram.com\\\/canfalimarinaalta\\\/\"]},{\"@type\":\"Person\",\"@id\":\"https:\\\/\\\/canfali.com\\\/ca-es\\\/#\\\/schema\\\/person\\\/25dd7e79206e119c02d489a3b67ca83d\",\"name\":\"Alex\",\"image\":{\"@type\":\"ImageObject\",\"inLanguage\":\"va-ES\",\"@id\":\"https:\\\/\\\/secure.gravatar.com\\\/avatar\\\/98bd9e8345af882c94b4d49db053494ffab4b0a9ca408823ad3dbaf04d352f02?s=96&d=mm&r=g\",\"url\":\"https:\\\/\\\/secure.gravatar.com\\\/avatar\\\/98bd9e8345af882c94b4d49db053494ffab4b0a9ca408823ad3dbaf04d352f02?s=96&d=mm&r=g\",\"contentUrl\":\"https:\\\/\\\/secure.gravatar.com\\\/avatar\\\/98bd9e8345af882c94b4d49db053494ffab4b0a9ca408823ad3dbaf04d352f02?s=96&d=mm&r=g\",\"caption\":\"Alex\"},\"url\":\"https:\\\/\\\/canfali.com\\\/ca-es\\\/author\\\/alex\\\/\"}]}<\/script>\n<!-- \/ Yoast SEO Premium plugin. -->","yoast_head_json":{"title":"Calp gastar\u00e0 quasi 45 milions d'euros en el servei de recollida de fem en els pr\u00f2xims nou anys - Canfali","robots":{"index":"index","follow":"follow","max-snippet":"max-snippet:-1","max-image-preview":"max-image-preview:large","max-video-preview":"max-video-preview:-1"},"canonical":"https:\/\/canfali.com\/ca-es\/calp-gastar-casi-45-millones-de-euros-en-el-servicio-de-recogida-de-basura-en-los-prximos-nueve-aos\/","og_locale":"en_US","og_type":"article","og_title":"Calp gastar\u00e0 quasi 45 milions d'euros en el servei de recollida de fem en els pr\u00f2xims nou anys","og_description":"L'oposici\u00f3 vota en contra perqu\u00e8 \u00e9s partid\u00e0ria de la municipalitzaci\u00f3","og_url":"https:\/\/canfali.com\/ca-es\/calp-gastar-casi-45-millones-de-euros-en-el-servicio-de-recogida-de-basura-en-los-prximos-nueve-aos\/","og_site_name":"Canfali","article_publisher":"https:\/\/es-es.facebook.com\/CANFALIMarinaAlta","article_published_time":"2021-04-13T15:33:28+00:00","article_modified_time":"2025-02-21T11:24:09+00:00","og_image":[{"width":880,"height":495,"url":"https:\/\/canfali.com\/app\/uploads\/2025\/02\/9081f062b8576c3201204043374da63b.jpg","type":"image\/jpeg"}],"author":"Alex","twitter_card":"summary_large_image","twitter_creator":"@canfalima","twitter_site":"@canfalima","twitter_misc":{"Written by":"Alex","Est. reading time":"1 minute"},"schema":{"@context":"https:\/\/schema.org","@graph":[{"@type":"NewsArticle","@id":"https:\/\/canfali.com\/ca-es\/calp-gastar-casi-45-millones-de-euros-en-el-servicio-de-recogida-de-basura-en-los-prximos-nueve-aos\/#article","isPartOf":{"@id":"https:\/\/canfali.com\/ca-es\/calp-gastar-casi-45-millones-de-euros-en-el-servicio-de-recogida-de-basura-en-los-prximos-nueve-aos\/"},"author":{"name":"Alex","@id":"https:\/\/canfali.com\/ca-es\/#\/schema\/person\/25dd7e79206e119c02d489a3b67ca83d"},"headline":"Calp gastar\u00e0 quasi 45 milions d&#8217;euros en el servei de recollida de fem en els pr\u00f2xims nou anys","datePublished":"2021-04-13T15:33:28+00:00","dateModified":"2025-02-21T11:24:09+00:00","mainEntityOfPage":{"@id":"https:\/\/canfali.com\/ca-es\/calp-gastar-casi-45-millones-de-euros-en-el-servicio-de-recogida-de-basura-en-los-prximos-nueve-aos\/"},"wordCount":274,"publisher":{"@id":"https:\/\/canfali.com\/ca-es\/#organization"},"image":{"@id":"https:\/\/canfali.com\/ca-es\/calp-gastar-casi-45-millones-de-euros-en-el-servicio-de-recogida-de-basura-en-los-prximos-nueve-aos\/#primaryimage"},"thumbnailUrl":"https:\/\/canfali.com\/app\/uploads\/2025\/02\/9081f062b8576c3201204043374da63b.jpg","articleSection":["Pol\u00edtica"],"inLanguage":"va-ES","copyrightYear":"2021","copyrightHolder":{"@id":"https:\/\/canfali.com\/#organization"}},{"@type":"WebPage","@id":"https:\/\/canfali.com\/ca-es\/calp-gastar-casi-45-millones-de-euros-en-el-servicio-de-recogida-de-basura-en-los-prximos-nueve-aos\/","url":"https:\/\/canfali.com\/ca-es\/calp-gastar-casi-45-millones-de-euros-en-el-servicio-de-recogida-de-basura-en-los-prximos-nueve-aos\/","name":"Calp gastar\u00e0 quasi 45 milions d'euros en el servei de recollida de fem en els pr\u00f2xims nou anys - Canfali","isPartOf":{"@id":"https:\/\/canfali.com\/ca-es\/#website"},"primaryImageOfPage":{"@id":"https:\/\/canfali.com\/ca-es\/calp-gastar-casi-45-millones-de-euros-en-el-servicio-de-recogida-de-basura-en-los-prximos-nueve-aos\/#primaryimage"},"image":{"@id":"https:\/\/canfali.com\/ca-es\/calp-gastar-casi-45-millones-de-euros-en-el-servicio-de-recogida-de-basura-en-los-prximos-nueve-aos\/#primaryimage"},"thumbnailUrl":"https:\/\/canfali.com\/app\/uploads\/2025\/02\/9081f062b8576c3201204043374da63b.jpg","datePublished":"2021-04-13T15:33:28+00:00","dateModified":"2025-02-21T11:24:09+00:00","breadcrumb":{"@id":"https:\/\/canfali.com\/ca-es\/calp-gastar-casi-45-millones-de-euros-en-el-servicio-de-recogida-de-basura-en-los-prximos-nueve-aos\/#breadcrumb"},"inLanguage":"va-ES","potentialAction":[{"@type":"ReadAction","target":["https:\/\/canfali.com\/ca-es\/calp-gastar-casi-45-millones-de-euros-en-el-servicio-de-recogida-de-basura-en-los-prximos-nueve-aos\/"]}]},{"@type":"ImageObject","inLanguage":"va-ES","@id":"https:\/\/canfali.com\/ca-es\/calp-gastar-casi-45-millones-de-euros-en-el-servicio-de-recogida-de-basura-en-los-prximos-nueve-aos\/#primaryimage","url":"https:\/\/canfali.com\/app\/uploads\/2025\/02\/9081f062b8576c3201204043374da63b.jpg","contentUrl":"https:\/\/canfali.com\/app\/uploads\/2025\/02\/9081f062b8576c3201204043374da63b.jpg","width":880,"height":495},{"@type":"BreadcrumbList","@id":"https:\/\/canfali.com\/ca-es\/calp-gastar-casi-45-millones-de-euros-en-el-servicio-de-recogida-de-basura-en-los-prximos-nueve-aos\/#breadcrumb","itemListElement":[{"@type":"ListItem","position":1,"name":"Portada","item":"https:\/\/canfali.com\/ca-es\/"},{"@type":"ListItem","position":2,"name":"Calp gastar\u00e0 quasi 45 milions d&#8217;euros en el servei de recollida de fem en els pr\u00f2xims nou anys"}]},{"@type":"WebSite","@id":"https:\/\/canfali.com\/ca-es\/#website","url":"https:\/\/canfali.com\/ca-es\/","name":"Canfali","description":"","publisher":{"@id":"https:\/\/canfali.com\/ca-es\/#organization"},"potentialAction":[{"@type":"SearchAction","target":{"@type":"EntryPoint","urlTemplate":"https:\/\/canfali.com\/ca-es\/?s={search_term_string}"},"query-input":{"@type":"PropertyValueSpecification","valueRequired":true,"valueName":"search_term_string"}}],"inLanguage":"va-ES"},{"@type":"Organization","@id":"https:\/\/canfali.com\/ca-es\/#organization","name":"Canfali","url":"https:\/\/canfali.com\/ca-es\/","logo":{"@type":"ImageObject","inLanguage":"va-ES","@id":"https:\/\/canfali.com\/ca-es\/#\/schema\/logo\/image\/","url":"https:\/\/canfali.com\/app\/uploads\/2025\/12\/canfali_marina_alta_logo.png","contentUrl":"https:\/\/canfali.com\/app\/uploads\/2025\/12\/canfali_marina_alta_logo.png","width":225,"height":225,"caption":"Canfali"},"image":{"@id":"https:\/\/canfali.com\/ca-es\/#\/schema\/logo\/image\/"},"sameAs":["https:\/\/es-es.facebook.com\/CANFALIMarinaAlta","https:\/\/x.com\/canfalima","https:\/\/www.instagram.com\/canfalimarinaalta\/"]},{"@type":"Person","@id":"https:\/\/canfali.com\/ca-es\/#\/schema\/person\/25dd7e79206e119c02d489a3b67ca83d","name":"Alex","image":{"@type":"ImageObject","inLanguage":"va-ES","@id":"https:\/\/secure.gravatar.com\/avatar\/98bd9e8345af882c94b4d49db053494ffab4b0a9ca408823ad3dbaf04d352f02?s=96&d=mm&r=g","url":"https:\/\/secure.gravatar.com\/avatar\/98bd9e8345af882c94b4d49db053494ffab4b0a9ca408823ad3dbaf04d352f02?s=96&d=mm&r=g","contentUrl":"https:\/\/secure.gravatar.com\/avatar\/98bd9e8345af882c94b4d49db053494ffab4b0a9ca408823ad3dbaf04d352f02?s=96&d=mm&r=g","caption":"Alex"},"url":"https:\/\/canfali.com\/ca-es\/author\/alex\/"}]}},"_links":{"self":[{"href":"https:\/\/canfali.com\/ca-es\/wp-json\/wp\/v2\/posts\/44731","targetHints":{"allow":["GET"]}}],"collection":[{"href":"https:\/\/canfali.com\/ca-es\/wp-json\/wp\/v2\/posts"}],"about":[{"href":"https:\/\/canfali.com\/ca-es\/wp-json\/wp\/v2\/types\/post"}],"author":[{"embeddable":true,"href":"https:\/\/canfali.com\/ca-es\/wp-json\/wp\/v2\/users\/2"}],"replies":[{"embeddable":true,"href":"https:\/\/canfali.com\/ca-es\/wp-json\/wp\/v2\/comments?post=44731"}],"version-history":[{"count":0,"href":"https:\/\/canfali.com\/ca-es\/wp-json\/wp\/v2\/posts\/44731\/revisions"}],"wp:featuredmedia":[{"embeddable":true,"href":"https:\/\/canfali.com\/ca-es\/wp-json\/wp\/v2\/media\/17070"}],"wp:attachment":[{"href":"https:\/\/canfali.com\/ca-es\/wp-json\/wp\/v2\/media?parent=44731"}],"wp:term":[{"taxonomy":"category","embeddable":true,"href":"https:\/\/canfali.com\/ca-es\/wp-json\/wp\/v2\/categories?post=44731"},{"taxonomy":"post_tag","embeddable":true,"href":"https:\/\/canfali.com\/ca-es\/wp-json\/wp\/v2\/tags?post=44731"}],"curies":[{"name":"wp","href":"https:\/\/api.w.org\/{rel}","templated":true}]}}