{"id":42817,"date":"2022-01-19T16:44:53","date_gmt":"2022-01-19T15:44:53","guid":{"rendered":"https:\/\/canfali.com\/baleria-construe-el-primer-barco-elctrico-de-0-emisiones-en-las-estancias-aproximaciones-en-puerto-con-uso-experimental-de-hidrgeno\/"},"modified":"2025-02-25T10:50:58","modified_gmt":"2025-02-25T09:50:58","slug":"baleria-construe-el-primer-barco-elctrico-de-0-emisiones-en-las-estancias-aproximaciones-en-puerto-con-uso-experimental-de-hidrgeno","status":"publish","type":"post","link":"https:\/\/canfali.com\/ca-es\/baleria-construe-el-primer-barco-elctrico-de-0-emisiones-en-las-estancias-aproximaciones-en-puerto-con-uso-experimental-de-hidrgeno\/","title":{"rendered":"Bale\u00e0ria construeix el primer vaixell el\u00e8ctric de 0 emissions en les estades i aproximacions en port amb \u00fas experimental d&#8217;hidrogen"},"content":{"rendered":"<p>Bale&agrave;ria ha presentat&nbsp;en FITUR la construcci&oacute; del primer ferri el&egrave;ctric de passatge i c&agrave;rrega lliure d&#39;emissions contaminants en les estades i aproximacions a port. Es tracta d&#39;un nou concepte de vaixell destinat a la ruta Eivissa-Formentera que, a m&eacute;s de promoure un viatge m&eacute;s ecoeficient i sostenible, comptar&agrave; amb un laboratori de proves per a l&#39;&uacute;s d&#39;hidrogen verd.<\/p>\n<p>El nou vaixell, que s&#39;est&agrave; construint en les drassanes Arm&oacute; de Vigo, ser&agrave; el primer amb zero emissions en les entrades, eixides i estades en les d&agrave;rsenes d&#39;Eivissa i Formentera, gr&agrave;cies a la instal&middot;laci&oacute; de bateries el&egrave;ctriques que es recarregaran durant la travessia. A m&eacute;s de permetre l&#39;&uacute;s de bateries en port, el sistema de propulsi&oacute; di&egrave;sel-el&egrave;ctric permet millorar el rendiment de propulsi&oacute; i reduir les emissions i sorolls, alhora que els manteniments. El ferri, que connectar&agrave; les Piti&uuml;ses en una hora, permetr&agrave; millorar la qualitat de l&#39;aire en els ports i voltants reduint un 80% les emissions de gasos d&#39;efecte d&#39;hivernacle respecte a la resta de vaixells que operen aquesta ruta.<\/p>\n<p>&nbsp;&quot;Aquest vaixell suposa un salt important i per a nosaltres t&eacute; un component emocional, ja que malgrat ser xicotet i senzill aspira a ser el m&eacute;s sostenible de la flota, en ser el&egrave;ctric i incorporar la tecnologia de l&#39;hidrogen de manera experimental&quot;, ha destacat el president de Bale&agrave;ria Adolfo Utor, que tamb&eacute; ha recordat que ser&agrave; un vaixell fonamental per a subministrar els serveis essencials a Formentera.<\/p>\n<p>La presidenta del Govern Balear, Francina Armengol, ha agra&iuml;t a Bale&agrave;ria la seua implicaci&oacute; en projectes vinculats a l&#39;hidrogen i el treball compartit entre l&#39;Administraci&oacute; i els agents socials i econ&ograve;mic per a avan&ccedil;ar &quot;a construir unes Balears que siguen m&eacute;s competitives, m&eacute;s innovadores, econ&ograve;micament m&eacute;s diverses i, sobretot, m&eacute;s resilients, m&eacute;s adaptades al canvi clim&agrave;tic i molt m&eacute;s sostenibles&quot;.<\/p>\n<p><strong>Dissenyat per a gaudir del viatge<\/strong><\/p>\n<p>Des del punt de vista dels passatgers, s&#39;est&agrave; treballant en un disseny que prevalga les acomodacions exteriors, enfocat principalment per al mercat d&#39;estiu, amb terrasses a diferents nivells on es podr&agrave; gaudir de les vistes a la mar durant la travessia i amb serveis enfocats al plaer de viatjar: zones chill out, un gran bar amb espai per a DJ i una zona de dutxes per a refrescar-se. El ferri tindr&agrave; una capacitat per a 350 passatgers.<\/p>\n<p>&nbsp;Quant al transport de mercaderies, el celler podr&agrave; transportar fins a 14 camions. El vaixell ser&agrave; double ended, &eacute;s a dir, operatiu tant per proa com per popa, la qual cosa agilitar&agrave; les operacions d&#39;embarcament i desembarque i les maniobres en port. Est&agrave; previst que comence a operar l&#39;estiu de 2023. El vaixell tindr&agrave; 83 metres d&#39;eslora i 15 de manga, i podr&agrave; navegar a 12,5 nusos.<\/p>\n<p><strong>Laboratori d&#39;hidrogen verd<\/strong><\/p>\n<p>A m&eacute;s, el vaixell ser&agrave; un laboratori de proves per a l&#39;&uacute;s de l&#39;hidrogen verd. En ell s&#39;instal&middot;lar&agrave; una cel&middot;la de combustible d&#39;hidrogen comprimit de 100 KW, la de major capacitat que existeix actualment, per a dur a terme una experi&egrave;ncia pilot en l&#39;&uacute;s d&#39;aquesta energia m&eacute;s ecoeficient, que podria arribar a usar-se per al consum el&egrave;ctric de bord. &quot;El nostre objectiu &eacute;s usar aquest vaixell com a laboratori de proves a petita escala per a aprendre sobre aquest combustible i aplicar aquests coneixements en el llarg termini, quan es preveu que estiga disponible un sistema de magatzematge m&eacute;s madur i estable que l&#39;actual hidrogen comprimit&quot;, ha destacat el president de Bale&agrave;ria, Adolfo Utor. La naviliera participa tamb&eacute; en el projecte europeu Green Hysland, l&#39;objectiu del qual &eacute;s convertir Mallorca en el primer hub d&#39;hidrogen verd del sud-oest d&#39;Europa.<\/p>\n","protected":false},"excerpt":{"rendered":"El president de Bale\u00e0ria, Adolfo Utor, ha presentat hui en FITUR aquest vaixell que tindr\u00e0 una capacitat per a 350 passatgers i estar\u00e0 operatiu en 2023","protected":false},"author":2,"featured_media":26047,"comment_status":"closed","ping_status":"closed","sticky":false,"template":"","format":"standard","meta":{"csco_display_header_overlay":false,"csco_singular_sidebar":"","csco_page_header_type":"","csco_page_load_nextpost":"","csco_post_video_location":[],"csco_post_video_location_hash":"","csco_post_video_url":"","csco_post_video_bg_start_time":0,"csco_post_video_bg_end_time":0,"footnotes":""},"categories":[39],"tags":[],"class_list":{"0":"post-42817","1":"post","2":"type-post","3":"status-publish","4":"format-standard","5":"has-post-thumbnail","7":"category-economia-y-empresas","8":"cs-entry","9":"cs-video-wrap"},"yoast_head":"<!-- This site is optimized with the Yoast SEO Premium plugin v26.6 (Yoast SEO v27.3) - https:\/\/yoast.com\/product\/yoast-seo-premium-wordpress\/ -->\n<title>Bale\u00e0ria construeix el primer vaixell el\u00e8ctric de 0 emissions en les estades i aproximacions en port amb \u00fas experimental d&#039;hidrogen - Canfali<\/title>\n<meta name=\"robots\" content=\"index, follow, max-snippet:-1, max-image-preview:large, max-video-preview:-1\" \/>\n<link rel=\"canonical\" href=\"https:\/\/canfali.com\/ca-es\/baleria-construe-el-primer-barco-elctrico-de-0-emisiones-en-las-estancias-aproximaciones-en-puerto-con-uso-experimental-de-hidrgeno\/\" \/>\n<meta property=\"og:locale\" content=\"en_US\" \/>\n<meta property=\"og:type\" content=\"article\" \/>\n<meta property=\"og:title\" content=\"Bale\u00e0ria construeix el primer vaixell el\u00e8ctric de 0 emissions en les estades i aproximacions en port amb \u00fas experimental d&#039;hidrogen\" \/>\n<meta property=\"og:description\" content=\"El president de Bale\u00e0ria, Adolfo Utor, ha presentat hui en FITUR aquest vaixell que tindr\u00e0 una capacitat per a 350 passatgers i estar\u00e0 operatiu en 2023\" \/>\n<meta property=\"og:url\" content=\"https:\/\/canfali.com\/ca-es\/baleria-construe-el-primer-barco-elctrico-de-0-emisiones-en-las-estancias-aproximaciones-en-puerto-con-uso-experimental-de-hidrgeno\/\" \/>\n<meta property=\"og:site_name\" content=\"Canfali\" \/>\n<meta property=\"article:publisher\" content=\"https:\/\/es-es.facebook.com\/CANFALIMarinaAlta\" \/>\n<meta property=\"article:published_time\" content=\"2022-01-19T15:44:53+00:00\" \/>\n<meta property=\"article:modified_time\" content=\"2025-02-25T09:50:58+00:00\" \/>\n<meta property=\"og:image\" content=\"https:\/\/canfali.com\/app\/uploads\/2025\/02\/1a3bbb66f2b15bd13474f6becdb13ebb-scaled.jpg\" \/>\n\t<meta property=\"og:image:width\" content=\"2560\" \/>\n\t<meta property=\"og:image:height\" content=\"1612\" \/>\n\t<meta property=\"og:image:type\" content=\"image\/jpeg\" \/>\n<meta name=\"author\" content=\"Alex\" \/>\n<meta name=\"twitter:card\" content=\"summary_large_image\" \/>\n<meta name=\"twitter:creator\" content=\"@canfalima\" \/>\n<meta name=\"twitter:site\" content=\"@canfalima\" \/>\n<meta name=\"twitter:label1\" content=\"Written by\" \/>\n\t<meta name=\"twitter:data1\" content=\"Alex\" \/>\n\t<meta name=\"twitter:label2\" content=\"Est. reading time\" \/>\n\t<meta name=\"twitter:data2\" content=\"4 minutes\" \/>\n<script type=\"application\/ld+json\" class=\"yoast-schema-graph\">{\"@context\":\"https:\\\/\\\/schema.org\",\"@graph\":[{\"@type\":\"NewsArticle\",\"@id\":\"https:\\\/\\\/canfali.com\\\/ca-es\\\/baleria-construe-el-primer-barco-elctrico-de-0-emisiones-en-las-estancias-aproximaciones-en-puerto-con-uso-experimental-de-hidrgeno\\\/#article\",\"isPartOf\":{\"@id\":\"https:\\\/\\\/canfali.com\\\/ca-es\\\/baleria-construe-el-primer-barco-elctrico-de-0-emisiones-en-las-estancias-aproximaciones-en-puerto-con-uso-experimental-de-hidrgeno\\\/\"},\"author\":{\"name\":\"Alex\",\"@id\":\"https:\\\/\\\/canfali.com\\\/ca-es\\\/#\\\/schema\\\/person\\\/25dd7e79206e119c02d489a3b67ca83d\"},\"headline\":\"Bale\u00e0ria construeix el primer vaixell el\u00e8ctric de 0 emissions en les estades i aproximacions en port amb \u00fas experimental d&#8217;hidrogen\",\"datePublished\":\"2022-01-19T15:44:53+00:00\",\"dateModified\":\"2025-02-25T09:50:58+00:00\",\"mainEntityOfPage\":{\"@id\":\"https:\\\/\\\/canfali.com\\\/ca-es\\\/baleria-construe-el-primer-barco-elctrico-de-0-emisiones-en-las-estancias-aproximaciones-en-puerto-con-uso-experimental-de-hidrgeno\\\/\"},\"wordCount\":748,\"publisher\":{\"@id\":\"https:\\\/\\\/canfali.com\\\/ca-es\\\/#organization\"},\"image\":{\"@id\":\"https:\\\/\\\/canfali.com\\\/ca-es\\\/baleria-construe-el-primer-barco-elctrico-de-0-emisiones-en-las-estancias-aproximaciones-en-puerto-con-uso-experimental-de-hidrgeno\\\/#primaryimage\"},\"thumbnailUrl\":\"https:\\\/\\\/canfali.com\\\/app\\\/uploads\\\/2025\\\/02\\\/1a3bbb66f2b15bd13474f6becdb13ebb-scaled.jpg\",\"articleSection\":[\"Econom\u00eda y Empresas\"],\"inLanguage\":\"va-ES\",\"copyrightYear\":\"2022\",\"copyrightHolder\":{\"@id\":\"https:\\\/\\\/canfali.com\\\/#organization\"}},{\"@type\":\"WebPage\",\"@id\":\"https:\\\/\\\/canfali.com\\\/ca-es\\\/baleria-construe-el-primer-barco-elctrico-de-0-emisiones-en-las-estancias-aproximaciones-en-puerto-con-uso-experimental-de-hidrgeno\\\/\",\"url\":\"https:\\\/\\\/canfali.com\\\/ca-es\\\/baleria-construe-el-primer-barco-elctrico-de-0-emisiones-en-las-estancias-aproximaciones-en-puerto-con-uso-experimental-de-hidrgeno\\\/\",\"name\":\"Bale\u00e0ria construeix el primer vaixell el\u00e8ctric de 0 emissions en les estades i aproximacions en port amb \u00fas experimental d'hidrogen - Canfali\",\"isPartOf\":{\"@id\":\"https:\\\/\\\/canfali.com\\\/ca-es\\\/#website\"},\"primaryImageOfPage\":{\"@id\":\"https:\\\/\\\/canfali.com\\\/ca-es\\\/baleria-construe-el-primer-barco-elctrico-de-0-emisiones-en-las-estancias-aproximaciones-en-puerto-con-uso-experimental-de-hidrgeno\\\/#primaryimage\"},\"image\":{\"@id\":\"https:\\\/\\\/canfali.com\\\/ca-es\\\/baleria-construe-el-primer-barco-elctrico-de-0-emisiones-en-las-estancias-aproximaciones-en-puerto-con-uso-experimental-de-hidrgeno\\\/#primaryimage\"},\"thumbnailUrl\":\"https:\\\/\\\/canfali.com\\\/app\\\/uploads\\\/2025\\\/02\\\/1a3bbb66f2b15bd13474f6becdb13ebb-scaled.jpg\",\"datePublished\":\"2022-01-19T15:44:53+00:00\",\"dateModified\":\"2025-02-25T09:50:58+00:00\",\"breadcrumb\":{\"@id\":\"https:\\\/\\\/canfali.com\\\/ca-es\\\/baleria-construe-el-primer-barco-elctrico-de-0-emisiones-en-las-estancias-aproximaciones-en-puerto-con-uso-experimental-de-hidrgeno\\\/#breadcrumb\"},\"inLanguage\":\"va-ES\",\"potentialAction\":[{\"@type\":\"ReadAction\",\"target\":[\"https:\\\/\\\/canfali.com\\\/ca-es\\\/baleria-construe-el-primer-barco-elctrico-de-0-emisiones-en-las-estancias-aproximaciones-en-puerto-con-uso-experimental-de-hidrgeno\\\/\"]}]},{\"@type\":\"ImageObject\",\"inLanguage\":\"va-ES\",\"@id\":\"https:\\\/\\\/canfali.com\\\/ca-es\\\/baleria-construe-el-primer-barco-elctrico-de-0-emisiones-en-las-estancias-aproximaciones-en-puerto-con-uso-experimental-de-hidrgeno\\\/#primaryimage\",\"url\":\"https:\\\/\\\/canfali.com\\\/app\\\/uploads\\\/2025\\\/02\\\/1a3bbb66f2b15bd13474f6becdb13ebb-scaled.jpg\",\"contentUrl\":\"https:\\\/\\\/canfali.com\\\/app\\\/uploads\\\/2025\\\/02\\\/1a3bbb66f2b15bd13474f6becdb13ebb-scaled.jpg\",\"width\":2560,\"height\":1612},{\"@type\":\"BreadcrumbList\",\"@id\":\"https:\\\/\\\/canfali.com\\\/ca-es\\\/baleria-construe-el-primer-barco-elctrico-de-0-emisiones-en-las-estancias-aproximaciones-en-puerto-con-uso-experimental-de-hidrgeno\\\/#breadcrumb\",\"itemListElement\":[{\"@type\":\"ListItem\",\"position\":1,\"name\":\"Portada\",\"item\":\"https:\\\/\\\/canfali.com\\\/ca-es\\\/\"},{\"@type\":\"ListItem\",\"position\":2,\"name\":\"Bale\u00e0ria construeix el primer vaixell el\u00e8ctric de 0 emissions en les estades i aproximacions en port amb \u00fas experimental d&#8217;hidrogen\"}]},{\"@type\":\"WebSite\",\"@id\":\"https:\\\/\\\/canfali.com\\\/ca-es\\\/#website\",\"url\":\"https:\\\/\\\/canfali.com\\\/ca-es\\\/\",\"name\":\"Canfali\",\"description\":\"\",\"publisher\":{\"@id\":\"https:\\\/\\\/canfali.com\\\/ca-es\\\/#organization\"},\"potentialAction\":[{\"@type\":\"SearchAction\",\"target\":{\"@type\":\"EntryPoint\",\"urlTemplate\":\"https:\\\/\\\/canfali.com\\\/ca-es\\\/?s={search_term_string}\"},\"query-input\":{\"@type\":\"PropertyValueSpecification\",\"valueRequired\":true,\"valueName\":\"search_term_string\"}}],\"inLanguage\":\"va-ES\"},{\"@type\":\"Organization\",\"@id\":\"https:\\\/\\\/canfali.com\\\/ca-es\\\/#organization\",\"name\":\"Canfali\",\"url\":\"https:\\\/\\\/canfali.com\\\/ca-es\\\/\",\"logo\":{\"@type\":\"ImageObject\",\"inLanguage\":\"va-ES\",\"@id\":\"https:\\\/\\\/canfali.com\\\/ca-es\\\/#\\\/schema\\\/logo\\\/image\\\/\",\"url\":\"https:\\\/\\\/canfali.com\\\/app\\\/uploads\\\/2025\\\/12\\\/canfali_marina_alta_logo.png\",\"contentUrl\":\"https:\\\/\\\/canfali.com\\\/app\\\/uploads\\\/2025\\\/12\\\/canfali_marina_alta_logo.png\",\"width\":225,\"height\":225,\"caption\":\"Canfali\"},\"image\":{\"@id\":\"https:\\\/\\\/canfali.com\\\/ca-es\\\/#\\\/schema\\\/logo\\\/image\\\/\"},\"sameAs\":[\"https:\\\/\\\/es-es.facebook.com\\\/CANFALIMarinaAlta\",\"https:\\\/\\\/x.com\\\/canfalima\",\"https:\\\/\\\/www.instagram.com\\\/canfalimarinaalta\\\/\"]},{\"@type\":\"Person\",\"@id\":\"https:\\\/\\\/canfali.com\\\/ca-es\\\/#\\\/schema\\\/person\\\/25dd7e79206e119c02d489a3b67ca83d\",\"name\":\"Alex\",\"image\":{\"@type\":\"ImageObject\",\"inLanguage\":\"va-ES\",\"@id\":\"https:\\\/\\\/secure.gravatar.com\\\/avatar\\\/98bd9e8345af882c94b4d49db053494ffab4b0a9ca408823ad3dbaf04d352f02?s=96&d=mm&r=g\",\"url\":\"https:\\\/\\\/secure.gravatar.com\\\/avatar\\\/98bd9e8345af882c94b4d49db053494ffab4b0a9ca408823ad3dbaf04d352f02?s=96&d=mm&r=g\",\"contentUrl\":\"https:\\\/\\\/secure.gravatar.com\\\/avatar\\\/98bd9e8345af882c94b4d49db053494ffab4b0a9ca408823ad3dbaf04d352f02?s=96&d=mm&r=g\",\"caption\":\"Alex\"},\"url\":\"https:\\\/\\\/canfali.com\\\/ca-es\\\/author\\\/alex\\\/\"}]}<\/script>\n<!-- \/ Yoast SEO Premium plugin. -->","yoast_head_json":{"title":"Bale\u00e0ria construeix el primer vaixell el\u00e8ctric de 0 emissions en les estades i aproximacions en port amb \u00fas experimental d'hidrogen - Canfali","robots":{"index":"index","follow":"follow","max-snippet":"max-snippet:-1","max-image-preview":"max-image-preview:large","max-video-preview":"max-video-preview:-1"},"canonical":"https:\/\/canfali.com\/ca-es\/baleria-construe-el-primer-barco-elctrico-de-0-emisiones-en-las-estancias-aproximaciones-en-puerto-con-uso-experimental-de-hidrgeno\/","og_locale":"en_US","og_type":"article","og_title":"Bale\u00e0ria construeix el primer vaixell el\u00e8ctric de 0 emissions en les estades i aproximacions en port amb \u00fas experimental d'hidrogen","og_description":"El president de Bale\u00e0ria, Adolfo Utor, ha presentat hui en FITUR aquest vaixell que tindr\u00e0 una capacitat per a 350 passatgers i estar\u00e0 operatiu en 2023","og_url":"https:\/\/canfali.com\/ca-es\/baleria-construe-el-primer-barco-elctrico-de-0-emisiones-en-las-estancias-aproximaciones-en-puerto-con-uso-experimental-de-hidrgeno\/","og_site_name":"Canfali","article_publisher":"https:\/\/es-es.facebook.com\/CANFALIMarinaAlta","article_published_time":"2022-01-19T15:44:53+00:00","article_modified_time":"2025-02-25T09:50:58+00:00","og_image":[{"width":2560,"height":1612,"url":"https:\/\/canfali.com\/app\/uploads\/2025\/02\/1a3bbb66f2b15bd13474f6becdb13ebb-scaled.jpg","type":"image\/jpeg"}],"author":"Alex","twitter_card":"summary_large_image","twitter_creator":"@canfalima","twitter_site":"@canfalima","twitter_misc":{"Written by":"Alex","Est. reading time":"4 minutes"},"schema":{"@context":"https:\/\/schema.org","@graph":[{"@type":"NewsArticle","@id":"https:\/\/canfali.com\/ca-es\/baleria-construe-el-primer-barco-elctrico-de-0-emisiones-en-las-estancias-aproximaciones-en-puerto-con-uso-experimental-de-hidrgeno\/#article","isPartOf":{"@id":"https:\/\/canfali.com\/ca-es\/baleria-construe-el-primer-barco-elctrico-de-0-emisiones-en-las-estancias-aproximaciones-en-puerto-con-uso-experimental-de-hidrgeno\/"},"author":{"name":"Alex","@id":"https:\/\/canfali.com\/ca-es\/#\/schema\/person\/25dd7e79206e119c02d489a3b67ca83d"},"headline":"Bale\u00e0ria construeix el primer vaixell el\u00e8ctric de 0 emissions en les estades i aproximacions en port amb \u00fas experimental d&#8217;hidrogen","datePublished":"2022-01-19T15:44:53+00:00","dateModified":"2025-02-25T09:50:58+00:00","mainEntityOfPage":{"@id":"https:\/\/canfali.com\/ca-es\/baleria-construe-el-primer-barco-elctrico-de-0-emisiones-en-las-estancias-aproximaciones-en-puerto-con-uso-experimental-de-hidrgeno\/"},"wordCount":748,"publisher":{"@id":"https:\/\/canfali.com\/ca-es\/#organization"},"image":{"@id":"https:\/\/canfali.com\/ca-es\/baleria-construe-el-primer-barco-elctrico-de-0-emisiones-en-las-estancias-aproximaciones-en-puerto-con-uso-experimental-de-hidrgeno\/#primaryimage"},"thumbnailUrl":"https:\/\/canfali.com\/app\/uploads\/2025\/02\/1a3bbb66f2b15bd13474f6becdb13ebb-scaled.jpg","articleSection":["Econom\u00eda y Empresas"],"inLanguage":"va-ES","copyrightYear":"2022","copyrightHolder":{"@id":"https:\/\/canfali.com\/#organization"}},{"@type":"WebPage","@id":"https:\/\/canfali.com\/ca-es\/baleria-construe-el-primer-barco-elctrico-de-0-emisiones-en-las-estancias-aproximaciones-en-puerto-con-uso-experimental-de-hidrgeno\/","url":"https:\/\/canfali.com\/ca-es\/baleria-construe-el-primer-barco-elctrico-de-0-emisiones-en-las-estancias-aproximaciones-en-puerto-con-uso-experimental-de-hidrgeno\/","name":"Bale\u00e0ria construeix el primer vaixell el\u00e8ctric de 0 emissions en les estades i aproximacions en port amb \u00fas experimental d'hidrogen - Canfali","isPartOf":{"@id":"https:\/\/canfali.com\/ca-es\/#website"},"primaryImageOfPage":{"@id":"https:\/\/canfali.com\/ca-es\/baleria-construe-el-primer-barco-elctrico-de-0-emisiones-en-las-estancias-aproximaciones-en-puerto-con-uso-experimental-de-hidrgeno\/#primaryimage"},"image":{"@id":"https:\/\/canfali.com\/ca-es\/baleria-construe-el-primer-barco-elctrico-de-0-emisiones-en-las-estancias-aproximaciones-en-puerto-con-uso-experimental-de-hidrgeno\/#primaryimage"},"thumbnailUrl":"https:\/\/canfali.com\/app\/uploads\/2025\/02\/1a3bbb66f2b15bd13474f6becdb13ebb-scaled.jpg","datePublished":"2022-01-19T15:44:53+00:00","dateModified":"2025-02-25T09:50:58+00:00","breadcrumb":{"@id":"https:\/\/canfali.com\/ca-es\/baleria-construe-el-primer-barco-elctrico-de-0-emisiones-en-las-estancias-aproximaciones-en-puerto-con-uso-experimental-de-hidrgeno\/#breadcrumb"},"inLanguage":"va-ES","potentialAction":[{"@type":"ReadAction","target":["https:\/\/canfali.com\/ca-es\/baleria-construe-el-primer-barco-elctrico-de-0-emisiones-en-las-estancias-aproximaciones-en-puerto-con-uso-experimental-de-hidrgeno\/"]}]},{"@type":"ImageObject","inLanguage":"va-ES","@id":"https:\/\/canfali.com\/ca-es\/baleria-construe-el-primer-barco-elctrico-de-0-emisiones-en-las-estancias-aproximaciones-en-puerto-con-uso-experimental-de-hidrgeno\/#primaryimage","url":"https:\/\/canfali.com\/app\/uploads\/2025\/02\/1a3bbb66f2b15bd13474f6becdb13ebb-scaled.jpg","contentUrl":"https:\/\/canfali.com\/app\/uploads\/2025\/02\/1a3bbb66f2b15bd13474f6becdb13ebb-scaled.jpg","width":2560,"height":1612},{"@type":"BreadcrumbList","@id":"https:\/\/canfali.com\/ca-es\/baleria-construe-el-primer-barco-elctrico-de-0-emisiones-en-las-estancias-aproximaciones-en-puerto-con-uso-experimental-de-hidrgeno\/#breadcrumb","itemListElement":[{"@type":"ListItem","position":1,"name":"Portada","item":"https:\/\/canfali.com\/ca-es\/"},{"@type":"ListItem","position":2,"name":"Bale\u00e0ria construeix el primer vaixell el\u00e8ctric de 0 emissions en les estades i aproximacions en port amb \u00fas experimental d&#8217;hidrogen"}]},{"@type":"WebSite","@id":"https:\/\/canfali.com\/ca-es\/#website","url":"https:\/\/canfali.com\/ca-es\/","name":"Canfali","description":"","publisher":{"@id":"https:\/\/canfali.com\/ca-es\/#organization"},"potentialAction":[{"@type":"SearchAction","target":{"@type":"EntryPoint","urlTemplate":"https:\/\/canfali.com\/ca-es\/?s={search_term_string}"},"query-input":{"@type":"PropertyValueSpecification","valueRequired":true,"valueName":"search_term_string"}}],"inLanguage":"va-ES"},{"@type":"Organization","@id":"https:\/\/canfali.com\/ca-es\/#organization","name":"Canfali","url":"https:\/\/canfali.com\/ca-es\/","logo":{"@type":"ImageObject","inLanguage":"va-ES","@id":"https:\/\/canfali.com\/ca-es\/#\/schema\/logo\/image\/","url":"https:\/\/canfali.com\/app\/uploads\/2025\/12\/canfali_marina_alta_logo.png","contentUrl":"https:\/\/canfali.com\/app\/uploads\/2025\/12\/canfali_marina_alta_logo.png","width":225,"height":225,"caption":"Canfali"},"image":{"@id":"https:\/\/canfali.com\/ca-es\/#\/schema\/logo\/image\/"},"sameAs":["https:\/\/es-es.facebook.com\/CANFALIMarinaAlta","https:\/\/x.com\/canfalima","https:\/\/www.instagram.com\/canfalimarinaalta\/"]},{"@type":"Person","@id":"https:\/\/canfali.com\/ca-es\/#\/schema\/person\/25dd7e79206e119c02d489a3b67ca83d","name":"Alex","image":{"@type":"ImageObject","inLanguage":"va-ES","@id":"https:\/\/secure.gravatar.com\/avatar\/98bd9e8345af882c94b4d49db053494ffab4b0a9ca408823ad3dbaf04d352f02?s=96&d=mm&r=g","url":"https:\/\/secure.gravatar.com\/avatar\/98bd9e8345af882c94b4d49db053494ffab4b0a9ca408823ad3dbaf04d352f02?s=96&d=mm&r=g","contentUrl":"https:\/\/secure.gravatar.com\/avatar\/98bd9e8345af882c94b4d49db053494ffab4b0a9ca408823ad3dbaf04d352f02?s=96&d=mm&r=g","caption":"Alex"},"url":"https:\/\/canfali.com\/ca-es\/author\/alex\/"}]}},"_links":{"self":[{"href":"https:\/\/canfali.com\/ca-es\/wp-json\/wp\/v2\/posts\/42817","targetHints":{"allow":["GET"]}}],"collection":[{"href":"https:\/\/canfali.com\/ca-es\/wp-json\/wp\/v2\/posts"}],"about":[{"href":"https:\/\/canfali.com\/ca-es\/wp-json\/wp\/v2\/types\/post"}],"author":[{"embeddable":true,"href":"https:\/\/canfali.com\/ca-es\/wp-json\/wp\/v2\/users\/2"}],"replies":[{"embeddable":true,"href":"https:\/\/canfali.com\/ca-es\/wp-json\/wp\/v2\/comments?post=42817"}],"version-history":[{"count":0,"href":"https:\/\/canfali.com\/ca-es\/wp-json\/wp\/v2\/posts\/42817\/revisions"}],"wp:featuredmedia":[{"embeddable":true,"href":"https:\/\/canfali.com\/ca-es\/wp-json\/wp\/v2\/media\/26047"}],"wp:attachment":[{"href":"https:\/\/canfali.com\/ca-es\/wp-json\/wp\/v2\/media?parent=42817"}],"wp:term":[{"taxonomy":"category","embeddable":true,"href":"https:\/\/canfali.com\/ca-es\/wp-json\/wp\/v2\/categories?post=42817"},{"taxonomy":"post_tag","embeddable":true,"href":"https:\/\/canfali.com\/ca-es\/wp-json\/wp\/v2\/tags?post=42817"}],"curies":[{"name":"wp","href":"https:\/\/api.w.org\/{rel}","templated":true}]}}