{"id":42794,"date":"2021-11-30T11:49:00","date_gmt":"2021-11-30T10:49:00","guid":{"rendered":"https:\/\/canfali.com\/el-sector-nutico-de-la-marina-alta-se-une-ante-la-amenaza-del-plan-autonmico-para-proteger-la-posidonia\/"},"modified":"2025-02-25T10:47:11","modified_gmt":"2025-02-25T09:47:11","slug":"el-sector-nutico-de-la-marina-alta-se-une-ante-la-amenaza-del-plan-autonmico-para-proteger-la-posidonia","status":"publish","type":"post","link":"https:\/\/canfali.com\/ca-es\/el-sector-nutico-de-la-marina-alta-se-une-ante-la-amenaza-del-plan-autonmico-para-proteger-la-posidonia\/","title":{"rendered":"El sector n\u00e0utic de la Marina Alta s&#8217;uneix davant l&#8217;amena\u00e7a del pla auton\u00f2mic per a protegir la posid\u00f2nia"},"content":{"rendered":"<p>El sector n&agrave;utic-esportiu de la comarca s&#39;ha posat en alerta davant l&#39;avan&ccedil; del decret llei que el govern auton&ograve;mic t&eacute; previst llan&ccedil;ar abans del pr&ograve;xim estiu per a protegir les prades de posid&ograve;nia oce&agrave;nica del mediterrani valenci&agrave;. El primer pas ha sigut la constituci&oacute; de l&#39;Associaci&oacute; de Turisme N&agrave;utic de la Marina Alta que arranca amb una vintena d&#39;afiliats i amb l&#39;&agrave;nim de defensar els seus interessos davant aquesta nova llei. &ldquo;Esperem que aquesta llei siga una oportunitat per al sector, i no una amena&ccedil;a&rdquo;, ha resumit el director d&#39;aquesta nova associaci&oacute; comarcal, Rafael Burriel.<br \/>\n&nbsp;&nbsp; &nbsp;La realitat &eacute;s que si el decret arribar&agrave; a prohibir fondejar sobre les prades de posid&ograve;nia, segons temen els empresaris, l&#39;impacte sobre la Marina Alta seria de gran abast, ja que aquesta planta aqu&agrave;tica end&egrave;mica del Mediterrani s&#39;est&eacute;n sobretot el litoral m&eacute;s pr&ograve;xim. &ldquo;Cal cuidar el medi mar&iacute;, per&ograve; tamb&eacute; la sostenibilitat social i econ&ograve;mica de l&#39;entorn&rdquo;, va destacar el president.&nbsp;<br \/>\n&nbsp;&nbsp; &nbsp;L&#39;associaci&oacute; avan&ccedil;a que presentaran al&middot;legacions a aquest pla i esperen que siguen ateses. &ldquo;No &eacute;s bo que les empreses vagen per un cam&iacute; i l&#39;administraci&oacute; per un altre&rdquo;, aclareix Burriel, qui a m&eacute;s destaca l&#39;esfor&ccedil; que realitzen els professionals per a conscienciar als usuaris sobre la necessitat d&#39;anar amb compte amb el medi mar&iacute; quan salen a passejar pel litoral.&nbsp;<br \/>\n&nbsp;&nbsp; &nbsp;&ldquo;Cal buscar solucions que ajuden a compatibilitzar l&#39;oci n&agrave;utic i el medi ambient&rdquo;, insisteix el president de la nova associaci&oacute; que t&eacute; com a vice-president a Carlos San Lorenzo, membre a m&eacute;s de l&#39;ANEN, associaci&oacute; nacional d&#39;empreses n&agrave;utiques.<\/p>\n","protected":false},"excerpt":{"rendered":"Burriel, president de la nova associaci\u00f3 tur\u00edstica: \u201ccal cuidar el medi mar\u00ed, per\u00f2 tamb\u00e9 la sostenibilitat social i econ\u00f2mica\u201d","protected":false},"author":2,"featured_media":25978,"comment_status":"closed","ping_status":"closed","sticky":false,"template":"","format":"standard","meta":{"csco_display_header_overlay":false,"csco_singular_sidebar":"","csco_page_header_type":"","csco_page_load_nextpost":"","csco_post_video_location":[],"csco_post_video_location_hash":"","csco_post_video_url":"","csco_post_video_bg_start_time":0,"csco_post_video_bg_end_time":0,"footnotes":""},"categories":[39],"tags":[],"class_list":{"0":"post-42794","1":"post","2":"type-post","3":"status-publish","4":"format-standard","5":"has-post-thumbnail","7":"category-economia-y-empresas","8":"cs-entry","9":"cs-video-wrap"},"yoast_head":"<!-- This site is optimized with the Yoast SEO Premium plugin v26.6 (Yoast SEO v27.3) - https:\/\/yoast.com\/product\/yoast-seo-premium-wordpress\/ -->\n<title>El sector n\u00e0utic de la Marina Alta s&#039;uneix davant l&#039;amena\u00e7a del pla auton\u00f2mic per a protegir la posid\u00f2nia - Canfali<\/title>\n<meta name=\"robots\" content=\"index, follow, max-snippet:-1, max-image-preview:large, max-video-preview:-1\" \/>\n<link rel=\"canonical\" href=\"https:\/\/canfali.com\/ca-es\/el-sector-nutico-de-la-marina-alta-se-une-ante-la-amenaza-del-plan-autonmico-para-proteger-la-posidonia\/\" \/>\n<meta property=\"og:locale\" content=\"en_US\" \/>\n<meta property=\"og:type\" content=\"article\" \/>\n<meta property=\"og:title\" content=\"El sector n\u00e0utic de la Marina Alta s&#039;uneix davant l&#039;amena\u00e7a del pla auton\u00f2mic per a protegir la posid\u00f2nia\" \/>\n<meta property=\"og:description\" content=\"Burriel, president de la nova associaci\u00f3 tur\u00edstica: \u201ccal cuidar el medi mar\u00ed, per\u00f2 tamb\u00e9 la sostenibilitat social i econ\u00f2mica\u201d\" \/>\n<meta property=\"og:url\" content=\"https:\/\/canfali.com\/ca-es\/el-sector-nutico-de-la-marina-alta-se-une-ante-la-amenaza-del-plan-autonmico-para-proteger-la-posidonia\/\" \/>\n<meta property=\"og:site_name\" content=\"Canfali\" \/>\n<meta property=\"article:publisher\" content=\"https:\/\/es-es.facebook.com\/CANFALIMarinaAlta\" \/>\n<meta property=\"article:published_time\" content=\"2021-11-30T10:49:00+00:00\" \/>\n<meta property=\"article:modified_time\" content=\"2025-02-25T09:47:11+00:00\" \/>\n<meta property=\"og:image\" content=\"https:\/\/canfali.com\/app\/uploads\/2025\/02\/4d1fdab26c52f17dec462581d9fae5a8.jpg\" \/>\n\t<meta property=\"og:image:width\" content=\"1118\" \/>\n\t<meta property=\"og:image:height\" content=\"691\" \/>\n\t<meta property=\"og:image:type\" content=\"image\/jpeg\" \/>\n<meta name=\"author\" content=\"Alex\" \/>\n<meta name=\"twitter:card\" content=\"summary_large_image\" \/>\n<meta name=\"twitter:creator\" content=\"@canfalima\" \/>\n<meta name=\"twitter:site\" content=\"@canfalima\" \/>\n<meta name=\"twitter:label1\" content=\"Written by\" \/>\n\t<meta name=\"twitter:data1\" content=\"Alex\" \/>\n\t<meta name=\"twitter:label2\" content=\"Est. reading time\" \/>\n\t<meta name=\"twitter:data2\" content=\"2 minutes\" \/>\n<script type=\"application\/ld+json\" class=\"yoast-schema-graph\">{\"@context\":\"https:\\\/\\\/schema.org\",\"@graph\":[{\"@type\":\"NewsArticle\",\"@id\":\"https:\\\/\\\/canfali.com\\\/ca-es\\\/el-sector-nutico-de-la-marina-alta-se-une-ante-la-amenaza-del-plan-autonmico-para-proteger-la-posidonia\\\/#article\",\"isPartOf\":{\"@id\":\"https:\\\/\\\/canfali.com\\\/ca-es\\\/el-sector-nutico-de-la-marina-alta-se-une-ante-la-amenaza-del-plan-autonmico-para-proteger-la-posidonia\\\/\"},\"author\":{\"name\":\"Alex\",\"@id\":\"https:\\\/\\\/canfali.com\\\/ca-es\\\/#\\\/schema\\\/person\\\/25dd7e79206e119c02d489a3b67ca83d\"},\"headline\":\"El sector n\u00e0utic de la Marina Alta s&#8217;uneix davant l&#8217;amena\u00e7a del pla auton\u00f2mic per a protegir la posid\u00f2nia\",\"datePublished\":\"2021-11-30T10:49:00+00:00\",\"dateModified\":\"2025-02-25T09:47:11+00:00\",\"mainEntityOfPage\":{\"@id\":\"https:\\\/\\\/canfali.com\\\/ca-es\\\/el-sector-nutico-de-la-marina-alta-se-une-ante-la-amenaza-del-plan-autonmico-para-proteger-la-posidonia\\\/\"},\"wordCount\":376,\"publisher\":{\"@id\":\"https:\\\/\\\/canfali.com\\\/ca-es\\\/#organization\"},\"image\":{\"@id\":\"https:\\\/\\\/canfali.com\\\/ca-es\\\/el-sector-nutico-de-la-marina-alta-se-une-ante-la-amenaza-del-plan-autonmico-para-proteger-la-posidonia\\\/#primaryimage\"},\"thumbnailUrl\":\"https:\\\/\\\/canfali.com\\\/app\\\/uploads\\\/2025\\\/02\\\/4d1fdab26c52f17dec462581d9fae5a8.jpg\",\"articleSection\":[\"Econom\u00eda y Empresas\"],\"inLanguage\":\"va-ES\",\"copyrightYear\":\"2021\",\"copyrightHolder\":{\"@id\":\"https:\\\/\\\/canfali.com\\\/#organization\"}},{\"@type\":\"WebPage\",\"@id\":\"https:\\\/\\\/canfali.com\\\/ca-es\\\/el-sector-nutico-de-la-marina-alta-se-une-ante-la-amenaza-del-plan-autonmico-para-proteger-la-posidonia\\\/\",\"url\":\"https:\\\/\\\/canfali.com\\\/ca-es\\\/el-sector-nutico-de-la-marina-alta-se-une-ante-la-amenaza-del-plan-autonmico-para-proteger-la-posidonia\\\/\",\"name\":\"El sector n\u00e0utic de la Marina Alta s'uneix davant l'amena\u00e7a del pla auton\u00f2mic per a protegir la posid\u00f2nia - Canfali\",\"isPartOf\":{\"@id\":\"https:\\\/\\\/canfali.com\\\/ca-es\\\/#website\"},\"primaryImageOfPage\":{\"@id\":\"https:\\\/\\\/canfali.com\\\/ca-es\\\/el-sector-nutico-de-la-marina-alta-se-une-ante-la-amenaza-del-plan-autonmico-para-proteger-la-posidonia\\\/#primaryimage\"},\"image\":{\"@id\":\"https:\\\/\\\/canfali.com\\\/ca-es\\\/el-sector-nutico-de-la-marina-alta-se-une-ante-la-amenaza-del-plan-autonmico-para-proteger-la-posidonia\\\/#primaryimage\"},\"thumbnailUrl\":\"https:\\\/\\\/canfali.com\\\/app\\\/uploads\\\/2025\\\/02\\\/4d1fdab26c52f17dec462581d9fae5a8.jpg\",\"datePublished\":\"2021-11-30T10:49:00+00:00\",\"dateModified\":\"2025-02-25T09:47:11+00:00\",\"breadcrumb\":{\"@id\":\"https:\\\/\\\/canfali.com\\\/ca-es\\\/el-sector-nutico-de-la-marina-alta-se-une-ante-la-amenaza-del-plan-autonmico-para-proteger-la-posidonia\\\/#breadcrumb\"},\"inLanguage\":\"va-ES\",\"potentialAction\":[{\"@type\":\"ReadAction\",\"target\":[\"https:\\\/\\\/canfali.com\\\/ca-es\\\/el-sector-nutico-de-la-marina-alta-se-une-ante-la-amenaza-del-plan-autonmico-para-proteger-la-posidonia\\\/\"]}]},{\"@type\":\"ImageObject\",\"inLanguage\":\"va-ES\",\"@id\":\"https:\\\/\\\/canfali.com\\\/ca-es\\\/el-sector-nutico-de-la-marina-alta-se-une-ante-la-amenaza-del-plan-autonmico-para-proteger-la-posidonia\\\/#primaryimage\",\"url\":\"https:\\\/\\\/canfali.com\\\/app\\\/uploads\\\/2025\\\/02\\\/4d1fdab26c52f17dec462581d9fae5a8.jpg\",\"contentUrl\":\"https:\\\/\\\/canfali.com\\\/app\\\/uploads\\\/2025\\\/02\\\/4d1fdab26c52f17dec462581d9fae5a8.jpg\",\"width\":1118,\"height\":691},{\"@type\":\"BreadcrumbList\",\"@id\":\"https:\\\/\\\/canfali.com\\\/ca-es\\\/el-sector-nutico-de-la-marina-alta-se-une-ante-la-amenaza-del-plan-autonmico-para-proteger-la-posidonia\\\/#breadcrumb\",\"itemListElement\":[{\"@type\":\"ListItem\",\"position\":1,\"name\":\"Portada\",\"item\":\"https:\\\/\\\/canfali.com\\\/ca-es\\\/\"},{\"@type\":\"ListItem\",\"position\":2,\"name\":\"El sector n\u00e0utic de la Marina Alta s&#8217;uneix davant l&#8217;amena\u00e7a del pla auton\u00f2mic per a protegir la posid\u00f2nia\"}]},{\"@type\":\"WebSite\",\"@id\":\"https:\\\/\\\/canfali.com\\\/ca-es\\\/#website\",\"url\":\"https:\\\/\\\/canfali.com\\\/ca-es\\\/\",\"name\":\"Canfali\",\"description\":\"\",\"publisher\":{\"@id\":\"https:\\\/\\\/canfali.com\\\/ca-es\\\/#organization\"},\"potentialAction\":[{\"@type\":\"SearchAction\",\"target\":{\"@type\":\"EntryPoint\",\"urlTemplate\":\"https:\\\/\\\/canfali.com\\\/ca-es\\\/?s={search_term_string}\"},\"query-input\":{\"@type\":\"PropertyValueSpecification\",\"valueRequired\":true,\"valueName\":\"search_term_string\"}}],\"inLanguage\":\"va-ES\"},{\"@type\":\"Organization\",\"@id\":\"https:\\\/\\\/canfali.com\\\/ca-es\\\/#organization\",\"name\":\"Canfali\",\"url\":\"https:\\\/\\\/canfali.com\\\/ca-es\\\/\",\"logo\":{\"@type\":\"ImageObject\",\"inLanguage\":\"va-ES\",\"@id\":\"https:\\\/\\\/canfali.com\\\/ca-es\\\/#\\\/schema\\\/logo\\\/image\\\/\",\"url\":\"https:\\\/\\\/canfali.com\\\/app\\\/uploads\\\/2025\\\/12\\\/canfali_marina_alta_logo.png\",\"contentUrl\":\"https:\\\/\\\/canfali.com\\\/app\\\/uploads\\\/2025\\\/12\\\/canfali_marina_alta_logo.png\",\"width\":225,\"height\":225,\"caption\":\"Canfali\"},\"image\":{\"@id\":\"https:\\\/\\\/canfali.com\\\/ca-es\\\/#\\\/schema\\\/logo\\\/image\\\/\"},\"sameAs\":[\"https:\\\/\\\/es-es.facebook.com\\\/CANFALIMarinaAlta\",\"https:\\\/\\\/x.com\\\/canfalima\",\"https:\\\/\\\/www.instagram.com\\\/canfalimarinaalta\\\/\"]},{\"@type\":\"Person\",\"@id\":\"https:\\\/\\\/canfali.com\\\/ca-es\\\/#\\\/schema\\\/person\\\/25dd7e79206e119c02d489a3b67ca83d\",\"name\":\"Alex\",\"image\":{\"@type\":\"ImageObject\",\"inLanguage\":\"va-ES\",\"@id\":\"https:\\\/\\\/secure.gravatar.com\\\/avatar\\\/98bd9e8345af882c94b4d49db053494ffab4b0a9ca408823ad3dbaf04d352f02?s=96&d=mm&r=g\",\"url\":\"https:\\\/\\\/secure.gravatar.com\\\/avatar\\\/98bd9e8345af882c94b4d49db053494ffab4b0a9ca408823ad3dbaf04d352f02?s=96&d=mm&r=g\",\"contentUrl\":\"https:\\\/\\\/secure.gravatar.com\\\/avatar\\\/98bd9e8345af882c94b4d49db053494ffab4b0a9ca408823ad3dbaf04d352f02?s=96&d=mm&r=g\",\"caption\":\"Alex\"},\"url\":\"https:\\\/\\\/canfali.com\\\/ca-es\\\/author\\\/alex\\\/\"}]}<\/script>\n<!-- \/ Yoast SEO Premium plugin. -->","yoast_head_json":{"title":"El sector n\u00e0utic de la Marina Alta s'uneix davant l'amena\u00e7a del pla auton\u00f2mic per a protegir la posid\u00f2nia - Canfali","robots":{"index":"index","follow":"follow","max-snippet":"max-snippet:-1","max-image-preview":"max-image-preview:large","max-video-preview":"max-video-preview:-1"},"canonical":"https:\/\/canfali.com\/ca-es\/el-sector-nutico-de-la-marina-alta-se-une-ante-la-amenaza-del-plan-autonmico-para-proteger-la-posidonia\/","og_locale":"en_US","og_type":"article","og_title":"El sector n\u00e0utic de la Marina Alta s'uneix davant l'amena\u00e7a del pla auton\u00f2mic per a protegir la posid\u00f2nia","og_description":"Burriel, president de la nova associaci\u00f3 tur\u00edstica: \u201ccal cuidar el medi mar\u00ed, per\u00f2 tamb\u00e9 la sostenibilitat social i econ\u00f2mica\u201d","og_url":"https:\/\/canfali.com\/ca-es\/el-sector-nutico-de-la-marina-alta-se-une-ante-la-amenaza-del-plan-autonmico-para-proteger-la-posidonia\/","og_site_name":"Canfali","article_publisher":"https:\/\/es-es.facebook.com\/CANFALIMarinaAlta","article_published_time":"2021-11-30T10:49:00+00:00","article_modified_time":"2025-02-25T09:47:11+00:00","og_image":[{"width":1118,"height":691,"url":"https:\/\/canfali.com\/app\/uploads\/2025\/02\/4d1fdab26c52f17dec462581d9fae5a8.jpg","type":"image\/jpeg"}],"author":"Alex","twitter_card":"summary_large_image","twitter_creator":"@canfalima","twitter_site":"@canfalima","twitter_misc":{"Written by":"Alex","Est. reading time":"2 minutes"},"schema":{"@context":"https:\/\/schema.org","@graph":[{"@type":"NewsArticle","@id":"https:\/\/canfali.com\/ca-es\/el-sector-nutico-de-la-marina-alta-se-une-ante-la-amenaza-del-plan-autonmico-para-proteger-la-posidonia\/#article","isPartOf":{"@id":"https:\/\/canfali.com\/ca-es\/el-sector-nutico-de-la-marina-alta-se-une-ante-la-amenaza-del-plan-autonmico-para-proteger-la-posidonia\/"},"author":{"name":"Alex","@id":"https:\/\/canfali.com\/ca-es\/#\/schema\/person\/25dd7e79206e119c02d489a3b67ca83d"},"headline":"El sector n\u00e0utic de la Marina Alta s&#8217;uneix davant l&#8217;amena\u00e7a del pla auton\u00f2mic per a protegir la posid\u00f2nia","datePublished":"2021-11-30T10:49:00+00:00","dateModified":"2025-02-25T09:47:11+00:00","mainEntityOfPage":{"@id":"https:\/\/canfali.com\/ca-es\/el-sector-nutico-de-la-marina-alta-se-une-ante-la-amenaza-del-plan-autonmico-para-proteger-la-posidonia\/"},"wordCount":376,"publisher":{"@id":"https:\/\/canfali.com\/ca-es\/#organization"},"image":{"@id":"https:\/\/canfali.com\/ca-es\/el-sector-nutico-de-la-marina-alta-se-une-ante-la-amenaza-del-plan-autonmico-para-proteger-la-posidonia\/#primaryimage"},"thumbnailUrl":"https:\/\/canfali.com\/app\/uploads\/2025\/02\/4d1fdab26c52f17dec462581d9fae5a8.jpg","articleSection":["Econom\u00eda y Empresas"],"inLanguage":"va-ES","copyrightYear":"2021","copyrightHolder":{"@id":"https:\/\/canfali.com\/#organization"}},{"@type":"WebPage","@id":"https:\/\/canfali.com\/ca-es\/el-sector-nutico-de-la-marina-alta-se-une-ante-la-amenaza-del-plan-autonmico-para-proteger-la-posidonia\/","url":"https:\/\/canfali.com\/ca-es\/el-sector-nutico-de-la-marina-alta-se-une-ante-la-amenaza-del-plan-autonmico-para-proteger-la-posidonia\/","name":"El sector n\u00e0utic de la Marina Alta s'uneix davant l'amena\u00e7a del pla auton\u00f2mic per a protegir la posid\u00f2nia - Canfali","isPartOf":{"@id":"https:\/\/canfali.com\/ca-es\/#website"},"primaryImageOfPage":{"@id":"https:\/\/canfali.com\/ca-es\/el-sector-nutico-de-la-marina-alta-se-une-ante-la-amenaza-del-plan-autonmico-para-proteger-la-posidonia\/#primaryimage"},"image":{"@id":"https:\/\/canfali.com\/ca-es\/el-sector-nutico-de-la-marina-alta-se-une-ante-la-amenaza-del-plan-autonmico-para-proteger-la-posidonia\/#primaryimage"},"thumbnailUrl":"https:\/\/canfali.com\/app\/uploads\/2025\/02\/4d1fdab26c52f17dec462581d9fae5a8.jpg","datePublished":"2021-11-30T10:49:00+00:00","dateModified":"2025-02-25T09:47:11+00:00","breadcrumb":{"@id":"https:\/\/canfali.com\/ca-es\/el-sector-nutico-de-la-marina-alta-se-une-ante-la-amenaza-del-plan-autonmico-para-proteger-la-posidonia\/#breadcrumb"},"inLanguage":"va-ES","potentialAction":[{"@type":"ReadAction","target":["https:\/\/canfali.com\/ca-es\/el-sector-nutico-de-la-marina-alta-se-une-ante-la-amenaza-del-plan-autonmico-para-proteger-la-posidonia\/"]}]},{"@type":"ImageObject","inLanguage":"va-ES","@id":"https:\/\/canfali.com\/ca-es\/el-sector-nutico-de-la-marina-alta-se-une-ante-la-amenaza-del-plan-autonmico-para-proteger-la-posidonia\/#primaryimage","url":"https:\/\/canfali.com\/app\/uploads\/2025\/02\/4d1fdab26c52f17dec462581d9fae5a8.jpg","contentUrl":"https:\/\/canfali.com\/app\/uploads\/2025\/02\/4d1fdab26c52f17dec462581d9fae5a8.jpg","width":1118,"height":691},{"@type":"BreadcrumbList","@id":"https:\/\/canfali.com\/ca-es\/el-sector-nutico-de-la-marina-alta-se-une-ante-la-amenaza-del-plan-autonmico-para-proteger-la-posidonia\/#breadcrumb","itemListElement":[{"@type":"ListItem","position":1,"name":"Portada","item":"https:\/\/canfali.com\/ca-es\/"},{"@type":"ListItem","position":2,"name":"El sector n\u00e0utic de la Marina Alta s&#8217;uneix davant l&#8217;amena\u00e7a del pla auton\u00f2mic per a protegir la posid\u00f2nia"}]},{"@type":"WebSite","@id":"https:\/\/canfali.com\/ca-es\/#website","url":"https:\/\/canfali.com\/ca-es\/","name":"Canfali","description":"","publisher":{"@id":"https:\/\/canfali.com\/ca-es\/#organization"},"potentialAction":[{"@type":"SearchAction","target":{"@type":"EntryPoint","urlTemplate":"https:\/\/canfali.com\/ca-es\/?s={search_term_string}"},"query-input":{"@type":"PropertyValueSpecification","valueRequired":true,"valueName":"search_term_string"}}],"inLanguage":"va-ES"},{"@type":"Organization","@id":"https:\/\/canfali.com\/ca-es\/#organization","name":"Canfali","url":"https:\/\/canfali.com\/ca-es\/","logo":{"@type":"ImageObject","inLanguage":"va-ES","@id":"https:\/\/canfali.com\/ca-es\/#\/schema\/logo\/image\/","url":"https:\/\/canfali.com\/app\/uploads\/2025\/12\/canfali_marina_alta_logo.png","contentUrl":"https:\/\/canfali.com\/app\/uploads\/2025\/12\/canfali_marina_alta_logo.png","width":225,"height":225,"caption":"Canfali"},"image":{"@id":"https:\/\/canfali.com\/ca-es\/#\/schema\/logo\/image\/"},"sameAs":["https:\/\/es-es.facebook.com\/CANFALIMarinaAlta","https:\/\/x.com\/canfalima","https:\/\/www.instagram.com\/canfalimarinaalta\/"]},{"@type":"Person","@id":"https:\/\/canfali.com\/ca-es\/#\/schema\/person\/25dd7e79206e119c02d489a3b67ca83d","name":"Alex","image":{"@type":"ImageObject","inLanguage":"va-ES","@id":"https:\/\/secure.gravatar.com\/avatar\/98bd9e8345af882c94b4d49db053494ffab4b0a9ca408823ad3dbaf04d352f02?s=96&d=mm&r=g","url":"https:\/\/secure.gravatar.com\/avatar\/98bd9e8345af882c94b4d49db053494ffab4b0a9ca408823ad3dbaf04d352f02?s=96&d=mm&r=g","contentUrl":"https:\/\/secure.gravatar.com\/avatar\/98bd9e8345af882c94b4d49db053494ffab4b0a9ca408823ad3dbaf04d352f02?s=96&d=mm&r=g","caption":"Alex"},"url":"https:\/\/canfali.com\/ca-es\/author\/alex\/"}]}},"_links":{"self":[{"href":"https:\/\/canfali.com\/ca-es\/wp-json\/wp\/v2\/posts\/42794","targetHints":{"allow":["GET"]}}],"collection":[{"href":"https:\/\/canfali.com\/ca-es\/wp-json\/wp\/v2\/posts"}],"about":[{"href":"https:\/\/canfali.com\/ca-es\/wp-json\/wp\/v2\/types\/post"}],"author":[{"embeddable":true,"href":"https:\/\/canfali.com\/ca-es\/wp-json\/wp\/v2\/users\/2"}],"replies":[{"embeddable":true,"href":"https:\/\/canfali.com\/ca-es\/wp-json\/wp\/v2\/comments?post=42794"}],"version-history":[{"count":0,"href":"https:\/\/canfali.com\/ca-es\/wp-json\/wp\/v2\/posts\/42794\/revisions"}],"wp:featuredmedia":[{"embeddable":true,"href":"https:\/\/canfali.com\/ca-es\/wp-json\/wp\/v2\/media\/25978"}],"wp:attachment":[{"href":"https:\/\/canfali.com\/ca-es\/wp-json\/wp\/v2\/media?parent=42794"}],"wp:term":[{"taxonomy":"category","embeddable":true,"href":"https:\/\/canfali.com\/ca-es\/wp-json\/wp\/v2\/categories?post=42794"},{"taxonomy":"post_tag","embeddable":true,"href":"https:\/\/canfali.com\/ca-es\/wp-json\/wp\/v2\/tags?post=42794"}],"curies":[{"name":"wp","href":"https:\/\/api.w.org\/{rel}","templated":true}]}}