{"id":42793,"date":"2021-11-24T21:04:16","date_gmt":"2021-11-24T20:04:16","guid":{"rendered":"https:\/\/canfali.com\/el-vi-congreso-go-global-retoma-la-presencialidad-con-ms-de-20-pases-para-fomentar-las-exportaciones-de-las-pmes-de-la-comunitat\/"},"modified":"2025-02-25T10:47:02","modified_gmt":"2025-02-25T09:47:02","slug":"el-vi-congreso-go-global-retoma-la-presencialidad-con-ms-de-20-pases-para-fomentar-las-exportaciones-de-las-pmes-de-la-comunitat","status":"publish","type":"post","link":"https:\/\/canfali.com\/ca-es\/el-vi-congreso-go-global-retoma-la-presencialidad-con-ms-de-20-pases-para-fomentar-las-exportaciones-de-las-pmes-de-la-comunitat\/","title":{"rendered":"El VI Congr\u00e9s Go Global represa la presencialitat amb m\u00e9s de 20 pa\u00efsos per a fomentar les exportacions de les pimes de la Comunitat"},"content":{"rendered":"<p>El Congr&eacute;s Go Global, esdeveniment de refer&egrave;ncia en internacionalitzaci&oacute; de les pimes valencianes, ha iniciat la seua VI edici&oacute; a l&#39;Escola de Negocis Llu&iacute;s Vives. Un congr&eacute;s que concentra tot el potencial del sector internacional en pon&egrave;ncies, taules de debat amb empreses exportadores de la Comunitat, associacions sectorials, compradors internacionals, especialistes i responsables d&#39;IVACE Internacional, Consell de Cambres de la Comunitat Valenciana i de l&#39;ICEX Espa&ntilde;a Exportaci&oacute; i Inversions.<br \/>\n&nbsp;&nbsp; &nbsp;La inauguraci&oacute; ha estat presidida per la Vicepresidenta del Consell i consellera d&#39;Igualtat i Pol&iacute;tiques Inclusives, M&oacute;nica Oltra, i ha comptat amb la participaci&oacute; del director general de Cooperaci&oacute; Internacional de l&#39;CEX Espa&ntilde;a, Javier Serra i el President del Consell de Cambres de la CV, Jos&eacute; Vicente Morata.&nbsp;<br \/>\n&nbsp;&nbsp; &nbsp;Oltra ha destacat la inquietud tradicionalment exportadora del nostre territori i ha subratllat la consolidaci&oacute; d&#39;aquest Congr&eacute;s que suposa un suport important per a les pimes de la Comunitat. &ldquo;Volem al&ccedil;ar ponts i obrir camins all&iacute; on les petites i mitjanes empreses valencianes no poden arribar pels seus propis mitjans&rdquo;.<br \/>\n&nbsp;&nbsp; &nbsp;La Vicepresidenta ha posat l&#39;accent aix&iacute; mateix en l&#39;estreta col&middot;laboraci&oacute; entre les tres entitats organitzadores del Congr&eacute;s, Cambres de Comer&ccedil; de la Comunitat Valenciana, Icex Espa&ntilde;a Exportaci&oacute; i Inversions i Ivace Internacional.&nbsp;<br \/>\n&nbsp;&nbsp; &nbsp;Per part seua, Morata, ha assenyalat que &ldquo;si alguna cosa ha funcionat en aquest per&iacute;ode cr&iacute;tic provocat per la pand&egrave;mia, &eacute;s l&#39;exportaci&oacute; i &eacute;s una cosa que no parar&agrave;, per aix&ograve; el nostre objectiu continuar&agrave; sent formar i informar a tot el nostre teixit empresarial per a continuar aqueixa senda que permeta a les nostres empreses portar els seus productes per tot el m&oacute;n&middot;.<br \/>\n&nbsp;&nbsp; &nbsp;Mentrestant, Serra ha realitzat una radiografia del sector exportador i tamb&eacute; ha coincidit que &ldquo;pese al moment cr&iacute;tic, les dades al tancament de 2021 s&oacute;n encoratjadors&rdquo;.<br \/>\n&nbsp;&nbsp; &nbsp;El volum de les exportacions en el conjunt d&#39;Espanya en el per&iacute;ode de gener-agost de 2021 ha crescut un 21%. En el cas de les exportacions regulars han crescut un 10% i un 3&rsquo;7% en la Comunitat Valenciana.<br \/>\n&nbsp;&nbsp; &nbsp;Per a la Comunitat Valenciana, Alemanya &eacute;s el primer pa&iacute;s receptor de les exportacions valencianes, ha informat Javier Serra, al mateix temps que ha apuntat que &ldquo;hem de mantindre&#39;ns alerta dels riscos en mat&egrave;ria de costos energ&egrave;tics, del proteccionisme d&#39;alguns pa&iuml;sos i de superar la bretxa digital que impedeix a moltes pimes poder exportar&rdquo;.<br \/>\n&nbsp;&nbsp; &nbsp;A partir d&#39;ac&iacute;, han comen&ccedil;at les sessions i debats, on el protagonisme ha recaigut en la log&iacute;stica internacional tradicional enfront de l&#39;ecommerce. I ha continuat amb una taula de debat empresarial per a despr&eacute;s abordar q&uuml;estions relacionades amb la ciberseguretat i la ciberinteligencia des de l&#39;&ograve;ptica de l&#39;exportaci&oacute;.<br \/>\nReunions amb la Xarxa Exterior i amb empreses importadores<br \/>\nA m&eacute;s, durant aquests dos dies, en Go Global, les empreses tenen la possibilitat de concertar reunions virtuals amb les oficines comercials de l&#39;Icex en 16 mercats i de manera presencial amb la Xarxa Exterior de l&#39;Ivace i amb empreses importadores.<br \/>\nEn aquest sentit, el Congr&eacute;s repr&eacute;n amb for&ccedil;a el seu vessant m&eacute;s comercial i acosta oportunitats de negoci a les empreses de la Comunitat amb la participaci&oacute; d&#39;una vintena d&#39;empreses importadores seleccionades per&nbsp;l&#39;Ivace.&nbsp;<br \/>\nLes empreses importadores que seran presents en la sisena edici&oacute; del Congr&eacute;s procedeixen de pa&iuml;sos com: Alemanya, Alg&egrave;ria, Costa d&#39;Ivori, Uni&oacute; dels Emirats &Agrave;rabs, Fran&ccedil;a, l&#39;&Iacute;ndia, M&egrave;xic, el Regne Unit i el Senegal, entre altres.&nbsp;<br \/>\nQuant als sectors, seran presents empreses d&#39;agroalimentari, arquitectura i disseny, cal&ccedil;at, equipament m&egrave;dic, h&agrave;bitat, materials de construcci&oacute;, metge hospitalari, moble, accessoris de bany, t&egrave;xtil llar, roba, joguets, vins i begudes.&nbsp;<br \/>\nLes empreses de la Comunitat podran consultar els perfils de les empreses convidades i sol&middot;licitar la seua reuni&oacute; presencial i confeccionar la seua pr&ograve;pia agenda.&nbsp;<br \/>\nAix&iacute; mateix, l&#39;Ivace represa les trobades amb la seua Xarxa Exterior de manera presencial durant el Congr&eacute;s. Aix&iacute;, estaran representades les antenes de l&#39;Ivace a Alemanya, Alg&egrave;ria, Xile, la Xina, Col&ograve;mbia, Corea, Emirats, Escandin&agrave;via, Filipines, Fran&ccedil;a, l&#39;&Iacute;ndia, el Jap&oacute;, M&egrave;xic, Miami, Nova York, Pol&ograve;nia, el Regne Unit, R&uacute;ssia, Sud-est Asi&agrave;tic i Vietnam.<\/p>\n","protected":false},"excerpt":{"rendered":"Pon\u00e8ncies, taules de debat empresarial i reunions virtuals se succeiran aquests dos dies","protected":false},"author":2,"featured_media":25975,"comment_status":"closed","ping_status":"closed","sticky":false,"template":"","format":"standard","meta":{"csco_display_header_overlay":false,"csco_singular_sidebar":"","csco_page_header_type":"","csco_page_load_nextpost":"","csco_post_video_location":[],"csco_post_video_location_hash":"","csco_post_video_url":"","csco_post_video_bg_start_time":0,"csco_post_video_bg_end_time":0,"footnotes":""},"categories":[39],"tags":[],"class_list":{"0":"post-42793","1":"post","2":"type-post","3":"status-publish","4":"format-standard","5":"has-post-thumbnail","7":"category-economia-y-empresas","8":"cs-entry","9":"cs-video-wrap"},"yoast_head":"<!-- This site is optimized with the Yoast SEO Premium plugin v26.6 (Yoast SEO v27.3) - https:\/\/yoast.com\/product\/yoast-seo-premium-wordpress\/ -->\n<title>El VI Congr\u00e9s Go Global represa la presencialitat amb m\u00e9s de 20 pa\u00efsos per a fomentar les exportacions de les pimes de la Comunitat - Canfali<\/title>\n<meta name=\"robots\" content=\"index, follow, max-snippet:-1, max-image-preview:large, max-video-preview:-1\" \/>\n<link rel=\"canonical\" href=\"https:\/\/canfali.com\/ca-es\/el-vi-congreso-go-global-retoma-la-presencialidad-con-ms-de-20-pases-para-fomentar-las-exportaciones-de-las-pmes-de-la-comunitat\/\" \/>\n<meta property=\"og:locale\" content=\"en_US\" \/>\n<meta property=\"og:type\" content=\"article\" \/>\n<meta property=\"og:title\" content=\"El VI Congr\u00e9s Go Global represa la presencialitat amb m\u00e9s de 20 pa\u00efsos per a fomentar les exportacions de les pimes de la Comunitat\" \/>\n<meta property=\"og:description\" content=\"Pon\u00e8ncies, taules de debat empresarial i reunions virtuals se succeiran aquests dos dies\" \/>\n<meta property=\"og:url\" content=\"https:\/\/canfali.com\/ca-es\/el-vi-congreso-go-global-retoma-la-presencialidad-con-ms-de-20-pases-para-fomentar-las-exportaciones-de-las-pmes-de-la-comunitat\/\" \/>\n<meta property=\"og:site_name\" content=\"Canfali\" \/>\n<meta property=\"article:publisher\" content=\"https:\/\/es-es.facebook.com\/CANFALIMarinaAlta\" \/>\n<meta property=\"article:published_time\" content=\"2021-11-24T20:04:16+00:00\" \/>\n<meta property=\"article:modified_time\" content=\"2025-02-25T09:47:02+00:00\" \/>\n<meta property=\"og:image\" content=\"https:\/\/canfali.com\/app\/uploads\/2025\/02\/5a6227886b30766202a9a6ec65edfc5f.jpg\" \/>\n\t<meta property=\"og:image:width\" content=\"1600\" \/>\n\t<meta property=\"og:image:height\" content=\"900\" \/>\n\t<meta property=\"og:image:type\" content=\"image\/jpeg\" \/>\n<meta name=\"author\" content=\"Alex\" \/>\n<meta name=\"twitter:card\" content=\"summary_large_image\" \/>\n<meta name=\"twitter:creator\" content=\"@canfalima\" \/>\n<meta name=\"twitter:site\" content=\"@canfalima\" \/>\n<meta name=\"twitter:label1\" content=\"Written by\" \/>\n\t<meta name=\"twitter:data1\" content=\"Alex\" \/>\n\t<meta name=\"twitter:label2\" content=\"Est. reading time\" \/>\n\t<meta name=\"twitter:data2\" content=\"4 minutes\" \/>\n<script type=\"application\/ld+json\" class=\"yoast-schema-graph\">{\"@context\":\"https:\\\/\\\/schema.org\",\"@graph\":[{\"@type\":\"NewsArticle\",\"@id\":\"https:\\\/\\\/canfali.com\\\/ca-es\\\/el-vi-congreso-go-global-retoma-la-presencialidad-con-ms-de-20-pases-para-fomentar-las-exportaciones-de-las-pmes-de-la-comunitat\\\/#article\",\"isPartOf\":{\"@id\":\"https:\\\/\\\/canfali.com\\\/ca-es\\\/el-vi-congreso-go-global-retoma-la-presencialidad-con-ms-de-20-pases-para-fomentar-las-exportaciones-de-las-pmes-de-la-comunitat\\\/\"},\"author\":{\"name\":\"Alex\",\"@id\":\"https:\\\/\\\/canfali.com\\\/ca-es\\\/#\\\/schema\\\/person\\\/25dd7e79206e119c02d489a3b67ca83d\"},\"headline\":\"El VI Congr\u00e9s Go Global represa la presencialitat amb m\u00e9s de 20 pa\u00efsos per a fomentar les exportacions de les pimes de la Comunitat\",\"datePublished\":\"2021-11-24T20:04:16+00:00\",\"dateModified\":\"2025-02-25T09:47:02+00:00\",\"mainEntityOfPage\":{\"@id\":\"https:\\\/\\\/canfali.com\\\/ca-es\\\/el-vi-congreso-go-global-retoma-la-presencialidad-con-ms-de-20-pases-para-fomentar-las-exportaciones-de-las-pmes-de-la-comunitat\\\/\"},\"wordCount\":885,\"publisher\":{\"@id\":\"https:\\\/\\\/canfali.com\\\/ca-es\\\/#organization\"},\"image\":{\"@id\":\"https:\\\/\\\/canfali.com\\\/ca-es\\\/el-vi-congreso-go-global-retoma-la-presencialidad-con-ms-de-20-pases-para-fomentar-las-exportaciones-de-las-pmes-de-la-comunitat\\\/#primaryimage\"},\"thumbnailUrl\":\"https:\\\/\\\/canfali.com\\\/app\\\/uploads\\\/2025\\\/02\\\/5a6227886b30766202a9a6ec65edfc5f.jpg\",\"articleSection\":[\"Econom\u00eda y Empresas\"],\"inLanguage\":\"va-ES\",\"copyrightYear\":\"2021\",\"copyrightHolder\":{\"@id\":\"https:\\\/\\\/canfali.com\\\/#organization\"}},{\"@type\":\"WebPage\",\"@id\":\"https:\\\/\\\/canfali.com\\\/ca-es\\\/el-vi-congreso-go-global-retoma-la-presencialidad-con-ms-de-20-pases-para-fomentar-las-exportaciones-de-las-pmes-de-la-comunitat\\\/\",\"url\":\"https:\\\/\\\/canfali.com\\\/ca-es\\\/el-vi-congreso-go-global-retoma-la-presencialidad-con-ms-de-20-pases-para-fomentar-las-exportaciones-de-las-pmes-de-la-comunitat\\\/\",\"name\":\"El VI Congr\u00e9s Go Global represa la presencialitat amb m\u00e9s de 20 pa\u00efsos per a fomentar les exportacions de les pimes de la Comunitat - Canfali\",\"isPartOf\":{\"@id\":\"https:\\\/\\\/canfali.com\\\/ca-es\\\/#website\"},\"primaryImageOfPage\":{\"@id\":\"https:\\\/\\\/canfali.com\\\/ca-es\\\/el-vi-congreso-go-global-retoma-la-presencialidad-con-ms-de-20-pases-para-fomentar-las-exportaciones-de-las-pmes-de-la-comunitat\\\/#primaryimage\"},\"image\":{\"@id\":\"https:\\\/\\\/canfali.com\\\/ca-es\\\/el-vi-congreso-go-global-retoma-la-presencialidad-con-ms-de-20-pases-para-fomentar-las-exportaciones-de-las-pmes-de-la-comunitat\\\/#primaryimage\"},\"thumbnailUrl\":\"https:\\\/\\\/canfali.com\\\/app\\\/uploads\\\/2025\\\/02\\\/5a6227886b30766202a9a6ec65edfc5f.jpg\",\"datePublished\":\"2021-11-24T20:04:16+00:00\",\"dateModified\":\"2025-02-25T09:47:02+00:00\",\"breadcrumb\":{\"@id\":\"https:\\\/\\\/canfali.com\\\/ca-es\\\/el-vi-congreso-go-global-retoma-la-presencialidad-con-ms-de-20-pases-para-fomentar-las-exportaciones-de-las-pmes-de-la-comunitat\\\/#breadcrumb\"},\"inLanguage\":\"va-ES\",\"potentialAction\":[{\"@type\":\"ReadAction\",\"target\":[\"https:\\\/\\\/canfali.com\\\/ca-es\\\/el-vi-congreso-go-global-retoma-la-presencialidad-con-ms-de-20-pases-para-fomentar-las-exportaciones-de-las-pmes-de-la-comunitat\\\/\"]}]},{\"@type\":\"ImageObject\",\"inLanguage\":\"va-ES\",\"@id\":\"https:\\\/\\\/canfali.com\\\/ca-es\\\/el-vi-congreso-go-global-retoma-la-presencialidad-con-ms-de-20-pases-para-fomentar-las-exportaciones-de-las-pmes-de-la-comunitat\\\/#primaryimage\",\"url\":\"https:\\\/\\\/canfali.com\\\/app\\\/uploads\\\/2025\\\/02\\\/5a6227886b30766202a9a6ec65edfc5f.jpg\",\"contentUrl\":\"https:\\\/\\\/canfali.com\\\/app\\\/uploads\\\/2025\\\/02\\\/5a6227886b30766202a9a6ec65edfc5f.jpg\",\"width\":1600,\"height\":900},{\"@type\":\"BreadcrumbList\",\"@id\":\"https:\\\/\\\/canfali.com\\\/ca-es\\\/el-vi-congreso-go-global-retoma-la-presencialidad-con-ms-de-20-pases-para-fomentar-las-exportaciones-de-las-pmes-de-la-comunitat\\\/#breadcrumb\",\"itemListElement\":[{\"@type\":\"ListItem\",\"position\":1,\"name\":\"Portada\",\"item\":\"https:\\\/\\\/canfali.com\\\/ca-es\\\/\"},{\"@type\":\"ListItem\",\"position\":2,\"name\":\"El VI Congr\u00e9s Go Global represa la presencialitat amb m\u00e9s de 20 pa\u00efsos per a fomentar les exportacions de les pimes de la Comunitat\"}]},{\"@type\":\"WebSite\",\"@id\":\"https:\\\/\\\/canfali.com\\\/ca-es\\\/#website\",\"url\":\"https:\\\/\\\/canfali.com\\\/ca-es\\\/\",\"name\":\"Canfali\",\"description\":\"\",\"publisher\":{\"@id\":\"https:\\\/\\\/canfali.com\\\/ca-es\\\/#organization\"},\"potentialAction\":[{\"@type\":\"SearchAction\",\"target\":{\"@type\":\"EntryPoint\",\"urlTemplate\":\"https:\\\/\\\/canfali.com\\\/ca-es\\\/?s={search_term_string}\"},\"query-input\":{\"@type\":\"PropertyValueSpecification\",\"valueRequired\":true,\"valueName\":\"search_term_string\"}}],\"inLanguage\":\"va-ES\"},{\"@type\":\"Organization\",\"@id\":\"https:\\\/\\\/canfali.com\\\/ca-es\\\/#organization\",\"name\":\"Canfali\",\"url\":\"https:\\\/\\\/canfali.com\\\/ca-es\\\/\",\"logo\":{\"@type\":\"ImageObject\",\"inLanguage\":\"va-ES\",\"@id\":\"https:\\\/\\\/canfali.com\\\/ca-es\\\/#\\\/schema\\\/logo\\\/image\\\/\",\"url\":\"https:\\\/\\\/canfali.com\\\/app\\\/uploads\\\/2025\\\/12\\\/canfali_marina_alta_logo.png\",\"contentUrl\":\"https:\\\/\\\/canfali.com\\\/app\\\/uploads\\\/2025\\\/12\\\/canfali_marina_alta_logo.png\",\"width\":225,\"height\":225,\"caption\":\"Canfali\"},\"image\":{\"@id\":\"https:\\\/\\\/canfali.com\\\/ca-es\\\/#\\\/schema\\\/logo\\\/image\\\/\"},\"sameAs\":[\"https:\\\/\\\/es-es.facebook.com\\\/CANFALIMarinaAlta\",\"https:\\\/\\\/x.com\\\/canfalima\",\"https:\\\/\\\/www.instagram.com\\\/canfalimarinaalta\\\/\"]},{\"@type\":\"Person\",\"@id\":\"https:\\\/\\\/canfali.com\\\/ca-es\\\/#\\\/schema\\\/person\\\/25dd7e79206e119c02d489a3b67ca83d\",\"name\":\"Alex\",\"image\":{\"@type\":\"ImageObject\",\"inLanguage\":\"va-ES\",\"@id\":\"https:\\\/\\\/secure.gravatar.com\\\/avatar\\\/98bd9e8345af882c94b4d49db053494ffab4b0a9ca408823ad3dbaf04d352f02?s=96&d=mm&r=g\",\"url\":\"https:\\\/\\\/secure.gravatar.com\\\/avatar\\\/98bd9e8345af882c94b4d49db053494ffab4b0a9ca408823ad3dbaf04d352f02?s=96&d=mm&r=g\",\"contentUrl\":\"https:\\\/\\\/secure.gravatar.com\\\/avatar\\\/98bd9e8345af882c94b4d49db053494ffab4b0a9ca408823ad3dbaf04d352f02?s=96&d=mm&r=g\",\"caption\":\"Alex\"},\"url\":\"https:\\\/\\\/canfali.com\\\/ca-es\\\/author\\\/alex\\\/\"}]}<\/script>\n<!-- \/ Yoast SEO Premium plugin. -->","yoast_head_json":{"title":"El VI Congr\u00e9s Go Global represa la presencialitat amb m\u00e9s de 20 pa\u00efsos per a fomentar les exportacions de les pimes de la Comunitat - Canfali","robots":{"index":"index","follow":"follow","max-snippet":"max-snippet:-1","max-image-preview":"max-image-preview:large","max-video-preview":"max-video-preview:-1"},"canonical":"https:\/\/canfali.com\/ca-es\/el-vi-congreso-go-global-retoma-la-presencialidad-con-ms-de-20-pases-para-fomentar-las-exportaciones-de-las-pmes-de-la-comunitat\/","og_locale":"en_US","og_type":"article","og_title":"El VI Congr\u00e9s Go Global represa la presencialitat amb m\u00e9s de 20 pa\u00efsos per a fomentar les exportacions de les pimes de la Comunitat","og_description":"Pon\u00e8ncies, taules de debat empresarial i reunions virtuals se succeiran aquests dos dies","og_url":"https:\/\/canfali.com\/ca-es\/el-vi-congreso-go-global-retoma-la-presencialidad-con-ms-de-20-pases-para-fomentar-las-exportaciones-de-las-pmes-de-la-comunitat\/","og_site_name":"Canfali","article_publisher":"https:\/\/es-es.facebook.com\/CANFALIMarinaAlta","article_published_time":"2021-11-24T20:04:16+00:00","article_modified_time":"2025-02-25T09:47:02+00:00","og_image":[{"width":1600,"height":900,"url":"https:\/\/canfali.com\/app\/uploads\/2025\/02\/5a6227886b30766202a9a6ec65edfc5f.jpg","type":"image\/jpeg"}],"author":"Alex","twitter_card":"summary_large_image","twitter_creator":"@canfalima","twitter_site":"@canfalima","twitter_misc":{"Written by":"Alex","Est. reading time":"4 minutes"},"schema":{"@context":"https:\/\/schema.org","@graph":[{"@type":"NewsArticle","@id":"https:\/\/canfali.com\/ca-es\/el-vi-congreso-go-global-retoma-la-presencialidad-con-ms-de-20-pases-para-fomentar-las-exportaciones-de-las-pmes-de-la-comunitat\/#article","isPartOf":{"@id":"https:\/\/canfali.com\/ca-es\/el-vi-congreso-go-global-retoma-la-presencialidad-con-ms-de-20-pases-para-fomentar-las-exportaciones-de-las-pmes-de-la-comunitat\/"},"author":{"name":"Alex","@id":"https:\/\/canfali.com\/ca-es\/#\/schema\/person\/25dd7e79206e119c02d489a3b67ca83d"},"headline":"El VI Congr\u00e9s Go Global represa la presencialitat amb m\u00e9s de 20 pa\u00efsos per a fomentar les exportacions de les pimes de la Comunitat","datePublished":"2021-11-24T20:04:16+00:00","dateModified":"2025-02-25T09:47:02+00:00","mainEntityOfPage":{"@id":"https:\/\/canfali.com\/ca-es\/el-vi-congreso-go-global-retoma-la-presencialidad-con-ms-de-20-pases-para-fomentar-las-exportaciones-de-las-pmes-de-la-comunitat\/"},"wordCount":885,"publisher":{"@id":"https:\/\/canfali.com\/ca-es\/#organization"},"image":{"@id":"https:\/\/canfali.com\/ca-es\/el-vi-congreso-go-global-retoma-la-presencialidad-con-ms-de-20-pases-para-fomentar-las-exportaciones-de-las-pmes-de-la-comunitat\/#primaryimage"},"thumbnailUrl":"https:\/\/canfali.com\/app\/uploads\/2025\/02\/5a6227886b30766202a9a6ec65edfc5f.jpg","articleSection":["Econom\u00eda y Empresas"],"inLanguage":"va-ES","copyrightYear":"2021","copyrightHolder":{"@id":"https:\/\/canfali.com\/#organization"}},{"@type":"WebPage","@id":"https:\/\/canfali.com\/ca-es\/el-vi-congreso-go-global-retoma-la-presencialidad-con-ms-de-20-pases-para-fomentar-las-exportaciones-de-las-pmes-de-la-comunitat\/","url":"https:\/\/canfali.com\/ca-es\/el-vi-congreso-go-global-retoma-la-presencialidad-con-ms-de-20-pases-para-fomentar-las-exportaciones-de-las-pmes-de-la-comunitat\/","name":"El VI Congr\u00e9s Go Global represa la presencialitat amb m\u00e9s de 20 pa\u00efsos per a fomentar les exportacions de les pimes de la Comunitat - Canfali","isPartOf":{"@id":"https:\/\/canfali.com\/ca-es\/#website"},"primaryImageOfPage":{"@id":"https:\/\/canfali.com\/ca-es\/el-vi-congreso-go-global-retoma-la-presencialidad-con-ms-de-20-pases-para-fomentar-las-exportaciones-de-las-pmes-de-la-comunitat\/#primaryimage"},"image":{"@id":"https:\/\/canfali.com\/ca-es\/el-vi-congreso-go-global-retoma-la-presencialidad-con-ms-de-20-pases-para-fomentar-las-exportaciones-de-las-pmes-de-la-comunitat\/#primaryimage"},"thumbnailUrl":"https:\/\/canfali.com\/app\/uploads\/2025\/02\/5a6227886b30766202a9a6ec65edfc5f.jpg","datePublished":"2021-11-24T20:04:16+00:00","dateModified":"2025-02-25T09:47:02+00:00","breadcrumb":{"@id":"https:\/\/canfali.com\/ca-es\/el-vi-congreso-go-global-retoma-la-presencialidad-con-ms-de-20-pases-para-fomentar-las-exportaciones-de-las-pmes-de-la-comunitat\/#breadcrumb"},"inLanguage":"va-ES","potentialAction":[{"@type":"ReadAction","target":["https:\/\/canfali.com\/ca-es\/el-vi-congreso-go-global-retoma-la-presencialidad-con-ms-de-20-pases-para-fomentar-las-exportaciones-de-las-pmes-de-la-comunitat\/"]}]},{"@type":"ImageObject","inLanguage":"va-ES","@id":"https:\/\/canfali.com\/ca-es\/el-vi-congreso-go-global-retoma-la-presencialidad-con-ms-de-20-pases-para-fomentar-las-exportaciones-de-las-pmes-de-la-comunitat\/#primaryimage","url":"https:\/\/canfali.com\/app\/uploads\/2025\/02\/5a6227886b30766202a9a6ec65edfc5f.jpg","contentUrl":"https:\/\/canfali.com\/app\/uploads\/2025\/02\/5a6227886b30766202a9a6ec65edfc5f.jpg","width":1600,"height":900},{"@type":"BreadcrumbList","@id":"https:\/\/canfali.com\/ca-es\/el-vi-congreso-go-global-retoma-la-presencialidad-con-ms-de-20-pases-para-fomentar-las-exportaciones-de-las-pmes-de-la-comunitat\/#breadcrumb","itemListElement":[{"@type":"ListItem","position":1,"name":"Portada","item":"https:\/\/canfali.com\/ca-es\/"},{"@type":"ListItem","position":2,"name":"El VI Congr\u00e9s Go Global represa la presencialitat amb m\u00e9s de 20 pa\u00efsos per a fomentar les exportacions de les pimes de la Comunitat"}]},{"@type":"WebSite","@id":"https:\/\/canfali.com\/ca-es\/#website","url":"https:\/\/canfali.com\/ca-es\/","name":"Canfali","description":"","publisher":{"@id":"https:\/\/canfali.com\/ca-es\/#organization"},"potentialAction":[{"@type":"SearchAction","target":{"@type":"EntryPoint","urlTemplate":"https:\/\/canfali.com\/ca-es\/?s={search_term_string}"},"query-input":{"@type":"PropertyValueSpecification","valueRequired":true,"valueName":"search_term_string"}}],"inLanguage":"va-ES"},{"@type":"Organization","@id":"https:\/\/canfali.com\/ca-es\/#organization","name":"Canfali","url":"https:\/\/canfali.com\/ca-es\/","logo":{"@type":"ImageObject","inLanguage":"va-ES","@id":"https:\/\/canfali.com\/ca-es\/#\/schema\/logo\/image\/","url":"https:\/\/canfali.com\/app\/uploads\/2025\/12\/canfali_marina_alta_logo.png","contentUrl":"https:\/\/canfali.com\/app\/uploads\/2025\/12\/canfali_marina_alta_logo.png","width":225,"height":225,"caption":"Canfali"},"image":{"@id":"https:\/\/canfali.com\/ca-es\/#\/schema\/logo\/image\/"},"sameAs":["https:\/\/es-es.facebook.com\/CANFALIMarinaAlta","https:\/\/x.com\/canfalima","https:\/\/www.instagram.com\/canfalimarinaalta\/"]},{"@type":"Person","@id":"https:\/\/canfali.com\/ca-es\/#\/schema\/person\/25dd7e79206e119c02d489a3b67ca83d","name":"Alex","image":{"@type":"ImageObject","inLanguage":"va-ES","@id":"https:\/\/secure.gravatar.com\/avatar\/98bd9e8345af882c94b4d49db053494ffab4b0a9ca408823ad3dbaf04d352f02?s=96&d=mm&r=g","url":"https:\/\/secure.gravatar.com\/avatar\/98bd9e8345af882c94b4d49db053494ffab4b0a9ca408823ad3dbaf04d352f02?s=96&d=mm&r=g","contentUrl":"https:\/\/secure.gravatar.com\/avatar\/98bd9e8345af882c94b4d49db053494ffab4b0a9ca408823ad3dbaf04d352f02?s=96&d=mm&r=g","caption":"Alex"},"url":"https:\/\/canfali.com\/ca-es\/author\/alex\/"}]}},"_links":{"self":[{"href":"https:\/\/canfali.com\/ca-es\/wp-json\/wp\/v2\/posts\/42793","targetHints":{"allow":["GET"]}}],"collection":[{"href":"https:\/\/canfali.com\/ca-es\/wp-json\/wp\/v2\/posts"}],"about":[{"href":"https:\/\/canfali.com\/ca-es\/wp-json\/wp\/v2\/types\/post"}],"author":[{"embeddable":true,"href":"https:\/\/canfali.com\/ca-es\/wp-json\/wp\/v2\/users\/2"}],"replies":[{"embeddable":true,"href":"https:\/\/canfali.com\/ca-es\/wp-json\/wp\/v2\/comments?post=42793"}],"version-history":[{"count":0,"href":"https:\/\/canfali.com\/ca-es\/wp-json\/wp\/v2\/posts\/42793\/revisions"}],"wp:featuredmedia":[{"embeddable":true,"href":"https:\/\/canfali.com\/ca-es\/wp-json\/wp\/v2\/media\/25975"}],"wp:attachment":[{"href":"https:\/\/canfali.com\/ca-es\/wp-json\/wp\/v2\/media?parent=42793"}],"wp:term":[{"taxonomy":"category","embeddable":true,"href":"https:\/\/canfali.com\/ca-es\/wp-json\/wp\/v2\/categories?post=42793"},{"taxonomy":"post_tag","embeddable":true,"href":"https:\/\/canfali.com\/ca-es\/wp-json\/wp\/v2\/tags?post=42793"}],"curies":[{"name":"wp","href":"https:\/\/api.w.org\/{rel}","templated":true}]}}