{"id":42790,"date":"2021-11-23T20:42:12","date_gmt":"2021-11-23T19:42:12","guid":{"rendered":"https:\/\/canfali.com\/ms-de-1200-pmes-valencianas-se-interesan-por-la-internacionalizacin-en-la-vi-edicin-del-congreso-go-global\/"},"modified":"2025-02-25T10:46:34","modified_gmt":"2025-02-25T09:46:34","slug":"ms-de-1200-pmes-valencianas-se-interesan-por-la-internacionalizacin-en-la-vi-edicin-del-congreso-go-global","status":"publish","type":"post","link":"https:\/\/canfali.com\/ca-es\/ms-de-1200-pmes-valencianas-se-interesan-por-la-internacionalizacin-en-la-vi-edicin-del-congreso-go-global\/","title":{"rendered":"M\u00e9s de 1200 pimes valencianes s&#8217;interessen per la internacionalitzaci\u00f3 en la VI edici\u00f3 del Congr\u00e9s Go Global"},"content":{"rendered":"<p>Les empreses han tingut l&#39;oportunitat de reunir-se de manera presencial amb la Xarxa Exterior de l&#39;Ivace, amb una vintena d&#39;empreses importadores i de manera virtual amb les oficines comercials de&nbsp;l&#39;Icex presents en 16 mercats diferents<br \/>\nEn aquests dos dies de congr&eacute;s i trobades s&#39;han confirmat una mica m&eacute;s de 650 reunions de treball, una xifra que augmentar&agrave; al llarg de la jornada de hui<br \/>\nEl congr&eacute;s es consolida com el gran referent a nivell espanyol en la generaci&oacute; de sinergies entre pimes i el mercat internacional&nbsp;<\/p>\n<p>El Congr&eacute;s Go Global, esdeveniment de refer&egrave;ncia en internacionalitzaci&oacute; de les pimes valencianes, organitzat pel Consell de Cambres de Comer&ccedil; CV, la Conselleria d&#39;Economia Sostenible, Sectors Productius, Comer&ccedil; i Treball, a trav&eacute;s de Ivace Internacional i ICEX Espa&ntilde;a Exportaci&oacute; i Inversions, ha congregat a m&eacute;s de 1200 pimes al llarg de dues jornades, entre assistents presencials i virtuals.&nbsp;<br \/>\nPonents de primer nivell, experts en mercats internacionals, compradors estrangers, entitats financeres i responsables de la Xarxa Exterior de Ivace i ICEX han posat a la disposici&oacute; de les pimes valencianes tot el seu coneixement i eines per al desenvolupament i la internacionalitzaci&oacute; d&#39;empreses. El Go Global es consolida com la trobada m&eacute;s important de les petites i mitjanes empreses de la Comunitat Valenciana en l&#39;&agrave;mbit de la internacionalitzaci&oacute;.&nbsp;<br \/>\n&nbsp;&nbsp; &nbsp;Aix&iacute;, el VI Congr&eacute;s Go Global que ha recuperat el seu car&agrave;cter presencial des de l&#39;Escola de Negocis Llu&iacute;s Vives i que s&#39;ha pogut seguir tamb&eacute; per *streaming, ha comptat amb confer&egrave;ncies i taules de debat empresarial, a m&eacute;s d&#39;un espai dedicat a explorar possibilitats de finan&ccedil;ament i una sala per a con&eacute;ixer les oportunitats que ofereix Europa, sempre en mat&egrave;ria d&#39;internacionalitzaci&oacute;.<br \/>\n&nbsp;&nbsp; &nbsp;Al llarg d&#39;aquest segon i &uacute;ltim dia de Go Global s&#39;ha parlat d&#39;estrat&egrave;gies de sostenibilitat vinculades a la internacionalitzaci&oacute; d&#39;empreses com Leroy Merlin o Grefusa. Tamb&eacute; s&#39;ha desenvolupat una taula de debat empresarial amb responsables del Grup I&ntilde;esta, NOB166, Vicky Foods o la signatura International Technology 3D Printers, moderats pel Club d&#39;Empreses Responsables i Sostenibles.<br \/>\n&nbsp;&nbsp; &nbsp;M&eacute;s tard, s&#39;ha presentat l&#39;Estrat&egrave;gia Horitz&oacute; &Agrave;frica i una posterior taula de debat amb signatures com IDRICA, BOMBES IDEAL o LABERIT.&nbsp;<br \/>\nReunions amb la Xarxa Exterior i amb empreses importadores<br \/>\nEn aquests dos dies de congr&eacute;s i trobades s&#39;han confirmat una mica m&eacute;s de 650 reunions de treball, una xifra que augmentar&agrave; al llarg de la jornada de hui.<br \/>\nLes empreses han respost a la convocat&ograve;ria i han mantingut un total de 350 reunions amb la Xarxa Exterior de l&#39;Ivace. Per pa&iuml;sos, destaca l&#39;inter&eacute;s despertat per les antenes situades en pa&iuml;sos europeus amb Alemanya, Fran&ccedil;a, el Regne Unit amb el major nombre de reunions. Tamb&eacute; destaca l&#39;inter&eacute;s despertat per Emirats &Agrave;rabs fora d&#39;Europa.<br \/>\nPer part seua, les empreses importadores han mantingut una completa agenda de contactes amb prop de 300 reunions de negoci, que en molts casos es materialitzaran&nbsp;en futurs acords comercials a mitj&agrave; termini.&nbsp;<br \/>\nEl Congr&eacute;s Go Global tanca aquesta VI edici&oacute; amb gran &egrave;xit de participaci&oacute;, consolidant aix&iacute; la utilitzaci&oacute; d&#39;un format h&iacute;brid que ha facilitat a les empreses de la Comunitat l&#39;assist&egrave;ncia a les diferents activitats del Congr&eacute;s.<\/p>\n","protected":false},"excerpt":{"rendered":"Les empreses han tingut l&#39;oportunitat de reunir-se de manera presencial amb la Xarxa Exterior de l&#39;Ivace, amb una&hellip;","protected":false},"author":2,"featured_media":25964,"comment_status":"closed","ping_status":"closed","sticky":false,"template":"","format":"standard","meta":{"csco_display_header_overlay":false,"csco_singular_sidebar":"","csco_page_header_type":"","csco_page_load_nextpost":"","csco_post_video_location":[],"csco_post_video_location_hash":"","csco_post_video_url":"","csco_post_video_bg_start_time":0,"csco_post_video_bg_end_time":0,"footnotes":""},"categories":[39],"tags":[],"class_list":{"0":"post-42790","1":"post","2":"type-post","3":"status-publish","4":"format-standard","5":"has-post-thumbnail","7":"category-economia-y-empresas","8":"cs-entry","9":"cs-video-wrap"},"yoast_head":"<!-- This site is optimized with the Yoast SEO Premium plugin v26.6 (Yoast SEO v27.3) - https:\/\/yoast.com\/product\/yoast-seo-premium-wordpress\/ -->\n<title>M\u00e9s de 1200 pimes valencianes s&#039;interessen per la internacionalitzaci\u00f3 en la VI edici\u00f3 del Congr\u00e9s Go Global - Canfali<\/title>\n<meta name=\"robots\" content=\"index, follow, max-snippet:-1, max-image-preview:large, max-video-preview:-1\" \/>\n<link rel=\"canonical\" href=\"https:\/\/canfali.com\/ca-es\/ms-de-1200-pmes-valencianas-se-interesan-por-la-internacionalizacin-en-la-vi-edicin-del-congreso-go-global\/\" \/>\n<meta property=\"og:locale\" content=\"en_US\" \/>\n<meta property=\"og:type\" content=\"article\" \/>\n<meta property=\"og:title\" content=\"M\u00e9s de 1200 pimes valencianes s&#039;interessen per la internacionalitzaci\u00f3 en la VI edici\u00f3 del Congr\u00e9s Go Global\" \/>\n<meta property=\"og:description\" content=\"Les empreses han tingut l&#039;oportunitat de reunir-se de manera presencial amb la Xarxa Exterior de l&#039;Ivace, amb una&hellip;\" \/>\n<meta property=\"og:url\" content=\"https:\/\/canfali.com\/ca-es\/ms-de-1200-pmes-valencianas-se-interesan-por-la-internacionalizacin-en-la-vi-edicin-del-congreso-go-global\/\" \/>\n<meta property=\"og:site_name\" content=\"Canfali\" \/>\n<meta property=\"article:publisher\" content=\"https:\/\/es-es.facebook.com\/CANFALIMarinaAlta\" \/>\n<meta property=\"article:published_time\" content=\"2021-11-23T19:42:12+00:00\" \/>\n<meta property=\"article:modified_time\" content=\"2025-02-25T09:46:34+00:00\" \/>\n<meta property=\"og:image\" content=\"https:\/\/canfali.com\/app\/uploads\/2025\/02\/c3aa8e955f273903b9d496ca38cf3e9d-scaled.jpg\" \/>\n\t<meta property=\"og:image:width\" content=\"2560\" \/>\n\t<meta property=\"og:image:height\" content=\"1707\" \/>\n\t<meta property=\"og:image:type\" content=\"image\/jpeg\" \/>\n<meta name=\"author\" content=\"Alex\" \/>\n<meta name=\"twitter:card\" content=\"summary_large_image\" \/>\n<meta name=\"twitter:creator\" content=\"@canfalima\" \/>\n<meta name=\"twitter:site\" content=\"@canfalima\" \/>\n<meta name=\"twitter:label1\" content=\"Written by\" \/>\n\t<meta name=\"twitter:data1\" content=\"Alex\" \/>\n\t<meta name=\"twitter:label2\" content=\"Est. reading time\" \/>\n\t<meta name=\"twitter:data2\" content=\"3 minutes\" \/>\n<script type=\"application\/ld+json\" class=\"yoast-schema-graph\">{\"@context\":\"https:\\\/\\\/schema.org\",\"@graph\":[{\"@type\":\"NewsArticle\",\"@id\":\"https:\\\/\\\/canfali.com\\\/ca-es\\\/ms-de-1200-pmes-valencianas-se-interesan-por-la-internacionalizacin-en-la-vi-edicin-del-congreso-go-global\\\/#article\",\"isPartOf\":{\"@id\":\"https:\\\/\\\/canfali.com\\\/ca-es\\\/ms-de-1200-pmes-valencianas-se-interesan-por-la-internacionalizacin-en-la-vi-edicin-del-congreso-go-global\\\/\"},\"author\":{\"name\":\"Alex\",\"@id\":\"https:\\\/\\\/canfali.com\\\/ca-es\\\/#\\\/schema\\\/person\\\/25dd7e79206e119c02d489a3b67ca83d\"},\"headline\":\"M\u00e9s de 1200 pimes valencianes s&#8217;interessen per la internacionalitzaci\u00f3 en la VI edici\u00f3 del Congr\u00e9s Go Global\",\"datePublished\":\"2021-11-23T19:42:12+00:00\",\"dateModified\":\"2025-02-25T09:46:34+00:00\",\"mainEntityOfPage\":{\"@id\":\"https:\\\/\\\/canfali.com\\\/ca-es\\\/ms-de-1200-pmes-valencianas-se-interesan-por-la-internacionalizacin-en-la-vi-edicin-del-congreso-go-global\\\/\"},\"wordCount\":662,\"publisher\":{\"@id\":\"https:\\\/\\\/canfali.com\\\/ca-es\\\/#organization\"},\"image\":{\"@id\":\"https:\\\/\\\/canfali.com\\\/ca-es\\\/ms-de-1200-pmes-valencianas-se-interesan-por-la-internacionalizacin-en-la-vi-edicin-del-congreso-go-global\\\/#primaryimage\"},\"thumbnailUrl\":\"https:\\\/\\\/canfali.com\\\/app\\\/uploads\\\/2025\\\/02\\\/c3aa8e955f273903b9d496ca38cf3e9d-scaled.jpg\",\"articleSection\":[\"Econom\u00eda y Empresas\"],\"inLanguage\":\"va-ES\",\"copyrightYear\":\"2021\",\"copyrightHolder\":{\"@id\":\"https:\\\/\\\/canfali.com\\\/#organization\"}},{\"@type\":\"WebPage\",\"@id\":\"https:\\\/\\\/canfali.com\\\/ca-es\\\/ms-de-1200-pmes-valencianas-se-interesan-por-la-internacionalizacin-en-la-vi-edicin-del-congreso-go-global\\\/\",\"url\":\"https:\\\/\\\/canfali.com\\\/ca-es\\\/ms-de-1200-pmes-valencianas-se-interesan-por-la-internacionalizacin-en-la-vi-edicin-del-congreso-go-global\\\/\",\"name\":\"M\u00e9s de 1200 pimes valencianes s'interessen per la internacionalitzaci\u00f3 en la VI edici\u00f3 del Congr\u00e9s Go Global - Canfali\",\"isPartOf\":{\"@id\":\"https:\\\/\\\/canfali.com\\\/ca-es\\\/#website\"},\"primaryImageOfPage\":{\"@id\":\"https:\\\/\\\/canfali.com\\\/ca-es\\\/ms-de-1200-pmes-valencianas-se-interesan-por-la-internacionalizacin-en-la-vi-edicin-del-congreso-go-global\\\/#primaryimage\"},\"image\":{\"@id\":\"https:\\\/\\\/canfali.com\\\/ca-es\\\/ms-de-1200-pmes-valencianas-se-interesan-por-la-internacionalizacin-en-la-vi-edicin-del-congreso-go-global\\\/#primaryimage\"},\"thumbnailUrl\":\"https:\\\/\\\/canfali.com\\\/app\\\/uploads\\\/2025\\\/02\\\/c3aa8e955f273903b9d496ca38cf3e9d-scaled.jpg\",\"datePublished\":\"2021-11-23T19:42:12+00:00\",\"dateModified\":\"2025-02-25T09:46:34+00:00\",\"breadcrumb\":{\"@id\":\"https:\\\/\\\/canfali.com\\\/ca-es\\\/ms-de-1200-pmes-valencianas-se-interesan-por-la-internacionalizacin-en-la-vi-edicin-del-congreso-go-global\\\/#breadcrumb\"},\"inLanguage\":\"va-ES\",\"potentialAction\":[{\"@type\":\"ReadAction\",\"target\":[\"https:\\\/\\\/canfali.com\\\/ca-es\\\/ms-de-1200-pmes-valencianas-se-interesan-por-la-internacionalizacin-en-la-vi-edicin-del-congreso-go-global\\\/\"]}]},{\"@type\":\"ImageObject\",\"inLanguage\":\"va-ES\",\"@id\":\"https:\\\/\\\/canfali.com\\\/ca-es\\\/ms-de-1200-pmes-valencianas-se-interesan-por-la-internacionalizacin-en-la-vi-edicin-del-congreso-go-global\\\/#primaryimage\",\"url\":\"https:\\\/\\\/canfali.com\\\/app\\\/uploads\\\/2025\\\/02\\\/c3aa8e955f273903b9d496ca38cf3e9d-scaled.jpg\",\"contentUrl\":\"https:\\\/\\\/canfali.com\\\/app\\\/uploads\\\/2025\\\/02\\\/c3aa8e955f273903b9d496ca38cf3e9d-scaled.jpg\",\"width\":2560,\"height\":1707},{\"@type\":\"BreadcrumbList\",\"@id\":\"https:\\\/\\\/canfali.com\\\/ca-es\\\/ms-de-1200-pmes-valencianas-se-interesan-por-la-internacionalizacin-en-la-vi-edicin-del-congreso-go-global\\\/#breadcrumb\",\"itemListElement\":[{\"@type\":\"ListItem\",\"position\":1,\"name\":\"Portada\",\"item\":\"https:\\\/\\\/canfali.com\\\/ca-es\\\/\"},{\"@type\":\"ListItem\",\"position\":2,\"name\":\"M\u00e9s de 1200 pimes valencianes s&#8217;interessen per la internacionalitzaci\u00f3 en la VI edici\u00f3 del Congr\u00e9s Go Global\"}]},{\"@type\":\"WebSite\",\"@id\":\"https:\\\/\\\/canfali.com\\\/ca-es\\\/#website\",\"url\":\"https:\\\/\\\/canfali.com\\\/ca-es\\\/\",\"name\":\"Canfali\",\"description\":\"\",\"publisher\":{\"@id\":\"https:\\\/\\\/canfali.com\\\/ca-es\\\/#organization\"},\"potentialAction\":[{\"@type\":\"SearchAction\",\"target\":{\"@type\":\"EntryPoint\",\"urlTemplate\":\"https:\\\/\\\/canfali.com\\\/ca-es\\\/?s={search_term_string}\"},\"query-input\":{\"@type\":\"PropertyValueSpecification\",\"valueRequired\":true,\"valueName\":\"search_term_string\"}}],\"inLanguage\":\"va-ES\"},{\"@type\":\"Organization\",\"@id\":\"https:\\\/\\\/canfali.com\\\/ca-es\\\/#organization\",\"name\":\"Canfali\",\"url\":\"https:\\\/\\\/canfali.com\\\/ca-es\\\/\",\"logo\":{\"@type\":\"ImageObject\",\"inLanguage\":\"va-ES\",\"@id\":\"https:\\\/\\\/canfali.com\\\/ca-es\\\/#\\\/schema\\\/logo\\\/image\\\/\",\"url\":\"https:\\\/\\\/canfali.com\\\/app\\\/uploads\\\/2025\\\/12\\\/canfali_marina_alta_logo.png\",\"contentUrl\":\"https:\\\/\\\/canfali.com\\\/app\\\/uploads\\\/2025\\\/12\\\/canfali_marina_alta_logo.png\",\"width\":225,\"height\":225,\"caption\":\"Canfali\"},\"image\":{\"@id\":\"https:\\\/\\\/canfali.com\\\/ca-es\\\/#\\\/schema\\\/logo\\\/image\\\/\"},\"sameAs\":[\"https:\\\/\\\/es-es.facebook.com\\\/CANFALIMarinaAlta\",\"https:\\\/\\\/x.com\\\/canfalima\",\"https:\\\/\\\/www.instagram.com\\\/canfalimarinaalta\\\/\"]},{\"@type\":\"Person\",\"@id\":\"https:\\\/\\\/canfali.com\\\/ca-es\\\/#\\\/schema\\\/person\\\/25dd7e79206e119c02d489a3b67ca83d\",\"name\":\"Alex\",\"image\":{\"@type\":\"ImageObject\",\"inLanguage\":\"va-ES\",\"@id\":\"https:\\\/\\\/secure.gravatar.com\\\/avatar\\\/98bd9e8345af882c94b4d49db053494ffab4b0a9ca408823ad3dbaf04d352f02?s=96&d=mm&r=g\",\"url\":\"https:\\\/\\\/secure.gravatar.com\\\/avatar\\\/98bd9e8345af882c94b4d49db053494ffab4b0a9ca408823ad3dbaf04d352f02?s=96&d=mm&r=g\",\"contentUrl\":\"https:\\\/\\\/secure.gravatar.com\\\/avatar\\\/98bd9e8345af882c94b4d49db053494ffab4b0a9ca408823ad3dbaf04d352f02?s=96&d=mm&r=g\",\"caption\":\"Alex\"},\"url\":\"https:\\\/\\\/canfali.com\\\/ca-es\\\/author\\\/alex\\\/\"}]}<\/script>\n<!-- \/ Yoast SEO Premium plugin. -->","yoast_head_json":{"title":"M\u00e9s de 1200 pimes valencianes s'interessen per la internacionalitzaci\u00f3 en la VI edici\u00f3 del Congr\u00e9s Go Global - Canfali","robots":{"index":"index","follow":"follow","max-snippet":"max-snippet:-1","max-image-preview":"max-image-preview:large","max-video-preview":"max-video-preview:-1"},"canonical":"https:\/\/canfali.com\/ca-es\/ms-de-1200-pmes-valencianas-se-interesan-por-la-internacionalizacin-en-la-vi-edicin-del-congreso-go-global\/","og_locale":"en_US","og_type":"article","og_title":"M\u00e9s de 1200 pimes valencianes s'interessen per la internacionalitzaci\u00f3 en la VI edici\u00f3 del Congr\u00e9s Go Global","og_description":"Les empreses han tingut l&#39;oportunitat de reunir-se de manera presencial amb la Xarxa Exterior de l&#39;Ivace, amb una&hellip;","og_url":"https:\/\/canfali.com\/ca-es\/ms-de-1200-pmes-valencianas-se-interesan-por-la-internacionalizacin-en-la-vi-edicin-del-congreso-go-global\/","og_site_name":"Canfali","article_publisher":"https:\/\/es-es.facebook.com\/CANFALIMarinaAlta","article_published_time":"2021-11-23T19:42:12+00:00","article_modified_time":"2025-02-25T09:46:34+00:00","og_image":[{"width":2560,"height":1707,"url":"https:\/\/canfali.com\/app\/uploads\/2025\/02\/c3aa8e955f273903b9d496ca38cf3e9d-scaled.jpg","type":"image\/jpeg"}],"author":"Alex","twitter_card":"summary_large_image","twitter_creator":"@canfalima","twitter_site":"@canfalima","twitter_misc":{"Written by":"Alex","Est. reading time":"3 minutes"},"schema":{"@context":"https:\/\/schema.org","@graph":[{"@type":"NewsArticle","@id":"https:\/\/canfali.com\/ca-es\/ms-de-1200-pmes-valencianas-se-interesan-por-la-internacionalizacin-en-la-vi-edicin-del-congreso-go-global\/#article","isPartOf":{"@id":"https:\/\/canfali.com\/ca-es\/ms-de-1200-pmes-valencianas-se-interesan-por-la-internacionalizacin-en-la-vi-edicin-del-congreso-go-global\/"},"author":{"name":"Alex","@id":"https:\/\/canfali.com\/ca-es\/#\/schema\/person\/25dd7e79206e119c02d489a3b67ca83d"},"headline":"M\u00e9s de 1200 pimes valencianes s&#8217;interessen per la internacionalitzaci\u00f3 en la VI edici\u00f3 del Congr\u00e9s Go Global","datePublished":"2021-11-23T19:42:12+00:00","dateModified":"2025-02-25T09:46:34+00:00","mainEntityOfPage":{"@id":"https:\/\/canfali.com\/ca-es\/ms-de-1200-pmes-valencianas-se-interesan-por-la-internacionalizacin-en-la-vi-edicin-del-congreso-go-global\/"},"wordCount":662,"publisher":{"@id":"https:\/\/canfali.com\/ca-es\/#organization"},"image":{"@id":"https:\/\/canfali.com\/ca-es\/ms-de-1200-pmes-valencianas-se-interesan-por-la-internacionalizacin-en-la-vi-edicin-del-congreso-go-global\/#primaryimage"},"thumbnailUrl":"https:\/\/canfali.com\/app\/uploads\/2025\/02\/c3aa8e955f273903b9d496ca38cf3e9d-scaled.jpg","articleSection":["Econom\u00eda y Empresas"],"inLanguage":"va-ES","copyrightYear":"2021","copyrightHolder":{"@id":"https:\/\/canfali.com\/#organization"}},{"@type":"WebPage","@id":"https:\/\/canfali.com\/ca-es\/ms-de-1200-pmes-valencianas-se-interesan-por-la-internacionalizacin-en-la-vi-edicin-del-congreso-go-global\/","url":"https:\/\/canfali.com\/ca-es\/ms-de-1200-pmes-valencianas-se-interesan-por-la-internacionalizacin-en-la-vi-edicin-del-congreso-go-global\/","name":"M\u00e9s de 1200 pimes valencianes s'interessen per la internacionalitzaci\u00f3 en la VI edici\u00f3 del Congr\u00e9s Go Global - Canfali","isPartOf":{"@id":"https:\/\/canfali.com\/ca-es\/#website"},"primaryImageOfPage":{"@id":"https:\/\/canfali.com\/ca-es\/ms-de-1200-pmes-valencianas-se-interesan-por-la-internacionalizacin-en-la-vi-edicin-del-congreso-go-global\/#primaryimage"},"image":{"@id":"https:\/\/canfali.com\/ca-es\/ms-de-1200-pmes-valencianas-se-interesan-por-la-internacionalizacin-en-la-vi-edicin-del-congreso-go-global\/#primaryimage"},"thumbnailUrl":"https:\/\/canfali.com\/app\/uploads\/2025\/02\/c3aa8e955f273903b9d496ca38cf3e9d-scaled.jpg","datePublished":"2021-11-23T19:42:12+00:00","dateModified":"2025-02-25T09:46:34+00:00","breadcrumb":{"@id":"https:\/\/canfali.com\/ca-es\/ms-de-1200-pmes-valencianas-se-interesan-por-la-internacionalizacin-en-la-vi-edicin-del-congreso-go-global\/#breadcrumb"},"inLanguage":"va-ES","potentialAction":[{"@type":"ReadAction","target":["https:\/\/canfali.com\/ca-es\/ms-de-1200-pmes-valencianas-se-interesan-por-la-internacionalizacin-en-la-vi-edicin-del-congreso-go-global\/"]}]},{"@type":"ImageObject","inLanguage":"va-ES","@id":"https:\/\/canfali.com\/ca-es\/ms-de-1200-pmes-valencianas-se-interesan-por-la-internacionalizacin-en-la-vi-edicin-del-congreso-go-global\/#primaryimage","url":"https:\/\/canfali.com\/app\/uploads\/2025\/02\/c3aa8e955f273903b9d496ca38cf3e9d-scaled.jpg","contentUrl":"https:\/\/canfali.com\/app\/uploads\/2025\/02\/c3aa8e955f273903b9d496ca38cf3e9d-scaled.jpg","width":2560,"height":1707},{"@type":"BreadcrumbList","@id":"https:\/\/canfali.com\/ca-es\/ms-de-1200-pmes-valencianas-se-interesan-por-la-internacionalizacin-en-la-vi-edicin-del-congreso-go-global\/#breadcrumb","itemListElement":[{"@type":"ListItem","position":1,"name":"Portada","item":"https:\/\/canfali.com\/ca-es\/"},{"@type":"ListItem","position":2,"name":"M\u00e9s de 1200 pimes valencianes s&#8217;interessen per la internacionalitzaci\u00f3 en la VI edici\u00f3 del Congr\u00e9s Go Global"}]},{"@type":"WebSite","@id":"https:\/\/canfali.com\/ca-es\/#website","url":"https:\/\/canfali.com\/ca-es\/","name":"Canfali","description":"","publisher":{"@id":"https:\/\/canfali.com\/ca-es\/#organization"},"potentialAction":[{"@type":"SearchAction","target":{"@type":"EntryPoint","urlTemplate":"https:\/\/canfali.com\/ca-es\/?s={search_term_string}"},"query-input":{"@type":"PropertyValueSpecification","valueRequired":true,"valueName":"search_term_string"}}],"inLanguage":"va-ES"},{"@type":"Organization","@id":"https:\/\/canfali.com\/ca-es\/#organization","name":"Canfali","url":"https:\/\/canfali.com\/ca-es\/","logo":{"@type":"ImageObject","inLanguage":"va-ES","@id":"https:\/\/canfali.com\/ca-es\/#\/schema\/logo\/image\/","url":"https:\/\/canfali.com\/app\/uploads\/2025\/12\/canfali_marina_alta_logo.png","contentUrl":"https:\/\/canfali.com\/app\/uploads\/2025\/12\/canfali_marina_alta_logo.png","width":225,"height":225,"caption":"Canfali"},"image":{"@id":"https:\/\/canfali.com\/ca-es\/#\/schema\/logo\/image\/"},"sameAs":["https:\/\/es-es.facebook.com\/CANFALIMarinaAlta","https:\/\/x.com\/canfalima","https:\/\/www.instagram.com\/canfalimarinaalta\/"]},{"@type":"Person","@id":"https:\/\/canfali.com\/ca-es\/#\/schema\/person\/25dd7e79206e119c02d489a3b67ca83d","name":"Alex","image":{"@type":"ImageObject","inLanguage":"va-ES","@id":"https:\/\/secure.gravatar.com\/avatar\/98bd9e8345af882c94b4d49db053494ffab4b0a9ca408823ad3dbaf04d352f02?s=96&d=mm&r=g","url":"https:\/\/secure.gravatar.com\/avatar\/98bd9e8345af882c94b4d49db053494ffab4b0a9ca408823ad3dbaf04d352f02?s=96&d=mm&r=g","contentUrl":"https:\/\/secure.gravatar.com\/avatar\/98bd9e8345af882c94b4d49db053494ffab4b0a9ca408823ad3dbaf04d352f02?s=96&d=mm&r=g","caption":"Alex"},"url":"https:\/\/canfali.com\/ca-es\/author\/alex\/"}]}},"_links":{"self":[{"href":"https:\/\/canfali.com\/ca-es\/wp-json\/wp\/v2\/posts\/42790","targetHints":{"allow":["GET"]}}],"collection":[{"href":"https:\/\/canfali.com\/ca-es\/wp-json\/wp\/v2\/posts"}],"about":[{"href":"https:\/\/canfali.com\/ca-es\/wp-json\/wp\/v2\/types\/post"}],"author":[{"embeddable":true,"href":"https:\/\/canfali.com\/ca-es\/wp-json\/wp\/v2\/users\/2"}],"replies":[{"embeddable":true,"href":"https:\/\/canfali.com\/ca-es\/wp-json\/wp\/v2\/comments?post=42790"}],"version-history":[{"count":0,"href":"https:\/\/canfali.com\/ca-es\/wp-json\/wp\/v2\/posts\/42790\/revisions"}],"wp:featuredmedia":[{"embeddable":true,"href":"https:\/\/canfali.com\/ca-es\/wp-json\/wp\/v2\/media\/25964"}],"wp:attachment":[{"href":"https:\/\/canfali.com\/ca-es\/wp-json\/wp\/v2\/media?parent=42790"}],"wp:term":[{"taxonomy":"category","embeddable":true,"href":"https:\/\/canfali.com\/ca-es\/wp-json\/wp\/v2\/categories?post=42790"},{"taxonomy":"post_tag","embeddable":true,"href":"https:\/\/canfali.com\/ca-es\/wp-json\/wp\/v2\/tags?post=42790"}],"curies":[{"name":"wp","href":"https:\/\/api.w.org\/{rel}","templated":true}]}}