{"id":42783,"date":"2021-10-25T19:34:48","date_gmt":"2021-10-25T17:34:48","guid":{"rendered":"https:\/\/canfali.com\/promocin-econmica-de-ondara-lanza-una-campaa-para-conmemorar-el-da-del-comercio-local\/"},"modified":"2025-02-25T10:45:26","modified_gmt":"2025-02-25T09:45:26","slug":"promocin-econmica-de-ondara-lanza-una-campaa-para-conmemorar-el-da-del-comercio-local","status":"publish","type":"post","link":"https:\/\/canfali.com\/ca-es\/promocin-econmica-de-ondara-lanza-una-campaa-para-conmemorar-el-da-del-comercio-local\/","title":{"rendered":"Promoci\u00f3 Econ\u00f2mica  d&#8217;Ondara llan\u00e7a una campanya per a commemorar el Dia del Comer\u00e7 Local"},"content":{"rendered":"<p>La premissa <em>&ldquo;Comprant al comer&ccedil; local fas una Ondara millor. El comer&ccedil; &eacute;s vida&rdquo;<\/em> ha estat invocada per la Regidoria de Promoci&oacute; Econ&ograve;mica per a llan&ccedil;ar la nova campanya de promoci&oacute; del sector comercial amb la col&middot;laboraci&oacute; de l&#39;associaci&oacute; de comerciants i empresaris d&#39;Ondara (ACO).<\/p>\n<p>&nbsp;&nbsp;&nbsp;&nbsp;&nbsp;&nbsp;&nbsp; L&rsquo;alcalde i responsable de l&rsquo;&agrave;rea, Jos&eacute; Ramiro, la t&egrave;cnica de desenvolupament local, Ana Cotaina i la presidenta d&rsquo;ACO, Inma Peiro, han presentat presentat aquesta iniciativa, que s&#39;ha donat a con&egrave;ixer en coincid&egrave;ncia amb la commemoraci&oacute; de l&#39;efem&egrave;ride del Dia del Comer&ccedil; Local declarat per la Generalitat Valenciana pel 25 d&rsquo;octubre, a trav&eacute;s de la Conselleria d&rsquo;Economia Sostenible, Sector Productius, Comer&ccedil; i Treball.<\/p>\n<p>&ldquo;L&rsquo;Ajuntament d&#39;Ondara es va adherir en el ple del passat mes de setembre a aquesta commemoraci&oacute;, amb l&#39;objectiu de &eacute;s posar en valor la import&agrave;ncia del comer&ccedil; local com a part de la vida d&#39;un poble&rdquo;, ha recalcat Jos&eacute; Ramiro.<\/p>\n<p>&nbsp;<\/p>\n<p>&nbsp;<\/p>\n<p>Pel que fa a la campanya que s&#39;ha impulsat amb la intenci&oacute; de fidelitzar als clients del comer&ccedil; local d&#39;Ondara, es van a sortejar 100 carros de la compra entre les persones que realitzen compres en els establiments locals adherits.<\/p>\n<p>A m&eacute;s, s&#39;ha editat un llibre de receptes de cuina tradicionals d&#39;Ondara per part de l&rsquo;Ajuntament, les quals han sigut aportades i elaborades per alguns dels comer&ccedil;os del poble. En concret s&rsquo;han editat cinc-cents exemplars que seran repartit tamb&eacute; als clients, en els comer&ccedil;os adherits a la campanya <em>El comer&ccedil; &eacute;s vida<\/em> que te previst desenvolupar-se en els referits establiments del 2 al 30 de novembre, on &nbsp;la clientela podr&agrave; participar en el sorteig realitzant una compra m&iacute;nima de 20 euros.<\/p>\n<p>&nbsp;<\/p>\n","protected":false},"excerpt":{"rendered":"La premissa &ldquo;Comprant al comer&ccedil; local fas una Ondara millor. El comer&ccedil; &eacute;s vida&rdquo; ha estat invocada per&hellip;","protected":false},"author":2,"featured_media":25943,"comment_status":"open","ping_status":"open","sticky":false,"template":"","format":"standard","meta":{"csco_display_header_overlay":false,"csco_singular_sidebar":"","csco_page_header_type":"","csco_page_load_nextpost":"","csco_post_video_location":[],"csco_post_video_location_hash":"","csco_post_video_url":"","csco_post_video_bg_start_time":0,"csco_post_video_bg_end_time":0,"footnotes":""},"categories":[39],"tags":[],"class_list":{"0":"post-42783","1":"post","2":"type-post","3":"status-publish","4":"format-standard","5":"has-post-thumbnail","7":"category-economia-y-empresas","8":"cs-entry","9":"cs-video-wrap"},"yoast_head":"<!-- This site is optimized with the Yoast SEO Premium plugin v26.6 (Yoast SEO v27.3) - https:\/\/yoast.com\/product\/yoast-seo-premium-wordpress\/ -->\n<title>Promoci\u00f3 Econ\u00f2mica d&#039;Ondara llan\u00e7a una campanya per a commemorar el Dia del Comer\u00e7 Local - Canfali<\/title>\n<meta name=\"robots\" content=\"index, follow, max-snippet:-1, max-image-preview:large, max-video-preview:-1\" \/>\n<link rel=\"canonical\" href=\"https:\/\/canfali.com\/ca-es\/promocin-econmica-de-ondara-lanza-una-campaa-para-conmemorar-el-da-del-comercio-local\/\" \/>\n<meta property=\"og:locale\" content=\"en_US\" \/>\n<meta property=\"og:type\" content=\"article\" \/>\n<meta property=\"og:title\" content=\"Promoci\u00f3 Econ\u00f2mica d&#039;Ondara llan\u00e7a una campanya per a commemorar el Dia del Comer\u00e7 Local\" \/>\n<meta property=\"og:description\" content=\"La premissa &ldquo;Comprant al comer&ccedil; local fas una Ondara millor. El comer&ccedil; &eacute;s vida&rdquo; ha estat invocada per&hellip;\" \/>\n<meta property=\"og:url\" content=\"https:\/\/canfali.com\/ca-es\/promocin-econmica-de-ondara-lanza-una-campaa-para-conmemorar-el-da-del-comercio-local\/\" \/>\n<meta property=\"og:site_name\" content=\"Canfali\" \/>\n<meta property=\"article:publisher\" content=\"https:\/\/es-es.facebook.com\/CANFALIMarinaAlta\" \/>\n<meta property=\"article:published_time\" content=\"2021-10-25T17:34:48+00:00\" \/>\n<meta property=\"article:modified_time\" content=\"2025-02-25T09:45:26+00:00\" \/>\n<meta property=\"og:image\" content=\"https:\/\/canfali.com\/app\/uploads\/2025\/02\/583f19e243cc323c83635802d3318bfb-scaled.jpg\" \/>\n\t<meta property=\"og:image:width\" content=\"1824\" \/>\n\t<meta property=\"og:image:height\" content=\"2560\" \/>\n\t<meta property=\"og:image:type\" content=\"image\/jpeg\" \/>\n<meta name=\"author\" content=\"Alex\" \/>\n<meta name=\"twitter:card\" content=\"summary_large_image\" \/>\n<meta name=\"twitter:creator\" content=\"@canfalima\" \/>\n<meta name=\"twitter:site\" content=\"@canfalima\" \/>\n<meta name=\"twitter:label1\" content=\"Written by\" \/>\n\t<meta name=\"twitter:data1\" content=\"Alex\" \/>\n\t<meta name=\"twitter:label2\" content=\"Est. reading time\" \/>\n\t<meta name=\"twitter:data2\" content=\"2 minutes\" \/>\n<script type=\"application\/ld+json\" class=\"yoast-schema-graph\">{\"@context\":\"https:\\\/\\\/schema.org\",\"@graph\":[{\"@type\":\"NewsArticle\",\"@id\":\"https:\\\/\\\/canfali.com\\\/ca-es\\\/promocin-econmica-de-ondara-lanza-una-campaa-para-conmemorar-el-da-del-comercio-local\\\/#article\",\"isPartOf\":{\"@id\":\"https:\\\/\\\/canfali.com\\\/ca-es\\\/promocin-econmica-de-ondara-lanza-una-campaa-para-conmemorar-el-da-del-comercio-local\\\/\"},\"author\":{\"name\":\"Alex\",\"@id\":\"https:\\\/\\\/canfali.com\\\/ca-es\\\/#\\\/schema\\\/person\\\/25dd7e79206e119c02d489a3b67ca83d\"},\"headline\":\"Promoci\u00f3 Econ\u00f2mica d&#8217;Ondara llan\u00e7a una campanya per a commemorar el Dia del Comer\u00e7 Local\",\"datePublished\":\"2021-10-25T17:34:48+00:00\",\"dateModified\":\"2025-02-25T09:45:26+00:00\",\"mainEntityOfPage\":{\"@id\":\"https:\\\/\\\/canfali.com\\\/ca-es\\\/promocin-econmica-de-ondara-lanza-una-campaa-para-conmemorar-el-da-del-comercio-local\\\/\"},\"wordCount\":370,\"commentCount\":0,\"publisher\":{\"@id\":\"https:\\\/\\\/canfali.com\\\/ca-es\\\/#organization\"},\"image\":{\"@id\":\"https:\\\/\\\/canfali.com\\\/ca-es\\\/promocin-econmica-de-ondara-lanza-una-campaa-para-conmemorar-el-da-del-comercio-local\\\/#primaryimage\"},\"thumbnailUrl\":\"https:\\\/\\\/canfali.com\\\/app\\\/uploads\\\/2025\\\/02\\\/583f19e243cc323c83635802d3318bfb-scaled.jpg\",\"articleSection\":[\"Econom\u00eda y Empresas\"],\"inLanguage\":\"va-ES\",\"potentialAction\":[{\"@type\":\"CommentAction\",\"name\":\"Comment\",\"target\":[\"https:\\\/\\\/canfali.com\\\/ca-es\\\/promocin-econmica-de-ondara-lanza-una-campaa-para-conmemorar-el-da-del-comercio-local\\\/#respond\"]}],\"copyrightYear\":\"2021\",\"copyrightHolder\":{\"@id\":\"https:\\\/\\\/canfali.com\\\/#organization\"}},{\"@type\":\"WebPage\",\"@id\":\"https:\\\/\\\/canfali.com\\\/ca-es\\\/promocin-econmica-de-ondara-lanza-una-campaa-para-conmemorar-el-da-del-comercio-local\\\/\",\"url\":\"https:\\\/\\\/canfali.com\\\/ca-es\\\/promocin-econmica-de-ondara-lanza-una-campaa-para-conmemorar-el-da-del-comercio-local\\\/\",\"name\":\"Promoci\u00f3 Econ\u00f2mica d'Ondara llan\u00e7a una campanya per a commemorar el Dia del Comer\u00e7 Local - Canfali\",\"isPartOf\":{\"@id\":\"https:\\\/\\\/canfali.com\\\/ca-es\\\/#website\"},\"primaryImageOfPage\":{\"@id\":\"https:\\\/\\\/canfali.com\\\/ca-es\\\/promocin-econmica-de-ondara-lanza-una-campaa-para-conmemorar-el-da-del-comercio-local\\\/#primaryimage\"},\"image\":{\"@id\":\"https:\\\/\\\/canfali.com\\\/ca-es\\\/promocin-econmica-de-ondara-lanza-una-campaa-para-conmemorar-el-da-del-comercio-local\\\/#primaryimage\"},\"thumbnailUrl\":\"https:\\\/\\\/canfali.com\\\/app\\\/uploads\\\/2025\\\/02\\\/583f19e243cc323c83635802d3318bfb-scaled.jpg\",\"datePublished\":\"2021-10-25T17:34:48+00:00\",\"dateModified\":\"2025-02-25T09:45:26+00:00\",\"breadcrumb\":{\"@id\":\"https:\\\/\\\/canfali.com\\\/ca-es\\\/promocin-econmica-de-ondara-lanza-una-campaa-para-conmemorar-el-da-del-comercio-local\\\/#breadcrumb\"},\"inLanguage\":\"va-ES\",\"potentialAction\":[{\"@type\":\"ReadAction\",\"target\":[\"https:\\\/\\\/canfali.com\\\/ca-es\\\/promocin-econmica-de-ondara-lanza-una-campaa-para-conmemorar-el-da-del-comercio-local\\\/\"]}]},{\"@type\":\"ImageObject\",\"inLanguage\":\"va-ES\",\"@id\":\"https:\\\/\\\/canfali.com\\\/ca-es\\\/promocin-econmica-de-ondara-lanza-una-campaa-para-conmemorar-el-da-del-comercio-local\\\/#primaryimage\",\"url\":\"https:\\\/\\\/canfali.com\\\/app\\\/uploads\\\/2025\\\/02\\\/583f19e243cc323c83635802d3318bfb-scaled.jpg\",\"contentUrl\":\"https:\\\/\\\/canfali.com\\\/app\\\/uploads\\\/2025\\\/02\\\/583f19e243cc323c83635802d3318bfb-scaled.jpg\",\"width\":1824,\"height\":2560},{\"@type\":\"BreadcrumbList\",\"@id\":\"https:\\\/\\\/canfali.com\\\/ca-es\\\/promocin-econmica-de-ondara-lanza-una-campaa-para-conmemorar-el-da-del-comercio-local\\\/#breadcrumb\",\"itemListElement\":[{\"@type\":\"ListItem\",\"position\":1,\"name\":\"Portada\",\"item\":\"https:\\\/\\\/canfali.com\\\/ca-es\\\/\"},{\"@type\":\"ListItem\",\"position\":2,\"name\":\"Promoci\u00f3 Econ\u00f2mica d&#8217;Ondara llan\u00e7a una campanya per a commemorar el Dia del Comer\u00e7 Local\"}]},{\"@type\":\"WebSite\",\"@id\":\"https:\\\/\\\/canfali.com\\\/ca-es\\\/#website\",\"url\":\"https:\\\/\\\/canfali.com\\\/ca-es\\\/\",\"name\":\"Canfali\",\"description\":\"\",\"publisher\":{\"@id\":\"https:\\\/\\\/canfali.com\\\/ca-es\\\/#organization\"},\"potentialAction\":[{\"@type\":\"SearchAction\",\"target\":{\"@type\":\"EntryPoint\",\"urlTemplate\":\"https:\\\/\\\/canfali.com\\\/ca-es\\\/?s={search_term_string}\"},\"query-input\":{\"@type\":\"PropertyValueSpecification\",\"valueRequired\":true,\"valueName\":\"search_term_string\"}}],\"inLanguage\":\"va-ES\"},{\"@type\":\"Organization\",\"@id\":\"https:\\\/\\\/canfali.com\\\/ca-es\\\/#organization\",\"name\":\"Canfali\",\"url\":\"https:\\\/\\\/canfali.com\\\/ca-es\\\/\",\"logo\":{\"@type\":\"ImageObject\",\"inLanguage\":\"va-ES\",\"@id\":\"https:\\\/\\\/canfali.com\\\/ca-es\\\/#\\\/schema\\\/logo\\\/image\\\/\",\"url\":\"https:\\\/\\\/canfali.com\\\/app\\\/uploads\\\/2025\\\/12\\\/canfali_marina_alta_logo.png\",\"contentUrl\":\"https:\\\/\\\/canfali.com\\\/app\\\/uploads\\\/2025\\\/12\\\/canfali_marina_alta_logo.png\",\"width\":225,\"height\":225,\"caption\":\"Canfali\"},\"image\":{\"@id\":\"https:\\\/\\\/canfali.com\\\/ca-es\\\/#\\\/schema\\\/logo\\\/image\\\/\"},\"sameAs\":[\"https:\\\/\\\/es-es.facebook.com\\\/CANFALIMarinaAlta\",\"https:\\\/\\\/x.com\\\/canfalima\",\"https:\\\/\\\/www.instagram.com\\\/canfalimarinaalta\\\/\"]},{\"@type\":\"Person\",\"@id\":\"https:\\\/\\\/canfali.com\\\/ca-es\\\/#\\\/schema\\\/person\\\/25dd7e79206e119c02d489a3b67ca83d\",\"name\":\"Alex\",\"image\":{\"@type\":\"ImageObject\",\"inLanguage\":\"va-ES\",\"@id\":\"https:\\\/\\\/secure.gravatar.com\\\/avatar\\\/98bd9e8345af882c94b4d49db053494ffab4b0a9ca408823ad3dbaf04d352f02?s=96&d=mm&r=g\",\"url\":\"https:\\\/\\\/secure.gravatar.com\\\/avatar\\\/98bd9e8345af882c94b4d49db053494ffab4b0a9ca408823ad3dbaf04d352f02?s=96&d=mm&r=g\",\"contentUrl\":\"https:\\\/\\\/secure.gravatar.com\\\/avatar\\\/98bd9e8345af882c94b4d49db053494ffab4b0a9ca408823ad3dbaf04d352f02?s=96&d=mm&r=g\",\"caption\":\"Alex\"},\"url\":\"https:\\\/\\\/canfali.com\\\/ca-es\\\/author\\\/alex\\\/\"}]}<\/script>\n<!-- \/ Yoast SEO Premium plugin. -->","yoast_head_json":{"title":"Promoci\u00f3 Econ\u00f2mica d'Ondara llan\u00e7a una campanya per a commemorar el Dia del Comer\u00e7 Local - Canfali","robots":{"index":"index","follow":"follow","max-snippet":"max-snippet:-1","max-image-preview":"max-image-preview:large","max-video-preview":"max-video-preview:-1"},"canonical":"https:\/\/canfali.com\/ca-es\/promocin-econmica-de-ondara-lanza-una-campaa-para-conmemorar-el-da-del-comercio-local\/","og_locale":"en_US","og_type":"article","og_title":"Promoci\u00f3 Econ\u00f2mica d'Ondara llan\u00e7a una campanya per a commemorar el Dia del Comer\u00e7 Local","og_description":"La premissa &ldquo;Comprant al comer&ccedil; local fas una Ondara millor. El comer&ccedil; &eacute;s vida&rdquo; ha estat invocada per&hellip;","og_url":"https:\/\/canfali.com\/ca-es\/promocin-econmica-de-ondara-lanza-una-campaa-para-conmemorar-el-da-del-comercio-local\/","og_site_name":"Canfali","article_publisher":"https:\/\/es-es.facebook.com\/CANFALIMarinaAlta","article_published_time":"2021-10-25T17:34:48+00:00","article_modified_time":"2025-02-25T09:45:26+00:00","og_image":[{"width":1824,"height":2560,"url":"https:\/\/canfali.com\/app\/uploads\/2025\/02\/583f19e243cc323c83635802d3318bfb-scaled.jpg","type":"image\/jpeg"}],"author":"Alex","twitter_card":"summary_large_image","twitter_creator":"@canfalima","twitter_site":"@canfalima","twitter_misc":{"Written by":"Alex","Est. reading time":"2 minutes"},"schema":{"@context":"https:\/\/schema.org","@graph":[{"@type":"NewsArticle","@id":"https:\/\/canfali.com\/ca-es\/promocin-econmica-de-ondara-lanza-una-campaa-para-conmemorar-el-da-del-comercio-local\/#article","isPartOf":{"@id":"https:\/\/canfali.com\/ca-es\/promocin-econmica-de-ondara-lanza-una-campaa-para-conmemorar-el-da-del-comercio-local\/"},"author":{"name":"Alex","@id":"https:\/\/canfali.com\/ca-es\/#\/schema\/person\/25dd7e79206e119c02d489a3b67ca83d"},"headline":"Promoci\u00f3 Econ\u00f2mica d&#8217;Ondara llan\u00e7a una campanya per a commemorar el Dia del Comer\u00e7 Local","datePublished":"2021-10-25T17:34:48+00:00","dateModified":"2025-02-25T09:45:26+00:00","mainEntityOfPage":{"@id":"https:\/\/canfali.com\/ca-es\/promocin-econmica-de-ondara-lanza-una-campaa-para-conmemorar-el-da-del-comercio-local\/"},"wordCount":370,"commentCount":0,"publisher":{"@id":"https:\/\/canfali.com\/ca-es\/#organization"},"image":{"@id":"https:\/\/canfali.com\/ca-es\/promocin-econmica-de-ondara-lanza-una-campaa-para-conmemorar-el-da-del-comercio-local\/#primaryimage"},"thumbnailUrl":"https:\/\/canfali.com\/app\/uploads\/2025\/02\/583f19e243cc323c83635802d3318bfb-scaled.jpg","articleSection":["Econom\u00eda y Empresas"],"inLanguage":"va-ES","potentialAction":[{"@type":"CommentAction","name":"Comment","target":["https:\/\/canfali.com\/ca-es\/promocin-econmica-de-ondara-lanza-una-campaa-para-conmemorar-el-da-del-comercio-local\/#respond"]}],"copyrightYear":"2021","copyrightHolder":{"@id":"https:\/\/canfali.com\/#organization"}},{"@type":"WebPage","@id":"https:\/\/canfali.com\/ca-es\/promocin-econmica-de-ondara-lanza-una-campaa-para-conmemorar-el-da-del-comercio-local\/","url":"https:\/\/canfali.com\/ca-es\/promocin-econmica-de-ondara-lanza-una-campaa-para-conmemorar-el-da-del-comercio-local\/","name":"Promoci\u00f3 Econ\u00f2mica d'Ondara llan\u00e7a una campanya per a commemorar el Dia del Comer\u00e7 Local - Canfali","isPartOf":{"@id":"https:\/\/canfali.com\/ca-es\/#website"},"primaryImageOfPage":{"@id":"https:\/\/canfali.com\/ca-es\/promocin-econmica-de-ondara-lanza-una-campaa-para-conmemorar-el-da-del-comercio-local\/#primaryimage"},"image":{"@id":"https:\/\/canfali.com\/ca-es\/promocin-econmica-de-ondara-lanza-una-campaa-para-conmemorar-el-da-del-comercio-local\/#primaryimage"},"thumbnailUrl":"https:\/\/canfali.com\/app\/uploads\/2025\/02\/583f19e243cc323c83635802d3318bfb-scaled.jpg","datePublished":"2021-10-25T17:34:48+00:00","dateModified":"2025-02-25T09:45:26+00:00","breadcrumb":{"@id":"https:\/\/canfali.com\/ca-es\/promocin-econmica-de-ondara-lanza-una-campaa-para-conmemorar-el-da-del-comercio-local\/#breadcrumb"},"inLanguage":"va-ES","potentialAction":[{"@type":"ReadAction","target":["https:\/\/canfali.com\/ca-es\/promocin-econmica-de-ondara-lanza-una-campaa-para-conmemorar-el-da-del-comercio-local\/"]}]},{"@type":"ImageObject","inLanguage":"va-ES","@id":"https:\/\/canfali.com\/ca-es\/promocin-econmica-de-ondara-lanza-una-campaa-para-conmemorar-el-da-del-comercio-local\/#primaryimage","url":"https:\/\/canfali.com\/app\/uploads\/2025\/02\/583f19e243cc323c83635802d3318bfb-scaled.jpg","contentUrl":"https:\/\/canfali.com\/app\/uploads\/2025\/02\/583f19e243cc323c83635802d3318bfb-scaled.jpg","width":1824,"height":2560},{"@type":"BreadcrumbList","@id":"https:\/\/canfali.com\/ca-es\/promocin-econmica-de-ondara-lanza-una-campaa-para-conmemorar-el-da-del-comercio-local\/#breadcrumb","itemListElement":[{"@type":"ListItem","position":1,"name":"Portada","item":"https:\/\/canfali.com\/ca-es\/"},{"@type":"ListItem","position":2,"name":"Promoci\u00f3 Econ\u00f2mica d&#8217;Ondara llan\u00e7a una campanya per a commemorar el Dia del Comer\u00e7 Local"}]},{"@type":"WebSite","@id":"https:\/\/canfali.com\/ca-es\/#website","url":"https:\/\/canfali.com\/ca-es\/","name":"Canfali","description":"","publisher":{"@id":"https:\/\/canfali.com\/ca-es\/#organization"},"potentialAction":[{"@type":"SearchAction","target":{"@type":"EntryPoint","urlTemplate":"https:\/\/canfali.com\/ca-es\/?s={search_term_string}"},"query-input":{"@type":"PropertyValueSpecification","valueRequired":true,"valueName":"search_term_string"}}],"inLanguage":"va-ES"},{"@type":"Organization","@id":"https:\/\/canfali.com\/ca-es\/#organization","name":"Canfali","url":"https:\/\/canfali.com\/ca-es\/","logo":{"@type":"ImageObject","inLanguage":"va-ES","@id":"https:\/\/canfali.com\/ca-es\/#\/schema\/logo\/image\/","url":"https:\/\/canfali.com\/app\/uploads\/2025\/12\/canfali_marina_alta_logo.png","contentUrl":"https:\/\/canfali.com\/app\/uploads\/2025\/12\/canfali_marina_alta_logo.png","width":225,"height":225,"caption":"Canfali"},"image":{"@id":"https:\/\/canfali.com\/ca-es\/#\/schema\/logo\/image\/"},"sameAs":["https:\/\/es-es.facebook.com\/CANFALIMarinaAlta","https:\/\/x.com\/canfalima","https:\/\/www.instagram.com\/canfalimarinaalta\/"]},{"@type":"Person","@id":"https:\/\/canfali.com\/ca-es\/#\/schema\/person\/25dd7e79206e119c02d489a3b67ca83d","name":"Alex","image":{"@type":"ImageObject","inLanguage":"va-ES","@id":"https:\/\/secure.gravatar.com\/avatar\/98bd9e8345af882c94b4d49db053494ffab4b0a9ca408823ad3dbaf04d352f02?s=96&d=mm&r=g","url":"https:\/\/secure.gravatar.com\/avatar\/98bd9e8345af882c94b4d49db053494ffab4b0a9ca408823ad3dbaf04d352f02?s=96&d=mm&r=g","contentUrl":"https:\/\/secure.gravatar.com\/avatar\/98bd9e8345af882c94b4d49db053494ffab4b0a9ca408823ad3dbaf04d352f02?s=96&d=mm&r=g","caption":"Alex"},"url":"https:\/\/canfali.com\/ca-es\/author\/alex\/"}]}},"_links":{"self":[{"href":"https:\/\/canfali.com\/ca-es\/wp-json\/wp\/v2\/posts\/42783","targetHints":{"allow":["GET"]}}],"collection":[{"href":"https:\/\/canfali.com\/ca-es\/wp-json\/wp\/v2\/posts"}],"about":[{"href":"https:\/\/canfali.com\/ca-es\/wp-json\/wp\/v2\/types\/post"}],"author":[{"embeddable":true,"href":"https:\/\/canfali.com\/ca-es\/wp-json\/wp\/v2\/users\/2"}],"replies":[{"embeddable":true,"href":"https:\/\/canfali.com\/ca-es\/wp-json\/wp\/v2\/comments?post=42783"}],"version-history":[{"count":0,"href":"https:\/\/canfali.com\/ca-es\/wp-json\/wp\/v2\/posts\/42783\/revisions"}],"wp:featuredmedia":[{"embeddable":true,"href":"https:\/\/canfali.com\/ca-es\/wp-json\/wp\/v2\/media\/25943"}],"wp:attachment":[{"href":"https:\/\/canfali.com\/ca-es\/wp-json\/wp\/v2\/media?parent=42783"}],"wp:term":[{"taxonomy":"category","embeddable":true,"href":"https:\/\/canfali.com\/ca-es\/wp-json\/wp\/v2\/categories?post=42783"},{"taxonomy":"post_tag","embeddable":true,"href":"https:\/\/canfali.com\/ca-es\/wp-json\/wp\/v2\/tags?post=42783"}],"curies":[{"name":"wp","href":"https:\/\/api.w.org\/{rel}","templated":true}]}}