{"id":42766,"date":"2021-09-22T13:01:55","date_gmt":"2021-09-22T11:01:55","guid":{"rendered":"https:\/\/canfali.com\/promocin-econmica-de-pego-apuesta-por-la-transformacin-digital-del-comercio-local\/"},"modified":"2025-02-25T10:42:21","modified_gmt":"2025-02-25T09:42:21","slug":"promocin-econmica-de-pego-apuesta-por-la-transformacin-digital-del-comercio-local","status":"publish","type":"post","link":"https:\/\/canfali.com\/ca-es\/promocin-econmica-de-pego-apuesta-por-la-transformacin-digital-del-comercio-local\/","title":{"rendered":"Promoci\u00f3 Econ\u00f2mica de Pego aposta per la transformaci\u00f3 digital del comer\u00e7 local"},"content":{"rendered":"<p>El regidor de Promoci&oacute; Econ&oacute;mica de Pego, Ricardo Sendra, ha fet p&uacute;blica l&rsquo;aposta del departament per a aconseguir la transformaci&oacute; digital del comer&ccedil; local a un compareixen&ccedil;a on s&rsquo;ha presentat el curs d&rsquo;iniciaci&oacute; sobre la mat&egrave;ria organitzat per l&rsquo;Ag&egrave;ncia de Desenvolupament de CREAMA al municipi.<\/p>\n<p>&nbsp;&nbsp;&nbsp;&nbsp;&nbsp;&nbsp;&nbsp; &ldquo;&Eacute;s una necessitat donar aquest pas endavant per a les xicotetes empreses del municipi, perqu&egrave; en aquest temps ens hem donat compte que el comer&ccedil;, a banda d&rsquo;estar pr&ograve;xim i ser sostenible, ha d&rsquo;obrir-se a la digitalitzaci&oacute; de cara al consumidor per estar a la avantguarda del sector&rdquo;, ha justificat per a posar a l&rsquo;abast del comerciants les ferramentes adequades de forma gratu&iuml;ta per part de les administracions.<\/p>\n<p>&nbsp;<\/p>\n<p>UN CURS ORGANITZAT DES DE CREAMA<\/p>\n<p>&nbsp;<\/p>\n<p>&nbsp;&nbsp;&nbsp;&nbsp;&nbsp;&nbsp;&nbsp; Per a Sendra &ldquo;el canvi de criteri &eacute;s el que te que entendre el xicotet comerciant per tal de poder treballar i competir front a les plataformes que han proliferat molt en els &uacute;ltims anys, i amb aix&ograve; des de la Regidoria, en contacte amb l&rsquo;associaci&oacute; de comerciants, &nbsp;hem donat suport a aquesta iniciativa per a que no se quede enrere,&rdquo;. Iniciativa que, segons ha detallat, anir&agrave; finan&ccedil;ada en un 80% per part de la Diputaci&oacute; Provincial i en un 20% per part de l&rsquo;Ajuntament. &nbsp;<\/p>\n<p>&nbsp;&nbsp;&nbsp;&nbsp;&nbsp;&nbsp;&nbsp; El responsable de l&rsquo;&agrave;rea ha aprofitat per a llan&ccedil;ar un missatge als comer&ccedil;os i professionals per a traslladar les seues inquietuds als t&egrave;cnics de l&rsquo;Ag&egrave;ncia de Desenvolupament Local respecte a la reactivaci&oacute; del sector, per tal de posar els mitjans adequats per a portar-la endavant en els diferents pl&agrave;nols amb la canalitzaci&oacute; i coordinaci&oacute; del Consorci de Reactivaci&oacute; Econ&ograve;mica de la Marina Alta.<\/p>\n<p>&nbsp;<\/p>\n<p>LA CONSULTORIA PRIVADA COM A NOVETAT<\/p>\n<p>&nbsp;<\/p>\n<p>&nbsp;&nbsp;&nbsp;&nbsp;&nbsp;&nbsp;&nbsp; Per la seua banda, la t&egrave;cnica ADL, Alicia Carbonell, ha especificat que aquest curs de car&agrave;cter gratu&iuml;t que compta amb el suport de la xarxa AFIC, tindr&agrave; lloc en una primera convocat&ograve;ria pels dies 27, 29 de setembre i 1 d&rsquo;octubre. En aquestes tres jornades presencials, a desenvolupar de 14.30 a 16.30 hores, on s&rsquo;abordar&agrave; respectivament exemples d&rsquo;empreses que han avan&ccedil;at en aquesta modalitat on-line i el m&agrave;rqueting per a comer&ccedil;os i negocis de proximitat; els models de negoci per internet i les classes de tendes; i les accions digitals de com optimitzar el rendiment de les xarxes socials de cara a optar a subvencions i l&rsquo;optimitzaci&oacute; de recursos. La novetat del curs, segons ha precisat, es troba en la consultoria privada a l&rsquo;hora d&rsquo;aplicar la teoria als respectius establiments que es presta una vegada completats els tallers.<\/p>\n<p>&nbsp;&nbsp;&nbsp;&nbsp;&nbsp;&nbsp;&nbsp; Un i altra han remarcat que, per causa d&rsquo;observar les restriccions d&rsquo;aforament pel COVID-19, &nbsp;el curs te previst repetir-se els dies 4,6 i 8 d&rsquo;octubre en la mateixa din&agrave;mica, pel que han fet una crida als interessats a participar a formalitzar la inscripci&oacute; per a optar a les places limitades al correu electr&ograve;nic adl.pego@creama.org.<\/p>\n<p>\n&nbsp;<\/p>\n","protected":false},"excerpt":{"rendered":"El regidor de Promoci&oacute; Econ&oacute;mica de Pego, Ricardo Sendra, ha fet p&uacute;blica l&rsquo;aposta del departament per a aconseguir&hellip;","protected":false},"author":2,"featured_media":25881,"comment_status":"open","ping_status":"open","sticky":false,"template":"","format":"standard","meta":{"csco_display_header_overlay":false,"csco_singular_sidebar":"","csco_page_header_type":"","csco_page_load_nextpost":"","csco_post_video_location":[],"csco_post_video_location_hash":"","csco_post_video_url":"","csco_post_video_bg_start_time":0,"csco_post_video_bg_end_time":0,"footnotes":""},"categories":[39],"tags":[],"class_list":{"0":"post-42766","1":"post","2":"type-post","3":"status-publish","4":"format-standard","5":"has-post-thumbnail","7":"category-economia-y-empresas","8":"cs-entry","9":"cs-video-wrap"},"yoast_head":"<!-- This site is optimized with the Yoast SEO Premium plugin v26.6 (Yoast SEO v27.3) - https:\/\/yoast.com\/product\/yoast-seo-premium-wordpress\/ -->\n<title>Promoci\u00f3 Econ\u00f2mica de Pego aposta per la transformaci\u00f3 digital del comer\u00e7 local - Canfali<\/title>\n<meta name=\"robots\" content=\"index, follow, max-snippet:-1, max-image-preview:large, max-video-preview:-1\" \/>\n<link rel=\"canonical\" href=\"https:\/\/canfali.com\/ca-es\/promocin-econmica-de-pego-apuesta-por-la-transformacin-digital-del-comercio-local\/\" \/>\n<meta property=\"og:locale\" content=\"en_US\" \/>\n<meta property=\"og:type\" content=\"article\" \/>\n<meta property=\"og:title\" content=\"Promoci\u00f3 Econ\u00f2mica de Pego aposta per la transformaci\u00f3 digital del comer\u00e7 local\" \/>\n<meta property=\"og:description\" content=\"El regidor de Promoci&oacute; Econ&oacute;mica de Pego, Ricardo Sendra, ha fet p&uacute;blica l&rsquo;aposta del departament per a aconseguir&hellip;\" \/>\n<meta property=\"og:url\" content=\"https:\/\/canfali.com\/ca-es\/promocin-econmica-de-pego-apuesta-por-la-transformacin-digital-del-comercio-local\/\" \/>\n<meta property=\"og:site_name\" content=\"Canfali\" \/>\n<meta property=\"article:publisher\" content=\"https:\/\/es-es.facebook.com\/CANFALIMarinaAlta\" \/>\n<meta property=\"article:published_time\" content=\"2021-09-22T11:01:55+00:00\" \/>\n<meta property=\"article:modified_time\" content=\"2025-02-25T09:42:21+00:00\" \/>\n<meta property=\"og:image\" content=\"https:\/\/canfali.com\/app\/uploads\/2025\/02\/57d1e3dcc71c2ec58f36832726bf19e1.jpg\" \/>\n\t<meta property=\"og:image:width\" content=\"2256\" \/>\n\t<meta property=\"og:image:height\" content=\"1496\" \/>\n\t<meta property=\"og:image:type\" content=\"image\/jpeg\" \/>\n<meta name=\"author\" content=\"Alex\" \/>\n<meta name=\"twitter:card\" content=\"summary_large_image\" \/>\n<meta name=\"twitter:creator\" content=\"@canfalima\" \/>\n<meta name=\"twitter:site\" content=\"@canfalima\" \/>\n<meta name=\"twitter:label1\" content=\"Written by\" \/>\n\t<meta name=\"twitter:data1\" content=\"Alex\" \/>\n\t<meta name=\"twitter:label2\" content=\"Est. reading time\" \/>\n\t<meta name=\"twitter:data2\" content=\"3 minutes\" \/>\n<script type=\"application\/ld+json\" class=\"yoast-schema-graph\">{\"@context\":\"https:\\\/\\\/schema.org\",\"@graph\":[{\"@type\":\"NewsArticle\",\"@id\":\"https:\\\/\\\/canfali.com\\\/ca-es\\\/promocin-econmica-de-pego-apuesta-por-la-transformacin-digital-del-comercio-local\\\/#article\",\"isPartOf\":{\"@id\":\"https:\\\/\\\/canfali.com\\\/ca-es\\\/promocin-econmica-de-pego-apuesta-por-la-transformacin-digital-del-comercio-local\\\/\"},\"author\":{\"name\":\"Alex\",\"@id\":\"https:\\\/\\\/canfali.com\\\/ca-es\\\/#\\\/schema\\\/person\\\/25dd7e79206e119c02d489a3b67ca83d\"},\"headline\":\"Promoci\u00f3 Econ\u00f2mica de Pego aposta per la transformaci\u00f3 digital del comer\u00e7 local\",\"datePublished\":\"2021-09-22T11:01:55+00:00\",\"dateModified\":\"2025-02-25T09:42:21+00:00\",\"mainEntityOfPage\":{\"@id\":\"https:\\\/\\\/canfali.com\\\/ca-es\\\/promocin-econmica-de-pego-apuesta-por-la-transformacin-digital-del-comercio-local\\\/\"},\"wordCount\":628,\"commentCount\":0,\"publisher\":{\"@id\":\"https:\\\/\\\/canfali.com\\\/ca-es\\\/#organization\"},\"image\":{\"@id\":\"https:\\\/\\\/canfali.com\\\/ca-es\\\/promocin-econmica-de-pego-apuesta-por-la-transformacin-digital-del-comercio-local\\\/#primaryimage\"},\"thumbnailUrl\":\"https:\\\/\\\/canfali.com\\\/app\\\/uploads\\\/2025\\\/02\\\/57d1e3dcc71c2ec58f36832726bf19e1.jpg\",\"articleSection\":[\"Econom\u00eda y Empresas\"],\"inLanguage\":\"va-ES\",\"potentialAction\":[{\"@type\":\"CommentAction\",\"name\":\"Comment\",\"target\":[\"https:\\\/\\\/canfali.com\\\/ca-es\\\/promocin-econmica-de-pego-apuesta-por-la-transformacin-digital-del-comercio-local\\\/#respond\"]}],\"copyrightYear\":\"2021\",\"copyrightHolder\":{\"@id\":\"https:\\\/\\\/canfali.com\\\/#organization\"}},{\"@type\":\"WebPage\",\"@id\":\"https:\\\/\\\/canfali.com\\\/ca-es\\\/promocin-econmica-de-pego-apuesta-por-la-transformacin-digital-del-comercio-local\\\/\",\"url\":\"https:\\\/\\\/canfali.com\\\/ca-es\\\/promocin-econmica-de-pego-apuesta-por-la-transformacin-digital-del-comercio-local\\\/\",\"name\":\"Promoci\u00f3 Econ\u00f2mica de Pego aposta per la transformaci\u00f3 digital del comer\u00e7 local - Canfali\",\"isPartOf\":{\"@id\":\"https:\\\/\\\/canfali.com\\\/ca-es\\\/#website\"},\"primaryImageOfPage\":{\"@id\":\"https:\\\/\\\/canfali.com\\\/ca-es\\\/promocin-econmica-de-pego-apuesta-por-la-transformacin-digital-del-comercio-local\\\/#primaryimage\"},\"image\":{\"@id\":\"https:\\\/\\\/canfali.com\\\/ca-es\\\/promocin-econmica-de-pego-apuesta-por-la-transformacin-digital-del-comercio-local\\\/#primaryimage\"},\"thumbnailUrl\":\"https:\\\/\\\/canfali.com\\\/app\\\/uploads\\\/2025\\\/02\\\/57d1e3dcc71c2ec58f36832726bf19e1.jpg\",\"datePublished\":\"2021-09-22T11:01:55+00:00\",\"dateModified\":\"2025-02-25T09:42:21+00:00\",\"breadcrumb\":{\"@id\":\"https:\\\/\\\/canfali.com\\\/ca-es\\\/promocin-econmica-de-pego-apuesta-por-la-transformacin-digital-del-comercio-local\\\/#breadcrumb\"},\"inLanguage\":\"va-ES\",\"potentialAction\":[{\"@type\":\"ReadAction\",\"target\":[\"https:\\\/\\\/canfali.com\\\/ca-es\\\/promocin-econmica-de-pego-apuesta-por-la-transformacin-digital-del-comercio-local\\\/\"]}]},{\"@type\":\"ImageObject\",\"inLanguage\":\"va-ES\",\"@id\":\"https:\\\/\\\/canfali.com\\\/ca-es\\\/promocin-econmica-de-pego-apuesta-por-la-transformacin-digital-del-comercio-local\\\/#primaryimage\",\"url\":\"https:\\\/\\\/canfali.com\\\/app\\\/uploads\\\/2025\\\/02\\\/57d1e3dcc71c2ec58f36832726bf19e1.jpg\",\"contentUrl\":\"https:\\\/\\\/canfali.com\\\/app\\\/uploads\\\/2025\\\/02\\\/57d1e3dcc71c2ec58f36832726bf19e1.jpg\",\"width\":2256,\"height\":1496},{\"@type\":\"BreadcrumbList\",\"@id\":\"https:\\\/\\\/canfali.com\\\/ca-es\\\/promocin-econmica-de-pego-apuesta-por-la-transformacin-digital-del-comercio-local\\\/#breadcrumb\",\"itemListElement\":[{\"@type\":\"ListItem\",\"position\":1,\"name\":\"Portada\",\"item\":\"https:\\\/\\\/canfali.com\\\/ca-es\\\/\"},{\"@type\":\"ListItem\",\"position\":2,\"name\":\"Promoci\u00f3 Econ\u00f2mica de Pego aposta per la transformaci\u00f3 digital del comer\u00e7 local\"}]},{\"@type\":\"WebSite\",\"@id\":\"https:\\\/\\\/canfali.com\\\/ca-es\\\/#website\",\"url\":\"https:\\\/\\\/canfali.com\\\/ca-es\\\/\",\"name\":\"Canfali\",\"description\":\"\",\"publisher\":{\"@id\":\"https:\\\/\\\/canfali.com\\\/ca-es\\\/#organization\"},\"potentialAction\":[{\"@type\":\"SearchAction\",\"target\":{\"@type\":\"EntryPoint\",\"urlTemplate\":\"https:\\\/\\\/canfali.com\\\/ca-es\\\/?s={search_term_string}\"},\"query-input\":{\"@type\":\"PropertyValueSpecification\",\"valueRequired\":true,\"valueName\":\"search_term_string\"}}],\"inLanguage\":\"va-ES\"},{\"@type\":\"Organization\",\"@id\":\"https:\\\/\\\/canfali.com\\\/ca-es\\\/#organization\",\"name\":\"Canfali\",\"url\":\"https:\\\/\\\/canfali.com\\\/ca-es\\\/\",\"logo\":{\"@type\":\"ImageObject\",\"inLanguage\":\"va-ES\",\"@id\":\"https:\\\/\\\/canfali.com\\\/ca-es\\\/#\\\/schema\\\/logo\\\/image\\\/\",\"url\":\"https:\\\/\\\/canfali.com\\\/app\\\/uploads\\\/2025\\\/12\\\/canfali_marina_alta_logo.png\",\"contentUrl\":\"https:\\\/\\\/canfali.com\\\/app\\\/uploads\\\/2025\\\/12\\\/canfali_marina_alta_logo.png\",\"width\":225,\"height\":225,\"caption\":\"Canfali\"},\"image\":{\"@id\":\"https:\\\/\\\/canfali.com\\\/ca-es\\\/#\\\/schema\\\/logo\\\/image\\\/\"},\"sameAs\":[\"https:\\\/\\\/es-es.facebook.com\\\/CANFALIMarinaAlta\",\"https:\\\/\\\/x.com\\\/canfalima\",\"https:\\\/\\\/www.instagram.com\\\/canfalimarinaalta\\\/\"]},{\"@type\":\"Person\",\"@id\":\"https:\\\/\\\/canfali.com\\\/ca-es\\\/#\\\/schema\\\/person\\\/25dd7e79206e119c02d489a3b67ca83d\",\"name\":\"Alex\",\"image\":{\"@type\":\"ImageObject\",\"inLanguage\":\"va-ES\",\"@id\":\"https:\\\/\\\/secure.gravatar.com\\\/avatar\\\/98bd9e8345af882c94b4d49db053494ffab4b0a9ca408823ad3dbaf04d352f02?s=96&d=mm&r=g\",\"url\":\"https:\\\/\\\/secure.gravatar.com\\\/avatar\\\/98bd9e8345af882c94b4d49db053494ffab4b0a9ca408823ad3dbaf04d352f02?s=96&d=mm&r=g\",\"contentUrl\":\"https:\\\/\\\/secure.gravatar.com\\\/avatar\\\/98bd9e8345af882c94b4d49db053494ffab4b0a9ca408823ad3dbaf04d352f02?s=96&d=mm&r=g\",\"caption\":\"Alex\"},\"url\":\"https:\\\/\\\/canfali.com\\\/ca-es\\\/author\\\/alex\\\/\"}]}<\/script>\n<!-- \/ Yoast SEO Premium plugin. -->","yoast_head_json":{"title":"Promoci\u00f3 Econ\u00f2mica de Pego aposta per la transformaci\u00f3 digital del comer\u00e7 local - Canfali","robots":{"index":"index","follow":"follow","max-snippet":"max-snippet:-1","max-image-preview":"max-image-preview:large","max-video-preview":"max-video-preview:-1"},"canonical":"https:\/\/canfali.com\/ca-es\/promocin-econmica-de-pego-apuesta-por-la-transformacin-digital-del-comercio-local\/","og_locale":"en_US","og_type":"article","og_title":"Promoci\u00f3 Econ\u00f2mica de Pego aposta per la transformaci\u00f3 digital del comer\u00e7 local","og_description":"El regidor de Promoci&oacute; Econ&oacute;mica de Pego, Ricardo Sendra, ha fet p&uacute;blica l&rsquo;aposta del departament per a aconseguir&hellip;","og_url":"https:\/\/canfali.com\/ca-es\/promocin-econmica-de-pego-apuesta-por-la-transformacin-digital-del-comercio-local\/","og_site_name":"Canfali","article_publisher":"https:\/\/es-es.facebook.com\/CANFALIMarinaAlta","article_published_time":"2021-09-22T11:01:55+00:00","article_modified_time":"2025-02-25T09:42:21+00:00","og_image":[{"width":2256,"height":1496,"url":"https:\/\/canfali.com\/app\/uploads\/2025\/02\/57d1e3dcc71c2ec58f36832726bf19e1.jpg","type":"image\/jpeg"}],"author":"Alex","twitter_card":"summary_large_image","twitter_creator":"@canfalima","twitter_site":"@canfalima","twitter_misc":{"Written by":"Alex","Est. reading time":"3 minutes"},"schema":{"@context":"https:\/\/schema.org","@graph":[{"@type":"NewsArticle","@id":"https:\/\/canfali.com\/ca-es\/promocin-econmica-de-pego-apuesta-por-la-transformacin-digital-del-comercio-local\/#article","isPartOf":{"@id":"https:\/\/canfali.com\/ca-es\/promocin-econmica-de-pego-apuesta-por-la-transformacin-digital-del-comercio-local\/"},"author":{"name":"Alex","@id":"https:\/\/canfali.com\/ca-es\/#\/schema\/person\/25dd7e79206e119c02d489a3b67ca83d"},"headline":"Promoci\u00f3 Econ\u00f2mica de Pego aposta per la transformaci\u00f3 digital del comer\u00e7 local","datePublished":"2021-09-22T11:01:55+00:00","dateModified":"2025-02-25T09:42:21+00:00","mainEntityOfPage":{"@id":"https:\/\/canfali.com\/ca-es\/promocin-econmica-de-pego-apuesta-por-la-transformacin-digital-del-comercio-local\/"},"wordCount":628,"commentCount":0,"publisher":{"@id":"https:\/\/canfali.com\/ca-es\/#organization"},"image":{"@id":"https:\/\/canfali.com\/ca-es\/promocin-econmica-de-pego-apuesta-por-la-transformacin-digital-del-comercio-local\/#primaryimage"},"thumbnailUrl":"https:\/\/canfali.com\/app\/uploads\/2025\/02\/57d1e3dcc71c2ec58f36832726bf19e1.jpg","articleSection":["Econom\u00eda y Empresas"],"inLanguage":"va-ES","potentialAction":[{"@type":"CommentAction","name":"Comment","target":["https:\/\/canfali.com\/ca-es\/promocin-econmica-de-pego-apuesta-por-la-transformacin-digital-del-comercio-local\/#respond"]}],"copyrightYear":"2021","copyrightHolder":{"@id":"https:\/\/canfali.com\/#organization"}},{"@type":"WebPage","@id":"https:\/\/canfali.com\/ca-es\/promocin-econmica-de-pego-apuesta-por-la-transformacin-digital-del-comercio-local\/","url":"https:\/\/canfali.com\/ca-es\/promocin-econmica-de-pego-apuesta-por-la-transformacin-digital-del-comercio-local\/","name":"Promoci\u00f3 Econ\u00f2mica de Pego aposta per la transformaci\u00f3 digital del comer\u00e7 local - Canfali","isPartOf":{"@id":"https:\/\/canfali.com\/ca-es\/#website"},"primaryImageOfPage":{"@id":"https:\/\/canfali.com\/ca-es\/promocin-econmica-de-pego-apuesta-por-la-transformacin-digital-del-comercio-local\/#primaryimage"},"image":{"@id":"https:\/\/canfali.com\/ca-es\/promocin-econmica-de-pego-apuesta-por-la-transformacin-digital-del-comercio-local\/#primaryimage"},"thumbnailUrl":"https:\/\/canfali.com\/app\/uploads\/2025\/02\/57d1e3dcc71c2ec58f36832726bf19e1.jpg","datePublished":"2021-09-22T11:01:55+00:00","dateModified":"2025-02-25T09:42:21+00:00","breadcrumb":{"@id":"https:\/\/canfali.com\/ca-es\/promocin-econmica-de-pego-apuesta-por-la-transformacin-digital-del-comercio-local\/#breadcrumb"},"inLanguage":"va-ES","potentialAction":[{"@type":"ReadAction","target":["https:\/\/canfali.com\/ca-es\/promocin-econmica-de-pego-apuesta-por-la-transformacin-digital-del-comercio-local\/"]}]},{"@type":"ImageObject","inLanguage":"va-ES","@id":"https:\/\/canfali.com\/ca-es\/promocin-econmica-de-pego-apuesta-por-la-transformacin-digital-del-comercio-local\/#primaryimage","url":"https:\/\/canfali.com\/app\/uploads\/2025\/02\/57d1e3dcc71c2ec58f36832726bf19e1.jpg","contentUrl":"https:\/\/canfali.com\/app\/uploads\/2025\/02\/57d1e3dcc71c2ec58f36832726bf19e1.jpg","width":2256,"height":1496},{"@type":"BreadcrumbList","@id":"https:\/\/canfali.com\/ca-es\/promocin-econmica-de-pego-apuesta-por-la-transformacin-digital-del-comercio-local\/#breadcrumb","itemListElement":[{"@type":"ListItem","position":1,"name":"Portada","item":"https:\/\/canfali.com\/ca-es\/"},{"@type":"ListItem","position":2,"name":"Promoci\u00f3 Econ\u00f2mica de Pego aposta per la transformaci\u00f3 digital del comer\u00e7 local"}]},{"@type":"WebSite","@id":"https:\/\/canfali.com\/ca-es\/#website","url":"https:\/\/canfali.com\/ca-es\/","name":"Canfali","description":"","publisher":{"@id":"https:\/\/canfali.com\/ca-es\/#organization"},"potentialAction":[{"@type":"SearchAction","target":{"@type":"EntryPoint","urlTemplate":"https:\/\/canfali.com\/ca-es\/?s={search_term_string}"},"query-input":{"@type":"PropertyValueSpecification","valueRequired":true,"valueName":"search_term_string"}}],"inLanguage":"va-ES"},{"@type":"Organization","@id":"https:\/\/canfali.com\/ca-es\/#organization","name":"Canfali","url":"https:\/\/canfali.com\/ca-es\/","logo":{"@type":"ImageObject","inLanguage":"va-ES","@id":"https:\/\/canfali.com\/ca-es\/#\/schema\/logo\/image\/","url":"https:\/\/canfali.com\/app\/uploads\/2025\/12\/canfali_marina_alta_logo.png","contentUrl":"https:\/\/canfali.com\/app\/uploads\/2025\/12\/canfali_marina_alta_logo.png","width":225,"height":225,"caption":"Canfali"},"image":{"@id":"https:\/\/canfali.com\/ca-es\/#\/schema\/logo\/image\/"},"sameAs":["https:\/\/es-es.facebook.com\/CANFALIMarinaAlta","https:\/\/x.com\/canfalima","https:\/\/www.instagram.com\/canfalimarinaalta\/"]},{"@type":"Person","@id":"https:\/\/canfali.com\/ca-es\/#\/schema\/person\/25dd7e79206e119c02d489a3b67ca83d","name":"Alex","image":{"@type":"ImageObject","inLanguage":"va-ES","@id":"https:\/\/secure.gravatar.com\/avatar\/98bd9e8345af882c94b4d49db053494ffab4b0a9ca408823ad3dbaf04d352f02?s=96&d=mm&r=g","url":"https:\/\/secure.gravatar.com\/avatar\/98bd9e8345af882c94b4d49db053494ffab4b0a9ca408823ad3dbaf04d352f02?s=96&d=mm&r=g","contentUrl":"https:\/\/secure.gravatar.com\/avatar\/98bd9e8345af882c94b4d49db053494ffab4b0a9ca408823ad3dbaf04d352f02?s=96&d=mm&r=g","caption":"Alex"},"url":"https:\/\/canfali.com\/ca-es\/author\/alex\/"}]}},"_links":{"self":[{"href":"https:\/\/canfali.com\/ca-es\/wp-json\/wp\/v2\/posts\/42766","targetHints":{"allow":["GET"]}}],"collection":[{"href":"https:\/\/canfali.com\/ca-es\/wp-json\/wp\/v2\/posts"}],"about":[{"href":"https:\/\/canfali.com\/ca-es\/wp-json\/wp\/v2\/types\/post"}],"author":[{"embeddable":true,"href":"https:\/\/canfali.com\/ca-es\/wp-json\/wp\/v2\/users\/2"}],"replies":[{"embeddable":true,"href":"https:\/\/canfali.com\/ca-es\/wp-json\/wp\/v2\/comments?post=42766"}],"version-history":[{"count":0,"href":"https:\/\/canfali.com\/ca-es\/wp-json\/wp\/v2\/posts\/42766\/revisions"}],"wp:featuredmedia":[{"embeddable":true,"href":"https:\/\/canfali.com\/ca-es\/wp-json\/wp\/v2\/media\/25881"}],"wp:attachment":[{"href":"https:\/\/canfali.com\/ca-es\/wp-json\/wp\/v2\/media?parent=42766"}],"wp:term":[{"taxonomy":"category","embeddable":true,"href":"https:\/\/canfali.com\/ca-es\/wp-json\/wp\/v2\/categories?post=42766"},{"taxonomy":"post_tag","embeddable":true,"href":"https:\/\/canfali.com\/ca-es\/wp-json\/wp\/v2\/tags?post=42766"}],"curies":[{"name":"wp","href":"https:\/\/api.w.org\/{rel}","templated":true}]}}