{"id":42729,"date":"2021-04-28T09:06:01","date_gmt":"2021-04-28T07:06:01","guid":{"rendered":"https:\/\/canfali.com\/baleria-empezar-a-operar-el-1-de-mao-con-el-fast-ferr-ms-innovador-sostenible-del-mediterrneo\/"},"modified":"2025-02-25T10:36:09","modified_gmt":"2025-02-25T09:36:09","slug":"baleria-empezar-a-operar-el-1-de-mao-con-el-fast-ferr-ms-innovador-sostenible-del-mediterrneo","status":"publish","type":"post","link":"https:\/\/canfali.com\/ca-es\/baleria-empezar-a-operar-el-1-de-mao-con-el-fast-ferr-ms-innovador-sostenible-del-mediterrneo\/","title":{"rendered":"Bale\u00e0ria comen\u00e7ar\u00e0 a operar l&#8217;1 de maig amb el fast ferri m\u00e9s innovador i sostenible del Mediterrani"},"content":{"rendered":"<p><strong>L&#39;Eleanor Roosevelt t&eacute; motors de gas natural i cobrir&agrave; la ruta D&eacute;nia-Eivissa-Palma<\/strong><\/p>\n<p>L&#39;Eleanor Roosevelt de Bale&agrave;ria, el primer fast ferri del m&oacute;n amb motors de gas natural, va arribar a D&eacute;nia el dijous dins dels plans de la companyia perqu&egrave; comence a operar dissabte que ve, 1 de maig. El vaixell va salpar el dimarts des de les drassanes Armon de Gij&oacute;n, on s&#39;ha constru&iuml;t. Unir&agrave; D&eacute;nia amb Eivissa i Palma.<\/p>\n<p>\nBale&agrave;ria suma una nova fita en el transport mar&iacute;tim a nivell internacional gr&agrave;cies a aquest vaixell que t&eacute; com a eixos principals la innovaci&oacute;, la sostenibilitat, el confort i la velocitat.<\/p>\n<p>&quot;Volem potenciar les Balears, un dest&iacute; en el qual ens hem implicat sempre i amb els ciutadans del qual estem fermament compromesos, posicionant el nostre vaixell m&eacute;s revolucionari, verd i smart&quot;, ha assenyalat Adolfo Utor, president de Bale&agrave;ria. A m&eacute;s, ha destacat que &ldquo;l&#39;oferta de places de passatge en alta velocitat en aquesta ruta s&#39;incrementar&agrave; en un 60% i la de celler es doblegar&agrave; respecte a l&#39;actual&rdquo;, ja que el vaixell t&eacute; capacitat per a 1.200 passatgers i 450 vehicles.<\/p>\n<p>L&#39;Eleanor Roosevelt, que es va comen&ccedil;ar a construir a la fi de 2018, &eacute;s el set&eacute; vaixell de Bale&agrave;ria a usar aquest combustible que redueix les emissions contaminants i que l&#39;any passat ja va permetre a la naviliera deixar d&#39;emetre 37.000 tones de CO&#8322;. Es calcula que anualment l&#39;Eleanor Roosevelt reduir&agrave; les emissions de di&ograve;xid de carboni equivalents a eliminar m&eacute;s de 8.900 turismes convencionals o plantar quasi 27.000 arbres. El consum real de combustible i l&#39;efici&egrave;ncia dels motors es monitorar&agrave; gr&agrave;cies als equips de mesurament i sensors instal&middot;lats a bord, en el marc d&#39;un projecte cofinan&ccedil;at pels fons CEF de la Comissi&oacute; Europea.<\/p>\n<p>Bale&agrave;ria ha explicat a trav&eacute;s de Instragram i Facebook la travessia des del port de Gij&oacute;n a D&eacute;nia. Els seguidors de la xarxes socials poden con&eacute;ixer els serveis del vaixell, que compta amb diverses cafeteries, aix&iacute; com una food truck en la coberta exterior i una zona infantil. La digitalitzaci&oacute; &eacute;s un element diferenciador: l&#39;Eleanor Roosevelt ofereix una plataforma gratu&iuml;ta d&#39;entreteniment digital, videovigil&agrave;ncia de les mascotes, Internet i cobertura de WhatsApp per a missatges de text durant tota la travessia. A m&eacute;s, els passatgers rebran la targeta d&#39;embarcament a trav&eacute;s de WhatsApp, amb la indicaci&oacute; de la butaca assignada. D&#39;altra banda, el nou catamar&agrave; compta amb innovacions d&#39;alta tecnologia que redueixen considerablement el moviment, les vibracions i els sorolls, i els espais interiors s&oacute;n amplis i lluminosos per a oferir una travessia c&ograve;moda.<\/p>\n<p>90 MILIONS D&#39;INVERSI&Oacute;<\/p>\n<p>La naviliera ha invertit 90 milions d&#39;euros en aquest nou fast ferri, i ha comptat amb el finan&ccedil;ament de CaixaBank. L&#39;operaci&oacute; de finan&ccedil;ament, per valor de 66 milions d&#39;euros, s&#39;ha dut a terme a trav&eacute;s d&#39;un cr&egrave;dit cobert &iacute;ntegrament per CaixaBank. A m&eacute;s, el finan&ccedil;ament i construcci&oacute; del vaixell, que s&#39;ha dut a terme en la drassana Armon, ha sigut estructurada a trav&eacute;s d&#39;una operaci&oacute; de Tax Lease entre CaixaBank i Arc&agrave;. D&#39;aquesta manera, CaixaBank refor&ccedil;a aix&iacute; la implementaci&oacute; dels principis d&#39;inversi&oacute; responsable i aposta per la inversi&oacute; sostenible com a estrat&egrave;gia per a gestionar els riscos globals.<\/p>\n","protected":false},"excerpt":{"rendered":"L&#39;Eleanor Roosevelt t&eacute; motors de gas natural i cobrir&agrave; la ruta D&eacute;nia-Eivissa-Palma L&#39;Eleanor Roosevelt de Bale&agrave;ria, el primer&hellip;","protected":false},"author":2,"featured_media":25767,"comment_status":"open","ping_status":"open","sticky":false,"template":"","format":"standard","meta":{"csco_display_header_overlay":false,"csco_singular_sidebar":"","csco_page_header_type":"","csco_page_load_nextpost":"","csco_post_video_location":[],"csco_post_video_location_hash":"","csco_post_video_url":"","csco_post_video_bg_start_time":0,"csco_post_video_bg_end_time":0,"footnotes":""},"categories":[39],"tags":[],"class_list":{"0":"post-42729","1":"post","2":"type-post","3":"status-publish","4":"format-standard","5":"has-post-thumbnail","7":"category-economia-y-empresas","8":"cs-entry","9":"cs-video-wrap"},"yoast_head":"<!-- This site is optimized with the Yoast SEO Premium plugin v26.6 (Yoast SEO v27.3) - https:\/\/yoast.com\/product\/yoast-seo-premium-wordpress\/ -->\n<title>Bale\u00e0ria comen\u00e7ar\u00e0 a operar l&#039;1 de maig amb el fast ferri m\u00e9s innovador i sostenible del Mediterrani - Canfali<\/title>\n<meta name=\"robots\" content=\"index, follow, max-snippet:-1, max-image-preview:large, max-video-preview:-1\" \/>\n<link rel=\"canonical\" href=\"https:\/\/canfali.com\/ca-es\/baleria-empezar-a-operar-el-1-de-mao-con-el-fast-ferr-ms-innovador-sostenible-del-mediterrneo\/\" \/>\n<meta property=\"og:locale\" content=\"en_US\" \/>\n<meta property=\"og:type\" content=\"article\" \/>\n<meta property=\"og:title\" content=\"Bale\u00e0ria comen\u00e7ar\u00e0 a operar l&#039;1 de maig amb el fast ferri m\u00e9s innovador i sostenible del Mediterrani\" \/>\n<meta property=\"og:description\" content=\"L&#039;Eleanor Roosevelt t&eacute; motors de gas natural i cobrir&agrave; la ruta D&eacute;nia-Eivissa-Palma L&#039;Eleanor Roosevelt de Bale&agrave;ria, el primer&hellip;\" \/>\n<meta property=\"og:url\" content=\"https:\/\/canfali.com\/ca-es\/baleria-empezar-a-operar-el-1-de-mao-con-el-fast-ferr-ms-innovador-sostenible-del-mediterrneo\/\" \/>\n<meta property=\"og:site_name\" content=\"Canfali\" \/>\n<meta property=\"article:publisher\" content=\"https:\/\/es-es.facebook.com\/CANFALIMarinaAlta\" \/>\n<meta property=\"article:published_time\" content=\"2021-04-28T07:06:01+00:00\" \/>\n<meta property=\"article:modified_time\" content=\"2025-02-25T09:36:09+00:00\" \/>\n<meta property=\"og:image\" content=\"https:\/\/canfali.com\/app\/uploads\/2025\/02\/70d825c8af9e2ff1513d50df71f57d49.jpg\" \/>\n\t<meta property=\"og:image:width\" content=\"1920\" \/>\n\t<meta property=\"og:image:height\" content=\"1080\" \/>\n\t<meta property=\"og:image:type\" content=\"image\/jpeg\" \/>\n<meta name=\"author\" content=\"Alex\" \/>\n<meta name=\"twitter:card\" content=\"summary_large_image\" \/>\n<meta name=\"twitter:creator\" content=\"@canfalima\" \/>\n<meta name=\"twitter:site\" content=\"@canfalima\" \/>\n<meta name=\"twitter:label1\" content=\"Written by\" \/>\n\t<meta name=\"twitter:data1\" content=\"Alex\" \/>\n\t<meta name=\"twitter:label2\" content=\"Est. reading time\" \/>\n\t<meta name=\"twitter:data2\" content=\"3 minutes\" \/>\n<script type=\"application\/ld+json\" class=\"yoast-schema-graph\">{\"@context\":\"https:\\\/\\\/schema.org\",\"@graph\":[{\"@type\":\"NewsArticle\",\"@id\":\"https:\\\/\\\/canfali.com\\\/ca-es\\\/baleria-empezar-a-operar-el-1-de-mao-con-el-fast-ferr-ms-innovador-sostenible-del-mediterrneo\\\/#article\",\"isPartOf\":{\"@id\":\"https:\\\/\\\/canfali.com\\\/ca-es\\\/baleria-empezar-a-operar-el-1-de-mao-con-el-fast-ferr-ms-innovador-sostenible-del-mediterrneo\\\/\"},\"author\":{\"name\":\"Alex\",\"@id\":\"https:\\\/\\\/canfali.com\\\/ca-es\\\/#\\\/schema\\\/person\\\/25dd7e79206e119c02d489a3b67ca83d\"},\"headline\":\"Bale\u00e0ria comen\u00e7ar\u00e0 a operar l&#8217;1 de maig amb el fast ferri m\u00e9s innovador i sostenible del Mediterrani\",\"datePublished\":\"2021-04-28T07:06:01+00:00\",\"dateModified\":\"2025-02-25T09:36:09+00:00\",\"mainEntityOfPage\":{\"@id\":\"https:\\\/\\\/canfali.com\\\/ca-es\\\/baleria-empezar-a-operar-el-1-de-mao-con-el-fast-ferr-ms-innovador-sostenible-del-mediterrneo\\\/\"},\"wordCount\":672,\"commentCount\":0,\"publisher\":{\"@id\":\"https:\\\/\\\/canfali.com\\\/ca-es\\\/#organization\"},\"image\":{\"@id\":\"https:\\\/\\\/canfali.com\\\/ca-es\\\/baleria-empezar-a-operar-el-1-de-mao-con-el-fast-ferr-ms-innovador-sostenible-del-mediterrneo\\\/#primaryimage\"},\"thumbnailUrl\":\"https:\\\/\\\/canfali.com\\\/app\\\/uploads\\\/2025\\\/02\\\/70d825c8af9e2ff1513d50df71f57d49.jpg\",\"articleSection\":[\"Econom\u00eda y Empresas\"],\"inLanguage\":\"va-ES\",\"potentialAction\":[{\"@type\":\"CommentAction\",\"name\":\"Comment\",\"target\":[\"https:\\\/\\\/canfali.com\\\/ca-es\\\/baleria-empezar-a-operar-el-1-de-mao-con-el-fast-ferr-ms-innovador-sostenible-del-mediterrneo\\\/#respond\"]}],\"copyrightYear\":\"2021\",\"copyrightHolder\":{\"@id\":\"https:\\\/\\\/canfali.com\\\/#organization\"}},{\"@type\":\"WebPage\",\"@id\":\"https:\\\/\\\/canfali.com\\\/ca-es\\\/baleria-empezar-a-operar-el-1-de-mao-con-el-fast-ferr-ms-innovador-sostenible-del-mediterrneo\\\/\",\"url\":\"https:\\\/\\\/canfali.com\\\/ca-es\\\/baleria-empezar-a-operar-el-1-de-mao-con-el-fast-ferr-ms-innovador-sostenible-del-mediterrneo\\\/\",\"name\":\"Bale\u00e0ria comen\u00e7ar\u00e0 a operar l'1 de maig amb el fast ferri m\u00e9s innovador i sostenible del Mediterrani - Canfali\",\"isPartOf\":{\"@id\":\"https:\\\/\\\/canfali.com\\\/ca-es\\\/#website\"},\"primaryImageOfPage\":{\"@id\":\"https:\\\/\\\/canfali.com\\\/ca-es\\\/baleria-empezar-a-operar-el-1-de-mao-con-el-fast-ferr-ms-innovador-sostenible-del-mediterrneo\\\/#primaryimage\"},\"image\":{\"@id\":\"https:\\\/\\\/canfali.com\\\/ca-es\\\/baleria-empezar-a-operar-el-1-de-mao-con-el-fast-ferr-ms-innovador-sostenible-del-mediterrneo\\\/#primaryimage\"},\"thumbnailUrl\":\"https:\\\/\\\/canfali.com\\\/app\\\/uploads\\\/2025\\\/02\\\/70d825c8af9e2ff1513d50df71f57d49.jpg\",\"datePublished\":\"2021-04-28T07:06:01+00:00\",\"dateModified\":\"2025-02-25T09:36:09+00:00\",\"breadcrumb\":{\"@id\":\"https:\\\/\\\/canfali.com\\\/ca-es\\\/baleria-empezar-a-operar-el-1-de-mao-con-el-fast-ferr-ms-innovador-sostenible-del-mediterrneo\\\/#breadcrumb\"},\"inLanguage\":\"va-ES\",\"potentialAction\":[{\"@type\":\"ReadAction\",\"target\":[\"https:\\\/\\\/canfali.com\\\/ca-es\\\/baleria-empezar-a-operar-el-1-de-mao-con-el-fast-ferr-ms-innovador-sostenible-del-mediterrneo\\\/\"]}]},{\"@type\":\"ImageObject\",\"inLanguage\":\"va-ES\",\"@id\":\"https:\\\/\\\/canfali.com\\\/ca-es\\\/baleria-empezar-a-operar-el-1-de-mao-con-el-fast-ferr-ms-innovador-sostenible-del-mediterrneo\\\/#primaryimage\",\"url\":\"https:\\\/\\\/canfali.com\\\/app\\\/uploads\\\/2025\\\/02\\\/70d825c8af9e2ff1513d50df71f57d49.jpg\",\"contentUrl\":\"https:\\\/\\\/canfali.com\\\/app\\\/uploads\\\/2025\\\/02\\\/70d825c8af9e2ff1513d50df71f57d49.jpg\",\"width\":1920,\"height\":1080},{\"@type\":\"BreadcrumbList\",\"@id\":\"https:\\\/\\\/canfali.com\\\/ca-es\\\/baleria-empezar-a-operar-el-1-de-mao-con-el-fast-ferr-ms-innovador-sostenible-del-mediterrneo\\\/#breadcrumb\",\"itemListElement\":[{\"@type\":\"ListItem\",\"position\":1,\"name\":\"Portada\",\"item\":\"https:\\\/\\\/canfali.com\\\/ca-es\\\/\"},{\"@type\":\"ListItem\",\"position\":2,\"name\":\"Bale\u00e0ria comen\u00e7ar\u00e0 a operar l&#8217;1 de maig amb el fast ferri m\u00e9s innovador i sostenible del Mediterrani\"}]},{\"@type\":\"WebSite\",\"@id\":\"https:\\\/\\\/canfali.com\\\/ca-es\\\/#website\",\"url\":\"https:\\\/\\\/canfali.com\\\/ca-es\\\/\",\"name\":\"Canfali\",\"description\":\"\",\"publisher\":{\"@id\":\"https:\\\/\\\/canfali.com\\\/ca-es\\\/#organization\"},\"potentialAction\":[{\"@type\":\"SearchAction\",\"target\":{\"@type\":\"EntryPoint\",\"urlTemplate\":\"https:\\\/\\\/canfali.com\\\/ca-es\\\/?s={search_term_string}\"},\"query-input\":{\"@type\":\"PropertyValueSpecification\",\"valueRequired\":true,\"valueName\":\"search_term_string\"}}],\"inLanguage\":\"va-ES\"},{\"@type\":\"Organization\",\"@id\":\"https:\\\/\\\/canfali.com\\\/ca-es\\\/#organization\",\"name\":\"Canfali\",\"url\":\"https:\\\/\\\/canfali.com\\\/ca-es\\\/\",\"logo\":{\"@type\":\"ImageObject\",\"inLanguage\":\"va-ES\",\"@id\":\"https:\\\/\\\/canfali.com\\\/ca-es\\\/#\\\/schema\\\/logo\\\/image\\\/\",\"url\":\"https:\\\/\\\/canfali.com\\\/app\\\/uploads\\\/2025\\\/12\\\/canfali_marina_alta_logo.png\",\"contentUrl\":\"https:\\\/\\\/canfali.com\\\/app\\\/uploads\\\/2025\\\/12\\\/canfali_marina_alta_logo.png\",\"width\":225,\"height\":225,\"caption\":\"Canfali\"},\"image\":{\"@id\":\"https:\\\/\\\/canfali.com\\\/ca-es\\\/#\\\/schema\\\/logo\\\/image\\\/\"},\"sameAs\":[\"https:\\\/\\\/es-es.facebook.com\\\/CANFALIMarinaAlta\",\"https:\\\/\\\/x.com\\\/canfalima\",\"https:\\\/\\\/www.instagram.com\\\/canfalimarinaalta\\\/\"]},{\"@type\":\"Person\",\"@id\":\"https:\\\/\\\/canfali.com\\\/ca-es\\\/#\\\/schema\\\/person\\\/25dd7e79206e119c02d489a3b67ca83d\",\"name\":\"Alex\",\"image\":{\"@type\":\"ImageObject\",\"inLanguage\":\"va-ES\",\"@id\":\"https:\\\/\\\/secure.gravatar.com\\\/avatar\\\/98bd9e8345af882c94b4d49db053494ffab4b0a9ca408823ad3dbaf04d352f02?s=96&d=mm&r=g\",\"url\":\"https:\\\/\\\/secure.gravatar.com\\\/avatar\\\/98bd9e8345af882c94b4d49db053494ffab4b0a9ca408823ad3dbaf04d352f02?s=96&d=mm&r=g\",\"contentUrl\":\"https:\\\/\\\/secure.gravatar.com\\\/avatar\\\/98bd9e8345af882c94b4d49db053494ffab4b0a9ca408823ad3dbaf04d352f02?s=96&d=mm&r=g\",\"caption\":\"Alex\"},\"url\":\"https:\\\/\\\/canfali.com\\\/ca-es\\\/author\\\/alex\\\/\"}]}<\/script>\n<!-- \/ Yoast SEO Premium plugin. -->","yoast_head_json":{"title":"Bale\u00e0ria comen\u00e7ar\u00e0 a operar l'1 de maig amb el fast ferri m\u00e9s innovador i sostenible del Mediterrani - Canfali","robots":{"index":"index","follow":"follow","max-snippet":"max-snippet:-1","max-image-preview":"max-image-preview:large","max-video-preview":"max-video-preview:-1"},"canonical":"https:\/\/canfali.com\/ca-es\/baleria-empezar-a-operar-el-1-de-mao-con-el-fast-ferr-ms-innovador-sostenible-del-mediterrneo\/","og_locale":"en_US","og_type":"article","og_title":"Bale\u00e0ria comen\u00e7ar\u00e0 a operar l'1 de maig amb el fast ferri m\u00e9s innovador i sostenible del Mediterrani","og_description":"L&#39;Eleanor Roosevelt t&eacute; motors de gas natural i cobrir&agrave; la ruta D&eacute;nia-Eivissa-Palma L&#39;Eleanor Roosevelt de Bale&agrave;ria, el primer&hellip;","og_url":"https:\/\/canfali.com\/ca-es\/baleria-empezar-a-operar-el-1-de-mao-con-el-fast-ferr-ms-innovador-sostenible-del-mediterrneo\/","og_site_name":"Canfali","article_publisher":"https:\/\/es-es.facebook.com\/CANFALIMarinaAlta","article_published_time":"2021-04-28T07:06:01+00:00","article_modified_time":"2025-02-25T09:36:09+00:00","og_image":[{"width":1920,"height":1080,"url":"https:\/\/canfali.com\/app\/uploads\/2025\/02\/70d825c8af9e2ff1513d50df71f57d49.jpg","type":"image\/jpeg"}],"author":"Alex","twitter_card":"summary_large_image","twitter_creator":"@canfalima","twitter_site":"@canfalima","twitter_misc":{"Written by":"Alex","Est. reading time":"3 minutes"},"schema":{"@context":"https:\/\/schema.org","@graph":[{"@type":"NewsArticle","@id":"https:\/\/canfali.com\/ca-es\/baleria-empezar-a-operar-el-1-de-mao-con-el-fast-ferr-ms-innovador-sostenible-del-mediterrneo\/#article","isPartOf":{"@id":"https:\/\/canfali.com\/ca-es\/baleria-empezar-a-operar-el-1-de-mao-con-el-fast-ferr-ms-innovador-sostenible-del-mediterrneo\/"},"author":{"name":"Alex","@id":"https:\/\/canfali.com\/ca-es\/#\/schema\/person\/25dd7e79206e119c02d489a3b67ca83d"},"headline":"Bale\u00e0ria comen\u00e7ar\u00e0 a operar l&#8217;1 de maig amb el fast ferri m\u00e9s innovador i sostenible del Mediterrani","datePublished":"2021-04-28T07:06:01+00:00","dateModified":"2025-02-25T09:36:09+00:00","mainEntityOfPage":{"@id":"https:\/\/canfali.com\/ca-es\/baleria-empezar-a-operar-el-1-de-mao-con-el-fast-ferr-ms-innovador-sostenible-del-mediterrneo\/"},"wordCount":672,"commentCount":0,"publisher":{"@id":"https:\/\/canfali.com\/ca-es\/#organization"},"image":{"@id":"https:\/\/canfali.com\/ca-es\/baleria-empezar-a-operar-el-1-de-mao-con-el-fast-ferr-ms-innovador-sostenible-del-mediterrneo\/#primaryimage"},"thumbnailUrl":"https:\/\/canfali.com\/app\/uploads\/2025\/02\/70d825c8af9e2ff1513d50df71f57d49.jpg","articleSection":["Econom\u00eda y Empresas"],"inLanguage":"va-ES","potentialAction":[{"@type":"CommentAction","name":"Comment","target":["https:\/\/canfali.com\/ca-es\/baleria-empezar-a-operar-el-1-de-mao-con-el-fast-ferr-ms-innovador-sostenible-del-mediterrneo\/#respond"]}],"copyrightYear":"2021","copyrightHolder":{"@id":"https:\/\/canfali.com\/#organization"}},{"@type":"WebPage","@id":"https:\/\/canfali.com\/ca-es\/baleria-empezar-a-operar-el-1-de-mao-con-el-fast-ferr-ms-innovador-sostenible-del-mediterrneo\/","url":"https:\/\/canfali.com\/ca-es\/baleria-empezar-a-operar-el-1-de-mao-con-el-fast-ferr-ms-innovador-sostenible-del-mediterrneo\/","name":"Bale\u00e0ria comen\u00e7ar\u00e0 a operar l'1 de maig amb el fast ferri m\u00e9s innovador i sostenible del Mediterrani - Canfali","isPartOf":{"@id":"https:\/\/canfali.com\/ca-es\/#website"},"primaryImageOfPage":{"@id":"https:\/\/canfali.com\/ca-es\/baleria-empezar-a-operar-el-1-de-mao-con-el-fast-ferr-ms-innovador-sostenible-del-mediterrneo\/#primaryimage"},"image":{"@id":"https:\/\/canfali.com\/ca-es\/baleria-empezar-a-operar-el-1-de-mao-con-el-fast-ferr-ms-innovador-sostenible-del-mediterrneo\/#primaryimage"},"thumbnailUrl":"https:\/\/canfali.com\/app\/uploads\/2025\/02\/70d825c8af9e2ff1513d50df71f57d49.jpg","datePublished":"2021-04-28T07:06:01+00:00","dateModified":"2025-02-25T09:36:09+00:00","breadcrumb":{"@id":"https:\/\/canfali.com\/ca-es\/baleria-empezar-a-operar-el-1-de-mao-con-el-fast-ferr-ms-innovador-sostenible-del-mediterrneo\/#breadcrumb"},"inLanguage":"va-ES","potentialAction":[{"@type":"ReadAction","target":["https:\/\/canfali.com\/ca-es\/baleria-empezar-a-operar-el-1-de-mao-con-el-fast-ferr-ms-innovador-sostenible-del-mediterrneo\/"]}]},{"@type":"ImageObject","inLanguage":"va-ES","@id":"https:\/\/canfali.com\/ca-es\/baleria-empezar-a-operar-el-1-de-mao-con-el-fast-ferr-ms-innovador-sostenible-del-mediterrneo\/#primaryimage","url":"https:\/\/canfali.com\/app\/uploads\/2025\/02\/70d825c8af9e2ff1513d50df71f57d49.jpg","contentUrl":"https:\/\/canfali.com\/app\/uploads\/2025\/02\/70d825c8af9e2ff1513d50df71f57d49.jpg","width":1920,"height":1080},{"@type":"BreadcrumbList","@id":"https:\/\/canfali.com\/ca-es\/baleria-empezar-a-operar-el-1-de-mao-con-el-fast-ferr-ms-innovador-sostenible-del-mediterrneo\/#breadcrumb","itemListElement":[{"@type":"ListItem","position":1,"name":"Portada","item":"https:\/\/canfali.com\/ca-es\/"},{"@type":"ListItem","position":2,"name":"Bale\u00e0ria comen\u00e7ar\u00e0 a operar l&#8217;1 de maig amb el fast ferri m\u00e9s innovador i sostenible del Mediterrani"}]},{"@type":"WebSite","@id":"https:\/\/canfali.com\/ca-es\/#website","url":"https:\/\/canfali.com\/ca-es\/","name":"Canfali","description":"","publisher":{"@id":"https:\/\/canfali.com\/ca-es\/#organization"},"potentialAction":[{"@type":"SearchAction","target":{"@type":"EntryPoint","urlTemplate":"https:\/\/canfali.com\/ca-es\/?s={search_term_string}"},"query-input":{"@type":"PropertyValueSpecification","valueRequired":true,"valueName":"search_term_string"}}],"inLanguage":"va-ES"},{"@type":"Organization","@id":"https:\/\/canfali.com\/ca-es\/#organization","name":"Canfali","url":"https:\/\/canfali.com\/ca-es\/","logo":{"@type":"ImageObject","inLanguage":"va-ES","@id":"https:\/\/canfali.com\/ca-es\/#\/schema\/logo\/image\/","url":"https:\/\/canfali.com\/app\/uploads\/2025\/12\/canfali_marina_alta_logo.png","contentUrl":"https:\/\/canfali.com\/app\/uploads\/2025\/12\/canfali_marina_alta_logo.png","width":225,"height":225,"caption":"Canfali"},"image":{"@id":"https:\/\/canfali.com\/ca-es\/#\/schema\/logo\/image\/"},"sameAs":["https:\/\/es-es.facebook.com\/CANFALIMarinaAlta","https:\/\/x.com\/canfalima","https:\/\/www.instagram.com\/canfalimarinaalta\/"]},{"@type":"Person","@id":"https:\/\/canfali.com\/ca-es\/#\/schema\/person\/25dd7e79206e119c02d489a3b67ca83d","name":"Alex","image":{"@type":"ImageObject","inLanguage":"va-ES","@id":"https:\/\/secure.gravatar.com\/avatar\/98bd9e8345af882c94b4d49db053494ffab4b0a9ca408823ad3dbaf04d352f02?s=96&d=mm&r=g","url":"https:\/\/secure.gravatar.com\/avatar\/98bd9e8345af882c94b4d49db053494ffab4b0a9ca408823ad3dbaf04d352f02?s=96&d=mm&r=g","contentUrl":"https:\/\/secure.gravatar.com\/avatar\/98bd9e8345af882c94b4d49db053494ffab4b0a9ca408823ad3dbaf04d352f02?s=96&d=mm&r=g","caption":"Alex"},"url":"https:\/\/canfali.com\/ca-es\/author\/alex\/"}]}},"_links":{"self":[{"href":"https:\/\/canfali.com\/ca-es\/wp-json\/wp\/v2\/posts\/42729","targetHints":{"allow":["GET"]}}],"collection":[{"href":"https:\/\/canfali.com\/ca-es\/wp-json\/wp\/v2\/posts"}],"about":[{"href":"https:\/\/canfali.com\/ca-es\/wp-json\/wp\/v2\/types\/post"}],"author":[{"embeddable":true,"href":"https:\/\/canfali.com\/ca-es\/wp-json\/wp\/v2\/users\/2"}],"replies":[{"embeddable":true,"href":"https:\/\/canfali.com\/ca-es\/wp-json\/wp\/v2\/comments?post=42729"}],"version-history":[{"count":0,"href":"https:\/\/canfali.com\/ca-es\/wp-json\/wp\/v2\/posts\/42729\/revisions"}],"wp:featuredmedia":[{"embeddable":true,"href":"https:\/\/canfali.com\/ca-es\/wp-json\/wp\/v2\/media\/25767"}],"wp:attachment":[{"href":"https:\/\/canfali.com\/ca-es\/wp-json\/wp\/v2\/media?parent=42729"}],"wp:term":[{"taxonomy":"category","embeddable":true,"href":"https:\/\/canfali.com\/ca-es\/wp-json\/wp\/v2\/categories?post=42729"},{"taxonomy":"post_tag","embeddable":true,"href":"https:\/\/canfali.com\/ca-es\/wp-json\/wp\/v2\/tags?post=42729"}],"curies":[{"name":"wp","href":"https:\/\/api.w.org\/{rel}","templated":true}]}}