{"id":42719,"date":"2021-03-15T08:09:52","date_gmt":"2021-03-15T07:09:52","guid":{"rendered":"https:\/\/canfali.com\/antoni-espasa-catedrtico-emrito-de-econometra-junto-al-xito-de-los-cientficos-los-polticos-han-actuado-mal-tarde-a-nivel-internacional\/"},"modified":"2025-02-25T10:34:35","modified_gmt":"2025-02-25T09:34:35","slug":"antoni-espasa-catedrtico-emrito-de-econometra-junto-al-xito-de-los-cientficos-los-polticos-han-actuado-mal-tarde-a-nivel-internacional","status":"publish","type":"post","link":"https:\/\/canfali.com\/ca-es\/antoni-espasa-catedrtico-emrito-de-econometra-junto-al-xito-de-los-cientficos-los-polticos-han-actuado-mal-tarde-a-nivel-internacional\/","title":{"rendered":"Antoni Espasa, catedr\u00e0tic em\u00e8rit d&#8217;Econometria:\u00a0\u201cAl costat de l&#8217;\u00e8xit dels cient\u00edfics, els pol\u00edtics han actuat malament i vesprada a nivell internacional\u201d"},"content":{"rendered":"<p><strong>&ldquo;La pand&egrave;mia ha posat la necessitat d&#39;invertir m&eacute;s en sanitat i en investigaci&oacute;, disposar d&#39;administracions amb una estructura eficient i buscar m&eacute;s la cooperaci&oacute; internacional&rdquo;<\/strong><\/p>\n<p>&nbsp;<\/p>\n<p><strong>&ldquo;Si volem un turisme pr&ograve;sper i de qualitat, hem de fer plans d&#39;urbanisme que eliminen els greus errors del passat&rdquo;<\/strong><\/p>\n<p>&nbsp;<\/p>\n<p>La pand&egrave;mia va sorprendre l&#39;economista Antoni Espasa a la seua casa de D&eacute;nia quan el Govern va obligar la ciutadania a romandre a les seues cases. Un any despr&eacute;s afirma que continuem en una situaci&oacute; econ&ograve;mica greu de la qual nom&eacute;s es podr&agrave; eixir si es prenen les mesures sanit&agrave;ries adequades. Espasa &eacute;s catedr&agrave;tic em&egrave;rit d&#39;Econometria de la Universitat Carles III de Madrid, soci d&#39;honor em&egrave;rit de l&#39;European Economy Association i premi Rei Jaume I d&#39;Economia (1991).<\/p>\n<p><strong>PREGUNTA: Eixirem d&#39;aquesta crisi m&eacute;s refor&ccedil;ats?<\/strong><\/p>\n<p>RESPOSTA: Encara estem dins de la pand&egrave;mia i en una situaci&oacute; greu. Quina evoluci&oacute; tindr&agrave;? Cal analitzar les dades per a saber on estem i on podem anar. La Universitat d&#39;Harvard, quan ja tenien dades de deu mesos, va fer un estudi que conclo&iuml;a que les millors mesures per a combatre i eliminar la pand&egrave;mia, al mateix temps, eren les m&eacute;s convenients per a la situaci&oacute; econ&ograve;mica. Les mesures dr&agrave;stiques de confinament tenen tamb&eacute; conseq&uuml;&egrave;ncies humanes, socials&hellip; Els estudis que hi ha sobre aquest tema assenyalen que aquestes mesures no es poden eliminar si no &eacute;s fent uns garbellats massius de la gent que t&eacute; el coronavirus, rastrejant el deixant de les persones infectades i donant una protecci&oacute; adequada a aquells grups amb major risc. Si no es fa aix&ograve;, no cal eliminar les mesures dr&agrave;stiques de confinament. S&#39;han de complir aqueixes tres condicions: garbellats massius, rastreig i protecci&oacute; als col&middot;lectius de risc.&nbsp;<\/p>\n<p><strong>P: Quina seria la f&oacute;rmula?&nbsp;<\/strong><\/p>\n<p>R: Fer aix&ograve; b&eacute; exigeix que les administracions estiguen ben organitzades i que siguen eficients. I aix&ograve; no &eacute;s sempre cert al nostre pa&iacute;s; per la qual cosa, una de les lli&ccedil;ons que ens ensenya la pand&egrave;mia &eacute;s la gran import&agrave;ncia de tindre administracions p&uacute;bliques eficients.<\/p>\n<p><strong>P: Quins aspectes positius ha portat la pand&egrave;mia?<\/strong><\/p>\n<p>R: L&#39;&egrave;xit dels cient&iacute;fics, que en molt poc temps han detectat el virus, han seq&uuml;enciat l&#39;ADN, han rastrejat les seues mutacions, han produ&iuml;t vacunes, etc. Aix&ograve; posa de manifest la gran import&agrave;ncia d&#39;invertir en salut. I, curiosament, al costat de l&#39;&egrave;xit dels cient&iacute;fics, tenim el frac&agrave;s dels pol&iacute;tics, que han actuat malament i vesprada a nivell internacional. Per qu&egrave; aquesta difer&egrave;ncia? Una de les raons, i ho deia Yuval Noah Harari en un article recent, &eacute;s que els cient&iacute;fics tenen una cooperaci&oacute; internacional entre ells, s&#39;intercanvien dades, informaci&oacute;, resultats; realitzen pon&egrave;ncies comunes, de gent de diversos pa&iuml;sos. I aquesta cooperaci&oacute; internacional els fa molt eficients. No obstant aix&ograve;, els pol&iacute;tics tenen una actitud tancada, nacionalista i sense voler coordinar res amb altres pa&iuml;sos. La pand&egrave;mia ha demostrat que aquest enfocament pol&iacute;tic no es pot mantindre cap al futur perqu&egrave; s&#39;ha demostrat que aquest virus &eacute;s molt mutable. Aix&ograve; es quedar&agrave; ac&iacute;. Ho haurem ven&ccedil;ut amb vacunes i altres, per&ograve; estar&agrave; amb possibilitats de ressorgir. Un altre ressorgiment requeriria una cooperaci&oacute; internacional per a fer-lo b&eacute;. Els pa&iuml;sos rics es creuen que poden eliminar el virus i no &eacute;s suficient. Cal eliminar-ho a nivell planetari perqu&egrave; si els pa&iuml;sos pobres tenen el virus, m&eacute;s tard o m&eacute;s prompte, passar&agrave; als pa&iuml;sos rics.<\/p>\n<p>A mi em resulta curi&oacute;s el que li costa a l&#39;&eacute;sser hum&agrave; fer acords multinacionals i tot el lent que &eacute;s aix&ograve;, i passen d&egrave;cades i d&egrave;cades, potser aquest tipus de pand&egrave;mies podrien accelerar la coordinaci&oacute; internacional.&nbsp;<\/p>\n<p><strong>P: Hem d&#39;aprendre moltes lli&ccedil;ons.&nbsp;<\/strong><\/p>\n<p>R: La pand&egrave;mia ha posat la necessitat d&#39;invertir m&eacute;s en sanitat i en investigaci&oacute; sobre la salut, a disposar d&#39;administracions que tinguen una estructura eficient, i de buscar m&eacute;s la cooperaci&oacute; internacional. Per&ograve; en aix&ograve; els pol&iacute;tics s&oacute;n poc inclinats i l&#39;&uacute;nica forma ser&agrave; que les societats espenten als pol&iacute;tics.<\/p>\n<p><strong>P: Es pot salvar l&#39;economia sense salvar la sanitat?&nbsp;<\/strong><\/p>\n<p>R: La creen&ccedil;a que jo permet m&eacute;s morts i millore l&#39;economia &eacute;s falsa. Per tant, les mesures dr&agrave;stiques de la pand&egrave;mia solament es poden anar esmorteint amb les tres condicions que he dit.<\/p>\n<p><strong>P: Hi ha algun pa&iacute;s que l&#39;haja fet correctament?<\/strong><\/p>\n<p>R: Austr&agrave;lia, Nova Zelanda i pa&iuml;sos asi&agrave;tics. A la Uni&oacute; Europea ens hem copiat els uns als altres i tots ho hem fet absolutament malament. En els &uacute;ltims mesos han comen&ccedil;at a reaccionar. Aix&ograve; &eacute;s un exemple de com no cal mirar al ve&iacute;. Cal tindre experts nacionals que s&agrave;pien de pand&egrave;mies i com tractar-les, i que aconsellen als pol&iacute;tics sobre les accions que han de prendre. I per a tindre experts cal invertir en investigaci&oacute;. Una altra cosa que demostra la pand&egrave;mia &eacute;s que, com les mesures de confinament tenen tamb&eacute; efectes negatius sobre les persones, &eacute;s necessari saber comunicar a la societat les accions que es prenen pol&iacute;ticament. Aix&ograve; conv&eacute; donar-li-ho a experts en teoria de la comunicaci&oacute; perqu&egrave; siguen ells els qui diguen com il&middot;lustrar i presentar a la societat el tipus d&#39;accions que s&oacute;n les adequades i requerides per a afrontar la pand&egrave;mia.&nbsp;<\/p>\n<p><strong>P: Hi ha qui sost&eacute; que hem caigut en una recessi&oacute; i no en una depressi&oacute; econ&ograve;mica. Quina &eacute;s la seua opini&oacute;?<\/strong><\/p>\n<p>R: Hem caigut en una grand&iacute;ssima depressi&oacute;. El Producte Interior Brut dels pa&iuml;sos europeus ha caigut molts punts percentuals. Potser no s&#39;han produ&iuml;t situacions apocal&iacute;ptiques que alg&uacute; va poder predir i ha sigut gr&agrave;cies als cient&iacute;fics, als experts en epidemiologia i a l&#39;exist&egrave;ncia d&#39;una estructura sanit&agrave;ria bastant bona als pa&iuml;sos europeus, amb una disponibilitat incre&iuml;ble per part de tots els treballadors de sanitat a tots els nivells. Aix&ograve; en 1918 va ser ca&ograve;tic. Ara no ho ha sigut degut als avan&ccedil;os cient&iacute;fics i tamb&eacute; a les t&egrave;cniques de comunicaci&oacute; existents. Fa un segle no es podria haver confinat a la gent perqu&egrave;, si es confinaven, no produ&iuml;en i no menjaven. Ara s&iacute;, perqu&egrave; via internet s&#39;ha mantingut una activitat important i aix&ograve; ha redu&iuml;t la situaci&oacute; de profecia apocal&iacute;ptica, perqu&egrave; la gent ha apr&eacute;s molt immediatament a treballar de manera virtual. Aquesta &eacute;s una altra de les coses bones que deixa la pand&egrave;mia. S&#39;ha demostrat que la millor estructura per a una empresa &eacute;s combinar el treball presencial i el treball virtual. Ja es venia donant abans i ara amb la pand&egrave;mia s&#39;ha quedat establit. De fet, molts dels aspectes que han sigut positius durant la pand&egrave;mia venen de coses que estaven canviant molt lentament i que la pand&egrave;mia les ha posades de sobte damunt de la taula. En canvi, aix&ograve; de la cooperaci&oacute; internacional, de la qual parlava abans, est&agrave; encara molt verda. Per&ograve; la pand&egrave;mia ha posat una pica ac&iacute;, dient: si vost&eacute;s volen lluitar b&eacute; contra l&#39;enemic, &eacute;s amb la cooperaci&oacute; internacional. L&#39;enemic ja no &eacute;s un pa&iacute;s ve&iacute;, el major enemic de la humanitat &eacute;s el virus. De fet, s&#39;est&agrave; demostrant que m&eacute;s important que invertir a investigar en temes militars conv&eacute; investigar en temes sanitaris i m&eacute;s concretament en temes de la pand&egrave;mia. Les morts en la Guerra de Vietnam no van arribar a 60.000 americans i amb la pand&egrave;mia han mort mig mili&oacute;. I tot aix&ograve; la pand&egrave;mia ho ha deixat marcat amb dolor i sang, per la qual cosa esperem que aquest record del bona que haguera sigut una major cooperaci&oacute; internacional siga una llavor que fructifique m&eacute;s endavant.&nbsp;<\/p>\n<p><strong>P: Qu&egrave; pensava que anava a succeir quan fa un any es va declarar el primer estat d&#39;alarma?<\/strong><\/p>\n<p>R: Al principi, encara cr&eacute;iem que amb el confinament l&#39;an&agrave;vem a resoldre. Per&ograve; el confinament, que havia d&#39;haver durat m&eacute;s, en el Parlament es va impedir que continuara. Va ser una acci&oacute; negativa i als responsables d&#39;aix&ograve; li ho haur&iacute;em de recordar perqu&egrave;, si aix&ograve; s&#39;haguera est&eacute;s, l&#39;estiu haguera sigut molt millor i sense tants riscos com els que hem tingut.<\/p>\n<p><strong>P: Quina reflexi&oacute; econ&ograve;mica general es pot extraure?&nbsp;<\/strong><\/p>\n<p>R: El m&oacute;n econ&ograve;mic anava evolucionant de manera que el que portava cap al progr&eacute;s eren les innovacions que de manera disruptiva s&#39;anaven produint en determinats camps, que s&oacute;n: la rob&ograve;tica, la intel&middot;lig&egrave;ncia artificial, la seq&uuml;enciaci&oacute; de l&#39;ADN, la investigaci&oacute; sobre emmagatzematge d&#39;energia i la tecnologia de cadenes articulades (blockchain technologies). Per tant, la pand&egrave;mia ha posat de manifest que les empreses que tinguen projectes en els quals incorporen i desenvolupen aquest tipus d&#39;innovacions seran molt pr&ograve;speres i guanyaran molt. Mentre que les empreses que es mantinguen en estructures productives tradicionals ho passaran malament i un n&uacute;mero important d&#39;elles far&agrave; fallida. La humanitat est&agrave; innovant en multitud de camps i el futur econ&ograve;mic global ser&agrave; positiu, per&ograve; estar&agrave; molt mal repartit entre pa&iuml;sos. Els que no estiguen en aquesta preocupaci&oacute; d&#39;incorporar tot aquest tipus d&#39;innovacions en el seu sistema productiu el passaran malament i ac&iacute; Espanya t&eacute; una espasa de D&agrave;mocles damunt; &eacute;s a dir, cal actuar r&agrave;pid.&nbsp;<\/p>\n<p><strong>P: Hi ha empreses que han tirat avant.<\/strong><\/p>\n<p>R: S&oacute;n empreses sorgides per gent innovadora, jove i que en poc temps han tingut &egrave;xit. Hi ha exemples, per&ograve; aix&ograve; no &eacute;s suficient. Es necessita una cosa m&eacute;s massiva a nivell de tota l&#39;economia. Per tant, fomentar que s&#39;invertisca i que s&#39;utilitzen aquest tipus de tecnologies &eacute;s necessari i la despesa p&uacute;blica hauria d&#39;orientar-se a ajudar a les empreses. Tot aquest nou m&oacute;n econ&ograve;mic eliminar&agrave; a molts treballadors i per descomptat l&#39;orientaci&oacute; p&uacute;blica ha de ser la de fer costat a aquests treballadors tant en renda com en formaci&oacute; per a adaptar-se a les noves ocupacions. A aquestes innovacions que venen no ens podem oposar, el progr&eacute;s &eacute;s ac&iacute;. Aix&ograve; causar&agrave; grans beneficis a un i grans perjudicis a un altre, per la qual cosa caldr&agrave; subvencionar, actualitzar i protegir les persones ressagades i afectades molt negativament per aix&ograve;. Requerir&agrave; educar a la for&ccedil;a de treball en aquesta l&iacute;nia i aix&ograve; &eacute;s un problema perqu&egrave; a Espanya el sistema educatiu &eacute;s deficient. Cap al futur, el sistema educatiu requereix una reforma a fons i consensuada. Tot el que siga gastar en educaci&oacute; i investigaci&oacute; ser&agrave; el m&eacute;s rendible. Estem comen&ccedil;ant una &egrave;poca que ens agafa amb esquemes tradicionals i que molts no serveixen, i hem d&#39;adaptar-nos, educar-nos, formar-nos per a aquesta nova situaci&oacute;. Aix&ograve; cal transmetre-ho a la societat i que portaveus que diuen un altre tipus de coses no tinguen en ella la m&eacute;s m&iacute;nima audi&egrave;ncia.&nbsp;<\/p>\n<p><strong>P: Com valora la situaci&oacute; de D&eacute;nia, que t&eacute; tanta depend&egrave;ncia del turisme?&nbsp;<\/strong><\/p>\n<p>R: El sector tur&iacute;stic ha de ser un pilar fort de l&#39;economia. D&eacute;nia est&agrave; en molt bones condicions per a oferir un turisme de qualitat i variat. T&eacute; mar, muntanya, el castell&hellip; Per&ograve; ha de tindre una qualitat global. Per exemple, els plans d&#39;urbanisme s&oacute;n molt importants per a millorar la qualitat del turisme i han de fer que la ciutat siga c&ograve;moda, flexible, agradable i bonica. Per tant, si volem un turisme pr&ograve;sper i de qualitat hem de fer plans d&#39;urbanisme que vagen en la bona direcci&oacute; i que, en la mesura que siga possible, eliminen els greus errors que s&#39;han com&eacute;s en el passat. Seria convenient crear un pla tur&iacute;stic global de la ciutat per als pr&ograve;xims deu anys, que hauran de realitzar experts en el tema perqu&egrave; els empresaris, els aut&ograve;noms i els ciutadans saberen que D&eacute;nia va cap a un objectiu i a tindre un turisme de qualitat. Per tant, orientem-nos tots cap a aix&ograve;. Aquest pla tur&iacute;stic requerir&agrave; ajudes del sector p&uacute;blic -de la Comunitat i de l&#39;Estat- per&ograve; ara &eacute;s un bon moment, perqu&egrave; la Uni&oacute; Europea est&agrave; afavorint aquest tipus d&#39;ajudes. Si la major part de la ciutadania viu del turisme, gastem-nos diners a establir un pla de futur, s&ograve;lid i ferm.&nbsp;<\/p>\n<p>A m&eacute;s del turisme, hi ha altres sectors que s&#39;han d&#39;impulsar m&eacute;s a D&eacute;nia. Un &eacute;s consolidar-se com a capital de serveis de la comarca. Per exemple, un pla de millora i ampliaci&oacute; del pol&iacute;gon industrial seria convenient. Aquest &eacute;s un pol de desenvolupament per a D&eacute;nia, per&ograve;, clar, ha d&#39;estar ben fet. Hem de ser conscients que D&eacute;nia ha de tindre un gran potencial, per&ograve; aix&ograve; cal treballar-ho. A m&eacute;s d&#39;aix&ograve;, l&#39;activitat pesquera conv&eacute; mantindre-la i fomentar-la. No sols per la import&agrave;ncia en si mateixa, encara que siga un percentatge xicotet de l&#39;economia de D&eacute;nia, sin&oacute; tamb&eacute; per donar-li a D&eacute;nia la visi&oacute; d&#39;un enclavament tur&iacute;stic variat i de qualitat.&nbsp;<\/p>\n<p><strong>P: I quant a altres sectors?<\/strong><\/p>\n<p>R: Quin &eacute;s el futur de l&#39;agricultura, que es pot incorporar a D&eacute;nia? L&#39;agricultura ecol&ograve;gica, que tindr&agrave; cada vegada m&eacute;s demanda a nivell internacional i europeu. Aix&ograve; haur&agrave; d&#39;estar ben fet i acreditar-se amb etiquetes corresponents que s&oacute;n productes ecol&ograve;gics. I potser una &uacute;ltima cosa seria aix&ograve; del treball virtual. Aix&ograve; far&agrave; que molta gent no necessite anar a l&#39;empresa una bona part del seu temps i puga treballar fora d&#39;ella. D&eacute;nia pot donar bones condicions perqu&egrave; aquests treballadors virtuals puguen fer-ho a casa. Donar els serveis que aquests treballadors necessiten, tindre les infraestructures inform&agrave;tiques que ells requerisquen i facilitar les segones resid&egrave;ncies a D&eacute;nia.&nbsp;<\/p>\n<p>&nbsp;<\/p>\n<p>&nbsp;<\/p>\n<p>&nbsp;<\/p>\n","protected":false},"excerpt":{"rendered":"&ldquo;La pand&egrave;mia ha posat la necessitat d&#39;invertir m&eacute;s en sanitat i en investigaci&oacute;, disposar d&#39;administracions amb una estructura&hellip;","protected":false},"author":2,"featured_media":25737,"comment_status":"closed","ping_status":"closed","sticky":false,"template":"","format":"standard","meta":{"csco_display_header_overlay":false,"csco_singular_sidebar":"","csco_page_header_type":"","csco_page_load_nextpost":"","csco_post_video_location":[],"csco_post_video_location_hash":"","csco_post_video_url":"","csco_post_video_bg_start_time":0,"csco_post_video_bg_end_time":0,"footnotes":""},"categories":[39],"tags":[],"class_list":{"0":"post-42719","1":"post","2":"type-post","3":"status-publish","4":"format-standard","5":"has-post-thumbnail","7":"category-economia-y-empresas","8":"cs-entry","9":"cs-video-wrap"},"yoast_head":"<!-- This site is optimized with the Yoast SEO Premium plugin v26.6 (Yoast SEO v27.3) - https:\/\/yoast.com\/product\/yoast-seo-premium-wordpress\/ -->\n<title>Antoni Espasa, catedr\u00e0tic em\u00e8rit d&#039;Econometria:\u00a0\u201cAl costat de l&#039;\u00e8xit dels cient\u00edfics, els pol\u00edtics han actuat malament i vesprada a nivell internacional\u201d - Canfali<\/title>\n<meta name=\"robots\" content=\"index, follow, max-snippet:-1, max-image-preview:large, max-video-preview:-1\" \/>\n<link rel=\"canonical\" href=\"https:\/\/canfali.com\/ca-es\/antoni-espasa-catedrtico-emrito-de-econometra-junto-al-xito-de-los-cientficos-los-polticos-han-actuado-mal-tarde-a-nivel-internacional\/\" \/>\n<meta property=\"og:locale\" content=\"en_US\" \/>\n<meta property=\"og:type\" content=\"article\" \/>\n<meta property=\"og:title\" content=\"Antoni Espasa, catedr\u00e0tic em\u00e8rit d&#039;Econometria:\u00a0\u201cAl costat de l&#039;\u00e8xit dels cient\u00edfics, els pol\u00edtics han actuat malament i vesprada a nivell internacional\u201d\" \/>\n<meta property=\"og:description\" content=\"&ldquo;La pand&egrave;mia ha posat la necessitat d&#039;invertir m&eacute;s en sanitat i en investigaci&oacute;, disposar d&#039;administracions amb una estructura&hellip;\" \/>\n<meta property=\"og:url\" content=\"https:\/\/canfali.com\/ca-es\/antoni-espasa-catedrtico-emrito-de-econometra-junto-al-xito-de-los-cientficos-los-polticos-han-actuado-mal-tarde-a-nivel-internacional\/\" \/>\n<meta property=\"og:site_name\" content=\"Canfali\" \/>\n<meta property=\"article:publisher\" content=\"https:\/\/es-es.facebook.com\/CANFALIMarinaAlta\" \/>\n<meta property=\"article:published_time\" content=\"2021-03-15T07:09:52+00:00\" \/>\n<meta property=\"article:modified_time\" content=\"2025-02-25T09:34:35+00:00\" \/>\n<meta property=\"og:image\" content=\"https:\/\/canfali.com\/app\/uploads\/2025\/02\/075d213140e20ced4d93ff4f766964f1-scaled.jpg\" \/>\n\t<meta property=\"og:image:width\" content=\"1920\" \/>\n\t<meta property=\"og:image:height\" content=\"2560\" \/>\n\t<meta property=\"og:image:type\" content=\"image\/jpeg\" \/>\n<meta name=\"author\" content=\"Alex\" \/>\n<meta name=\"twitter:card\" content=\"summary_large_image\" \/>\n<meta name=\"twitter:creator\" content=\"@canfalima\" \/>\n<meta name=\"twitter:site\" content=\"@canfalima\" \/>\n<meta name=\"twitter:label1\" content=\"Written by\" \/>\n\t<meta name=\"twitter:data1\" content=\"Alex\" \/>\n\t<meta name=\"twitter:label2\" content=\"Est. reading time\" \/>\n\t<meta name=\"twitter:data2\" content=\"14 minutes\" \/>\n<script type=\"application\/ld+json\" class=\"yoast-schema-graph\">{\"@context\":\"https:\\\/\\\/schema.org\",\"@graph\":[{\"@type\":\"NewsArticle\",\"@id\":\"https:\\\/\\\/canfali.com\\\/ca-es\\\/antoni-espasa-catedrtico-emrito-de-econometra-junto-al-xito-de-los-cientficos-los-polticos-han-actuado-mal-tarde-a-nivel-internacional\\\/#article\",\"isPartOf\":{\"@id\":\"https:\\\/\\\/canfali.com\\\/ca-es\\\/antoni-espasa-catedrtico-emrito-de-econometra-junto-al-xito-de-los-cientficos-los-polticos-han-actuado-mal-tarde-a-nivel-internacional\\\/\"},\"author\":{\"name\":\"Alex\",\"@id\":\"https:\\\/\\\/canfali.com\\\/ca-es\\\/#\\\/schema\\\/person\\\/25dd7e79206e119c02d489a3b67ca83d\"},\"headline\":\"Antoni Espasa, catedr\u00e0tic em\u00e8rit d&#8217;Econometria:\u00a0\u201cAl costat de l&#8217;\u00e8xit dels cient\u00edfics, els pol\u00edtics han actuat malament i vesprada a nivell internacional\u201d\",\"datePublished\":\"2021-03-15T07:09:52+00:00\",\"dateModified\":\"2025-02-25T09:34:35+00:00\",\"mainEntityOfPage\":{\"@id\":\"https:\\\/\\\/canfali.com\\\/ca-es\\\/antoni-espasa-catedrtico-emrito-de-econometra-junto-al-xito-de-los-cientficos-los-polticos-han-actuado-mal-tarde-a-nivel-internacional\\\/\"},\"wordCount\":2817,\"publisher\":{\"@id\":\"https:\\\/\\\/canfali.com\\\/ca-es\\\/#organization\"},\"image\":{\"@id\":\"https:\\\/\\\/canfali.com\\\/ca-es\\\/antoni-espasa-catedrtico-emrito-de-econometra-junto-al-xito-de-los-cientficos-los-polticos-han-actuado-mal-tarde-a-nivel-internacional\\\/#primaryimage\"},\"thumbnailUrl\":\"https:\\\/\\\/canfali.com\\\/app\\\/uploads\\\/2025\\\/02\\\/075d213140e20ced4d93ff4f766964f1-scaled.jpg\",\"articleSection\":[\"Econom\u00eda y Empresas\"],\"inLanguage\":\"va-ES\",\"copyrightYear\":\"2021\",\"copyrightHolder\":{\"@id\":\"https:\\\/\\\/canfali.com\\\/#organization\"}},{\"@type\":\"WebPage\",\"@id\":\"https:\\\/\\\/canfali.com\\\/ca-es\\\/antoni-espasa-catedrtico-emrito-de-econometra-junto-al-xito-de-los-cientficos-los-polticos-han-actuado-mal-tarde-a-nivel-internacional\\\/\",\"url\":\"https:\\\/\\\/canfali.com\\\/ca-es\\\/antoni-espasa-catedrtico-emrito-de-econometra-junto-al-xito-de-los-cientficos-los-polticos-han-actuado-mal-tarde-a-nivel-internacional\\\/\",\"name\":\"Antoni Espasa, catedr\u00e0tic em\u00e8rit d'Econometria:\u00a0\u201cAl costat de l'\u00e8xit dels cient\u00edfics, els pol\u00edtics han actuat malament i vesprada a nivell internacional\u201d - Canfali\",\"isPartOf\":{\"@id\":\"https:\\\/\\\/canfali.com\\\/ca-es\\\/#website\"},\"primaryImageOfPage\":{\"@id\":\"https:\\\/\\\/canfali.com\\\/ca-es\\\/antoni-espasa-catedrtico-emrito-de-econometra-junto-al-xito-de-los-cientficos-los-polticos-han-actuado-mal-tarde-a-nivel-internacional\\\/#primaryimage\"},\"image\":{\"@id\":\"https:\\\/\\\/canfali.com\\\/ca-es\\\/antoni-espasa-catedrtico-emrito-de-econometra-junto-al-xito-de-los-cientficos-los-polticos-han-actuado-mal-tarde-a-nivel-internacional\\\/#primaryimage\"},\"thumbnailUrl\":\"https:\\\/\\\/canfali.com\\\/app\\\/uploads\\\/2025\\\/02\\\/075d213140e20ced4d93ff4f766964f1-scaled.jpg\",\"datePublished\":\"2021-03-15T07:09:52+00:00\",\"dateModified\":\"2025-02-25T09:34:35+00:00\",\"breadcrumb\":{\"@id\":\"https:\\\/\\\/canfali.com\\\/ca-es\\\/antoni-espasa-catedrtico-emrito-de-econometra-junto-al-xito-de-los-cientficos-los-polticos-han-actuado-mal-tarde-a-nivel-internacional\\\/#breadcrumb\"},\"inLanguage\":\"va-ES\",\"potentialAction\":[{\"@type\":\"ReadAction\",\"target\":[\"https:\\\/\\\/canfali.com\\\/ca-es\\\/antoni-espasa-catedrtico-emrito-de-econometra-junto-al-xito-de-los-cientficos-los-polticos-han-actuado-mal-tarde-a-nivel-internacional\\\/\"]}]},{\"@type\":\"ImageObject\",\"inLanguage\":\"va-ES\",\"@id\":\"https:\\\/\\\/canfali.com\\\/ca-es\\\/antoni-espasa-catedrtico-emrito-de-econometra-junto-al-xito-de-los-cientficos-los-polticos-han-actuado-mal-tarde-a-nivel-internacional\\\/#primaryimage\",\"url\":\"https:\\\/\\\/canfali.com\\\/app\\\/uploads\\\/2025\\\/02\\\/075d213140e20ced4d93ff4f766964f1-scaled.jpg\",\"contentUrl\":\"https:\\\/\\\/canfali.com\\\/app\\\/uploads\\\/2025\\\/02\\\/075d213140e20ced4d93ff4f766964f1-scaled.jpg\",\"width\":1920,\"height\":2560},{\"@type\":\"BreadcrumbList\",\"@id\":\"https:\\\/\\\/canfali.com\\\/ca-es\\\/antoni-espasa-catedrtico-emrito-de-econometra-junto-al-xito-de-los-cientficos-los-polticos-han-actuado-mal-tarde-a-nivel-internacional\\\/#breadcrumb\",\"itemListElement\":[{\"@type\":\"ListItem\",\"position\":1,\"name\":\"Portada\",\"item\":\"https:\\\/\\\/canfali.com\\\/ca-es\\\/\"},{\"@type\":\"ListItem\",\"position\":2,\"name\":\"Antoni Espasa, catedr\u00e0tic em\u00e8rit d&#8217;Econometria:\u00a0\u201cAl costat de l&#8217;\u00e8xit dels cient\u00edfics, els pol\u00edtics han actuat malament i vesprada a nivell internacional\u201d\"}]},{\"@type\":\"WebSite\",\"@id\":\"https:\\\/\\\/canfali.com\\\/ca-es\\\/#website\",\"url\":\"https:\\\/\\\/canfali.com\\\/ca-es\\\/\",\"name\":\"Canfali\",\"description\":\"\",\"publisher\":{\"@id\":\"https:\\\/\\\/canfali.com\\\/ca-es\\\/#organization\"},\"potentialAction\":[{\"@type\":\"SearchAction\",\"target\":{\"@type\":\"EntryPoint\",\"urlTemplate\":\"https:\\\/\\\/canfali.com\\\/ca-es\\\/?s={search_term_string}\"},\"query-input\":{\"@type\":\"PropertyValueSpecification\",\"valueRequired\":true,\"valueName\":\"search_term_string\"}}],\"inLanguage\":\"va-ES\"},{\"@type\":\"Organization\",\"@id\":\"https:\\\/\\\/canfali.com\\\/ca-es\\\/#organization\",\"name\":\"Canfali\",\"url\":\"https:\\\/\\\/canfali.com\\\/ca-es\\\/\",\"logo\":{\"@type\":\"ImageObject\",\"inLanguage\":\"va-ES\",\"@id\":\"https:\\\/\\\/canfali.com\\\/ca-es\\\/#\\\/schema\\\/logo\\\/image\\\/\",\"url\":\"https:\\\/\\\/canfali.com\\\/app\\\/uploads\\\/2025\\\/12\\\/canfali_marina_alta_logo.png\",\"contentUrl\":\"https:\\\/\\\/canfali.com\\\/app\\\/uploads\\\/2025\\\/12\\\/canfali_marina_alta_logo.png\",\"width\":225,\"height\":225,\"caption\":\"Canfali\"},\"image\":{\"@id\":\"https:\\\/\\\/canfali.com\\\/ca-es\\\/#\\\/schema\\\/logo\\\/image\\\/\"},\"sameAs\":[\"https:\\\/\\\/es-es.facebook.com\\\/CANFALIMarinaAlta\",\"https:\\\/\\\/x.com\\\/canfalima\",\"https:\\\/\\\/www.instagram.com\\\/canfalimarinaalta\\\/\"]},{\"@type\":\"Person\",\"@id\":\"https:\\\/\\\/canfali.com\\\/ca-es\\\/#\\\/schema\\\/person\\\/25dd7e79206e119c02d489a3b67ca83d\",\"name\":\"Alex\",\"image\":{\"@type\":\"ImageObject\",\"inLanguage\":\"va-ES\",\"@id\":\"https:\\\/\\\/secure.gravatar.com\\\/avatar\\\/98bd9e8345af882c94b4d49db053494ffab4b0a9ca408823ad3dbaf04d352f02?s=96&d=mm&r=g\",\"url\":\"https:\\\/\\\/secure.gravatar.com\\\/avatar\\\/98bd9e8345af882c94b4d49db053494ffab4b0a9ca408823ad3dbaf04d352f02?s=96&d=mm&r=g\",\"contentUrl\":\"https:\\\/\\\/secure.gravatar.com\\\/avatar\\\/98bd9e8345af882c94b4d49db053494ffab4b0a9ca408823ad3dbaf04d352f02?s=96&d=mm&r=g\",\"caption\":\"Alex\"},\"url\":\"https:\\\/\\\/canfali.com\\\/ca-es\\\/author\\\/alex\\\/\"}]}<\/script>\n<!-- \/ Yoast SEO Premium plugin. -->","yoast_head_json":{"title":"Antoni Espasa, catedr\u00e0tic em\u00e8rit d'Econometria:\u00a0\u201cAl costat de l'\u00e8xit dels cient\u00edfics, els pol\u00edtics han actuat malament i vesprada a nivell internacional\u201d - Canfali","robots":{"index":"index","follow":"follow","max-snippet":"max-snippet:-1","max-image-preview":"max-image-preview:large","max-video-preview":"max-video-preview:-1"},"canonical":"https:\/\/canfali.com\/ca-es\/antoni-espasa-catedrtico-emrito-de-econometra-junto-al-xito-de-los-cientficos-los-polticos-han-actuado-mal-tarde-a-nivel-internacional\/","og_locale":"en_US","og_type":"article","og_title":"Antoni Espasa, catedr\u00e0tic em\u00e8rit d'Econometria:\u00a0\u201cAl costat de l'\u00e8xit dels cient\u00edfics, els pol\u00edtics han actuat malament i vesprada a nivell internacional\u201d","og_description":"&ldquo;La pand&egrave;mia ha posat la necessitat d&#39;invertir m&eacute;s en sanitat i en investigaci&oacute;, disposar d&#39;administracions amb una estructura&hellip;","og_url":"https:\/\/canfali.com\/ca-es\/antoni-espasa-catedrtico-emrito-de-econometra-junto-al-xito-de-los-cientficos-los-polticos-han-actuado-mal-tarde-a-nivel-internacional\/","og_site_name":"Canfali","article_publisher":"https:\/\/es-es.facebook.com\/CANFALIMarinaAlta","article_published_time":"2021-03-15T07:09:52+00:00","article_modified_time":"2025-02-25T09:34:35+00:00","og_image":[{"width":1920,"height":2560,"url":"https:\/\/canfali.com\/app\/uploads\/2025\/02\/075d213140e20ced4d93ff4f766964f1-scaled.jpg","type":"image\/jpeg"}],"author":"Alex","twitter_card":"summary_large_image","twitter_creator":"@canfalima","twitter_site":"@canfalima","twitter_misc":{"Written by":"Alex","Est. reading time":"14 minutes"},"schema":{"@context":"https:\/\/schema.org","@graph":[{"@type":"NewsArticle","@id":"https:\/\/canfali.com\/ca-es\/antoni-espasa-catedrtico-emrito-de-econometra-junto-al-xito-de-los-cientficos-los-polticos-han-actuado-mal-tarde-a-nivel-internacional\/#article","isPartOf":{"@id":"https:\/\/canfali.com\/ca-es\/antoni-espasa-catedrtico-emrito-de-econometra-junto-al-xito-de-los-cientficos-los-polticos-han-actuado-mal-tarde-a-nivel-internacional\/"},"author":{"name":"Alex","@id":"https:\/\/canfali.com\/ca-es\/#\/schema\/person\/25dd7e79206e119c02d489a3b67ca83d"},"headline":"Antoni Espasa, catedr\u00e0tic em\u00e8rit d&#8217;Econometria:\u00a0\u201cAl costat de l&#8217;\u00e8xit dels cient\u00edfics, els pol\u00edtics han actuat malament i vesprada a nivell internacional\u201d","datePublished":"2021-03-15T07:09:52+00:00","dateModified":"2025-02-25T09:34:35+00:00","mainEntityOfPage":{"@id":"https:\/\/canfali.com\/ca-es\/antoni-espasa-catedrtico-emrito-de-econometra-junto-al-xito-de-los-cientficos-los-polticos-han-actuado-mal-tarde-a-nivel-internacional\/"},"wordCount":2817,"publisher":{"@id":"https:\/\/canfali.com\/ca-es\/#organization"},"image":{"@id":"https:\/\/canfali.com\/ca-es\/antoni-espasa-catedrtico-emrito-de-econometra-junto-al-xito-de-los-cientficos-los-polticos-han-actuado-mal-tarde-a-nivel-internacional\/#primaryimage"},"thumbnailUrl":"https:\/\/canfali.com\/app\/uploads\/2025\/02\/075d213140e20ced4d93ff4f766964f1-scaled.jpg","articleSection":["Econom\u00eda y Empresas"],"inLanguage":"va-ES","copyrightYear":"2021","copyrightHolder":{"@id":"https:\/\/canfali.com\/#organization"}},{"@type":"WebPage","@id":"https:\/\/canfali.com\/ca-es\/antoni-espasa-catedrtico-emrito-de-econometra-junto-al-xito-de-los-cientficos-los-polticos-han-actuado-mal-tarde-a-nivel-internacional\/","url":"https:\/\/canfali.com\/ca-es\/antoni-espasa-catedrtico-emrito-de-econometra-junto-al-xito-de-los-cientficos-los-polticos-han-actuado-mal-tarde-a-nivel-internacional\/","name":"Antoni Espasa, catedr\u00e0tic em\u00e8rit d'Econometria:\u00a0\u201cAl costat de l'\u00e8xit dels cient\u00edfics, els pol\u00edtics han actuat malament i vesprada a nivell internacional\u201d - Canfali","isPartOf":{"@id":"https:\/\/canfali.com\/ca-es\/#website"},"primaryImageOfPage":{"@id":"https:\/\/canfali.com\/ca-es\/antoni-espasa-catedrtico-emrito-de-econometra-junto-al-xito-de-los-cientficos-los-polticos-han-actuado-mal-tarde-a-nivel-internacional\/#primaryimage"},"image":{"@id":"https:\/\/canfali.com\/ca-es\/antoni-espasa-catedrtico-emrito-de-econometra-junto-al-xito-de-los-cientficos-los-polticos-han-actuado-mal-tarde-a-nivel-internacional\/#primaryimage"},"thumbnailUrl":"https:\/\/canfali.com\/app\/uploads\/2025\/02\/075d213140e20ced4d93ff4f766964f1-scaled.jpg","datePublished":"2021-03-15T07:09:52+00:00","dateModified":"2025-02-25T09:34:35+00:00","breadcrumb":{"@id":"https:\/\/canfali.com\/ca-es\/antoni-espasa-catedrtico-emrito-de-econometra-junto-al-xito-de-los-cientficos-los-polticos-han-actuado-mal-tarde-a-nivel-internacional\/#breadcrumb"},"inLanguage":"va-ES","potentialAction":[{"@type":"ReadAction","target":["https:\/\/canfali.com\/ca-es\/antoni-espasa-catedrtico-emrito-de-econometra-junto-al-xito-de-los-cientficos-los-polticos-han-actuado-mal-tarde-a-nivel-internacional\/"]}]},{"@type":"ImageObject","inLanguage":"va-ES","@id":"https:\/\/canfali.com\/ca-es\/antoni-espasa-catedrtico-emrito-de-econometra-junto-al-xito-de-los-cientficos-los-polticos-han-actuado-mal-tarde-a-nivel-internacional\/#primaryimage","url":"https:\/\/canfali.com\/app\/uploads\/2025\/02\/075d213140e20ced4d93ff4f766964f1-scaled.jpg","contentUrl":"https:\/\/canfali.com\/app\/uploads\/2025\/02\/075d213140e20ced4d93ff4f766964f1-scaled.jpg","width":1920,"height":2560},{"@type":"BreadcrumbList","@id":"https:\/\/canfali.com\/ca-es\/antoni-espasa-catedrtico-emrito-de-econometra-junto-al-xito-de-los-cientficos-los-polticos-han-actuado-mal-tarde-a-nivel-internacional\/#breadcrumb","itemListElement":[{"@type":"ListItem","position":1,"name":"Portada","item":"https:\/\/canfali.com\/ca-es\/"},{"@type":"ListItem","position":2,"name":"Antoni Espasa, catedr\u00e0tic em\u00e8rit d&#8217;Econometria:\u00a0\u201cAl costat de l&#8217;\u00e8xit dels cient\u00edfics, els pol\u00edtics han actuat malament i vesprada a nivell internacional\u201d"}]},{"@type":"WebSite","@id":"https:\/\/canfali.com\/ca-es\/#website","url":"https:\/\/canfali.com\/ca-es\/","name":"Canfali","description":"","publisher":{"@id":"https:\/\/canfali.com\/ca-es\/#organization"},"potentialAction":[{"@type":"SearchAction","target":{"@type":"EntryPoint","urlTemplate":"https:\/\/canfali.com\/ca-es\/?s={search_term_string}"},"query-input":{"@type":"PropertyValueSpecification","valueRequired":true,"valueName":"search_term_string"}}],"inLanguage":"va-ES"},{"@type":"Organization","@id":"https:\/\/canfali.com\/ca-es\/#organization","name":"Canfali","url":"https:\/\/canfali.com\/ca-es\/","logo":{"@type":"ImageObject","inLanguage":"va-ES","@id":"https:\/\/canfali.com\/ca-es\/#\/schema\/logo\/image\/","url":"https:\/\/canfali.com\/app\/uploads\/2025\/12\/canfali_marina_alta_logo.png","contentUrl":"https:\/\/canfali.com\/app\/uploads\/2025\/12\/canfali_marina_alta_logo.png","width":225,"height":225,"caption":"Canfali"},"image":{"@id":"https:\/\/canfali.com\/ca-es\/#\/schema\/logo\/image\/"},"sameAs":["https:\/\/es-es.facebook.com\/CANFALIMarinaAlta","https:\/\/x.com\/canfalima","https:\/\/www.instagram.com\/canfalimarinaalta\/"]},{"@type":"Person","@id":"https:\/\/canfali.com\/ca-es\/#\/schema\/person\/25dd7e79206e119c02d489a3b67ca83d","name":"Alex","image":{"@type":"ImageObject","inLanguage":"va-ES","@id":"https:\/\/secure.gravatar.com\/avatar\/98bd9e8345af882c94b4d49db053494ffab4b0a9ca408823ad3dbaf04d352f02?s=96&d=mm&r=g","url":"https:\/\/secure.gravatar.com\/avatar\/98bd9e8345af882c94b4d49db053494ffab4b0a9ca408823ad3dbaf04d352f02?s=96&d=mm&r=g","contentUrl":"https:\/\/secure.gravatar.com\/avatar\/98bd9e8345af882c94b4d49db053494ffab4b0a9ca408823ad3dbaf04d352f02?s=96&d=mm&r=g","caption":"Alex"},"url":"https:\/\/canfali.com\/ca-es\/author\/alex\/"}]}},"_links":{"self":[{"href":"https:\/\/canfali.com\/ca-es\/wp-json\/wp\/v2\/posts\/42719","targetHints":{"allow":["GET"]}}],"collection":[{"href":"https:\/\/canfali.com\/ca-es\/wp-json\/wp\/v2\/posts"}],"about":[{"href":"https:\/\/canfali.com\/ca-es\/wp-json\/wp\/v2\/types\/post"}],"author":[{"embeddable":true,"href":"https:\/\/canfali.com\/ca-es\/wp-json\/wp\/v2\/users\/2"}],"replies":[{"embeddable":true,"href":"https:\/\/canfali.com\/ca-es\/wp-json\/wp\/v2\/comments?post=42719"}],"version-history":[{"count":0,"href":"https:\/\/canfali.com\/ca-es\/wp-json\/wp\/v2\/posts\/42719\/revisions"}],"wp:featuredmedia":[{"embeddable":true,"href":"https:\/\/canfali.com\/ca-es\/wp-json\/wp\/v2\/media\/25737"}],"wp:attachment":[{"href":"https:\/\/canfali.com\/ca-es\/wp-json\/wp\/v2\/media?parent=42719"}],"wp:term":[{"taxonomy":"category","embeddable":true,"href":"https:\/\/canfali.com\/ca-es\/wp-json\/wp\/v2\/categories?post=42719"},{"taxonomy":"post_tag","embeddable":true,"href":"https:\/\/canfali.com\/ca-es\/wp-json\/wp\/v2\/tags?post=42719"}],"curies":[{"name":"wp","href":"https:\/\/api.w.org\/{rel}","templated":true}]}}