{"id":42674,"date":"2020-07-30T09:59:57","date_gmt":"2020-07-30T07:59:57","guid":{"rendered":"https:\/\/canfali.com\/el-nuevo-servicio-ora-calp-permitir-estacionar-a-travs-del-mvil-sin-utilizar-el-parqumetro-2\/"},"modified":"2025-02-25T10:27:35","modified_gmt":"2025-02-25T09:27:35","slug":"el-nuevo-servicio-ora-calp-permitir-estacionar-a-travs-del-mvil-sin-utilizar-el-parqumetro-2","status":"publish","type":"post","link":"https:\/\/canfali.com\/ca-es\/el-nuevo-servicio-ora-calp-permitir-estacionar-a-travs-del-mvil-sin-utilizar-el-parqumetro-2\/","title":{"rendered":"El nou servei ORA Calp permetr\u00e0 estacionar a trav\u00e9s del m\u00f2bil i sense utilitzar el parqu\u00edmetre"},"content":{"rendered":"<p><strong>L&#39;empresa Pavapark ha incorporat novetats tecnol&ograve;giques per a donar major facilitat als usuaris.&nbsp;<\/strong><\/p>\n<p>&nbsp;<\/p>\n<p>L&#39;Ajuntament de Calp torna a posar en marxa a partir del pr&ograve;xim dilluns, 3 d&#39;agost, l&#39;estacionament regulat de vehicles en la via p&uacute;blica. El nou servei ORA Calp t&eacute; com a objectiu fomentar la rotaci&oacute; de vehicles i afavorir al comer&ccedil; local. Per a aix&ograve;, incorpora importants novetats tecnol&ograve;giques molt &uacute;tils per als usuaris. Entre elles, es pot destacar l&#39;app gratu&iuml;ta Moviltik, que permetr&agrave; pagar per l&#39;estacionament de la zona blava sense necessitat d&#39;utilitzar el park&iacute;metro. Aquesta aplicaci&oacute; per al tel&egrave;fon m&ograve;bil tamb&eacute; ofereix la possibilitat de con&eacute;ixer les places lliures sensorizadas en temps real o gestionar els punts de rec&agrave;rrega per a vehicles el&egrave;ctrics.&nbsp;<\/p>\n<p>Les solucions tecnol&ograve;giques que incorpora aquest servei van destinades al desenvolupament de Calp com Smart City (ciutat intel&middot;ligent). Com a exemples, la sensorizaci&oacute;n de noves places en la via p&uacute;blica i la instal&middot;laci&oacute; d&#39;un pas de zebra intel&middot;ligent.&nbsp;<\/p>\n<p>A m&eacute;s, aquest servei ha incorporat millores tecnol&ograve;giques i d&#39;usabilitat en l&#39;app de formulaci&oacute; de den&uacute;ncies; ha implantat una plataforma de mobilitat que permetr&agrave; a l&#39;Ajuntament seguir la tra&ccedil;abilitat dels ingressos i de la gesti&oacute; dels avisos de den&uacute;ncia en temps real i, finalment, una app per a la gesti&oacute; del servei de retirada de vehicles.&nbsp;<\/p>\n<p><strong>Zones blava, verda i taronja&nbsp;<\/strong><\/p>\n<p>El servei ORA Calp comptar&agrave; amb 2.226 places distribu&iuml;des entre les zones blava, verda i taronja. Una altra de les novetats s&oacute;n les tarifes bonificades per a residents i comerciants.&nbsp;<\/p>\n<p>Quant a la zona taronja mixta, tindr&agrave; 55 noves places en les quals la tarifa ser&agrave; gratu&iuml;ta, previ tiquet d&#39;estacionament. Els vehicles zero emissions i els vehicles de persones amb mobilitat redu&iuml;da estaran exempts de pagament en les places habilitades a aquest efecte.&nbsp;<\/p>\n<p>El servei ORA Calp s&#39;inicia amb horari d&#39;estiu: de dilluns a dissabte, de 9 h a 14 h, i de 17 h a 20 h. S&#39;han instal&middot;lat 26 nous parqu&iacute;metres que se sumen als 49 que ja estan en marxa. Inclouen teclats alfanum&egrave;rics perqu&egrave; els usuaris incloguen el seu n&uacute;mero de matr&iacute;cula per a obtindre el tiquet.&nbsp;<\/p>\n<p>L&#39;Ajuntament posar&agrave; a la disposici&oacute; dels comerciants fins a 6.000 vals descompte de mitja hora per a repartir als seus clients, amb l&#39;objectiu de reactivar l&#39;activitat comercial afectada per la crisi sanit&agrave;ria de la COVID-19.<\/p>\n<p><strong>Empresa especialitzada en mobilitat urbana&nbsp;<\/strong><\/p>\n<p>L&#39;empresa Pavapark, especialitzada en mobilitat urbana, s&#39;encarregar&agrave; de gestionar el servei ORA Calp durant els pr&ograve;xims quatre anys. Compromesa amb la millora de la qualitat de vida de les urbs en les quals col&middot;labora, Pavapark aporta solucions i gestiona actius amb una clara orientaci&oacute; al desenvolupament de la ciutat intel&middot;ligent (Smart City), apostant per solucions de mobilitat innovadores que s&#39;adapten a les necessitats de les persones. Per a m&eacute;s informaci&oacute; sobre el servei es pot consultar la p&agrave;gina web www.oracalp.es<\/p>\n<p>&nbsp;<\/p>\n","protected":false},"excerpt":{"rendered":"L&#39;empresa Pavapark ha incorporat novetats tecnol&ograve;giques per a donar major facilitat als usuaris.&nbsp; &nbsp; L&#39;Ajuntament de Calp torna&hellip;","protected":false},"author":2,"featured_media":25596,"comment_status":"open","ping_status":"open","sticky":false,"template":"","format":"standard","meta":{"csco_display_header_overlay":false,"csco_singular_sidebar":"","csco_page_header_type":"","csco_page_load_nextpost":"","csco_post_video_location":[],"csco_post_video_location_hash":"","csco_post_video_url":"","csco_post_video_bg_start_time":0,"csco_post_video_bg_end_time":0,"footnotes":""},"categories":[39],"tags":[],"class_list":{"0":"post-42674","1":"post","2":"type-post","3":"status-publish","4":"format-standard","5":"has-post-thumbnail","7":"category-economia-y-empresas","8":"cs-entry","9":"cs-video-wrap"},"yoast_head":"<!-- This site is optimized with the Yoast SEO Premium plugin v26.6 (Yoast SEO v27.3) - https:\/\/yoast.com\/product\/yoast-seo-premium-wordpress\/ -->\n<title>El nou servei ORA Calp permetr\u00e0 estacionar a trav\u00e9s del m\u00f2bil i sense utilitzar el parqu\u00edmetre - Canfali<\/title>\n<meta name=\"robots\" content=\"index, follow, max-snippet:-1, max-image-preview:large, max-video-preview:-1\" \/>\n<link rel=\"canonical\" href=\"https:\/\/canfali.com\/ca-es\/el-nuevo-servicio-ora-calp-permitir-estacionar-a-travs-del-mvil-sin-utilizar-el-parqumetro-2\/\" \/>\n<meta property=\"og:locale\" content=\"en_US\" \/>\n<meta property=\"og:type\" content=\"article\" \/>\n<meta property=\"og:title\" content=\"El nou servei ORA Calp permetr\u00e0 estacionar a trav\u00e9s del m\u00f2bil i sense utilitzar el parqu\u00edmetre\" \/>\n<meta property=\"og:description\" content=\"L&#039;empresa Pavapark ha incorporat novetats tecnol&ograve;giques per a donar major facilitat als usuaris.&nbsp; &nbsp; L&#039;Ajuntament de Calp torna&hellip;\" \/>\n<meta property=\"og:url\" content=\"https:\/\/canfali.com\/ca-es\/el-nuevo-servicio-ora-calp-permitir-estacionar-a-travs-del-mvil-sin-utilizar-el-parqumetro-2\/\" \/>\n<meta property=\"og:site_name\" content=\"Canfali\" \/>\n<meta property=\"article:publisher\" content=\"https:\/\/es-es.facebook.com\/CANFALIMarinaAlta\" \/>\n<meta property=\"article:published_time\" content=\"2020-07-30T07:59:57+00:00\" \/>\n<meta property=\"article:modified_time\" content=\"2025-02-25T09:27:35+00:00\" \/>\n<meta property=\"og:image\" content=\"https:\/\/canfali.com\/app\/uploads\/2025\/02\/7180aff6b75eddfa80a63edf80c730af.jpg\" \/>\n\t<meta property=\"og:image:width\" content=\"960\" \/>\n\t<meta property=\"og:image:height\" content=\"675\" \/>\n\t<meta property=\"og:image:type\" content=\"image\/jpeg\" \/>\n<meta name=\"author\" content=\"Alex\" \/>\n<meta name=\"twitter:card\" content=\"summary_large_image\" \/>\n<meta name=\"twitter:creator\" content=\"@canfalima\" \/>\n<meta name=\"twitter:site\" content=\"@canfalima\" \/>\n<meta name=\"twitter:label1\" content=\"Written by\" \/>\n\t<meta name=\"twitter:data1\" content=\"Alex\" \/>\n\t<meta name=\"twitter:label2\" content=\"Est. reading time\" \/>\n\t<meta name=\"twitter:data2\" content=\"3 minutes\" \/>\n<script type=\"application\/ld+json\" class=\"yoast-schema-graph\">{\"@context\":\"https:\\\/\\\/schema.org\",\"@graph\":[{\"@type\":\"NewsArticle\",\"@id\":\"https:\\\/\\\/canfali.com\\\/ca-es\\\/el-nuevo-servicio-ora-calp-permitir-estacionar-a-travs-del-mvil-sin-utilizar-el-parqumetro-2\\\/#article\",\"isPartOf\":{\"@id\":\"https:\\\/\\\/canfali.com\\\/ca-es\\\/el-nuevo-servicio-ora-calp-permitir-estacionar-a-travs-del-mvil-sin-utilizar-el-parqumetro-2\\\/\"},\"author\":{\"name\":\"Alex\",\"@id\":\"https:\\\/\\\/canfali.com\\\/ca-es\\\/#\\\/schema\\\/person\\\/25dd7e79206e119c02d489a3b67ca83d\"},\"headline\":\"El nou servei ORA Calp permetr\u00e0 estacionar a trav\u00e9s del m\u00f2bil i sense utilitzar el parqu\u00edmetre\",\"datePublished\":\"2020-07-30T07:59:57+00:00\",\"dateModified\":\"2025-02-25T09:27:35+00:00\",\"mainEntityOfPage\":{\"@id\":\"https:\\\/\\\/canfali.com\\\/ca-es\\\/el-nuevo-servicio-ora-calp-permitir-estacionar-a-travs-del-mvil-sin-utilizar-el-parqumetro-2\\\/\"},\"wordCount\":606,\"commentCount\":0,\"publisher\":{\"@id\":\"https:\\\/\\\/canfali.com\\\/ca-es\\\/#organization\"},\"image\":{\"@id\":\"https:\\\/\\\/canfali.com\\\/ca-es\\\/el-nuevo-servicio-ora-calp-permitir-estacionar-a-travs-del-mvil-sin-utilizar-el-parqumetro-2\\\/#primaryimage\"},\"thumbnailUrl\":\"https:\\\/\\\/canfali.com\\\/app\\\/uploads\\\/2025\\\/02\\\/7180aff6b75eddfa80a63edf80c730af.jpg\",\"articleSection\":[\"Econom\u00eda y Empresas\"],\"inLanguage\":\"va-ES\",\"potentialAction\":[{\"@type\":\"CommentAction\",\"name\":\"Comment\",\"target\":[\"https:\\\/\\\/canfali.com\\\/ca-es\\\/el-nuevo-servicio-ora-calp-permitir-estacionar-a-travs-del-mvil-sin-utilizar-el-parqumetro-2\\\/#respond\"]}],\"copyrightYear\":\"2020\",\"copyrightHolder\":{\"@id\":\"https:\\\/\\\/canfali.com\\\/#organization\"}},{\"@type\":\"WebPage\",\"@id\":\"https:\\\/\\\/canfali.com\\\/ca-es\\\/el-nuevo-servicio-ora-calp-permitir-estacionar-a-travs-del-mvil-sin-utilizar-el-parqumetro-2\\\/\",\"url\":\"https:\\\/\\\/canfali.com\\\/ca-es\\\/el-nuevo-servicio-ora-calp-permitir-estacionar-a-travs-del-mvil-sin-utilizar-el-parqumetro-2\\\/\",\"name\":\"El nou servei ORA Calp permetr\u00e0 estacionar a trav\u00e9s del m\u00f2bil i sense utilitzar el parqu\u00edmetre - Canfali\",\"isPartOf\":{\"@id\":\"https:\\\/\\\/canfali.com\\\/ca-es\\\/#website\"},\"primaryImageOfPage\":{\"@id\":\"https:\\\/\\\/canfali.com\\\/ca-es\\\/el-nuevo-servicio-ora-calp-permitir-estacionar-a-travs-del-mvil-sin-utilizar-el-parqumetro-2\\\/#primaryimage\"},\"image\":{\"@id\":\"https:\\\/\\\/canfali.com\\\/ca-es\\\/el-nuevo-servicio-ora-calp-permitir-estacionar-a-travs-del-mvil-sin-utilizar-el-parqumetro-2\\\/#primaryimage\"},\"thumbnailUrl\":\"https:\\\/\\\/canfali.com\\\/app\\\/uploads\\\/2025\\\/02\\\/7180aff6b75eddfa80a63edf80c730af.jpg\",\"datePublished\":\"2020-07-30T07:59:57+00:00\",\"dateModified\":\"2025-02-25T09:27:35+00:00\",\"breadcrumb\":{\"@id\":\"https:\\\/\\\/canfali.com\\\/ca-es\\\/el-nuevo-servicio-ora-calp-permitir-estacionar-a-travs-del-mvil-sin-utilizar-el-parqumetro-2\\\/#breadcrumb\"},\"inLanguage\":\"va-ES\",\"potentialAction\":[{\"@type\":\"ReadAction\",\"target\":[\"https:\\\/\\\/canfali.com\\\/ca-es\\\/el-nuevo-servicio-ora-calp-permitir-estacionar-a-travs-del-mvil-sin-utilizar-el-parqumetro-2\\\/\"]}]},{\"@type\":\"ImageObject\",\"inLanguage\":\"va-ES\",\"@id\":\"https:\\\/\\\/canfali.com\\\/ca-es\\\/el-nuevo-servicio-ora-calp-permitir-estacionar-a-travs-del-mvil-sin-utilizar-el-parqumetro-2\\\/#primaryimage\",\"url\":\"https:\\\/\\\/canfali.com\\\/app\\\/uploads\\\/2025\\\/02\\\/7180aff6b75eddfa80a63edf80c730af.jpg\",\"contentUrl\":\"https:\\\/\\\/canfali.com\\\/app\\\/uploads\\\/2025\\\/02\\\/7180aff6b75eddfa80a63edf80c730af.jpg\",\"width\":960,\"height\":675},{\"@type\":\"BreadcrumbList\",\"@id\":\"https:\\\/\\\/canfali.com\\\/ca-es\\\/el-nuevo-servicio-ora-calp-permitir-estacionar-a-travs-del-mvil-sin-utilizar-el-parqumetro-2\\\/#breadcrumb\",\"itemListElement\":[{\"@type\":\"ListItem\",\"position\":1,\"name\":\"Portada\",\"item\":\"https:\\\/\\\/canfali.com\\\/ca-es\\\/\"},{\"@type\":\"ListItem\",\"position\":2,\"name\":\"El nou servei ORA Calp permetr\u00e0 estacionar a trav\u00e9s del m\u00f2bil i sense utilitzar el parqu\u00edmetre\"}]},{\"@type\":\"WebSite\",\"@id\":\"https:\\\/\\\/canfali.com\\\/ca-es\\\/#website\",\"url\":\"https:\\\/\\\/canfali.com\\\/ca-es\\\/\",\"name\":\"Canfali\",\"description\":\"\",\"publisher\":{\"@id\":\"https:\\\/\\\/canfali.com\\\/ca-es\\\/#organization\"},\"potentialAction\":[{\"@type\":\"SearchAction\",\"target\":{\"@type\":\"EntryPoint\",\"urlTemplate\":\"https:\\\/\\\/canfali.com\\\/ca-es\\\/?s={search_term_string}\"},\"query-input\":{\"@type\":\"PropertyValueSpecification\",\"valueRequired\":true,\"valueName\":\"search_term_string\"}}],\"inLanguage\":\"va-ES\"},{\"@type\":\"Organization\",\"@id\":\"https:\\\/\\\/canfali.com\\\/ca-es\\\/#organization\",\"name\":\"Canfali\",\"url\":\"https:\\\/\\\/canfali.com\\\/ca-es\\\/\",\"logo\":{\"@type\":\"ImageObject\",\"inLanguage\":\"va-ES\",\"@id\":\"https:\\\/\\\/canfali.com\\\/ca-es\\\/#\\\/schema\\\/logo\\\/image\\\/\",\"url\":\"https:\\\/\\\/canfali.com\\\/app\\\/uploads\\\/2025\\\/12\\\/canfali_marina_alta_logo.png\",\"contentUrl\":\"https:\\\/\\\/canfali.com\\\/app\\\/uploads\\\/2025\\\/12\\\/canfali_marina_alta_logo.png\",\"width\":225,\"height\":225,\"caption\":\"Canfali\"},\"image\":{\"@id\":\"https:\\\/\\\/canfali.com\\\/ca-es\\\/#\\\/schema\\\/logo\\\/image\\\/\"},\"sameAs\":[\"https:\\\/\\\/es-es.facebook.com\\\/CANFALIMarinaAlta\",\"https:\\\/\\\/x.com\\\/canfalima\",\"https:\\\/\\\/www.instagram.com\\\/canfalimarinaalta\\\/\"]},{\"@type\":\"Person\",\"@id\":\"https:\\\/\\\/canfali.com\\\/ca-es\\\/#\\\/schema\\\/person\\\/25dd7e79206e119c02d489a3b67ca83d\",\"name\":\"Alex\",\"image\":{\"@type\":\"ImageObject\",\"inLanguage\":\"va-ES\",\"@id\":\"https:\\\/\\\/secure.gravatar.com\\\/avatar\\\/98bd9e8345af882c94b4d49db053494ffab4b0a9ca408823ad3dbaf04d352f02?s=96&d=mm&r=g\",\"url\":\"https:\\\/\\\/secure.gravatar.com\\\/avatar\\\/98bd9e8345af882c94b4d49db053494ffab4b0a9ca408823ad3dbaf04d352f02?s=96&d=mm&r=g\",\"contentUrl\":\"https:\\\/\\\/secure.gravatar.com\\\/avatar\\\/98bd9e8345af882c94b4d49db053494ffab4b0a9ca408823ad3dbaf04d352f02?s=96&d=mm&r=g\",\"caption\":\"Alex\"},\"url\":\"https:\\\/\\\/canfali.com\\\/ca-es\\\/author\\\/alex\\\/\"}]}<\/script>\n<!-- \/ Yoast SEO Premium plugin. -->","yoast_head_json":{"title":"El nou servei ORA Calp permetr\u00e0 estacionar a trav\u00e9s del m\u00f2bil i sense utilitzar el parqu\u00edmetre - Canfali","robots":{"index":"index","follow":"follow","max-snippet":"max-snippet:-1","max-image-preview":"max-image-preview:large","max-video-preview":"max-video-preview:-1"},"canonical":"https:\/\/canfali.com\/ca-es\/el-nuevo-servicio-ora-calp-permitir-estacionar-a-travs-del-mvil-sin-utilizar-el-parqumetro-2\/","og_locale":"en_US","og_type":"article","og_title":"El nou servei ORA Calp permetr\u00e0 estacionar a trav\u00e9s del m\u00f2bil i sense utilitzar el parqu\u00edmetre","og_description":"L&#39;empresa Pavapark ha incorporat novetats tecnol&ograve;giques per a donar major facilitat als usuaris.&nbsp; &nbsp; L&#39;Ajuntament de Calp torna&hellip;","og_url":"https:\/\/canfali.com\/ca-es\/el-nuevo-servicio-ora-calp-permitir-estacionar-a-travs-del-mvil-sin-utilizar-el-parqumetro-2\/","og_site_name":"Canfali","article_publisher":"https:\/\/es-es.facebook.com\/CANFALIMarinaAlta","article_published_time":"2020-07-30T07:59:57+00:00","article_modified_time":"2025-02-25T09:27:35+00:00","og_image":[{"width":960,"height":675,"url":"https:\/\/canfali.com\/app\/uploads\/2025\/02\/7180aff6b75eddfa80a63edf80c730af.jpg","type":"image\/jpeg"}],"author":"Alex","twitter_card":"summary_large_image","twitter_creator":"@canfalima","twitter_site":"@canfalima","twitter_misc":{"Written by":"Alex","Est. reading time":"3 minutes"},"schema":{"@context":"https:\/\/schema.org","@graph":[{"@type":"NewsArticle","@id":"https:\/\/canfali.com\/ca-es\/el-nuevo-servicio-ora-calp-permitir-estacionar-a-travs-del-mvil-sin-utilizar-el-parqumetro-2\/#article","isPartOf":{"@id":"https:\/\/canfali.com\/ca-es\/el-nuevo-servicio-ora-calp-permitir-estacionar-a-travs-del-mvil-sin-utilizar-el-parqumetro-2\/"},"author":{"name":"Alex","@id":"https:\/\/canfali.com\/ca-es\/#\/schema\/person\/25dd7e79206e119c02d489a3b67ca83d"},"headline":"El nou servei ORA Calp permetr\u00e0 estacionar a trav\u00e9s del m\u00f2bil i sense utilitzar el parqu\u00edmetre","datePublished":"2020-07-30T07:59:57+00:00","dateModified":"2025-02-25T09:27:35+00:00","mainEntityOfPage":{"@id":"https:\/\/canfali.com\/ca-es\/el-nuevo-servicio-ora-calp-permitir-estacionar-a-travs-del-mvil-sin-utilizar-el-parqumetro-2\/"},"wordCount":606,"commentCount":0,"publisher":{"@id":"https:\/\/canfali.com\/ca-es\/#organization"},"image":{"@id":"https:\/\/canfali.com\/ca-es\/el-nuevo-servicio-ora-calp-permitir-estacionar-a-travs-del-mvil-sin-utilizar-el-parqumetro-2\/#primaryimage"},"thumbnailUrl":"https:\/\/canfali.com\/app\/uploads\/2025\/02\/7180aff6b75eddfa80a63edf80c730af.jpg","articleSection":["Econom\u00eda y Empresas"],"inLanguage":"va-ES","potentialAction":[{"@type":"CommentAction","name":"Comment","target":["https:\/\/canfali.com\/ca-es\/el-nuevo-servicio-ora-calp-permitir-estacionar-a-travs-del-mvil-sin-utilizar-el-parqumetro-2\/#respond"]}],"copyrightYear":"2020","copyrightHolder":{"@id":"https:\/\/canfali.com\/#organization"}},{"@type":"WebPage","@id":"https:\/\/canfali.com\/ca-es\/el-nuevo-servicio-ora-calp-permitir-estacionar-a-travs-del-mvil-sin-utilizar-el-parqumetro-2\/","url":"https:\/\/canfali.com\/ca-es\/el-nuevo-servicio-ora-calp-permitir-estacionar-a-travs-del-mvil-sin-utilizar-el-parqumetro-2\/","name":"El nou servei ORA Calp permetr\u00e0 estacionar a trav\u00e9s del m\u00f2bil i sense utilitzar el parqu\u00edmetre - Canfali","isPartOf":{"@id":"https:\/\/canfali.com\/ca-es\/#website"},"primaryImageOfPage":{"@id":"https:\/\/canfali.com\/ca-es\/el-nuevo-servicio-ora-calp-permitir-estacionar-a-travs-del-mvil-sin-utilizar-el-parqumetro-2\/#primaryimage"},"image":{"@id":"https:\/\/canfali.com\/ca-es\/el-nuevo-servicio-ora-calp-permitir-estacionar-a-travs-del-mvil-sin-utilizar-el-parqumetro-2\/#primaryimage"},"thumbnailUrl":"https:\/\/canfali.com\/app\/uploads\/2025\/02\/7180aff6b75eddfa80a63edf80c730af.jpg","datePublished":"2020-07-30T07:59:57+00:00","dateModified":"2025-02-25T09:27:35+00:00","breadcrumb":{"@id":"https:\/\/canfali.com\/ca-es\/el-nuevo-servicio-ora-calp-permitir-estacionar-a-travs-del-mvil-sin-utilizar-el-parqumetro-2\/#breadcrumb"},"inLanguage":"va-ES","potentialAction":[{"@type":"ReadAction","target":["https:\/\/canfali.com\/ca-es\/el-nuevo-servicio-ora-calp-permitir-estacionar-a-travs-del-mvil-sin-utilizar-el-parqumetro-2\/"]}]},{"@type":"ImageObject","inLanguage":"va-ES","@id":"https:\/\/canfali.com\/ca-es\/el-nuevo-servicio-ora-calp-permitir-estacionar-a-travs-del-mvil-sin-utilizar-el-parqumetro-2\/#primaryimage","url":"https:\/\/canfali.com\/app\/uploads\/2025\/02\/7180aff6b75eddfa80a63edf80c730af.jpg","contentUrl":"https:\/\/canfali.com\/app\/uploads\/2025\/02\/7180aff6b75eddfa80a63edf80c730af.jpg","width":960,"height":675},{"@type":"BreadcrumbList","@id":"https:\/\/canfali.com\/ca-es\/el-nuevo-servicio-ora-calp-permitir-estacionar-a-travs-del-mvil-sin-utilizar-el-parqumetro-2\/#breadcrumb","itemListElement":[{"@type":"ListItem","position":1,"name":"Portada","item":"https:\/\/canfali.com\/ca-es\/"},{"@type":"ListItem","position":2,"name":"El nou servei ORA Calp permetr\u00e0 estacionar a trav\u00e9s del m\u00f2bil i sense utilitzar el parqu\u00edmetre"}]},{"@type":"WebSite","@id":"https:\/\/canfali.com\/ca-es\/#website","url":"https:\/\/canfali.com\/ca-es\/","name":"Canfali","description":"","publisher":{"@id":"https:\/\/canfali.com\/ca-es\/#organization"},"potentialAction":[{"@type":"SearchAction","target":{"@type":"EntryPoint","urlTemplate":"https:\/\/canfali.com\/ca-es\/?s={search_term_string}"},"query-input":{"@type":"PropertyValueSpecification","valueRequired":true,"valueName":"search_term_string"}}],"inLanguage":"va-ES"},{"@type":"Organization","@id":"https:\/\/canfali.com\/ca-es\/#organization","name":"Canfali","url":"https:\/\/canfali.com\/ca-es\/","logo":{"@type":"ImageObject","inLanguage":"va-ES","@id":"https:\/\/canfali.com\/ca-es\/#\/schema\/logo\/image\/","url":"https:\/\/canfali.com\/app\/uploads\/2025\/12\/canfali_marina_alta_logo.png","contentUrl":"https:\/\/canfali.com\/app\/uploads\/2025\/12\/canfali_marina_alta_logo.png","width":225,"height":225,"caption":"Canfali"},"image":{"@id":"https:\/\/canfali.com\/ca-es\/#\/schema\/logo\/image\/"},"sameAs":["https:\/\/es-es.facebook.com\/CANFALIMarinaAlta","https:\/\/x.com\/canfalima","https:\/\/www.instagram.com\/canfalimarinaalta\/"]},{"@type":"Person","@id":"https:\/\/canfali.com\/ca-es\/#\/schema\/person\/25dd7e79206e119c02d489a3b67ca83d","name":"Alex","image":{"@type":"ImageObject","inLanguage":"va-ES","@id":"https:\/\/secure.gravatar.com\/avatar\/98bd9e8345af882c94b4d49db053494ffab4b0a9ca408823ad3dbaf04d352f02?s=96&d=mm&r=g","url":"https:\/\/secure.gravatar.com\/avatar\/98bd9e8345af882c94b4d49db053494ffab4b0a9ca408823ad3dbaf04d352f02?s=96&d=mm&r=g","contentUrl":"https:\/\/secure.gravatar.com\/avatar\/98bd9e8345af882c94b4d49db053494ffab4b0a9ca408823ad3dbaf04d352f02?s=96&d=mm&r=g","caption":"Alex"},"url":"https:\/\/canfali.com\/ca-es\/author\/alex\/"}]}},"_links":{"self":[{"href":"https:\/\/canfali.com\/ca-es\/wp-json\/wp\/v2\/posts\/42674","targetHints":{"allow":["GET"]}}],"collection":[{"href":"https:\/\/canfali.com\/ca-es\/wp-json\/wp\/v2\/posts"}],"about":[{"href":"https:\/\/canfali.com\/ca-es\/wp-json\/wp\/v2\/types\/post"}],"author":[{"embeddable":true,"href":"https:\/\/canfali.com\/ca-es\/wp-json\/wp\/v2\/users\/2"}],"replies":[{"embeddable":true,"href":"https:\/\/canfali.com\/ca-es\/wp-json\/wp\/v2\/comments?post=42674"}],"version-history":[{"count":0,"href":"https:\/\/canfali.com\/ca-es\/wp-json\/wp\/v2\/posts\/42674\/revisions"}],"wp:featuredmedia":[{"embeddable":true,"href":"https:\/\/canfali.com\/ca-es\/wp-json\/wp\/v2\/media\/25596"}],"wp:attachment":[{"href":"https:\/\/canfali.com\/ca-es\/wp-json\/wp\/v2\/media?parent=42674"}],"wp:term":[{"taxonomy":"category","embeddable":true,"href":"https:\/\/canfali.com\/ca-es\/wp-json\/wp\/v2\/categories?post=42674"},{"taxonomy":"post_tag","embeddable":true,"href":"https:\/\/canfali.com\/ca-es\/wp-json\/wp\/v2\/tags?post=42674"}],"curies":[{"name":"wp","href":"https:\/\/api.w.org\/{rel}","templated":true}]}}