{"id":111373,"date":"2026-09-04T14:16:38","date_gmt":"2026-09-04T12:16:38","guid":{"rendered":"https:\/\/canfali.com\/tercera-ffcv-marina-alta-i-marina-baixa-comparteixen-un-grup-12-plagat-de-filials\/"},"modified":"2026-09-04T14:18:43","modified_gmt":"2026-09-04T12:18:43","slug":"tercera-ffcv-marina-alta-i-marina-baixa-comparteixen-un-grup-12-plagat-de-filials","status":"publish","type":"post","link":"https:\/\/canfali.com\/ca-es\/tercera-ffcv-marina-alta-i-marina-baixa-comparteixen-un-grup-12-plagat-de-filials\/","title":{"rendered":"Tercera\u00a0FFCV: Marina Alta i Marina Baixa comparteixen un grup 12 plagat de filials"},"content":{"rendered":"\n<p class=\"wp-block-paragraph\">La Tercera FFCV arrancar\u00e0 esta temporada amb una important novetat per al futbol comarcal: tots els equips de la Marina Alta competiran en el mateix grup, el 12, junt amb representants de la Marina Baixa i amb una notable pres\u00e8ncia d\u2019equips filials.&#13;\n<\/p>\n\n<p class=\"wp-block-paragraph\">La primera jornada oferir\u00e0 diversos enfrontaments directes entre conjunts de les dos comarques. El Pedreguer visitar\u00e0 l\u2019Altea B, mentre que el Benissa B es despla\u00e7ar\u00e0 al camp del Benidorm B. El Pego B rebr\u00e0 l\u2019Atl\u00e8tic Callosa i el Beniarbeig es mesurar\u00e0 a casa amb el Teulada B.&#13;\n<\/p>\n\n<p class=\"wp-block-paragraph\">Per la seua part, el D\u00e9nia B debutar\u00e0 com a local davant l\u2019Sporting Benidorm i l\u2019Ondarense visitar\u00e0 el Campello B. Completen la jornada el Monnegre-Ol\u00edmpic Sant Joan i La Nucia B-Jonense B.&#13;\n<\/p>\n\n<p class=\"wp-block-paragraph\">El grup presenta aix\u00ed una marcada pres\u00e8ncia de filials, amb sis equips B entre els 16 participants, i garanteix una temporada amb nombrosos duels de proximitat per als representants de la Marina Alta i la Marina Baixa.&#13;\n<\/p>\n","protected":false},"excerpt":{"rendered":"La Tercera FFCV arrancar\u00e0 esta temporada amb una important novetat per al futbol comarcal: tots els equips de&hellip;","protected":false},"author":8,"featured_media":111370,"comment_status":"closed","ping_status":"open","sticky":false,"template":"","format":"standard","meta":{"csco_display_header_overlay":false,"csco_singular_sidebar":"","csco_page_header_type":"","csco_page_load_nextpost":"","csco_post_video_location":[],"csco_post_video_location_hash":"","csco_post_video_url":"","csco_post_video_bg_start_time":0,"csco_post_video_bg_end_time":0,"footnotes":""},"categories":[573,598,601],"tags":[],"poblacion":[],"class_list":["post-111373","post","type-post","status-publish","format-standard","has-post-thumbnail","category-deportes-2","category-esports","category-futbol-ca-es","cs-entry","cs-video-wrap"],"yoast_head":"<!-- This site is optimized with the Yoast SEO Premium plugin v26.6 (Yoast SEO v27.3) - https:\/\/yoast.com\/product\/yoast-seo-premium-wordpress\/ -->\n<title>Tercera\u00a0FFCV: Marina Alta i Marina Baixa comparteixen un grup 12 plagat de filials - Canfali<\/title>\n<meta name=\"description\" content=\"Tots els equips de la Marina Alta i Marina Baixa competiran en el mateix grup XII de la Tercera FFCV aquesta temporada\" \/>\n<meta name=\"robots\" content=\"index, follow, max-snippet:-1, max-image-preview:large, max-video-preview:-1\" \/>\n<link rel=\"canonical\" href=\"https:\/\/canfali.com\/ca-es\/tercera-ffcv-marina-alta-i-marina-baixa-comparteixen-un-grup-12-plagat-de-filials\/\" \/>\n<meta property=\"og:locale\" content=\"en_US\" \/>\n<meta property=\"og:type\" content=\"article\" \/>\n<meta property=\"og:title\" content=\"Tercera\u00a0FFCV: Marina Alta i Marina Baixa comparteixen un grup 12 plagat de filials\" \/>\n<meta property=\"og:description\" content=\"Tots els equips de la Marina Alta i Marina Baixa competiran en el mateix grup XII de la Tercera FFCV aquesta temporada\" \/>\n<meta property=\"og:url\" content=\"https:\/\/canfali.com\/ca-es\/tercera-ffcv-marina-alta-i-marina-baixa-comparteixen-un-grup-12-plagat-de-filials\/\" \/>\n<meta property=\"og:site_name\" content=\"Canfali\" \/>\n<meta property=\"article:publisher\" content=\"https:\/\/es-es.facebook.com\/CANFALIMarinaAlta\" \/>\n<meta property=\"article:published_time\" content=\"2026-09-04T12:16:38+00:00\" \/>\n<meta property=\"article:modified_time\" content=\"2026-09-04T12:18:43+00:00\" \/>\n<meta property=\"og:image\" content=\"https:\/\/canfali.com\/app\/uploads\/2026\/09\/8beniarbeig-1-scaled.png\" \/>\n\t<meta property=\"og:image:width\" content=\"1024\" \/>\n\t<meta property=\"og:image:height\" content=\"683\" \/>\n\t<meta property=\"og:image:type\" content=\"image\/png\" \/>\n<meta name=\"author\" content=\"Lluis\" \/>\n<meta name=\"twitter:card\" content=\"summary_large_image\" \/>\n<meta name=\"twitter:creator\" content=\"@canfalima\" \/>\n<meta name=\"twitter:site\" content=\"@canfalima\" \/>\n<meta name=\"twitter:label1\" content=\"Written by\" \/>\n\t<meta name=\"twitter:data1\" content=\"Lluis\" \/>\n\t<meta name=\"twitter:label2\" content=\"Est. reading time\" \/>\n\t<meta name=\"twitter:data2\" content=\"1 minute\" \/>\n<script type=\"application\/ld+json\" class=\"yoast-schema-graph\">{\"@context\":\"https:\\\/\\\/schema.org\",\"@graph\":[{\"@type\":\"NewsArticle\",\"@id\":\"https:\\\/\\\/canfali.com\\\/ca-es\\\/tercera-ffcv-marina-alta-i-marina-baixa-comparteixen-un-grup-12-plagat-de-filials\\\/#article\",\"isPartOf\":{\"@id\":\"https:\\\/\\\/canfali.com\\\/ca-es\\\/tercera-ffcv-marina-alta-i-marina-baixa-comparteixen-un-grup-12-plagat-de-filials\\\/\"},\"author\":{\"name\":\"Lluis\",\"@id\":\"https:\\\/\\\/canfali.com\\\/ca-es\\\/#\\\/schema\\\/person\\\/f540a86fb33e10daaae53c59ceaa1194\"},\"headline\":\"Tercera\u00a0FFCV: Marina Alta i Marina Baixa comparteixen un grup 12 plagat de filials\",\"datePublished\":\"2026-09-04T12:16:38+00:00\",\"dateModified\":\"2026-09-04T12:18:43+00:00\",\"mainEntityOfPage\":{\"@id\":\"https:\\\/\\\/canfali.com\\\/ca-es\\\/tercera-ffcv-marina-alta-i-marina-baixa-comparteixen-un-grup-12-plagat-de-filials\\\/\"},\"wordCount\":180,\"publisher\":{\"@id\":\"https:\\\/\\\/canfali.com\\\/ca-es\\\/#organization\"},\"image\":{\"@id\":\"https:\\\/\\\/canfali.com\\\/ca-es\\\/tercera-ffcv-marina-alta-i-marina-baixa-comparteixen-un-grup-12-plagat-de-filials\\\/#primaryimage\"},\"thumbnailUrl\":\"https:\\\/\\\/canfali.com\\\/app\\\/uploads\\\/2026\\\/09\\\/8beniarbeig-1-scaled.png\",\"articleSection\":[\"Deportes\",\"Esports\",\"Futbol\"],\"inLanguage\":\"va-ES\",\"copyrightYear\":\"2026\",\"copyrightHolder\":{\"@id\":\"https:\\\/\\\/canfali.com\\\/#organization\"}},{\"@type\":\"WebPage\",\"@id\":\"https:\\\/\\\/canfali.com\\\/ca-es\\\/tercera-ffcv-marina-alta-i-marina-baixa-comparteixen-un-grup-12-plagat-de-filials\\\/\",\"url\":\"https:\\\/\\\/canfali.com\\\/ca-es\\\/tercera-ffcv-marina-alta-i-marina-baixa-comparteixen-un-grup-12-plagat-de-filials\\\/\",\"name\":\"Tercera\u00a0FFCV: Marina Alta i Marina Baixa comparteixen un grup 12 plagat de filials - Canfali\",\"isPartOf\":{\"@id\":\"https:\\\/\\\/canfali.com\\\/ca-es\\\/#website\"},\"primaryImageOfPage\":{\"@id\":\"https:\\\/\\\/canfali.com\\\/ca-es\\\/tercera-ffcv-marina-alta-i-marina-baixa-comparteixen-un-grup-12-plagat-de-filials\\\/#primaryimage\"},\"image\":{\"@id\":\"https:\\\/\\\/canfali.com\\\/ca-es\\\/tercera-ffcv-marina-alta-i-marina-baixa-comparteixen-un-grup-12-plagat-de-filials\\\/#primaryimage\"},\"thumbnailUrl\":\"https:\\\/\\\/canfali.com\\\/app\\\/uploads\\\/2026\\\/09\\\/8beniarbeig-1-scaled.png\",\"datePublished\":\"2026-09-04T12:16:38+00:00\",\"dateModified\":\"2026-09-04T12:18:43+00:00\",\"description\":\"Tots els equips de la Marina Alta i Marina Baixa competiran en el mateix grup XII de la Tercera FFCV aquesta temporada\",\"breadcrumb\":{\"@id\":\"https:\\\/\\\/canfali.com\\\/ca-es\\\/tercera-ffcv-marina-alta-i-marina-baixa-comparteixen-un-grup-12-plagat-de-filials\\\/#breadcrumb\"},\"inLanguage\":\"va-ES\",\"potentialAction\":[{\"@type\":\"ReadAction\",\"target\":[\"https:\\\/\\\/canfali.com\\\/ca-es\\\/tercera-ffcv-marina-alta-i-marina-baixa-comparteixen-un-grup-12-plagat-de-filials\\\/\"]}]},{\"@type\":\"ImageObject\",\"inLanguage\":\"va-ES\",\"@id\":\"https:\\\/\\\/canfali.com\\\/ca-es\\\/tercera-ffcv-marina-alta-i-marina-baixa-comparteixen-un-grup-12-plagat-de-filials\\\/#primaryimage\",\"url\":\"https:\\\/\\\/canfali.com\\\/app\\\/uploads\\\/2026\\\/09\\\/8beniarbeig-1-scaled.png\",\"contentUrl\":\"https:\\\/\\\/canfali.com\\\/app\\\/uploads\\\/2026\\\/09\\\/8beniarbeig-1-scaled.png\",\"width\":3744,\"height\":2496},{\"@type\":\"BreadcrumbList\",\"@id\":\"https:\\\/\\\/canfali.com\\\/ca-es\\\/tercera-ffcv-marina-alta-i-marina-baixa-comparteixen-un-grup-12-plagat-de-filials\\\/#breadcrumb\",\"itemListElement\":[{\"@type\":\"ListItem\",\"position\":1,\"name\":\"Portada\",\"item\":\"https:\\\/\\\/canfali.com\\\/ca-es\\\/\"},{\"@type\":\"ListItem\",\"position\":2,\"name\":\"Tercera\u00a0FFCV: Marina Alta i Marina Baixa comparteixen un grup 12 plagat de filials\"}]},{\"@type\":\"WebSite\",\"@id\":\"https:\\\/\\\/canfali.com\\\/ca-es\\\/#website\",\"url\":\"https:\\\/\\\/canfali.com\\\/ca-es\\\/\",\"name\":\"Canfali\",\"description\":\"\",\"publisher\":{\"@id\":\"https:\\\/\\\/canfali.com\\\/ca-es\\\/#organization\"},\"potentialAction\":[{\"@type\":\"SearchAction\",\"target\":{\"@type\":\"EntryPoint\",\"urlTemplate\":\"https:\\\/\\\/canfali.com\\\/ca-es\\\/?s={search_term_string}\"},\"query-input\":{\"@type\":\"PropertyValueSpecification\",\"valueRequired\":true,\"valueName\":\"search_term_string\"}}],\"inLanguage\":\"va-ES\"},{\"@type\":\"Organization\",\"@id\":\"https:\\\/\\\/canfali.com\\\/ca-es\\\/#organization\",\"name\":\"Canfali\",\"url\":\"https:\\\/\\\/canfali.com\\\/ca-es\\\/\",\"logo\":{\"@type\":\"ImageObject\",\"inLanguage\":\"va-ES\",\"@id\":\"https:\\\/\\\/canfali.com\\\/ca-es\\\/#\\\/schema\\\/logo\\\/image\\\/\",\"url\":\"https:\\\/\\\/canfali.com\\\/app\\\/uploads\\\/2025\\\/12\\\/canfali_marina_alta_logo.png\",\"contentUrl\":\"https:\\\/\\\/canfali.com\\\/app\\\/uploads\\\/2025\\\/12\\\/canfali_marina_alta_logo.png\",\"width\":225,\"height\":225,\"caption\":\"Canfali\"},\"image\":{\"@id\":\"https:\\\/\\\/canfali.com\\\/ca-es\\\/#\\\/schema\\\/logo\\\/image\\\/\"},\"sameAs\":[\"https:\\\/\\\/es-es.facebook.com\\\/CANFALIMarinaAlta\",\"https:\\\/\\\/x.com\\\/canfalima\",\"https:\\\/\\\/www.instagram.com\\\/canfalimarinaalta\\\/\"]},{\"@type\":\"Person\",\"@id\":\"https:\\\/\\\/canfali.com\\\/ca-es\\\/#\\\/schema\\\/person\\\/f540a86fb33e10daaae53c59ceaa1194\",\"name\":\"Lluis\",\"image\":{\"@type\":\"ImageObject\",\"inLanguage\":\"va-ES\",\"@id\":\"https:\\\/\\\/secure.gravatar.com\\\/avatar\\\/a21ec8835290e4e02ed0886b8cb327d807d0eb6ec8ccf25d4c2a0a415f506c0d?s=96&d=mm&r=g\",\"url\":\"https:\\\/\\\/secure.gravatar.com\\\/avatar\\\/a21ec8835290e4e02ed0886b8cb327d807d0eb6ec8ccf25d4c2a0a415f506c0d?s=96&d=mm&r=g\",\"contentUrl\":\"https:\\\/\\\/secure.gravatar.com\\\/avatar\\\/a21ec8835290e4e02ed0886b8cb327d807d0eb6ec8ccf25d4c2a0a415f506c0d?s=96&d=mm&r=g\",\"caption\":\"Lluis\"},\"url\":\"https:\\\/\\\/canfali.com\\\/ca-es\\\/author\\\/lluis\\\/\"}]}<\/script>\n<!-- \/ Yoast SEO Premium plugin. -->","yoast_head_json":{"title":"Tercera\u00a0FFCV: Marina Alta i Marina Baixa comparteixen un grup 12 plagat de filials - Canfali","description":"Tots els equips de la Marina Alta i Marina Baixa competiran en el mateix grup XII de la Tercera FFCV aquesta temporada","robots":{"index":"index","follow":"follow","max-snippet":"max-snippet:-1","max-image-preview":"max-image-preview:large","max-video-preview":"max-video-preview:-1"},"canonical":"https:\/\/canfali.com\/ca-es\/tercera-ffcv-marina-alta-i-marina-baixa-comparteixen-un-grup-12-plagat-de-filials\/","og_locale":"en_US","og_type":"article","og_title":"Tercera\u00a0FFCV: Marina Alta i Marina Baixa comparteixen un grup 12 plagat de filials","og_description":"Tots els equips de la Marina Alta i Marina Baixa competiran en el mateix grup XII de la Tercera FFCV aquesta temporada","og_url":"https:\/\/canfali.com\/ca-es\/tercera-ffcv-marina-alta-i-marina-baixa-comparteixen-un-grup-12-plagat-de-filials\/","og_site_name":"Canfali","article_publisher":"https:\/\/es-es.facebook.com\/CANFALIMarinaAlta","article_published_time":"2026-09-04T12:16:38+00:00","article_modified_time":"2026-09-04T12:18:43+00:00","og_image":[{"url":"https:\/\/canfali.com\/app\/uploads\/2026\/09\/8beniarbeig-1-scaled.png","width":1024,"height":683,"type":"image\/png"}],"author":"Lluis","twitter_card":"summary_large_image","twitter_creator":"@canfalima","twitter_site":"@canfalima","twitter_misc":{"Written by":"Lluis","Est. reading time":"1 minute"},"schema":{"@context":"https:\/\/schema.org","@graph":[{"@type":"NewsArticle","@id":"https:\/\/canfali.com\/ca-es\/tercera-ffcv-marina-alta-i-marina-baixa-comparteixen-un-grup-12-plagat-de-filials\/#article","isPartOf":{"@id":"https:\/\/canfali.com\/ca-es\/tercera-ffcv-marina-alta-i-marina-baixa-comparteixen-un-grup-12-plagat-de-filials\/"},"author":{"name":"Lluis","@id":"https:\/\/canfali.com\/ca-es\/#\/schema\/person\/f540a86fb33e10daaae53c59ceaa1194"},"headline":"Tercera\u00a0FFCV: Marina Alta i Marina Baixa comparteixen un grup 12 plagat de filials","datePublished":"2026-09-04T12:16:38+00:00","dateModified":"2026-09-04T12:18:43+00:00","mainEntityOfPage":{"@id":"https:\/\/canfali.com\/ca-es\/tercera-ffcv-marina-alta-i-marina-baixa-comparteixen-un-grup-12-plagat-de-filials\/"},"wordCount":180,"publisher":{"@id":"https:\/\/canfali.com\/ca-es\/#organization"},"image":{"@id":"https:\/\/canfali.com\/ca-es\/tercera-ffcv-marina-alta-i-marina-baixa-comparteixen-un-grup-12-plagat-de-filials\/#primaryimage"},"thumbnailUrl":"https:\/\/canfali.com\/app\/uploads\/2026\/09\/8beniarbeig-1-scaled.png","articleSection":["Deportes","Esports","Futbol"],"inLanguage":"va-ES","copyrightYear":"2026","copyrightHolder":{"@id":"https:\/\/canfali.com\/#organization"}},{"@type":"WebPage","@id":"https:\/\/canfali.com\/ca-es\/tercera-ffcv-marina-alta-i-marina-baixa-comparteixen-un-grup-12-plagat-de-filials\/","url":"https:\/\/canfali.com\/ca-es\/tercera-ffcv-marina-alta-i-marina-baixa-comparteixen-un-grup-12-plagat-de-filials\/","name":"Tercera\u00a0FFCV: Marina Alta i Marina Baixa comparteixen un grup 12 plagat de filials - Canfali","isPartOf":{"@id":"https:\/\/canfali.com\/ca-es\/#website"},"primaryImageOfPage":{"@id":"https:\/\/canfali.com\/ca-es\/tercera-ffcv-marina-alta-i-marina-baixa-comparteixen-un-grup-12-plagat-de-filials\/#primaryimage"},"image":{"@id":"https:\/\/canfali.com\/ca-es\/tercera-ffcv-marina-alta-i-marina-baixa-comparteixen-un-grup-12-plagat-de-filials\/#primaryimage"},"thumbnailUrl":"https:\/\/canfali.com\/app\/uploads\/2026\/09\/8beniarbeig-1-scaled.png","datePublished":"2026-09-04T12:16:38+00:00","dateModified":"2026-09-04T12:18:43+00:00","description":"Tots els equips de la Marina Alta i Marina Baixa competiran en el mateix grup XII de la Tercera FFCV aquesta temporada","breadcrumb":{"@id":"https:\/\/canfali.com\/ca-es\/tercera-ffcv-marina-alta-i-marina-baixa-comparteixen-un-grup-12-plagat-de-filials\/#breadcrumb"},"inLanguage":"va-ES","potentialAction":[{"@type":"ReadAction","target":["https:\/\/canfali.com\/ca-es\/tercera-ffcv-marina-alta-i-marina-baixa-comparteixen-un-grup-12-plagat-de-filials\/"]}]},{"@type":"ImageObject","inLanguage":"va-ES","@id":"https:\/\/canfali.com\/ca-es\/tercera-ffcv-marina-alta-i-marina-baixa-comparteixen-un-grup-12-plagat-de-filials\/#primaryimage","url":"https:\/\/canfali.com\/app\/uploads\/2026\/09\/8beniarbeig-1-scaled.png","contentUrl":"https:\/\/canfali.com\/app\/uploads\/2026\/09\/8beniarbeig-1-scaled.png","width":3744,"height":2496},{"@type":"BreadcrumbList","@id":"https:\/\/canfali.com\/ca-es\/tercera-ffcv-marina-alta-i-marina-baixa-comparteixen-un-grup-12-plagat-de-filials\/#breadcrumb","itemListElement":[{"@type":"ListItem","position":1,"name":"Portada","item":"https:\/\/canfali.com\/ca-es\/"},{"@type":"ListItem","position":2,"name":"Tercera\u00a0FFCV: Marina Alta i Marina Baixa comparteixen un grup 12 plagat de filials"}]},{"@type":"WebSite","@id":"https:\/\/canfali.com\/ca-es\/#website","url":"https:\/\/canfali.com\/ca-es\/","name":"Canfali","description":"","publisher":{"@id":"https:\/\/canfali.com\/ca-es\/#organization"},"potentialAction":[{"@type":"SearchAction","target":{"@type":"EntryPoint","urlTemplate":"https:\/\/canfali.com\/ca-es\/?s={search_term_string}"},"query-input":{"@type":"PropertyValueSpecification","valueRequired":true,"valueName":"search_term_string"}}],"inLanguage":"va-ES"},{"@type":"Organization","@id":"https:\/\/canfali.com\/ca-es\/#organization","name":"Canfali","url":"https:\/\/canfali.com\/ca-es\/","logo":{"@type":"ImageObject","inLanguage":"va-ES","@id":"https:\/\/canfali.com\/ca-es\/#\/schema\/logo\/image\/","url":"https:\/\/canfali.com\/app\/uploads\/2025\/12\/canfali_marina_alta_logo.png","contentUrl":"https:\/\/canfali.com\/app\/uploads\/2025\/12\/canfali_marina_alta_logo.png","width":225,"height":225,"caption":"Canfali"},"image":{"@id":"https:\/\/canfali.com\/ca-es\/#\/schema\/logo\/image\/"},"sameAs":["https:\/\/es-es.facebook.com\/CANFALIMarinaAlta","https:\/\/x.com\/canfalima","https:\/\/www.instagram.com\/canfalimarinaalta\/"]},{"@type":"Person","@id":"https:\/\/canfali.com\/ca-es\/#\/schema\/person\/f540a86fb33e10daaae53c59ceaa1194","name":"Lluis","image":{"@type":"ImageObject","inLanguage":"va-ES","@id":"https:\/\/secure.gravatar.com\/avatar\/a21ec8835290e4e02ed0886b8cb327d807d0eb6ec8ccf25d4c2a0a415f506c0d?s=96&d=mm&r=g","url":"https:\/\/secure.gravatar.com\/avatar\/a21ec8835290e4e02ed0886b8cb327d807d0eb6ec8ccf25d4c2a0a415f506c0d?s=96&d=mm&r=g","contentUrl":"https:\/\/secure.gravatar.com\/avatar\/a21ec8835290e4e02ed0886b8cb327d807d0eb6ec8ccf25d4c2a0a415f506c0d?s=96&d=mm&r=g","caption":"Lluis"},"url":"https:\/\/canfali.com\/ca-es\/author\/lluis\/"}]}},"_links":{"self":[{"href":"https:\/\/canfali.com\/ca-es\/wp-json\/wp\/v2\/posts\/111373","targetHints":{"allow":["GET"]}}],"collection":[{"href":"https:\/\/canfali.com\/ca-es\/wp-json\/wp\/v2\/posts"}],"about":[{"href":"https:\/\/canfali.com\/ca-es\/wp-json\/wp\/v2\/types\/post"}],"author":[{"embeddable":true,"href":"https:\/\/canfali.com\/ca-es\/wp-json\/wp\/v2\/users\/8"}],"replies":[{"embeddable":true,"href":"https:\/\/canfali.com\/ca-es\/wp-json\/wp\/v2\/comments?post=111373"}],"version-history":[{"count":1,"href":"https:\/\/canfali.com\/ca-es\/wp-json\/wp\/v2\/posts\/111373\/revisions"}],"predecessor-version":[{"id":111374,"href":"https:\/\/canfali.com\/ca-es\/wp-json\/wp\/v2\/posts\/111373\/revisions\/111374"}],"wp:featuredmedia":[{"embeddable":true,"href":"https:\/\/canfali.com\/ca-es\/wp-json\/wp\/v2\/media\/111370"}],"wp:attachment":[{"href":"https:\/\/canfali.com\/ca-es\/wp-json\/wp\/v2\/media?parent=111373"}],"wp:term":[{"taxonomy":"category","embeddable":true,"href":"https:\/\/canfali.com\/ca-es\/wp-json\/wp\/v2\/categories?post=111373"},{"taxonomy":"post_tag","embeddable":true,"href":"https:\/\/canfali.com\/ca-es\/wp-json\/wp\/v2\/tags?post=111373"},{"taxonomy":"poblacion","embeddable":true,"href":"https:\/\/canfali.com\/ca-es\/wp-json\/wp\/v2\/poblacion?post=111373"}],"curies":[{"name":"wp","href":"https:\/\/api.w.org\/{rel}","templated":true}]}}