{"id":111339,"date":"2026-09-04T09:32:50","date_gmt":"2026-09-04T07:32:50","guid":{"rendered":"https:\/\/canfali.com\/arriba-la-jornada-viu-larros-mariner-a-els-magazinos\/"},"modified":"2026-09-04T11:20:41","modified_gmt":"2026-09-04T09:20:41","slug":"arriba-la-jornada-viu-larros-mariner-a-els-magazinos","status":"publish","type":"post","link":"https:\/\/canfali.com\/ca-es\/arriba-la-jornada-viu-larros-mariner-a-els-magazinos\/","title":{"rendered":"Arriba la jornada Viu l&#8217;Arr\u00f2s Mariner a Els Magazinos"},"content":{"rendered":"\n<p class=\"wp-block-paragraph\"><\/p>\n\n<blockquote class=\"wp-block-quote is-layout-flow wp-block-quote-is-layout-flow\">\n<h2 id=\"h-habra-actividades-dedicadas-a-la-tradicion-culinaria-del-barrio-de-baix-la-mar-un-almuerzo-y-degustaciones\" class=\"wp-block-heading\">Hi haur\u00e0 activitats dedicades a la tradici\u00f3 culin\u00e0ria del barri de Baix la Mar, un esmorzar i degustacions<\/h2>\n<\/blockquote>\n\n<p class=\"wp-block-paragraph\">&#13;\nEls Magazinos celebrar\u00e0 dissabte que ve 19 la seua tradicional trobada al voltant de l&#8217;arr\u00f2s mariner per a reivindicar este llegat culinari del barri de pescadors Baix la Mar. La quinta edici\u00f3 de Viu l\u2019arr\u00f2s mariner, emmarcada dins del projecte Cuina de Territori i de la m\u00e0 de Cervesa T\u00faria, ser\u00e0 un recorregut gastron\u00f2mic per la identitat de D\u00e9nia i la Marina Alta per a honrar una recepta que \u00e9s molt m\u00e9s que aix\u00f2. L&#8217;arr\u00f2s mariner \u00e9s un plat identitari que naix d&#8217;un territori, d&#8217;una mar, d&#8217;uns pescadors i agricultors, d&#8217;una manera de cuinar que s&#8217;ha transm\u00e9s de generaci\u00f3 en generaci\u00f3.&#13;\n&#13;\n <\/p>\n\n<p class=\"wp-block-paragraph\">Durant una jornada festiva i oberta al p\u00fablic, Els Magazinos recuperar\u00e0 eixa hist\u00f2ria per a portar-la fins a la taula, amb l&#8217;arr\u00f2s com a fil conductor. \u201cViu l\u2019arr\u00f2s mariner\u201d 2026 presa el relleu de les Jornades d&#8217;Arr\u00f2s Mariner, de les quals ja es van celebrar quatre edicions fa ja dos d\u00e8cades, des de 2006, amb Diana i Federico Cervera com a impulsors. Enguany, compta amb la col\u00b7laboraci\u00f3 d&#8217;HostelBe.&#13;\n&#13;\n<\/p>\n\n<p class=\"wp-block-paragraph\"> En esta ocasi\u00f3, el cartell anunciador de la jornada \u00e9s obra de Bonavista Taller, estudi creatiu de les dissenyadores castellonenques J\u00falia Badia i Gl\u00f2ria Esteve, amb un estil molt caracter\u00edstic: colorista, fresc i mediterrani.&#13;\n&#13;\n <\/p>\n\n<p class=\"wp-block-paragraph\">La programaci\u00f3 de Viu l\u2019Arr\u00f2s Mariner 2026 comen\u00e7ar\u00e0 de 10.30 a 12 hores amb la taula redona titulada \u201cL\u2019arr\u00f2s de Baix la Mar\u201d, centrada en la hist\u00f2ria, el territori i la mem\u00f2ria d&#8217;una cuina marinera. La trobada abordar\u00e0 com l&#8217;arr\u00f2s mariner no naix d&#8217;una recepta, sin\u00f3 de la trobada entre un territori d&#8217;arr\u00f2s i de mar, uns pescadors, un barri i una manera de cuinar, i estar\u00e0 moderada per la periodista gastron\u00f2mica Marina Vega.&#13;\n&#13;\n <\/p>\n\n<p class=\"wp-block-paragraph\">Entre els participants de la taula redona es troba Javier Calvo, doctor en Hist\u00f2ria, qui presentar\u00e0 el nou quadern del Nostre Territori, dedicat a la mem\u00f2ria del barri, oferint una mirada a Baix la Mar, a la seua gent i a la relaci\u00f3 hist\u00f2rica entre esta zona, el port, la pesca i la cuina. Tamb\u00e9 participar\u00e0 l&#8217;agricultor Pepe Morera d&#8217;Arr\u00f2s El Segador, de Pego, que representa a la quarta generaci\u00f3 dedicada al cultiu de l&#8217;arr\u00f2s de les varietats Bomba i Bomb\u00f3 amb Denominaci\u00f3 d&#8217;Origen Arr\u00f2s de Val\u00e8ncia.&#13;\n&#13;\n&#13;\n<\/p>\n\n<p class=\"wp-block-paragraph\">  Els pescadors Paco Sala i Alejandro Forrat, de la Barca Troia de la Confraria de D\u00e9nia, participaran com a patr\u00f3 i cuiner respectivament. At\u00e9s que s\u00f3n dels pocs que continuen elaborant a bord l&#8217;arr\u00f2s mariner per al ranxo de la tripulaci\u00f3, explicaran els peixos i mariscos que utilitzen, d&#8217;on ve el nom d&#8217;arr\u00f2s a banda i els secrets dels mariners per a cuinar en alta mar, aportant una conversa des de l&#8217;experi\u00e8ncia dels qui coneixen la mar de primera m\u00e0.&#13;\n&#13;\n&#13;\n<\/p>\n\n<p class=\"wp-block-paragraph\">El panell de ponents inclou aix\u00ed mateix al cuiner Jaume Cervera, del Grup Casa Federico, qui gestiona les compres de cuines de restaurants de la fam\u00edlia Cervera com Al Forn, Els Tomassets, Primera L\u00ednia, Casa Federico i l&#8217;Hotel Nou Rom\u00e1, on actualment dirigix la cuina del restaurant La Senia de Federico. Jaume Cervera ha sabut heretar el llegat de la cuina de la seua \u00e0via Pepa Teresa i de la seua mare Rosa Devesa per a convertir el menjar quotidi\u00e0 i les receptes familiars en la base del receptari dels restaurants que gestionen.<\/p>\n\n<figure class=\"wp-block-image size-large\"><img fetchpriority=\"high\" decoding=\"async\" width=\"1703\" height=\"2560\" src=\"https:\/\/canfali.com\/app\/uploads\/2026\/09\/27-BOD_3671-scaled.jpg\" alt=\"\" class=\"wp-image-111311\" srcset=\"https:\/\/canfali.com\/app\/uploads\/2026\/09\/27-BOD_3671-scaled.jpg 1703w, https:\/\/canfali.com\/app\/uploads\/2026\/09\/27-BOD_3671-200x300.jpg 200w, https:\/\/canfali.com\/app\/uploads\/2026\/09\/27-BOD_3671-681x1024.jpg 681w, https:\/\/canfali.com\/app\/uploads\/2026\/09\/27-BOD_3671-768x1154.jpg 768w, https:\/\/canfali.com\/app\/uploads\/2026\/09\/27-BOD_3671-1022x1536.jpg 1022w, https:\/\/canfali.com\/app\/uploads\/2026\/09\/27-BOD_3671-1363x2048.jpg 1363w, https:\/\/canfali.com\/app\/uploads\/2026\/09\/27-BOD_3671-331x498.jpg 331w, https:\/\/canfali.com\/app\/uploads\/2026\/09\/27-BOD_3671-663x997.jpg 663w, https:\/\/canfali.com\/app\/uploads\/2026\/09\/27-BOD_3671-687x1033.jpg 687w, https:\/\/canfali.com\/app\/uploads\/2026\/09\/27-BOD_3671-1043x1568.jpg 1043w, https:\/\/canfali.com\/app\/uploads\/2026\/09\/27-BOD_3671-1399x2103.jpg 1399w, https:\/\/canfali.com\/app\/uploads\/2026\/09\/27-BOD_3671-1920x2885.jpg 1920w\" sizes=\"(max-width: 1703px) 100vw, 1703px\" \/><\/figure>\n\n<figure class=\"wp-block-image size-large\"><img decoding=\"async\" width=\"2560\" height=\"1703\" src=\"https:\/\/canfali.com\/app\/uploads\/2026\/09\/129-BOD_0377-scaled.jpg\" alt=\"\" class=\"wp-image-111313\" srcset=\"https:\/\/canfali.com\/app\/uploads\/2026\/09\/129-BOD_0377-scaled.jpg 2560w, https:\/\/canfali.com\/app\/uploads\/2026\/09\/129-BOD_0377-300x200.jpg 300w, https:\/\/canfali.com\/app\/uploads\/2026\/09\/129-BOD_0377-768x511.jpg 768w, https:\/\/canfali.com\/app\/uploads\/2026\/09\/129-BOD_0377-1024x681.jpg 1024w, https:\/\/canfali.com\/app\/uploads\/2026\/09\/129-BOD_0377-1536x1022.jpg 1536w, https:\/\/canfali.com\/app\/uploads\/2026\/09\/129-BOD_0377-2048x1363.jpg 2048w, https:\/\/canfali.com\/app\/uploads\/2026\/09\/129-BOD_0377-331x220.jpg 331w, https:\/\/canfali.com\/app\/uploads\/2026\/09\/129-BOD_0377-663x441.jpg 663w, https:\/\/canfali.com\/app\/uploads\/2026\/09\/129-BOD_0377-687x457.jpg 687w, https:\/\/canfali.com\/app\/uploads\/2026\/09\/129-BOD_0377-1043x694.jpg 1043w, https:\/\/canfali.com\/app\/uploads\/2026\/09\/129-BOD_0377-1399x931.jpg 1399w, https:\/\/canfali.com\/app\/uploads\/2026\/09\/129-BOD_0377-1919x1277.jpg 1919w\" sizes=\"(max-width: 2560px) 100vw, 2560px\" \/><\/figure>\n\n<figure class=\"wp-block-image size-large\"><img decoding=\"async\" width=\"1703\" height=\"2560\" src=\"https:\/\/canfali.com\/app\/uploads\/2026\/09\/52-BOO_6304-scaled.jpg\" alt=\"\" class=\"wp-image-111315\" srcset=\"https:\/\/canfali.com\/app\/uploads\/2026\/09\/52-BOO_6304-scaled.jpg 1703w, https:\/\/canfali.com\/app\/uploads\/2026\/09\/52-BOO_6304-200x300.jpg 200w, https:\/\/canfali.com\/app\/uploads\/2026\/09\/52-BOO_6304-768x1154.jpg 768w, https:\/\/canfali.com\/app\/uploads\/2026\/09\/52-BOO_6304-681x1024.jpg 681w, https:\/\/canfali.com\/app\/uploads\/2026\/09\/52-BOO_6304-1022x1536.jpg 1022w, https:\/\/canfali.com\/app\/uploads\/2026\/09\/52-BOO_6304-1362x2048.jpg 1362w, https:\/\/canfali.com\/app\/uploads\/2026\/09\/52-BOO_6304-332x499.jpg 332w, https:\/\/canfali.com\/app\/uploads\/2026\/09\/52-BOO_6304-664x998.jpg 664w, https:\/\/canfali.com\/app\/uploads\/2026\/09\/52-BOO_6304-688x1034.jpg 688w, https:\/\/canfali.com\/app\/uploads\/2026\/09\/52-BOO_6304-1044x1569.jpg 1044w, https:\/\/canfali.com\/app\/uploads\/2026\/09\/52-BOO_6304-1400x2104.jpg 1400w, https:\/\/canfali.com\/app\/uploads\/2026\/09\/52-BOO_6304-1920x2886.jpg 1920w\" sizes=\"(max-width: 1703px) 100vw, 1703px\" \/><\/figure>\n","protected":false},"excerpt":{"rendered":"Hi haur\u00e0 activitats dedicades a la tradici\u00f3 culin\u00e0ria del barri de Baix la Mar, un esmorzar i degustacions&hellip;","protected":false},"author":7,"featured_media":111310,"comment_status":"closed","ping_status":"open","sticky":false,"template":"","format":"standard","meta":{"csco_display_header_overlay":false,"csco_singular_sidebar":"","csco_page_header_type":"","csco_page_load_nextpost":"","csco_post_video_location":[],"csco_post_video_location_hash":"","csco_post_video_url":"","csco_post_video_bg_start_time":0,"csco_post_video_bg_end_time":0,"footnotes":""},"categories":[589],"tags":[2213,9514,9837,706,2328,2739],"poblacion":[9784],"class_list":["post-111339","post","type-post","status-publish","format-standard","has-post-thumbnail","category-gastronomia-ca-es","tag-arroz-ca-es","tag-baix-la-mar","tag-degustacions","tag-elsmagazinos-ca-es","tag-historia-2","tag-tallers","poblacion-denia","cs-entry","cs-video-wrap"],"yoast_head":"<!-- This site is optimized with the Yoast SEO Premium plugin v26.6 (Yoast SEO v27.3) - https:\/\/yoast.com\/product\/yoast-seo-premium-wordpress\/ -->\n<title>Arriba la jornada Viu l&#039;Arr\u00f2s Mariner a Els Magazinos - Canfali<\/title>\n<meta name=\"robots\" content=\"index, follow, max-snippet:-1, max-image-preview:large, max-video-preview:-1\" \/>\n<link rel=\"canonical\" href=\"https:\/\/canfali.com\/ca-es\/arriba-la-jornada-viu-larros-mariner-a-els-magazinos\/\" \/>\n<meta property=\"og:locale\" content=\"en_US\" \/>\n<meta property=\"og:type\" content=\"article\" \/>\n<meta property=\"og:title\" content=\"Arriba la jornada Viu l&#039;Arr\u00f2s Mariner a Els Magazinos\" \/>\n<meta property=\"og:description\" content=\"Hi haur\u00e0 activitats dedicades a la tradici\u00f3 culin\u00e0ria del barri de Baix la Mar, un esmorzar i degustacions&hellip;\" \/>\n<meta property=\"og:url\" content=\"https:\/\/canfali.com\/ca-es\/arriba-la-jornada-viu-larros-mariner-a-els-magazinos\/\" \/>\n<meta property=\"og:site_name\" content=\"Canfali\" \/>\n<meta property=\"article:publisher\" content=\"https:\/\/es-es.facebook.com\/CANFALIMarinaAlta\" \/>\n<meta property=\"article:published_time\" content=\"2026-09-04T07:32:50+00:00\" \/>\n<meta property=\"article:modified_time\" content=\"2026-09-04T09:20:41+00:00\" \/>\n<meta property=\"og:image\" content=\"https:\/\/canfali.com\/app\/uploads\/2026\/09\/105-BOO_6606-scaled.jpg\" \/>\n\t<meta property=\"og:image:width\" content=\"2560\" \/>\n\t<meta property=\"og:image:height\" content=\"1703\" \/>\n\t<meta property=\"og:image:type\" content=\"image\/jpeg\" \/>\n<meta name=\"author\" content=\"Bolta\" \/>\n<meta name=\"twitter:card\" content=\"summary_large_image\" \/>\n<meta name=\"twitter:creator\" content=\"@canfalima\" \/>\n<meta name=\"twitter:site\" content=\"@canfalima\" \/>\n<meta name=\"twitter:label1\" content=\"Written by\" \/>\n\t<meta name=\"twitter:data1\" content=\"Bolta\" \/>\n\t<meta name=\"twitter:label2\" content=\"Est. reading time\" \/>\n\t<meta name=\"twitter:data2\" content=\"3 minutes\" \/>\n<script type=\"application\/ld+json\" class=\"yoast-schema-graph\">{\"@context\":\"https:\\\/\\\/schema.org\",\"@graph\":[{\"@type\":\"NewsArticle\",\"@id\":\"https:\\\/\\\/canfali.com\\\/ca-es\\\/arriba-la-jornada-viu-larros-mariner-a-els-magazinos\\\/#article\",\"isPartOf\":{\"@id\":\"https:\\\/\\\/canfali.com\\\/ca-es\\\/arriba-la-jornada-viu-larros-mariner-a-els-magazinos\\\/\"},\"author\":{\"name\":\"Bolta\",\"@id\":\"https:\\\/\\\/canfali.com\\\/ca-es\\\/#\\\/schema\\\/person\\\/9c651adc904f3c4e0243f54407751557\"},\"headline\":\"Arriba la jornada Viu l&#8217;Arr\u00f2s Mariner a Els Magazinos\",\"datePublished\":\"2026-09-04T07:32:50+00:00\",\"dateModified\":\"2026-09-04T09:20:41+00:00\",\"mainEntityOfPage\":{\"@id\":\"https:\\\/\\\/canfali.com\\\/ca-es\\\/arriba-la-jornada-viu-larros-mariner-a-els-magazinos\\\/\"},\"wordCount\":629,\"publisher\":{\"@id\":\"https:\\\/\\\/canfali.com\\\/ca-es\\\/#organization\"},\"image\":{\"@id\":\"https:\\\/\\\/canfali.com\\\/ca-es\\\/arriba-la-jornada-viu-larros-mariner-a-els-magazinos\\\/#primaryimage\"},\"thumbnailUrl\":\"https:\\\/\\\/canfali.com\\\/app\\\/uploads\\\/2026\\\/09\\\/105-BOO_6606-scaled.jpg\",\"keywords\":[\"arroz\",\"Baix la Mar\",\"degustacions\",\"elsmagazinos\",\"hist\u00f2ria\",\"tallers\"],\"articleSection\":[\"Gastronomia\"],\"inLanguage\":\"va-ES\",\"copyrightYear\":\"2026\",\"copyrightHolder\":{\"@id\":\"https:\\\/\\\/canfali.com\\\/#organization\"}},{\"@type\":\"WebPage\",\"@id\":\"https:\\\/\\\/canfali.com\\\/ca-es\\\/arriba-la-jornada-viu-larros-mariner-a-els-magazinos\\\/\",\"url\":\"https:\\\/\\\/canfali.com\\\/ca-es\\\/arriba-la-jornada-viu-larros-mariner-a-els-magazinos\\\/\",\"name\":\"Arriba la jornada Viu l'Arr\u00f2s Mariner a Els Magazinos - Canfali\",\"isPartOf\":{\"@id\":\"https:\\\/\\\/canfali.com\\\/ca-es\\\/#website\"},\"primaryImageOfPage\":{\"@id\":\"https:\\\/\\\/canfali.com\\\/ca-es\\\/arriba-la-jornada-viu-larros-mariner-a-els-magazinos\\\/#primaryimage\"},\"image\":{\"@id\":\"https:\\\/\\\/canfali.com\\\/ca-es\\\/arriba-la-jornada-viu-larros-mariner-a-els-magazinos\\\/#primaryimage\"},\"thumbnailUrl\":\"https:\\\/\\\/canfali.com\\\/app\\\/uploads\\\/2026\\\/09\\\/105-BOO_6606-scaled.jpg\",\"datePublished\":\"2026-09-04T07:32:50+00:00\",\"dateModified\":\"2026-09-04T09:20:41+00:00\",\"breadcrumb\":{\"@id\":\"https:\\\/\\\/canfali.com\\\/ca-es\\\/arriba-la-jornada-viu-larros-mariner-a-els-magazinos\\\/#breadcrumb\"},\"inLanguage\":\"va-ES\",\"potentialAction\":[{\"@type\":\"ReadAction\",\"target\":[\"https:\\\/\\\/canfali.com\\\/ca-es\\\/arriba-la-jornada-viu-larros-mariner-a-els-magazinos\\\/\"]}]},{\"@type\":\"ImageObject\",\"inLanguage\":\"va-ES\",\"@id\":\"https:\\\/\\\/canfali.com\\\/ca-es\\\/arriba-la-jornada-viu-larros-mariner-a-els-magazinos\\\/#primaryimage\",\"url\":\"https:\\\/\\\/canfali.com\\\/app\\\/uploads\\\/2026\\\/09\\\/105-BOO_6606-scaled.jpg\",\"contentUrl\":\"https:\\\/\\\/canfali.com\\\/app\\\/uploads\\\/2026\\\/09\\\/105-BOO_6606-scaled.jpg\",\"width\":2560,\"height\":1703},{\"@type\":\"BreadcrumbList\",\"@id\":\"https:\\\/\\\/canfali.com\\\/ca-es\\\/arriba-la-jornada-viu-larros-mariner-a-els-magazinos\\\/#breadcrumb\",\"itemListElement\":[{\"@type\":\"ListItem\",\"position\":1,\"name\":\"Portada\",\"item\":\"https:\\\/\\\/canfali.com\\\/ca-es\\\/\"},{\"@type\":\"ListItem\",\"position\":2,\"name\":\"Arriba la jornada Viu l&#8217;Arr\u00f2s Mariner a Els Magazinos\"}]},{\"@type\":\"WebSite\",\"@id\":\"https:\\\/\\\/canfali.com\\\/ca-es\\\/#website\",\"url\":\"https:\\\/\\\/canfali.com\\\/ca-es\\\/\",\"name\":\"Canfali\",\"description\":\"\",\"publisher\":{\"@id\":\"https:\\\/\\\/canfali.com\\\/ca-es\\\/#organization\"},\"potentialAction\":[{\"@type\":\"SearchAction\",\"target\":{\"@type\":\"EntryPoint\",\"urlTemplate\":\"https:\\\/\\\/canfali.com\\\/ca-es\\\/?s={search_term_string}\"},\"query-input\":{\"@type\":\"PropertyValueSpecification\",\"valueRequired\":true,\"valueName\":\"search_term_string\"}}],\"inLanguage\":\"va-ES\"},{\"@type\":\"Organization\",\"@id\":\"https:\\\/\\\/canfali.com\\\/ca-es\\\/#organization\",\"name\":\"Canfali\",\"url\":\"https:\\\/\\\/canfali.com\\\/ca-es\\\/\",\"logo\":{\"@type\":\"ImageObject\",\"inLanguage\":\"va-ES\",\"@id\":\"https:\\\/\\\/canfali.com\\\/ca-es\\\/#\\\/schema\\\/logo\\\/image\\\/\",\"url\":\"https:\\\/\\\/canfali.com\\\/app\\\/uploads\\\/2025\\\/12\\\/canfali_marina_alta_logo.png\",\"contentUrl\":\"https:\\\/\\\/canfali.com\\\/app\\\/uploads\\\/2025\\\/12\\\/canfali_marina_alta_logo.png\",\"width\":225,\"height\":225,\"caption\":\"Canfali\"},\"image\":{\"@id\":\"https:\\\/\\\/canfali.com\\\/ca-es\\\/#\\\/schema\\\/logo\\\/image\\\/\"},\"sameAs\":[\"https:\\\/\\\/es-es.facebook.com\\\/CANFALIMarinaAlta\",\"https:\\\/\\\/x.com\\\/canfalima\",\"https:\\\/\\\/www.instagram.com\\\/canfalimarinaalta\\\/\"]},{\"@type\":\"Person\",\"@id\":\"https:\\\/\\\/canfali.com\\\/ca-es\\\/#\\\/schema\\\/person\\\/9c651adc904f3c4e0243f54407751557\",\"name\":\"Bolta\",\"image\":{\"@type\":\"ImageObject\",\"inLanguage\":\"va-ES\",\"@id\":\"https:\\\/\\\/secure.gravatar.com\\\/avatar\\\/550a5d97fe3cfba5caf077b9600e46529e1977e9d14396836e775d6d9d895a81?s=96&d=mm&r=g\",\"url\":\"https:\\\/\\\/secure.gravatar.com\\\/avatar\\\/550a5d97fe3cfba5caf077b9600e46529e1977e9d14396836e775d6d9d895a81?s=96&d=mm&r=g\",\"contentUrl\":\"https:\\\/\\\/secure.gravatar.com\\\/avatar\\\/550a5d97fe3cfba5caf077b9600e46529e1977e9d14396836e775d6d9d895a81?s=96&d=mm&r=g\",\"caption\":\"Bolta\"},\"url\":\"https:\\\/\\\/canfali.com\\\/ca-es\\\/author\\\/bolta\\\/\"}]}<\/script>\n<!-- \/ Yoast SEO Premium plugin. -->","yoast_head_json":{"title":"Arriba la jornada Viu l'Arr\u00f2s Mariner a Els Magazinos - Canfali","robots":{"index":"index","follow":"follow","max-snippet":"max-snippet:-1","max-image-preview":"max-image-preview:large","max-video-preview":"max-video-preview:-1"},"canonical":"https:\/\/canfali.com\/ca-es\/arriba-la-jornada-viu-larros-mariner-a-els-magazinos\/","og_locale":"en_US","og_type":"article","og_title":"Arriba la jornada Viu l'Arr\u00f2s Mariner a Els Magazinos","og_description":"Hi haur\u00e0 activitats dedicades a la tradici\u00f3 culin\u00e0ria del barri de Baix la Mar, un esmorzar i degustacions&hellip;","og_url":"https:\/\/canfali.com\/ca-es\/arriba-la-jornada-viu-larros-mariner-a-els-magazinos\/","og_site_name":"Canfali","article_publisher":"https:\/\/es-es.facebook.com\/CANFALIMarinaAlta","article_published_time":"2026-09-04T07:32:50+00:00","article_modified_time":"2026-09-04T09:20:41+00:00","og_image":[{"width":2560,"height":1703,"url":"https:\/\/canfali.com\/app\/uploads\/2026\/09\/105-BOO_6606-scaled.jpg","type":"image\/jpeg"}],"author":"Bolta","twitter_card":"summary_large_image","twitter_creator":"@canfalima","twitter_site":"@canfalima","twitter_misc":{"Written by":"Bolta","Est. reading time":"3 minutes"},"schema":{"@context":"https:\/\/schema.org","@graph":[{"@type":"NewsArticle","@id":"https:\/\/canfali.com\/ca-es\/arriba-la-jornada-viu-larros-mariner-a-els-magazinos\/#article","isPartOf":{"@id":"https:\/\/canfali.com\/ca-es\/arriba-la-jornada-viu-larros-mariner-a-els-magazinos\/"},"author":{"name":"Bolta","@id":"https:\/\/canfali.com\/ca-es\/#\/schema\/person\/9c651adc904f3c4e0243f54407751557"},"headline":"Arriba la jornada Viu l&#8217;Arr\u00f2s Mariner a Els Magazinos","datePublished":"2026-09-04T07:32:50+00:00","dateModified":"2026-09-04T09:20:41+00:00","mainEntityOfPage":{"@id":"https:\/\/canfali.com\/ca-es\/arriba-la-jornada-viu-larros-mariner-a-els-magazinos\/"},"wordCount":629,"publisher":{"@id":"https:\/\/canfali.com\/ca-es\/#organization"},"image":{"@id":"https:\/\/canfali.com\/ca-es\/arriba-la-jornada-viu-larros-mariner-a-els-magazinos\/#primaryimage"},"thumbnailUrl":"https:\/\/canfali.com\/app\/uploads\/2026\/09\/105-BOO_6606-scaled.jpg","keywords":["arroz","Baix la Mar","degustacions","elsmagazinos","hist\u00f2ria","tallers"],"articleSection":["Gastronomia"],"inLanguage":"va-ES","copyrightYear":"2026","copyrightHolder":{"@id":"https:\/\/canfali.com\/#organization"}},{"@type":"WebPage","@id":"https:\/\/canfali.com\/ca-es\/arriba-la-jornada-viu-larros-mariner-a-els-magazinos\/","url":"https:\/\/canfali.com\/ca-es\/arriba-la-jornada-viu-larros-mariner-a-els-magazinos\/","name":"Arriba la jornada Viu l'Arr\u00f2s Mariner a Els Magazinos - Canfali","isPartOf":{"@id":"https:\/\/canfali.com\/ca-es\/#website"},"primaryImageOfPage":{"@id":"https:\/\/canfali.com\/ca-es\/arriba-la-jornada-viu-larros-mariner-a-els-magazinos\/#primaryimage"},"image":{"@id":"https:\/\/canfali.com\/ca-es\/arriba-la-jornada-viu-larros-mariner-a-els-magazinos\/#primaryimage"},"thumbnailUrl":"https:\/\/canfali.com\/app\/uploads\/2026\/09\/105-BOO_6606-scaled.jpg","datePublished":"2026-09-04T07:32:50+00:00","dateModified":"2026-09-04T09:20:41+00:00","breadcrumb":{"@id":"https:\/\/canfali.com\/ca-es\/arriba-la-jornada-viu-larros-mariner-a-els-magazinos\/#breadcrumb"},"inLanguage":"va-ES","potentialAction":[{"@type":"ReadAction","target":["https:\/\/canfali.com\/ca-es\/arriba-la-jornada-viu-larros-mariner-a-els-magazinos\/"]}]},{"@type":"ImageObject","inLanguage":"va-ES","@id":"https:\/\/canfali.com\/ca-es\/arriba-la-jornada-viu-larros-mariner-a-els-magazinos\/#primaryimage","url":"https:\/\/canfali.com\/app\/uploads\/2026\/09\/105-BOO_6606-scaled.jpg","contentUrl":"https:\/\/canfali.com\/app\/uploads\/2026\/09\/105-BOO_6606-scaled.jpg","width":2560,"height":1703},{"@type":"BreadcrumbList","@id":"https:\/\/canfali.com\/ca-es\/arriba-la-jornada-viu-larros-mariner-a-els-magazinos\/#breadcrumb","itemListElement":[{"@type":"ListItem","position":1,"name":"Portada","item":"https:\/\/canfali.com\/ca-es\/"},{"@type":"ListItem","position":2,"name":"Arriba la jornada Viu l&#8217;Arr\u00f2s Mariner a Els Magazinos"}]},{"@type":"WebSite","@id":"https:\/\/canfali.com\/ca-es\/#website","url":"https:\/\/canfali.com\/ca-es\/","name":"Canfali","description":"","publisher":{"@id":"https:\/\/canfali.com\/ca-es\/#organization"},"potentialAction":[{"@type":"SearchAction","target":{"@type":"EntryPoint","urlTemplate":"https:\/\/canfali.com\/ca-es\/?s={search_term_string}"},"query-input":{"@type":"PropertyValueSpecification","valueRequired":true,"valueName":"search_term_string"}}],"inLanguage":"va-ES"},{"@type":"Organization","@id":"https:\/\/canfali.com\/ca-es\/#organization","name":"Canfali","url":"https:\/\/canfali.com\/ca-es\/","logo":{"@type":"ImageObject","inLanguage":"va-ES","@id":"https:\/\/canfali.com\/ca-es\/#\/schema\/logo\/image\/","url":"https:\/\/canfali.com\/app\/uploads\/2025\/12\/canfali_marina_alta_logo.png","contentUrl":"https:\/\/canfali.com\/app\/uploads\/2025\/12\/canfali_marina_alta_logo.png","width":225,"height":225,"caption":"Canfali"},"image":{"@id":"https:\/\/canfali.com\/ca-es\/#\/schema\/logo\/image\/"},"sameAs":["https:\/\/es-es.facebook.com\/CANFALIMarinaAlta","https:\/\/x.com\/canfalima","https:\/\/www.instagram.com\/canfalimarinaalta\/"]},{"@type":"Person","@id":"https:\/\/canfali.com\/ca-es\/#\/schema\/person\/9c651adc904f3c4e0243f54407751557","name":"Bolta","image":{"@type":"ImageObject","inLanguage":"va-ES","@id":"https:\/\/secure.gravatar.com\/avatar\/550a5d97fe3cfba5caf077b9600e46529e1977e9d14396836e775d6d9d895a81?s=96&d=mm&r=g","url":"https:\/\/secure.gravatar.com\/avatar\/550a5d97fe3cfba5caf077b9600e46529e1977e9d14396836e775d6d9d895a81?s=96&d=mm&r=g","contentUrl":"https:\/\/secure.gravatar.com\/avatar\/550a5d97fe3cfba5caf077b9600e46529e1977e9d14396836e775d6d9d895a81?s=96&d=mm&r=g","caption":"Bolta"},"url":"https:\/\/canfali.com\/ca-es\/author\/bolta\/"}]}},"_links":{"self":[{"href":"https:\/\/canfali.com\/ca-es\/wp-json\/wp\/v2\/posts\/111339","targetHints":{"allow":["GET"]}}],"collection":[{"href":"https:\/\/canfali.com\/ca-es\/wp-json\/wp\/v2\/posts"}],"about":[{"href":"https:\/\/canfali.com\/ca-es\/wp-json\/wp\/v2\/types\/post"}],"author":[{"embeddable":true,"href":"https:\/\/canfali.com\/ca-es\/wp-json\/wp\/v2\/users\/7"}],"replies":[{"embeddable":true,"href":"https:\/\/canfali.com\/ca-es\/wp-json\/wp\/v2\/comments?post=111339"}],"version-history":[{"count":1,"href":"https:\/\/canfali.com\/ca-es\/wp-json\/wp\/v2\/posts\/111339\/revisions"}],"predecessor-version":[{"id":111340,"href":"https:\/\/canfali.com\/ca-es\/wp-json\/wp\/v2\/posts\/111339\/revisions\/111340"}],"wp:featuredmedia":[{"embeddable":true,"href":"https:\/\/canfali.com\/ca-es\/wp-json\/wp\/v2\/media\/111310"}],"wp:attachment":[{"href":"https:\/\/canfali.com\/ca-es\/wp-json\/wp\/v2\/media?parent=111339"}],"wp:term":[{"taxonomy":"category","embeddable":true,"href":"https:\/\/canfali.com\/ca-es\/wp-json\/wp\/v2\/categories?post=111339"},{"taxonomy":"post_tag","embeddable":true,"href":"https:\/\/canfali.com\/ca-es\/wp-json\/wp\/v2\/tags?post=111339"},{"taxonomy":"poblacion","embeddable":true,"href":"https:\/\/canfali.com\/ca-es\/wp-json\/wp\/v2\/poblacion?post=111339"}],"curies":[{"name":"wp","href":"https:\/\/api.w.org\/{rel}","templated":true}]}}