{"id":111337,"date":"2026-09-04T11:15:43","date_gmt":"2026-09-04T09:15:43","guid":{"rendered":"https:\/\/canfali.com\/lequip-de-govern-de-denia-reclama-en-la-generalitat-terminis-i-compromisos-per-a-les-infraestructures-sociosanitaries-pendents\/"},"modified":"2026-09-04T11:17:35","modified_gmt":"2026-09-04T09:17:35","slug":"lequip-de-govern-de-denia-reclama-en-la-generalitat-terminis-i-compromisos-per-a-les-infraestructures-sociosanitaries-pendents","status":"publish","type":"post","link":"https:\/\/canfali.com\/ca-es\/lequip-de-govern-de-denia-reclama-en-la-generalitat-terminis-i-compromisos-per-a-les-infraestructures-sociosanitaries-pendents\/","title":{"rendered":"L&#8217;equip de govern de D\u00e9nia reclama en la Generalitat terminis i compromisos per a les infraestructures sociosanit\u00e0ries pendents"},"content":{"rendered":"\n<p class=\"wp-block-paragraph\"><\/p>\n\n<h2 id=\"h-las-obras-de-los-centros-de-rehabilitacion-y-de-personas-con-enfermedad-mental-se-retomaran-en-octubre\" class=\"wp-block-heading\">Les obres dels centres de rehabilitaci\u00f3 i de persones amb malaltia mental es reprendran a l&#8217;octubre<\/h2>\n\n<p class=\"wp-block-paragraph\">\u00a0<br\/><br\/>L&#8217;equip de govern de D\u00e9nia s&#8217;ha despla\u00e7at a Val\u00e8ncia per a abordar la situaci\u00f3 de les principals infraestrucuturas i servicis sociosanitaris pendents per part de la Conselleria. L&#8217;alcalde, Rafa Carri\u00f3, i la vicealcaldessa, Maria Josep Ripoll, s&#8217;han reunit amb la secret\u00e0ria auton\u00f2mica d&#8217;Infraestructures Sociosanit\u00e0ries de la Generalitat, Rosa Ferrando. Tamb\u00e9 ha participat la regidora de Benestar Social, Melani Ivars.<br\/>La secret\u00e0ria auton\u00f2mica ha confirmat a l&#8217;Ajuntament que les obres del Centre de Rehabilitaci\u00f3 i integraci\u00f3 Social (CRIS) i del Centre Espec\u00edfic per a Persones amb Malaltia Mental Cr\u00f2nica (CEEM) es reprendran el mes vinent d&#8217;octubre. L&#8217;equip de govern ha rebut positivament la not\u00edcia, a pesar que ha recordat que es tracta de dos projectes inclosos en el Pla Convivint de l&#8217;anterior govern del Bot\u00e0nic, les obres dels quals ja s&#8217;havien iniciat i porten dos anys de paralitzaci\u00f3 sense que l&#8217;Ajuntament tinguera explicacions.<br\/>\u201c\u00c9s una not\u00edcia que celebrem perqu\u00e8 parlem de dos recursos molt necessaris per a D\u00e9nia i per a tota la comarca. Per\u00f2 tamb\u00e9 hem de recordar que s\u00f3n unes obres que porten dos anys parades. Ara esperem que es complisca el calendari anunciat, que les obres es reprenguen a l&#8217;octubre i que siguen el m\u00e9s prompte possible una realitat\u201d, ha assenyalat l&#8217;alcalde, Rafa Carri\u00f3.<br\/>Resid\u00e8ncies per a majors.<br\/>La futura resid\u00e8ncia per a persones majors ha sigut un altre dels assumptes centrals de la reuni\u00f3. Des del govern local s&#8217;ha recordat que D\u00e9nia ja disposava dels terrenys i del projecte necessaris per a impulsar esta infraestructura, amb un model p\u00fablic. Per aix\u00f2, s&#8217;ha tornat a preguntar en la Generalitat qu\u00e8 \u00e9s el seu comprom\u00eds real i amb quin model, per a donar resposta a una necessitat vital per a D\u00e9nia.<br\/>La secretaria auton\u00f2mica ha informat que treballa en un nou pla de resid\u00e8ncies basat en f\u00f3rmules de col\u00b7laboraci\u00f3 p\u00fablic-privada i concessions administratives, al qual D\u00e9nia podria adherir-se. \u201cL&#8217;Ajuntament estudiar\u00e0 esta nova via, si b\u00e9 hem deixat clar que la nostra aposta priorit\u00e0ria \u00e9s i ser\u00e0 un model p\u00fablic, que garantisca places accessibles, una atenci\u00f3 de qualitat i un servici que responga a les necessitats de les persones majors, amb independ\u00e8ncia de la seua capacitat econ\u00f2mica\u201d, ha assenyalat Maria Josep Ripoll.<br\/>Quant a la Resid\u00e8ncia Santa Ll\u00facia, l&#8217;Ajuntament ha tornat a plantejar la necessitat que la Generalitat assumisca una compet\u00e8ncia que correspon a l&#8217;administraci\u00f3 auton\u00f2mica i que actualment continua gestionant i finan\u00e7ant el municipi. Segons s&#8217;ha comunicat en la reuni\u00f3, la Generalitat no preveu assumir de moment la gesti\u00f3 de Santa Ll\u00facia.<br\/>L&#8217;Ajuntament l&#8217;ha convidat a visitar D\u00e9nia i con\u00e9ixer directament el funcionament de la resid\u00e8ncia, aix\u00ed com les seues necessitats assistencials, de personal i econ\u00f2miques. \u201cAgra\u00efm la predisposici\u00f3 a estudiar la situaci\u00f3, per\u00f2 cal recordar que D\u00e9nia continua assumint amb recursos municipals una compet\u00e8ncia que correspon a la Generalitat. Cada euro que l&#8217;Ajuntament ha de destinar a cobrir una responsabilitat auton\u00f2mica \u00e9s un recurs municipal que no podem destinar a altres necessitats de la ciutat\u201d, ha destacat la regidora delegada de la Resid\u00e8ncia, Melani Ivars.<br\/>Durant la reuni\u00f3 tamb\u00e9 s&#8217;ha abordat la situaci\u00f3 del Centre Ocupacional de la Xara i la necessitat d&#8217;ampliar els recursos disponibles davant la demanda existent. Els representants municipals han exposat a la secret\u00e0ria auton\u00f2mica una proposta per a estudiar la construcci\u00f3 d&#8217;un nou centre de dia en l&#8217;\u00e0mbit on se situen el CRIS i el CEEM, amb l&#8217;objectiu d&#8217;incrementar els recursos assistencials disponibles a D\u00e9nia i la comarca.<\/p>\n","protected":false},"excerpt":{"rendered":"Les obres dels centres de rehabilitaci\u00f3 i de persones amb malaltia mental es reprendran a l&#8217;octubre \u00a0 L&#8217;equip&hellip;","protected":false},"author":7,"featured_media":111335,"comment_status":"closed","ping_status":"open","sticky":false,"template":"","format":"standard","meta":{"csco_display_header_overlay":false,"csco_singular_sidebar":"","csco_page_header_type":"","csco_page_load_nextpost":"","csco_post_video_location":[],"csco_post_video_location_hash":"","csco_post_video_url":"","csco_post_video_bg_start_time":0,"csco_post_video_bg_end_time":0,"footnotes":""},"categories":[614],"tags":[5325,5324,2073],"poblacion":[9784],"class_list":["post-111337","post","type-post","status-publish","format-standard","has-post-thumbnail","category-municipal-ca-es","tag-ceem-ca-es","tag-cris-ca-es","tag-residencia-ca-es","poblacion-denia","cs-entry","cs-video-wrap"],"yoast_head":"<!-- This site is optimized with the Yoast SEO Premium plugin v26.6 (Yoast SEO v27.3) - https:\/\/yoast.com\/product\/yoast-seo-premium-wordpress\/ -->\n<title>L&#039;equip de govern de D\u00e9nia reclama en la Generalitat terminis i compromisos per a les infraestructures sociosanit\u00e0ries pendents - Canfali<\/title>\n<meta name=\"robots\" content=\"index, follow, max-snippet:-1, max-image-preview:large, max-video-preview:-1\" \/>\n<link rel=\"canonical\" href=\"https:\/\/canfali.com\/ca-es\/lequip-de-govern-de-denia-reclama-en-la-generalitat-terminis-i-compromisos-per-a-les-infraestructures-sociosanitaries-pendents\/\" \/>\n<meta property=\"og:locale\" content=\"en_US\" \/>\n<meta property=\"og:type\" content=\"article\" \/>\n<meta property=\"og:title\" content=\"L&#039;equip de govern de D\u00e9nia reclama en la Generalitat terminis i compromisos per a les infraestructures sociosanit\u00e0ries pendents\" \/>\n<meta property=\"og:description\" content=\"Les obres dels centres de rehabilitaci\u00f3 i de persones amb malaltia mental es reprendran a l&#8217;octubre \u00a0 L&#8217;equip&hellip;\" \/>\n<meta property=\"og:url\" content=\"https:\/\/canfali.com\/ca-es\/lequip-de-govern-de-denia-reclama-en-la-generalitat-terminis-i-compromisos-per-a-les-infraestructures-sociosanitaries-pendents\/\" \/>\n<meta property=\"og:site_name\" content=\"Canfali\" \/>\n<meta property=\"article:publisher\" content=\"https:\/\/es-es.facebook.com\/CANFALIMarinaAlta\" \/>\n<meta property=\"article:published_time\" content=\"2026-09-04T09:15:43+00:00\" \/>\n<meta property=\"article:modified_time\" content=\"2026-09-04T09:17:35+00:00\" \/>\n<meta property=\"og:image\" content=\"https:\/\/canfali.com\/app\/uploads\/2026\/09\/ceem.jpg\" \/>\n\t<meta property=\"og:image:width\" content=\"1536\" \/>\n\t<meta property=\"og:image:height\" content=\"864\" \/>\n\t<meta property=\"og:image:type\" content=\"image\/jpeg\" \/>\n<meta name=\"author\" content=\"Bolta\" \/>\n<meta name=\"twitter:card\" content=\"summary_large_image\" \/>\n<meta name=\"twitter:creator\" content=\"@canfalima\" \/>\n<meta name=\"twitter:site\" content=\"@canfalima\" \/>\n<meta name=\"twitter:label1\" content=\"Written by\" \/>\n\t<meta name=\"twitter:data1\" content=\"Bolta\" \/>\n\t<meta name=\"twitter:label2\" content=\"Est. reading time\" \/>\n\t<meta name=\"twitter:data2\" content=\"3 minutes\" \/>\n<script type=\"application\/ld+json\" class=\"yoast-schema-graph\">{\"@context\":\"https:\\\/\\\/schema.org\",\"@graph\":[{\"@type\":\"NewsArticle\",\"@id\":\"https:\\\/\\\/canfali.com\\\/ca-es\\\/lequip-de-govern-de-denia-reclama-en-la-generalitat-terminis-i-compromisos-per-a-les-infraestructures-sociosanitaries-pendents\\\/#article\",\"isPartOf\":{\"@id\":\"https:\\\/\\\/canfali.com\\\/ca-es\\\/lequip-de-govern-de-denia-reclama-en-la-generalitat-terminis-i-compromisos-per-a-les-infraestructures-sociosanitaries-pendents\\\/\"},\"author\":{\"name\":\"Bolta\",\"@id\":\"https:\\\/\\\/canfali.com\\\/ca-es\\\/#\\\/schema\\\/person\\\/9c651adc904f3c4e0243f54407751557\"},\"headline\":\"L&#8217;equip de govern de D\u00e9nia reclama en la Generalitat terminis i compromisos per a les infraestructures sociosanit\u00e0ries pendents\",\"datePublished\":\"2026-09-04T09:15:43+00:00\",\"dateModified\":\"2026-09-04T09:17:35+00:00\",\"mainEntityOfPage\":{\"@id\":\"https:\\\/\\\/canfali.com\\\/ca-es\\\/lequip-de-govern-de-denia-reclama-en-la-generalitat-terminis-i-compromisos-per-a-les-infraestructures-sociosanitaries-pendents\\\/\"},\"wordCount\":681,\"publisher\":{\"@id\":\"https:\\\/\\\/canfali.com\\\/ca-es\\\/#organization\"},\"image\":{\"@id\":\"https:\\\/\\\/canfali.com\\\/ca-es\\\/lequip-de-govern-de-denia-reclama-en-la-generalitat-terminis-i-compromisos-per-a-les-infraestructures-sociosanitaries-pendents\\\/#primaryimage\"},\"thumbnailUrl\":\"https:\\\/\\\/canfali.com\\\/app\\\/uploads\\\/2026\\\/09\\\/ceem.jpg\",\"keywords\":[\"CEEM\",\"CRIS\",\"resid\u00e8ncia\"],\"articleSection\":[\"Municipal\"],\"inLanguage\":\"va-ES\",\"copyrightYear\":\"2026\",\"copyrightHolder\":{\"@id\":\"https:\\\/\\\/canfali.com\\\/#organization\"}},{\"@type\":\"WebPage\",\"@id\":\"https:\\\/\\\/canfali.com\\\/ca-es\\\/lequip-de-govern-de-denia-reclama-en-la-generalitat-terminis-i-compromisos-per-a-les-infraestructures-sociosanitaries-pendents\\\/\",\"url\":\"https:\\\/\\\/canfali.com\\\/ca-es\\\/lequip-de-govern-de-denia-reclama-en-la-generalitat-terminis-i-compromisos-per-a-les-infraestructures-sociosanitaries-pendents\\\/\",\"name\":\"L'equip de govern de D\u00e9nia reclama en la Generalitat terminis i compromisos per a les infraestructures sociosanit\u00e0ries pendents - Canfali\",\"isPartOf\":{\"@id\":\"https:\\\/\\\/canfali.com\\\/ca-es\\\/#website\"},\"primaryImageOfPage\":{\"@id\":\"https:\\\/\\\/canfali.com\\\/ca-es\\\/lequip-de-govern-de-denia-reclama-en-la-generalitat-terminis-i-compromisos-per-a-les-infraestructures-sociosanitaries-pendents\\\/#primaryimage\"},\"image\":{\"@id\":\"https:\\\/\\\/canfali.com\\\/ca-es\\\/lequip-de-govern-de-denia-reclama-en-la-generalitat-terminis-i-compromisos-per-a-les-infraestructures-sociosanitaries-pendents\\\/#primaryimage\"},\"thumbnailUrl\":\"https:\\\/\\\/canfali.com\\\/app\\\/uploads\\\/2026\\\/09\\\/ceem.jpg\",\"datePublished\":\"2026-09-04T09:15:43+00:00\",\"dateModified\":\"2026-09-04T09:17:35+00:00\",\"breadcrumb\":{\"@id\":\"https:\\\/\\\/canfali.com\\\/ca-es\\\/lequip-de-govern-de-denia-reclama-en-la-generalitat-terminis-i-compromisos-per-a-les-infraestructures-sociosanitaries-pendents\\\/#breadcrumb\"},\"inLanguage\":\"va-ES\",\"potentialAction\":[{\"@type\":\"ReadAction\",\"target\":[\"https:\\\/\\\/canfali.com\\\/ca-es\\\/lequip-de-govern-de-denia-reclama-en-la-generalitat-terminis-i-compromisos-per-a-les-infraestructures-sociosanitaries-pendents\\\/\"]}]},{\"@type\":\"ImageObject\",\"inLanguage\":\"va-ES\",\"@id\":\"https:\\\/\\\/canfali.com\\\/ca-es\\\/lequip-de-govern-de-denia-reclama-en-la-generalitat-terminis-i-compromisos-per-a-les-infraestructures-sociosanitaries-pendents\\\/#primaryimage\",\"url\":\"https:\\\/\\\/canfali.com\\\/app\\\/uploads\\\/2026\\\/09\\\/ceem.jpg\",\"contentUrl\":\"https:\\\/\\\/canfali.com\\\/app\\\/uploads\\\/2026\\\/09\\\/ceem.jpg\",\"width\":1536,\"height\":864},{\"@type\":\"BreadcrumbList\",\"@id\":\"https:\\\/\\\/canfali.com\\\/ca-es\\\/lequip-de-govern-de-denia-reclama-en-la-generalitat-terminis-i-compromisos-per-a-les-infraestructures-sociosanitaries-pendents\\\/#breadcrumb\",\"itemListElement\":[{\"@type\":\"ListItem\",\"position\":1,\"name\":\"Portada\",\"item\":\"https:\\\/\\\/canfali.com\\\/ca-es\\\/\"},{\"@type\":\"ListItem\",\"position\":2,\"name\":\"L&#8217;equip de govern de D\u00e9nia reclama en la Generalitat terminis i compromisos per a les infraestructures sociosanit\u00e0ries pendents\"}]},{\"@type\":\"WebSite\",\"@id\":\"https:\\\/\\\/canfali.com\\\/ca-es\\\/#website\",\"url\":\"https:\\\/\\\/canfali.com\\\/ca-es\\\/\",\"name\":\"Canfali\",\"description\":\"\",\"publisher\":{\"@id\":\"https:\\\/\\\/canfali.com\\\/ca-es\\\/#organization\"},\"potentialAction\":[{\"@type\":\"SearchAction\",\"target\":{\"@type\":\"EntryPoint\",\"urlTemplate\":\"https:\\\/\\\/canfali.com\\\/ca-es\\\/?s={search_term_string}\"},\"query-input\":{\"@type\":\"PropertyValueSpecification\",\"valueRequired\":true,\"valueName\":\"search_term_string\"}}],\"inLanguage\":\"va-ES\"},{\"@type\":\"Organization\",\"@id\":\"https:\\\/\\\/canfali.com\\\/ca-es\\\/#organization\",\"name\":\"Canfali\",\"url\":\"https:\\\/\\\/canfali.com\\\/ca-es\\\/\",\"logo\":{\"@type\":\"ImageObject\",\"inLanguage\":\"va-ES\",\"@id\":\"https:\\\/\\\/canfali.com\\\/ca-es\\\/#\\\/schema\\\/logo\\\/image\\\/\",\"url\":\"https:\\\/\\\/canfali.com\\\/app\\\/uploads\\\/2025\\\/12\\\/canfali_marina_alta_logo.png\",\"contentUrl\":\"https:\\\/\\\/canfali.com\\\/app\\\/uploads\\\/2025\\\/12\\\/canfali_marina_alta_logo.png\",\"width\":225,\"height\":225,\"caption\":\"Canfali\"},\"image\":{\"@id\":\"https:\\\/\\\/canfali.com\\\/ca-es\\\/#\\\/schema\\\/logo\\\/image\\\/\"},\"sameAs\":[\"https:\\\/\\\/es-es.facebook.com\\\/CANFALIMarinaAlta\",\"https:\\\/\\\/x.com\\\/canfalima\",\"https:\\\/\\\/www.instagram.com\\\/canfalimarinaalta\\\/\"]},{\"@type\":\"Person\",\"@id\":\"https:\\\/\\\/canfali.com\\\/ca-es\\\/#\\\/schema\\\/person\\\/9c651adc904f3c4e0243f54407751557\",\"name\":\"Bolta\",\"image\":{\"@type\":\"ImageObject\",\"inLanguage\":\"va-ES\",\"@id\":\"https:\\\/\\\/secure.gravatar.com\\\/avatar\\\/550a5d97fe3cfba5caf077b9600e46529e1977e9d14396836e775d6d9d895a81?s=96&d=mm&r=g\",\"url\":\"https:\\\/\\\/secure.gravatar.com\\\/avatar\\\/550a5d97fe3cfba5caf077b9600e46529e1977e9d14396836e775d6d9d895a81?s=96&d=mm&r=g\",\"contentUrl\":\"https:\\\/\\\/secure.gravatar.com\\\/avatar\\\/550a5d97fe3cfba5caf077b9600e46529e1977e9d14396836e775d6d9d895a81?s=96&d=mm&r=g\",\"caption\":\"Bolta\"},\"url\":\"https:\\\/\\\/canfali.com\\\/ca-es\\\/author\\\/bolta\\\/\"}]}<\/script>\n<!-- \/ Yoast SEO Premium plugin. -->","yoast_head_json":{"title":"L'equip de govern de D\u00e9nia reclama en la Generalitat terminis i compromisos per a les infraestructures sociosanit\u00e0ries pendents - Canfali","robots":{"index":"index","follow":"follow","max-snippet":"max-snippet:-1","max-image-preview":"max-image-preview:large","max-video-preview":"max-video-preview:-1"},"canonical":"https:\/\/canfali.com\/ca-es\/lequip-de-govern-de-denia-reclama-en-la-generalitat-terminis-i-compromisos-per-a-les-infraestructures-sociosanitaries-pendents\/","og_locale":"en_US","og_type":"article","og_title":"L'equip de govern de D\u00e9nia reclama en la Generalitat terminis i compromisos per a les infraestructures sociosanit\u00e0ries pendents","og_description":"Les obres dels centres de rehabilitaci\u00f3 i de persones amb malaltia mental es reprendran a l&#8217;octubre \u00a0 L&#8217;equip&hellip;","og_url":"https:\/\/canfali.com\/ca-es\/lequip-de-govern-de-denia-reclama-en-la-generalitat-terminis-i-compromisos-per-a-les-infraestructures-sociosanitaries-pendents\/","og_site_name":"Canfali","article_publisher":"https:\/\/es-es.facebook.com\/CANFALIMarinaAlta","article_published_time":"2026-09-04T09:15:43+00:00","article_modified_time":"2026-09-04T09:17:35+00:00","og_image":[{"width":1536,"height":864,"url":"https:\/\/canfali.com\/app\/uploads\/2026\/09\/ceem.jpg","type":"image\/jpeg"}],"author":"Bolta","twitter_card":"summary_large_image","twitter_creator":"@canfalima","twitter_site":"@canfalima","twitter_misc":{"Written by":"Bolta","Est. reading time":"3 minutes"},"schema":{"@context":"https:\/\/schema.org","@graph":[{"@type":"NewsArticle","@id":"https:\/\/canfali.com\/ca-es\/lequip-de-govern-de-denia-reclama-en-la-generalitat-terminis-i-compromisos-per-a-les-infraestructures-sociosanitaries-pendents\/#article","isPartOf":{"@id":"https:\/\/canfali.com\/ca-es\/lequip-de-govern-de-denia-reclama-en-la-generalitat-terminis-i-compromisos-per-a-les-infraestructures-sociosanitaries-pendents\/"},"author":{"name":"Bolta","@id":"https:\/\/canfali.com\/ca-es\/#\/schema\/person\/9c651adc904f3c4e0243f54407751557"},"headline":"L&#8217;equip de govern de D\u00e9nia reclama en la Generalitat terminis i compromisos per a les infraestructures sociosanit\u00e0ries pendents","datePublished":"2026-09-04T09:15:43+00:00","dateModified":"2026-09-04T09:17:35+00:00","mainEntityOfPage":{"@id":"https:\/\/canfali.com\/ca-es\/lequip-de-govern-de-denia-reclama-en-la-generalitat-terminis-i-compromisos-per-a-les-infraestructures-sociosanitaries-pendents\/"},"wordCount":681,"publisher":{"@id":"https:\/\/canfali.com\/ca-es\/#organization"},"image":{"@id":"https:\/\/canfali.com\/ca-es\/lequip-de-govern-de-denia-reclama-en-la-generalitat-terminis-i-compromisos-per-a-les-infraestructures-sociosanitaries-pendents\/#primaryimage"},"thumbnailUrl":"https:\/\/canfali.com\/app\/uploads\/2026\/09\/ceem.jpg","keywords":["CEEM","CRIS","resid\u00e8ncia"],"articleSection":["Municipal"],"inLanguage":"va-ES","copyrightYear":"2026","copyrightHolder":{"@id":"https:\/\/canfali.com\/#organization"}},{"@type":"WebPage","@id":"https:\/\/canfali.com\/ca-es\/lequip-de-govern-de-denia-reclama-en-la-generalitat-terminis-i-compromisos-per-a-les-infraestructures-sociosanitaries-pendents\/","url":"https:\/\/canfali.com\/ca-es\/lequip-de-govern-de-denia-reclama-en-la-generalitat-terminis-i-compromisos-per-a-les-infraestructures-sociosanitaries-pendents\/","name":"L'equip de govern de D\u00e9nia reclama en la Generalitat terminis i compromisos per a les infraestructures sociosanit\u00e0ries pendents - Canfali","isPartOf":{"@id":"https:\/\/canfali.com\/ca-es\/#website"},"primaryImageOfPage":{"@id":"https:\/\/canfali.com\/ca-es\/lequip-de-govern-de-denia-reclama-en-la-generalitat-terminis-i-compromisos-per-a-les-infraestructures-sociosanitaries-pendents\/#primaryimage"},"image":{"@id":"https:\/\/canfali.com\/ca-es\/lequip-de-govern-de-denia-reclama-en-la-generalitat-terminis-i-compromisos-per-a-les-infraestructures-sociosanitaries-pendents\/#primaryimage"},"thumbnailUrl":"https:\/\/canfali.com\/app\/uploads\/2026\/09\/ceem.jpg","datePublished":"2026-09-04T09:15:43+00:00","dateModified":"2026-09-04T09:17:35+00:00","breadcrumb":{"@id":"https:\/\/canfali.com\/ca-es\/lequip-de-govern-de-denia-reclama-en-la-generalitat-terminis-i-compromisos-per-a-les-infraestructures-sociosanitaries-pendents\/#breadcrumb"},"inLanguage":"va-ES","potentialAction":[{"@type":"ReadAction","target":["https:\/\/canfali.com\/ca-es\/lequip-de-govern-de-denia-reclama-en-la-generalitat-terminis-i-compromisos-per-a-les-infraestructures-sociosanitaries-pendents\/"]}]},{"@type":"ImageObject","inLanguage":"va-ES","@id":"https:\/\/canfali.com\/ca-es\/lequip-de-govern-de-denia-reclama-en-la-generalitat-terminis-i-compromisos-per-a-les-infraestructures-sociosanitaries-pendents\/#primaryimage","url":"https:\/\/canfali.com\/app\/uploads\/2026\/09\/ceem.jpg","contentUrl":"https:\/\/canfali.com\/app\/uploads\/2026\/09\/ceem.jpg","width":1536,"height":864},{"@type":"BreadcrumbList","@id":"https:\/\/canfali.com\/ca-es\/lequip-de-govern-de-denia-reclama-en-la-generalitat-terminis-i-compromisos-per-a-les-infraestructures-sociosanitaries-pendents\/#breadcrumb","itemListElement":[{"@type":"ListItem","position":1,"name":"Portada","item":"https:\/\/canfali.com\/ca-es\/"},{"@type":"ListItem","position":2,"name":"L&#8217;equip de govern de D\u00e9nia reclama en la Generalitat terminis i compromisos per a les infraestructures sociosanit\u00e0ries pendents"}]},{"@type":"WebSite","@id":"https:\/\/canfali.com\/ca-es\/#website","url":"https:\/\/canfali.com\/ca-es\/","name":"Canfali","description":"","publisher":{"@id":"https:\/\/canfali.com\/ca-es\/#organization"},"potentialAction":[{"@type":"SearchAction","target":{"@type":"EntryPoint","urlTemplate":"https:\/\/canfali.com\/ca-es\/?s={search_term_string}"},"query-input":{"@type":"PropertyValueSpecification","valueRequired":true,"valueName":"search_term_string"}}],"inLanguage":"va-ES"},{"@type":"Organization","@id":"https:\/\/canfali.com\/ca-es\/#organization","name":"Canfali","url":"https:\/\/canfali.com\/ca-es\/","logo":{"@type":"ImageObject","inLanguage":"va-ES","@id":"https:\/\/canfali.com\/ca-es\/#\/schema\/logo\/image\/","url":"https:\/\/canfali.com\/app\/uploads\/2025\/12\/canfali_marina_alta_logo.png","contentUrl":"https:\/\/canfali.com\/app\/uploads\/2025\/12\/canfali_marina_alta_logo.png","width":225,"height":225,"caption":"Canfali"},"image":{"@id":"https:\/\/canfali.com\/ca-es\/#\/schema\/logo\/image\/"},"sameAs":["https:\/\/es-es.facebook.com\/CANFALIMarinaAlta","https:\/\/x.com\/canfalima","https:\/\/www.instagram.com\/canfalimarinaalta\/"]},{"@type":"Person","@id":"https:\/\/canfali.com\/ca-es\/#\/schema\/person\/9c651adc904f3c4e0243f54407751557","name":"Bolta","image":{"@type":"ImageObject","inLanguage":"va-ES","@id":"https:\/\/secure.gravatar.com\/avatar\/550a5d97fe3cfba5caf077b9600e46529e1977e9d14396836e775d6d9d895a81?s=96&d=mm&r=g","url":"https:\/\/secure.gravatar.com\/avatar\/550a5d97fe3cfba5caf077b9600e46529e1977e9d14396836e775d6d9d895a81?s=96&d=mm&r=g","contentUrl":"https:\/\/secure.gravatar.com\/avatar\/550a5d97fe3cfba5caf077b9600e46529e1977e9d14396836e775d6d9d895a81?s=96&d=mm&r=g","caption":"Bolta"},"url":"https:\/\/canfali.com\/ca-es\/author\/bolta\/"}]}},"_links":{"self":[{"href":"https:\/\/canfali.com\/ca-es\/wp-json\/wp\/v2\/posts\/111337","targetHints":{"allow":["GET"]}}],"collection":[{"href":"https:\/\/canfali.com\/ca-es\/wp-json\/wp\/v2\/posts"}],"about":[{"href":"https:\/\/canfali.com\/ca-es\/wp-json\/wp\/v2\/types\/post"}],"author":[{"embeddable":true,"href":"https:\/\/canfali.com\/ca-es\/wp-json\/wp\/v2\/users\/7"}],"replies":[{"embeddable":true,"href":"https:\/\/canfali.com\/ca-es\/wp-json\/wp\/v2\/comments?post=111337"}],"version-history":[{"count":1,"href":"https:\/\/canfali.com\/ca-es\/wp-json\/wp\/v2\/posts\/111337\/revisions"}],"predecessor-version":[{"id":111338,"href":"https:\/\/canfali.com\/ca-es\/wp-json\/wp\/v2\/posts\/111337\/revisions\/111338"}],"wp:featuredmedia":[{"embeddable":true,"href":"https:\/\/canfali.com\/ca-es\/wp-json\/wp\/v2\/media\/111335"}],"wp:attachment":[{"href":"https:\/\/canfali.com\/ca-es\/wp-json\/wp\/v2\/media?parent=111337"}],"wp:term":[{"taxonomy":"category","embeddable":true,"href":"https:\/\/canfali.com\/ca-es\/wp-json\/wp\/v2\/categories?post=111337"},{"taxonomy":"post_tag","embeddable":true,"href":"https:\/\/canfali.com\/ca-es\/wp-json\/wp\/v2\/tags?post=111337"},{"taxonomy":"poblacion","embeddable":true,"href":"https:\/\/canfali.com\/ca-es\/wp-json\/wp\/v2\/poblacion?post=111337"}],"curies":[{"name":"wp","href":"https:\/\/api.w.org\/{rel}","templated":true}]}}