{"id":111318,"date":"2026-09-04T09:57:01","date_gmt":"2026-09-04T07:57:01","guid":{"rendered":"https:\/\/canfali.com\/?p=111318"},"modified":"2026-09-04T10:00:44","modified_gmt":"2026-09-04T08:00:44","slug":"lajuntament-dondara-presenta-la-nova-oferta-de-cursos-de-formacio-per-a-persones-adultes","status":"publish","type":"post","link":"https:\/\/canfali.com\/ca-es\/lajuntament-dondara-presenta-la-nova-oferta-de-cursos-de-formacio-per-a-persones-adultes\/","title":{"rendered":"L\u2019Ajuntament d\u2019Ondara presenta l&#8217;oferta de cursos de formaci\u00f3 per a adults de la temporada 2026-2027"},"content":{"rendered":"\n<p class=\"wp-block-paragraph\"><strong>Ofereix diversos nivells de valenci\u00e0, angl\u00e8s, preparaci\u00f3 ESO i castell\u00e0 per estrangers<\/strong><\/p>\n\n\n\n<p class=\"wp-block-paragraph\">Les Regidories d\u2019Educaci\u00f3 i de Formaci\u00f3 i Ocupaci\u00f3 d\u2019Ondara han presentat la nova oferta de Formaci\u00f3 de Persones Adultes per al curs 2026-2027, adre\u00e7ada a persones majors de 18 anys i amb una variada programaci\u00f3 formativa orientada a l\u2019aprenentatge d\u2019idiomes, la preparaci\u00f3 acad\u00e8mica i la integraci\u00f3 social.<\/p>\n\n\n\n<figure class=\"wp-block-image size-large\"><img fetchpriority=\"high\" decoding=\"async\" width=\"1024\" height=\"683\" src=\"https:\/\/canfali.com\/app\/uploads\/2026\/09\/cursosadults-ond-1-1024x683.jpg\" alt=\"\" class=\"wp-image-111323\" srcset=\"https:\/\/canfali.com\/app\/uploads\/2026\/09\/cursosadults-ond-1-1024x683.jpg 1024w, https:\/\/canfali.com\/app\/uploads\/2026\/09\/cursosadults-ond-1-300x200.jpg 300w, https:\/\/canfali.com\/app\/uploads\/2026\/09\/cursosadults-ond-1-768x512.jpg 768w, https:\/\/canfali.com\/app\/uploads\/2026\/09\/cursosadults-ond-1-1536x1024.jpg 1536w, https:\/\/canfali.com\/app\/uploads\/2026\/09\/cursosadults-ond-1-663x442.jpg 663w, https:\/\/canfali.com\/app\/uploads\/2026\/09\/cursosadults-ond-1-332x221.jpg 332w, https:\/\/canfali.com\/app\/uploads\/2026\/09\/cursosadults-ond-1-687x458.jpg 687w, https:\/\/canfali.com\/app\/uploads\/2026\/09\/cursosadults-ond-1-1044x696.jpg 1044w, https:\/\/canfali.com\/app\/uploads\/2026\/09\/cursosadults-ond-1-1400x933.jpg 1400w, https:\/\/canfali.com\/app\/uploads\/2026\/09\/cursosadults-ond-1.jpg 1920w\" sizes=\"(max-width: 1024px) 100vw, 1024px\" \/><\/figure>\n\n\n\n<p class=\"wp-block-paragraph\">Les classes es desenvoluparan a l\u2019Aulari del Centre Social entre el 5 d\u2019octubre de 2026 i el 18 de juny de 2027. Les activitats estan subvencionades, de manera que les persones participants nom\u00e9s hauran d\u2019abonar l\u2019import de la matr\u00edcula en formalitzar la inscripci\u00f3. L\u2019oferta formativa, que t\u00e9 com a lema <em>Ondara et forma<\/em> inclou la preparaci\u00f3 de les proves d\u2019acc\u00e9s als cicles formatius de grau mitj\u00e0, cursos de castell\u00e0 per a estrangers, aix\u00ed com diferents nivells de valenci\u00e0 (A1, B1 i C1) i angl\u00e8s (A1-A2, A2 i B1), amb horaris de vesprada adaptats per facilitar la conciliaci\u00f3 de les persones participan<\/p>\n","protected":false},"excerpt":{"rendered":"Ofereix diversos nivells de valenci\u00e0, angl\u00e8s, preparaci\u00f3 ESO i castell\u00e0 per estrangers Les Regidories d\u2019Educaci\u00f3 i de Formaci\u00f3&hellip;","protected":false},"author":4,"featured_media":111321,"comment_status":"closed","ping_status":"open","sticky":false,"template":"","format":"standard","meta":{"csco_display_header_overlay":false,"csco_singular_sidebar":"","csco_page_header_type":"","csco_page_load_nextpost":"","csco_post_video_location":[],"csco_post_video_location_hash":"","csco_post_video_url":"","csco_post_video_bg_start_time":0,"csco_post_video_bg_end_time":0,"footnotes":""},"categories":[1],"tags":[9835,9836,716],"poblacion":[],"class_list":["post-111318","post","type-post","status-publish","format-standard","has-post-thumbnail","category-sin-categorizar","tag-adults","tag-ajuntametn-dondara","tag-cursos","cs-entry","cs-video-wrap"],"yoast_head":"<!-- This site is optimized with the Yoast SEO Premium plugin v26.6 (Yoast SEO v27.3) - https:\/\/yoast.com\/product\/yoast-seo-premium-wordpress\/ -->\n<title>L\u2019Ajuntament d\u2019Ondara presenta l&#039;oferta de cursos de formaci\u00f3 per a adults de la temporada 2026-2027 - Canfali<\/title>\n<meta name=\"robots\" content=\"index, follow, max-snippet:-1, max-image-preview:large, max-video-preview:-1\" \/>\n<link rel=\"canonical\" href=\"https:\/\/canfali.com\/ca-es\/lajuntament-dondara-presenta-la-nova-oferta-de-cursos-de-formacio-per-a-persones-adultes\/\" \/>\n<meta property=\"og:locale\" content=\"en_US\" \/>\n<meta property=\"og:type\" content=\"article\" \/>\n<meta property=\"og:title\" content=\"L\u2019Ajuntament d\u2019Ondara presenta l&#039;oferta de cursos de formaci\u00f3 per a adults de la temporada 2026-2027\" \/>\n<meta property=\"og:description\" content=\"Ofereix diversos nivells de valenci\u00e0, angl\u00e8s, preparaci\u00f3 ESO i castell\u00e0 per estrangers Les Regidories d\u2019Educaci\u00f3 i de Formaci\u00f3&hellip;\" \/>\n<meta property=\"og:url\" content=\"https:\/\/canfali.com\/ca-es\/lajuntament-dondara-presenta-la-nova-oferta-de-cursos-de-formacio-per-a-persones-adultes\/\" \/>\n<meta property=\"og:site_name\" content=\"Canfali\" \/>\n<meta property=\"article:publisher\" content=\"https:\/\/es-es.facebook.com\/CANFALIMarinaAlta\" \/>\n<meta property=\"article:published_time\" content=\"2026-09-04T07:57:01+00:00\" \/>\n<meta property=\"article:modified_time\" content=\"2026-09-04T08:00:44+00:00\" \/>\n<meta property=\"og:image\" content=\"https:\/\/canfali.com\/app\/uploads\/2026\/09\/cartell-fpa-2026-27-1.png\" \/>\n\t<meta property=\"og:image:width\" content=\"1587\" \/>\n\t<meta property=\"og:image:height\" content=\"2245\" \/>\n\t<meta property=\"og:image:type\" content=\"image\/png\" \/>\n<meta name=\"author\" content=\"JJ Mas\" \/>\n<meta name=\"twitter:card\" content=\"summary_large_image\" \/>\n<meta name=\"twitter:creator\" content=\"@canfalima\" \/>\n<meta name=\"twitter:site\" content=\"@canfalima\" \/>\n<meta name=\"twitter:label1\" content=\"Written by\" \/>\n\t<meta name=\"twitter:data1\" content=\"JJ Mas\" \/>\n\t<meta name=\"twitter:label2\" content=\"Est. reading time\" \/>\n\t<meta name=\"twitter:data2\" content=\"2 minutes\" \/>\n<script type=\"application\/ld+json\" class=\"yoast-schema-graph\">{\"@context\":\"https:\\\/\\\/schema.org\",\"@graph\":[{\"@type\":\"NewsArticle\",\"@id\":\"https:\\\/\\\/canfali.com\\\/ca-es\\\/lajuntament-dondara-presenta-la-nova-oferta-de-cursos-de-formacio-per-a-persones-adultes\\\/#article\",\"isPartOf\":{\"@id\":\"https:\\\/\\\/canfali.com\\\/ca-es\\\/lajuntament-dondara-presenta-la-nova-oferta-de-cursos-de-formacio-per-a-persones-adultes\\\/\"},\"author\":{\"name\":\"JJ Mas\",\"@id\":\"https:\\\/\\\/canfali.com\\\/ca-es\\\/#\\\/schema\\\/person\\\/d834d2d4df17cac754d3c314d4c404ef\"},\"headline\":\"L\u2019Ajuntament d\u2019Ondara presenta l&#8217;oferta de cursos de formaci\u00f3 per a adults de la temporada 2026-2027\",\"datePublished\":\"2026-09-04T07:57:01+00:00\",\"dateModified\":\"2026-09-04T08:00:44+00:00\",\"mainEntityOfPage\":{\"@id\":\"https:\\\/\\\/canfali.com\\\/ca-es\\\/lajuntament-dondara-presenta-la-nova-oferta-de-cursos-de-formacio-per-a-persones-adultes\\\/\"},\"wordCount\":191,\"publisher\":{\"@id\":\"https:\\\/\\\/canfali.com\\\/ca-es\\\/#organization\"},\"image\":{\"@id\":\"https:\\\/\\\/canfali.com\\\/ca-es\\\/lajuntament-dondara-presenta-la-nova-oferta-de-cursos-de-formacio-per-a-persones-adultes\\\/#primaryimage\"},\"thumbnailUrl\":\"https:\\\/\\\/canfali.com\\\/app\\\/uploads\\\/2026\\\/09\\\/cartell-fpa-2026-27-1.png\",\"keywords\":[\"adults\",\"Ajuntametn d'Ondara\",\"cursos\"],\"articleSection\":[\"Sin categorizar\"],\"inLanguage\":\"va-ES\",\"copyrightYear\":\"2026\",\"copyrightHolder\":{\"@id\":\"https:\\\/\\\/canfali.com\\\/#organization\"}},{\"@type\":\"WebPage\",\"@id\":\"https:\\\/\\\/canfali.com\\\/ca-es\\\/lajuntament-dondara-presenta-la-nova-oferta-de-cursos-de-formacio-per-a-persones-adultes\\\/\",\"url\":\"https:\\\/\\\/canfali.com\\\/ca-es\\\/lajuntament-dondara-presenta-la-nova-oferta-de-cursos-de-formacio-per-a-persones-adultes\\\/\",\"name\":\"L\u2019Ajuntament d\u2019Ondara presenta l'oferta de cursos de formaci\u00f3 per a adults de la temporada 2026-2027 - Canfali\",\"isPartOf\":{\"@id\":\"https:\\\/\\\/canfali.com\\\/ca-es\\\/#website\"},\"primaryImageOfPage\":{\"@id\":\"https:\\\/\\\/canfali.com\\\/ca-es\\\/lajuntament-dondara-presenta-la-nova-oferta-de-cursos-de-formacio-per-a-persones-adultes\\\/#primaryimage\"},\"image\":{\"@id\":\"https:\\\/\\\/canfali.com\\\/ca-es\\\/lajuntament-dondara-presenta-la-nova-oferta-de-cursos-de-formacio-per-a-persones-adultes\\\/#primaryimage\"},\"thumbnailUrl\":\"https:\\\/\\\/canfali.com\\\/app\\\/uploads\\\/2026\\\/09\\\/cartell-fpa-2026-27-1.png\",\"datePublished\":\"2026-09-04T07:57:01+00:00\",\"dateModified\":\"2026-09-04T08:00:44+00:00\",\"breadcrumb\":{\"@id\":\"https:\\\/\\\/canfali.com\\\/ca-es\\\/lajuntament-dondara-presenta-la-nova-oferta-de-cursos-de-formacio-per-a-persones-adultes\\\/#breadcrumb\"},\"inLanguage\":\"va-ES\",\"potentialAction\":[{\"@type\":\"ReadAction\",\"target\":[\"https:\\\/\\\/canfali.com\\\/ca-es\\\/lajuntament-dondara-presenta-la-nova-oferta-de-cursos-de-formacio-per-a-persones-adultes\\\/\"]}]},{\"@type\":\"ImageObject\",\"inLanguage\":\"va-ES\",\"@id\":\"https:\\\/\\\/canfali.com\\\/ca-es\\\/lajuntament-dondara-presenta-la-nova-oferta-de-cursos-de-formacio-per-a-persones-adultes\\\/#primaryimage\",\"url\":\"https:\\\/\\\/canfali.com\\\/app\\\/uploads\\\/2026\\\/09\\\/cartell-fpa-2026-27-1.png\",\"contentUrl\":\"https:\\\/\\\/canfali.com\\\/app\\\/uploads\\\/2026\\\/09\\\/cartell-fpa-2026-27-1.png\",\"width\":1587,\"height\":2245},{\"@type\":\"BreadcrumbList\",\"@id\":\"https:\\\/\\\/canfali.com\\\/ca-es\\\/lajuntament-dondara-presenta-la-nova-oferta-de-cursos-de-formacio-per-a-persones-adultes\\\/#breadcrumb\",\"itemListElement\":[{\"@type\":\"ListItem\",\"position\":1,\"name\":\"Portada\",\"item\":\"https:\\\/\\\/canfali.com\\\/ca-es\\\/\"},{\"@type\":\"ListItem\",\"position\":2,\"name\":\"L\u2019Ajuntament d\u2019Ondara presenta l&#8217;oferta de cursos de formaci\u00f3 per a adults de la temporada 2026-2027\"}]},{\"@type\":\"WebSite\",\"@id\":\"https:\\\/\\\/canfali.com\\\/ca-es\\\/#website\",\"url\":\"https:\\\/\\\/canfali.com\\\/ca-es\\\/\",\"name\":\"Canfali\",\"description\":\"\",\"publisher\":{\"@id\":\"https:\\\/\\\/canfali.com\\\/ca-es\\\/#organization\"},\"potentialAction\":[{\"@type\":\"SearchAction\",\"target\":{\"@type\":\"EntryPoint\",\"urlTemplate\":\"https:\\\/\\\/canfali.com\\\/ca-es\\\/?s={search_term_string}\"},\"query-input\":{\"@type\":\"PropertyValueSpecification\",\"valueRequired\":true,\"valueName\":\"search_term_string\"}}],\"inLanguage\":\"va-ES\"},{\"@type\":\"Organization\",\"@id\":\"https:\\\/\\\/canfali.com\\\/ca-es\\\/#organization\",\"name\":\"Canfali\",\"url\":\"https:\\\/\\\/canfali.com\\\/ca-es\\\/\",\"logo\":{\"@type\":\"ImageObject\",\"inLanguage\":\"va-ES\",\"@id\":\"https:\\\/\\\/canfali.com\\\/ca-es\\\/#\\\/schema\\\/logo\\\/image\\\/\",\"url\":\"https:\\\/\\\/canfali.com\\\/app\\\/uploads\\\/2025\\\/12\\\/canfali_marina_alta_logo.png\",\"contentUrl\":\"https:\\\/\\\/canfali.com\\\/app\\\/uploads\\\/2025\\\/12\\\/canfali_marina_alta_logo.png\",\"width\":225,\"height\":225,\"caption\":\"Canfali\"},\"image\":{\"@id\":\"https:\\\/\\\/canfali.com\\\/ca-es\\\/#\\\/schema\\\/logo\\\/image\\\/\"},\"sameAs\":[\"https:\\\/\\\/es-es.facebook.com\\\/CANFALIMarinaAlta\",\"https:\\\/\\\/x.com\\\/canfalima\",\"https:\\\/\\\/www.instagram.com\\\/canfalimarinaalta\\\/\"]},{\"@type\":\"Person\",\"@id\":\"https:\\\/\\\/canfali.com\\\/ca-es\\\/#\\\/schema\\\/person\\\/d834d2d4df17cac754d3c314d4c404ef\",\"name\":\"JJ Mas\",\"image\":{\"@type\":\"ImageObject\",\"inLanguage\":\"va-ES\",\"@id\":\"https:\\\/\\\/secure.gravatar.com\\\/avatar\\\/65a5191f5438bf88c2394f6d1a625a6ff903c8785268e603c623a83bc15ba1ee?s=96&d=mm&r=g\",\"url\":\"https:\\\/\\\/secure.gravatar.com\\\/avatar\\\/65a5191f5438bf88c2394f6d1a625a6ff903c8785268e603c623a83bc15ba1ee?s=96&d=mm&r=g\",\"contentUrl\":\"https:\\\/\\\/secure.gravatar.com\\\/avatar\\\/65a5191f5438bf88c2394f6d1a625a6ff903c8785268e603c623a83bc15ba1ee?s=96&d=mm&r=g\",\"caption\":\"JJ Mas\"},\"url\":\"https:\\\/\\\/canfali.com\\\/ca-es\\\/author\\\/jj\\\/\"}]}<\/script>\n<!-- \/ Yoast SEO Premium plugin. -->","yoast_head_json":{"title":"L\u2019Ajuntament d\u2019Ondara presenta l'oferta de cursos de formaci\u00f3 per a adults de la temporada 2026-2027 - Canfali","robots":{"index":"index","follow":"follow","max-snippet":"max-snippet:-1","max-image-preview":"max-image-preview:large","max-video-preview":"max-video-preview:-1"},"canonical":"https:\/\/canfali.com\/ca-es\/lajuntament-dondara-presenta-la-nova-oferta-de-cursos-de-formacio-per-a-persones-adultes\/","og_locale":"en_US","og_type":"article","og_title":"L\u2019Ajuntament d\u2019Ondara presenta l'oferta de cursos de formaci\u00f3 per a adults de la temporada 2026-2027","og_description":"Ofereix diversos nivells de valenci\u00e0, angl\u00e8s, preparaci\u00f3 ESO i castell\u00e0 per estrangers Les Regidories d\u2019Educaci\u00f3 i de Formaci\u00f3&hellip;","og_url":"https:\/\/canfali.com\/ca-es\/lajuntament-dondara-presenta-la-nova-oferta-de-cursos-de-formacio-per-a-persones-adultes\/","og_site_name":"Canfali","article_publisher":"https:\/\/es-es.facebook.com\/CANFALIMarinaAlta","article_published_time":"2026-09-04T07:57:01+00:00","article_modified_time":"2026-09-04T08:00:44+00:00","og_image":[{"width":1587,"height":2245,"url":"https:\/\/canfali.com\/app\/uploads\/2026\/09\/cartell-fpa-2026-27-1.png","type":"image\/png"}],"author":"JJ Mas","twitter_card":"summary_large_image","twitter_creator":"@canfalima","twitter_site":"@canfalima","twitter_misc":{"Written by":"JJ Mas","Est. reading time":"2 minutes"},"schema":{"@context":"https:\/\/schema.org","@graph":[{"@type":"NewsArticle","@id":"https:\/\/canfali.com\/ca-es\/lajuntament-dondara-presenta-la-nova-oferta-de-cursos-de-formacio-per-a-persones-adultes\/#article","isPartOf":{"@id":"https:\/\/canfali.com\/ca-es\/lajuntament-dondara-presenta-la-nova-oferta-de-cursos-de-formacio-per-a-persones-adultes\/"},"author":{"name":"JJ Mas","@id":"https:\/\/canfali.com\/ca-es\/#\/schema\/person\/d834d2d4df17cac754d3c314d4c404ef"},"headline":"L\u2019Ajuntament d\u2019Ondara presenta l&#8217;oferta de cursos de formaci\u00f3 per a adults de la temporada 2026-2027","datePublished":"2026-09-04T07:57:01+00:00","dateModified":"2026-09-04T08:00:44+00:00","mainEntityOfPage":{"@id":"https:\/\/canfali.com\/ca-es\/lajuntament-dondara-presenta-la-nova-oferta-de-cursos-de-formacio-per-a-persones-adultes\/"},"wordCount":191,"publisher":{"@id":"https:\/\/canfali.com\/ca-es\/#organization"},"image":{"@id":"https:\/\/canfali.com\/ca-es\/lajuntament-dondara-presenta-la-nova-oferta-de-cursos-de-formacio-per-a-persones-adultes\/#primaryimage"},"thumbnailUrl":"https:\/\/canfali.com\/app\/uploads\/2026\/09\/cartell-fpa-2026-27-1.png","keywords":["adults","Ajuntametn d'Ondara","cursos"],"articleSection":["Sin categorizar"],"inLanguage":"va-ES","copyrightYear":"2026","copyrightHolder":{"@id":"https:\/\/canfali.com\/#organization"}},{"@type":"WebPage","@id":"https:\/\/canfali.com\/ca-es\/lajuntament-dondara-presenta-la-nova-oferta-de-cursos-de-formacio-per-a-persones-adultes\/","url":"https:\/\/canfali.com\/ca-es\/lajuntament-dondara-presenta-la-nova-oferta-de-cursos-de-formacio-per-a-persones-adultes\/","name":"L\u2019Ajuntament d\u2019Ondara presenta l'oferta de cursos de formaci\u00f3 per a adults de la temporada 2026-2027 - Canfali","isPartOf":{"@id":"https:\/\/canfali.com\/ca-es\/#website"},"primaryImageOfPage":{"@id":"https:\/\/canfali.com\/ca-es\/lajuntament-dondara-presenta-la-nova-oferta-de-cursos-de-formacio-per-a-persones-adultes\/#primaryimage"},"image":{"@id":"https:\/\/canfali.com\/ca-es\/lajuntament-dondara-presenta-la-nova-oferta-de-cursos-de-formacio-per-a-persones-adultes\/#primaryimage"},"thumbnailUrl":"https:\/\/canfali.com\/app\/uploads\/2026\/09\/cartell-fpa-2026-27-1.png","datePublished":"2026-09-04T07:57:01+00:00","dateModified":"2026-09-04T08:00:44+00:00","breadcrumb":{"@id":"https:\/\/canfali.com\/ca-es\/lajuntament-dondara-presenta-la-nova-oferta-de-cursos-de-formacio-per-a-persones-adultes\/#breadcrumb"},"inLanguage":"va-ES","potentialAction":[{"@type":"ReadAction","target":["https:\/\/canfali.com\/ca-es\/lajuntament-dondara-presenta-la-nova-oferta-de-cursos-de-formacio-per-a-persones-adultes\/"]}]},{"@type":"ImageObject","inLanguage":"va-ES","@id":"https:\/\/canfali.com\/ca-es\/lajuntament-dondara-presenta-la-nova-oferta-de-cursos-de-formacio-per-a-persones-adultes\/#primaryimage","url":"https:\/\/canfali.com\/app\/uploads\/2026\/09\/cartell-fpa-2026-27-1.png","contentUrl":"https:\/\/canfali.com\/app\/uploads\/2026\/09\/cartell-fpa-2026-27-1.png","width":1587,"height":2245},{"@type":"BreadcrumbList","@id":"https:\/\/canfali.com\/ca-es\/lajuntament-dondara-presenta-la-nova-oferta-de-cursos-de-formacio-per-a-persones-adultes\/#breadcrumb","itemListElement":[{"@type":"ListItem","position":1,"name":"Portada","item":"https:\/\/canfali.com\/ca-es\/"},{"@type":"ListItem","position":2,"name":"L\u2019Ajuntament d\u2019Ondara presenta l&#8217;oferta de cursos de formaci\u00f3 per a adults de la temporada 2026-2027"}]},{"@type":"WebSite","@id":"https:\/\/canfali.com\/ca-es\/#website","url":"https:\/\/canfali.com\/ca-es\/","name":"Canfali","description":"","publisher":{"@id":"https:\/\/canfali.com\/ca-es\/#organization"},"potentialAction":[{"@type":"SearchAction","target":{"@type":"EntryPoint","urlTemplate":"https:\/\/canfali.com\/ca-es\/?s={search_term_string}"},"query-input":{"@type":"PropertyValueSpecification","valueRequired":true,"valueName":"search_term_string"}}],"inLanguage":"va-ES"},{"@type":"Organization","@id":"https:\/\/canfali.com\/ca-es\/#organization","name":"Canfali","url":"https:\/\/canfali.com\/ca-es\/","logo":{"@type":"ImageObject","inLanguage":"va-ES","@id":"https:\/\/canfali.com\/ca-es\/#\/schema\/logo\/image\/","url":"https:\/\/canfali.com\/app\/uploads\/2025\/12\/canfali_marina_alta_logo.png","contentUrl":"https:\/\/canfali.com\/app\/uploads\/2025\/12\/canfali_marina_alta_logo.png","width":225,"height":225,"caption":"Canfali"},"image":{"@id":"https:\/\/canfali.com\/ca-es\/#\/schema\/logo\/image\/"},"sameAs":["https:\/\/es-es.facebook.com\/CANFALIMarinaAlta","https:\/\/x.com\/canfalima","https:\/\/www.instagram.com\/canfalimarinaalta\/"]},{"@type":"Person","@id":"https:\/\/canfali.com\/ca-es\/#\/schema\/person\/d834d2d4df17cac754d3c314d4c404ef","name":"JJ Mas","image":{"@type":"ImageObject","inLanguage":"va-ES","@id":"https:\/\/secure.gravatar.com\/avatar\/65a5191f5438bf88c2394f6d1a625a6ff903c8785268e603c623a83bc15ba1ee?s=96&d=mm&r=g","url":"https:\/\/secure.gravatar.com\/avatar\/65a5191f5438bf88c2394f6d1a625a6ff903c8785268e603c623a83bc15ba1ee?s=96&d=mm&r=g","contentUrl":"https:\/\/secure.gravatar.com\/avatar\/65a5191f5438bf88c2394f6d1a625a6ff903c8785268e603c623a83bc15ba1ee?s=96&d=mm&r=g","caption":"JJ Mas"},"url":"https:\/\/canfali.com\/ca-es\/author\/jj\/"}]}},"_links":{"self":[{"href":"https:\/\/canfali.com\/ca-es\/wp-json\/wp\/v2\/posts\/111318","targetHints":{"allow":["GET"]}}],"collection":[{"href":"https:\/\/canfali.com\/ca-es\/wp-json\/wp\/v2\/posts"}],"about":[{"href":"https:\/\/canfali.com\/ca-es\/wp-json\/wp\/v2\/types\/post"}],"author":[{"embeddable":true,"href":"https:\/\/canfali.com\/ca-es\/wp-json\/wp\/v2\/users\/4"}],"replies":[{"embeddable":true,"href":"https:\/\/canfali.com\/ca-es\/wp-json\/wp\/v2\/comments?post=111318"}],"version-history":[{"count":2,"href":"https:\/\/canfali.com\/ca-es\/wp-json\/wp\/v2\/posts\/111318\/revisions"}],"predecessor-version":[{"id":111327,"href":"https:\/\/canfali.com\/ca-es\/wp-json\/wp\/v2\/posts\/111318\/revisions\/111327"}],"wp:featuredmedia":[{"embeddable":true,"href":"https:\/\/canfali.com\/ca-es\/wp-json\/wp\/v2\/media\/111321"}],"wp:attachment":[{"href":"https:\/\/canfali.com\/ca-es\/wp-json\/wp\/v2\/media?parent=111318"}],"wp:term":[{"taxonomy":"category","embeddable":true,"href":"https:\/\/canfali.com\/ca-es\/wp-json\/wp\/v2\/categories?post=111318"},{"taxonomy":"post_tag","embeddable":true,"href":"https:\/\/canfali.com\/ca-es\/wp-json\/wp\/v2\/tags?post=111318"},{"taxonomy":"poblacion","embeddable":true,"href":"https:\/\/canfali.com\/ca-es\/wp-json\/wp\/v2\/poblacion?post=111318"}],"curies":[{"name":"wp","href":"https:\/\/api.w.org\/{rel}","templated":true}]}}