{"id":111306,"date":"2026-09-03T15:19:18","date_gmt":"2026-09-03T13:19:18","guid":{"rendered":"https:\/\/canfali.com\/gatam-naix-com-un-festival-multidisciplinari-per-a-teixir-arrels-i-posar-en-valor-el-talent-musical-del-municipi\/"},"modified":"2026-09-03T15:21:24","modified_gmt":"2026-09-03T13:21:24","slug":"gatam-naix-com-un-festival-multidisciplinari-per-a-teixir-arrels-i-posar-en-valor-el-talent-musical-del-municipi","status":"publish","type":"post","link":"https:\/\/canfali.com\/ca-es\/gatam-naix-com-un-festival-multidisciplinari-per-a-teixir-arrels-i-posar-en-valor-el-talent-musical-del-municipi\/","title":{"rendered":"Gata\u2019m naix com un festival multidisciplinari per a teixir arrels i posar en valor el talent musical del municipi"},"content":{"rendered":"\n<h3 id=\"h-la-primera-edicion-combinara-musica-instalaciones-sonoras-creacion-contemporanea-formacion-y-participacion-de-jovenes-artistas\" class=\"wp-block-heading\">La primera edici\u00f3 combinar\u00e0 m\u00fasica, instal\u00b7lacions sonores, creaci\u00f3 contempor\u00e0nia, formaci\u00f3 i participaci\u00f3 de joves artistes&#13;\n<\/h3>\n\n<p class=\"wp-block-paragraph\">Gata ha presentat Gata\u2019m, una nova proposta cultural que arribar\u00e0 este mes de setembre al municipi amb una filosofia que va molt m\u00e9s enll\u00e0 de la d\u2019un festival musical convencional. La iniciativa, impulsada per un grup de m\u00fasics i artistes vinculats a Gata, planteja un espai multidisciplinari en qu\u00e8 conviuran diferents llenguatges, estils i disciplines amb l\u2019objectiu d\u2019acostar la creaci\u00f3 contempor\u00e0nia al municipi i posar en valor el talent local i comarcal.&#13;\n<\/p>\n\n<p class=\"wp-block-paragraph\">El director, compositor i catedr\u00e0tic de Sonologia del Conservatori Superior de Val\u00e8ncia, Pere Vicalet, va explicar que el projecte naix de la necessitat d\u2019acostar al poble m\u00fasiques i propostes descobertes pels seus impulsors durant les seues experi\u00e8ncies professionals, per\u00f2 tamb\u00e9 d\u2019oferir als joves que estudien m\u00fasica un escenari pr\u00f2xim on poder mostrar el seu treball. La filosofia es resumeix en un concepte: \u00abteixir arrels creatives\u00bb, utilitzant la cultura per a vertebrar el teixit social de Gata.&#13;\n<\/p>\n\n<p class=\"wp-block-paragraph\">La primera edici\u00f3 es desenvolupar\u00e0 durant quatre jornades, del 17 al 20 de setembre, i reunir\u00e0 propostes tan diverses com instal\u00b7lacions sonores, m\u00fasica electr\u00f2nica experimental, concerts, creaci\u00f3 contempor\u00e0nia, percussi\u00f3, un espectacle musical amb tractors i un concurs d\u2019art digital.&#13;\n<\/p>\n\n<figure class=\"wp-block-image size-large\"><img fetchpriority=\"high\" decoding=\"async\" width=\"2560\" height=\"1707\" src=\"https:\/\/canfali.com\/app\/uploads\/2026\/09\/IMG_6245-scaled.jpg\" alt=\"\" class=\"wp-image-111297\" srcset=\"https:\/\/canfali.com\/app\/uploads\/2026\/09\/IMG_6245-scaled.jpg 2560w, https:\/\/canfali.com\/app\/uploads\/2026\/09\/IMG_6245-300x200.jpg 300w, https:\/\/canfali.com\/app\/uploads\/2026\/09\/IMG_6245-768x512.jpg 768w, https:\/\/canfali.com\/app\/uploads\/2026\/09\/IMG_6245-1024x683.jpg 1024w, https:\/\/canfali.com\/app\/uploads\/2026\/09\/IMG_6245-1536x1024.jpg 1536w, https:\/\/canfali.com\/app\/uploads\/2026\/09\/IMG_6245-332x221.jpg 332w, https:\/\/canfali.com\/app\/uploads\/2026\/09\/IMG_6245-2048x1365.jpg 2048w, https:\/\/canfali.com\/app\/uploads\/2026\/09\/IMG_6245-663x442.jpg 663w, https:\/\/canfali.com\/app\/uploads\/2026\/09\/IMG_6245-687x458.jpg 687w, https:\/\/canfali.com\/app\/uploads\/2026\/09\/IMG_6245-1044x696.jpg 1044w, https:\/\/canfali.com\/app\/uploads\/2026\/09\/IMG_6245-1400x933.jpg 1400w, https:\/\/canfali.com\/app\/uploads\/2026\/09\/IMG_6245-1920x1280.jpg 1920w\" sizes=\"(max-width: 2560px) 100vw, 2560px\" \/><\/figure>\n\n<p class=\"wp-block-paragraph\">POSID\u00d2NIA I ELS SONS DE LES BALENES<\/p>\n\n<p class=\"wp-block-paragraph\">Entre les propostes destacar\u00e0 \u2018Posid\u00f2nia\u2019, una instal\u00b7laci\u00f3 sonora d\u2019Alba Vega i Marina Mulet que incorporar\u00e0 sons de balenes i que es podr\u00e0 visitar mitjan\u00e7ant diferents passades. Tamb\u00e9 s\u2019estrenar\u00e0 a Gata una obra del compositor de Parcent Pablo Andr\u00e9s, creada per a integrar-se amb els sons i moviments dels tractors del municipi, en col\u00b7laboraci\u00f3 amb el Motor Club.&#13;\n<\/p>\n\n<p class=\"wp-block-paragraph\">La programaci\u00f3 inclour\u00e0, a m\u00e9s, masterclasses de percussi\u00f3 orquestral i llatina, un multitudinari concert de bateries obert a participants de tota la Marina Alta, el concurs de creaci\u00f3 digital Gata\u2019m Glitch i l\u2019encontre musical \u2018Cam\u00ed Nam\u2019, protagonitzat per la guitarrista local Rosario Caselles i Celia Pedr\u00f3s, vinculada a La Scala de Mil\u00e0.&#13;\n<\/p>\n\n<figure class=\"wp-block-gallery has-nested-images columns-default is-cropped wp-block-gallery-15 is-layout-flex wp-block-gallery-is-layout-flex\">\n<figure class=\"wp-block-image size-large\"><img decoding=\"async\" width=\"1741\" height=\"2560\" data-id=\"111289\" src=\"https:\/\/canfali.com\/app\/uploads\/2026\/09\/gatam25-scaled.png\" alt=\"\" class=\"wp-image-111289\" srcset=\"https:\/\/canfali.com\/app\/uploads\/2026\/09\/gatam25-scaled.png 1741w, https:\/\/canfali.com\/app\/uploads\/2026\/09\/gatam25-204x300.png 204w, https:\/\/canfali.com\/app\/uploads\/2026\/09\/gatam25-768x1129.png 768w, https:\/\/canfali.com\/app\/uploads\/2026\/09\/gatam25-696x1024.png 696w, https:\/\/canfali.com\/app\/uploads\/2026\/09\/gatam25-332x488.png 332w, https:\/\/canfali.com\/app\/uploads\/2026\/09\/gatam25-1044x1535.png 1044w, https:\/\/canfali.com\/app\/uploads\/2026\/09\/gatam25-664x976.png 664w, https:\/\/canfali.com\/app\/uploads\/2026\/09\/gatam25-687x1011.png 687w, https:\/\/canfali.com\/app\/uploads\/2026\/09\/gatam25-1393x2048.png 1393w, https:\/\/canfali.com\/app\/uploads\/2026\/09\/gatam25-1399x2058.png 1399w, https:\/\/canfali.com\/app\/uploads\/2026\/09\/gatam25-1920x2823-1.png 1920w\" sizes=\"(max-width: 1741px) 100vw, 1741px\" \/><\/figure>\n\n\n\n<figure class=\"wp-block-image size-large\"><img decoding=\"async\" width=\"1741\" height=\"2560\" data-id=\"111291\" src=\"https:\/\/canfali.com\/app\/uploads\/2026\/09\/gatam45-scaled.png\" alt=\"\" class=\"wp-image-111291\" srcset=\"https:\/\/canfali.com\/app\/uploads\/2026\/09\/gatam45-scaled.png 1741w, https:\/\/canfali.com\/app\/uploads\/2026\/09\/gatam45-204x300.png 204w, https:\/\/canfali.com\/app\/uploads\/2026\/09\/gatam45-768x1129.png 768w, https:\/\/canfali.com\/app\/uploads\/2026\/09\/gatam45-696x1024.png 696w, https:\/\/canfali.com\/app\/uploads\/2026\/09\/gatam45-332x488.png 332w, https:\/\/canfali.com\/app\/uploads\/2026\/09\/gatam45-1044x1535.png 1044w, https:\/\/canfali.com\/app\/uploads\/2026\/09\/gatam45-664x976.png 664w, https:\/\/canfali.com\/app\/uploads\/2026\/09\/gatam45-1393x2048.png 1393w, https:\/\/canfali.com\/app\/uploads\/2026\/09\/gatam45-687x1011.png 687w, https:\/\/canfali.com\/app\/uploads\/2026\/09\/gatam45-1399x2058.png 1399w, https:\/\/canfali.com\/app\/uploads\/2026\/09\/gatam45-1920x2823.png 1920w\" sizes=\"(max-width: 1741px) 100vw, 1741px\" \/><\/figure>\n<\/figure>\n\n<p class=\"wp-block-paragraph\">El projecte comptar\u00e0 tamb\u00e9 amb una vessant educativa, amb un curs de composici\u00f3 moderna que es prolongar\u00e0 durant diversos mesos. Jos\u00e9 Monfort, cantant i coordinador esc\u00e8nic, va destacar que esta formaci\u00f3 pret\u00e9n oferir ferramentes als joves per a desenvolupar noves creacions i facilitar posteriorment la seua interpretaci\u00f3.&#13;\n<\/p>\n\n<figure class=\"wp-block-gallery has-nested-images columns-default is-cropped wp-block-gallery-16 is-layout-flex wp-block-gallery-is-layout-flex\">\n<figure class=\"wp-block-image size-large\"><img loading=\"lazy\" decoding=\"async\" width=\"1741\" height=\"2560\" data-id=\"111293\" src=\"https:\/\/canfali.com\/app\/uploads\/2026\/09\/gatam2-scaled.png\" alt=\"\" class=\"wp-image-111293\" srcset=\"https:\/\/canfali.com\/app\/uploads\/2026\/09\/gatam2-scaled.png 1741w, https:\/\/canfali.com\/app\/uploads\/2026\/09\/gatam2-204x300.png 204w, https:\/\/canfali.com\/app\/uploads\/2026\/09\/gatam2-768x1129.png 768w, https:\/\/canfali.com\/app\/uploads\/2026\/09\/gatam2-696x1024.png 696w, https:\/\/canfali.com\/app\/uploads\/2026\/09\/gatam2-1044x1535.png 1044w, https:\/\/canfali.com\/app\/uploads\/2026\/09\/gatam2-1393x2048.png 1393w, https:\/\/canfali.com\/app\/uploads\/2026\/09\/gatam2-332x488.png 332w, https:\/\/canfali.com\/app\/uploads\/2026\/09\/gatam2-664x976.png 664w, https:\/\/canfali.com\/app\/uploads\/2026\/09\/gatam2-687x1011.png 687w, https:\/\/canfali.com\/app\/uploads\/2026\/09\/gatam2-1399x2058.png 1399w, https:\/\/canfali.com\/app\/uploads\/2026\/09\/gatam2-1920x2823-1.png 1920w\" sizes=\"(max-width: 1741px) 100vw, 1741px\" \/><\/figure>\n\n\n\n<figure class=\"wp-block-image size-large\"><img loading=\"lazy\" decoding=\"async\" width=\"1741\" height=\"2560\" data-id=\"111301\" src=\"https:\/\/canfali.com\/app\/uploads\/2026\/09\/gatam3-scaled.png\" alt=\"\" class=\"wp-image-111301\" srcset=\"https:\/\/canfali.com\/app\/uploads\/2026\/09\/gatam3-scaled.png 1741w, https:\/\/canfali.com\/app\/uploads\/2026\/09\/gatam3-204x300.png 204w, https:\/\/canfali.com\/app\/uploads\/2026\/09\/gatam3-768x1129.png 768w, https:\/\/canfali.com\/app\/uploads\/2026\/09\/gatam3-696x1024.png 696w, https:\/\/canfali.com\/app\/uploads\/2026\/09\/gatam3-1044x1535.png 1044w, https:\/\/canfali.com\/app\/uploads\/2026\/09\/gatam3-1393x2048.png 1393w, https:\/\/canfali.com\/app\/uploads\/2026\/09\/gatam3-332x488.png 332w, https:\/\/canfali.com\/app\/uploads\/2026\/09\/gatam3-664x976.png 664w, https:\/\/canfali.com\/app\/uploads\/2026\/09\/gatam3-687x1011.png 687w, https:\/\/canfali.com\/app\/uploads\/2026\/09\/gatam3-1399x2058.png 1399w, https:\/\/canfali.com\/app\/uploads\/2026\/09\/gatam3-1920x2823.png 1920w\" sizes=\"(max-width: 1741px) 100vw, 1741px\" \/><\/figure>\n<\/figure>\n\n<p class=\"wp-block-paragraph\">L\u2019alcalde de Gata, Josep Antoni Signes, va valorar la iniciativa com una oportunitat per a situar el municipi en el mapa de la innovaci\u00f3 cultural i, especialment, per a donar a con\u00e9ixer el talent dels joves del poble i de la Marina Alta.&#13;\n<\/p>\n\n<p class=\"wp-block-paragraph\">Tant el festival com el cicle de concerts seran gratu\u00efts. Gata\u2019m es presenta aix\u00ed com un projecte que arriba per a quedar-se i amb l\u2019objectiu de connectar creaci\u00f3, patrimoni, joventut i territori, i convertir Gata en un espai de trobada per a noves formes d\u2019entendre la cultura.&#13;\n<\/p>\n\n<figure class=\"wp-block-gallery has-nested-images columns-default is-cropped wp-block-gallery-17 is-layout-flex wp-block-gallery-is-layout-flex\">\n<figure class=\"wp-block-image size-large\"><img loading=\"lazy\" decoding=\"async\" width=\"1741\" height=\"2560\" data-id=\"111299\" src=\"https:\/\/canfali.com\/app\/uploads\/2026\/09\/gatam1-scaled.png\" alt=\"\" class=\"wp-image-111299\" srcset=\"https:\/\/canfali.com\/app\/uploads\/2026\/09\/gatam1-scaled.png 1741w, https:\/\/canfali.com\/app\/uploads\/2026\/09\/gatam1-204x300.png 204w, https:\/\/canfali.com\/app\/uploads\/2026\/09\/gatam1-696x1024.png 696w, https:\/\/canfali.com\/app\/uploads\/2026\/09\/gatam1-768x1129.png 768w, https:\/\/canfali.com\/app\/uploads\/2026\/09\/gatam1-332x488.png 332w, https:\/\/canfali.com\/app\/uploads\/2026\/09\/gatam1-1044x1535.png 1044w, https:\/\/canfali.com\/app\/uploads\/2026\/09\/gatam1-664x976.png 664w, https:\/\/canfali.com\/app\/uploads\/2026\/09\/gatam1-687x1011.png 687w, https:\/\/canfali.com\/app\/uploads\/2026\/09\/gatam1-1393x2048.png 1393w, https:\/\/canfali.com\/app\/uploads\/2026\/09\/gatam1-1399x2058.png 1399w, https:\/\/canfali.com\/app\/uploads\/2026\/09\/gatam1-1920x2823.png 1920w\" sizes=\"(max-width: 1741px) 100vw, 1741px\" \/><\/figure>\n\n\n\n<figure class=\"wp-block-image size-large\"><img loading=\"lazy\" decoding=\"async\" width=\"1741\" height=\"2560\" data-id=\"111303\" src=\"https:\/\/canfali.com\/app\/uploads\/2026\/09\/gatam4-scaled.png\" alt=\"\" class=\"wp-image-111303\" srcset=\"https:\/\/canfali.com\/app\/uploads\/2026\/09\/gatam4-scaled.png 1741w, https:\/\/canfali.com\/app\/uploads\/2026\/09\/gatam4-204x300.png 204w, https:\/\/canfali.com\/app\/uploads\/2026\/09\/gatam4-768x1129.png 768w, https:\/\/canfali.com\/app\/uploads\/2026\/09\/gatam4-696x1024.png 696w, https:\/\/canfali.com\/app\/uploads\/2026\/09\/gatam4-1044x1535.png 1044w, https:\/\/canfali.com\/app\/uploads\/2026\/09\/gatam4-1393x2048.png 1393w, https:\/\/canfali.com\/app\/uploads\/2026\/09\/gatam4-332x488.png 332w, https:\/\/canfali.com\/app\/uploads\/2026\/09\/gatam4-664x976.png 664w, https:\/\/canfali.com\/app\/uploads\/2026\/09\/gatam4-687x1011.png 687w, https:\/\/canfali.com\/app\/uploads\/2026\/09\/gatam4-1399x2058.png 1399w, https:\/\/canfali.com\/app\/uploads\/2026\/09\/gatam4-1920x2823-1.png 1920w\" sizes=\"(max-width: 1741px) 100vw, 1741px\" \/><\/figure>\n<\/figure>\n","protected":false},"excerpt":{"rendered":"La primera edici\u00f3 combinar\u00e0 m\u00fasica, instal\u00b7lacions sonores, creaci\u00f3 contempor\u00e0nia, formaci\u00f3 i participaci\u00f3 de joves artistes&#13; Gata ha presentat&hellip;","protected":false},"author":8,"featured_media":111296,"comment_status":"closed","ping_status":"open","sticky":false,"template":"","format":"standard","meta":{"csco_display_header_overlay":false,"csco_singular_sidebar":"","csco_page_header_type":"","csco_page_load_nextpost":"","csco_post_video_location":[],"csco_post_video_location_hash":"","csco_post_video_url":"","csco_post_video_bg_start_time":0,"csco_post_video_bg_end_time":0,"footnotes":""},"categories":[579,597],"tags":[],"poblacion":[],"class_list":["post-111306","post","type-post","status-publish","format-standard","has-post-thumbnail","category-cultura-2","category-cultura-ca-es","cs-entry","cs-video-wrap"],"yoast_head":"<!-- This site is optimized with the Yoast SEO Premium plugin v26.6 (Yoast SEO v27.3) - https:\/\/yoast.com\/product\/yoast-seo-premium-wordpress\/ -->\n<title>Gata\u2019m naix com un festival multidisciplinari per a teixir arrels i posar en valor el talent musical del municipi - Canfali<\/title>\n<meta name=\"description\" content=\"La primera edici\u00f3 combinar\u00e0 m\u00fasica, instal\u00b7lacions sonores, creaci\u00f3 contempor\u00e0nia, formaci\u00f3 i participaci\u00f3 de joves artistes\" \/>\n<meta name=\"robots\" content=\"index, follow, max-snippet:-1, max-image-preview:large, max-video-preview:-1\" \/>\n<link rel=\"canonical\" href=\"https:\/\/canfali.com\/ca-es\/gatam-naix-com-un-festival-multidisciplinari-per-a-teixir-arrels-i-posar-en-valor-el-talent-musical-del-municipi\/\" \/>\n<meta property=\"og:locale\" content=\"en_US\" \/>\n<meta property=\"og:type\" content=\"article\" \/>\n<meta property=\"og:title\" content=\"Gata\u2019m naix com un festival multidisciplinari per a teixir arrels i posar en valor el talent musical del municipi\" \/>\n<meta property=\"og:description\" content=\"La primera edici\u00f3 combinar\u00e0 m\u00fasica, instal\u00b7lacions sonores, creaci\u00f3 contempor\u00e0nia, formaci\u00f3 i participaci\u00f3 de joves artistes\" \/>\n<meta property=\"og:url\" content=\"https:\/\/canfali.com\/ca-es\/gatam-naix-com-un-festival-multidisciplinari-per-a-teixir-arrels-i-posar-en-valor-el-talent-musical-del-municipi\/\" \/>\n<meta property=\"og:site_name\" content=\"Canfali\" \/>\n<meta property=\"article:publisher\" content=\"https:\/\/es-es.facebook.com\/CANFALIMarinaAlta\" \/>\n<meta property=\"article:published_time\" content=\"2026-09-03T13:19:18+00:00\" \/>\n<meta property=\"article:modified_time\" content=\"2026-09-03T13:21:24+00:00\" \/>\n<meta property=\"og:image\" content=\"https:\/\/canfali.com\/app\/uploads\/2026\/09\/IMG_6249-scaled.jpg\" \/>\n\t<meta property=\"og:image:width\" content=\"1024\" \/>\n\t<meta property=\"og:image:height\" content=\"683\" \/>\n\t<meta property=\"og:image:type\" content=\"image\/jpeg\" \/>\n<meta name=\"author\" content=\"Lluis\" \/>\n<meta name=\"twitter:card\" content=\"summary_large_image\" \/>\n<meta name=\"twitter:creator\" content=\"@canfalima\" \/>\n<meta name=\"twitter:site\" content=\"@canfalima\" \/>\n<meta name=\"twitter:label1\" content=\"Written by\" \/>\n\t<meta name=\"twitter:data1\" content=\"Lluis\" \/>\n\t<meta name=\"twitter:label2\" content=\"Est. reading time\" \/>\n\t<meta name=\"twitter:data2\" content=\"2 minutes\" \/>\n<script type=\"application\/ld+json\" class=\"yoast-schema-graph\">{\"@context\":\"https:\\\/\\\/schema.org\",\"@graph\":[{\"@type\":\"NewsArticle\",\"@id\":\"https:\\\/\\\/canfali.com\\\/ca-es\\\/gatam-naix-com-un-festival-multidisciplinari-per-a-teixir-arrels-i-posar-en-valor-el-talent-musical-del-municipi\\\/#article\",\"isPartOf\":{\"@id\":\"https:\\\/\\\/canfali.com\\\/ca-es\\\/gatam-naix-com-un-festival-multidisciplinari-per-a-teixir-arrels-i-posar-en-valor-el-talent-musical-del-municipi\\\/\"},\"author\":{\"name\":\"Lluis\",\"@id\":\"https:\\\/\\\/canfali.com\\\/ca-es\\\/#\\\/schema\\\/person\\\/f540a86fb33e10daaae53c59ceaa1194\"},\"headline\":\"Gata\u2019m naix com un festival multidisciplinari per a teixir arrels i posar en valor el talent musical del municipi\",\"datePublished\":\"2026-09-03T13:19:18+00:00\",\"dateModified\":\"2026-09-03T13:21:24+00:00\",\"mainEntityOfPage\":{\"@id\":\"https:\\\/\\\/canfali.com\\\/ca-es\\\/gatam-naix-com-un-festival-multidisciplinari-per-a-teixir-arrels-i-posar-en-valor-el-talent-musical-del-municipi\\\/\"},\"wordCount\":516,\"publisher\":{\"@id\":\"https:\\\/\\\/canfali.com\\\/ca-es\\\/#organization\"},\"image\":{\"@id\":\"https:\\\/\\\/canfali.com\\\/ca-es\\\/gatam-naix-com-un-festival-multidisciplinari-per-a-teixir-arrels-i-posar-en-valor-el-talent-musical-del-municipi\\\/#primaryimage\"},\"thumbnailUrl\":\"https:\\\/\\\/canfali.com\\\/app\\\/uploads\\\/2026\\\/09\\\/IMG_6249-scaled.jpg\",\"articleSection\":[\"Cultura\",\"Cultura\"],\"inLanguage\":\"va-ES\",\"copyrightYear\":\"2026\",\"copyrightHolder\":{\"@id\":\"https:\\\/\\\/canfali.com\\\/#organization\"}},{\"@type\":\"WebPage\",\"@id\":\"https:\\\/\\\/canfali.com\\\/ca-es\\\/gatam-naix-com-un-festival-multidisciplinari-per-a-teixir-arrels-i-posar-en-valor-el-talent-musical-del-municipi\\\/\",\"url\":\"https:\\\/\\\/canfali.com\\\/ca-es\\\/gatam-naix-com-un-festival-multidisciplinari-per-a-teixir-arrels-i-posar-en-valor-el-talent-musical-del-municipi\\\/\",\"name\":\"Gata\u2019m naix com un festival multidisciplinari per a teixir arrels i posar en valor el talent musical del municipi - Canfali\",\"isPartOf\":{\"@id\":\"https:\\\/\\\/canfali.com\\\/ca-es\\\/#website\"},\"primaryImageOfPage\":{\"@id\":\"https:\\\/\\\/canfali.com\\\/ca-es\\\/gatam-naix-com-un-festival-multidisciplinari-per-a-teixir-arrels-i-posar-en-valor-el-talent-musical-del-municipi\\\/#primaryimage\"},\"image\":{\"@id\":\"https:\\\/\\\/canfali.com\\\/ca-es\\\/gatam-naix-com-un-festival-multidisciplinari-per-a-teixir-arrels-i-posar-en-valor-el-talent-musical-del-municipi\\\/#primaryimage\"},\"thumbnailUrl\":\"https:\\\/\\\/canfali.com\\\/app\\\/uploads\\\/2026\\\/09\\\/IMG_6249-scaled.jpg\",\"datePublished\":\"2026-09-03T13:19:18+00:00\",\"dateModified\":\"2026-09-03T13:21:24+00:00\",\"description\":\"La primera edici\u00f3 combinar\u00e0 m\u00fasica, instal\u00b7lacions sonores, creaci\u00f3 contempor\u00e0nia, formaci\u00f3 i participaci\u00f3 de joves artistes\",\"breadcrumb\":{\"@id\":\"https:\\\/\\\/canfali.com\\\/ca-es\\\/gatam-naix-com-un-festival-multidisciplinari-per-a-teixir-arrels-i-posar-en-valor-el-talent-musical-del-municipi\\\/#breadcrumb\"},\"inLanguage\":\"va-ES\",\"potentialAction\":[{\"@type\":\"ReadAction\",\"target\":[\"https:\\\/\\\/canfali.com\\\/ca-es\\\/gatam-naix-com-un-festival-multidisciplinari-per-a-teixir-arrels-i-posar-en-valor-el-talent-musical-del-municipi\\\/\"]}]},{\"@type\":\"ImageObject\",\"inLanguage\":\"va-ES\",\"@id\":\"https:\\\/\\\/canfali.com\\\/ca-es\\\/gatam-naix-com-un-festival-multidisciplinari-per-a-teixir-arrels-i-posar-en-valor-el-talent-musical-del-municipi\\\/#primaryimage\",\"url\":\"https:\\\/\\\/canfali.com\\\/app\\\/uploads\\\/2026\\\/09\\\/IMG_6249-scaled.jpg\",\"contentUrl\":\"https:\\\/\\\/canfali.com\\\/app\\\/uploads\\\/2026\\\/09\\\/IMG_6249-scaled.jpg\",\"width\":6000,\"height\":4000},{\"@type\":\"BreadcrumbList\",\"@id\":\"https:\\\/\\\/canfali.com\\\/ca-es\\\/gatam-naix-com-un-festival-multidisciplinari-per-a-teixir-arrels-i-posar-en-valor-el-talent-musical-del-municipi\\\/#breadcrumb\",\"itemListElement\":[{\"@type\":\"ListItem\",\"position\":1,\"name\":\"Portada\",\"item\":\"https:\\\/\\\/canfali.com\\\/ca-es\\\/\"},{\"@type\":\"ListItem\",\"position\":2,\"name\":\"Gata\u2019m naix com un festival multidisciplinari per a teixir arrels i posar en valor el talent musical del municipi\"}]},{\"@type\":\"WebSite\",\"@id\":\"https:\\\/\\\/canfali.com\\\/ca-es\\\/#website\",\"url\":\"https:\\\/\\\/canfali.com\\\/ca-es\\\/\",\"name\":\"Canfali\",\"description\":\"\",\"publisher\":{\"@id\":\"https:\\\/\\\/canfali.com\\\/ca-es\\\/#organization\"},\"potentialAction\":[{\"@type\":\"SearchAction\",\"target\":{\"@type\":\"EntryPoint\",\"urlTemplate\":\"https:\\\/\\\/canfali.com\\\/ca-es\\\/?s={search_term_string}\"},\"query-input\":{\"@type\":\"PropertyValueSpecification\",\"valueRequired\":true,\"valueName\":\"search_term_string\"}}],\"inLanguage\":\"va-ES\"},{\"@type\":\"Organization\",\"@id\":\"https:\\\/\\\/canfali.com\\\/ca-es\\\/#organization\",\"name\":\"Canfali\",\"url\":\"https:\\\/\\\/canfali.com\\\/ca-es\\\/\",\"logo\":{\"@type\":\"ImageObject\",\"inLanguage\":\"va-ES\",\"@id\":\"https:\\\/\\\/canfali.com\\\/ca-es\\\/#\\\/schema\\\/logo\\\/image\\\/\",\"url\":\"https:\\\/\\\/canfali.com\\\/app\\\/uploads\\\/2025\\\/12\\\/canfali_marina_alta_logo.png\",\"contentUrl\":\"https:\\\/\\\/canfali.com\\\/app\\\/uploads\\\/2025\\\/12\\\/canfali_marina_alta_logo.png\",\"width\":225,\"height\":225,\"caption\":\"Canfali\"},\"image\":{\"@id\":\"https:\\\/\\\/canfali.com\\\/ca-es\\\/#\\\/schema\\\/logo\\\/image\\\/\"},\"sameAs\":[\"https:\\\/\\\/es-es.facebook.com\\\/CANFALIMarinaAlta\",\"https:\\\/\\\/x.com\\\/canfalima\",\"https:\\\/\\\/www.instagram.com\\\/canfalimarinaalta\\\/\"]},{\"@type\":\"Person\",\"@id\":\"https:\\\/\\\/canfali.com\\\/ca-es\\\/#\\\/schema\\\/person\\\/f540a86fb33e10daaae53c59ceaa1194\",\"name\":\"Lluis\",\"image\":{\"@type\":\"ImageObject\",\"inLanguage\":\"va-ES\",\"@id\":\"https:\\\/\\\/secure.gravatar.com\\\/avatar\\\/a21ec8835290e4e02ed0886b8cb327d807d0eb6ec8ccf25d4c2a0a415f506c0d?s=96&d=mm&r=g\",\"url\":\"https:\\\/\\\/secure.gravatar.com\\\/avatar\\\/a21ec8835290e4e02ed0886b8cb327d807d0eb6ec8ccf25d4c2a0a415f506c0d?s=96&d=mm&r=g\",\"contentUrl\":\"https:\\\/\\\/secure.gravatar.com\\\/avatar\\\/a21ec8835290e4e02ed0886b8cb327d807d0eb6ec8ccf25d4c2a0a415f506c0d?s=96&d=mm&r=g\",\"caption\":\"Lluis\"},\"url\":\"https:\\\/\\\/canfali.com\\\/ca-es\\\/author\\\/lluis\\\/\"}]}<\/script>\n<!-- \/ Yoast SEO Premium plugin. -->","yoast_head_json":{"title":"Gata\u2019m naix com un festival multidisciplinari per a teixir arrels i posar en valor el talent musical del municipi - Canfali","description":"La primera edici\u00f3 combinar\u00e0 m\u00fasica, instal\u00b7lacions sonores, creaci\u00f3 contempor\u00e0nia, formaci\u00f3 i participaci\u00f3 de joves artistes","robots":{"index":"index","follow":"follow","max-snippet":"max-snippet:-1","max-image-preview":"max-image-preview:large","max-video-preview":"max-video-preview:-1"},"canonical":"https:\/\/canfali.com\/ca-es\/gatam-naix-com-un-festival-multidisciplinari-per-a-teixir-arrels-i-posar-en-valor-el-talent-musical-del-municipi\/","og_locale":"en_US","og_type":"article","og_title":"Gata\u2019m naix com un festival multidisciplinari per a teixir arrels i posar en valor el talent musical del municipi","og_description":"La primera edici\u00f3 combinar\u00e0 m\u00fasica, instal\u00b7lacions sonores, creaci\u00f3 contempor\u00e0nia, formaci\u00f3 i participaci\u00f3 de joves artistes","og_url":"https:\/\/canfali.com\/ca-es\/gatam-naix-com-un-festival-multidisciplinari-per-a-teixir-arrels-i-posar-en-valor-el-talent-musical-del-municipi\/","og_site_name":"Canfali","article_publisher":"https:\/\/es-es.facebook.com\/CANFALIMarinaAlta","article_published_time":"2026-09-03T13:19:18+00:00","article_modified_time":"2026-09-03T13:21:24+00:00","og_image":[{"url":"https:\/\/canfali.com\/app\/uploads\/2026\/09\/IMG_6249-scaled.jpg","width":1024,"height":683,"type":"image\/jpeg"}],"author":"Lluis","twitter_card":"summary_large_image","twitter_creator":"@canfalima","twitter_site":"@canfalima","twitter_misc":{"Written by":"Lluis","Est. reading time":"2 minutes"},"schema":{"@context":"https:\/\/schema.org","@graph":[{"@type":"NewsArticle","@id":"https:\/\/canfali.com\/ca-es\/gatam-naix-com-un-festival-multidisciplinari-per-a-teixir-arrels-i-posar-en-valor-el-talent-musical-del-municipi\/#article","isPartOf":{"@id":"https:\/\/canfali.com\/ca-es\/gatam-naix-com-un-festival-multidisciplinari-per-a-teixir-arrels-i-posar-en-valor-el-talent-musical-del-municipi\/"},"author":{"name":"Lluis","@id":"https:\/\/canfali.com\/ca-es\/#\/schema\/person\/f540a86fb33e10daaae53c59ceaa1194"},"headline":"Gata\u2019m naix com un festival multidisciplinari per a teixir arrels i posar en valor el talent musical del municipi","datePublished":"2026-09-03T13:19:18+00:00","dateModified":"2026-09-03T13:21:24+00:00","mainEntityOfPage":{"@id":"https:\/\/canfali.com\/ca-es\/gatam-naix-com-un-festival-multidisciplinari-per-a-teixir-arrels-i-posar-en-valor-el-talent-musical-del-municipi\/"},"wordCount":516,"publisher":{"@id":"https:\/\/canfali.com\/ca-es\/#organization"},"image":{"@id":"https:\/\/canfali.com\/ca-es\/gatam-naix-com-un-festival-multidisciplinari-per-a-teixir-arrels-i-posar-en-valor-el-talent-musical-del-municipi\/#primaryimage"},"thumbnailUrl":"https:\/\/canfali.com\/app\/uploads\/2026\/09\/IMG_6249-scaled.jpg","articleSection":["Cultura","Cultura"],"inLanguage":"va-ES","copyrightYear":"2026","copyrightHolder":{"@id":"https:\/\/canfali.com\/#organization"}},{"@type":"WebPage","@id":"https:\/\/canfali.com\/ca-es\/gatam-naix-com-un-festival-multidisciplinari-per-a-teixir-arrels-i-posar-en-valor-el-talent-musical-del-municipi\/","url":"https:\/\/canfali.com\/ca-es\/gatam-naix-com-un-festival-multidisciplinari-per-a-teixir-arrels-i-posar-en-valor-el-talent-musical-del-municipi\/","name":"Gata\u2019m naix com un festival multidisciplinari per a teixir arrels i posar en valor el talent musical del municipi - Canfali","isPartOf":{"@id":"https:\/\/canfali.com\/ca-es\/#website"},"primaryImageOfPage":{"@id":"https:\/\/canfali.com\/ca-es\/gatam-naix-com-un-festival-multidisciplinari-per-a-teixir-arrels-i-posar-en-valor-el-talent-musical-del-municipi\/#primaryimage"},"image":{"@id":"https:\/\/canfali.com\/ca-es\/gatam-naix-com-un-festival-multidisciplinari-per-a-teixir-arrels-i-posar-en-valor-el-talent-musical-del-municipi\/#primaryimage"},"thumbnailUrl":"https:\/\/canfali.com\/app\/uploads\/2026\/09\/IMG_6249-scaled.jpg","datePublished":"2026-09-03T13:19:18+00:00","dateModified":"2026-09-03T13:21:24+00:00","description":"La primera edici\u00f3 combinar\u00e0 m\u00fasica, instal\u00b7lacions sonores, creaci\u00f3 contempor\u00e0nia, formaci\u00f3 i participaci\u00f3 de joves artistes","breadcrumb":{"@id":"https:\/\/canfali.com\/ca-es\/gatam-naix-com-un-festival-multidisciplinari-per-a-teixir-arrels-i-posar-en-valor-el-talent-musical-del-municipi\/#breadcrumb"},"inLanguage":"va-ES","potentialAction":[{"@type":"ReadAction","target":["https:\/\/canfali.com\/ca-es\/gatam-naix-com-un-festival-multidisciplinari-per-a-teixir-arrels-i-posar-en-valor-el-talent-musical-del-municipi\/"]}]},{"@type":"ImageObject","inLanguage":"va-ES","@id":"https:\/\/canfali.com\/ca-es\/gatam-naix-com-un-festival-multidisciplinari-per-a-teixir-arrels-i-posar-en-valor-el-talent-musical-del-municipi\/#primaryimage","url":"https:\/\/canfali.com\/app\/uploads\/2026\/09\/IMG_6249-scaled.jpg","contentUrl":"https:\/\/canfali.com\/app\/uploads\/2026\/09\/IMG_6249-scaled.jpg","width":6000,"height":4000},{"@type":"BreadcrumbList","@id":"https:\/\/canfali.com\/ca-es\/gatam-naix-com-un-festival-multidisciplinari-per-a-teixir-arrels-i-posar-en-valor-el-talent-musical-del-municipi\/#breadcrumb","itemListElement":[{"@type":"ListItem","position":1,"name":"Portada","item":"https:\/\/canfali.com\/ca-es\/"},{"@type":"ListItem","position":2,"name":"Gata\u2019m naix com un festival multidisciplinari per a teixir arrels i posar en valor el talent musical del municipi"}]},{"@type":"WebSite","@id":"https:\/\/canfali.com\/ca-es\/#website","url":"https:\/\/canfali.com\/ca-es\/","name":"Canfali","description":"","publisher":{"@id":"https:\/\/canfali.com\/ca-es\/#organization"},"potentialAction":[{"@type":"SearchAction","target":{"@type":"EntryPoint","urlTemplate":"https:\/\/canfali.com\/ca-es\/?s={search_term_string}"},"query-input":{"@type":"PropertyValueSpecification","valueRequired":true,"valueName":"search_term_string"}}],"inLanguage":"va-ES"},{"@type":"Organization","@id":"https:\/\/canfali.com\/ca-es\/#organization","name":"Canfali","url":"https:\/\/canfali.com\/ca-es\/","logo":{"@type":"ImageObject","inLanguage":"va-ES","@id":"https:\/\/canfali.com\/ca-es\/#\/schema\/logo\/image\/","url":"https:\/\/canfali.com\/app\/uploads\/2025\/12\/canfali_marina_alta_logo.png","contentUrl":"https:\/\/canfali.com\/app\/uploads\/2025\/12\/canfali_marina_alta_logo.png","width":225,"height":225,"caption":"Canfali"},"image":{"@id":"https:\/\/canfali.com\/ca-es\/#\/schema\/logo\/image\/"},"sameAs":["https:\/\/es-es.facebook.com\/CANFALIMarinaAlta","https:\/\/x.com\/canfalima","https:\/\/www.instagram.com\/canfalimarinaalta\/"]},{"@type":"Person","@id":"https:\/\/canfali.com\/ca-es\/#\/schema\/person\/f540a86fb33e10daaae53c59ceaa1194","name":"Lluis","image":{"@type":"ImageObject","inLanguage":"va-ES","@id":"https:\/\/secure.gravatar.com\/avatar\/a21ec8835290e4e02ed0886b8cb327d807d0eb6ec8ccf25d4c2a0a415f506c0d?s=96&d=mm&r=g","url":"https:\/\/secure.gravatar.com\/avatar\/a21ec8835290e4e02ed0886b8cb327d807d0eb6ec8ccf25d4c2a0a415f506c0d?s=96&d=mm&r=g","contentUrl":"https:\/\/secure.gravatar.com\/avatar\/a21ec8835290e4e02ed0886b8cb327d807d0eb6ec8ccf25d4c2a0a415f506c0d?s=96&d=mm&r=g","caption":"Lluis"},"url":"https:\/\/canfali.com\/ca-es\/author\/lluis\/"}]}},"_links":{"self":[{"href":"https:\/\/canfali.com\/ca-es\/wp-json\/wp\/v2\/posts\/111306","targetHints":{"allow":["GET"]}}],"collection":[{"href":"https:\/\/canfali.com\/ca-es\/wp-json\/wp\/v2\/posts"}],"about":[{"href":"https:\/\/canfali.com\/ca-es\/wp-json\/wp\/v2\/types\/post"}],"author":[{"embeddable":true,"href":"https:\/\/canfali.com\/ca-es\/wp-json\/wp\/v2\/users\/8"}],"replies":[{"embeddable":true,"href":"https:\/\/canfali.com\/ca-es\/wp-json\/wp\/v2\/comments?post=111306"}],"version-history":[{"count":1,"href":"https:\/\/canfali.com\/ca-es\/wp-json\/wp\/v2\/posts\/111306\/revisions"}],"predecessor-version":[{"id":111307,"href":"https:\/\/canfali.com\/ca-es\/wp-json\/wp\/v2\/posts\/111306\/revisions\/111307"}],"wp:featuredmedia":[{"embeddable":true,"href":"https:\/\/canfali.com\/ca-es\/wp-json\/wp\/v2\/media\/111296"}],"wp:attachment":[{"href":"https:\/\/canfali.com\/ca-es\/wp-json\/wp\/v2\/media?parent=111306"}],"wp:term":[{"taxonomy":"category","embeddable":true,"href":"https:\/\/canfali.com\/ca-es\/wp-json\/wp\/v2\/categories?post=111306"},{"taxonomy":"post_tag","embeddable":true,"href":"https:\/\/canfali.com\/ca-es\/wp-json\/wp\/v2\/tags?post=111306"},{"taxonomy":"poblacion","embeddable":true,"href":"https:\/\/canfali.com\/ca-es\/wp-json\/wp\/v2\/poblacion?post=111306"}],"curies":[{"name":"wp","href":"https:\/\/api.w.org\/{rel}","templated":true}]}}